{"id":961,"date":"2020-04-29T05:07:47","date_gmt":"2020-04-29T08:07:47","guid":{"rendered":"http:\/\/ocoerente.com.br\/se\/?p=961"},"modified":"2020-04-29T05:07:47","modified_gmt":"2020-04-29T08:07:47","slug":"prefeitura-cria-central-de-regulacao-de-leitos-e-otimiza-atendimento-de-retaguarda-da-covid-19","status":"publish","type":"post","link":"https:\/\/ocoerente.com.br\/se\/2020\/04\/29\/prefeitura-cria-central-de-regulacao-de-leitos-e-otimiza-atendimento-de-retaguarda-da-covid-19\/","title":{"rendered":"Prefeitura cria Central de Regula\u00e7\u00e3o de Leitos e otimiza atendimento de retaguarda da covid-19"},"content":{"rendered":"<p>Para o atendimento espec\u00edfico de pacientes com covid-19 que necessitem de internamento, a Prefeitura de Aracaju, atrav\u00e9s da Secretaria Municipal da Sa\u00fade (SMS), vem estruturando mais de 200 leitos de retaguarda, os quais, a partir desta semana, est\u00e3o sendo administrados pela Central de Regula\u00e7\u00e3o de Leitos da SMS.<\/p>\n<p>Dos leitos estruturados, j\u00e1 est\u00e3o em funcionamento os sete leitos da UPA Fernando Franco, 20 leitos contratados no Hospital S\u00e3o Jos\u00e9, 20 leitos no pr\u00e9dio do Centro de Apoio Psicossocial (Caps) Jael Patr\u00edcio de Lima e os 30 leitos no Hospital Universit\u00e1rio da Universidade Federal de Sergipe (HU-UFS), sendo 14 de Unidade de Terapia Intensiva (UTI) e 16 de enfermaria de retaguarda. Ainda est\u00e3o previstos sete leitos na UPA Nestor Piva e mais 152 leitos que funcionar\u00e3o no Centro de Atendimento Provis\u00f3rio, o hospital de campanha.<\/p>\n<p>\u201cDiante do avan\u00e7o no n\u00famero de casos confirmados e j\u00e1 pensando na necessidade de internamento de alguns desses, entendemos que a cria\u00e7\u00e3o dessa Central de Regula\u00e7\u00e3o de Leitos ir\u00e1 nos auxiliar no sentido de termos uma no\u00e7\u00e3o real do que o sistema disp\u00f5e. A partir das solicita\u00e7\u00f5es, o m\u00e9dico regulador visualizar\u00e1 os casos de acordo com o n\u00edvel de prioridade e ter\u00e1 condi\u00e7\u00f5es de direcionar de forma mais precisa o paciente de acordo com o leito, e esse sistema funcionar\u00e1 tanto para os leitos j\u00e1 dispon\u00edveis, quanto para os que est\u00e3o sendo montados no hospital de campanha\u201d, explica a secret\u00e1ria da Sa\u00fade de Aracaju, Waneska Barboza.<\/p>\n<p>Atualmente, o paciente com sintomas de s\u00edndrome gripal ou que se configura como caso suspeito de covid-19 tem duas portas de acesso: pela Unidade B\u00e1sica de Sa\u00fade &#8211; atrav\u00e9s das oito unidades de refer\u00eancia -, ou atrav\u00e9s dos servi\u00e7os de urg\u00eancia, pelo Hospital Fernando Franco ou Nestor Piva.<\/p>\n<p>Conforme explica a coordenadora da Regula\u00e7\u00e3o de Leitos de Aracaju, Talita Siqueira, a partir do momento em que o paciente entra por um desses acessos e precisa ser internado, com caso suspeito ou confirmado de covid-19, o m\u00e9dico vai fazer a solicita\u00e7\u00e3o de vaga.<\/p>\n<p>\u201cQuando o m\u00e9dico da unidade faz a solicita\u00e7\u00e3o, esse pedido chega na Central atrav\u00e9s do Sistema IDS, e o m\u00e9dico regulador vai avaliar, classificar a prioridade, ver qual o perfil desse paciente e para qual unidade de retaguarda ele vai\u201d, afirma a coordenadora da Regula\u00e7\u00e3o.<\/p>\n<p>De acordo com Talita, essa equipe da Central de Regula\u00e7\u00e3o de Leitos de Aracaju \u00e9 composta de m\u00e9dicos e enfermeiros que j\u00e1 faziam parte do N\u00facleo de Controle, Avalia\u00e7\u00e3o e Regula\u00e7\u00e3o (Nucar) da SMS e ir\u00e3o atuar de maneira que o servi\u00e7o de regula\u00e7\u00e3o funcione 24h. S\u00e3o esses profissionais que ir\u00e3o receber as solicita\u00e7\u00f5es de vagas de leitos e destinar\u00e3o, via sistema, para onde o paciente ser\u00e1 encaminhado.<\/p>\n<p>\u201cO primeiro passo para ele solicitar a vaga \u00e9 preencher o formul\u00e1rio, sinalizando se \u00e9 para leito de enfermaria ou UTI. Ap\u00f3s o preenchimento, o paciente vai ser direcionado para uma classifica\u00e7\u00e3o de prioridade nas cores verde, amarelo ou vermelho. Quando chega a solicita\u00e7\u00e3o no sistema, o m\u00e9dico regulador j\u00e1 visualiza a classifica\u00e7\u00e3o do paciente, iniciando a regula\u00e7\u00e3o pelos pacientes vermelhos, que ser\u00e3o classificados como os casos mais cr\u00edticos\u201d, detalhou a coordenadora, explicando que ap\u00f3s a devolutiva com a libera\u00e7\u00e3o do leito, o m\u00e9dico solicitante j\u00e1 recebe a informa\u00e7\u00e3o sobre para qual o unidade e leito que o paciente ser\u00e1 deslocado.<\/p>\n<p>Servi\u00e7o ativo<\/p>\n<p>Para os pacientes que necessitarem de interna\u00e7\u00e3o em leitos de enfermaria ou ainda casos com quadro de sa\u00fade mais est\u00e1vel, o transporte do paciente ser\u00e1 realizado pela ambul\u00e2ncia disponibilizada pela pr\u00f3pria Secretaria Municipal da Sa\u00fade. \u201cSe for um caso mais grave, que precise de uma ambul\u00e2ncia avan\u00e7ada com equipe completa de m\u00e9dico, enfermeiro, t\u00e9cnico e condutor, j\u00e1 \u00e9 com o SAMU, visto que s\u00e3o pacientes mais cr\u00edticos\u201d, ressalta Talita Siqueira.<\/p>\n<p>A Central de Regula\u00e7\u00e3o de Leitos de Aracaju j\u00e1 est\u00e1 ativa e realizou a primeira transfer\u00eancia nesta segunda-feira (27) &#8211; um paciente acolhido no Hospital Fernando Franco, que foi transferido para um dos 20 leitos contratados no Hospital S\u00e3o Jos\u00e9.<\/p>\n<p>\u201cA vantagem de Aracaju estar com essa Central de Regula\u00e7\u00e3o de Leitos \u00e9 que consegue otimizar essas transfer\u00eancias com mais autonomia, onde conseguimos acompanhar em tempo real o que temos dispon\u00edvel e qual a nossa necessidade no momento. Al\u00e9m de termos a retaguarda de leitos cr\u00edticos para direcionar esses pacientes\u201d, avalia a coordenadora da Regula\u00e7\u00e3o de Leitos de Aracaju.<\/p>\n<p>Alinhar protocolos<\/p>\n<p>Acompanhada da equipe do N\u00facleo de Controle, Avalia\u00e7\u00e3o e Regula\u00e7\u00e3o (Nucar) da SMS, a secret\u00e1ria Waneska Barboza apresentou nesta segunda (27) \u00e0s entidades m\u00e9dicas e equipe t\u00e9cnica da Secretaria Estadual da Sa\u00fade (SES) o protocolo de regula\u00e7\u00e3o criado pela Sa\u00fade de Aracaju para ocupa\u00e7\u00e3o dos leitos de retaguarda da covid-19 na capital, com o objetivo de alinhar protocolos de atendimento no enfrentamento da pandemia.<\/p>\n<p>Aracaju &#8211; Sa\u00fade<\/p>\n","protected":false},"excerpt":{"rendered":"<p>Para o atendimento espec\u00edfico de pacientes com covid-19 que necessitem de internamento, a Prefeitura de Aracaju, atrav\u00e9s da Secretaria Municipal da Sa\u00fade (SMS), vem estruturando mais de 200 leitos de retaguarda, os quais, a partir desta semana, est\u00e3o sendo administrados pela Central de Regula\u00e7\u00e3o de Leitos da SMS. Dos leitos estruturados, j\u00e1 est\u00e3o em funcionamento [&hellip;]<\/p>\n","protected":false},"author":1,"featured_media":962,"comment_status":"closed","ping_status":"closed","sticky":false,"template":"","format":"standard","meta":{"footnotes":""},"categories":[53,54],"tags":[],"class_list":["post-961","post","type-post","status-publish","format-standard","has-post-thumbnail","hentry","category-destaques","category-saude"],"yoast_head":"<!-- This site is optimized with the Yoast SEO plugin v27.5 - https:\/\/yoast.com\/product\/yoast-seo-wordpress\/ -->\n<title>Prefeitura cria Central de Regula\u00e7\u00e3o de Leitos e otimiza atendimento de retaguarda da covid-19 - O Coerente<\/title>\n<meta name=\"robots\" content=\"index, follow, max-snippet:-1, max-image-preview:large, max-video-preview:-1\" \/>\n<link rel=\"canonical\" href=\"https:\/\/ocoerente.com.br\/se\/2020\/04\/29\/prefeitura-cria-central-de-regulacao-de-leitos-e-otimiza-atendimento-de-retaguarda-da-covid-19\/\" \/>\n<meta property=\"og:locale\" content=\"pt_BR\" \/>\n<meta property=\"og:type\" content=\"article\" \/>\n<meta property=\"og:title\" content=\"Prefeitura cria Central de Regula\u00e7\u00e3o de Leitos e otimiza atendimento de retaguarda da covid-19 - O Coerente\" \/>\n<meta property=\"og:description\" content=\"Para o atendimento espec\u00edfico de pacientes com covid-19 que necessitem de internamento, a Prefeitura de Aracaju, atrav\u00e9s da Secretaria Municipal da Sa\u00fade (SMS), vem estruturando mais de 200 leitos de retaguarda, os quais, a partir desta semana, est\u00e3o sendo administrados pela Central de Regula\u00e7\u00e3o de Leitos da SMS. Dos leitos estruturados, j\u00e1 est\u00e3o em funcionamento [&hellip;]\" \/>\n<meta property=\"og:url\" content=\"https:\/\/ocoerente.com.br\/se\/2020\/04\/29\/prefeitura-cria-central-de-regulacao-de-leitos-e-otimiza-atendimento-de-retaguarda-da-covid-19\/\" \/>\n<meta property=\"og:site_name\" content=\"O Coerente\" \/>\n<meta property=\"article:published_time\" content=\"2020-04-29T08:07:47+00:00\" \/>\n<meta property=\"og:image\" content=\"https:\/\/ocoerente.com.br\/se\/wp-content\/uploads\/2020\/04\/ebca2cbe_4aff_4406_a74c_16b6060453b4.jpg\" \/>\n\t<meta property=\"og:image:width\" content=\"1000\" \/>\n\t<meta property=\"og:image:height\" content=\"667\" \/>\n\t<meta property=\"og:image:type\" content=\"image\/jpeg\" \/>\n<meta name=\"author\" content=\"Reda\u00e7\u00e3o\" \/>\n<meta name=\"twitter:card\" content=\"summary_large_image\" \/>\n<meta name=\"twitter:label1\" content=\"Escrito por\" \/>\n\t<meta name=\"twitter:data1\" content=\"Reda\u00e7\u00e3o\" \/>\n\t<meta name=\"twitter:label2\" content=\"Est. tempo de leitura\" \/>\n\t<meta name=\"twitter:data2\" content=\"4 minutos\" \/>\n<script type=\"application\/ld+json\" class=\"yoast-schema-graph\">{\"@context\":\"https:\\\/\\\/schema.org\",\"@graph\":[{\"@type\":\"Article\",\"@id\":\"https:\\\/\\\/ocoerente.com.br\\\/se\\\/2020\\\/04\\\/29\\\/prefeitura-cria-central-de-regulacao-de-leitos-e-otimiza-atendimento-de-retaguarda-da-covid-19\\\/#article\",\"isPartOf\":{\"@id\":\"https:\\\/\\\/ocoerente.com.br\\\/se\\\/2020\\\/04\\\/29\\\/prefeitura-cria-central-de-regulacao-de-leitos-e-otimiza-atendimento-de-retaguarda-da-covid-19\\\/\"},\"author\":{\"name\":\"Reda\u00e7\u00e3o\",\"@id\":\"https:\\\/\\\/ocoerente.com.br\\\/se\\\/#\\\/schema\\\/person\\\/cc6bfd9fbca465e23543b0c963d8d037\"},\"headline\":\"Prefeitura cria Central de Regula\u00e7\u00e3o de Leitos e otimiza atendimento de retaguarda da covid-19\",\"datePublished\":\"2020-04-29T08:07:47+00:00\",\"mainEntityOfPage\":{\"@id\":\"https:\\\/\\\/ocoerente.com.br\\\/se\\\/2020\\\/04\\\/29\\\/prefeitura-cria-central-de-regulacao-de-leitos-e-otimiza-atendimento-de-retaguarda-da-covid-19\\\/\"},\"wordCount\":887,\"publisher\":{\"@id\":\"https:\\\/\\\/ocoerente.com.br\\\/se\\\/#\\\/schema\\\/person\\\/cc6bfd9fbca465e23543b0c963d8d037\"},\"image\":{\"@id\":\"https:\\\/\\\/ocoerente.com.br\\\/se\\\/2020\\\/04\\\/29\\\/prefeitura-cria-central-de-regulacao-de-leitos-e-otimiza-atendimento-de-retaguarda-da-covid-19\\\/#primaryimage\"},\"thumbnailUrl\":\"https:\\\/\\\/ocoerente.com.br\\\/se\\\/wp-content\\\/uploads\\\/2020\\\/04\\\/ebca2cbe_4aff_4406_a74c_16b6060453b4.jpg\",\"articleSection\":[\"Destaques\",\"Sa\u00fade\"],\"inLanguage\":\"pt-BR\"},{\"@type\":\"WebPage\",\"@id\":\"https:\\\/\\\/ocoerente.com.br\\\/se\\\/2020\\\/04\\\/29\\\/prefeitura-cria-central-de-regulacao-de-leitos-e-otimiza-atendimento-de-retaguarda-da-covid-19\\\/\",\"url\":\"https:\\\/\\\/ocoerente.com.br\\\/se\\\/2020\\\/04\\\/29\\\/prefeitura-cria-central-de-regulacao-de-leitos-e-otimiza-atendimento-de-retaguarda-da-covid-19\\\/\",\"name\":\"Prefeitura cria Central de Regula\u00e7\u00e3o de Leitos e otimiza atendimento de retaguarda da covid-19 - O Coerente\",\"isPartOf\":{\"@id\":\"https:\\\/\\\/ocoerente.com.br\\\/se\\\/#website\"},\"primaryImageOfPage\":{\"@id\":\"https:\\\/\\\/ocoerente.com.br\\\/se\\\/2020\\\/04\\\/29\\\/prefeitura-cria-central-de-regulacao-de-leitos-e-otimiza-atendimento-de-retaguarda-da-covid-19\\\/#primaryimage\"},\"image\":{\"@id\":\"https:\\\/\\\/ocoerente.com.br\\\/se\\\/2020\\\/04\\\/29\\\/prefeitura-cria-central-de-regulacao-de-leitos-e-otimiza-atendimento-de-retaguarda-da-covid-19\\\/#primaryimage\"},\"thumbnailUrl\":\"https:\\\/\\\/ocoerente.com.br\\\/se\\\/wp-content\\\/uploads\\\/2020\\\/04\\\/ebca2cbe_4aff_4406_a74c_16b6060453b4.jpg\",\"datePublished\":\"2020-04-29T08:07:47+00:00\",\"breadcrumb\":{\"@id\":\"https:\\\/\\\/ocoerente.com.br\\\/se\\\/2020\\\/04\\\/29\\\/prefeitura-cria-central-de-regulacao-de-leitos-e-otimiza-atendimento-de-retaguarda-da-covid-19\\\/#breadcrumb\"},\"inLanguage\":\"pt-BR\",\"potentialAction\":[{\"@type\":\"ReadAction\",\"target\":[\"https:\\\/\\\/ocoerente.com.br\\\/se\\\/2020\\\/04\\\/29\\\/prefeitura-cria-central-de-regulacao-de-leitos-e-otimiza-atendimento-de-retaguarda-da-covid-19\\\/\"]}]},{\"@type\":\"ImageObject\",\"inLanguage\":\"pt-BR\",\"@id\":\"https:\\\/\\\/ocoerente.com.br\\\/se\\\/2020\\\/04\\\/29\\\/prefeitura-cria-central-de-regulacao-de-leitos-e-otimiza-atendimento-de-retaguarda-da-covid-19\\\/#primaryimage\",\"url\":\"https:\\\/\\\/ocoerente.com.br\\\/se\\\/wp-content\\\/uploads\\\/2020\\\/04\\\/ebca2cbe_4aff_4406_a74c_16b6060453b4.jpg\",\"contentUrl\":\"https:\\\/\\\/ocoerente.com.br\\\/se\\\/wp-content\\\/uploads\\\/2020\\\/04\\\/ebca2cbe_4aff_4406_a74c_16b6060453b4.jpg\",\"width\":1000,\"height\":667},{\"@type\":\"BreadcrumbList\",\"@id\":\"https:\\\/\\\/ocoerente.com.br\\\/se\\\/2020\\\/04\\\/29\\\/prefeitura-cria-central-de-regulacao-de-leitos-e-otimiza-atendimento-de-retaguarda-da-covid-19\\\/#breadcrumb\",\"itemListElement\":[{\"@type\":\"ListItem\",\"position\":1,\"name\":\"In\u00edcio\",\"item\":\"https:\\\/\\\/ocoerente.com.br\\\/se\\\/\"},{\"@type\":\"ListItem\",\"position\":2,\"name\":\"Prefeitura cria Central de Regula\u00e7\u00e3o de Leitos e otimiza atendimento de retaguarda da covid-19\"}]},{\"@type\":\"WebSite\",\"@id\":\"https:\\\/\\\/ocoerente.com.br\\\/se\\\/#website\",\"url\":\"https:\\\/\\\/ocoerente.com.br\\\/se\\\/\",\"name\":\"O Coerente\",\"description\":\"\",\"publisher\":{\"@id\":\"https:\\\/\\\/ocoerente.com.br\\\/se\\\/#\\\/schema\\\/person\\\/cc6bfd9fbca465e23543b0c963d8d037\"},\"potentialAction\":[{\"@type\":\"SearchAction\",\"target\":{\"@type\":\"EntryPoint\",\"urlTemplate\":\"https:\\\/\\\/ocoerente.com.br\\\/se\\\/?s={search_term_string}\"},\"query-input\":{\"@type\":\"PropertyValueSpecification\",\"valueRequired\":true,\"valueName\":\"search_term_string\"}}],\"inLanguage\":\"pt-BR\"},{\"@type\":[\"Person\",\"Organization\"],\"@id\":\"https:\\\/\\\/ocoerente.com.br\\\/se\\\/#\\\/schema\\\/person\\\/cc6bfd9fbca465e23543b0c963d8d037\",\"name\":\"Reda\u00e7\u00e3o\",\"image\":{\"@type\":\"ImageObject\",\"inLanguage\":\"pt-BR\",\"@id\":\"https:\\\/\\\/ocoerente.com.br\\\/se\\\/wp-content\\\/uploads\\\/2020\\\/01\\\/ocoerente-1.png\",\"url\":\"https:\\\/\\\/ocoerente.com.br\\\/se\\\/wp-content\\\/uploads\\\/2020\\\/01\\\/ocoerente-1.png\",\"contentUrl\":\"https:\\\/\\\/ocoerente.com.br\\\/se\\\/wp-content\\\/uploads\\\/2020\\\/01\\\/ocoerente-1.png\",\"width\":50,\"height\":50,\"caption\":\"Reda\u00e7\u00e3o\"},\"logo\":{\"@id\":\"https:\\\/\\\/ocoerente.com.br\\\/se\\\/wp-content\\\/uploads\\\/2020\\\/01\\\/ocoerente-1.png\"},\"url\":\"https:\\\/\\\/ocoerente.com.br\\\/se\\\/author\\\/vasticlsales\\\/\"}]}<\/script>\n<!-- \/ Yoast SEO plugin. -->","yoast_head_json":{"title":"Prefeitura cria Central de Regula\u00e7\u00e3o de Leitos e otimiza atendimento de retaguarda da covid-19 - O Coerente","robots":{"index":"index","follow":"follow","max-snippet":"max-snippet:-1","max-image-preview":"max-image-preview:large","max-video-preview":"max-video-preview:-1"},"canonical":"https:\/\/ocoerente.com.br\/se\/2020\/04\/29\/prefeitura-cria-central-de-regulacao-de-leitos-e-otimiza-atendimento-de-retaguarda-da-covid-19\/","og_locale":"pt_BR","og_type":"article","og_title":"Prefeitura cria Central de Regula\u00e7\u00e3o de Leitos e otimiza atendimento de retaguarda da covid-19 - O Coerente","og_description":"Para o atendimento espec\u00edfico de pacientes com covid-19 que necessitem de internamento, a Prefeitura de Aracaju, atrav\u00e9s da Secretaria Municipal da Sa\u00fade (SMS), vem estruturando mais de 200 leitos de retaguarda, os quais, a partir desta semana, est\u00e3o sendo administrados pela Central de Regula\u00e7\u00e3o de Leitos da SMS. Dos leitos estruturados, j\u00e1 est\u00e3o em funcionamento [&hellip;]","og_url":"https:\/\/ocoerente.com.br\/se\/2020\/04\/29\/prefeitura-cria-central-de-regulacao-de-leitos-e-otimiza-atendimento-de-retaguarda-da-covid-19\/","og_site_name":"O Coerente","article_published_time":"2020-04-29T08:07:47+00:00","og_image":[{"width":1000,"height":667,"url":"https:\/\/ocoerente.com.br\/se\/wp-content\/uploads\/2020\/04\/ebca2cbe_4aff_4406_a74c_16b6060453b4.jpg","type":"image\/jpeg"}],"author":"Reda\u00e7\u00e3o","twitter_card":"summary_large_image","twitter_misc":{"Escrito por":"Reda\u00e7\u00e3o","Est. tempo de leitura":"4 minutos"},"schema":{"@context":"https:\/\/schema.org","@graph":[{"@type":"Article","@id":"https:\/\/ocoerente.com.br\/se\/2020\/04\/29\/prefeitura-cria-central-de-regulacao-de-leitos-e-otimiza-atendimento-de-retaguarda-da-covid-19\/#article","isPartOf":{"@id":"https:\/\/ocoerente.com.br\/se\/2020\/04\/29\/prefeitura-cria-central-de-regulacao-de-leitos-e-otimiza-atendimento-de-retaguarda-da-covid-19\/"},"author":{"name":"Reda\u00e7\u00e3o","@id":"https:\/\/ocoerente.com.br\/se\/#\/schema\/person\/cc6bfd9fbca465e23543b0c963d8d037"},"headline":"Prefeitura cria Central de Regula\u00e7\u00e3o de Leitos e otimiza atendimento de retaguarda da covid-19","datePublished":"2020-04-29T08:07:47+00:00","mainEntityOfPage":{"@id":"https:\/\/ocoerente.com.br\/se\/2020\/04\/29\/prefeitura-cria-central-de-regulacao-de-leitos-e-otimiza-atendimento-de-retaguarda-da-covid-19\/"},"wordCount":887,"publisher":{"@id":"https:\/\/ocoerente.com.br\/se\/#\/schema\/person\/cc6bfd9fbca465e23543b0c963d8d037"},"image":{"@id":"https:\/\/ocoerente.com.br\/se\/2020\/04\/29\/prefeitura-cria-central-de-regulacao-de-leitos-e-otimiza-atendimento-de-retaguarda-da-covid-19\/#primaryimage"},"thumbnailUrl":"https:\/\/ocoerente.com.br\/se\/wp-content\/uploads\/2020\/04\/ebca2cbe_4aff_4406_a74c_16b6060453b4.jpg","articleSection":["Destaques","Sa\u00fade"],"inLanguage":"pt-BR"},{"@type":"WebPage","@id":"https:\/\/ocoerente.com.br\/se\/2020\/04\/29\/prefeitura-cria-central-de-regulacao-de-leitos-e-otimiza-atendimento-de-retaguarda-da-covid-19\/","url":"https:\/\/ocoerente.com.br\/se\/2020\/04\/29\/prefeitura-cria-central-de-regulacao-de-leitos-e-otimiza-atendimento-de-retaguarda-da-covid-19\/","name":"Prefeitura cria Central de Regula\u00e7\u00e3o de Leitos e otimiza atendimento de retaguarda da covid-19 - O Coerente","isPartOf":{"@id":"https:\/\/ocoerente.com.br\/se\/#website"},"primaryImageOfPage":{"@id":"https:\/\/ocoerente.com.br\/se\/2020\/04\/29\/prefeitura-cria-central-de-regulacao-de-leitos-e-otimiza-atendimento-de-retaguarda-da-covid-19\/#primaryimage"},"image":{"@id":"https:\/\/ocoerente.com.br\/se\/2020\/04\/29\/prefeitura-cria-central-de-regulacao-de-leitos-e-otimiza-atendimento-de-retaguarda-da-covid-19\/#primaryimage"},"thumbnailUrl":"https:\/\/ocoerente.com.br\/se\/wp-content\/uploads\/2020\/04\/ebca2cbe_4aff_4406_a74c_16b6060453b4.jpg","datePublished":"2020-04-29T08:07:47+00:00","breadcrumb":{"@id":"https:\/\/ocoerente.com.br\/se\/2020\/04\/29\/prefeitura-cria-central-de-regulacao-de-leitos-e-otimiza-atendimento-de-retaguarda-da-covid-19\/#breadcrumb"},"inLanguage":"pt-BR","potentialAction":[{"@type":"ReadAction","target":["https:\/\/ocoerente.com.br\/se\/2020\/04\/29\/prefeitura-cria-central-de-regulacao-de-leitos-e-otimiza-atendimento-de-retaguarda-da-covid-19\/"]}]},{"@type":"ImageObject","inLanguage":"pt-BR","@id":"https:\/\/ocoerente.com.br\/se\/2020\/04\/29\/prefeitura-cria-central-de-regulacao-de-leitos-e-otimiza-atendimento-de-retaguarda-da-covid-19\/#primaryimage","url":"https:\/\/ocoerente.com.br\/se\/wp-content\/uploads\/2020\/04\/ebca2cbe_4aff_4406_a74c_16b6060453b4.jpg","contentUrl":"https:\/\/ocoerente.com.br\/se\/wp-content\/uploads\/2020\/04\/ebca2cbe_4aff_4406_a74c_16b6060453b4.jpg","width":1000,"height":667},{"@type":"BreadcrumbList","@id":"https:\/\/ocoerente.com.br\/se\/2020\/04\/29\/prefeitura-cria-central-de-regulacao-de-leitos-e-otimiza-atendimento-de-retaguarda-da-covid-19\/#breadcrumb","itemListElement":[{"@type":"ListItem","position":1,"name":"In\u00edcio","item":"https:\/\/ocoerente.com.br\/se\/"},{"@type":"ListItem","position":2,"name":"Prefeitura cria Central de Regula\u00e7\u00e3o de Leitos e otimiza atendimento de retaguarda da covid-19"}]},{"@type":"WebSite","@id":"https:\/\/ocoerente.com.br\/se\/#website","url":"https:\/\/ocoerente.com.br\/se\/","name":"O Coerente","description":"","publisher":{"@id":"https:\/\/ocoerente.com.br\/se\/#\/schema\/person\/cc6bfd9fbca465e23543b0c963d8d037"},"potentialAction":[{"@type":"SearchAction","target":{"@type":"EntryPoint","urlTemplate":"https:\/\/ocoerente.com.br\/se\/?s={search_term_string}"},"query-input":{"@type":"PropertyValueSpecification","valueRequired":true,"valueName":"search_term_string"}}],"inLanguage":"pt-BR"},{"@type":["Person","Organization"],"@id":"https:\/\/ocoerente.com.br\/se\/#\/schema\/person\/cc6bfd9fbca465e23543b0c963d8d037","name":"Reda\u00e7\u00e3o","image":{"@type":"ImageObject","inLanguage":"pt-BR","@id":"https:\/\/ocoerente.com.br\/se\/wp-content\/uploads\/2020\/01\/ocoerente-1.png","url":"https:\/\/ocoerente.com.br\/se\/wp-content\/uploads\/2020\/01\/ocoerente-1.png","contentUrl":"https:\/\/ocoerente.com.br\/se\/wp-content\/uploads\/2020\/01\/ocoerente-1.png","width":50,"height":50,"caption":"Reda\u00e7\u00e3o"},"logo":{"@id":"https:\/\/ocoerente.com.br\/se\/wp-content\/uploads\/2020\/01\/ocoerente-1.png"},"url":"https:\/\/ocoerente.com.br\/se\/author\/vasticlsales\/"}]}},"_links":{"self":[{"href":"https:\/\/ocoerente.com.br\/se\/wp-json\/wp\/v2\/posts\/961","targetHints":{"allow":["GET"]}}],"collection":[{"href":"https:\/\/ocoerente.com.br\/se\/wp-json\/wp\/v2\/posts"}],"about":[{"href":"https:\/\/ocoerente.com.br\/se\/wp-json\/wp\/v2\/types\/post"}],"author":[{"embeddable":true,"href":"https:\/\/ocoerente.com.br\/se\/wp-json\/wp\/v2\/users\/1"}],"replies":[{"embeddable":true,"href":"https:\/\/ocoerente.com.br\/se\/wp-json\/wp\/v2\/comments?post=961"}],"version-history":[{"count":1,"href":"https:\/\/ocoerente.com.br\/se\/wp-json\/wp\/v2\/posts\/961\/revisions"}],"predecessor-version":[{"id":963,"href":"https:\/\/ocoerente.com.br\/se\/wp-json\/wp\/v2\/posts\/961\/revisions\/963"}],"wp:featuredmedia":[{"embeddable":true,"href":"https:\/\/ocoerente.com.br\/se\/wp-json\/wp\/v2\/media\/962"}],"wp:attachment":[{"href":"https:\/\/ocoerente.com.br\/se\/wp-json\/wp\/v2\/media?parent=961"}],"wp:term":[{"taxonomy":"category","embeddable":true,"href":"https:\/\/ocoerente.com.br\/se\/wp-json\/wp\/v2\/categories?post=961"},{"taxonomy":"post_tag","embeddable":true,"href":"https:\/\/ocoerente.com.br\/se\/wp-json\/wp\/v2\/tags?post=961"}],"curies":[{"name":"wp","href":"https:\/\/api.w.org\/{rel}","templated":true}]}}