{"id":958,"date":"2020-04-29T05:03:59","date_gmt":"2020-04-29T08:03:59","guid":{"rendered":"http:\/\/ocoerente.com.br\/se\/?p=958"},"modified":"2020-04-29T05:03:59","modified_gmt":"2020-04-29T08:03:59","slug":"prefeitura-renova-decreto-ate-o-dia-7-com-medidas-de-isolamento-social-e-uso-obrigatorio-de-mascaras","status":"publish","type":"post","link":"https:\/\/ocoerente.com.br\/se\/2020\/04\/29\/prefeitura-renova-decreto-ate-o-dia-7-com-medidas-de-isolamento-social-e-uso-obrigatorio-de-mascaras\/","title":{"rendered":"Prefeitura renova decreto at\u00e9 o dia 7 com medidas de isolamento social e uso obrigat\u00f3rio de m\u00e1scaras"},"content":{"rendered":"<p>O prefeito Edvaldo Nogueira anunciou, na manh\u00e3 desta ter\u00e7a-feira, 28, a prorroga\u00e7\u00e3o das medidas para o distanciamento social, estabelecidas por meio de decreto municipal para combater a propaga\u00e7\u00e3o do coronav\u00edrus em Aracaju. Segundo o gestor, permanece suspenso, at\u00e9 7 de maio, o funcionamento de academias, teatros, cinemas, shoppings centers, casa de shows, bares, enquanto restaurantes e lanchonetes devem se manter, apenas, com o sistema delivery. Ao mesmo tempo, o novo decreto municipal se adequa \u00e0s medidas de flexibiliza\u00e7\u00e3o do governo estadual, al\u00e9m de tornar obrigat\u00f3rio o uso de m\u00e1scaras pela popula\u00e7\u00e3o.<\/p>\n<p>Pela atualiza\u00e7\u00e3o, tamb\u00e9m continua proibida a realiza\u00e7\u00e3o de eventos e de atividades em parques, praias e demais \u00e1reas de lazer da cidade. Al\u00e9m disso, ficam suspensas, at\u00e9 o dia 31 de maio, as aulas em\u00a0 escolas e universidades das redes municipal e particular de ensino da capital. Seguindo o decreto do governo estadual, a partir desta ter\u00e7a passam a funcionar escrit\u00f3rios de advocacia e contabilidade, locadoras de ve\u00edculos, lojas de tecidos e armarinhos. J\u00e1 a partir do dia 2 de maio, retomam o funcionamento lojas de cosm\u00e9ticos, perfumarias, relojoarias, m\u00f3veis e eletrodom\u00e9sticos. E no dia 4, est\u00e3o autorizados a retomar suas atividades consult\u00f3rios m\u00e9dicos, papelaria, livraria, lojas de climatizadores e podologia.<\/p>\n<p>\u201cAs medidas para o distanciamento social ser\u00e3o mantidas em Aracaju. O com\u00e9rcio, em sua ess\u00eancia, permanece fechado porque h\u00e1 necessidade de restringir a circula\u00e7\u00e3o de pessoas. Da noite de ontem at\u00e9 \u00e0s 11h de hoje, foram confirmados 33 novos casos na capital e isso nos mostra que, ao contr\u00e1rio do que muitas pessoas acreditavam, o v\u00edrus chegou e j\u00e1 circula pela cidade. Por isso, precisamos continuar com as medidas de distanciamento social para que n\u00e3o haja uma explos\u00e3o de casos. Vamos evitar aglomera\u00e7\u00f5es, vamos manter a dist\u00e2ncia das pessoas, vamos\u00a0 manter os cuidados com a higiene pessoal. Estamos vendo o que est\u00e1 acontecendo em outras cidades do pa\u00eds e n\u00e3o queremos enfrentar o mesmo\u201d, destacou o prefeito.<\/p>\n<p><strong>Sem aglomera\u00e7\u00e3o<\/strong><\/p>\n<p>Em coletiva \u00e0 imprensa e pelas redes sociais, Edvaldo tamb\u00e9m explicou os crit\u00e9rios para que a capital atenda a flexibiliza\u00e7\u00e3o estabelecida no decreto estadual, anunciado na noite de segunda-feira, 27. \u201cAs atividades listadas pelo Governo do Estado, como escrit\u00f3rios de advocacia, locadoras de ve\u00edculos, s\u00e3o atividades que n\u00e3o aglomeram pessoas. Ent\u00e3o decidimos por flexibilizar, permitindo a reabertura gradual, a partir de hoje, desde que as especificidades para garantia da seguran\u00e7a dos frequentadores e trabalhadores sejam mantidas, como o uso de m\u00e1scaras e a disponibilidade de \u00e1lcool em gel. Outro fator \u00e9 que tamb\u00e9m ser\u00e1 obrigat\u00f3rio o\u00a0 uso de m\u00e1scaras pela popula\u00e7\u00e3o, seja em \u00f4nibus, nos estabelecimentos ou nas ruas. Os \u00f3rg\u00e3os municipais atuar\u00e3o na fiscaliza\u00e7\u00e3o para que as medidas sejam cumpridas\u201d, detalhou.<\/p>\n<p>Sobre novas flexibiliza\u00e7\u00f5es, o prefeito esclareceu que estudos est\u00e3o sendo elaborados e que as novas decis\u00f5es ser\u00e3o tomadas mediante a evolu\u00e7\u00e3o dos casos na capital sergipana. \u201cConstantemente temos feito an\u00e1lises e na pr\u00f3xima semana apresentaremos ao Governo do Estado os estudos que est\u00e3o sendo preparados. Tamb\u00e9m discutiremos com as entidades e, a partir da\u00ed, anunciaremos quais medidas ser\u00e3o adotadas para que essa reabertura gradual aconte\u00e7a. Tudo deve ser feito de maneira estruturada para que n\u00e3o aconte\u00e7a uma explos\u00e3o de casos em Aracaju\u201d, reiterou.<\/p>\n<p>Ag\u00eancia Aracaju de Not\u00edcias<\/p>\n","protected":false},"excerpt":{"rendered":"<p>O prefeito Edvaldo Nogueira anunciou, na manh\u00e3 desta ter\u00e7a-feira, 28, a prorroga\u00e7\u00e3o das medidas para o distanciamento social, estabelecidas por meio de decreto municipal para combater a propaga\u00e7\u00e3o do coronav\u00edrus em Aracaju. Segundo o gestor, permanece suspenso, at\u00e9 7 de maio, o funcionamento de academias, teatros, cinemas, shoppings centers, casa de shows, bares, enquanto restaurantes [&hellip;]<\/p>\n","protected":false},"author":1,"featured_media":959,"comment_status":"closed","ping_status":"closed","sticky":false,"template":"","format":"standard","meta":{"footnotes":""},"categories":[53,54],"tags":[],"class_list":["post-958","post","type-post","status-publish","format-standard","has-post-thumbnail","hentry","category-destaques","category-saude"],"yoast_head":"<!-- This site is optimized with the Yoast SEO plugin v27.5 - https:\/\/yoast.com\/product\/yoast-seo-wordpress\/ -->\n<title>Prefeitura renova decreto at\u00e9 o dia 7 com medidas de isolamento social e uso obrigat\u00f3rio de m\u00e1scaras - O Coerente<\/title>\n<meta name=\"robots\" content=\"index, follow, max-snippet:-1, max-image-preview:large, max-video-preview:-1\" \/>\n<link rel=\"canonical\" href=\"https:\/\/ocoerente.com.br\/se\/2020\/04\/29\/prefeitura-renova-decreto-ate-o-dia-7-com-medidas-de-isolamento-social-e-uso-obrigatorio-de-mascaras\/\" \/>\n<meta property=\"og:locale\" content=\"pt_BR\" \/>\n<meta property=\"og:type\" content=\"article\" \/>\n<meta property=\"og:title\" content=\"Prefeitura renova decreto at\u00e9 o dia 7 com medidas de isolamento social e uso obrigat\u00f3rio de m\u00e1scaras - O Coerente\" \/>\n<meta property=\"og:description\" content=\"O prefeito Edvaldo Nogueira anunciou, na manh\u00e3 desta ter\u00e7a-feira, 28, a prorroga\u00e7\u00e3o das medidas para o distanciamento social, estabelecidas por meio de decreto municipal para combater a propaga\u00e7\u00e3o do coronav\u00edrus em Aracaju. Segundo o gestor, permanece suspenso, at\u00e9 7 de maio, o funcionamento de academias, teatros, cinemas, shoppings centers, casa de shows, bares, enquanto restaurantes [&hellip;]\" \/>\n<meta property=\"og:url\" content=\"https:\/\/ocoerente.com.br\/se\/2020\/04\/29\/prefeitura-renova-decreto-ate-o-dia-7-com-medidas-de-isolamento-social-e-uso-obrigatorio-de-mascaras\/\" \/>\n<meta property=\"og:site_name\" content=\"O Coerente\" \/>\n<meta property=\"article:published_time\" content=\"2020-04-29T08:03:59+00:00\" \/>\n<meta property=\"og:image\" content=\"https:\/\/ocoerente.com.br\/se\/wp-content\/uploads\/2020\/04\/alm_2568.jpg\" \/>\n\t<meta property=\"og:image:width\" content=\"2375\" \/>\n\t<meta property=\"og:image:height\" content=\"1536\" \/>\n\t<meta property=\"og:image:type\" content=\"image\/jpeg\" \/>\n<meta name=\"author\" content=\"Reda\u00e7\u00e3o\" \/>\n<meta name=\"twitter:card\" content=\"summary_large_image\" \/>\n<meta name=\"twitter:label1\" content=\"Escrito por\" \/>\n\t<meta name=\"twitter:data1\" content=\"Reda\u00e7\u00e3o\" \/>\n\t<meta name=\"twitter:label2\" content=\"Est. tempo de leitura\" \/>\n\t<meta name=\"twitter:data2\" content=\"3 minutos\" \/>\n<script type=\"application\/ld+json\" class=\"yoast-schema-graph\">{\"@context\":\"https:\\\/\\\/schema.org\",\"@graph\":[{\"@type\":\"Article\",\"@id\":\"https:\\\/\\\/ocoerente.com.br\\\/se\\\/2020\\\/04\\\/29\\\/prefeitura-renova-decreto-ate-o-dia-7-com-medidas-de-isolamento-social-e-uso-obrigatorio-de-mascaras\\\/#article\",\"isPartOf\":{\"@id\":\"https:\\\/\\\/ocoerente.com.br\\\/se\\\/2020\\\/04\\\/29\\\/prefeitura-renova-decreto-ate-o-dia-7-com-medidas-de-isolamento-social-e-uso-obrigatorio-de-mascaras\\\/\"},\"author\":{\"name\":\"Reda\u00e7\u00e3o\",\"@id\":\"https:\\\/\\\/ocoerente.com.br\\\/se\\\/#\\\/schema\\\/person\\\/cc6bfd9fbca465e23543b0c963d8d037\"},\"headline\":\"Prefeitura renova decreto at\u00e9 o dia 7 com medidas de isolamento social e uso obrigat\u00f3rio de m\u00e1scaras\",\"datePublished\":\"2020-04-29T08:03:59+00:00\",\"mainEntityOfPage\":{\"@id\":\"https:\\\/\\\/ocoerente.com.br\\\/se\\\/2020\\\/04\\\/29\\\/prefeitura-renova-decreto-ate-o-dia-7-com-medidas-de-isolamento-social-e-uso-obrigatorio-de-mascaras\\\/\"},\"wordCount\":607,\"publisher\":{\"@id\":\"https:\\\/\\\/ocoerente.com.br\\\/se\\\/#\\\/schema\\\/person\\\/cc6bfd9fbca465e23543b0c963d8d037\"},\"image\":{\"@id\":\"https:\\\/\\\/ocoerente.com.br\\\/se\\\/2020\\\/04\\\/29\\\/prefeitura-renova-decreto-ate-o-dia-7-com-medidas-de-isolamento-social-e-uso-obrigatorio-de-mascaras\\\/#primaryimage\"},\"thumbnailUrl\":\"https:\\\/\\\/ocoerente.com.br\\\/se\\\/wp-content\\\/uploads\\\/2020\\\/04\\\/alm_2568.jpg\",\"articleSection\":[\"Destaques\",\"Sa\u00fade\"],\"inLanguage\":\"pt-BR\"},{\"@type\":\"WebPage\",\"@id\":\"https:\\\/\\\/ocoerente.com.br\\\/se\\\/2020\\\/04\\\/29\\\/prefeitura-renova-decreto-ate-o-dia-7-com-medidas-de-isolamento-social-e-uso-obrigatorio-de-mascaras\\\/\",\"url\":\"https:\\\/\\\/ocoerente.com.br\\\/se\\\/2020\\\/04\\\/29\\\/prefeitura-renova-decreto-ate-o-dia-7-com-medidas-de-isolamento-social-e-uso-obrigatorio-de-mascaras\\\/\",\"name\":\"Prefeitura renova decreto at\u00e9 o dia 7 com medidas de isolamento social e uso obrigat\u00f3rio de m\u00e1scaras - O Coerente\",\"isPartOf\":{\"@id\":\"https:\\\/\\\/ocoerente.com.br\\\/se\\\/#website\"},\"primaryImageOfPage\":{\"@id\":\"https:\\\/\\\/ocoerente.com.br\\\/se\\\/2020\\\/04\\\/29\\\/prefeitura-renova-decreto-ate-o-dia-7-com-medidas-de-isolamento-social-e-uso-obrigatorio-de-mascaras\\\/#primaryimage\"},\"image\":{\"@id\":\"https:\\\/\\\/ocoerente.com.br\\\/se\\\/2020\\\/04\\\/29\\\/prefeitura-renova-decreto-ate-o-dia-7-com-medidas-de-isolamento-social-e-uso-obrigatorio-de-mascaras\\\/#primaryimage\"},\"thumbnailUrl\":\"https:\\\/\\\/ocoerente.com.br\\\/se\\\/wp-content\\\/uploads\\\/2020\\\/04\\\/alm_2568.jpg\",\"datePublished\":\"2020-04-29T08:03:59+00:00\",\"breadcrumb\":{\"@id\":\"https:\\\/\\\/ocoerente.com.br\\\/se\\\/2020\\\/04\\\/29\\\/prefeitura-renova-decreto-ate-o-dia-7-com-medidas-de-isolamento-social-e-uso-obrigatorio-de-mascaras\\\/#breadcrumb\"},\"inLanguage\":\"pt-BR\",\"potentialAction\":[{\"@type\":\"ReadAction\",\"target\":[\"https:\\\/\\\/ocoerente.com.br\\\/se\\\/2020\\\/04\\\/29\\\/prefeitura-renova-decreto-ate-o-dia-7-com-medidas-de-isolamento-social-e-uso-obrigatorio-de-mascaras\\\/\"]}]},{\"@type\":\"ImageObject\",\"inLanguage\":\"pt-BR\",\"@id\":\"https:\\\/\\\/ocoerente.com.br\\\/se\\\/2020\\\/04\\\/29\\\/prefeitura-renova-decreto-ate-o-dia-7-com-medidas-de-isolamento-social-e-uso-obrigatorio-de-mascaras\\\/#primaryimage\",\"url\":\"https:\\\/\\\/ocoerente.com.br\\\/se\\\/wp-content\\\/uploads\\\/2020\\\/04\\\/alm_2568.jpg\",\"contentUrl\":\"https:\\\/\\\/ocoerente.com.br\\\/se\\\/wp-content\\\/uploads\\\/2020\\\/04\\\/alm_2568.jpg\",\"width\":2375,\"height\":1536},{\"@type\":\"BreadcrumbList\",\"@id\":\"https:\\\/\\\/ocoerente.com.br\\\/se\\\/2020\\\/04\\\/29\\\/prefeitura-renova-decreto-ate-o-dia-7-com-medidas-de-isolamento-social-e-uso-obrigatorio-de-mascaras\\\/#breadcrumb\",\"itemListElement\":[{\"@type\":\"ListItem\",\"position\":1,\"name\":\"In\u00edcio\",\"item\":\"https:\\\/\\\/ocoerente.com.br\\\/se\\\/\"},{\"@type\":\"ListItem\",\"position\":2,\"name\":\"Prefeitura renova decreto at\u00e9 o dia 7 com medidas de isolamento social e uso obrigat\u00f3rio de m\u00e1scaras\"}]},{\"@type\":\"WebSite\",\"@id\":\"https:\\\/\\\/ocoerente.com.br\\\/se\\\/#website\",\"url\":\"https:\\\/\\\/ocoerente.com.br\\\/se\\\/\",\"name\":\"O Coerente\",\"description\":\"\",\"publisher\":{\"@id\":\"https:\\\/\\\/ocoerente.com.br\\\/se\\\/#\\\/schema\\\/person\\\/cc6bfd9fbca465e23543b0c963d8d037\"},\"potentialAction\":[{\"@type\":\"SearchAction\",\"target\":{\"@type\":\"EntryPoint\",\"urlTemplate\":\"https:\\\/\\\/ocoerente.com.br\\\/se\\\/?s={search_term_string}\"},\"query-input\":{\"@type\":\"PropertyValueSpecification\",\"valueRequired\":true,\"valueName\":\"search_term_string\"}}],\"inLanguage\":\"pt-BR\"},{\"@type\":[\"Person\",\"Organization\"],\"@id\":\"https:\\\/\\\/ocoerente.com.br\\\/se\\\/#\\\/schema\\\/person\\\/cc6bfd9fbca465e23543b0c963d8d037\",\"name\":\"Reda\u00e7\u00e3o\",\"image\":{\"@type\":\"ImageObject\",\"inLanguage\":\"pt-BR\",\"@id\":\"https:\\\/\\\/ocoerente.com.br\\\/se\\\/wp-content\\\/uploads\\\/2020\\\/01\\\/ocoerente-1.png\",\"url\":\"https:\\\/\\\/ocoerente.com.br\\\/se\\\/wp-content\\\/uploads\\\/2020\\\/01\\\/ocoerente-1.png\",\"contentUrl\":\"https:\\\/\\\/ocoerente.com.br\\\/se\\\/wp-content\\\/uploads\\\/2020\\\/01\\\/ocoerente-1.png\",\"width\":50,\"height\":50,\"caption\":\"Reda\u00e7\u00e3o\"},\"logo\":{\"@id\":\"https:\\\/\\\/ocoerente.com.br\\\/se\\\/wp-content\\\/uploads\\\/2020\\\/01\\\/ocoerente-1.png\"},\"url\":\"https:\\\/\\\/ocoerente.com.br\\\/se\\\/author\\\/vasticlsales\\\/\"}]}<\/script>\n<!-- \/ Yoast SEO plugin. -->","yoast_head_json":{"title":"Prefeitura renova decreto at\u00e9 o dia 7 com medidas de isolamento social e uso obrigat\u00f3rio de m\u00e1scaras - O Coerente","robots":{"index":"index","follow":"follow","max-snippet":"max-snippet:-1","max-image-preview":"max-image-preview:large","max-video-preview":"max-video-preview:-1"},"canonical":"https:\/\/ocoerente.com.br\/se\/2020\/04\/29\/prefeitura-renova-decreto-ate-o-dia-7-com-medidas-de-isolamento-social-e-uso-obrigatorio-de-mascaras\/","og_locale":"pt_BR","og_type":"article","og_title":"Prefeitura renova decreto at\u00e9 o dia 7 com medidas de isolamento social e uso obrigat\u00f3rio de m\u00e1scaras - O Coerente","og_description":"O prefeito Edvaldo Nogueira anunciou, na manh\u00e3 desta ter\u00e7a-feira, 28, a prorroga\u00e7\u00e3o das medidas para o distanciamento social, estabelecidas por meio de decreto municipal para combater a propaga\u00e7\u00e3o do coronav\u00edrus em Aracaju. Segundo o gestor, permanece suspenso, at\u00e9 7 de maio, o funcionamento de academias, teatros, cinemas, shoppings centers, casa de shows, bares, enquanto restaurantes [&hellip;]","og_url":"https:\/\/ocoerente.com.br\/se\/2020\/04\/29\/prefeitura-renova-decreto-ate-o-dia-7-com-medidas-de-isolamento-social-e-uso-obrigatorio-de-mascaras\/","og_site_name":"O Coerente","article_published_time":"2020-04-29T08:03:59+00:00","og_image":[{"width":2375,"height":1536,"url":"https:\/\/ocoerente.com.br\/se\/wp-content\/uploads\/2020\/04\/alm_2568.jpg","type":"image\/jpeg"}],"author":"Reda\u00e7\u00e3o","twitter_card":"summary_large_image","twitter_misc":{"Escrito por":"Reda\u00e7\u00e3o","Est. tempo de leitura":"3 minutos"},"schema":{"@context":"https:\/\/schema.org","@graph":[{"@type":"Article","@id":"https:\/\/ocoerente.com.br\/se\/2020\/04\/29\/prefeitura-renova-decreto-ate-o-dia-7-com-medidas-de-isolamento-social-e-uso-obrigatorio-de-mascaras\/#article","isPartOf":{"@id":"https:\/\/ocoerente.com.br\/se\/2020\/04\/29\/prefeitura-renova-decreto-ate-o-dia-7-com-medidas-de-isolamento-social-e-uso-obrigatorio-de-mascaras\/"},"author":{"name":"Reda\u00e7\u00e3o","@id":"https:\/\/ocoerente.com.br\/se\/#\/schema\/person\/cc6bfd9fbca465e23543b0c963d8d037"},"headline":"Prefeitura renova decreto at\u00e9 o dia 7 com medidas de isolamento social e uso obrigat\u00f3rio de m\u00e1scaras","datePublished":"2020-04-29T08:03:59+00:00","mainEntityOfPage":{"@id":"https:\/\/ocoerente.com.br\/se\/2020\/04\/29\/prefeitura-renova-decreto-ate-o-dia-7-com-medidas-de-isolamento-social-e-uso-obrigatorio-de-mascaras\/"},"wordCount":607,"publisher":{"@id":"https:\/\/ocoerente.com.br\/se\/#\/schema\/person\/cc6bfd9fbca465e23543b0c963d8d037"},"image":{"@id":"https:\/\/ocoerente.com.br\/se\/2020\/04\/29\/prefeitura-renova-decreto-ate-o-dia-7-com-medidas-de-isolamento-social-e-uso-obrigatorio-de-mascaras\/#primaryimage"},"thumbnailUrl":"https:\/\/ocoerente.com.br\/se\/wp-content\/uploads\/2020\/04\/alm_2568.jpg","articleSection":["Destaques","Sa\u00fade"],"inLanguage":"pt-BR"},{"@type":"WebPage","@id":"https:\/\/ocoerente.com.br\/se\/2020\/04\/29\/prefeitura-renova-decreto-ate-o-dia-7-com-medidas-de-isolamento-social-e-uso-obrigatorio-de-mascaras\/","url":"https:\/\/ocoerente.com.br\/se\/2020\/04\/29\/prefeitura-renova-decreto-ate-o-dia-7-com-medidas-de-isolamento-social-e-uso-obrigatorio-de-mascaras\/","name":"Prefeitura renova decreto at\u00e9 o dia 7 com medidas de isolamento social e uso obrigat\u00f3rio de m\u00e1scaras - O Coerente","isPartOf":{"@id":"https:\/\/ocoerente.com.br\/se\/#website"},"primaryImageOfPage":{"@id":"https:\/\/ocoerente.com.br\/se\/2020\/04\/29\/prefeitura-renova-decreto-ate-o-dia-7-com-medidas-de-isolamento-social-e-uso-obrigatorio-de-mascaras\/#primaryimage"},"image":{"@id":"https:\/\/ocoerente.com.br\/se\/2020\/04\/29\/prefeitura-renova-decreto-ate-o-dia-7-com-medidas-de-isolamento-social-e-uso-obrigatorio-de-mascaras\/#primaryimage"},"thumbnailUrl":"https:\/\/ocoerente.com.br\/se\/wp-content\/uploads\/2020\/04\/alm_2568.jpg","datePublished":"2020-04-29T08:03:59+00:00","breadcrumb":{"@id":"https:\/\/ocoerente.com.br\/se\/2020\/04\/29\/prefeitura-renova-decreto-ate-o-dia-7-com-medidas-de-isolamento-social-e-uso-obrigatorio-de-mascaras\/#breadcrumb"},"inLanguage":"pt-BR","potentialAction":[{"@type":"ReadAction","target":["https:\/\/ocoerente.com.br\/se\/2020\/04\/29\/prefeitura-renova-decreto-ate-o-dia-7-com-medidas-de-isolamento-social-e-uso-obrigatorio-de-mascaras\/"]}]},{"@type":"ImageObject","inLanguage":"pt-BR","@id":"https:\/\/ocoerente.com.br\/se\/2020\/04\/29\/prefeitura-renova-decreto-ate-o-dia-7-com-medidas-de-isolamento-social-e-uso-obrigatorio-de-mascaras\/#primaryimage","url":"https:\/\/ocoerente.com.br\/se\/wp-content\/uploads\/2020\/04\/alm_2568.jpg","contentUrl":"https:\/\/ocoerente.com.br\/se\/wp-content\/uploads\/2020\/04\/alm_2568.jpg","width":2375,"height":1536},{"@type":"BreadcrumbList","@id":"https:\/\/ocoerente.com.br\/se\/2020\/04\/29\/prefeitura-renova-decreto-ate-o-dia-7-com-medidas-de-isolamento-social-e-uso-obrigatorio-de-mascaras\/#breadcrumb","itemListElement":[{"@type":"ListItem","position":1,"name":"In\u00edcio","item":"https:\/\/ocoerente.com.br\/se\/"},{"@type":"ListItem","position":2,"name":"Prefeitura renova decreto at\u00e9 o dia 7 com medidas de isolamento social e uso obrigat\u00f3rio de m\u00e1scaras"}]},{"@type":"WebSite","@id":"https:\/\/ocoerente.com.br\/se\/#website","url":"https:\/\/ocoerente.com.br\/se\/","name":"O Coerente","description":"","publisher":{"@id":"https:\/\/ocoerente.com.br\/se\/#\/schema\/person\/cc6bfd9fbca465e23543b0c963d8d037"},"potentialAction":[{"@type":"SearchAction","target":{"@type":"EntryPoint","urlTemplate":"https:\/\/ocoerente.com.br\/se\/?s={search_term_string}"},"query-input":{"@type":"PropertyValueSpecification","valueRequired":true,"valueName":"search_term_string"}}],"inLanguage":"pt-BR"},{"@type":["Person","Organization"],"@id":"https:\/\/ocoerente.com.br\/se\/#\/schema\/person\/cc6bfd9fbca465e23543b0c963d8d037","name":"Reda\u00e7\u00e3o","image":{"@type":"ImageObject","inLanguage":"pt-BR","@id":"https:\/\/ocoerente.com.br\/se\/wp-content\/uploads\/2020\/01\/ocoerente-1.png","url":"https:\/\/ocoerente.com.br\/se\/wp-content\/uploads\/2020\/01\/ocoerente-1.png","contentUrl":"https:\/\/ocoerente.com.br\/se\/wp-content\/uploads\/2020\/01\/ocoerente-1.png","width":50,"height":50,"caption":"Reda\u00e7\u00e3o"},"logo":{"@id":"https:\/\/ocoerente.com.br\/se\/wp-content\/uploads\/2020\/01\/ocoerente-1.png"},"url":"https:\/\/ocoerente.com.br\/se\/author\/vasticlsales\/"}]}},"_links":{"self":[{"href":"https:\/\/ocoerente.com.br\/se\/wp-json\/wp\/v2\/posts\/958","targetHints":{"allow":["GET"]}}],"collection":[{"href":"https:\/\/ocoerente.com.br\/se\/wp-json\/wp\/v2\/posts"}],"about":[{"href":"https:\/\/ocoerente.com.br\/se\/wp-json\/wp\/v2\/types\/post"}],"author":[{"embeddable":true,"href":"https:\/\/ocoerente.com.br\/se\/wp-json\/wp\/v2\/users\/1"}],"replies":[{"embeddable":true,"href":"https:\/\/ocoerente.com.br\/se\/wp-json\/wp\/v2\/comments?post=958"}],"version-history":[{"count":1,"href":"https:\/\/ocoerente.com.br\/se\/wp-json\/wp\/v2\/posts\/958\/revisions"}],"predecessor-version":[{"id":960,"href":"https:\/\/ocoerente.com.br\/se\/wp-json\/wp\/v2\/posts\/958\/revisions\/960"}],"wp:featuredmedia":[{"embeddable":true,"href":"https:\/\/ocoerente.com.br\/se\/wp-json\/wp\/v2\/media\/959"}],"wp:attachment":[{"href":"https:\/\/ocoerente.com.br\/se\/wp-json\/wp\/v2\/media?parent=958"}],"wp:term":[{"taxonomy":"category","embeddable":true,"href":"https:\/\/ocoerente.com.br\/se\/wp-json\/wp\/v2\/categories?post=958"},{"taxonomy":"post_tag","embeddable":true,"href":"https:\/\/ocoerente.com.br\/se\/wp-json\/wp\/v2\/tags?post=958"}],"curies":[{"name":"wp","href":"https:\/\/api.w.org\/{rel}","templated":true}]}}