{"id":955,"date":"2020-04-29T05:02:27","date_gmt":"2020-04-29T08:02:27","guid":{"rendered":"http:\/\/ocoerente.com.br\/se\/?p=955"},"modified":"2020-04-29T05:02:27","modified_gmt":"2020-04-29T08:02:27","slug":"prefeitura-pagara-salarios-de-abril-na-quarta-29-e-quinta-30","status":"publish","type":"post","link":"https:\/\/ocoerente.com.br\/se\/2020\/04\/29\/prefeitura-pagara-salarios-de-abril-na-quarta-29-e-quinta-30\/","title":{"rendered":"Prefeitura pagar\u00e1 sal\u00e1rios de abril na quarta, 29, e quinta, 30"},"content":{"rendered":"<p>O prefeito Edvaldo Nogueira, anunciou, na manh\u00e3 desta ter\u00e7a-feira, 28, o pagamento dos sal\u00e1rios dos servidores municipais referente ao m\u00eas de abril. Pelas redes sociais, o gestor informou que todos os trabalhadores da administra\u00e7\u00e3o direta e indireta, ativos e inativos, recebem nos dias 29 e 30 de abril, quarta e quinta-feira, respectivamente. Nas datas, tamb\u00e9m ser\u00e1 efetuado o pagamento da primeira parcela do d\u00e9cimo terceiro para quem aniversariou nos meses de janeiro e fevereiro. De acordo com Edvaldo, o pagamento ser\u00e1 feito em dois dias porque a Caixa Econ\u00f4mica Federal necessita de um prazo maior para o processamento dos dados, uma vez que a institui\u00e7\u00e3o banc\u00e1ria est\u00e1 sobrecarregada com o pagamento do aux\u00edlio emergencial e com o quadro reduzido de funcion\u00e1rios, em virtude da pandemia do coronav\u00edrus.<\/p>\n<p>\u201cMeus amigos e minhas amigas, assim como fa\u00e7o todos os meses, venho mais uma vez anunciar o pagamento dos sal\u00e1rios dos servidores. Diferente dos outros meses, o pagamento de todos os trabalhadores da Prefeitura ser\u00e1 feito em dois dias, nesta quarta e quinta-feira, dias 29 e 30. Isso ser\u00e1 necess\u00e1rio porque a Caixa Econ\u00f4mica est\u00e1 sobrecarregada e n\u00e3o tinha condi\u00e7\u00f5es de fazer o processamento em um dia s\u00f3. Mas quero tranquiliz\u00e1-los e garantir que todos os servidores ativos e inativos receber\u00e3o nestes dois dias. Mesmo com a queda da arrecada\u00e7\u00e3o, fizemos todos os esfor\u00e7os e, mais uma vez, manteremos os sal\u00e1rios em dia\u201d, destacou.<\/p>\n<p>Edvaldo tamb\u00e9m informou que, assim como nos \u00faltimos tr\u00eas anos, a gest\u00e3o municipal iniciar\u00e1 o pagamento da primeira parcela do d\u00e9cimo terceiro sal\u00e1rio em abril. \u201cAproveito para anunciar que, assim como temos feito at\u00e9 agora, vamos come\u00e7ar o pagamento da primeira parcela do d\u00e9cimo. Recebem neste quem aniversariou nos meses de janeiro e fevereiro. Este \u00e9 mais um esfor\u00e7o que estamos fazendo e com muita satisfa\u00e7\u00e3o, porque representa o nosso compromisso com os servidores da Prefeitura. Estamos enfrentando um momento muito dif\u00edcil e cada trabalhador tem sido fundamental para o combate ao coronav\u00edrus. Os servidores s\u00e3o parceiros em todos os momentos, mas neste, especialmente, t\u00eam sido fundamentais. Todos, sem exce\u00e7\u00e3o, est\u00e3o nos ajudando nessa luta. Todo o meu respeito e agradecimento a voc\u00eas\u201d, reiterou.<\/p>\n<p>Com o pagamento do sal\u00e1rio referente ao m\u00eas de abril, a Prefeitura completa 40 meses honrando com o compromisso de pagar os servidores em dia. Ao todo, a gest\u00e3o municipal j\u00e1 quitou 45 folhas salariais, sendo 40 dos meses correntes, duas folhas herdadas da administra\u00e7\u00e3o anterior e tr\u00eas folhas de d\u00e9cimo terceiro.<\/p>\n<p>Ag\u00eancia Aracaju de Not\u00edcias<\/p>\n","protected":false},"excerpt":{"rendered":"<p>O prefeito Edvaldo Nogueira, anunciou, na manh\u00e3 desta ter\u00e7a-feira, 28, o pagamento dos sal\u00e1rios dos servidores municipais referente ao m\u00eas de abril. Pelas redes sociais, o gestor informou que todos os trabalhadores da administra\u00e7\u00e3o direta e indireta, ativos e inativos, recebem nos dias 29 e 30 de abril, quarta e quinta-feira, respectivamente. Nas datas, tamb\u00e9m [&hellip;]<\/p>\n","protected":false},"author":1,"featured_media":956,"comment_status":"closed","ping_status":"closed","sticky":false,"template":"","format":"standard","meta":{"footnotes":""},"categories":[53,43],"tags":[],"class_list":["post-955","post","type-post","status-publish","format-standard","has-post-thumbnail","hentry","category-destaques","category-sergipe"],"yoast_head":"<!-- This site is optimized with the Yoast SEO plugin v27.5 - https:\/\/yoast.com\/product\/yoast-seo-wordpress\/ -->\n<title>Prefeitura pagar\u00e1 sal\u00e1rios de abril na quarta, 29, e quinta, 30 - O Coerente<\/title>\n<meta name=\"robots\" content=\"index, follow, max-snippet:-1, max-image-preview:large, max-video-preview:-1\" \/>\n<link rel=\"canonical\" href=\"https:\/\/ocoerente.com.br\/se\/2020\/04\/29\/prefeitura-pagara-salarios-de-abril-na-quarta-29-e-quinta-30\/\" \/>\n<meta property=\"og:locale\" content=\"pt_BR\" \/>\n<meta property=\"og:type\" content=\"article\" \/>\n<meta property=\"og:title\" content=\"Prefeitura pagar\u00e1 sal\u00e1rios de abril na quarta, 29, e quinta, 30 - O Coerente\" \/>\n<meta property=\"og:description\" content=\"O prefeito Edvaldo Nogueira, anunciou, na manh\u00e3 desta ter\u00e7a-feira, 28, o pagamento dos sal\u00e1rios dos servidores municipais referente ao m\u00eas de abril. Pelas redes sociais, o gestor informou que todos os trabalhadores da administra\u00e7\u00e3o direta e indireta, ativos e inativos, recebem nos dias 29 e 30 de abril, quarta e quinta-feira, respectivamente. Nas datas, tamb\u00e9m [&hellip;]\" \/>\n<meta property=\"og:url\" content=\"https:\/\/ocoerente.com.br\/se\/2020\/04\/29\/prefeitura-pagara-salarios-de-abril-na-quarta-29-e-quinta-30\/\" \/>\n<meta property=\"og:site_name\" content=\"O Coerente\" \/>\n<meta property=\"article:published_time\" content=\"2020-04-29T08:02:27+00:00\" \/>\n<meta property=\"og:image\" content=\"https:\/\/ocoerente.com.br\/se\/wp-content\/uploads\/2020\/04\/alm_2552.jpg\" \/>\n\t<meta property=\"og:image:width\" content=\"2339\" \/>\n\t<meta property=\"og:image:height\" content=\"1582\" \/>\n\t<meta property=\"og:image:type\" content=\"image\/jpeg\" \/>\n<meta name=\"author\" content=\"Reda\u00e7\u00e3o\" \/>\n<meta name=\"twitter:card\" content=\"summary_large_image\" \/>\n<meta name=\"twitter:label1\" content=\"Escrito por\" \/>\n\t<meta name=\"twitter:data1\" content=\"Reda\u00e7\u00e3o\" \/>\n\t<meta name=\"twitter:label2\" content=\"Est. tempo de leitura\" \/>\n\t<meta name=\"twitter:data2\" content=\"2 minutos\" \/>\n<script type=\"application\/ld+json\" class=\"yoast-schema-graph\">{\"@context\":\"https:\\\/\\\/schema.org\",\"@graph\":[{\"@type\":\"Article\",\"@id\":\"https:\\\/\\\/ocoerente.com.br\\\/se\\\/2020\\\/04\\\/29\\\/prefeitura-pagara-salarios-de-abril-na-quarta-29-e-quinta-30\\\/#article\",\"isPartOf\":{\"@id\":\"https:\\\/\\\/ocoerente.com.br\\\/se\\\/2020\\\/04\\\/29\\\/prefeitura-pagara-salarios-de-abril-na-quarta-29-e-quinta-30\\\/\"},\"author\":{\"name\":\"Reda\u00e7\u00e3o\",\"@id\":\"https:\\\/\\\/ocoerente.com.br\\\/se\\\/#\\\/schema\\\/person\\\/cc6bfd9fbca465e23543b0c963d8d037\"},\"headline\":\"Prefeitura pagar\u00e1 sal\u00e1rios de abril na quarta, 29, e quinta, 30\",\"datePublished\":\"2020-04-29T08:02:27+00:00\",\"mainEntityOfPage\":{\"@id\":\"https:\\\/\\\/ocoerente.com.br\\\/se\\\/2020\\\/04\\\/29\\\/prefeitura-pagara-salarios-de-abril-na-quarta-29-e-quinta-30\\\/\"},\"wordCount\":459,\"publisher\":{\"@id\":\"https:\\\/\\\/ocoerente.com.br\\\/se\\\/#\\\/schema\\\/person\\\/cc6bfd9fbca465e23543b0c963d8d037\"},\"image\":{\"@id\":\"https:\\\/\\\/ocoerente.com.br\\\/se\\\/2020\\\/04\\\/29\\\/prefeitura-pagara-salarios-de-abril-na-quarta-29-e-quinta-30\\\/#primaryimage\"},\"thumbnailUrl\":\"https:\\\/\\\/ocoerente.com.br\\\/se\\\/wp-content\\\/uploads\\\/2020\\\/04\\\/alm_2552.jpg\",\"articleSection\":[\"Destaques\",\"Sergipe\"],\"inLanguage\":\"pt-BR\"},{\"@type\":\"WebPage\",\"@id\":\"https:\\\/\\\/ocoerente.com.br\\\/se\\\/2020\\\/04\\\/29\\\/prefeitura-pagara-salarios-de-abril-na-quarta-29-e-quinta-30\\\/\",\"url\":\"https:\\\/\\\/ocoerente.com.br\\\/se\\\/2020\\\/04\\\/29\\\/prefeitura-pagara-salarios-de-abril-na-quarta-29-e-quinta-30\\\/\",\"name\":\"Prefeitura pagar\u00e1 sal\u00e1rios de abril na quarta, 29, e quinta, 30 - O Coerente\",\"isPartOf\":{\"@id\":\"https:\\\/\\\/ocoerente.com.br\\\/se\\\/#website\"},\"primaryImageOfPage\":{\"@id\":\"https:\\\/\\\/ocoerente.com.br\\\/se\\\/2020\\\/04\\\/29\\\/prefeitura-pagara-salarios-de-abril-na-quarta-29-e-quinta-30\\\/#primaryimage\"},\"image\":{\"@id\":\"https:\\\/\\\/ocoerente.com.br\\\/se\\\/2020\\\/04\\\/29\\\/prefeitura-pagara-salarios-de-abril-na-quarta-29-e-quinta-30\\\/#primaryimage\"},\"thumbnailUrl\":\"https:\\\/\\\/ocoerente.com.br\\\/se\\\/wp-content\\\/uploads\\\/2020\\\/04\\\/alm_2552.jpg\",\"datePublished\":\"2020-04-29T08:02:27+00:00\",\"breadcrumb\":{\"@id\":\"https:\\\/\\\/ocoerente.com.br\\\/se\\\/2020\\\/04\\\/29\\\/prefeitura-pagara-salarios-de-abril-na-quarta-29-e-quinta-30\\\/#breadcrumb\"},\"inLanguage\":\"pt-BR\",\"potentialAction\":[{\"@type\":\"ReadAction\",\"target\":[\"https:\\\/\\\/ocoerente.com.br\\\/se\\\/2020\\\/04\\\/29\\\/prefeitura-pagara-salarios-de-abril-na-quarta-29-e-quinta-30\\\/\"]}]},{\"@type\":\"ImageObject\",\"inLanguage\":\"pt-BR\",\"@id\":\"https:\\\/\\\/ocoerente.com.br\\\/se\\\/2020\\\/04\\\/29\\\/prefeitura-pagara-salarios-de-abril-na-quarta-29-e-quinta-30\\\/#primaryimage\",\"url\":\"https:\\\/\\\/ocoerente.com.br\\\/se\\\/wp-content\\\/uploads\\\/2020\\\/04\\\/alm_2552.jpg\",\"contentUrl\":\"https:\\\/\\\/ocoerente.com.br\\\/se\\\/wp-content\\\/uploads\\\/2020\\\/04\\\/alm_2552.jpg\",\"width\":2339,\"height\":1582},{\"@type\":\"BreadcrumbList\",\"@id\":\"https:\\\/\\\/ocoerente.com.br\\\/se\\\/2020\\\/04\\\/29\\\/prefeitura-pagara-salarios-de-abril-na-quarta-29-e-quinta-30\\\/#breadcrumb\",\"itemListElement\":[{\"@type\":\"ListItem\",\"position\":1,\"name\":\"In\u00edcio\",\"item\":\"https:\\\/\\\/ocoerente.com.br\\\/se\\\/\"},{\"@type\":\"ListItem\",\"position\":2,\"name\":\"Prefeitura pagar\u00e1 sal\u00e1rios de abril na quarta, 29, e quinta, 30\"}]},{\"@type\":\"WebSite\",\"@id\":\"https:\\\/\\\/ocoerente.com.br\\\/se\\\/#website\",\"url\":\"https:\\\/\\\/ocoerente.com.br\\\/se\\\/\",\"name\":\"O Coerente\",\"description\":\"\",\"publisher\":{\"@id\":\"https:\\\/\\\/ocoerente.com.br\\\/se\\\/#\\\/schema\\\/person\\\/cc6bfd9fbca465e23543b0c963d8d037\"},\"potentialAction\":[{\"@type\":\"SearchAction\",\"target\":{\"@type\":\"EntryPoint\",\"urlTemplate\":\"https:\\\/\\\/ocoerente.com.br\\\/se\\\/?s={search_term_string}\"},\"query-input\":{\"@type\":\"PropertyValueSpecification\",\"valueRequired\":true,\"valueName\":\"search_term_string\"}}],\"inLanguage\":\"pt-BR\"},{\"@type\":[\"Person\",\"Organization\"],\"@id\":\"https:\\\/\\\/ocoerente.com.br\\\/se\\\/#\\\/schema\\\/person\\\/cc6bfd9fbca465e23543b0c963d8d037\",\"name\":\"Reda\u00e7\u00e3o\",\"image\":{\"@type\":\"ImageObject\",\"inLanguage\":\"pt-BR\",\"@id\":\"https:\\\/\\\/ocoerente.com.br\\\/se\\\/wp-content\\\/uploads\\\/2020\\\/01\\\/ocoerente-1.png\",\"url\":\"https:\\\/\\\/ocoerente.com.br\\\/se\\\/wp-content\\\/uploads\\\/2020\\\/01\\\/ocoerente-1.png\",\"contentUrl\":\"https:\\\/\\\/ocoerente.com.br\\\/se\\\/wp-content\\\/uploads\\\/2020\\\/01\\\/ocoerente-1.png\",\"width\":50,\"height\":50,\"caption\":\"Reda\u00e7\u00e3o\"},\"logo\":{\"@id\":\"https:\\\/\\\/ocoerente.com.br\\\/se\\\/wp-content\\\/uploads\\\/2020\\\/01\\\/ocoerente-1.png\"},\"url\":\"https:\\\/\\\/ocoerente.com.br\\\/se\\\/author\\\/vasticlsales\\\/\"}]}<\/script>\n<!-- \/ Yoast SEO plugin. -->","yoast_head_json":{"title":"Prefeitura pagar\u00e1 sal\u00e1rios de abril na quarta, 29, e quinta, 30 - O Coerente","robots":{"index":"index","follow":"follow","max-snippet":"max-snippet:-1","max-image-preview":"max-image-preview:large","max-video-preview":"max-video-preview:-1"},"canonical":"https:\/\/ocoerente.com.br\/se\/2020\/04\/29\/prefeitura-pagara-salarios-de-abril-na-quarta-29-e-quinta-30\/","og_locale":"pt_BR","og_type":"article","og_title":"Prefeitura pagar\u00e1 sal\u00e1rios de abril na quarta, 29, e quinta, 30 - O Coerente","og_description":"O prefeito Edvaldo Nogueira, anunciou, na manh\u00e3 desta ter\u00e7a-feira, 28, o pagamento dos sal\u00e1rios dos servidores municipais referente ao m\u00eas de abril. Pelas redes sociais, o gestor informou que todos os trabalhadores da administra\u00e7\u00e3o direta e indireta, ativos e inativos, recebem nos dias 29 e 30 de abril, quarta e quinta-feira, respectivamente. Nas datas, tamb\u00e9m [&hellip;]","og_url":"https:\/\/ocoerente.com.br\/se\/2020\/04\/29\/prefeitura-pagara-salarios-de-abril-na-quarta-29-e-quinta-30\/","og_site_name":"O Coerente","article_published_time":"2020-04-29T08:02:27+00:00","og_image":[{"width":2339,"height":1582,"url":"https:\/\/ocoerente.com.br\/se\/wp-content\/uploads\/2020\/04\/alm_2552.jpg","type":"image\/jpeg"}],"author":"Reda\u00e7\u00e3o","twitter_card":"summary_large_image","twitter_misc":{"Escrito por":"Reda\u00e7\u00e3o","Est. tempo de leitura":"2 minutos"},"schema":{"@context":"https:\/\/schema.org","@graph":[{"@type":"Article","@id":"https:\/\/ocoerente.com.br\/se\/2020\/04\/29\/prefeitura-pagara-salarios-de-abril-na-quarta-29-e-quinta-30\/#article","isPartOf":{"@id":"https:\/\/ocoerente.com.br\/se\/2020\/04\/29\/prefeitura-pagara-salarios-de-abril-na-quarta-29-e-quinta-30\/"},"author":{"name":"Reda\u00e7\u00e3o","@id":"https:\/\/ocoerente.com.br\/se\/#\/schema\/person\/cc6bfd9fbca465e23543b0c963d8d037"},"headline":"Prefeitura pagar\u00e1 sal\u00e1rios de abril na quarta, 29, e quinta, 30","datePublished":"2020-04-29T08:02:27+00:00","mainEntityOfPage":{"@id":"https:\/\/ocoerente.com.br\/se\/2020\/04\/29\/prefeitura-pagara-salarios-de-abril-na-quarta-29-e-quinta-30\/"},"wordCount":459,"publisher":{"@id":"https:\/\/ocoerente.com.br\/se\/#\/schema\/person\/cc6bfd9fbca465e23543b0c963d8d037"},"image":{"@id":"https:\/\/ocoerente.com.br\/se\/2020\/04\/29\/prefeitura-pagara-salarios-de-abril-na-quarta-29-e-quinta-30\/#primaryimage"},"thumbnailUrl":"https:\/\/ocoerente.com.br\/se\/wp-content\/uploads\/2020\/04\/alm_2552.jpg","articleSection":["Destaques","Sergipe"],"inLanguage":"pt-BR"},{"@type":"WebPage","@id":"https:\/\/ocoerente.com.br\/se\/2020\/04\/29\/prefeitura-pagara-salarios-de-abril-na-quarta-29-e-quinta-30\/","url":"https:\/\/ocoerente.com.br\/se\/2020\/04\/29\/prefeitura-pagara-salarios-de-abril-na-quarta-29-e-quinta-30\/","name":"Prefeitura pagar\u00e1 sal\u00e1rios de abril na quarta, 29, e quinta, 30 - O Coerente","isPartOf":{"@id":"https:\/\/ocoerente.com.br\/se\/#website"},"primaryImageOfPage":{"@id":"https:\/\/ocoerente.com.br\/se\/2020\/04\/29\/prefeitura-pagara-salarios-de-abril-na-quarta-29-e-quinta-30\/#primaryimage"},"image":{"@id":"https:\/\/ocoerente.com.br\/se\/2020\/04\/29\/prefeitura-pagara-salarios-de-abril-na-quarta-29-e-quinta-30\/#primaryimage"},"thumbnailUrl":"https:\/\/ocoerente.com.br\/se\/wp-content\/uploads\/2020\/04\/alm_2552.jpg","datePublished":"2020-04-29T08:02:27+00:00","breadcrumb":{"@id":"https:\/\/ocoerente.com.br\/se\/2020\/04\/29\/prefeitura-pagara-salarios-de-abril-na-quarta-29-e-quinta-30\/#breadcrumb"},"inLanguage":"pt-BR","potentialAction":[{"@type":"ReadAction","target":["https:\/\/ocoerente.com.br\/se\/2020\/04\/29\/prefeitura-pagara-salarios-de-abril-na-quarta-29-e-quinta-30\/"]}]},{"@type":"ImageObject","inLanguage":"pt-BR","@id":"https:\/\/ocoerente.com.br\/se\/2020\/04\/29\/prefeitura-pagara-salarios-de-abril-na-quarta-29-e-quinta-30\/#primaryimage","url":"https:\/\/ocoerente.com.br\/se\/wp-content\/uploads\/2020\/04\/alm_2552.jpg","contentUrl":"https:\/\/ocoerente.com.br\/se\/wp-content\/uploads\/2020\/04\/alm_2552.jpg","width":2339,"height":1582},{"@type":"BreadcrumbList","@id":"https:\/\/ocoerente.com.br\/se\/2020\/04\/29\/prefeitura-pagara-salarios-de-abril-na-quarta-29-e-quinta-30\/#breadcrumb","itemListElement":[{"@type":"ListItem","position":1,"name":"In\u00edcio","item":"https:\/\/ocoerente.com.br\/se\/"},{"@type":"ListItem","position":2,"name":"Prefeitura pagar\u00e1 sal\u00e1rios de abril na quarta, 29, e quinta, 30"}]},{"@type":"WebSite","@id":"https:\/\/ocoerente.com.br\/se\/#website","url":"https:\/\/ocoerente.com.br\/se\/","name":"O Coerente","description":"","publisher":{"@id":"https:\/\/ocoerente.com.br\/se\/#\/schema\/person\/cc6bfd9fbca465e23543b0c963d8d037"},"potentialAction":[{"@type":"SearchAction","target":{"@type":"EntryPoint","urlTemplate":"https:\/\/ocoerente.com.br\/se\/?s={search_term_string}"},"query-input":{"@type":"PropertyValueSpecification","valueRequired":true,"valueName":"search_term_string"}}],"inLanguage":"pt-BR"},{"@type":["Person","Organization"],"@id":"https:\/\/ocoerente.com.br\/se\/#\/schema\/person\/cc6bfd9fbca465e23543b0c963d8d037","name":"Reda\u00e7\u00e3o","image":{"@type":"ImageObject","inLanguage":"pt-BR","@id":"https:\/\/ocoerente.com.br\/se\/wp-content\/uploads\/2020\/01\/ocoerente-1.png","url":"https:\/\/ocoerente.com.br\/se\/wp-content\/uploads\/2020\/01\/ocoerente-1.png","contentUrl":"https:\/\/ocoerente.com.br\/se\/wp-content\/uploads\/2020\/01\/ocoerente-1.png","width":50,"height":50,"caption":"Reda\u00e7\u00e3o"},"logo":{"@id":"https:\/\/ocoerente.com.br\/se\/wp-content\/uploads\/2020\/01\/ocoerente-1.png"},"url":"https:\/\/ocoerente.com.br\/se\/author\/vasticlsales\/"}]}},"_links":{"self":[{"href":"https:\/\/ocoerente.com.br\/se\/wp-json\/wp\/v2\/posts\/955","targetHints":{"allow":["GET"]}}],"collection":[{"href":"https:\/\/ocoerente.com.br\/se\/wp-json\/wp\/v2\/posts"}],"about":[{"href":"https:\/\/ocoerente.com.br\/se\/wp-json\/wp\/v2\/types\/post"}],"author":[{"embeddable":true,"href":"https:\/\/ocoerente.com.br\/se\/wp-json\/wp\/v2\/users\/1"}],"replies":[{"embeddable":true,"href":"https:\/\/ocoerente.com.br\/se\/wp-json\/wp\/v2\/comments?post=955"}],"version-history":[{"count":1,"href":"https:\/\/ocoerente.com.br\/se\/wp-json\/wp\/v2\/posts\/955\/revisions"}],"predecessor-version":[{"id":957,"href":"https:\/\/ocoerente.com.br\/se\/wp-json\/wp\/v2\/posts\/955\/revisions\/957"}],"wp:featuredmedia":[{"embeddable":true,"href":"https:\/\/ocoerente.com.br\/se\/wp-json\/wp\/v2\/media\/956"}],"wp:attachment":[{"href":"https:\/\/ocoerente.com.br\/se\/wp-json\/wp\/v2\/media?parent=955"}],"wp:term":[{"taxonomy":"category","embeddable":true,"href":"https:\/\/ocoerente.com.br\/se\/wp-json\/wp\/v2\/categories?post=955"},{"taxonomy":"post_tag","embeddable":true,"href":"https:\/\/ocoerente.com.br\/se\/wp-json\/wp\/v2\/tags?post=955"}],"curies":[{"name":"wp","href":"https:\/\/api.w.org\/{rel}","templated":true}]}}