{"id":927,"date":"2020-04-25T18:41:59","date_gmt":"2020-04-25T21:41:59","guid":{"rendered":"http:\/\/ocoerente.com.br\/se\/?p=927"},"modified":"2020-04-25T18:41:59","modified_gmt":"2020-04-25T21:41:59","slug":"carlos-lupi-pdt-psb-pv-e-rede-decidem-apoiar-impeachment-juntos","status":"publish","type":"post","link":"https:\/\/ocoerente.com.br\/se\/2020\/04\/25\/carlos-lupi-pdt-psb-pv-e-rede-decidem-apoiar-impeachment-juntos\/","title":{"rendered":"CARLOS LUPI: PDT, PSB, PV e Rede decidem apoiar impeachment juntos"},"content":{"rendered":"<p>PDT, PSB, PV e Rede, ap\u00f3s reuni\u00e3o de suas dire\u00e7\u00f5es realizada por videoconfer\u00eancia no in\u00edcio da noite de hoje, decidem conjuntamente apoiar as iniciativas de cada partido e sua respectiva bancada pelo impeachment do atual presidente Jair\u00a0<a class=\"stylish-link\" title=\"PGR abre inqu\u00e9rito para Moro explicar suas acusa\u00e7\u00f5es\" href=\"https:\/\/portaldisparada.com.br\/direito-e-judiciario\/pgr-inquerito-moro-acusacoes\/\" target=\"_blank\" rel=\"noopener noreferrer\">Bolsonaro<\/a>.<\/p>\n<p>O presidente tem demonstrado total desapre\u00e7o \u00e0 democracia, \u00e0 Constitui\u00e7\u00e3o Federal e aos poderes constitu\u00eddos da Rep\u00fablica, bem como \u00e0 ci\u00eancia e \u00e0 sa\u00fade do povo brasileiro. Nas \u00faltimas semanas, Bolsonaro tem incitado o desrespeito \u00e0s orienta\u00e7\u00f5es da Organiza\u00e7\u00e3o Mundial da Sa\u00fade a respeito da pandemia de Covid-19, estimulando, assim, a contamina\u00e7\u00e3o de milhares de pessoas.<\/p>\n<p>Ap\u00f3s demitir seu Ministro da Sa\u00fade unicamente por este seguir as orienta\u00e7\u00f5es cient\u00edficas mundiais, Bolsonaro cria hoje uma nova crise pol\u00edtica ao exonerar o diretor-geral da Pol\u00edcia Federal, sem nenhuma justificativa e, de acordo com o ex-ministro S\u00e9rgio Moro, com a inten\u00e7\u00e3o de influenciar pessoalmente nas atividades e investiga\u00e7\u00f5es da PF.<\/p>\n<p>O discurso do presidente no final da tarde, transmitido em rede nacional, n\u00e3o apresentou consist\u00eancia alguma. Bolsonaro ocupou a maior parte do tempo elencando assuntos familiares, esquecendo-se de que, antes do chefe de fam\u00edlia, deveria ser o chefe de Estado da na\u00e7\u00e3o brasileira. O presidente mostra, a cada dia, n\u00e3o estar minimamente \u00e0 altura do seu cargo, em especial no momento delicado pelo qual passam o Brasil e o mundo.<\/p>\n<p>PDT, PSB, PV e Rede se mant\u00eam unidos em defesa da democracia, das institui\u00e7\u00f5es republicanas e da sa\u00fade do povo brasileiro.<\/p>\n<p>Por Carlos Lupi<\/p>\n","protected":false},"excerpt":{"rendered":"<p>PDT, PSB, PV e Rede, ap\u00f3s reuni\u00e3o de suas dire\u00e7\u00f5es realizada por videoconfer\u00eancia no in\u00edcio da noite de hoje, decidem conjuntamente apoiar as iniciativas de cada partido e sua respectiva bancada pelo impeachment do atual presidente Jair\u00a0Bolsonaro. O presidente tem demonstrado total desapre\u00e7o \u00e0 democracia, \u00e0 Constitui\u00e7\u00e3o Federal e aos poderes constitu\u00eddos da Rep\u00fablica, bem [&hellip;]<\/p>\n","protected":false},"author":1,"featured_media":928,"comment_status":"closed","ping_status":"closed","sticky":false,"template":"","format":"standard","meta":{"footnotes":""},"categories":[48,53],"tags":[],"class_list":["post-927","post","type-post","status-publish","format-standard","has-post-thumbnail","hentry","category-brasil","category-destaques"],"yoast_head":"<!-- This site is optimized with the Yoast SEO plugin v27.4 - https:\/\/yoast.com\/product\/yoast-seo-wordpress\/ -->\n<title>CARLOS LUPI: PDT, PSB, PV e Rede decidem apoiar impeachment juntos - O Coerente<\/title>\n<meta name=\"robots\" content=\"index, follow, max-snippet:-1, max-image-preview:large, max-video-preview:-1\" \/>\n<link rel=\"canonical\" href=\"https:\/\/ocoerente.com.br\/se\/2020\/04\/25\/carlos-lupi-pdt-psb-pv-e-rede-decidem-apoiar-impeachment-juntos\/\" \/>\n<meta property=\"og:locale\" content=\"pt_BR\" \/>\n<meta property=\"og:type\" content=\"article\" \/>\n<meta property=\"og:title\" content=\"CARLOS LUPI: PDT, PSB, PV e Rede decidem apoiar impeachment juntos - O Coerente\" \/>\n<meta property=\"og:description\" content=\"PDT, PSB, PV e Rede, ap\u00f3s reuni\u00e3o de suas dire\u00e7\u00f5es realizada por videoconfer\u00eancia no in\u00edcio da noite de hoje, decidem conjuntamente apoiar as iniciativas de cada partido e sua respectiva bancada pelo impeachment do atual presidente Jair\u00a0Bolsonaro. O presidente tem demonstrado total desapre\u00e7o \u00e0 democracia, \u00e0 Constitui\u00e7\u00e3o Federal e aos poderes constitu\u00eddos da Rep\u00fablica, bem [&hellip;]\" \/>\n<meta property=\"og:url\" content=\"https:\/\/ocoerente.com.br\/se\/2020\/04\/25\/carlos-lupi-pdt-psb-pv-e-rede-decidem-apoiar-impeachment-juntos\/\" \/>\n<meta property=\"og:site_name\" content=\"O Coerente\" \/>\n<meta property=\"article:published_time\" content=\"2020-04-25T21:41:59+00:00\" \/>\n<meta property=\"og:image\" content=\"https:\/\/ocoerente.com.br\/se\/wp-content\/uploads\/2020\/04\/CARLOS-LUPI-PDT-PSB-PV-e-Rede-decidem-apoiar-impeachment-juntos.jpg\" \/>\n\t<meta property=\"og:image:width\" content=\"768\" \/>\n\t<meta property=\"og:image:height\" content=\"768\" \/>\n\t<meta property=\"og:image:type\" content=\"image\/jpeg\" \/>\n<meta name=\"author\" content=\"Reda\u00e7\u00e3o\" \/>\n<meta name=\"twitter:card\" content=\"summary_large_image\" \/>\n<meta name=\"twitter:label1\" content=\"Escrito por\" \/>\n\t<meta name=\"twitter:data1\" content=\"Reda\u00e7\u00e3o\" \/>\n\t<meta name=\"twitter:label2\" content=\"Est. tempo de leitura\" \/>\n\t<meta name=\"twitter:data2\" content=\"1 minuto\" \/>\n<script type=\"application\/ld+json\" class=\"yoast-schema-graph\">{\"@context\":\"https:\\\/\\\/schema.org\",\"@graph\":[{\"@type\":\"Article\",\"@id\":\"https:\\\/\\\/ocoerente.com.br\\\/se\\\/2020\\\/04\\\/25\\\/carlos-lupi-pdt-psb-pv-e-rede-decidem-apoiar-impeachment-juntos\\\/#article\",\"isPartOf\":{\"@id\":\"https:\\\/\\\/ocoerente.com.br\\\/se\\\/2020\\\/04\\\/25\\\/carlos-lupi-pdt-psb-pv-e-rede-decidem-apoiar-impeachment-juntos\\\/\"},\"author\":{\"name\":\"Reda\u00e7\u00e3o\",\"@id\":\"https:\\\/\\\/ocoerente.com.br\\\/se\\\/#\\\/schema\\\/person\\\/cc6bfd9fbca465e23543b0c963d8d037\"},\"headline\":\"CARLOS LUPI: PDT, PSB, PV e Rede decidem apoiar impeachment juntos\",\"datePublished\":\"2020-04-25T21:41:59+00:00\",\"mainEntityOfPage\":{\"@id\":\"https:\\\/\\\/ocoerente.com.br\\\/se\\\/2020\\\/04\\\/25\\\/carlos-lupi-pdt-psb-pv-e-rede-decidem-apoiar-impeachment-juntos\\\/\"},\"wordCount\":277,\"publisher\":{\"@id\":\"https:\\\/\\\/ocoerente.com.br\\\/se\\\/#\\\/schema\\\/person\\\/cc6bfd9fbca465e23543b0c963d8d037\"},\"image\":{\"@id\":\"https:\\\/\\\/ocoerente.com.br\\\/se\\\/2020\\\/04\\\/25\\\/carlos-lupi-pdt-psb-pv-e-rede-decidem-apoiar-impeachment-juntos\\\/#primaryimage\"},\"thumbnailUrl\":\"https:\\\/\\\/ocoerente.com.br\\\/se\\\/wp-content\\\/uploads\\\/2020\\\/04\\\/CARLOS-LUPI-PDT-PSB-PV-e-Rede-decidem-apoiar-impeachment-juntos.jpg\",\"articleSection\":[\"Brasil\",\"Destaques\"],\"inLanguage\":\"pt-BR\"},{\"@type\":\"WebPage\",\"@id\":\"https:\\\/\\\/ocoerente.com.br\\\/se\\\/2020\\\/04\\\/25\\\/carlos-lupi-pdt-psb-pv-e-rede-decidem-apoiar-impeachment-juntos\\\/\",\"url\":\"https:\\\/\\\/ocoerente.com.br\\\/se\\\/2020\\\/04\\\/25\\\/carlos-lupi-pdt-psb-pv-e-rede-decidem-apoiar-impeachment-juntos\\\/\",\"name\":\"CARLOS LUPI: PDT, PSB, PV e Rede decidem apoiar impeachment juntos - O Coerente\",\"isPartOf\":{\"@id\":\"https:\\\/\\\/ocoerente.com.br\\\/se\\\/#website\"},\"primaryImageOfPage\":{\"@id\":\"https:\\\/\\\/ocoerente.com.br\\\/se\\\/2020\\\/04\\\/25\\\/carlos-lupi-pdt-psb-pv-e-rede-decidem-apoiar-impeachment-juntos\\\/#primaryimage\"},\"image\":{\"@id\":\"https:\\\/\\\/ocoerente.com.br\\\/se\\\/2020\\\/04\\\/25\\\/carlos-lupi-pdt-psb-pv-e-rede-decidem-apoiar-impeachment-juntos\\\/#primaryimage\"},\"thumbnailUrl\":\"https:\\\/\\\/ocoerente.com.br\\\/se\\\/wp-content\\\/uploads\\\/2020\\\/04\\\/CARLOS-LUPI-PDT-PSB-PV-e-Rede-decidem-apoiar-impeachment-juntos.jpg\",\"datePublished\":\"2020-04-25T21:41:59+00:00\",\"breadcrumb\":{\"@id\":\"https:\\\/\\\/ocoerente.com.br\\\/se\\\/2020\\\/04\\\/25\\\/carlos-lupi-pdt-psb-pv-e-rede-decidem-apoiar-impeachment-juntos\\\/#breadcrumb\"},\"inLanguage\":\"pt-BR\",\"potentialAction\":[{\"@type\":\"ReadAction\",\"target\":[\"https:\\\/\\\/ocoerente.com.br\\\/se\\\/2020\\\/04\\\/25\\\/carlos-lupi-pdt-psb-pv-e-rede-decidem-apoiar-impeachment-juntos\\\/\"]}]},{\"@type\":\"ImageObject\",\"inLanguage\":\"pt-BR\",\"@id\":\"https:\\\/\\\/ocoerente.com.br\\\/se\\\/2020\\\/04\\\/25\\\/carlos-lupi-pdt-psb-pv-e-rede-decidem-apoiar-impeachment-juntos\\\/#primaryimage\",\"url\":\"https:\\\/\\\/ocoerente.com.br\\\/se\\\/wp-content\\\/uploads\\\/2020\\\/04\\\/CARLOS-LUPI-PDT-PSB-PV-e-Rede-decidem-apoiar-impeachment-juntos.jpg\",\"contentUrl\":\"https:\\\/\\\/ocoerente.com.br\\\/se\\\/wp-content\\\/uploads\\\/2020\\\/04\\\/CARLOS-LUPI-PDT-PSB-PV-e-Rede-decidem-apoiar-impeachment-juntos.jpg\",\"width\":768,\"height\":768},{\"@type\":\"BreadcrumbList\",\"@id\":\"https:\\\/\\\/ocoerente.com.br\\\/se\\\/2020\\\/04\\\/25\\\/carlos-lupi-pdt-psb-pv-e-rede-decidem-apoiar-impeachment-juntos\\\/#breadcrumb\",\"itemListElement\":[{\"@type\":\"ListItem\",\"position\":1,\"name\":\"In\u00edcio\",\"item\":\"https:\\\/\\\/ocoerente.com.br\\\/se\\\/\"},{\"@type\":\"ListItem\",\"position\":2,\"name\":\"CARLOS LUPI: PDT, PSB, PV e Rede decidem apoiar impeachment juntos\"}]},{\"@type\":\"WebSite\",\"@id\":\"https:\\\/\\\/ocoerente.com.br\\\/se\\\/#website\",\"url\":\"https:\\\/\\\/ocoerente.com.br\\\/se\\\/\",\"name\":\"O Coerente\",\"description\":\"\",\"publisher\":{\"@id\":\"https:\\\/\\\/ocoerente.com.br\\\/se\\\/#\\\/schema\\\/person\\\/cc6bfd9fbca465e23543b0c963d8d037\"},\"potentialAction\":[{\"@type\":\"SearchAction\",\"target\":{\"@type\":\"EntryPoint\",\"urlTemplate\":\"https:\\\/\\\/ocoerente.com.br\\\/se\\\/?s={search_term_string}\"},\"query-input\":{\"@type\":\"PropertyValueSpecification\",\"valueRequired\":true,\"valueName\":\"search_term_string\"}}],\"inLanguage\":\"pt-BR\"},{\"@type\":[\"Person\",\"Organization\"],\"@id\":\"https:\\\/\\\/ocoerente.com.br\\\/se\\\/#\\\/schema\\\/person\\\/cc6bfd9fbca465e23543b0c963d8d037\",\"name\":\"Reda\u00e7\u00e3o\",\"image\":{\"@type\":\"ImageObject\",\"inLanguage\":\"pt-BR\",\"@id\":\"https:\\\/\\\/ocoerente.com.br\\\/se\\\/wp-content\\\/uploads\\\/2020\\\/01\\\/ocoerente-1.png\",\"url\":\"https:\\\/\\\/ocoerente.com.br\\\/se\\\/wp-content\\\/uploads\\\/2020\\\/01\\\/ocoerente-1.png\",\"contentUrl\":\"https:\\\/\\\/ocoerente.com.br\\\/se\\\/wp-content\\\/uploads\\\/2020\\\/01\\\/ocoerente-1.png\",\"width\":50,\"height\":50,\"caption\":\"Reda\u00e7\u00e3o\"},\"logo\":{\"@id\":\"https:\\\/\\\/ocoerente.com.br\\\/se\\\/wp-content\\\/uploads\\\/2020\\\/01\\\/ocoerente-1.png\"},\"url\":\"https:\\\/\\\/ocoerente.com.br\\\/se\\\/author\\\/vasticlsales\\\/\"}]}<\/script>\n<!-- \/ Yoast SEO plugin. -->","yoast_head_json":{"title":"CARLOS LUPI: PDT, PSB, PV e Rede decidem apoiar impeachment juntos - O Coerente","robots":{"index":"index","follow":"follow","max-snippet":"max-snippet:-1","max-image-preview":"max-image-preview:large","max-video-preview":"max-video-preview:-1"},"canonical":"https:\/\/ocoerente.com.br\/se\/2020\/04\/25\/carlos-lupi-pdt-psb-pv-e-rede-decidem-apoiar-impeachment-juntos\/","og_locale":"pt_BR","og_type":"article","og_title":"CARLOS LUPI: PDT, PSB, PV e Rede decidem apoiar impeachment juntos - O Coerente","og_description":"PDT, PSB, PV e Rede, ap\u00f3s reuni\u00e3o de suas dire\u00e7\u00f5es realizada por videoconfer\u00eancia no in\u00edcio da noite de hoje, decidem conjuntamente apoiar as iniciativas de cada partido e sua respectiva bancada pelo impeachment do atual presidente Jair\u00a0Bolsonaro. O presidente tem demonstrado total desapre\u00e7o \u00e0 democracia, \u00e0 Constitui\u00e7\u00e3o Federal e aos poderes constitu\u00eddos da Rep\u00fablica, bem [&hellip;]","og_url":"https:\/\/ocoerente.com.br\/se\/2020\/04\/25\/carlos-lupi-pdt-psb-pv-e-rede-decidem-apoiar-impeachment-juntos\/","og_site_name":"O Coerente","article_published_time":"2020-04-25T21:41:59+00:00","og_image":[{"width":768,"height":768,"url":"https:\/\/ocoerente.com.br\/se\/wp-content\/uploads\/2020\/04\/CARLOS-LUPI-PDT-PSB-PV-e-Rede-decidem-apoiar-impeachment-juntos.jpg","type":"image\/jpeg"}],"author":"Reda\u00e7\u00e3o","twitter_card":"summary_large_image","twitter_misc":{"Escrito por":"Reda\u00e7\u00e3o","Est. tempo de leitura":"1 minuto"},"schema":{"@context":"https:\/\/schema.org","@graph":[{"@type":"Article","@id":"https:\/\/ocoerente.com.br\/se\/2020\/04\/25\/carlos-lupi-pdt-psb-pv-e-rede-decidem-apoiar-impeachment-juntos\/#article","isPartOf":{"@id":"https:\/\/ocoerente.com.br\/se\/2020\/04\/25\/carlos-lupi-pdt-psb-pv-e-rede-decidem-apoiar-impeachment-juntos\/"},"author":{"name":"Reda\u00e7\u00e3o","@id":"https:\/\/ocoerente.com.br\/se\/#\/schema\/person\/cc6bfd9fbca465e23543b0c963d8d037"},"headline":"CARLOS LUPI: PDT, PSB, PV e Rede decidem apoiar impeachment juntos","datePublished":"2020-04-25T21:41:59+00:00","mainEntityOfPage":{"@id":"https:\/\/ocoerente.com.br\/se\/2020\/04\/25\/carlos-lupi-pdt-psb-pv-e-rede-decidem-apoiar-impeachment-juntos\/"},"wordCount":277,"publisher":{"@id":"https:\/\/ocoerente.com.br\/se\/#\/schema\/person\/cc6bfd9fbca465e23543b0c963d8d037"},"image":{"@id":"https:\/\/ocoerente.com.br\/se\/2020\/04\/25\/carlos-lupi-pdt-psb-pv-e-rede-decidem-apoiar-impeachment-juntos\/#primaryimage"},"thumbnailUrl":"https:\/\/ocoerente.com.br\/se\/wp-content\/uploads\/2020\/04\/CARLOS-LUPI-PDT-PSB-PV-e-Rede-decidem-apoiar-impeachment-juntos.jpg","articleSection":["Brasil","Destaques"],"inLanguage":"pt-BR"},{"@type":"WebPage","@id":"https:\/\/ocoerente.com.br\/se\/2020\/04\/25\/carlos-lupi-pdt-psb-pv-e-rede-decidem-apoiar-impeachment-juntos\/","url":"https:\/\/ocoerente.com.br\/se\/2020\/04\/25\/carlos-lupi-pdt-psb-pv-e-rede-decidem-apoiar-impeachment-juntos\/","name":"CARLOS LUPI: PDT, PSB, PV e Rede decidem apoiar impeachment juntos - O Coerente","isPartOf":{"@id":"https:\/\/ocoerente.com.br\/se\/#website"},"primaryImageOfPage":{"@id":"https:\/\/ocoerente.com.br\/se\/2020\/04\/25\/carlos-lupi-pdt-psb-pv-e-rede-decidem-apoiar-impeachment-juntos\/#primaryimage"},"image":{"@id":"https:\/\/ocoerente.com.br\/se\/2020\/04\/25\/carlos-lupi-pdt-psb-pv-e-rede-decidem-apoiar-impeachment-juntos\/#primaryimage"},"thumbnailUrl":"https:\/\/ocoerente.com.br\/se\/wp-content\/uploads\/2020\/04\/CARLOS-LUPI-PDT-PSB-PV-e-Rede-decidem-apoiar-impeachment-juntos.jpg","datePublished":"2020-04-25T21:41:59+00:00","breadcrumb":{"@id":"https:\/\/ocoerente.com.br\/se\/2020\/04\/25\/carlos-lupi-pdt-psb-pv-e-rede-decidem-apoiar-impeachment-juntos\/#breadcrumb"},"inLanguage":"pt-BR","potentialAction":[{"@type":"ReadAction","target":["https:\/\/ocoerente.com.br\/se\/2020\/04\/25\/carlos-lupi-pdt-psb-pv-e-rede-decidem-apoiar-impeachment-juntos\/"]}]},{"@type":"ImageObject","inLanguage":"pt-BR","@id":"https:\/\/ocoerente.com.br\/se\/2020\/04\/25\/carlos-lupi-pdt-psb-pv-e-rede-decidem-apoiar-impeachment-juntos\/#primaryimage","url":"https:\/\/ocoerente.com.br\/se\/wp-content\/uploads\/2020\/04\/CARLOS-LUPI-PDT-PSB-PV-e-Rede-decidem-apoiar-impeachment-juntos.jpg","contentUrl":"https:\/\/ocoerente.com.br\/se\/wp-content\/uploads\/2020\/04\/CARLOS-LUPI-PDT-PSB-PV-e-Rede-decidem-apoiar-impeachment-juntos.jpg","width":768,"height":768},{"@type":"BreadcrumbList","@id":"https:\/\/ocoerente.com.br\/se\/2020\/04\/25\/carlos-lupi-pdt-psb-pv-e-rede-decidem-apoiar-impeachment-juntos\/#breadcrumb","itemListElement":[{"@type":"ListItem","position":1,"name":"In\u00edcio","item":"https:\/\/ocoerente.com.br\/se\/"},{"@type":"ListItem","position":2,"name":"CARLOS LUPI: PDT, PSB, PV e Rede decidem apoiar impeachment juntos"}]},{"@type":"WebSite","@id":"https:\/\/ocoerente.com.br\/se\/#website","url":"https:\/\/ocoerente.com.br\/se\/","name":"O Coerente","description":"","publisher":{"@id":"https:\/\/ocoerente.com.br\/se\/#\/schema\/person\/cc6bfd9fbca465e23543b0c963d8d037"},"potentialAction":[{"@type":"SearchAction","target":{"@type":"EntryPoint","urlTemplate":"https:\/\/ocoerente.com.br\/se\/?s={search_term_string}"},"query-input":{"@type":"PropertyValueSpecification","valueRequired":true,"valueName":"search_term_string"}}],"inLanguage":"pt-BR"},{"@type":["Person","Organization"],"@id":"https:\/\/ocoerente.com.br\/se\/#\/schema\/person\/cc6bfd9fbca465e23543b0c963d8d037","name":"Reda\u00e7\u00e3o","image":{"@type":"ImageObject","inLanguage":"pt-BR","@id":"https:\/\/ocoerente.com.br\/se\/wp-content\/uploads\/2020\/01\/ocoerente-1.png","url":"https:\/\/ocoerente.com.br\/se\/wp-content\/uploads\/2020\/01\/ocoerente-1.png","contentUrl":"https:\/\/ocoerente.com.br\/se\/wp-content\/uploads\/2020\/01\/ocoerente-1.png","width":50,"height":50,"caption":"Reda\u00e7\u00e3o"},"logo":{"@id":"https:\/\/ocoerente.com.br\/se\/wp-content\/uploads\/2020\/01\/ocoerente-1.png"},"url":"https:\/\/ocoerente.com.br\/se\/author\/vasticlsales\/"}]}},"_links":{"self":[{"href":"https:\/\/ocoerente.com.br\/se\/wp-json\/wp\/v2\/posts\/927","targetHints":{"allow":["GET"]}}],"collection":[{"href":"https:\/\/ocoerente.com.br\/se\/wp-json\/wp\/v2\/posts"}],"about":[{"href":"https:\/\/ocoerente.com.br\/se\/wp-json\/wp\/v2\/types\/post"}],"author":[{"embeddable":true,"href":"https:\/\/ocoerente.com.br\/se\/wp-json\/wp\/v2\/users\/1"}],"replies":[{"embeddable":true,"href":"https:\/\/ocoerente.com.br\/se\/wp-json\/wp\/v2\/comments?post=927"}],"version-history":[{"count":1,"href":"https:\/\/ocoerente.com.br\/se\/wp-json\/wp\/v2\/posts\/927\/revisions"}],"predecessor-version":[{"id":929,"href":"https:\/\/ocoerente.com.br\/se\/wp-json\/wp\/v2\/posts\/927\/revisions\/929"}],"wp:featuredmedia":[{"embeddable":true,"href":"https:\/\/ocoerente.com.br\/se\/wp-json\/wp\/v2\/media\/928"}],"wp:attachment":[{"href":"https:\/\/ocoerente.com.br\/se\/wp-json\/wp\/v2\/media?parent=927"}],"wp:term":[{"taxonomy":"category","embeddable":true,"href":"https:\/\/ocoerente.com.br\/se\/wp-json\/wp\/v2\/categories?post=927"},{"taxonomy":"post_tag","embeddable":true,"href":"https:\/\/ocoerente.com.br\/se\/wp-json\/wp\/v2\/tags?post=927"}],"curies":[{"name":"wp","href":"https:\/\/api.w.org\/{rel}","templated":true}]}}