{"id":918,"date":"2020-04-25T18:34:39","date_gmt":"2020-04-25T21:34:39","guid":{"rendered":"http:\/\/ocoerente.com.br\/se\/?p=918"},"modified":"2020-04-25T18:55:05","modified_gmt":"2020-04-25T21:55:05","slug":"sergio-moro-acusa-bolsonaro-de-interferencia-politica-na-pf-e-deixa-governo","status":"publish","type":"post","link":"https:\/\/ocoerente.com.br\/se\/2020\/04\/25\/sergio-moro-acusa-bolsonaro-de-interferencia-politica-na-pf-e-deixa-governo\/","title":{"rendered":"Sergio Moro acusa Bolsonaro de interfer\u00eancia pol\u00edtica na PF e deixa Governo"},"content":{"rendered":"<p>O ex-juiz da Lava Jato\u00a0<a href=\"https:\/\/brasil.elpais.com\/noticias\/sergio-fernando-moro\/\" target=\"_blank\" rel=\"noopener noreferrer\" data-link-track-dtm=\"\"><b>Sergio Moro<\/b><\/a>\u00a0deixou o Governo nesta sexta-feira. Moro comunicou sua demiss\u00e3o do\u00a0<a href=\"https:\/\/brasil.elpais.com\/noticias\/mj-ministerio-justica-brasil\/\" target=\"_blank\" rel=\"noopener noreferrer\" data-link-track-dtm=\"\">Minist\u00e9rio da Justi\u00e7a e Seguran\u00e7a P\u00fablica<\/a>\u00a0em um discurso duro, em que acusou o\u00a0<a href=\"https:\/\/brasil.elpais.com\/noticias\/jair-messias-bolsonaro\/\" target=\"_blank\" rel=\"noopener noreferrer\" data-link-track-dtm=\"\">presidente Jair Bolsonaro<\/a>\u00a0de interferir politicamente no trabalho da Pol\u00edcia Federal. A sa\u00edda dele aconteceu ap\u00f3s a exonera\u00e7\u00e3o do diretor-geral da Pol\u00edcia Federal, Maur\u00edcio Valeixo, oficializada na manh\u00e3 desta sexta-feira. Moro afirmou que Bolsonaro, desde o ano passado, pede a troca do comando por algu\u00e9m a quem \u201cpudesse ligar para colher informa\u00e7\u00f5es&#8221; sobre investiga\u00e7\u00f5es. \u201cO problema n\u00e3o \u00e9 a troca, mas \u00e9 permitir que seja feita a interfer\u00eancia pol\u00edtica no \u00e2mbito da Pol\u00edcia Federal\u201d. Afirmou ainda que Bolsonaro o informou que tinha \u201cpreocupa\u00e7\u00f5es com investiga\u00e7\u00f5es\u201d feitas pelo \u00f3rg\u00e3o. \u201cEu n\u00e3o tinha como aceitar essa substitui\u00e7\u00e3o\u201d, concluiu.<\/p>\n<p class=\"\">\u201cO presidente queria algu\u00e9m que ele pudesse ligar, colher informa\u00e7\u00f5es, relat\u00f3rio de intelig\u00eancia. Seja o diretor, seja o superintendente. E, realmente, n\u00e3o \u00e9 o papel da\u00a0<a href=\"https:\/\/brasil.elpais.com\/noticias\/policia-federal-brasil\/\" target=\"_blank\" rel=\"noopener noreferrer\" data-link-track-dtm=\"\">Pol\u00edcia Federal<\/a>\u00a0se prestar a esse tipo de fun\u00e7\u00e3o\u201d, afirmou<b>\u00a0Sergio Moro<\/b>\u00a0em fala \u00e0 imprensa nesta manh\u00e3. \u201cPercebendo que essa interfer\u00eancia pol\u00edtica pode levar a rela\u00e7\u00f5es impr\u00f3prias do diretor-geral, de superintendentes com o presidente da Rep\u00fablica, \u00e9 algo que eu n\u00e3o posso concordar\u201d. Moro ressaltou que, ao aceitar o cargo, recebeu do presidente carta branca para atuar e montar sua equipe e que isso havia sido aceito por Bolsonaro. \u201cHaveria uma viola\u00e7\u00e3o de uma promessa que foi feita, de que eu teria carta branca. Em segundo lugar, n\u00e3o haveria uma causa [para a demiss\u00e3o do diretor-geral]. E, em terceiro lugar, haveria uma interfer\u00eancia pol\u00edtica na Pol\u00edcia Federal\u201d, ressaltou ele, ao justificar seu pedido de demiss\u00e3o. \u201cHavia interesse em trocar superintendentes tamb\u00e9m. Novamente o do Rio de Janeiro, tamb\u00e9m o de Pernambuco, sem que me fosse apresentada uma causa, uma raz\u00e3o para que essas trocas fossem aceit\u00e1veis. \u201cEu falei para o presidente que isso seria uma interfer\u00eancia pol\u00edtica e ele disse que seria mesmo\u201d, concluiu.<\/p>\n<p class=\"\">A not\u00edcia da sa\u00edda do diretor-geral come\u00e7ou a circular na tarde de quinta-feira e gerou uma crise nos bastidores do Planalto. Valeixo trabalhou com o ex-juiz no in\u00edcio da\u00a0<a href=\"https:\/\/brasil.elpais.com\/noticias\/operacion-lava-jato\/\" target=\"_blank\" rel=\"noopener noreferrer\" data-link-track-dtm=\"\">Opera\u00e7\u00e3o Lava Jato<\/a>\u00a0e foi levado por ele ao comando da PF no in\u00edcio da gest\u00e3o Bolsonaro, por isso era homem de confian\u00e7a de Moro. Militares entraram em a\u00e7\u00e3o durante a tarde de quinta-feira para tentar evitar a sa\u00edda do superministro da pasta da Justi\u00e7a. Acenaram com a possibilidade de ele ser respons\u00e1vel pela indica\u00e7\u00e3o do substituto. Mas, nesta sexta-feira, o Di\u00e1rio Oficial trouxe a exonera\u00e7\u00e3o do diretor-geral da PF. Nas redes sociais, o pr\u00f3prio Planalto e o deputado Eduardo Bolsonaro ressaltaram, de forma a tentar criar uma vacina, que a sa\u00edda de Valeixo foi feita \u201ca pedido\u201d. A justificativa, entretanto, foi recha\u00e7ada por Moro na manh\u00e3 desta sexta, ao afirmar que ele estava sendo pressionado. O agora ex-ministro tamb\u00e9m afirmou que n\u00e3o assinou a exonera\u00e7\u00e3o de Valeixo, apesar de sua assinatura constar no Di\u00e1rio Oficial. \u201cEu n\u00e3o assinei [a exonera\u00e7\u00e3o do Valeixo]. Fui surpreendido. Achei que foi ofensivo.\u201d<\/p>\n<p class=\"\">Moro ressaltou ainda que essa interfer\u00eancia na Pol\u00edcia federal n\u00e3o ocorreu nem durante dos governos do\u00a0<a href=\"https:\/\/brasil.elpais.com\/noticias\/pt_partido_trabajadores_brasil\" target=\"_blank\" rel=\"noopener noreferrer\" data-link-track-dtm=\"\">Partido dos Trabalhadores<\/a>, um dos principais alvos da Opera\u00e7\u00e3o Lava Jato, o que acerta em cheio uma das bandeiras do Governo Bolsonaro: a luta anticorrup\u00e7\u00e3o. \u201cFoi garantida a autonomia da PF nos trabalhos de investiga\u00e7\u00e3o. O Governo na \u00e9poca tinha in\u00fameros defeitos, crimes gigantescos e foi fundamental a manuten\u00e7\u00e3o da autonomia da PF, que permitiu que resultados fossem alcan\u00e7ados\u201d, disse. \u201cImagina se durante a pr\u00f3pria Lava Jato o ministro, a ent\u00e3o presidente Dilma e o ex-presidente [Lula] ficassem ligando para as autoridades para obter informa\u00e7\u00f5es?\u201d, ressaltou. O agora ex-ministro tamb\u00e9m afirmou que escutou do presidente que havia preocupa\u00e7\u00e3o, por parte dele, com investiga\u00e7\u00f5es em curso. &#8220;O presidente me informou que tinha preocupa\u00e7\u00e3o com inqu\u00e9ritos em curso no STF e a troca seria oportuna da Pol\u00edcia Federal por esse motivo. Tamb\u00e9m n\u00e3o \u00e9 raz\u00e3o que justifique a substitui\u00e7\u00e3o. \u00c9 algo que gera uma grande preocupa\u00e7\u00e3o.\u201d<\/p>\n<p class=\"\">Nos bastidores em Bras\u00edlia, a sa\u00edda \u00e0s pressas de Valeixo \u00e9 creditada \u00e0 abertura de inqu\u00e9rito para investigar a organiza\u00e7\u00e3o das\u00a0<a href=\"https:\/\/brasil.elpais.com\/politica\/2020-04-19\/bolsonaro-endossa-ato-pro-intervencao-militar-e-provoca-reacao-de-maia-stf-e-governadores.html\" target=\"_blank\" rel=\"noopener noreferrer\" data-link-track-dtm=\"\">manifesta\u00e7\u00f5es favor\u00e1veis \u00e0 ditadura militar<\/a>\u00a0ocorridas no \u00faltimo domingo, dia 19, e endossadas pelo presidente. O pedido de investiga\u00e7\u00e3o, feito pelo procurador-geral da Rep\u00fablica, Augusto Aras, foi aceito pelo ministro do Supremo Tribunal Federal, Alexandre de Moraes. A investiga\u00e7\u00e3o ficar\u00e1 a cargo da Pol\u00edcia Federal. Apesar de o inqu\u00e9rito n\u00e3o ter, inicialmente, Bolsonaro como alvo, h\u00e1 o temor do Governo de que no decorrer da investiga\u00e7\u00e3o ele acabe envolvido. E que se chegue a nomes de organizadores pr\u00f3ximos a ele. Al\u00e9m disso, \u00e9 de responsabilidade da Pol\u00edcia Federal tamb\u00e9m as investiga\u00e7\u00f5es referentes ao inqu\u00e9rito da\u00a0<i>fake news<\/i>\u00a0do STF, que apura a dissemina\u00e7\u00e3o de not\u00edcias falsas em redes sociais e que podem envolver Carlos e Eduardo, filhos do presidente. Tamb\u00e9m h\u00e1 a preocupa\u00e7\u00e3o de que a Pol\u00edcia Federal avance nas investiga\u00e7\u00f5es contra o terceiro filho de Bolsonaro, o senador Fl\u00e1vio (Republicanos-RJ), suspeito de desviar recursos de seus antigos assessores na Assembleia Legislativa do Rio.<\/p>\n<p class=\"\">Moro chegou ao minist\u00e9rio no ano passado com a alcunha de superministro e com a promessa de que teria carta branca para atuar. Mas n\u00e3o foi isso que ocorreu na pr\u00e1tica. Meses depois da posse, Bolsonaro passou a dizer que ele pr\u00f3prio tinha poder de veto sob as decis\u00f5es ministeriais. Esta foi a\u00a0<a href=\"https:\/\/brasil.elpais.com\/brasil\/2020-01-24\/sergio-moro-retorna-a-frigideira-de-bolsonaro-e-pode-perder-comando-da-seguranca.html\" data-link-track-dtm=\"\">quinta vez<\/a>\u00a0que o presidente deu sinais p\u00fablicos para enfraquecer Moro, um ministro mais popular que o pr\u00f3prio mandat\u00e1rio. As outras foram: quando Bolsonaro aventou a possibilidade de demitir Valeixo no ano passado, sinalizando que trocaria o superintendente da PF no Rio de Janeiro, quando sugeriu que dividiria o minist\u00e9rio em dois; e quando sancionou a lei que criava a figura do juiz de garantias, contrariando a orienta\u00e7\u00e3o de Moro. Al\u00e9m de ser constantemente alvo de fogo amigo provindo do Pal\u00e1cio do Planalto, Moro se incomodou com a\u00a0<a href=\"https:\/\/brasil.elpais.com\/brasil\/2020-04-23\/bolsonaro-recorre-a-condenados-no-mensalao-e-reus-na-lava-jato-para-romper-isolamento-politico-e-pressionar-maia.html\" data-link-track-dtm=\"\">aproxima\u00e7\u00e3o de Bolsonaro com figuras condenadas ou r\u00e9s<\/a>\u00a0nos dois maiores esc\u00e2ndalos de corrup\u00e7\u00e3o do pa\u00eds, o mensal\u00e3o do PT a Lava Jato.<\/p>\n<p class=\"\">A sa\u00edda ocorre pouco mais de uma semana depois de o ministro da Sa\u00fade, Luiz Henrique Mandetta, deixar o posto em seu momento de maior popularidade, em meio ao combate \u00e0 crise da covid-19. E \u00e9 uma decis\u00e3o dif\u00edcil para o pr\u00f3prio Moro, que com a ida ao Governo abriu m\u00e3o de uma carreira de juiz, que n\u00e3o poder\u00e1 retomar. \u201cMeu futuro pessoal ap\u00f3s isso, abandonei esses 22 anos de magistratura, infelizmente \u00e9 um caminho sem volta. Quando assumi, eu sabia dos riscos. Eu vou descansar um pouco. Nesses 22 anos foram muito trabalho. Especialmente durante o per\u00edodo da Lava Jato e como ministro n\u00e3o tive descanso.\u201d<\/p>\n<p>elpais<\/p>\n","protected":false},"excerpt":{"rendered":"<p>O ex-juiz da Lava Jato\u00a0Sergio Moro\u00a0deixou o Governo nesta sexta-feira. Moro comunicou sua demiss\u00e3o do\u00a0Minist\u00e9rio da Justi\u00e7a e Seguran\u00e7a P\u00fablica\u00a0em um discurso duro, em que acusou o\u00a0presidente Jair Bolsonaro\u00a0de interferir politicamente no trabalho da Pol\u00edcia Federal. A sa\u00edda dele aconteceu ap\u00f3s a exonera\u00e7\u00e3o do diretor-geral da Pol\u00edcia Federal, Maur\u00edcio Valeixo, oficializada na manh\u00e3 desta sexta-feira. [&hellip;]<\/p>\n","protected":false},"author":1,"featured_media":919,"comment_status":"closed","ping_status":"closed","sticky":false,"template":"","format":"standard","meta":{"footnotes":""},"categories":[48,53],"tags":[],"class_list":["post-918","post","type-post","status-publish","format-standard","has-post-thumbnail","hentry","category-brasil","category-destaques"],"yoast_head":"<!-- This site is optimized with the Yoast SEO plugin v27.4 - https:\/\/yoast.com\/product\/yoast-seo-wordpress\/ -->\n<title>Sergio Moro acusa Bolsonaro de interfer\u00eancia pol\u00edtica na PF e deixa Governo - O Coerente<\/title>\n<meta name=\"robots\" content=\"index, follow, max-snippet:-1, max-image-preview:large, max-video-preview:-1\" \/>\n<link rel=\"canonical\" href=\"https:\/\/ocoerente.com.br\/se\/2020\/04\/25\/sergio-moro-acusa-bolsonaro-de-interferencia-politica-na-pf-e-deixa-governo\/\" \/>\n<meta property=\"og:locale\" content=\"pt_BR\" \/>\n<meta property=\"og:type\" content=\"article\" \/>\n<meta property=\"og:title\" content=\"Sergio Moro acusa Bolsonaro de interfer\u00eancia pol\u00edtica na PF e deixa Governo - O Coerente\" \/>\n<meta property=\"og:description\" content=\"O ex-juiz da Lava Jato\u00a0Sergio Moro\u00a0deixou o Governo nesta sexta-feira. Moro comunicou sua demiss\u00e3o do\u00a0Minist\u00e9rio da Justi\u00e7a e Seguran\u00e7a P\u00fablica\u00a0em um discurso duro, em que acusou o\u00a0presidente Jair Bolsonaro\u00a0de interferir politicamente no trabalho da Pol\u00edcia Federal. A sa\u00edda dele aconteceu ap\u00f3s a exonera\u00e7\u00e3o do diretor-geral da Pol\u00edcia Federal, Maur\u00edcio Valeixo, oficializada na manh\u00e3 desta sexta-feira. [&hellip;]\" \/>\n<meta property=\"og:url\" content=\"https:\/\/ocoerente.com.br\/se\/2020\/04\/25\/sergio-moro-acusa-bolsonaro-de-interferencia-politica-na-pf-e-deixa-governo\/\" \/>\n<meta property=\"og:site_name\" content=\"O Coerente\" \/>\n<meta property=\"article:published_time\" content=\"2020-04-25T21:34:39+00:00\" \/>\n<meta property=\"article:modified_time\" content=\"2020-04-25T21:55:05+00:00\" \/>\n<meta property=\"og:image\" content=\"https:\/\/ocoerente.com.br\/se\/wp-content\/uploads\/2020\/04\/xsergio-Moro.jpg.pagespeed.ic_.q-HjhXtKuR.jpg\" \/>\n\t<meta property=\"og:image:width\" content=\"1086\" \/>\n\t<meta property=\"og:image:height\" content=\"652\" \/>\n\t<meta property=\"og:image:type\" content=\"image\/jpeg\" \/>\n<meta name=\"author\" content=\"Reda\u00e7\u00e3o\" \/>\n<meta name=\"twitter:card\" content=\"summary_large_image\" \/>\n<meta name=\"twitter:label1\" content=\"Escrito por\" \/>\n\t<meta name=\"twitter:data1\" content=\"Reda\u00e7\u00e3o\" \/>\n\t<meta name=\"twitter:label2\" content=\"Est. tempo de leitura\" \/>\n\t<meta name=\"twitter:data2\" content=\"6 minutos\" \/>\n<script type=\"application\/ld+json\" class=\"yoast-schema-graph\">{\"@context\":\"https:\\\/\\\/schema.org\",\"@graph\":[{\"@type\":\"Article\",\"@id\":\"https:\\\/\\\/ocoerente.com.br\\\/se\\\/2020\\\/04\\\/25\\\/sergio-moro-acusa-bolsonaro-de-interferencia-politica-na-pf-e-deixa-governo\\\/#article\",\"isPartOf\":{\"@id\":\"https:\\\/\\\/ocoerente.com.br\\\/se\\\/2020\\\/04\\\/25\\\/sergio-moro-acusa-bolsonaro-de-interferencia-politica-na-pf-e-deixa-governo\\\/\"},\"author\":{\"name\":\"Reda\u00e7\u00e3o\",\"@id\":\"https:\\\/\\\/ocoerente.com.br\\\/se\\\/#\\\/schema\\\/person\\\/cc6bfd9fbca465e23543b0c963d8d037\"},\"headline\":\"Sergio Moro acusa Bolsonaro de interfer\u00eancia pol\u00edtica na PF e deixa Governo\",\"datePublished\":\"2020-04-25T21:34:39+00:00\",\"dateModified\":\"2020-04-25T21:55:05+00:00\",\"mainEntityOfPage\":{\"@id\":\"https:\\\/\\\/ocoerente.com.br\\\/se\\\/2020\\\/04\\\/25\\\/sergio-moro-acusa-bolsonaro-de-interferencia-politica-na-pf-e-deixa-governo\\\/\"},\"wordCount\":1250,\"publisher\":{\"@id\":\"https:\\\/\\\/ocoerente.com.br\\\/se\\\/#\\\/schema\\\/person\\\/cc6bfd9fbca465e23543b0c963d8d037\"},\"image\":{\"@id\":\"https:\\\/\\\/ocoerente.com.br\\\/se\\\/2020\\\/04\\\/25\\\/sergio-moro-acusa-bolsonaro-de-interferencia-politica-na-pf-e-deixa-governo\\\/#primaryimage\"},\"thumbnailUrl\":\"https:\\\/\\\/ocoerente.com.br\\\/se\\\/wp-content\\\/uploads\\\/2020\\\/04\\\/xsergio-Moro.jpg.pagespeed.ic_.q-HjhXtKuR.jpg\",\"articleSection\":[\"Brasil\",\"Destaques\"],\"inLanguage\":\"pt-BR\"},{\"@type\":\"WebPage\",\"@id\":\"https:\\\/\\\/ocoerente.com.br\\\/se\\\/2020\\\/04\\\/25\\\/sergio-moro-acusa-bolsonaro-de-interferencia-politica-na-pf-e-deixa-governo\\\/\",\"url\":\"https:\\\/\\\/ocoerente.com.br\\\/se\\\/2020\\\/04\\\/25\\\/sergio-moro-acusa-bolsonaro-de-interferencia-politica-na-pf-e-deixa-governo\\\/\",\"name\":\"Sergio Moro acusa Bolsonaro de interfer\u00eancia pol\u00edtica na PF e deixa Governo - O Coerente\",\"isPartOf\":{\"@id\":\"https:\\\/\\\/ocoerente.com.br\\\/se\\\/#website\"},\"primaryImageOfPage\":{\"@id\":\"https:\\\/\\\/ocoerente.com.br\\\/se\\\/2020\\\/04\\\/25\\\/sergio-moro-acusa-bolsonaro-de-interferencia-politica-na-pf-e-deixa-governo\\\/#primaryimage\"},\"image\":{\"@id\":\"https:\\\/\\\/ocoerente.com.br\\\/se\\\/2020\\\/04\\\/25\\\/sergio-moro-acusa-bolsonaro-de-interferencia-politica-na-pf-e-deixa-governo\\\/#primaryimage\"},\"thumbnailUrl\":\"https:\\\/\\\/ocoerente.com.br\\\/se\\\/wp-content\\\/uploads\\\/2020\\\/04\\\/xsergio-Moro.jpg.pagespeed.ic_.q-HjhXtKuR.jpg\",\"datePublished\":\"2020-04-25T21:34:39+00:00\",\"dateModified\":\"2020-04-25T21:55:05+00:00\",\"breadcrumb\":{\"@id\":\"https:\\\/\\\/ocoerente.com.br\\\/se\\\/2020\\\/04\\\/25\\\/sergio-moro-acusa-bolsonaro-de-interferencia-politica-na-pf-e-deixa-governo\\\/#breadcrumb\"},\"inLanguage\":\"pt-BR\",\"potentialAction\":[{\"@type\":\"ReadAction\",\"target\":[\"https:\\\/\\\/ocoerente.com.br\\\/se\\\/2020\\\/04\\\/25\\\/sergio-moro-acusa-bolsonaro-de-interferencia-politica-na-pf-e-deixa-governo\\\/\"]}]},{\"@type\":\"ImageObject\",\"inLanguage\":\"pt-BR\",\"@id\":\"https:\\\/\\\/ocoerente.com.br\\\/se\\\/2020\\\/04\\\/25\\\/sergio-moro-acusa-bolsonaro-de-interferencia-politica-na-pf-e-deixa-governo\\\/#primaryimage\",\"url\":\"https:\\\/\\\/ocoerente.com.br\\\/se\\\/wp-content\\\/uploads\\\/2020\\\/04\\\/xsergio-Moro.jpg.pagespeed.ic_.q-HjhXtKuR.jpg\",\"contentUrl\":\"https:\\\/\\\/ocoerente.com.br\\\/se\\\/wp-content\\\/uploads\\\/2020\\\/04\\\/xsergio-Moro.jpg.pagespeed.ic_.q-HjhXtKuR.jpg\",\"width\":1086,\"height\":652},{\"@type\":\"BreadcrumbList\",\"@id\":\"https:\\\/\\\/ocoerente.com.br\\\/se\\\/2020\\\/04\\\/25\\\/sergio-moro-acusa-bolsonaro-de-interferencia-politica-na-pf-e-deixa-governo\\\/#breadcrumb\",\"itemListElement\":[{\"@type\":\"ListItem\",\"position\":1,\"name\":\"In\u00edcio\",\"item\":\"https:\\\/\\\/ocoerente.com.br\\\/se\\\/\"},{\"@type\":\"ListItem\",\"position\":2,\"name\":\"Sergio Moro acusa Bolsonaro de interfer\u00eancia pol\u00edtica na PF e deixa Governo\"}]},{\"@type\":\"WebSite\",\"@id\":\"https:\\\/\\\/ocoerente.com.br\\\/se\\\/#website\",\"url\":\"https:\\\/\\\/ocoerente.com.br\\\/se\\\/\",\"name\":\"O Coerente\",\"description\":\"\",\"publisher\":{\"@id\":\"https:\\\/\\\/ocoerente.com.br\\\/se\\\/#\\\/schema\\\/person\\\/cc6bfd9fbca465e23543b0c963d8d037\"},\"potentialAction\":[{\"@type\":\"SearchAction\",\"target\":{\"@type\":\"EntryPoint\",\"urlTemplate\":\"https:\\\/\\\/ocoerente.com.br\\\/se\\\/?s={search_term_string}\"},\"query-input\":{\"@type\":\"PropertyValueSpecification\",\"valueRequired\":true,\"valueName\":\"search_term_string\"}}],\"inLanguage\":\"pt-BR\"},{\"@type\":[\"Person\",\"Organization\"],\"@id\":\"https:\\\/\\\/ocoerente.com.br\\\/se\\\/#\\\/schema\\\/person\\\/cc6bfd9fbca465e23543b0c963d8d037\",\"name\":\"Reda\u00e7\u00e3o\",\"image\":{\"@type\":\"ImageObject\",\"inLanguage\":\"pt-BR\",\"@id\":\"https:\\\/\\\/ocoerente.com.br\\\/se\\\/wp-content\\\/uploads\\\/2020\\\/01\\\/ocoerente-1.png\",\"url\":\"https:\\\/\\\/ocoerente.com.br\\\/se\\\/wp-content\\\/uploads\\\/2020\\\/01\\\/ocoerente-1.png\",\"contentUrl\":\"https:\\\/\\\/ocoerente.com.br\\\/se\\\/wp-content\\\/uploads\\\/2020\\\/01\\\/ocoerente-1.png\",\"width\":50,\"height\":50,\"caption\":\"Reda\u00e7\u00e3o\"},\"logo\":{\"@id\":\"https:\\\/\\\/ocoerente.com.br\\\/se\\\/wp-content\\\/uploads\\\/2020\\\/01\\\/ocoerente-1.png\"},\"url\":\"https:\\\/\\\/ocoerente.com.br\\\/se\\\/author\\\/vasticlsales\\\/\"}]}<\/script>\n<!-- \/ Yoast SEO plugin. -->","yoast_head_json":{"title":"Sergio Moro acusa Bolsonaro de interfer\u00eancia pol\u00edtica na PF e deixa Governo - O Coerente","robots":{"index":"index","follow":"follow","max-snippet":"max-snippet:-1","max-image-preview":"max-image-preview:large","max-video-preview":"max-video-preview:-1"},"canonical":"https:\/\/ocoerente.com.br\/se\/2020\/04\/25\/sergio-moro-acusa-bolsonaro-de-interferencia-politica-na-pf-e-deixa-governo\/","og_locale":"pt_BR","og_type":"article","og_title":"Sergio Moro acusa Bolsonaro de interfer\u00eancia pol\u00edtica na PF e deixa Governo - O Coerente","og_description":"O ex-juiz da Lava Jato\u00a0Sergio Moro\u00a0deixou o Governo nesta sexta-feira. Moro comunicou sua demiss\u00e3o do\u00a0Minist\u00e9rio da Justi\u00e7a e Seguran\u00e7a P\u00fablica\u00a0em um discurso duro, em que acusou o\u00a0presidente Jair Bolsonaro\u00a0de interferir politicamente no trabalho da Pol\u00edcia Federal. A sa\u00edda dele aconteceu ap\u00f3s a exonera\u00e7\u00e3o do diretor-geral da Pol\u00edcia Federal, Maur\u00edcio Valeixo, oficializada na manh\u00e3 desta sexta-feira. [&hellip;]","og_url":"https:\/\/ocoerente.com.br\/se\/2020\/04\/25\/sergio-moro-acusa-bolsonaro-de-interferencia-politica-na-pf-e-deixa-governo\/","og_site_name":"O Coerente","article_published_time":"2020-04-25T21:34:39+00:00","article_modified_time":"2020-04-25T21:55:05+00:00","og_image":[{"width":1086,"height":652,"url":"https:\/\/ocoerente.com.br\/se\/wp-content\/uploads\/2020\/04\/xsergio-Moro.jpg.pagespeed.ic_.q-HjhXtKuR.jpg","type":"image\/jpeg"}],"author":"Reda\u00e7\u00e3o","twitter_card":"summary_large_image","twitter_misc":{"Escrito por":"Reda\u00e7\u00e3o","Est. tempo de leitura":"6 minutos"},"schema":{"@context":"https:\/\/schema.org","@graph":[{"@type":"Article","@id":"https:\/\/ocoerente.com.br\/se\/2020\/04\/25\/sergio-moro-acusa-bolsonaro-de-interferencia-politica-na-pf-e-deixa-governo\/#article","isPartOf":{"@id":"https:\/\/ocoerente.com.br\/se\/2020\/04\/25\/sergio-moro-acusa-bolsonaro-de-interferencia-politica-na-pf-e-deixa-governo\/"},"author":{"name":"Reda\u00e7\u00e3o","@id":"https:\/\/ocoerente.com.br\/se\/#\/schema\/person\/cc6bfd9fbca465e23543b0c963d8d037"},"headline":"Sergio Moro acusa Bolsonaro de interfer\u00eancia pol\u00edtica na PF e deixa Governo","datePublished":"2020-04-25T21:34:39+00:00","dateModified":"2020-04-25T21:55:05+00:00","mainEntityOfPage":{"@id":"https:\/\/ocoerente.com.br\/se\/2020\/04\/25\/sergio-moro-acusa-bolsonaro-de-interferencia-politica-na-pf-e-deixa-governo\/"},"wordCount":1250,"publisher":{"@id":"https:\/\/ocoerente.com.br\/se\/#\/schema\/person\/cc6bfd9fbca465e23543b0c963d8d037"},"image":{"@id":"https:\/\/ocoerente.com.br\/se\/2020\/04\/25\/sergio-moro-acusa-bolsonaro-de-interferencia-politica-na-pf-e-deixa-governo\/#primaryimage"},"thumbnailUrl":"https:\/\/ocoerente.com.br\/se\/wp-content\/uploads\/2020\/04\/xsergio-Moro.jpg.pagespeed.ic_.q-HjhXtKuR.jpg","articleSection":["Brasil","Destaques"],"inLanguage":"pt-BR"},{"@type":"WebPage","@id":"https:\/\/ocoerente.com.br\/se\/2020\/04\/25\/sergio-moro-acusa-bolsonaro-de-interferencia-politica-na-pf-e-deixa-governo\/","url":"https:\/\/ocoerente.com.br\/se\/2020\/04\/25\/sergio-moro-acusa-bolsonaro-de-interferencia-politica-na-pf-e-deixa-governo\/","name":"Sergio Moro acusa Bolsonaro de interfer\u00eancia pol\u00edtica na PF e deixa Governo - O Coerente","isPartOf":{"@id":"https:\/\/ocoerente.com.br\/se\/#website"},"primaryImageOfPage":{"@id":"https:\/\/ocoerente.com.br\/se\/2020\/04\/25\/sergio-moro-acusa-bolsonaro-de-interferencia-politica-na-pf-e-deixa-governo\/#primaryimage"},"image":{"@id":"https:\/\/ocoerente.com.br\/se\/2020\/04\/25\/sergio-moro-acusa-bolsonaro-de-interferencia-politica-na-pf-e-deixa-governo\/#primaryimage"},"thumbnailUrl":"https:\/\/ocoerente.com.br\/se\/wp-content\/uploads\/2020\/04\/xsergio-Moro.jpg.pagespeed.ic_.q-HjhXtKuR.jpg","datePublished":"2020-04-25T21:34:39+00:00","dateModified":"2020-04-25T21:55:05+00:00","breadcrumb":{"@id":"https:\/\/ocoerente.com.br\/se\/2020\/04\/25\/sergio-moro-acusa-bolsonaro-de-interferencia-politica-na-pf-e-deixa-governo\/#breadcrumb"},"inLanguage":"pt-BR","potentialAction":[{"@type":"ReadAction","target":["https:\/\/ocoerente.com.br\/se\/2020\/04\/25\/sergio-moro-acusa-bolsonaro-de-interferencia-politica-na-pf-e-deixa-governo\/"]}]},{"@type":"ImageObject","inLanguage":"pt-BR","@id":"https:\/\/ocoerente.com.br\/se\/2020\/04\/25\/sergio-moro-acusa-bolsonaro-de-interferencia-politica-na-pf-e-deixa-governo\/#primaryimage","url":"https:\/\/ocoerente.com.br\/se\/wp-content\/uploads\/2020\/04\/xsergio-Moro.jpg.pagespeed.ic_.q-HjhXtKuR.jpg","contentUrl":"https:\/\/ocoerente.com.br\/se\/wp-content\/uploads\/2020\/04\/xsergio-Moro.jpg.pagespeed.ic_.q-HjhXtKuR.jpg","width":1086,"height":652},{"@type":"BreadcrumbList","@id":"https:\/\/ocoerente.com.br\/se\/2020\/04\/25\/sergio-moro-acusa-bolsonaro-de-interferencia-politica-na-pf-e-deixa-governo\/#breadcrumb","itemListElement":[{"@type":"ListItem","position":1,"name":"In\u00edcio","item":"https:\/\/ocoerente.com.br\/se\/"},{"@type":"ListItem","position":2,"name":"Sergio Moro acusa Bolsonaro de interfer\u00eancia pol\u00edtica na PF e deixa Governo"}]},{"@type":"WebSite","@id":"https:\/\/ocoerente.com.br\/se\/#website","url":"https:\/\/ocoerente.com.br\/se\/","name":"O Coerente","description":"","publisher":{"@id":"https:\/\/ocoerente.com.br\/se\/#\/schema\/person\/cc6bfd9fbca465e23543b0c963d8d037"},"potentialAction":[{"@type":"SearchAction","target":{"@type":"EntryPoint","urlTemplate":"https:\/\/ocoerente.com.br\/se\/?s={search_term_string}"},"query-input":{"@type":"PropertyValueSpecification","valueRequired":true,"valueName":"search_term_string"}}],"inLanguage":"pt-BR"},{"@type":["Person","Organization"],"@id":"https:\/\/ocoerente.com.br\/se\/#\/schema\/person\/cc6bfd9fbca465e23543b0c963d8d037","name":"Reda\u00e7\u00e3o","image":{"@type":"ImageObject","inLanguage":"pt-BR","@id":"https:\/\/ocoerente.com.br\/se\/wp-content\/uploads\/2020\/01\/ocoerente-1.png","url":"https:\/\/ocoerente.com.br\/se\/wp-content\/uploads\/2020\/01\/ocoerente-1.png","contentUrl":"https:\/\/ocoerente.com.br\/se\/wp-content\/uploads\/2020\/01\/ocoerente-1.png","width":50,"height":50,"caption":"Reda\u00e7\u00e3o"},"logo":{"@id":"https:\/\/ocoerente.com.br\/se\/wp-content\/uploads\/2020\/01\/ocoerente-1.png"},"url":"https:\/\/ocoerente.com.br\/se\/author\/vasticlsales\/"}]}},"_links":{"self":[{"href":"https:\/\/ocoerente.com.br\/se\/wp-json\/wp\/v2\/posts\/918","targetHints":{"allow":["GET"]}}],"collection":[{"href":"https:\/\/ocoerente.com.br\/se\/wp-json\/wp\/v2\/posts"}],"about":[{"href":"https:\/\/ocoerente.com.br\/se\/wp-json\/wp\/v2\/types\/post"}],"author":[{"embeddable":true,"href":"https:\/\/ocoerente.com.br\/se\/wp-json\/wp\/v2\/users\/1"}],"replies":[{"embeddable":true,"href":"https:\/\/ocoerente.com.br\/se\/wp-json\/wp\/v2\/comments?post=918"}],"version-history":[{"count":4,"href":"https:\/\/ocoerente.com.br\/se\/wp-json\/wp\/v2\/posts\/918\/revisions"}],"predecessor-version":[{"id":930,"href":"https:\/\/ocoerente.com.br\/se\/wp-json\/wp\/v2\/posts\/918\/revisions\/930"}],"wp:featuredmedia":[{"embeddable":true,"href":"https:\/\/ocoerente.com.br\/se\/wp-json\/wp\/v2\/media\/919"}],"wp:attachment":[{"href":"https:\/\/ocoerente.com.br\/se\/wp-json\/wp\/v2\/media?parent=918"}],"wp:term":[{"taxonomy":"category","embeddable":true,"href":"https:\/\/ocoerente.com.br\/se\/wp-json\/wp\/v2\/categories?post=918"},{"taxonomy":"post_tag","embeddable":true,"href":"https:\/\/ocoerente.com.br\/se\/wp-json\/wp\/v2\/tags?post=918"}],"curies":[{"name":"wp","href":"https:\/\/api.w.org\/{rel}","templated":true}]}}