{"id":906,"date":"2020-04-23T22:09:26","date_gmt":"2020-04-24T01:09:26","guid":{"rendered":"http:\/\/ocoerente.com.br\/se\/?p=906"},"modified":"2020-04-23T22:09:26","modified_gmt":"2020-04-24T01:09:26","slug":"jason-neto-cobra-prorrogacao-do-iptu-e-auxilio-para-os-trabalhadores-autonomos","status":"publish","type":"post","link":"https:\/\/ocoerente.com.br\/se\/2020\/04\/23\/jason-neto-cobra-prorrogacao-do-iptu-e-auxilio-para-os-trabalhadores-autonomos\/","title":{"rendered":"Jason Neto cobra prorroga\u00e7\u00e3o do IPTU e aux\u00edlio para os trabalhadores aut\u00f4nomos"},"content":{"rendered":"<p>Nesta quarta-feira, 22, o vereador Jason Neto (PDT) participou da primeira sess\u00e3o online da C\u00e2mara Municipal de Aracaju. Durante a longa sess\u00e3o, v\u00e1rios projetos foram votados e mais uma vez o parlamentar cobrou ao prefeito Edvaldo Nogueira aten\u00e7\u00e3o aos trabalhadores informais da capital.<\/p>\n<p>&#8220;Fiz quest\u00e3o de voltar a cobrar e salientar a import\u00e2ncia de ajudar \u00e0s pessoas que dependem do trabalho informal para ter o p\u00e3o de cada dia. Falo dos carro\u00e7eiros, taxistas, vendendor ambulante, motoboy e outros que se encontram em situa\u00e7\u00e3o dif\u00edcil. Cobro para que o prefeito crie um aux\u00edlio emergencial de ajuda a essas pessoas durante esse per\u00edodo de pandemia&#8221;, explicou Jason.<\/p>\n<p>Outra cobran\u00e7a do vereador foi em rela\u00e7\u00e3o a prorroga\u00e7\u00e3o do pagamento do IPTU. &#8220;Torno a falar sobre essa prorroga\u00e7\u00e3o porque muita gente esta deixando de pagar as contas para botar comida na mesa. Acho importante o prefeito prorrogar esse pagamento para o m\u00eas de julho&#8221;, disse o vereador.<\/p>\n<p>Sess\u00e3o on-line<\/p>\n<p>Na sess\u00e3o on-line foram lidos cinco vetos a projetos de lei. &#8220;Esteve em pauta projetos de grande import\u00e2ncia para popula\u00e7\u00e3o aracajuana. Fui contra o veto do prefeito e a favor dos professores e donos de escola. Sou tamb\u00e9m a favor do marco regulat\u00f3rio municipal da enconomia solid\u00e1ria, nesse derrubamos o veto do prefeito. Mais um de grande import\u00e2ncia foi sobre a isen\u00e7\u00e3o do IPTU para as pessoas que tiver doen\u00e7as como o c\u00e2ncer, HIV e outras&#8221;, explicou.<\/p>\n<p>&nbsp;<\/p>\n<p>Equipe Jason Neto<\/p>\n","protected":false},"excerpt":{"rendered":"<p>Nesta quarta-feira, 22, o vereador Jason Neto (PDT) participou da primeira sess\u00e3o online da C\u00e2mara Municipal de Aracaju. Durante a longa sess\u00e3o, v\u00e1rios projetos foram votados e mais uma vez o parlamentar cobrou ao prefeito Edvaldo Nogueira aten\u00e7\u00e3o aos trabalhadores informais da capital. &#8220;Fiz quest\u00e3o de voltar a cobrar e salientar a import\u00e2ncia de ajudar [&hellip;]<\/p>\n","protected":false},"author":1,"featured_media":907,"comment_status":"closed","ping_status":"closed","sticky":false,"template":"","format":"standard","meta":{"footnotes":""},"categories":[53,44],"tags":[],"class_list":["post-906","post","type-post","status-publish","format-standard","has-post-thumbnail","hentry","category-destaques","category-politica"],"yoast_head":"<!-- This site is optimized with the Yoast SEO plugin v27.4 - https:\/\/yoast.com\/product\/yoast-seo-wordpress\/ -->\n<title>Jason Neto cobra prorroga\u00e7\u00e3o do IPTU e aux\u00edlio para os trabalhadores aut\u00f4nomos - O Coerente<\/title>\n<meta name=\"robots\" content=\"index, follow, max-snippet:-1, max-image-preview:large, max-video-preview:-1\" \/>\n<link rel=\"canonical\" href=\"https:\/\/ocoerente.com.br\/se\/2020\/04\/23\/jason-neto-cobra-prorrogacao-do-iptu-e-auxilio-para-os-trabalhadores-autonomos\/\" \/>\n<meta property=\"og:locale\" content=\"pt_BR\" \/>\n<meta property=\"og:type\" content=\"article\" \/>\n<meta property=\"og:title\" content=\"Jason Neto cobra prorroga\u00e7\u00e3o do IPTU e aux\u00edlio para os trabalhadores aut\u00f4nomos - O Coerente\" \/>\n<meta property=\"og:description\" content=\"Nesta quarta-feira, 22, o vereador Jason Neto (PDT) participou da primeira sess\u00e3o online da C\u00e2mara Municipal de Aracaju. Durante a longa sess\u00e3o, v\u00e1rios projetos foram votados e mais uma vez o parlamentar cobrou ao prefeito Edvaldo Nogueira aten\u00e7\u00e3o aos trabalhadores informais da capital. &#8220;Fiz quest\u00e3o de voltar a cobrar e salientar a import\u00e2ncia de ajudar [&hellip;]\" \/>\n<meta property=\"og:url\" content=\"https:\/\/ocoerente.com.br\/se\/2020\/04\/23\/jason-neto-cobra-prorrogacao-do-iptu-e-auxilio-para-os-trabalhadores-autonomos\/\" \/>\n<meta property=\"og:site_name\" content=\"O Coerente\" \/>\n<meta property=\"article:published_time\" content=\"2020-04-24T01:09:26+00:00\" \/>\n<meta property=\"og:image\" content=\"https:\/\/ocoerente.com.br\/se\/wp-content\/uploads\/2020\/04\/unnamed-1.jpg\" \/>\n\t<meta property=\"og:image:width\" content=\"512\" \/>\n\t<meta property=\"og:image:height\" content=\"341\" \/>\n\t<meta property=\"og:image:type\" content=\"image\/jpeg\" \/>\n<meta name=\"author\" content=\"Reda\u00e7\u00e3o\" \/>\n<meta name=\"twitter:card\" content=\"summary_large_image\" \/>\n<meta name=\"twitter:label1\" content=\"Escrito por\" \/>\n\t<meta name=\"twitter:data1\" content=\"Reda\u00e7\u00e3o\" \/>\n\t<meta name=\"twitter:label2\" content=\"Est. tempo de leitura\" \/>\n\t<meta name=\"twitter:data2\" content=\"1 minuto\" \/>\n<script type=\"application\/ld+json\" class=\"yoast-schema-graph\">{\"@context\":\"https:\\\/\\\/schema.org\",\"@graph\":[{\"@type\":\"Article\",\"@id\":\"https:\\\/\\\/ocoerente.com.br\\\/se\\\/2020\\\/04\\\/23\\\/jason-neto-cobra-prorrogacao-do-iptu-e-auxilio-para-os-trabalhadores-autonomos\\\/#article\",\"isPartOf\":{\"@id\":\"https:\\\/\\\/ocoerente.com.br\\\/se\\\/2020\\\/04\\\/23\\\/jason-neto-cobra-prorrogacao-do-iptu-e-auxilio-para-os-trabalhadores-autonomos\\\/\"},\"author\":{\"name\":\"Reda\u00e7\u00e3o\",\"@id\":\"https:\\\/\\\/ocoerente.com.br\\\/se\\\/#\\\/schema\\\/person\\\/cc6bfd9fbca465e23543b0c963d8d037\"},\"headline\":\"Jason Neto cobra prorroga\u00e7\u00e3o do IPTU e aux\u00edlio para os trabalhadores aut\u00f4nomos\",\"datePublished\":\"2020-04-24T01:09:26+00:00\",\"mainEntityOfPage\":{\"@id\":\"https:\\\/\\\/ocoerente.com.br\\\/se\\\/2020\\\/04\\\/23\\\/jason-neto-cobra-prorrogacao-do-iptu-e-auxilio-para-os-trabalhadores-autonomos\\\/\"},\"wordCount\":279,\"publisher\":{\"@id\":\"https:\\\/\\\/ocoerente.com.br\\\/se\\\/#\\\/schema\\\/person\\\/cc6bfd9fbca465e23543b0c963d8d037\"},\"image\":{\"@id\":\"https:\\\/\\\/ocoerente.com.br\\\/se\\\/2020\\\/04\\\/23\\\/jason-neto-cobra-prorrogacao-do-iptu-e-auxilio-para-os-trabalhadores-autonomos\\\/#primaryimage\"},\"thumbnailUrl\":\"https:\\\/\\\/ocoerente.com.br\\\/se\\\/wp-content\\\/uploads\\\/2020\\\/04\\\/unnamed-1.jpg\",\"articleSection\":[\"Destaques\",\"Pol\u00edtica\"],\"inLanguage\":\"pt-BR\"},{\"@type\":\"WebPage\",\"@id\":\"https:\\\/\\\/ocoerente.com.br\\\/se\\\/2020\\\/04\\\/23\\\/jason-neto-cobra-prorrogacao-do-iptu-e-auxilio-para-os-trabalhadores-autonomos\\\/\",\"url\":\"https:\\\/\\\/ocoerente.com.br\\\/se\\\/2020\\\/04\\\/23\\\/jason-neto-cobra-prorrogacao-do-iptu-e-auxilio-para-os-trabalhadores-autonomos\\\/\",\"name\":\"Jason Neto cobra prorroga\u00e7\u00e3o do IPTU e aux\u00edlio para os trabalhadores aut\u00f4nomos - O Coerente\",\"isPartOf\":{\"@id\":\"https:\\\/\\\/ocoerente.com.br\\\/se\\\/#website\"},\"primaryImageOfPage\":{\"@id\":\"https:\\\/\\\/ocoerente.com.br\\\/se\\\/2020\\\/04\\\/23\\\/jason-neto-cobra-prorrogacao-do-iptu-e-auxilio-para-os-trabalhadores-autonomos\\\/#primaryimage\"},\"image\":{\"@id\":\"https:\\\/\\\/ocoerente.com.br\\\/se\\\/2020\\\/04\\\/23\\\/jason-neto-cobra-prorrogacao-do-iptu-e-auxilio-para-os-trabalhadores-autonomos\\\/#primaryimage\"},\"thumbnailUrl\":\"https:\\\/\\\/ocoerente.com.br\\\/se\\\/wp-content\\\/uploads\\\/2020\\\/04\\\/unnamed-1.jpg\",\"datePublished\":\"2020-04-24T01:09:26+00:00\",\"breadcrumb\":{\"@id\":\"https:\\\/\\\/ocoerente.com.br\\\/se\\\/2020\\\/04\\\/23\\\/jason-neto-cobra-prorrogacao-do-iptu-e-auxilio-para-os-trabalhadores-autonomos\\\/#breadcrumb\"},\"inLanguage\":\"pt-BR\",\"potentialAction\":[{\"@type\":\"ReadAction\",\"target\":[\"https:\\\/\\\/ocoerente.com.br\\\/se\\\/2020\\\/04\\\/23\\\/jason-neto-cobra-prorrogacao-do-iptu-e-auxilio-para-os-trabalhadores-autonomos\\\/\"]}]},{\"@type\":\"ImageObject\",\"inLanguage\":\"pt-BR\",\"@id\":\"https:\\\/\\\/ocoerente.com.br\\\/se\\\/2020\\\/04\\\/23\\\/jason-neto-cobra-prorrogacao-do-iptu-e-auxilio-para-os-trabalhadores-autonomos\\\/#primaryimage\",\"url\":\"https:\\\/\\\/ocoerente.com.br\\\/se\\\/wp-content\\\/uploads\\\/2020\\\/04\\\/unnamed-1.jpg\",\"contentUrl\":\"https:\\\/\\\/ocoerente.com.br\\\/se\\\/wp-content\\\/uploads\\\/2020\\\/04\\\/unnamed-1.jpg\",\"width\":512,\"height\":341},{\"@type\":\"BreadcrumbList\",\"@id\":\"https:\\\/\\\/ocoerente.com.br\\\/se\\\/2020\\\/04\\\/23\\\/jason-neto-cobra-prorrogacao-do-iptu-e-auxilio-para-os-trabalhadores-autonomos\\\/#breadcrumb\",\"itemListElement\":[{\"@type\":\"ListItem\",\"position\":1,\"name\":\"In\u00edcio\",\"item\":\"https:\\\/\\\/ocoerente.com.br\\\/se\\\/\"},{\"@type\":\"ListItem\",\"position\":2,\"name\":\"Jason Neto cobra prorroga\u00e7\u00e3o do IPTU e aux\u00edlio para os trabalhadores aut\u00f4nomos\"}]},{\"@type\":\"WebSite\",\"@id\":\"https:\\\/\\\/ocoerente.com.br\\\/se\\\/#website\",\"url\":\"https:\\\/\\\/ocoerente.com.br\\\/se\\\/\",\"name\":\"O Coerente\",\"description\":\"\",\"publisher\":{\"@id\":\"https:\\\/\\\/ocoerente.com.br\\\/se\\\/#\\\/schema\\\/person\\\/cc6bfd9fbca465e23543b0c963d8d037\"},\"potentialAction\":[{\"@type\":\"SearchAction\",\"target\":{\"@type\":\"EntryPoint\",\"urlTemplate\":\"https:\\\/\\\/ocoerente.com.br\\\/se\\\/?s={search_term_string}\"},\"query-input\":{\"@type\":\"PropertyValueSpecification\",\"valueRequired\":true,\"valueName\":\"search_term_string\"}}],\"inLanguage\":\"pt-BR\"},{\"@type\":[\"Person\",\"Organization\"],\"@id\":\"https:\\\/\\\/ocoerente.com.br\\\/se\\\/#\\\/schema\\\/person\\\/cc6bfd9fbca465e23543b0c963d8d037\",\"name\":\"Reda\u00e7\u00e3o\",\"image\":{\"@type\":\"ImageObject\",\"inLanguage\":\"pt-BR\",\"@id\":\"https:\\\/\\\/ocoerente.com.br\\\/se\\\/wp-content\\\/uploads\\\/2020\\\/01\\\/ocoerente-1.png\",\"url\":\"https:\\\/\\\/ocoerente.com.br\\\/se\\\/wp-content\\\/uploads\\\/2020\\\/01\\\/ocoerente-1.png\",\"contentUrl\":\"https:\\\/\\\/ocoerente.com.br\\\/se\\\/wp-content\\\/uploads\\\/2020\\\/01\\\/ocoerente-1.png\",\"width\":50,\"height\":50,\"caption\":\"Reda\u00e7\u00e3o\"},\"logo\":{\"@id\":\"https:\\\/\\\/ocoerente.com.br\\\/se\\\/wp-content\\\/uploads\\\/2020\\\/01\\\/ocoerente-1.png\"},\"url\":\"https:\\\/\\\/ocoerente.com.br\\\/se\\\/author\\\/vasticlsales\\\/\"}]}<\/script>\n<!-- \/ Yoast SEO plugin. -->","yoast_head_json":{"title":"Jason Neto cobra prorroga\u00e7\u00e3o do IPTU e aux\u00edlio para os trabalhadores aut\u00f4nomos - O Coerente","robots":{"index":"index","follow":"follow","max-snippet":"max-snippet:-1","max-image-preview":"max-image-preview:large","max-video-preview":"max-video-preview:-1"},"canonical":"https:\/\/ocoerente.com.br\/se\/2020\/04\/23\/jason-neto-cobra-prorrogacao-do-iptu-e-auxilio-para-os-trabalhadores-autonomos\/","og_locale":"pt_BR","og_type":"article","og_title":"Jason Neto cobra prorroga\u00e7\u00e3o do IPTU e aux\u00edlio para os trabalhadores aut\u00f4nomos - O Coerente","og_description":"Nesta quarta-feira, 22, o vereador Jason Neto (PDT) participou da primeira sess\u00e3o online da C\u00e2mara Municipal de Aracaju. Durante a longa sess\u00e3o, v\u00e1rios projetos foram votados e mais uma vez o parlamentar cobrou ao prefeito Edvaldo Nogueira aten\u00e7\u00e3o aos trabalhadores informais da capital. &#8220;Fiz quest\u00e3o de voltar a cobrar e salientar a import\u00e2ncia de ajudar [&hellip;]","og_url":"https:\/\/ocoerente.com.br\/se\/2020\/04\/23\/jason-neto-cobra-prorrogacao-do-iptu-e-auxilio-para-os-trabalhadores-autonomos\/","og_site_name":"O Coerente","article_published_time":"2020-04-24T01:09:26+00:00","og_image":[{"width":512,"height":341,"url":"https:\/\/ocoerente.com.br\/se\/wp-content\/uploads\/2020\/04\/unnamed-1.jpg","type":"image\/jpeg"}],"author":"Reda\u00e7\u00e3o","twitter_card":"summary_large_image","twitter_misc":{"Escrito por":"Reda\u00e7\u00e3o","Est. tempo de leitura":"1 minuto"},"schema":{"@context":"https:\/\/schema.org","@graph":[{"@type":"Article","@id":"https:\/\/ocoerente.com.br\/se\/2020\/04\/23\/jason-neto-cobra-prorrogacao-do-iptu-e-auxilio-para-os-trabalhadores-autonomos\/#article","isPartOf":{"@id":"https:\/\/ocoerente.com.br\/se\/2020\/04\/23\/jason-neto-cobra-prorrogacao-do-iptu-e-auxilio-para-os-trabalhadores-autonomos\/"},"author":{"name":"Reda\u00e7\u00e3o","@id":"https:\/\/ocoerente.com.br\/se\/#\/schema\/person\/cc6bfd9fbca465e23543b0c963d8d037"},"headline":"Jason Neto cobra prorroga\u00e7\u00e3o do IPTU e aux\u00edlio para os trabalhadores aut\u00f4nomos","datePublished":"2020-04-24T01:09:26+00:00","mainEntityOfPage":{"@id":"https:\/\/ocoerente.com.br\/se\/2020\/04\/23\/jason-neto-cobra-prorrogacao-do-iptu-e-auxilio-para-os-trabalhadores-autonomos\/"},"wordCount":279,"publisher":{"@id":"https:\/\/ocoerente.com.br\/se\/#\/schema\/person\/cc6bfd9fbca465e23543b0c963d8d037"},"image":{"@id":"https:\/\/ocoerente.com.br\/se\/2020\/04\/23\/jason-neto-cobra-prorrogacao-do-iptu-e-auxilio-para-os-trabalhadores-autonomos\/#primaryimage"},"thumbnailUrl":"https:\/\/ocoerente.com.br\/se\/wp-content\/uploads\/2020\/04\/unnamed-1.jpg","articleSection":["Destaques","Pol\u00edtica"],"inLanguage":"pt-BR"},{"@type":"WebPage","@id":"https:\/\/ocoerente.com.br\/se\/2020\/04\/23\/jason-neto-cobra-prorrogacao-do-iptu-e-auxilio-para-os-trabalhadores-autonomos\/","url":"https:\/\/ocoerente.com.br\/se\/2020\/04\/23\/jason-neto-cobra-prorrogacao-do-iptu-e-auxilio-para-os-trabalhadores-autonomos\/","name":"Jason Neto cobra prorroga\u00e7\u00e3o do IPTU e aux\u00edlio para os trabalhadores aut\u00f4nomos - O Coerente","isPartOf":{"@id":"https:\/\/ocoerente.com.br\/se\/#website"},"primaryImageOfPage":{"@id":"https:\/\/ocoerente.com.br\/se\/2020\/04\/23\/jason-neto-cobra-prorrogacao-do-iptu-e-auxilio-para-os-trabalhadores-autonomos\/#primaryimage"},"image":{"@id":"https:\/\/ocoerente.com.br\/se\/2020\/04\/23\/jason-neto-cobra-prorrogacao-do-iptu-e-auxilio-para-os-trabalhadores-autonomos\/#primaryimage"},"thumbnailUrl":"https:\/\/ocoerente.com.br\/se\/wp-content\/uploads\/2020\/04\/unnamed-1.jpg","datePublished":"2020-04-24T01:09:26+00:00","breadcrumb":{"@id":"https:\/\/ocoerente.com.br\/se\/2020\/04\/23\/jason-neto-cobra-prorrogacao-do-iptu-e-auxilio-para-os-trabalhadores-autonomos\/#breadcrumb"},"inLanguage":"pt-BR","potentialAction":[{"@type":"ReadAction","target":["https:\/\/ocoerente.com.br\/se\/2020\/04\/23\/jason-neto-cobra-prorrogacao-do-iptu-e-auxilio-para-os-trabalhadores-autonomos\/"]}]},{"@type":"ImageObject","inLanguage":"pt-BR","@id":"https:\/\/ocoerente.com.br\/se\/2020\/04\/23\/jason-neto-cobra-prorrogacao-do-iptu-e-auxilio-para-os-trabalhadores-autonomos\/#primaryimage","url":"https:\/\/ocoerente.com.br\/se\/wp-content\/uploads\/2020\/04\/unnamed-1.jpg","contentUrl":"https:\/\/ocoerente.com.br\/se\/wp-content\/uploads\/2020\/04\/unnamed-1.jpg","width":512,"height":341},{"@type":"BreadcrumbList","@id":"https:\/\/ocoerente.com.br\/se\/2020\/04\/23\/jason-neto-cobra-prorrogacao-do-iptu-e-auxilio-para-os-trabalhadores-autonomos\/#breadcrumb","itemListElement":[{"@type":"ListItem","position":1,"name":"In\u00edcio","item":"https:\/\/ocoerente.com.br\/se\/"},{"@type":"ListItem","position":2,"name":"Jason Neto cobra prorroga\u00e7\u00e3o do IPTU e aux\u00edlio para os trabalhadores aut\u00f4nomos"}]},{"@type":"WebSite","@id":"https:\/\/ocoerente.com.br\/se\/#website","url":"https:\/\/ocoerente.com.br\/se\/","name":"O Coerente","description":"","publisher":{"@id":"https:\/\/ocoerente.com.br\/se\/#\/schema\/person\/cc6bfd9fbca465e23543b0c963d8d037"},"potentialAction":[{"@type":"SearchAction","target":{"@type":"EntryPoint","urlTemplate":"https:\/\/ocoerente.com.br\/se\/?s={search_term_string}"},"query-input":{"@type":"PropertyValueSpecification","valueRequired":true,"valueName":"search_term_string"}}],"inLanguage":"pt-BR"},{"@type":["Person","Organization"],"@id":"https:\/\/ocoerente.com.br\/se\/#\/schema\/person\/cc6bfd9fbca465e23543b0c963d8d037","name":"Reda\u00e7\u00e3o","image":{"@type":"ImageObject","inLanguage":"pt-BR","@id":"https:\/\/ocoerente.com.br\/se\/wp-content\/uploads\/2020\/01\/ocoerente-1.png","url":"https:\/\/ocoerente.com.br\/se\/wp-content\/uploads\/2020\/01\/ocoerente-1.png","contentUrl":"https:\/\/ocoerente.com.br\/se\/wp-content\/uploads\/2020\/01\/ocoerente-1.png","width":50,"height":50,"caption":"Reda\u00e7\u00e3o"},"logo":{"@id":"https:\/\/ocoerente.com.br\/se\/wp-content\/uploads\/2020\/01\/ocoerente-1.png"},"url":"https:\/\/ocoerente.com.br\/se\/author\/vasticlsales\/"}]}},"_links":{"self":[{"href":"https:\/\/ocoerente.com.br\/se\/wp-json\/wp\/v2\/posts\/906","targetHints":{"allow":["GET"]}}],"collection":[{"href":"https:\/\/ocoerente.com.br\/se\/wp-json\/wp\/v2\/posts"}],"about":[{"href":"https:\/\/ocoerente.com.br\/se\/wp-json\/wp\/v2\/types\/post"}],"author":[{"embeddable":true,"href":"https:\/\/ocoerente.com.br\/se\/wp-json\/wp\/v2\/users\/1"}],"replies":[{"embeddable":true,"href":"https:\/\/ocoerente.com.br\/se\/wp-json\/wp\/v2\/comments?post=906"}],"version-history":[{"count":1,"href":"https:\/\/ocoerente.com.br\/se\/wp-json\/wp\/v2\/posts\/906\/revisions"}],"predecessor-version":[{"id":908,"href":"https:\/\/ocoerente.com.br\/se\/wp-json\/wp\/v2\/posts\/906\/revisions\/908"}],"wp:featuredmedia":[{"embeddable":true,"href":"https:\/\/ocoerente.com.br\/se\/wp-json\/wp\/v2\/media\/907"}],"wp:attachment":[{"href":"https:\/\/ocoerente.com.br\/se\/wp-json\/wp\/v2\/media?parent=906"}],"wp:term":[{"taxonomy":"category","embeddable":true,"href":"https:\/\/ocoerente.com.br\/se\/wp-json\/wp\/v2\/categories?post=906"},{"taxonomy":"post_tag","embeddable":true,"href":"https:\/\/ocoerente.com.br\/se\/wp-json\/wp\/v2\/tags?post=906"}],"curies":[{"name":"wp","href":"https:\/\/api.w.org\/{rel}","templated":true}]}}