{"id":903,"date":"2020-04-23T22:07:52","date_gmt":"2020-04-24T01:07:52","guid":{"rendered":"http:\/\/ocoerente.com.br\/se\/?p=903"},"modified":"2020-04-23T22:07:52","modified_gmt":"2020-04-24T01:07:52","slug":"fake-news-do-coronavirus-carlos-caue-avisa-que-responsabilidade-de-agressoes-contra-gestao-sera-apurada","status":"publish","type":"post","link":"https:\/\/ocoerente.com.br\/se\/2020\/04\/23\/fake-news-do-coronavirus-carlos-caue-avisa-que-responsabilidade-de-agressoes-contra-gestao-sera-apurada\/","title":{"rendered":"Fake news do coronav\u00edrus: Carlos Cau\u00ea avisa que \u201cresponsabilidade de agress\u00f5es contra gest\u00e3o ser\u00e1 apurada\u201d"},"content":{"rendered":"<p>Nos \u00faltimos dias, circulou nas redes sociais um v\u00eddeo, sem identifica\u00e7\u00e3o de autoria, contendo agress\u00f5es contra a gest\u00e3o municipal e a pessoa do prefeito Edvaldo Nogueira. Segundo o jornalista Carlos Cau\u00ea, secret\u00e1rio da Comunica\u00e7\u00e3o Social da Prefeitura de Aracaju, as agress\u00f5es ser\u00e3o tratadas como um crime, com as devidas provid\u00eancias para responsabilizar seus autores.<\/p>\n<p>Al\u00e9m de garantir isso, Cau\u00ea lamentou que, num momento de uma crise t\u00e3o grave como esta da pandemia do coronav\u00edrus, pessoas usem as fake news para confundir a popula\u00e7\u00e3o e atacar a honra de autoridades, como a informa\u00e7\u00e3o de que a Prefeitura de Aracaju teria recebido R$ 20 milh\u00f5es para combater o coronav\u00edrus, quando, na verdade, at\u00e9 22 de abril s\u00f3 recebeu R$ 12 milh\u00f5es do Governo Federal, conforme fontes da pr\u00f3pria Uni\u00e3o.<\/p>\n<p>Carlos Cau\u00ea classifica essas informa\u00e7\u00f5es como uma sucess\u00e3o de mentiras e, como tais, danosas. \u201cAinda segundo o criminoso v\u00eddeo, parte desse dinheiro teria sido para a constru\u00e7\u00e3o de \u201cum hospital tempor\u00e1rio, feito de lona e pl\u00e1stico, no campo do Sergipe\u201d. Trata-se de outra inverdade, j\u00e1 que o hospital instalado no Est\u00e1dio Jo\u00e3o Hora atende rigorosamente aos padr\u00f5es de qualidade da Organiza\u00e7\u00e3o Mundial de Sa\u00fade, inclusive na pr\u00f3pria escolha do local\u201d, afirma Cau\u00ea.<\/p>\n<p>Isso porque, segundo o secret\u00e1rio, o Est\u00e1dio \u00e9 dotado de infraestrutura necess\u00e1ria para esse tipo de instala\u00e7\u00e3o e implantado justamente para evitar um quadro de colapso na rede p\u00fablica em Aracaju, fato que vem ocorrendo em algumas capitais. \u201c\u00c9 espantoso e revoltante que uma medida de preven\u00e7\u00e3o que, sem d\u00favidas, vai salvar muitas vidas, seja politizada de forma t\u00e3o irrespons\u00e1vel por gente que faz oposi\u00e7\u00e3o \u00e0 gest\u00e3o do prefeito Edvaldo\u201d, lamenta o secret\u00e1rio.<\/p>\n<p>Carlos Cau\u00ea acredita, no entanto, que a acusa\u00e7\u00e3o mais grave \u00e9 a que qualifica a iniciativa do prefeito Edvaldo Nogueira de \u201cmalandragem\u201d. Porque essa, induz as pessoas a acharem que o prefeito supostamente faz uma licita\u00e7\u00e3o de mentira. Fraudulenta.<\/p>\n<p>\u201cDiferente disso, a Prefeitura de Aracaju, em vez de valer-se das prerrogativas permitidas pelo Estado de Calamidade, j\u00e1 aprovado para o munic\u00edpio, realizou uma concorr\u00eancia para dotar o processo de ainda mais transpar\u00eancia, pesquisando pre\u00e7os e convidando v\u00e1rias empresas locais e nacionais para participarem de um processo aberto, cujo resultado apontou a empresa que apresentou menor pre\u00e7o\u201d, assegura o secret\u00e1rio.<\/p>\n<p>Diante disso, segundo Carlos Cau\u00ea, h\u00e1 incid\u00eancia clara de crime, o que levou a Prefeitura acionar as autoridades na \u00e1rea da seguran\u00e7a para proceder a investiga\u00e7\u00e3o policial com o objetivo de identificar os criminosos. Alguns dos apoiadores do v\u00eddeo, inclusive, j\u00e1 est\u00e3o sendo identificados pelas postagens em diversos grupos de redes sociais do Estado.<\/p>\n<p>\u201c\u00c9 incr\u00edvel que num momento desses, em que est\u00e1 em jogo a vida de dezenas ou centenas de pessoas, algu\u00e9m se ocupe em produzir fake news para impedir a realiza\u00e7\u00e3o das medidas de conten\u00e7\u00e3o, torcendo pelo pior, em nome de seus interesses pol\u00edticos\u201d, critica o secret\u00e1rio Carlos Cau\u00ea.<\/p>\n<p>jlpolitica<\/p>\n","protected":false},"excerpt":{"rendered":"<p>Nos \u00faltimos dias, circulou nas redes sociais um v\u00eddeo, sem identifica\u00e7\u00e3o de autoria, contendo agress\u00f5es contra a gest\u00e3o municipal e a pessoa do prefeito Edvaldo Nogueira. Segundo o jornalista Carlos Cau\u00ea, secret\u00e1rio da Comunica\u00e7\u00e3o Social da Prefeitura de Aracaju, as agress\u00f5es ser\u00e3o tratadas como um crime, com as devidas provid\u00eancias para responsabilizar seus autores. Al\u00e9m [&hellip;]<\/p>\n","protected":false},"author":1,"featured_media":904,"comment_status":"closed","ping_status":"closed","sticky":false,"template":"","format":"standard","meta":{"footnotes":""},"categories":[53,54],"tags":[],"class_list":["post-903","post","type-post","status-publish","format-standard","has-post-thumbnail","hentry","category-destaques","category-saude"],"yoast_head":"<!-- This site is optimized with the Yoast SEO plugin v27.4 - https:\/\/yoast.com\/product\/yoast-seo-wordpress\/ -->\n<title>Fake news do coronav\u00edrus: Carlos Cau\u00ea avisa que \u201cresponsabilidade de agress\u00f5es contra gest\u00e3o ser\u00e1 apurada\u201d - O Coerente<\/title>\n<meta name=\"robots\" content=\"index, follow, max-snippet:-1, max-image-preview:large, max-video-preview:-1\" \/>\n<link rel=\"canonical\" href=\"https:\/\/ocoerente.com.br\/se\/2020\/04\/23\/fake-news-do-coronavirus-carlos-caue-avisa-que-responsabilidade-de-agressoes-contra-gestao-sera-apurada\/\" \/>\n<meta property=\"og:locale\" content=\"pt_BR\" \/>\n<meta property=\"og:type\" content=\"article\" \/>\n<meta property=\"og:title\" content=\"Fake news do coronav\u00edrus: Carlos Cau\u00ea avisa que \u201cresponsabilidade de agress\u00f5es contra gest\u00e3o ser\u00e1 apurada\u201d - O Coerente\" \/>\n<meta property=\"og:description\" content=\"Nos \u00faltimos dias, circulou nas redes sociais um v\u00eddeo, sem identifica\u00e7\u00e3o de autoria, contendo agress\u00f5es contra a gest\u00e3o municipal e a pessoa do prefeito Edvaldo Nogueira. Segundo o jornalista Carlos Cau\u00ea, secret\u00e1rio da Comunica\u00e7\u00e3o Social da Prefeitura de Aracaju, as agress\u00f5es ser\u00e3o tratadas como um crime, com as devidas provid\u00eancias para responsabilizar seus autores. Al\u00e9m [&hellip;]\" \/>\n<meta property=\"og:url\" content=\"https:\/\/ocoerente.com.br\/se\/2020\/04\/23\/fake-news-do-coronavirus-carlos-caue-avisa-que-responsabilidade-de-agressoes-contra-gestao-sera-apurada\/\" \/>\n<meta property=\"og:site_name\" content=\"O Coerente\" \/>\n<meta property=\"article:published_time\" content=\"2020-04-24T01:07:52+00:00\" \/>\n<meta property=\"og:image\" content=\"https:\/\/ocoerente.com.br\/se\/wp-content\/uploads\/2020\/04\/454880870f56bafb.jpg\" \/>\n\t<meta property=\"og:image:width\" content=\"640\" \/>\n\t<meta property=\"og:image:height\" content=\"427\" \/>\n\t<meta property=\"og:image:type\" content=\"image\/jpeg\" \/>\n<meta name=\"author\" content=\"Reda\u00e7\u00e3o\" \/>\n<meta name=\"twitter:card\" content=\"summary_large_image\" \/>\n<meta name=\"twitter:label1\" content=\"Escrito por\" \/>\n\t<meta name=\"twitter:data1\" content=\"Reda\u00e7\u00e3o\" \/>\n\t<meta name=\"twitter:label2\" content=\"Est. tempo de leitura\" \/>\n\t<meta name=\"twitter:data2\" content=\"3 minutos\" \/>\n<script type=\"application\/ld+json\" class=\"yoast-schema-graph\">{\"@context\":\"https:\\\/\\\/schema.org\",\"@graph\":[{\"@type\":\"Article\",\"@id\":\"https:\\\/\\\/ocoerente.com.br\\\/se\\\/2020\\\/04\\\/23\\\/fake-news-do-coronavirus-carlos-caue-avisa-que-responsabilidade-de-agressoes-contra-gestao-sera-apurada\\\/#article\",\"isPartOf\":{\"@id\":\"https:\\\/\\\/ocoerente.com.br\\\/se\\\/2020\\\/04\\\/23\\\/fake-news-do-coronavirus-carlos-caue-avisa-que-responsabilidade-de-agressoes-contra-gestao-sera-apurada\\\/\"},\"author\":{\"name\":\"Reda\u00e7\u00e3o\",\"@id\":\"https:\\\/\\\/ocoerente.com.br\\\/se\\\/#\\\/schema\\\/person\\\/cc6bfd9fbca465e23543b0c963d8d037\"},\"headline\":\"Fake news do coronav\u00edrus: Carlos Cau\u00ea avisa que \u201cresponsabilidade de agress\u00f5es contra gest\u00e3o ser\u00e1 apurada\u201d\",\"datePublished\":\"2020-04-24T01:07:52+00:00\",\"mainEntityOfPage\":{\"@id\":\"https:\\\/\\\/ocoerente.com.br\\\/se\\\/2020\\\/04\\\/23\\\/fake-news-do-coronavirus-carlos-caue-avisa-que-responsabilidade-de-agressoes-contra-gestao-sera-apurada\\\/\"},\"wordCount\":547,\"publisher\":{\"@id\":\"https:\\\/\\\/ocoerente.com.br\\\/se\\\/#\\\/schema\\\/person\\\/cc6bfd9fbca465e23543b0c963d8d037\"},\"image\":{\"@id\":\"https:\\\/\\\/ocoerente.com.br\\\/se\\\/2020\\\/04\\\/23\\\/fake-news-do-coronavirus-carlos-caue-avisa-que-responsabilidade-de-agressoes-contra-gestao-sera-apurada\\\/#primaryimage\"},\"thumbnailUrl\":\"https:\\\/\\\/ocoerente.com.br\\\/se\\\/wp-content\\\/uploads\\\/2020\\\/04\\\/454880870f56bafb.jpg\",\"articleSection\":[\"Destaques\",\"Sa\u00fade\"],\"inLanguage\":\"pt-BR\"},{\"@type\":\"WebPage\",\"@id\":\"https:\\\/\\\/ocoerente.com.br\\\/se\\\/2020\\\/04\\\/23\\\/fake-news-do-coronavirus-carlos-caue-avisa-que-responsabilidade-de-agressoes-contra-gestao-sera-apurada\\\/\",\"url\":\"https:\\\/\\\/ocoerente.com.br\\\/se\\\/2020\\\/04\\\/23\\\/fake-news-do-coronavirus-carlos-caue-avisa-que-responsabilidade-de-agressoes-contra-gestao-sera-apurada\\\/\",\"name\":\"Fake news do coronav\u00edrus: Carlos Cau\u00ea avisa que \u201cresponsabilidade de agress\u00f5es contra gest\u00e3o ser\u00e1 apurada\u201d - O Coerente\",\"isPartOf\":{\"@id\":\"https:\\\/\\\/ocoerente.com.br\\\/se\\\/#website\"},\"primaryImageOfPage\":{\"@id\":\"https:\\\/\\\/ocoerente.com.br\\\/se\\\/2020\\\/04\\\/23\\\/fake-news-do-coronavirus-carlos-caue-avisa-que-responsabilidade-de-agressoes-contra-gestao-sera-apurada\\\/#primaryimage\"},\"image\":{\"@id\":\"https:\\\/\\\/ocoerente.com.br\\\/se\\\/2020\\\/04\\\/23\\\/fake-news-do-coronavirus-carlos-caue-avisa-que-responsabilidade-de-agressoes-contra-gestao-sera-apurada\\\/#primaryimage\"},\"thumbnailUrl\":\"https:\\\/\\\/ocoerente.com.br\\\/se\\\/wp-content\\\/uploads\\\/2020\\\/04\\\/454880870f56bafb.jpg\",\"datePublished\":\"2020-04-24T01:07:52+00:00\",\"breadcrumb\":{\"@id\":\"https:\\\/\\\/ocoerente.com.br\\\/se\\\/2020\\\/04\\\/23\\\/fake-news-do-coronavirus-carlos-caue-avisa-que-responsabilidade-de-agressoes-contra-gestao-sera-apurada\\\/#breadcrumb\"},\"inLanguage\":\"pt-BR\",\"potentialAction\":[{\"@type\":\"ReadAction\",\"target\":[\"https:\\\/\\\/ocoerente.com.br\\\/se\\\/2020\\\/04\\\/23\\\/fake-news-do-coronavirus-carlos-caue-avisa-que-responsabilidade-de-agressoes-contra-gestao-sera-apurada\\\/\"]}]},{\"@type\":\"ImageObject\",\"inLanguage\":\"pt-BR\",\"@id\":\"https:\\\/\\\/ocoerente.com.br\\\/se\\\/2020\\\/04\\\/23\\\/fake-news-do-coronavirus-carlos-caue-avisa-que-responsabilidade-de-agressoes-contra-gestao-sera-apurada\\\/#primaryimage\",\"url\":\"https:\\\/\\\/ocoerente.com.br\\\/se\\\/wp-content\\\/uploads\\\/2020\\\/04\\\/454880870f56bafb.jpg\",\"contentUrl\":\"https:\\\/\\\/ocoerente.com.br\\\/se\\\/wp-content\\\/uploads\\\/2020\\\/04\\\/454880870f56bafb.jpg\",\"width\":640,\"height\":427},{\"@type\":\"BreadcrumbList\",\"@id\":\"https:\\\/\\\/ocoerente.com.br\\\/se\\\/2020\\\/04\\\/23\\\/fake-news-do-coronavirus-carlos-caue-avisa-que-responsabilidade-de-agressoes-contra-gestao-sera-apurada\\\/#breadcrumb\",\"itemListElement\":[{\"@type\":\"ListItem\",\"position\":1,\"name\":\"In\u00edcio\",\"item\":\"https:\\\/\\\/ocoerente.com.br\\\/se\\\/\"},{\"@type\":\"ListItem\",\"position\":2,\"name\":\"Fake news do coronav\u00edrus: Carlos Cau\u00ea avisa que \u201cresponsabilidade de agress\u00f5es contra gest\u00e3o ser\u00e1 apurada\u201d\"}]},{\"@type\":\"WebSite\",\"@id\":\"https:\\\/\\\/ocoerente.com.br\\\/se\\\/#website\",\"url\":\"https:\\\/\\\/ocoerente.com.br\\\/se\\\/\",\"name\":\"O Coerente\",\"description\":\"\",\"publisher\":{\"@id\":\"https:\\\/\\\/ocoerente.com.br\\\/se\\\/#\\\/schema\\\/person\\\/cc6bfd9fbca465e23543b0c963d8d037\"},\"potentialAction\":[{\"@type\":\"SearchAction\",\"target\":{\"@type\":\"EntryPoint\",\"urlTemplate\":\"https:\\\/\\\/ocoerente.com.br\\\/se\\\/?s={search_term_string}\"},\"query-input\":{\"@type\":\"PropertyValueSpecification\",\"valueRequired\":true,\"valueName\":\"search_term_string\"}}],\"inLanguage\":\"pt-BR\"},{\"@type\":[\"Person\",\"Organization\"],\"@id\":\"https:\\\/\\\/ocoerente.com.br\\\/se\\\/#\\\/schema\\\/person\\\/cc6bfd9fbca465e23543b0c963d8d037\",\"name\":\"Reda\u00e7\u00e3o\",\"image\":{\"@type\":\"ImageObject\",\"inLanguage\":\"pt-BR\",\"@id\":\"https:\\\/\\\/ocoerente.com.br\\\/se\\\/wp-content\\\/uploads\\\/2020\\\/01\\\/ocoerente-1.png\",\"url\":\"https:\\\/\\\/ocoerente.com.br\\\/se\\\/wp-content\\\/uploads\\\/2020\\\/01\\\/ocoerente-1.png\",\"contentUrl\":\"https:\\\/\\\/ocoerente.com.br\\\/se\\\/wp-content\\\/uploads\\\/2020\\\/01\\\/ocoerente-1.png\",\"width\":50,\"height\":50,\"caption\":\"Reda\u00e7\u00e3o\"},\"logo\":{\"@id\":\"https:\\\/\\\/ocoerente.com.br\\\/se\\\/wp-content\\\/uploads\\\/2020\\\/01\\\/ocoerente-1.png\"},\"url\":\"https:\\\/\\\/ocoerente.com.br\\\/se\\\/author\\\/vasticlsales\\\/\"}]}<\/script>\n<!-- \/ Yoast SEO plugin. -->","yoast_head_json":{"title":"Fake news do coronav\u00edrus: Carlos Cau\u00ea avisa que \u201cresponsabilidade de agress\u00f5es contra gest\u00e3o ser\u00e1 apurada\u201d - O Coerente","robots":{"index":"index","follow":"follow","max-snippet":"max-snippet:-1","max-image-preview":"max-image-preview:large","max-video-preview":"max-video-preview:-1"},"canonical":"https:\/\/ocoerente.com.br\/se\/2020\/04\/23\/fake-news-do-coronavirus-carlos-caue-avisa-que-responsabilidade-de-agressoes-contra-gestao-sera-apurada\/","og_locale":"pt_BR","og_type":"article","og_title":"Fake news do coronav\u00edrus: Carlos Cau\u00ea avisa que \u201cresponsabilidade de agress\u00f5es contra gest\u00e3o ser\u00e1 apurada\u201d - O Coerente","og_description":"Nos \u00faltimos dias, circulou nas redes sociais um v\u00eddeo, sem identifica\u00e7\u00e3o de autoria, contendo agress\u00f5es contra a gest\u00e3o municipal e a pessoa do prefeito Edvaldo Nogueira. Segundo o jornalista Carlos Cau\u00ea, secret\u00e1rio da Comunica\u00e7\u00e3o Social da Prefeitura de Aracaju, as agress\u00f5es ser\u00e3o tratadas como um crime, com as devidas provid\u00eancias para responsabilizar seus autores. Al\u00e9m [&hellip;]","og_url":"https:\/\/ocoerente.com.br\/se\/2020\/04\/23\/fake-news-do-coronavirus-carlos-caue-avisa-que-responsabilidade-de-agressoes-contra-gestao-sera-apurada\/","og_site_name":"O Coerente","article_published_time":"2020-04-24T01:07:52+00:00","og_image":[{"width":640,"height":427,"url":"https:\/\/ocoerente.com.br\/se\/wp-content\/uploads\/2020\/04\/454880870f56bafb.jpg","type":"image\/jpeg"}],"author":"Reda\u00e7\u00e3o","twitter_card":"summary_large_image","twitter_misc":{"Escrito por":"Reda\u00e7\u00e3o","Est. tempo de leitura":"3 minutos"},"schema":{"@context":"https:\/\/schema.org","@graph":[{"@type":"Article","@id":"https:\/\/ocoerente.com.br\/se\/2020\/04\/23\/fake-news-do-coronavirus-carlos-caue-avisa-que-responsabilidade-de-agressoes-contra-gestao-sera-apurada\/#article","isPartOf":{"@id":"https:\/\/ocoerente.com.br\/se\/2020\/04\/23\/fake-news-do-coronavirus-carlos-caue-avisa-que-responsabilidade-de-agressoes-contra-gestao-sera-apurada\/"},"author":{"name":"Reda\u00e7\u00e3o","@id":"https:\/\/ocoerente.com.br\/se\/#\/schema\/person\/cc6bfd9fbca465e23543b0c963d8d037"},"headline":"Fake news do coronav\u00edrus: Carlos Cau\u00ea avisa que \u201cresponsabilidade de agress\u00f5es contra gest\u00e3o ser\u00e1 apurada\u201d","datePublished":"2020-04-24T01:07:52+00:00","mainEntityOfPage":{"@id":"https:\/\/ocoerente.com.br\/se\/2020\/04\/23\/fake-news-do-coronavirus-carlos-caue-avisa-que-responsabilidade-de-agressoes-contra-gestao-sera-apurada\/"},"wordCount":547,"publisher":{"@id":"https:\/\/ocoerente.com.br\/se\/#\/schema\/person\/cc6bfd9fbca465e23543b0c963d8d037"},"image":{"@id":"https:\/\/ocoerente.com.br\/se\/2020\/04\/23\/fake-news-do-coronavirus-carlos-caue-avisa-que-responsabilidade-de-agressoes-contra-gestao-sera-apurada\/#primaryimage"},"thumbnailUrl":"https:\/\/ocoerente.com.br\/se\/wp-content\/uploads\/2020\/04\/454880870f56bafb.jpg","articleSection":["Destaques","Sa\u00fade"],"inLanguage":"pt-BR"},{"@type":"WebPage","@id":"https:\/\/ocoerente.com.br\/se\/2020\/04\/23\/fake-news-do-coronavirus-carlos-caue-avisa-que-responsabilidade-de-agressoes-contra-gestao-sera-apurada\/","url":"https:\/\/ocoerente.com.br\/se\/2020\/04\/23\/fake-news-do-coronavirus-carlos-caue-avisa-que-responsabilidade-de-agressoes-contra-gestao-sera-apurada\/","name":"Fake news do coronav\u00edrus: Carlos Cau\u00ea avisa que \u201cresponsabilidade de agress\u00f5es contra gest\u00e3o ser\u00e1 apurada\u201d - O Coerente","isPartOf":{"@id":"https:\/\/ocoerente.com.br\/se\/#website"},"primaryImageOfPage":{"@id":"https:\/\/ocoerente.com.br\/se\/2020\/04\/23\/fake-news-do-coronavirus-carlos-caue-avisa-que-responsabilidade-de-agressoes-contra-gestao-sera-apurada\/#primaryimage"},"image":{"@id":"https:\/\/ocoerente.com.br\/se\/2020\/04\/23\/fake-news-do-coronavirus-carlos-caue-avisa-que-responsabilidade-de-agressoes-contra-gestao-sera-apurada\/#primaryimage"},"thumbnailUrl":"https:\/\/ocoerente.com.br\/se\/wp-content\/uploads\/2020\/04\/454880870f56bafb.jpg","datePublished":"2020-04-24T01:07:52+00:00","breadcrumb":{"@id":"https:\/\/ocoerente.com.br\/se\/2020\/04\/23\/fake-news-do-coronavirus-carlos-caue-avisa-que-responsabilidade-de-agressoes-contra-gestao-sera-apurada\/#breadcrumb"},"inLanguage":"pt-BR","potentialAction":[{"@type":"ReadAction","target":["https:\/\/ocoerente.com.br\/se\/2020\/04\/23\/fake-news-do-coronavirus-carlos-caue-avisa-que-responsabilidade-de-agressoes-contra-gestao-sera-apurada\/"]}]},{"@type":"ImageObject","inLanguage":"pt-BR","@id":"https:\/\/ocoerente.com.br\/se\/2020\/04\/23\/fake-news-do-coronavirus-carlos-caue-avisa-que-responsabilidade-de-agressoes-contra-gestao-sera-apurada\/#primaryimage","url":"https:\/\/ocoerente.com.br\/se\/wp-content\/uploads\/2020\/04\/454880870f56bafb.jpg","contentUrl":"https:\/\/ocoerente.com.br\/se\/wp-content\/uploads\/2020\/04\/454880870f56bafb.jpg","width":640,"height":427},{"@type":"BreadcrumbList","@id":"https:\/\/ocoerente.com.br\/se\/2020\/04\/23\/fake-news-do-coronavirus-carlos-caue-avisa-que-responsabilidade-de-agressoes-contra-gestao-sera-apurada\/#breadcrumb","itemListElement":[{"@type":"ListItem","position":1,"name":"In\u00edcio","item":"https:\/\/ocoerente.com.br\/se\/"},{"@type":"ListItem","position":2,"name":"Fake news do coronav\u00edrus: Carlos Cau\u00ea avisa que \u201cresponsabilidade de agress\u00f5es contra gest\u00e3o ser\u00e1 apurada\u201d"}]},{"@type":"WebSite","@id":"https:\/\/ocoerente.com.br\/se\/#website","url":"https:\/\/ocoerente.com.br\/se\/","name":"O Coerente","description":"","publisher":{"@id":"https:\/\/ocoerente.com.br\/se\/#\/schema\/person\/cc6bfd9fbca465e23543b0c963d8d037"},"potentialAction":[{"@type":"SearchAction","target":{"@type":"EntryPoint","urlTemplate":"https:\/\/ocoerente.com.br\/se\/?s={search_term_string}"},"query-input":{"@type":"PropertyValueSpecification","valueRequired":true,"valueName":"search_term_string"}}],"inLanguage":"pt-BR"},{"@type":["Person","Organization"],"@id":"https:\/\/ocoerente.com.br\/se\/#\/schema\/person\/cc6bfd9fbca465e23543b0c963d8d037","name":"Reda\u00e7\u00e3o","image":{"@type":"ImageObject","inLanguage":"pt-BR","@id":"https:\/\/ocoerente.com.br\/se\/wp-content\/uploads\/2020\/01\/ocoerente-1.png","url":"https:\/\/ocoerente.com.br\/se\/wp-content\/uploads\/2020\/01\/ocoerente-1.png","contentUrl":"https:\/\/ocoerente.com.br\/se\/wp-content\/uploads\/2020\/01\/ocoerente-1.png","width":50,"height":50,"caption":"Reda\u00e7\u00e3o"},"logo":{"@id":"https:\/\/ocoerente.com.br\/se\/wp-content\/uploads\/2020\/01\/ocoerente-1.png"},"url":"https:\/\/ocoerente.com.br\/se\/author\/vasticlsales\/"}]}},"_links":{"self":[{"href":"https:\/\/ocoerente.com.br\/se\/wp-json\/wp\/v2\/posts\/903","targetHints":{"allow":["GET"]}}],"collection":[{"href":"https:\/\/ocoerente.com.br\/se\/wp-json\/wp\/v2\/posts"}],"about":[{"href":"https:\/\/ocoerente.com.br\/se\/wp-json\/wp\/v2\/types\/post"}],"author":[{"embeddable":true,"href":"https:\/\/ocoerente.com.br\/se\/wp-json\/wp\/v2\/users\/1"}],"replies":[{"embeddable":true,"href":"https:\/\/ocoerente.com.br\/se\/wp-json\/wp\/v2\/comments?post=903"}],"version-history":[{"count":1,"href":"https:\/\/ocoerente.com.br\/se\/wp-json\/wp\/v2\/posts\/903\/revisions"}],"predecessor-version":[{"id":905,"href":"https:\/\/ocoerente.com.br\/se\/wp-json\/wp\/v2\/posts\/903\/revisions\/905"}],"wp:featuredmedia":[{"embeddable":true,"href":"https:\/\/ocoerente.com.br\/se\/wp-json\/wp\/v2\/media\/904"}],"wp:attachment":[{"href":"https:\/\/ocoerente.com.br\/se\/wp-json\/wp\/v2\/media?parent=903"}],"wp:term":[{"taxonomy":"category","embeddable":true,"href":"https:\/\/ocoerente.com.br\/se\/wp-json\/wp\/v2\/categories?post=903"},{"taxonomy":"post_tag","embeddable":true,"href":"https:\/\/ocoerente.com.br\/se\/wp-json\/wp\/v2\/tags?post=903"}],"curies":[{"name":"wp","href":"https:\/\/api.w.org\/{rel}","templated":true}]}}