{"id":900,"date":"2020-04-23T22:06:05","date_gmt":"2020-04-24T01:06:05","guid":{"rendered":"http:\/\/ocoerente.com.br\/se\/?p=900"},"modified":"2020-04-23T22:06:05","modified_gmt":"2020-04-24T01:06:05","slug":"agressoes-contra-edvaldo-serao-tratadas-como-crime","status":"publish","type":"post","link":"https:\/\/ocoerente.com.br\/se\/2020\/04\/23\/agressoes-contra-edvaldo-serao-tratadas-como-crime\/","title":{"rendered":"Agress\u00f5es contra Edvaldo ser\u00e3o tratadas como crime"},"content":{"rendered":"<p>As agress\u00f5es cometidas contra a gest\u00e3o municipal e o prefeito Edvaldo Nogueira num v\u00eddeo ap\u00f3crifo (sem autoria) que circulou nas redes sociais, nos \u00faltimos dias, ser\u00e3o tratadas como um crime, com as devidas provid\u00eancias para responsabilizar seus autores. A garantia foi dada, nesta quinta-feira, dia 23, pelo secret\u00e1rio da Comunica\u00e7\u00e3o Social da Prefeitura de Aracaju, o jornalista Carlos Cau\u00ea, que lamentou que, num momento de uma crise t\u00e3o grave, pessoas fa\u00e7am uso das<em>\u00a0fake news<\/em>\u00a0para confundir a popula\u00e7\u00e3o e atacar a honra de autoridades.<span id=\"more-41705\"><\/span><\/p>\n<p>O secret\u00e1rio lista o que considera uma sucess\u00e3o de mentiras distribu\u00eddas em grupos digitais, a come\u00e7ar pela informa\u00e7\u00e3o de que a Prefeitura de Aracaju teria recebido R$ 20 milh\u00f5es para combater o Coronav\u00edrus, quando, na verdade, at\u00e9 22 de abril s\u00f3 recebeu R$ 12 milh\u00f5es do Governo Federal, conforme fontes da pr\u00f3pria Uni\u00e3o.<\/p>\n<p>Ainda segundo o criminoso v\u00eddeo, parte desse dinheiro teria sido para a constru\u00e7\u00e3o de \u201cum hospital tempor\u00e1rio, feito de lona e pl\u00e1stico, no campo do Sergipe\u201d. Trata-se de outra inverdade, j\u00e1 que o hospital instalado no Est\u00e1dio Jo\u00e3o Hora atende rigorosamente os padr\u00f5es de qualidade da Organiza\u00e7\u00e3o Mundial de Sa\u00fade, inclusive na pr\u00f3pria escolha do local, dotado de infraestrutura necess\u00e1ria para esse tipo de instala\u00e7\u00e3o e implantado justamente para evitar um quadro de colapso na rede p\u00fablica em Aracaju, fato que vem ocorrendo em algumas capitais.<\/p>\n<p>\u201c\u00c9 espantoso e revoltante que uma medida de preven\u00e7\u00e3o que, sem d\u00favidas, vai salvar muitas vidas, seja politizada de forma t\u00e3o irrespons\u00e1vel por gente que faz oposi\u00e7\u00e3o \u00e0 gest\u00e3o do prefeito Edvaldo\u201d, lamentou o secret\u00e1rio Cau\u00ea.<\/p>\n<p>Para o secret\u00e1rio da Comunica\u00e7\u00e3o da PMA, a acusa\u00e7\u00e3o mais grave \u00e9 a que qualifica a iniciativa do prefeito Edvaldo Nogueira de \u201cmalandragem\u201d por, supostamente, fazer uma licita\u00e7\u00e3o de mentira, fraudulenta. Diferente disso, a Prefeitura de Aracaju, em vez de valer-se das prerrogativas permitidas pelo Estado de Calamidade, j\u00e1 aprovado no munic\u00edpio, realizou uma concorr\u00eancia, para dotar o processo de ainda mais transpar\u00eancia, pesquisando pre\u00e7os e convidando v\u00e1rias empresas locais e nacionais para participar de um processo aberto, cujo resultado apontou a empresa que apresentou menor pre\u00e7o.<\/p>\n<p><strong>Provid\u00eancias<\/strong><\/p>\n<p>Segundo Carlos Cau\u00ea, diante da incid\u00eancia clara de crime, a prefeitura acionou as autoridades na \u00e1rea da seguran\u00e7a para proceder \u00e0 investiga\u00e7\u00e3o policial com o objetivo de identificar os criminosos. Alguns dos apoiadores do v\u00eddeo, inclusive, j\u00e1 est\u00e3o sendo identificados pelas postagens em diversos grupos de redes sociais do estado. \u201c\u00c9 incr\u00edvel que num momento desses, em que est\u00e1 em jogo a vida de dezenas ou centenas de pessoas, algu\u00e9m se ocupe em produzir\u00a0<em>fake news<\/em>\u00a0para impedir a realiza\u00e7\u00e3o das medidas de conten\u00e7\u00e3o, torcendo pelo pior, em nome de seus interesses pol\u00edticos\u201d, finalizou o secret\u00e1rio.<\/p>\n<p>universopolitico<\/p>\n","protected":false},"excerpt":{"rendered":"<p>As agress\u00f5es cometidas contra a gest\u00e3o municipal e o prefeito Edvaldo Nogueira num v\u00eddeo ap\u00f3crifo (sem autoria) que circulou nas redes sociais, nos \u00faltimos dias, ser\u00e3o tratadas como um crime, com as devidas provid\u00eancias para responsabilizar seus autores. A garantia foi dada, nesta quinta-feira, dia 23, pelo secret\u00e1rio da Comunica\u00e7\u00e3o Social da Prefeitura de Aracaju, [&hellip;]<\/p>\n","protected":false},"author":1,"featured_media":901,"comment_status":"closed","ping_status":"closed","sticky":false,"template":"","format":"standard","meta":{"footnotes":""},"categories":[53,44],"tags":[],"class_list":["post-900","post","type-post","status-publish","format-standard","has-post-thumbnail","hentry","category-destaques","category-politica"],"yoast_head":"<!-- This site is optimized with the Yoast SEO plugin v27.4 - https:\/\/yoast.com\/product\/yoast-seo-wordpress\/ -->\n<title>Agress\u00f5es contra Edvaldo ser\u00e3o tratadas como crime - O Coerente<\/title>\n<meta name=\"robots\" content=\"index, follow, max-snippet:-1, max-image-preview:large, max-video-preview:-1\" \/>\n<link rel=\"canonical\" href=\"https:\/\/ocoerente.com.br\/se\/2020\/04\/23\/agressoes-contra-edvaldo-serao-tratadas-como-crime\/\" \/>\n<meta property=\"og:locale\" content=\"pt_BR\" \/>\n<meta property=\"og:type\" content=\"article\" \/>\n<meta property=\"og:title\" content=\"Agress\u00f5es contra Edvaldo ser\u00e3o tratadas como crime - O Coerente\" \/>\n<meta property=\"og:description\" content=\"As agress\u00f5es cometidas contra a gest\u00e3o municipal e o prefeito Edvaldo Nogueira num v\u00eddeo ap\u00f3crifo (sem autoria) que circulou nas redes sociais, nos \u00faltimos dias, ser\u00e3o tratadas como um crime, com as devidas provid\u00eancias para responsabilizar seus autores. A garantia foi dada, nesta quinta-feira, dia 23, pelo secret\u00e1rio da Comunica\u00e7\u00e3o Social da Prefeitura de Aracaju, [&hellip;]\" \/>\n<meta property=\"og:url\" content=\"https:\/\/ocoerente.com.br\/se\/2020\/04\/23\/agressoes-contra-edvaldo-serao-tratadas-como-crime\/\" \/>\n<meta property=\"og:site_name\" content=\"O Coerente\" \/>\n<meta property=\"article:published_time\" content=\"2020-04-24T01:06:05+00:00\" \/>\n<meta property=\"og:image\" content=\"https:\/\/ocoerente.com.br\/se\/wp-content\/uploads\/2020\/04\/caue-300x225-1.jpg\" \/>\n\t<meta property=\"og:image:width\" content=\"300\" \/>\n\t<meta property=\"og:image:height\" content=\"225\" \/>\n\t<meta property=\"og:image:type\" content=\"image\/jpeg\" \/>\n<meta name=\"author\" content=\"Reda\u00e7\u00e3o\" \/>\n<meta name=\"twitter:card\" content=\"summary_large_image\" \/>\n<meta name=\"twitter:label1\" content=\"Escrito por\" \/>\n\t<meta name=\"twitter:data1\" content=\"Reda\u00e7\u00e3o\" \/>\n\t<meta name=\"twitter:label2\" content=\"Est. tempo de leitura\" \/>\n\t<meta name=\"twitter:data2\" content=\"2 minutos\" \/>\n<script type=\"application\/ld+json\" class=\"yoast-schema-graph\">{\"@context\":\"https:\\\/\\\/schema.org\",\"@graph\":[{\"@type\":\"Article\",\"@id\":\"https:\\\/\\\/ocoerente.com.br\\\/se\\\/2020\\\/04\\\/23\\\/agressoes-contra-edvaldo-serao-tratadas-como-crime\\\/#article\",\"isPartOf\":{\"@id\":\"https:\\\/\\\/ocoerente.com.br\\\/se\\\/2020\\\/04\\\/23\\\/agressoes-contra-edvaldo-serao-tratadas-como-crime\\\/\"},\"author\":{\"name\":\"Reda\u00e7\u00e3o\",\"@id\":\"https:\\\/\\\/ocoerente.com.br\\\/se\\\/#\\\/schema\\\/person\\\/cc6bfd9fbca465e23543b0c963d8d037\"},\"headline\":\"Agress\u00f5es contra Edvaldo ser\u00e3o tratadas como crime\",\"datePublished\":\"2020-04-24T01:06:05+00:00\",\"mainEntityOfPage\":{\"@id\":\"https:\\\/\\\/ocoerente.com.br\\\/se\\\/2020\\\/04\\\/23\\\/agressoes-contra-edvaldo-serao-tratadas-como-crime\\\/\"},\"wordCount\":508,\"publisher\":{\"@id\":\"https:\\\/\\\/ocoerente.com.br\\\/se\\\/#\\\/schema\\\/person\\\/cc6bfd9fbca465e23543b0c963d8d037\"},\"image\":{\"@id\":\"https:\\\/\\\/ocoerente.com.br\\\/se\\\/2020\\\/04\\\/23\\\/agressoes-contra-edvaldo-serao-tratadas-como-crime\\\/#primaryimage\"},\"thumbnailUrl\":\"https:\\\/\\\/ocoerente.com.br\\\/se\\\/wp-content\\\/uploads\\\/2020\\\/04\\\/caue-300x225-1.jpg\",\"articleSection\":[\"Destaques\",\"Pol\u00edtica\"],\"inLanguage\":\"pt-BR\"},{\"@type\":\"WebPage\",\"@id\":\"https:\\\/\\\/ocoerente.com.br\\\/se\\\/2020\\\/04\\\/23\\\/agressoes-contra-edvaldo-serao-tratadas-como-crime\\\/\",\"url\":\"https:\\\/\\\/ocoerente.com.br\\\/se\\\/2020\\\/04\\\/23\\\/agressoes-contra-edvaldo-serao-tratadas-como-crime\\\/\",\"name\":\"Agress\u00f5es contra Edvaldo ser\u00e3o tratadas como crime - O Coerente\",\"isPartOf\":{\"@id\":\"https:\\\/\\\/ocoerente.com.br\\\/se\\\/#website\"},\"primaryImageOfPage\":{\"@id\":\"https:\\\/\\\/ocoerente.com.br\\\/se\\\/2020\\\/04\\\/23\\\/agressoes-contra-edvaldo-serao-tratadas-como-crime\\\/#primaryimage\"},\"image\":{\"@id\":\"https:\\\/\\\/ocoerente.com.br\\\/se\\\/2020\\\/04\\\/23\\\/agressoes-contra-edvaldo-serao-tratadas-como-crime\\\/#primaryimage\"},\"thumbnailUrl\":\"https:\\\/\\\/ocoerente.com.br\\\/se\\\/wp-content\\\/uploads\\\/2020\\\/04\\\/caue-300x225-1.jpg\",\"datePublished\":\"2020-04-24T01:06:05+00:00\",\"breadcrumb\":{\"@id\":\"https:\\\/\\\/ocoerente.com.br\\\/se\\\/2020\\\/04\\\/23\\\/agressoes-contra-edvaldo-serao-tratadas-como-crime\\\/#breadcrumb\"},\"inLanguage\":\"pt-BR\",\"potentialAction\":[{\"@type\":\"ReadAction\",\"target\":[\"https:\\\/\\\/ocoerente.com.br\\\/se\\\/2020\\\/04\\\/23\\\/agressoes-contra-edvaldo-serao-tratadas-como-crime\\\/\"]}]},{\"@type\":\"ImageObject\",\"inLanguage\":\"pt-BR\",\"@id\":\"https:\\\/\\\/ocoerente.com.br\\\/se\\\/2020\\\/04\\\/23\\\/agressoes-contra-edvaldo-serao-tratadas-como-crime\\\/#primaryimage\",\"url\":\"https:\\\/\\\/ocoerente.com.br\\\/se\\\/wp-content\\\/uploads\\\/2020\\\/04\\\/caue-300x225-1.jpg\",\"contentUrl\":\"https:\\\/\\\/ocoerente.com.br\\\/se\\\/wp-content\\\/uploads\\\/2020\\\/04\\\/caue-300x225-1.jpg\",\"width\":300,\"height\":225},{\"@type\":\"BreadcrumbList\",\"@id\":\"https:\\\/\\\/ocoerente.com.br\\\/se\\\/2020\\\/04\\\/23\\\/agressoes-contra-edvaldo-serao-tratadas-como-crime\\\/#breadcrumb\",\"itemListElement\":[{\"@type\":\"ListItem\",\"position\":1,\"name\":\"In\u00edcio\",\"item\":\"https:\\\/\\\/ocoerente.com.br\\\/se\\\/\"},{\"@type\":\"ListItem\",\"position\":2,\"name\":\"Agress\u00f5es contra Edvaldo ser\u00e3o tratadas como crime\"}]},{\"@type\":\"WebSite\",\"@id\":\"https:\\\/\\\/ocoerente.com.br\\\/se\\\/#website\",\"url\":\"https:\\\/\\\/ocoerente.com.br\\\/se\\\/\",\"name\":\"O Coerente\",\"description\":\"\",\"publisher\":{\"@id\":\"https:\\\/\\\/ocoerente.com.br\\\/se\\\/#\\\/schema\\\/person\\\/cc6bfd9fbca465e23543b0c963d8d037\"},\"potentialAction\":[{\"@type\":\"SearchAction\",\"target\":{\"@type\":\"EntryPoint\",\"urlTemplate\":\"https:\\\/\\\/ocoerente.com.br\\\/se\\\/?s={search_term_string}\"},\"query-input\":{\"@type\":\"PropertyValueSpecification\",\"valueRequired\":true,\"valueName\":\"search_term_string\"}}],\"inLanguage\":\"pt-BR\"},{\"@type\":[\"Person\",\"Organization\"],\"@id\":\"https:\\\/\\\/ocoerente.com.br\\\/se\\\/#\\\/schema\\\/person\\\/cc6bfd9fbca465e23543b0c963d8d037\",\"name\":\"Reda\u00e7\u00e3o\",\"image\":{\"@type\":\"ImageObject\",\"inLanguage\":\"pt-BR\",\"@id\":\"https:\\\/\\\/ocoerente.com.br\\\/se\\\/wp-content\\\/uploads\\\/2020\\\/01\\\/ocoerente-1.png\",\"url\":\"https:\\\/\\\/ocoerente.com.br\\\/se\\\/wp-content\\\/uploads\\\/2020\\\/01\\\/ocoerente-1.png\",\"contentUrl\":\"https:\\\/\\\/ocoerente.com.br\\\/se\\\/wp-content\\\/uploads\\\/2020\\\/01\\\/ocoerente-1.png\",\"width\":50,\"height\":50,\"caption\":\"Reda\u00e7\u00e3o\"},\"logo\":{\"@id\":\"https:\\\/\\\/ocoerente.com.br\\\/se\\\/wp-content\\\/uploads\\\/2020\\\/01\\\/ocoerente-1.png\"},\"url\":\"https:\\\/\\\/ocoerente.com.br\\\/se\\\/author\\\/vasticlsales\\\/\"}]}<\/script>\n<!-- \/ Yoast SEO plugin. -->","yoast_head_json":{"title":"Agress\u00f5es contra Edvaldo ser\u00e3o tratadas como crime - O Coerente","robots":{"index":"index","follow":"follow","max-snippet":"max-snippet:-1","max-image-preview":"max-image-preview:large","max-video-preview":"max-video-preview:-1"},"canonical":"https:\/\/ocoerente.com.br\/se\/2020\/04\/23\/agressoes-contra-edvaldo-serao-tratadas-como-crime\/","og_locale":"pt_BR","og_type":"article","og_title":"Agress\u00f5es contra Edvaldo ser\u00e3o tratadas como crime - O Coerente","og_description":"As agress\u00f5es cometidas contra a gest\u00e3o municipal e o prefeito Edvaldo Nogueira num v\u00eddeo ap\u00f3crifo (sem autoria) que circulou nas redes sociais, nos \u00faltimos dias, ser\u00e3o tratadas como um crime, com as devidas provid\u00eancias para responsabilizar seus autores. A garantia foi dada, nesta quinta-feira, dia 23, pelo secret\u00e1rio da Comunica\u00e7\u00e3o Social da Prefeitura de Aracaju, [&hellip;]","og_url":"https:\/\/ocoerente.com.br\/se\/2020\/04\/23\/agressoes-contra-edvaldo-serao-tratadas-como-crime\/","og_site_name":"O Coerente","article_published_time":"2020-04-24T01:06:05+00:00","og_image":[{"width":300,"height":225,"url":"https:\/\/ocoerente.com.br\/se\/wp-content\/uploads\/2020\/04\/caue-300x225-1.jpg","type":"image\/jpeg"}],"author":"Reda\u00e7\u00e3o","twitter_card":"summary_large_image","twitter_misc":{"Escrito por":"Reda\u00e7\u00e3o","Est. tempo de leitura":"2 minutos"},"schema":{"@context":"https:\/\/schema.org","@graph":[{"@type":"Article","@id":"https:\/\/ocoerente.com.br\/se\/2020\/04\/23\/agressoes-contra-edvaldo-serao-tratadas-como-crime\/#article","isPartOf":{"@id":"https:\/\/ocoerente.com.br\/se\/2020\/04\/23\/agressoes-contra-edvaldo-serao-tratadas-como-crime\/"},"author":{"name":"Reda\u00e7\u00e3o","@id":"https:\/\/ocoerente.com.br\/se\/#\/schema\/person\/cc6bfd9fbca465e23543b0c963d8d037"},"headline":"Agress\u00f5es contra Edvaldo ser\u00e3o tratadas como crime","datePublished":"2020-04-24T01:06:05+00:00","mainEntityOfPage":{"@id":"https:\/\/ocoerente.com.br\/se\/2020\/04\/23\/agressoes-contra-edvaldo-serao-tratadas-como-crime\/"},"wordCount":508,"publisher":{"@id":"https:\/\/ocoerente.com.br\/se\/#\/schema\/person\/cc6bfd9fbca465e23543b0c963d8d037"},"image":{"@id":"https:\/\/ocoerente.com.br\/se\/2020\/04\/23\/agressoes-contra-edvaldo-serao-tratadas-como-crime\/#primaryimage"},"thumbnailUrl":"https:\/\/ocoerente.com.br\/se\/wp-content\/uploads\/2020\/04\/caue-300x225-1.jpg","articleSection":["Destaques","Pol\u00edtica"],"inLanguage":"pt-BR"},{"@type":"WebPage","@id":"https:\/\/ocoerente.com.br\/se\/2020\/04\/23\/agressoes-contra-edvaldo-serao-tratadas-como-crime\/","url":"https:\/\/ocoerente.com.br\/se\/2020\/04\/23\/agressoes-contra-edvaldo-serao-tratadas-como-crime\/","name":"Agress\u00f5es contra Edvaldo ser\u00e3o tratadas como crime - O Coerente","isPartOf":{"@id":"https:\/\/ocoerente.com.br\/se\/#website"},"primaryImageOfPage":{"@id":"https:\/\/ocoerente.com.br\/se\/2020\/04\/23\/agressoes-contra-edvaldo-serao-tratadas-como-crime\/#primaryimage"},"image":{"@id":"https:\/\/ocoerente.com.br\/se\/2020\/04\/23\/agressoes-contra-edvaldo-serao-tratadas-como-crime\/#primaryimage"},"thumbnailUrl":"https:\/\/ocoerente.com.br\/se\/wp-content\/uploads\/2020\/04\/caue-300x225-1.jpg","datePublished":"2020-04-24T01:06:05+00:00","breadcrumb":{"@id":"https:\/\/ocoerente.com.br\/se\/2020\/04\/23\/agressoes-contra-edvaldo-serao-tratadas-como-crime\/#breadcrumb"},"inLanguage":"pt-BR","potentialAction":[{"@type":"ReadAction","target":["https:\/\/ocoerente.com.br\/se\/2020\/04\/23\/agressoes-contra-edvaldo-serao-tratadas-como-crime\/"]}]},{"@type":"ImageObject","inLanguage":"pt-BR","@id":"https:\/\/ocoerente.com.br\/se\/2020\/04\/23\/agressoes-contra-edvaldo-serao-tratadas-como-crime\/#primaryimage","url":"https:\/\/ocoerente.com.br\/se\/wp-content\/uploads\/2020\/04\/caue-300x225-1.jpg","contentUrl":"https:\/\/ocoerente.com.br\/se\/wp-content\/uploads\/2020\/04\/caue-300x225-1.jpg","width":300,"height":225},{"@type":"BreadcrumbList","@id":"https:\/\/ocoerente.com.br\/se\/2020\/04\/23\/agressoes-contra-edvaldo-serao-tratadas-como-crime\/#breadcrumb","itemListElement":[{"@type":"ListItem","position":1,"name":"In\u00edcio","item":"https:\/\/ocoerente.com.br\/se\/"},{"@type":"ListItem","position":2,"name":"Agress\u00f5es contra Edvaldo ser\u00e3o tratadas como crime"}]},{"@type":"WebSite","@id":"https:\/\/ocoerente.com.br\/se\/#website","url":"https:\/\/ocoerente.com.br\/se\/","name":"O Coerente","description":"","publisher":{"@id":"https:\/\/ocoerente.com.br\/se\/#\/schema\/person\/cc6bfd9fbca465e23543b0c963d8d037"},"potentialAction":[{"@type":"SearchAction","target":{"@type":"EntryPoint","urlTemplate":"https:\/\/ocoerente.com.br\/se\/?s={search_term_string}"},"query-input":{"@type":"PropertyValueSpecification","valueRequired":true,"valueName":"search_term_string"}}],"inLanguage":"pt-BR"},{"@type":["Person","Organization"],"@id":"https:\/\/ocoerente.com.br\/se\/#\/schema\/person\/cc6bfd9fbca465e23543b0c963d8d037","name":"Reda\u00e7\u00e3o","image":{"@type":"ImageObject","inLanguage":"pt-BR","@id":"https:\/\/ocoerente.com.br\/se\/wp-content\/uploads\/2020\/01\/ocoerente-1.png","url":"https:\/\/ocoerente.com.br\/se\/wp-content\/uploads\/2020\/01\/ocoerente-1.png","contentUrl":"https:\/\/ocoerente.com.br\/se\/wp-content\/uploads\/2020\/01\/ocoerente-1.png","width":50,"height":50,"caption":"Reda\u00e7\u00e3o"},"logo":{"@id":"https:\/\/ocoerente.com.br\/se\/wp-content\/uploads\/2020\/01\/ocoerente-1.png"},"url":"https:\/\/ocoerente.com.br\/se\/author\/vasticlsales\/"}]}},"_links":{"self":[{"href":"https:\/\/ocoerente.com.br\/se\/wp-json\/wp\/v2\/posts\/900","targetHints":{"allow":["GET"]}}],"collection":[{"href":"https:\/\/ocoerente.com.br\/se\/wp-json\/wp\/v2\/posts"}],"about":[{"href":"https:\/\/ocoerente.com.br\/se\/wp-json\/wp\/v2\/types\/post"}],"author":[{"embeddable":true,"href":"https:\/\/ocoerente.com.br\/se\/wp-json\/wp\/v2\/users\/1"}],"replies":[{"embeddable":true,"href":"https:\/\/ocoerente.com.br\/se\/wp-json\/wp\/v2\/comments?post=900"}],"version-history":[{"count":1,"href":"https:\/\/ocoerente.com.br\/se\/wp-json\/wp\/v2\/posts\/900\/revisions"}],"predecessor-version":[{"id":902,"href":"https:\/\/ocoerente.com.br\/se\/wp-json\/wp\/v2\/posts\/900\/revisions\/902"}],"wp:featuredmedia":[{"embeddable":true,"href":"https:\/\/ocoerente.com.br\/se\/wp-json\/wp\/v2\/media\/901"}],"wp:attachment":[{"href":"https:\/\/ocoerente.com.br\/se\/wp-json\/wp\/v2\/media?parent=900"}],"wp:term":[{"taxonomy":"category","embeddable":true,"href":"https:\/\/ocoerente.com.br\/se\/wp-json\/wp\/v2\/categories?post=900"},{"taxonomy":"post_tag","embeddable":true,"href":"https:\/\/ocoerente.com.br\/se\/wp-json\/wp\/v2\/tags?post=900"}],"curies":[{"name":"wp","href":"https:\/\/api.w.org\/{rel}","templated":true}]}}