{"id":897,"date":"2020-04-23T01:54:27","date_gmt":"2020-04-23T04:54:27","guid":{"rendered":"http:\/\/ocoerente.com.br\/se\/?p=897"},"modified":"2020-04-23T01:54:27","modified_gmt":"2020-04-23T04:54:27","slug":"joao-daniel-apresenta-emenda-a-mp-934-para-garantir-os-cursos-de-educacao-do-campo","status":"publish","type":"post","link":"https:\/\/ocoerente.com.br\/se\/2020\/04\/23\/joao-daniel-apresenta-emenda-a-mp-934-para-garantir-os-cursos-de-educacao-do-campo\/","title":{"rendered":"Jo\u00e3o Daniel apresenta emenda \u00e0 MP 934 para garantir os cursos de educa\u00e7\u00e3o do campo"},"content":{"rendered":"<p>O deputado federal Jo\u00e3o Daniel (PT\/SE) apresentou emenda \u00e0 Medida Provis\u00f3ria 934\/2020, que estabelece regras excepcionais sobre o ano letivo da educa\u00e7\u00e3o b\u00e1sica e do ensino superior, por conta da pandemia do Covid-19. O objetivo da emenda \u00e9 fazer com que a Uni\u00e3o apoie com recursos e a\u00e7\u00f5es complementares a educa\u00e7\u00e3o do campo em todas as etapas e modalidades e garantir a execu\u00e7\u00e3o dos cursos em andamento do Programa Nacional de Educa\u00e7\u00e3o da Reforma Agr\u00e1ria (Pronera) durante e ap\u00f3s a calamidade p\u00fablica, tanto pelas institui\u00e7\u00f5es de n\u00edvel superior, dos institutos federais, como das redes estaduais e municipais de ensino, garantindo o atendimento dos alunos do campo com ensino de qualidade.<\/p>\n<p>Para Jo\u00e3o Daniel, a emenda proposta tem extrema pertin\u00eancia diante da realidade da educa\u00e7\u00e3o do campo que tem sido relegada no governo Bolsonaro. Ele lembra que, este ano, pelo decreto n\u00ba 20.252 publicado no Di\u00e1rio Oficial em 20 de fevereiro, o governo reorganizou a estrutura do Instituto Nacional de Coloniza\u00e7\u00e3o e Reforma Agr\u00e1ria (Incra), extinguindo a coordena\u00e7\u00e3o respons\u00e1vel pela Educa\u00e7\u00e3o do Campo, enfraquecendo programas importantes para o seu desenvolvimento, al\u00e9m de ter fechado escolas do campo, diminuindo a oferta e aumentando o sucateamento.<\/p>\n<p>\u201cJ\u00e1 foram ofertados 44 cursos de Licenciatura em Educa\u00e7\u00e3o do Campo, em 33 institui\u00e7\u00f5es, e o Pronera foi respons\u00e1vel pela alfabetiza\u00e7\u00e3o, forma\u00e7\u00e3o fundamental, m\u00e9dio e superior de 192 mil camponeses e camponesas nos 27 estados da Federa\u00e7\u00e3o. Atualmente s\u00e3o aproximadamente 60 turmas em funcionamento\u201d, relatou o deputado. Jo\u00e3o Daniel explica que a educa\u00e7\u00e3o do campo tem suas peculiaridades, em especial nos aspectos relacionados \u00e0s redes de comunica\u00e7\u00e3o, processo pedag\u00f3gico, transporte, forma\u00e7\u00e3o dos professores e atua\u00e7\u00e3o integrada nas redes de ensino estadual e municipais. Por isso, justifica, a educa\u00e7\u00e3o do campo requer um tratamento diferenciado.<\/p>\n<p>Segundo ele, no campo ainda se encontram unidades educacionais deterioradas, com baixa quantidade de equipamentos e de material pedag\u00f3gico, escolas sem energia el\u00e9trica e \u00e1gua pot\u00e1vel. Jo\u00e3o Daniel observa que para n\u00e3o agravar ainda mais a situa\u00e7\u00e3o do campo em tempos de calamidade por conta do Covid-19, diante do destrato com a educa\u00e7\u00e3o deste governo, em especial com os assentados, quilombolas e os ind\u00edgenas, \u00e9 necess\u00e1rio um plano especial que respeite as diversidades e apoie estados e munic\u00edpios. \u201cE o artigo 206 da Constitui\u00e7\u00e3o Federal traz os princ\u00edpios das igualdades de condi\u00e7\u00f5es para o acesso e perman\u00eancia na escola e a garantia de padr\u00e3o de qualidade. Por isso entendemos ser muito importante a aprova\u00e7\u00e3o dessa emenda\u201d, ressaltou o parlamentar petista.<\/p>\n<p>&nbsp;<\/p>\n<p>Equipe Jo\u00e3o Daniel<\/p>\n","protected":false},"excerpt":{"rendered":"<p>O deputado federal Jo\u00e3o Daniel (PT\/SE) apresentou emenda \u00e0 Medida Provis\u00f3ria 934\/2020, que estabelece regras excepcionais sobre o ano letivo da educa\u00e7\u00e3o b\u00e1sica e do ensino superior, por conta da pandemia do Covid-19. O objetivo da emenda \u00e9 fazer com que a Uni\u00e3o apoie com recursos e a\u00e7\u00f5es complementares a educa\u00e7\u00e3o do campo em todas [&hellip;]<\/p>\n","protected":false},"author":1,"featured_media":898,"comment_status":"closed","ping_status":"closed","sticky":false,"template":"","format":"standard","meta":{"footnotes":""},"categories":[53,44],"tags":[],"class_list":["post-897","post","type-post","status-publish","format-standard","has-post-thumbnail","hentry","category-destaques","category-politica"],"yoast_head":"<!-- This site is optimized with the Yoast SEO plugin v27.4 - https:\/\/yoast.com\/product\/yoast-seo-wordpress\/ -->\n<title>Jo\u00e3o Daniel apresenta emenda \u00e0 MP 934 para garantir os cursos de educa\u00e7\u00e3o do campo - O Coerente<\/title>\n<meta name=\"robots\" content=\"index, follow, max-snippet:-1, max-image-preview:large, max-video-preview:-1\" \/>\n<link rel=\"canonical\" href=\"https:\/\/ocoerente.com.br\/se\/2020\/04\/23\/joao-daniel-apresenta-emenda-a-mp-934-para-garantir-os-cursos-de-educacao-do-campo\/\" \/>\n<meta property=\"og:locale\" content=\"pt_BR\" \/>\n<meta property=\"og:type\" content=\"article\" \/>\n<meta property=\"og:title\" content=\"Jo\u00e3o Daniel apresenta emenda \u00e0 MP 934 para garantir os cursos de educa\u00e7\u00e3o do campo - O Coerente\" \/>\n<meta property=\"og:description\" content=\"O deputado federal Jo\u00e3o Daniel (PT\/SE) apresentou emenda \u00e0 Medida Provis\u00f3ria 934\/2020, que estabelece regras excepcionais sobre o ano letivo da educa\u00e7\u00e3o b\u00e1sica e do ensino superior, por conta da pandemia do Covid-19. O objetivo da emenda \u00e9 fazer com que a Uni\u00e3o apoie com recursos e a\u00e7\u00f5es complementares a educa\u00e7\u00e3o do campo em todas [&hellip;]\" \/>\n<meta property=\"og:url\" content=\"https:\/\/ocoerente.com.br\/se\/2020\/04\/23\/joao-daniel-apresenta-emenda-a-mp-934-para-garantir-os-cursos-de-educacao-do-campo\/\" \/>\n<meta property=\"og:site_name\" content=\"O Coerente\" \/>\n<meta property=\"article:published_time\" content=\"2020-04-23T04:54:27+00:00\" \/>\n<meta property=\"og:image\" content=\"https:\/\/ocoerente.com.br\/se\/wp-content\/uploads\/2020\/04\/JD-na-camara-tribuna-Gustavo-Bezerra.jpg\" \/>\n\t<meta property=\"og:image:width\" content=\"640\" \/>\n\t<meta property=\"og:image:height\" content=\"427\" \/>\n\t<meta property=\"og:image:type\" content=\"image\/jpeg\" \/>\n<meta name=\"author\" content=\"Reda\u00e7\u00e3o\" \/>\n<meta name=\"twitter:card\" content=\"summary_large_image\" \/>\n<meta name=\"twitter:label1\" content=\"Escrito por\" \/>\n\t<meta name=\"twitter:data1\" content=\"Reda\u00e7\u00e3o\" \/>\n\t<meta name=\"twitter:label2\" content=\"Est. tempo de leitura\" \/>\n\t<meta name=\"twitter:data2\" content=\"2 minutos\" \/>\n<script type=\"application\/ld+json\" class=\"yoast-schema-graph\">{\"@context\":\"https:\\\/\\\/schema.org\",\"@graph\":[{\"@type\":\"Article\",\"@id\":\"https:\\\/\\\/ocoerente.com.br\\\/se\\\/2020\\\/04\\\/23\\\/joao-daniel-apresenta-emenda-a-mp-934-para-garantir-os-cursos-de-educacao-do-campo\\\/#article\",\"isPartOf\":{\"@id\":\"https:\\\/\\\/ocoerente.com.br\\\/se\\\/2020\\\/04\\\/23\\\/joao-daniel-apresenta-emenda-a-mp-934-para-garantir-os-cursos-de-educacao-do-campo\\\/\"},\"author\":{\"name\":\"Reda\u00e7\u00e3o\",\"@id\":\"https:\\\/\\\/ocoerente.com.br\\\/se\\\/#\\\/schema\\\/person\\\/cc6bfd9fbca465e23543b0c963d8d037\"},\"headline\":\"Jo\u00e3o Daniel apresenta emenda \u00e0 MP 934 para garantir os cursos de educa\u00e7\u00e3o do campo\",\"datePublished\":\"2020-04-23T04:54:27+00:00\",\"mainEntityOfPage\":{\"@id\":\"https:\\\/\\\/ocoerente.com.br\\\/se\\\/2020\\\/04\\\/23\\\/joao-daniel-apresenta-emenda-a-mp-934-para-garantir-os-cursos-de-educacao-do-campo\\\/\"},\"wordCount\":471,\"publisher\":{\"@id\":\"https:\\\/\\\/ocoerente.com.br\\\/se\\\/#\\\/schema\\\/person\\\/cc6bfd9fbca465e23543b0c963d8d037\"},\"image\":{\"@id\":\"https:\\\/\\\/ocoerente.com.br\\\/se\\\/2020\\\/04\\\/23\\\/joao-daniel-apresenta-emenda-a-mp-934-para-garantir-os-cursos-de-educacao-do-campo\\\/#primaryimage\"},\"thumbnailUrl\":\"https:\\\/\\\/ocoerente.com.br\\\/se\\\/wp-content\\\/uploads\\\/2020\\\/04\\\/JD-na-camara-tribuna-Gustavo-Bezerra.jpg\",\"articleSection\":[\"Destaques\",\"Pol\u00edtica\"],\"inLanguage\":\"pt-BR\"},{\"@type\":\"WebPage\",\"@id\":\"https:\\\/\\\/ocoerente.com.br\\\/se\\\/2020\\\/04\\\/23\\\/joao-daniel-apresenta-emenda-a-mp-934-para-garantir-os-cursos-de-educacao-do-campo\\\/\",\"url\":\"https:\\\/\\\/ocoerente.com.br\\\/se\\\/2020\\\/04\\\/23\\\/joao-daniel-apresenta-emenda-a-mp-934-para-garantir-os-cursos-de-educacao-do-campo\\\/\",\"name\":\"Jo\u00e3o Daniel apresenta emenda \u00e0 MP 934 para garantir os cursos de educa\u00e7\u00e3o do campo - O Coerente\",\"isPartOf\":{\"@id\":\"https:\\\/\\\/ocoerente.com.br\\\/se\\\/#website\"},\"primaryImageOfPage\":{\"@id\":\"https:\\\/\\\/ocoerente.com.br\\\/se\\\/2020\\\/04\\\/23\\\/joao-daniel-apresenta-emenda-a-mp-934-para-garantir-os-cursos-de-educacao-do-campo\\\/#primaryimage\"},\"image\":{\"@id\":\"https:\\\/\\\/ocoerente.com.br\\\/se\\\/2020\\\/04\\\/23\\\/joao-daniel-apresenta-emenda-a-mp-934-para-garantir-os-cursos-de-educacao-do-campo\\\/#primaryimage\"},\"thumbnailUrl\":\"https:\\\/\\\/ocoerente.com.br\\\/se\\\/wp-content\\\/uploads\\\/2020\\\/04\\\/JD-na-camara-tribuna-Gustavo-Bezerra.jpg\",\"datePublished\":\"2020-04-23T04:54:27+00:00\",\"breadcrumb\":{\"@id\":\"https:\\\/\\\/ocoerente.com.br\\\/se\\\/2020\\\/04\\\/23\\\/joao-daniel-apresenta-emenda-a-mp-934-para-garantir-os-cursos-de-educacao-do-campo\\\/#breadcrumb\"},\"inLanguage\":\"pt-BR\",\"potentialAction\":[{\"@type\":\"ReadAction\",\"target\":[\"https:\\\/\\\/ocoerente.com.br\\\/se\\\/2020\\\/04\\\/23\\\/joao-daniel-apresenta-emenda-a-mp-934-para-garantir-os-cursos-de-educacao-do-campo\\\/\"]}]},{\"@type\":\"ImageObject\",\"inLanguage\":\"pt-BR\",\"@id\":\"https:\\\/\\\/ocoerente.com.br\\\/se\\\/2020\\\/04\\\/23\\\/joao-daniel-apresenta-emenda-a-mp-934-para-garantir-os-cursos-de-educacao-do-campo\\\/#primaryimage\",\"url\":\"https:\\\/\\\/ocoerente.com.br\\\/se\\\/wp-content\\\/uploads\\\/2020\\\/04\\\/JD-na-camara-tribuna-Gustavo-Bezerra.jpg\",\"contentUrl\":\"https:\\\/\\\/ocoerente.com.br\\\/se\\\/wp-content\\\/uploads\\\/2020\\\/04\\\/JD-na-camara-tribuna-Gustavo-Bezerra.jpg\",\"width\":640,\"height\":427},{\"@type\":\"BreadcrumbList\",\"@id\":\"https:\\\/\\\/ocoerente.com.br\\\/se\\\/2020\\\/04\\\/23\\\/joao-daniel-apresenta-emenda-a-mp-934-para-garantir-os-cursos-de-educacao-do-campo\\\/#breadcrumb\",\"itemListElement\":[{\"@type\":\"ListItem\",\"position\":1,\"name\":\"In\u00edcio\",\"item\":\"https:\\\/\\\/ocoerente.com.br\\\/se\\\/\"},{\"@type\":\"ListItem\",\"position\":2,\"name\":\"Jo\u00e3o Daniel apresenta emenda \u00e0 MP 934 para garantir os cursos de educa\u00e7\u00e3o do campo\"}]},{\"@type\":\"WebSite\",\"@id\":\"https:\\\/\\\/ocoerente.com.br\\\/se\\\/#website\",\"url\":\"https:\\\/\\\/ocoerente.com.br\\\/se\\\/\",\"name\":\"O Coerente\",\"description\":\"\",\"publisher\":{\"@id\":\"https:\\\/\\\/ocoerente.com.br\\\/se\\\/#\\\/schema\\\/person\\\/cc6bfd9fbca465e23543b0c963d8d037\"},\"potentialAction\":[{\"@type\":\"SearchAction\",\"target\":{\"@type\":\"EntryPoint\",\"urlTemplate\":\"https:\\\/\\\/ocoerente.com.br\\\/se\\\/?s={search_term_string}\"},\"query-input\":{\"@type\":\"PropertyValueSpecification\",\"valueRequired\":true,\"valueName\":\"search_term_string\"}}],\"inLanguage\":\"pt-BR\"},{\"@type\":[\"Person\",\"Organization\"],\"@id\":\"https:\\\/\\\/ocoerente.com.br\\\/se\\\/#\\\/schema\\\/person\\\/cc6bfd9fbca465e23543b0c963d8d037\",\"name\":\"Reda\u00e7\u00e3o\",\"image\":{\"@type\":\"ImageObject\",\"inLanguage\":\"pt-BR\",\"@id\":\"https:\\\/\\\/ocoerente.com.br\\\/se\\\/wp-content\\\/uploads\\\/2020\\\/01\\\/ocoerente-1.png\",\"url\":\"https:\\\/\\\/ocoerente.com.br\\\/se\\\/wp-content\\\/uploads\\\/2020\\\/01\\\/ocoerente-1.png\",\"contentUrl\":\"https:\\\/\\\/ocoerente.com.br\\\/se\\\/wp-content\\\/uploads\\\/2020\\\/01\\\/ocoerente-1.png\",\"width\":50,\"height\":50,\"caption\":\"Reda\u00e7\u00e3o\"},\"logo\":{\"@id\":\"https:\\\/\\\/ocoerente.com.br\\\/se\\\/wp-content\\\/uploads\\\/2020\\\/01\\\/ocoerente-1.png\"},\"url\":\"https:\\\/\\\/ocoerente.com.br\\\/se\\\/author\\\/vasticlsales\\\/\"}]}<\/script>\n<!-- \/ Yoast SEO plugin. -->","yoast_head_json":{"title":"Jo\u00e3o Daniel apresenta emenda \u00e0 MP 934 para garantir os cursos de educa\u00e7\u00e3o do campo - O Coerente","robots":{"index":"index","follow":"follow","max-snippet":"max-snippet:-1","max-image-preview":"max-image-preview:large","max-video-preview":"max-video-preview:-1"},"canonical":"https:\/\/ocoerente.com.br\/se\/2020\/04\/23\/joao-daniel-apresenta-emenda-a-mp-934-para-garantir-os-cursos-de-educacao-do-campo\/","og_locale":"pt_BR","og_type":"article","og_title":"Jo\u00e3o Daniel apresenta emenda \u00e0 MP 934 para garantir os cursos de educa\u00e7\u00e3o do campo - O Coerente","og_description":"O deputado federal Jo\u00e3o Daniel (PT\/SE) apresentou emenda \u00e0 Medida Provis\u00f3ria 934\/2020, que estabelece regras excepcionais sobre o ano letivo da educa\u00e7\u00e3o b\u00e1sica e do ensino superior, por conta da pandemia do Covid-19. O objetivo da emenda \u00e9 fazer com que a Uni\u00e3o apoie com recursos e a\u00e7\u00f5es complementares a educa\u00e7\u00e3o do campo em todas [&hellip;]","og_url":"https:\/\/ocoerente.com.br\/se\/2020\/04\/23\/joao-daniel-apresenta-emenda-a-mp-934-para-garantir-os-cursos-de-educacao-do-campo\/","og_site_name":"O Coerente","article_published_time":"2020-04-23T04:54:27+00:00","og_image":[{"width":640,"height":427,"url":"https:\/\/ocoerente.com.br\/se\/wp-content\/uploads\/2020\/04\/JD-na-camara-tribuna-Gustavo-Bezerra.jpg","type":"image\/jpeg"}],"author":"Reda\u00e7\u00e3o","twitter_card":"summary_large_image","twitter_misc":{"Escrito por":"Reda\u00e7\u00e3o","Est. tempo de leitura":"2 minutos"},"schema":{"@context":"https:\/\/schema.org","@graph":[{"@type":"Article","@id":"https:\/\/ocoerente.com.br\/se\/2020\/04\/23\/joao-daniel-apresenta-emenda-a-mp-934-para-garantir-os-cursos-de-educacao-do-campo\/#article","isPartOf":{"@id":"https:\/\/ocoerente.com.br\/se\/2020\/04\/23\/joao-daniel-apresenta-emenda-a-mp-934-para-garantir-os-cursos-de-educacao-do-campo\/"},"author":{"name":"Reda\u00e7\u00e3o","@id":"https:\/\/ocoerente.com.br\/se\/#\/schema\/person\/cc6bfd9fbca465e23543b0c963d8d037"},"headline":"Jo\u00e3o Daniel apresenta emenda \u00e0 MP 934 para garantir os cursos de educa\u00e7\u00e3o do campo","datePublished":"2020-04-23T04:54:27+00:00","mainEntityOfPage":{"@id":"https:\/\/ocoerente.com.br\/se\/2020\/04\/23\/joao-daniel-apresenta-emenda-a-mp-934-para-garantir-os-cursos-de-educacao-do-campo\/"},"wordCount":471,"publisher":{"@id":"https:\/\/ocoerente.com.br\/se\/#\/schema\/person\/cc6bfd9fbca465e23543b0c963d8d037"},"image":{"@id":"https:\/\/ocoerente.com.br\/se\/2020\/04\/23\/joao-daniel-apresenta-emenda-a-mp-934-para-garantir-os-cursos-de-educacao-do-campo\/#primaryimage"},"thumbnailUrl":"https:\/\/ocoerente.com.br\/se\/wp-content\/uploads\/2020\/04\/JD-na-camara-tribuna-Gustavo-Bezerra.jpg","articleSection":["Destaques","Pol\u00edtica"],"inLanguage":"pt-BR"},{"@type":"WebPage","@id":"https:\/\/ocoerente.com.br\/se\/2020\/04\/23\/joao-daniel-apresenta-emenda-a-mp-934-para-garantir-os-cursos-de-educacao-do-campo\/","url":"https:\/\/ocoerente.com.br\/se\/2020\/04\/23\/joao-daniel-apresenta-emenda-a-mp-934-para-garantir-os-cursos-de-educacao-do-campo\/","name":"Jo\u00e3o Daniel apresenta emenda \u00e0 MP 934 para garantir os cursos de educa\u00e7\u00e3o do campo - O Coerente","isPartOf":{"@id":"https:\/\/ocoerente.com.br\/se\/#website"},"primaryImageOfPage":{"@id":"https:\/\/ocoerente.com.br\/se\/2020\/04\/23\/joao-daniel-apresenta-emenda-a-mp-934-para-garantir-os-cursos-de-educacao-do-campo\/#primaryimage"},"image":{"@id":"https:\/\/ocoerente.com.br\/se\/2020\/04\/23\/joao-daniel-apresenta-emenda-a-mp-934-para-garantir-os-cursos-de-educacao-do-campo\/#primaryimage"},"thumbnailUrl":"https:\/\/ocoerente.com.br\/se\/wp-content\/uploads\/2020\/04\/JD-na-camara-tribuna-Gustavo-Bezerra.jpg","datePublished":"2020-04-23T04:54:27+00:00","breadcrumb":{"@id":"https:\/\/ocoerente.com.br\/se\/2020\/04\/23\/joao-daniel-apresenta-emenda-a-mp-934-para-garantir-os-cursos-de-educacao-do-campo\/#breadcrumb"},"inLanguage":"pt-BR","potentialAction":[{"@type":"ReadAction","target":["https:\/\/ocoerente.com.br\/se\/2020\/04\/23\/joao-daniel-apresenta-emenda-a-mp-934-para-garantir-os-cursos-de-educacao-do-campo\/"]}]},{"@type":"ImageObject","inLanguage":"pt-BR","@id":"https:\/\/ocoerente.com.br\/se\/2020\/04\/23\/joao-daniel-apresenta-emenda-a-mp-934-para-garantir-os-cursos-de-educacao-do-campo\/#primaryimage","url":"https:\/\/ocoerente.com.br\/se\/wp-content\/uploads\/2020\/04\/JD-na-camara-tribuna-Gustavo-Bezerra.jpg","contentUrl":"https:\/\/ocoerente.com.br\/se\/wp-content\/uploads\/2020\/04\/JD-na-camara-tribuna-Gustavo-Bezerra.jpg","width":640,"height":427},{"@type":"BreadcrumbList","@id":"https:\/\/ocoerente.com.br\/se\/2020\/04\/23\/joao-daniel-apresenta-emenda-a-mp-934-para-garantir-os-cursos-de-educacao-do-campo\/#breadcrumb","itemListElement":[{"@type":"ListItem","position":1,"name":"In\u00edcio","item":"https:\/\/ocoerente.com.br\/se\/"},{"@type":"ListItem","position":2,"name":"Jo\u00e3o Daniel apresenta emenda \u00e0 MP 934 para garantir os cursos de educa\u00e7\u00e3o do campo"}]},{"@type":"WebSite","@id":"https:\/\/ocoerente.com.br\/se\/#website","url":"https:\/\/ocoerente.com.br\/se\/","name":"O Coerente","description":"","publisher":{"@id":"https:\/\/ocoerente.com.br\/se\/#\/schema\/person\/cc6bfd9fbca465e23543b0c963d8d037"},"potentialAction":[{"@type":"SearchAction","target":{"@type":"EntryPoint","urlTemplate":"https:\/\/ocoerente.com.br\/se\/?s={search_term_string}"},"query-input":{"@type":"PropertyValueSpecification","valueRequired":true,"valueName":"search_term_string"}}],"inLanguage":"pt-BR"},{"@type":["Person","Organization"],"@id":"https:\/\/ocoerente.com.br\/se\/#\/schema\/person\/cc6bfd9fbca465e23543b0c963d8d037","name":"Reda\u00e7\u00e3o","image":{"@type":"ImageObject","inLanguage":"pt-BR","@id":"https:\/\/ocoerente.com.br\/se\/wp-content\/uploads\/2020\/01\/ocoerente-1.png","url":"https:\/\/ocoerente.com.br\/se\/wp-content\/uploads\/2020\/01\/ocoerente-1.png","contentUrl":"https:\/\/ocoerente.com.br\/se\/wp-content\/uploads\/2020\/01\/ocoerente-1.png","width":50,"height":50,"caption":"Reda\u00e7\u00e3o"},"logo":{"@id":"https:\/\/ocoerente.com.br\/se\/wp-content\/uploads\/2020\/01\/ocoerente-1.png"},"url":"https:\/\/ocoerente.com.br\/se\/author\/vasticlsales\/"}]}},"_links":{"self":[{"href":"https:\/\/ocoerente.com.br\/se\/wp-json\/wp\/v2\/posts\/897","targetHints":{"allow":["GET"]}}],"collection":[{"href":"https:\/\/ocoerente.com.br\/se\/wp-json\/wp\/v2\/posts"}],"about":[{"href":"https:\/\/ocoerente.com.br\/se\/wp-json\/wp\/v2\/types\/post"}],"author":[{"embeddable":true,"href":"https:\/\/ocoerente.com.br\/se\/wp-json\/wp\/v2\/users\/1"}],"replies":[{"embeddable":true,"href":"https:\/\/ocoerente.com.br\/se\/wp-json\/wp\/v2\/comments?post=897"}],"version-history":[{"count":1,"href":"https:\/\/ocoerente.com.br\/se\/wp-json\/wp\/v2\/posts\/897\/revisions"}],"predecessor-version":[{"id":899,"href":"https:\/\/ocoerente.com.br\/se\/wp-json\/wp\/v2\/posts\/897\/revisions\/899"}],"wp:featuredmedia":[{"embeddable":true,"href":"https:\/\/ocoerente.com.br\/se\/wp-json\/wp\/v2\/media\/898"}],"wp:attachment":[{"href":"https:\/\/ocoerente.com.br\/se\/wp-json\/wp\/v2\/media?parent=897"}],"wp:term":[{"taxonomy":"category","embeddable":true,"href":"https:\/\/ocoerente.com.br\/se\/wp-json\/wp\/v2\/categories?post=897"},{"taxonomy":"post_tag","embeddable":true,"href":"https:\/\/ocoerente.com.br\/se\/wp-json\/wp\/v2\/tags?post=897"}],"curies":[{"name":"wp","href":"https:\/\/api.w.org\/{rel}","templated":true}]}}