{"id":893,"date":"2020-04-23T01:50:17","date_gmt":"2020-04-23T04:50:17","guid":{"rendered":"http:\/\/ocoerente.com.br\/se\/?p=893"},"modified":"2020-04-23T01:52:47","modified_gmt":"2020-04-23T04:52:47","slug":"nota-de-esclarecimento-secretaria-de-agricultura-de-itabaiana","status":"publish","type":"post","link":"https:\/\/ocoerente.com.br\/se\/2020\/04\/23\/nota-de-esclarecimento-secretaria-de-agricultura-de-itabaiana\/","title":{"rendered":"NOTA DE ESCLARECIMENTO: Secretaria de Agricultura de Itabaiana"},"content":{"rendered":"<p>A secretaria de Agricultura, da Pecu\u00e1ria, e do Abastecimento Alimentar de Itabaiana vem por meio desta informar que para a ado\u00e7\u00e3o medidas de seguran\u00e7a contra a prolifera\u00e7\u00e3o do coronav\u00edrus em nosso munic\u00edpio, al\u00e9m de restringir o funcionamento da Feira Livre a produtos aliment\u00edcios, foram realizadas altera\u00e7\u00f5es na localiza\u00e7\u00e3o de algumas bancas, para consequente libera\u00e7\u00e3o de \u00e1rea para que se possa realizar os espa\u00e7amentos recomendados, bem como, a elimina\u00e7\u00e3o de setores prop\u00edcios a maior aglomera\u00e7\u00e3o por conta de grande concentra\u00e7\u00e3o de bancas.<br \/>\nAssim sendo, informamos a toda popula\u00e7\u00e3o, as novas localiza\u00e7\u00f5es:<\/p>\n<p>\u2022As bancas de Camar\u00e3o, agora se encontram na Trav. Manoel Vieira (Travessa onde localiza-se o Loj\u00e3o de Caruaru);<\/p>\n<p>\u2022As bancas de doces, agora se encontram na Rua Deputado Ant\u00f4nio de Oliveira Mendon\u00e7a (Pr\u00f3ximo \u00e0 Joseane confec\u00e7\u00f5es, onde eram lotadas as bancas de ferragens);<\/p>\n<p>\u2022As bancas de hortifruti anteriormente localizadas na Trav. Manoel Vieira, mais conhecida como rua do loj\u00e3o de Caruaru, agora se encontram no Largo Santo Ant\u00f4nio, onde anteriormente se encontravam as bancas de roupas;<\/p>\n<p>\u2022Todas as bancas do setor onde concentram-se a comercializa\u00e7\u00e3o de bananas e frutas, localizadas no entorno do Mercad\u00e3o foram transferidas ao Largo Santo Ant\u00f4nio;<\/p>\n<p>\u2022Os feirantes que n\u00e3o possuem cadastro no munic\u00edpio, est\u00e3o proibidos de vir comercializar na Feira Livre de Itabaiana.<\/p>\n<p>A Prefeitura de Itabaiana lamenta os transtornos e, ao mesmo tempo, pede a compreens\u00e3o de todos<br \/>\nnesse momento, bem como a colabora\u00e7\u00e3o na luta contra o novo coronav\u00edrus.<\/p>\n<p><img loading=\"lazy\" decoding=\"async\" class=\"alignnone wp-image-894\" src=\"http:\/\/ocoerente.com.br\/se\/wp-content\/uploads\/2020\/04\/29.jpg\" alt=\"\" width=\"460\" height=\"460\" srcset=\"https:\/\/ocoerente.com.br\/se\/wp-content\/uploads\/2020\/04\/29.jpg 1080w, https:\/\/ocoerente.com.br\/se\/wp-content\/uploads\/2020\/04\/29-300x300.jpg 300w, https:\/\/ocoerente.com.br\/se\/wp-content\/uploads\/2020\/04\/29-1024x1024.jpg 1024w, https:\/\/ocoerente.com.br\/se\/wp-content\/uploads\/2020\/04\/29-150x150.jpg 150w, https:\/\/ocoerente.com.br\/se\/wp-content\/uploads\/2020\/04\/29-768x768.jpg 768w, https:\/\/ocoerente.com.br\/se\/wp-content\/uploads\/2020\/04\/29-75x75.jpg 75w, https:\/\/ocoerente.com.br\/se\/wp-content\/uploads\/2020\/04\/29-750x750.jpg 750w\" sizes=\"auto, (max-width: 460px) 100vw, 460px\" \/><\/p>\n<p>Prefeitura de Itabaiana<br \/>\nForte Como Seu Povo<\/p>\n","protected":false},"excerpt":{"rendered":"<p>A secretaria de Agricultura, da Pecu\u00e1ria, e do Abastecimento Alimentar de Itabaiana vem por meio desta informar que para a ado\u00e7\u00e3o medidas de seguran\u00e7a contra a prolifera\u00e7\u00e3o do coronav\u00edrus em nosso munic\u00edpio, al\u00e9m de restringir o funcionamento da Feira Livre a produtos aliment\u00edcios, foram realizadas altera\u00e7\u00f5es na localiza\u00e7\u00e3o de algumas bancas, para consequente libera\u00e7\u00e3o de [&hellip;]<\/p>\n","protected":false},"author":1,"featured_media":896,"comment_status":"closed","ping_status":"closed","sticky":false,"template":"","format":"standard","meta":{"footnotes":""},"categories":[53,43],"tags":[],"class_list":["post-893","post","type-post","status-publish","format-standard","has-post-thumbnail","hentry","category-destaques","category-sergipe"],"yoast_head":"<!-- This site is optimized with the Yoast SEO plugin v27.4 - https:\/\/yoast.com\/product\/yoast-seo-wordpress\/ -->\n<title>NOTA DE ESCLARECIMENTO: Secretaria de Agricultura de Itabaiana - O Coerente<\/title>\n<meta name=\"robots\" content=\"index, follow, max-snippet:-1, max-image-preview:large, max-video-preview:-1\" \/>\n<link rel=\"canonical\" href=\"https:\/\/ocoerente.com.br\/se\/2020\/04\/23\/nota-de-esclarecimento-secretaria-de-agricultura-de-itabaiana\/\" \/>\n<meta property=\"og:locale\" content=\"pt_BR\" \/>\n<meta property=\"og:type\" content=\"article\" \/>\n<meta property=\"og:title\" content=\"NOTA DE ESCLARECIMENTO: Secretaria de Agricultura de Itabaiana - O Coerente\" \/>\n<meta property=\"og:description\" content=\"A secretaria de Agricultura, da Pecu\u00e1ria, e do Abastecimento Alimentar de Itabaiana vem por meio desta informar que para a ado\u00e7\u00e3o medidas de seguran\u00e7a contra a prolifera\u00e7\u00e3o do coronav\u00edrus em nosso munic\u00edpio, al\u00e9m de restringir o funcionamento da Feira Livre a produtos aliment\u00edcios, foram realizadas altera\u00e7\u00f5es na localiza\u00e7\u00e3o de algumas bancas, para consequente libera\u00e7\u00e3o de [&hellip;]\" \/>\n<meta property=\"og:url\" content=\"https:\/\/ocoerente.com.br\/se\/2020\/04\/23\/nota-de-esclarecimento-secretaria-de-agricultura-de-itabaiana\/\" \/>\n<meta property=\"og:site_name\" content=\"O Coerente\" \/>\n<meta property=\"article:published_time\" content=\"2020-04-23T04:50:17+00:00\" \/>\n<meta property=\"article:modified_time\" content=\"2020-04-23T04:52:47+00:00\" \/>\n<meta property=\"og:image\" content=\"https:\/\/ocoerente.com.br\/se\/wp-content\/uploads\/2020\/04\/2-at-23.15.13.jpg\" \/>\n\t<meta property=\"og:image:width\" content=\"720\" \/>\n\t<meta property=\"og:image:height\" content=\"513\" \/>\n\t<meta property=\"og:image:type\" content=\"image\/jpeg\" \/>\n<meta name=\"author\" content=\"Reda\u00e7\u00e3o\" \/>\n<meta name=\"twitter:card\" content=\"summary_large_image\" \/>\n<meta name=\"twitter:label1\" content=\"Escrito por\" \/>\n\t<meta name=\"twitter:data1\" content=\"Reda\u00e7\u00e3o\" \/>\n\t<meta name=\"twitter:label2\" content=\"Est. tempo de leitura\" \/>\n\t<meta name=\"twitter:data2\" content=\"1 minuto\" \/>\n<script type=\"application\/ld+json\" class=\"yoast-schema-graph\">{\"@context\":\"https:\\\/\\\/schema.org\",\"@graph\":[{\"@type\":\"Article\",\"@id\":\"https:\\\/\\\/ocoerente.com.br\\\/se\\\/2020\\\/04\\\/23\\\/nota-de-esclarecimento-secretaria-de-agricultura-de-itabaiana\\\/#article\",\"isPartOf\":{\"@id\":\"https:\\\/\\\/ocoerente.com.br\\\/se\\\/2020\\\/04\\\/23\\\/nota-de-esclarecimento-secretaria-de-agricultura-de-itabaiana\\\/\"},\"author\":{\"name\":\"Reda\u00e7\u00e3o\",\"@id\":\"https:\\\/\\\/ocoerente.com.br\\\/se\\\/#\\\/schema\\\/person\\\/cc6bfd9fbca465e23543b0c963d8d037\"},\"headline\":\"NOTA DE ESCLARECIMENTO: Secretaria de Agricultura de Itabaiana\",\"datePublished\":\"2020-04-23T04:50:17+00:00\",\"dateModified\":\"2020-04-23T04:52:47+00:00\",\"mainEntityOfPage\":{\"@id\":\"https:\\\/\\\/ocoerente.com.br\\\/se\\\/2020\\\/04\\\/23\\\/nota-de-esclarecimento-secretaria-de-agricultura-de-itabaiana\\\/\"},\"wordCount\":285,\"publisher\":{\"@id\":\"https:\\\/\\\/ocoerente.com.br\\\/se\\\/#\\\/schema\\\/person\\\/cc6bfd9fbca465e23543b0c963d8d037\"},\"image\":{\"@id\":\"https:\\\/\\\/ocoerente.com.br\\\/se\\\/2020\\\/04\\\/23\\\/nota-de-esclarecimento-secretaria-de-agricultura-de-itabaiana\\\/#primaryimage\"},\"thumbnailUrl\":\"https:\\\/\\\/ocoerente.com.br\\\/se\\\/wp-content\\\/uploads\\\/2020\\\/04\\\/2-at-23.15.13.jpg\",\"articleSection\":[\"Destaques\",\"Sergipe\"],\"inLanguage\":\"pt-BR\"},{\"@type\":\"WebPage\",\"@id\":\"https:\\\/\\\/ocoerente.com.br\\\/se\\\/2020\\\/04\\\/23\\\/nota-de-esclarecimento-secretaria-de-agricultura-de-itabaiana\\\/\",\"url\":\"https:\\\/\\\/ocoerente.com.br\\\/se\\\/2020\\\/04\\\/23\\\/nota-de-esclarecimento-secretaria-de-agricultura-de-itabaiana\\\/\",\"name\":\"NOTA DE ESCLARECIMENTO: Secretaria de Agricultura de Itabaiana - O Coerente\",\"isPartOf\":{\"@id\":\"https:\\\/\\\/ocoerente.com.br\\\/se\\\/#website\"},\"primaryImageOfPage\":{\"@id\":\"https:\\\/\\\/ocoerente.com.br\\\/se\\\/2020\\\/04\\\/23\\\/nota-de-esclarecimento-secretaria-de-agricultura-de-itabaiana\\\/#primaryimage\"},\"image\":{\"@id\":\"https:\\\/\\\/ocoerente.com.br\\\/se\\\/2020\\\/04\\\/23\\\/nota-de-esclarecimento-secretaria-de-agricultura-de-itabaiana\\\/#primaryimage\"},\"thumbnailUrl\":\"https:\\\/\\\/ocoerente.com.br\\\/se\\\/wp-content\\\/uploads\\\/2020\\\/04\\\/2-at-23.15.13.jpg\",\"datePublished\":\"2020-04-23T04:50:17+00:00\",\"dateModified\":\"2020-04-23T04:52:47+00:00\",\"breadcrumb\":{\"@id\":\"https:\\\/\\\/ocoerente.com.br\\\/se\\\/2020\\\/04\\\/23\\\/nota-de-esclarecimento-secretaria-de-agricultura-de-itabaiana\\\/#breadcrumb\"},\"inLanguage\":\"pt-BR\",\"potentialAction\":[{\"@type\":\"ReadAction\",\"target\":[\"https:\\\/\\\/ocoerente.com.br\\\/se\\\/2020\\\/04\\\/23\\\/nota-de-esclarecimento-secretaria-de-agricultura-de-itabaiana\\\/\"]}]},{\"@type\":\"ImageObject\",\"inLanguage\":\"pt-BR\",\"@id\":\"https:\\\/\\\/ocoerente.com.br\\\/se\\\/2020\\\/04\\\/23\\\/nota-de-esclarecimento-secretaria-de-agricultura-de-itabaiana\\\/#primaryimage\",\"url\":\"https:\\\/\\\/ocoerente.com.br\\\/se\\\/wp-content\\\/uploads\\\/2020\\\/04\\\/2-at-23.15.13.jpg\",\"contentUrl\":\"https:\\\/\\\/ocoerente.com.br\\\/se\\\/wp-content\\\/uploads\\\/2020\\\/04\\\/2-at-23.15.13.jpg\",\"width\":720,\"height\":513},{\"@type\":\"BreadcrumbList\",\"@id\":\"https:\\\/\\\/ocoerente.com.br\\\/se\\\/2020\\\/04\\\/23\\\/nota-de-esclarecimento-secretaria-de-agricultura-de-itabaiana\\\/#breadcrumb\",\"itemListElement\":[{\"@type\":\"ListItem\",\"position\":1,\"name\":\"In\u00edcio\",\"item\":\"https:\\\/\\\/ocoerente.com.br\\\/se\\\/\"},{\"@type\":\"ListItem\",\"position\":2,\"name\":\"NOTA DE ESCLARECIMENTO: Secretaria de Agricultura de Itabaiana\"}]},{\"@type\":\"WebSite\",\"@id\":\"https:\\\/\\\/ocoerente.com.br\\\/se\\\/#website\",\"url\":\"https:\\\/\\\/ocoerente.com.br\\\/se\\\/\",\"name\":\"O Coerente\",\"description\":\"\",\"publisher\":{\"@id\":\"https:\\\/\\\/ocoerente.com.br\\\/se\\\/#\\\/schema\\\/person\\\/cc6bfd9fbca465e23543b0c963d8d037\"},\"potentialAction\":[{\"@type\":\"SearchAction\",\"target\":{\"@type\":\"EntryPoint\",\"urlTemplate\":\"https:\\\/\\\/ocoerente.com.br\\\/se\\\/?s={search_term_string}\"},\"query-input\":{\"@type\":\"PropertyValueSpecification\",\"valueRequired\":true,\"valueName\":\"search_term_string\"}}],\"inLanguage\":\"pt-BR\"},{\"@type\":[\"Person\",\"Organization\"],\"@id\":\"https:\\\/\\\/ocoerente.com.br\\\/se\\\/#\\\/schema\\\/person\\\/cc6bfd9fbca465e23543b0c963d8d037\",\"name\":\"Reda\u00e7\u00e3o\",\"image\":{\"@type\":\"ImageObject\",\"inLanguage\":\"pt-BR\",\"@id\":\"https:\\\/\\\/ocoerente.com.br\\\/se\\\/wp-content\\\/uploads\\\/2020\\\/01\\\/ocoerente-1.png\",\"url\":\"https:\\\/\\\/ocoerente.com.br\\\/se\\\/wp-content\\\/uploads\\\/2020\\\/01\\\/ocoerente-1.png\",\"contentUrl\":\"https:\\\/\\\/ocoerente.com.br\\\/se\\\/wp-content\\\/uploads\\\/2020\\\/01\\\/ocoerente-1.png\",\"width\":50,\"height\":50,\"caption\":\"Reda\u00e7\u00e3o\"},\"logo\":{\"@id\":\"https:\\\/\\\/ocoerente.com.br\\\/se\\\/wp-content\\\/uploads\\\/2020\\\/01\\\/ocoerente-1.png\"},\"url\":\"https:\\\/\\\/ocoerente.com.br\\\/se\\\/author\\\/vasticlsales\\\/\"}]}<\/script>\n<!-- \/ Yoast SEO plugin. -->","yoast_head_json":{"title":"NOTA DE ESCLARECIMENTO: Secretaria de Agricultura de Itabaiana - O Coerente","robots":{"index":"index","follow":"follow","max-snippet":"max-snippet:-1","max-image-preview":"max-image-preview:large","max-video-preview":"max-video-preview:-1"},"canonical":"https:\/\/ocoerente.com.br\/se\/2020\/04\/23\/nota-de-esclarecimento-secretaria-de-agricultura-de-itabaiana\/","og_locale":"pt_BR","og_type":"article","og_title":"NOTA DE ESCLARECIMENTO: Secretaria de Agricultura de Itabaiana - O Coerente","og_description":"A secretaria de Agricultura, da Pecu\u00e1ria, e do Abastecimento Alimentar de Itabaiana vem por meio desta informar que para a ado\u00e7\u00e3o medidas de seguran\u00e7a contra a prolifera\u00e7\u00e3o do coronav\u00edrus em nosso munic\u00edpio, al\u00e9m de restringir o funcionamento da Feira Livre a produtos aliment\u00edcios, foram realizadas altera\u00e7\u00f5es na localiza\u00e7\u00e3o de algumas bancas, para consequente libera\u00e7\u00e3o de [&hellip;]","og_url":"https:\/\/ocoerente.com.br\/se\/2020\/04\/23\/nota-de-esclarecimento-secretaria-de-agricultura-de-itabaiana\/","og_site_name":"O Coerente","article_published_time":"2020-04-23T04:50:17+00:00","article_modified_time":"2020-04-23T04:52:47+00:00","og_image":[{"width":720,"height":513,"url":"https:\/\/ocoerente.com.br\/se\/wp-content\/uploads\/2020\/04\/2-at-23.15.13.jpg","type":"image\/jpeg"}],"author":"Reda\u00e7\u00e3o","twitter_card":"summary_large_image","twitter_misc":{"Escrito por":"Reda\u00e7\u00e3o","Est. tempo de leitura":"1 minuto"},"schema":{"@context":"https:\/\/schema.org","@graph":[{"@type":"Article","@id":"https:\/\/ocoerente.com.br\/se\/2020\/04\/23\/nota-de-esclarecimento-secretaria-de-agricultura-de-itabaiana\/#article","isPartOf":{"@id":"https:\/\/ocoerente.com.br\/se\/2020\/04\/23\/nota-de-esclarecimento-secretaria-de-agricultura-de-itabaiana\/"},"author":{"name":"Reda\u00e7\u00e3o","@id":"https:\/\/ocoerente.com.br\/se\/#\/schema\/person\/cc6bfd9fbca465e23543b0c963d8d037"},"headline":"NOTA DE ESCLARECIMENTO: Secretaria de Agricultura de Itabaiana","datePublished":"2020-04-23T04:50:17+00:00","dateModified":"2020-04-23T04:52:47+00:00","mainEntityOfPage":{"@id":"https:\/\/ocoerente.com.br\/se\/2020\/04\/23\/nota-de-esclarecimento-secretaria-de-agricultura-de-itabaiana\/"},"wordCount":285,"publisher":{"@id":"https:\/\/ocoerente.com.br\/se\/#\/schema\/person\/cc6bfd9fbca465e23543b0c963d8d037"},"image":{"@id":"https:\/\/ocoerente.com.br\/se\/2020\/04\/23\/nota-de-esclarecimento-secretaria-de-agricultura-de-itabaiana\/#primaryimage"},"thumbnailUrl":"https:\/\/ocoerente.com.br\/se\/wp-content\/uploads\/2020\/04\/2-at-23.15.13.jpg","articleSection":["Destaques","Sergipe"],"inLanguage":"pt-BR"},{"@type":"WebPage","@id":"https:\/\/ocoerente.com.br\/se\/2020\/04\/23\/nota-de-esclarecimento-secretaria-de-agricultura-de-itabaiana\/","url":"https:\/\/ocoerente.com.br\/se\/2020\/04\/23\/nota-de-esclarecimento-secretaria-de-agricultura-de-itabaiana\/","name":"NOTA DE ESCLARECIMENTO: Secretaria de Agricultura de Itabaiana - O Coerente","isPartOf":{"@id":"https:\/\/ocoerente.com.br\/se\/#website"},"primaryImageOfPage":{"@id":"https:\/\/ocoerente.com.br\/se\/2020\/04\/23\/nota-de-esclarecimento-secretaria-de-agricultura-de-itabaiana\/#primaryimage"},"image":{"@id":"https:\/\/ocoerente.com.br\/se\/2020\/04\/23\/nota-de-esclarecimento-secretaria-de-agricultura-de-itabaiana\/#primaryimage"},"thumbnailUrl":"https:\/\/ocoerente.com.br\/se\/wp-content\/uploads\/2020\/04\/2-at-23.15.13.jpg","datePublished":"2020-04-23T04:50:17+00:00","dateModified":"2020-04-23T04:52:47+00:00","breadcrumb":{"@id":"https:\/\/ocoerente.com.br\/se\/2020\/04\/23\/nota-de-esclarecimento-secretaria-de-agricultura-de-itabaiana\/#breadcrumb"},"inLanguage":"pt-BR","potentialAction":[{"@type":"ReadAction","target":["https:\/\/ocoerente.com.br\/se\/2020\/04\/23\/nota-de-esclarecimento-secretaria-de-agricultura-de-itabaiana\/"]}]},{"@type":"ImageObject","inLanguage":"pt-BR","@id":"https:\/\/ocoerente.com.br\/se\/2020\/04\/23\/nota-de-esclarecimento-secretaria-de-agricultura-de-itabaiana\/#primaryimage","url":"https:\/\/ocoerente.com.br\/se\/wp-content\/uploads\/2020\/04\/2-at-23.15.13.jpg","contentUrl":"https:\/\/ocoerente.com.br\/se\/wp-content\/uploads\/2020\/04\/2-at-23.15.13.jpg","width":720,"height":513},{"@type":"BreadcrumbList","@id":"https:\/\/ocoerente.com.br\/se\/2020\/04\/23\/nota-de-esclarecimento-secretaria-de-agricultura-de-itabaiana\/#breadcrumb","itemListElement":[{"@type":"ListItem","position":1,"name":"In\u00edcio","item":"https:\/\/ocoerente.com.br\/se\/"},{"@type":"ListItem","position":2,"name":"NOTA DE ESCLARECIMENTO: Secretaria de Agricultura de Itabaiana"}]},{"@type":"WebSite","@id":"https:\/\/ocoerente.com.br\/se\/#website","url":"https:\/\/ocoerente.com.br\/se\/","name":"O Coerente","description":"","publisher":{"@id":"https:\/\/ocoerente.com.br\/se\/#\/schema\/person\/cc6bfd9fbca465e23543b0c963d8d037"},"potentialAction":[{"@type":"SearchAction","target":{"@type":"EntryPoint","urlTemplate":"https:\/\/ocoerente.com.br\/se\/?s={search_term_string}"},"query-input":{"@type":"PropertyValueSpecification","valueRequired":true,"valueName":"search_term_string"}}],"inLanguage":"pt-BR"},{"@type":["Person","Organization"],"@id":"https:\/\/ocoerente.com.br\/se\/#\/schema\/person\/cc6bfd9fbca465e23543b0c963d8d037","name":"Reda\u00e7\u00e3o","image":{"@type":"ImageObject","inLanguage":"pt-BR","@id":"https:\/\/ocoerente.com.br\/se\/wp-content\/uploads\/2020\/01\/ocoerente-1.png","url":"https:\/\/ocoerente.com.br\/se\/wp-content\/uploads\/2020\/01\/ocoerente-1.png","contentUrl":"https:\/\/ocoerente.com.br\/se\/wp-content\/uploads\/2020\/01\/ocoerente-1.png","width":50,"height":50,"caption":"Reda\u00e7\u00e3o"},"logo":{"@id":"https:\/\/ocoerente.com.br\/se\/wp-content\/uploads\/2020\/01\/ocoerente-1.png"},"url":"https:\/\/ocoerente.com.br\/se\/author\/vasticlsales\/"}]}},"_links":{"self":[{"href":"https:\/\/ocoerente.com.br\/se\/wp-json\/wp\/v2\/posts\/893","targetHints":{"allow":["GET"]}}],"collection":[{"href":"https:\/\/ocoerente.com.br\/se\/wp-json\/wp\/v2\/posts"}],"about":[{"href":"https:\/\/ocoerente.com.br\/se\/wp-json\/wp\/v2\/types\/post"}],"author":[{"embeddable":true,"href":"https:\/\/ocoerente.com.br\/se\/wp-json\/wp\/v2\/users\/1"}],"replies":[{"embeddable":true,"href":"https:\/\/ocoerente.com.br\/se\/wp-json\/wp\/v2\/comments?post=893"}],"version-history":[{"count":1,"href":"https:\/\/ocoerente.com.br\/se\/wp-json\/wp\/v2\/posts\/893\/revisions"}],"predecessor-version":[{"id":895,"href":"https:\/\/ocoerente.com.br\/se\/wp-json\/wp\/v2\/posts\/893\/revisions\/895"}],"wp:featuredmedia":[{"embeddable":true,"href":"https:\/\/ocoerente.com.br\/se\/wp-json\/wp\/v2\/media\/896"}],"wp:attachment":[{"href":"https:\/\/ocoerente.com.br\/se\/wp-json\/wp\/v2\/media?parent=893"}],"wp:term":[{"taxonomy":"category","embeddable":true,"href":"https:\/\/ocoerente.com.br\/se\/wp-json\/wp\/v2\/categories?post=893"},{"taxonomy":"post_tag","embeddable":true,"href":"https:\/\/ocoerente.com.br\/se\/wp-json\/wp\/v2\/tags?post=893"}],"curies":[{"name":"wp","href":"https:\/\/api.w.org\/{rel}","templated":true}]}}