{"id":890,"date":"2020-04-23T01:48:39","date_gmt":"2020-04-23T04:48:39","guid":{"rendered":"http:\/\/ocoerente.com.br\/se\/?p=890"},"modified":"2020-04-23T01:48:39","modified_gmt":"2020-04-23T04:48:39","slug":"jose-dos-anjos-presidente-do-tre-ve-horizontes-para-eleicoes-municipais-este-ano","status":"publish","type":"post","link":"https:\/\/ocoerente.com.br\/se\/2020\/04\/23\/jose-dos-anjos-presidente-do-tre-ve-horizontes-para-eleicoes-municipais-este-ano\/","title":{"rendered":"Jos\u00e9 dos Anjos, presidente do TRE, v\u00ea horizontes para elei\u00e7\u00f5es municipais este ano"},"content":{"rendered":"<p>O presidente do Tribunal Regional Eleitoral de Sergipe &#8211; TRE -, desembargador Jos\u00e9 dos Anjos, acompanha com uma certa tranquilidade e um tanto de serenidade as conjecturas sobre a possibilidade de haver suspens\u00e3o ou n\u00e3o das elei\u00e7\u00f5es municipais deste ano por causa da pandemia do coronav\u00edrus.<\/p>\n<p>Mas o desembargador est\u00e1 mais propenso \u00e0 convic\u00e7\u00e3o de que haver\u00e1 o pleito este ano &#8211; ele est\u00e1 devidamente marcado para ser realizado no dia 4 de outubro em primeiro turno, e em caso de haver segundo turno, no dia 25 do mesmo m\u00eas. Em Sergipe, apenas uma cidade \u00e9 enquadrada na prerrogativa de um segundo turno, que \u00e9 Aracaju, por ter mais de 200 mil eleitores.<\/p>\n<p>\u201cEu acredito que se tudo correr dentro do esperado, haver\u00e1 elei\u00e7\u00f5es. Aparentemente, h\u00e1 preocupa\u00e7\u00f5es. Mas ningu\u00e9m pode garantir nada\u201d, afirma o desembargador. Esse \u201cningu\u00e9m pode garantir nada\u201d \u00e9 no sentido da garantia da suspens\u00e3o.<\/p>\n<p>Para o desembargador Jos\u00e9 dos Anjos, se tiver uma abertura geral e irrestrita de tudo at\u00e9 o dia primeiro de junho, a elei\u00e7\u00e3o pode entrar numa esfera garantida de possibilidade.<\/p>\n<p>\u201cTomados os devidos cuidados at\u00e9 l\u00e1, acho que d\u00e1 para ter a elei\u00e7\u00e3o, sim, porque os prazos n\u00e3o foram suspensos e todo mundo est\u00e1 cumprindo suas etapas regulares. Com alguma dificuldade, mas est\u00e3o sendo cumpridos\u201d, diz Jos\u00e9 dos Anjos.<\/p>\n<p>\u201cToda a legisla\u00e7\u00e3o est\u00e1 pronta e n\u00e3o tem problemas com isso. Quem tem pretens\u00e3o de ser candidato, j\u00e1 sabe que vai ser. Quem tem plano, j\u00e1 est\u00e1 feito. As dificuldades existem, mas ainda \u00e9 poss\u00edvel haver as elei\u00e7\u00f5es\u201d, prev\u00ea o desembargador.<\/p>\n<p>Na esfera em si do TRE de Sergipe, Dos Anjos admite que o terreno \u00e9 muito promissor. \u201cO nosso TRE est\u00e1 preparad\u00edssimo. Se for para fazer a elei\u00e7\u00e3o este ano, ele faz. O Tribunal n\u00e3o tem hoje dificuldade nenhuma. O grupo dele \u00e9 muito bom. \u00c9 100%. Sempre ativo e n\u00e3o h\u00e1 dificuldades porque o grupo \u00e9 excepcional\u201d, refor\u00e7a.<\/p>\n<p>O desembargador evita opinar sobre datas e per\u00edodos em que as elei\u00e7\u00f5es municipais possam acontecer em caso de serem suspensas em 2020. \u201cIsso a\u00ed \u00e9 uma decis\u00e3o do Congresso Nacional. O Poder Legislativo \u00e9 que define essas quest\u00f5es. Para a gente, no contexto do Judici\u00e1rio, cabe o dever de cumprir a lei tanto se for em 2020 quanto em 2021. Mas acredito que, havendo o calend\u00e1rio regular, ser\u00e1 em 2020\u201d, insiste ele.<\/p>\n<p>O mandato o desembargador Jos\u00e9 dos Anjos na Presid\u00eancia do Tribunal Regional Eleitoral de Sergipe vai at\u00e9 5 de fevereiro de 2021 \u2013 obviamente, depois das elei\u00e7\u00f5es, se for de hav\u00ea-las agora.<\/p>\n<p>No dia 26 de novembro deste ano, Jos\u00e9 dos Anjos completa 31 anos que integra a magistratura de Sergipe. Formando em Direito pela Universidade Federal de Sergipe, por muito tempo foi juiz em brenhas de Sergipe. E sempre atuou no eleitoral.<\/p>\n<p>jlpolitica<\/p>\n","protected":false},"excerpt":{"rendered":"<p>O presidente do Tribunal Regional Eleitoral de Sergipe &#8211; TRE -, desembargador Jos\u00e9 dos Anjos, acompanha com uma certa tranquilidade e um tanto de serenidade as conjecturas sobre a possibilidade de haver suspens\u00e3o ou n\u00e3o das elei\u00e7\u00f5es municipais deste ano por causa da pandemia do coronav\u00edrus. Mas o desembargador est\u00e1 mais propenso \u00e0 convic\u00e7\u00e3o de [&hellip;]<\/p>\n","protected":false},"author":1,"featured_media":891,"comment_status":"closed","ping_status":"closed","sticky":false,"template":"","format":"standard","meta":{"footnotes":""},"categories":[53,44],"tags":[],"class_list":["post-890","post","type-post","status-publish","format-standard","has-post-thumbnail","hentry","category-destaques","category-politica"],"yoast_head":"<!-- This site is optimized with the Yoast SEO plugin v27.4 - https:\/\/yoast.com\/product\/yoast-seo-wordpress\/ -->\n<title>Jos\u00e9 dos Anjos, presidente do TRE, v\u00ea horizontes para elei\u00e7\u00f5es municipais este ano - O Coerente<\/title>\n<meta name=\"robots\" content=\"index, follow, max-snippet:-1, max-image-preview:large, max-video-preview:-1\" \/>\n<link rel=\"canonical\" href=\"https:\/\/ocoerente.com.br\/se\/2020\/04\/23\/jose-dos-anjos-presidente-do-tre-ve-horizontes-para-eleicoes-municipais-este-ano\/\" \/>\n<meta property=\"og:locale\" content=\"pt_BR\" \/>\n<meta property=\"og:type\" content=\"article\" \/>\n<meta property=\"og:title\" content=\"Jos\u00e9 dos Anjos, presidente do TRE, v\u00ea horizontes para elei\u00e7\u00f5es municipais este ano - O Coerente\" \/>\n<meta property=\"og:description\" content=\"O presidente do Tribunal Regional Eleitoral de Sergipe &#8211; TRE -, desembargador Jos\u00e9 dos Anjos, acompanha com uma certa tranquilidade e um tanto de serenidade as conjecturas sobre a possibilidade de haver suspens\u00e3o ou n\u00e3o das elei\u00e7\u00f5es municipais deste ano por causa da pandemia do coronav\u00edrus. Mas o desembargador est\u00e1 mais propenso \u00e0 convic\u00e7\u00e3o de [&hellip;]\" \/>\n<meta property=\"og:url\" content=\"https:\/\/ocoerente.com.br\/se\/2020\/04\/23\/jose-dos-anjos-presidente-do-tre-ve-horizontes-para-eleicoes-municipais-este-ano\/\" \/>\n<meta property=\"og:site_name\" content=\"O Coerente\" \/>\n<meta property=\"article:published_time\" content=\"2020-04-23T04:48:39+00:00\" \/>\n<meta property=\"og:image\" content=\"https:\/\/ocoerente.com.br\/se\/wp-content\/uploads\/2020\/04\/218edb03a6a454a8.jpg\" \/>\n\t<meta property=\"og:image:width\" content=\"640\" \/>\n\t<meta property=\"og:image:height\" content=\"427\" \/>\n\t<meta property=\"og:image:type\" content=\"image\/jpeg\" \/>\n<meta name=\"author\" content=\"Reda\u00e7\u00e3o\" \/>\n<meta name=\"twitter:card\" content=\"summary_large_image\" \/>\n<meta name=\"twitter:label1\" content=\"Escrito por\" \/>\n\t<meta name=\"twitter:data1\" content=\"Reda\u00e7\u00e3o\" \/>\n\t<meta name=\"twitter:label2\" content=\"Est. tempo de leitura\" \/>\n\t<meta name=\"twitter:data2\" content=\"2 minutos\" \/>\n<script type=\"application\/ld+json\" class=\"yoast-schema-graph\">{\"@context\":\"https:\\\/\\\/schema.org\",\"@graph\":[{\"@type\":\"Article\",\"@id\":\"https:\\\/\\\/ocoerente.com.br\\\/se\\\/2020\\\/04\\\/23\\\/jose-dos-anjos-presidente-do-tre-ve-horizontes-para-eleicoes-municipais-este-ano\\\/#article\",\"isPartOf\":{\"@id\":\"https:\\\/\\\/ocoerente.com.br\\\/se\\\/2020\\\/04\\\/23\\\/jose-dos-anjos-presidente-do-tre-ve-horizontes-para-eleicoes-municipais-este-ano\\\/\"},\"author\":{\"name\":\"Reda\u00e7\u00e3o\",\"@id\":\"https:\\\/\\\/ocoerente.com.br\\\/se\\\/#\\\/schema\\\/person\\\/cc6bfd9fbca465e23543b0c963d8d037\"},\"headline\":\"Jos\u00e9 dos Anjos, presidente do TRE, v\u00ea horizontes para elei\u00e7\u00f5es municipais este ano\",\"datePublished\":\"2020-04-23T04:48:39+00:00\",\"mainEntityOfPage\":{\"@id\":\"https:\\\/\\\/ocoerente.com.br\\\/se\\\/2020\\\/04\\\/23\\\/jose-dos-anjos-presidente-do-tre-ve-horizontes-para-eleicoes-municipais-este-ano\\\/\"},\"wordCount\":486,\"publisher\":{\"@id\":\"https:\\\/\\\/ocoerente.com.br\\\/se\\\/#\\\/schema\\\/person\\\/cc6bfd9fbca465e23543b0c963d8d037\"},\"image\":{\"@id\":\"https:\\\/\\\/ocoerente.com.br\\\/se\\\/2020\\\/04\\\/23\\\/jose-dos-anjos-presidente-do-tre-ve-horizontes-para-eleicoes-municipais-este-ano\\\/#primaryimage\"},\"thumbnailUrl\":\"https:\\\/\\\/ocoerente.com.br\\\/se\\\/wp-content\\\/uploads\\\/2020\\\/04\\\/218edb03a6a454a8.jpg\",\"articleSection\":[\"Destaques\",\"Pol\u00edtica\"],\"inLanguage\":\"pt-BR\"},{\"@type\":\"WebPage\",\"@id\":\"https:\\\/\\\/ocoerente.com.br\\\/se\\\/2020\\\/04\\\/23\\\/jose-dos-anjos-presidente-do-tre-ve-horizontes-para-eleicoes-municipais-este-ano\\\/\",\"url\":\"https:\\\/\\\/ocoerente.com.br\\\/se\\\/2020\\\/04\\\/23\\\/jose-dos-anjos-presidente-do-tre-ve-horizontes-para-eleicoes-municipais-este-ano\\\/\",\"name\":\"Jos\u00e9 dos Anjos, presidente do TRE, v\u00ea horizontes para elei\u00e7\u00f5es municipais este ano - O Coerente\",\"isPartOf\":{\"@id\":\"https:\\\/\\\/ocoerente.com.br\\\/se\\\/#website\"},\"primaryImageOfPage\":{\"@id\":\"https:\\\/\\\/ocoerente.com.br\\\/se\\\/2020\\\/04\\\/23\\\/jose-dos-anjos-presidente-do-tre-ve-horizontes-para-eleicoes-municipais-este-ano\\\/#primaryimage\"},\"image\":{\"@id\":\"https:\\\/\\\/ocoerente.com.br\\\/se\\\/2020\\\/04\\\/23\\\/jose-dos-anjos-presidente-do-tre-ve-horizontes-para-eleicoes-municipais-este-ano\\\/#primaryimage\"},\"thumbnailUrl\":\"https:\\\/\\\/ocoerente.com.br\\\/se\\\/wp-content\\\/uploads\\\/2020\\\/04\\\/218edb03a6a454a8.jpg\",\"datePublished\":\"2020-04-23T04:48:39+00:00\",\"breadcrumb\":{\"@id\":\"https:\\\/\\\/ocoerente.com.br\\\/se\\\/2020\\\/04\\\/23\\\/jose-dos-anjos-presidente-do-tre-ve-horizontes-para-eleicoes-municipais-este-ano\\\/#breadcrumb\"},\"inLanguage\":\"pt-BR\",\"potentialAction\":[{\"@type\":\"ReadAction\",\"target\":[\"https:\\\/\\\/ocoerente.com.br\\\/se\\\/2020\\\/04\\\/23\\\/jose-dos-anjos-presidente-do-tre-ve-horizontes-para-eleicoes-municipais-este-ano\\\/\"]}]},{\"@type\":\"ImageObject\",\"inLanguage\":\"pt-BR\",\"@id\":\"https:\\\/\\\/ocoerente.com.br\\\/se\\\/2020\\\/04\\\/23\\\/jose-dos-anjos-presidente-do-tre-ve-horizontes-para-eleicoes-municipais-este-ano\\\/#primaryimage\",\"url\":\"https:\\\/\\\/ocoerente.com.br\\\/se\\\/wp-content\\\/uploads\\\/2020\\\/04\\\/218edb03a6a454a8.jpg\",\"contentUrl\":\"https:\\\/\\\/ocoerente.com.br\\\/se\\\/wp-content\\\/uploads\\\/2020\\\/04\\\/218edb03a6a454a8.jpg\",\"width\":640,\"height\":427},{\"@type\":\"BreadcrumbList\",\"@id\":\"https:\\\/\\\/ocoerente.com.br\\\/se\\\/2020\\\/04\\\/23\\\/jose-dos-anjos-presidente-do-tre-ve-horizontes-para-eleicoes-municipais-este-ano\\\/#breadcrumb\",\"itemListElement\":[{\"@type\":\"ListItem\",\"position\":1,\"name\":\"In\u00edcio\",\"item\":\"https:\\\/\\\/ocoerente.com.br\\\/se\\\/\"},{\"@type\":\"ListItem\",\"position\":2,\"name\":\"Jos\u00e9 dos Anjos, presidente do TRE, v\u00ea horizontes para elei\u00e7\u00f5es municipais este ano\"}]},{\"@type\":\"WebSite\",\"@id\":\"https:\\\/\\\/ocoerente.com.br\\\/se\\\/#website\",\"url\":\"https:\\\/\\\/ocoerente.com.br\\\/se\\\/\",\"name\":\"O Coerente\",\"description\":\"\",\"publisher\":{\"@id\":\"https:\\\/\\\/ocoerente.com.br\\\/se\\\/#\\\/schema\\\/person\\\/cc6bfd9fbca465e23543b0c963d8d037\"},\"potentialAction\":[{\"@type\":\"SearchAction\",\"target\":{\"@type\":\"EntryPoint\",\"urlTemplate\":\"https:\\\/\\\/ocoerente.com.br\\\/se\\\/?s={search_term_string}\"},\"query-input\":{\"@type\":\"PropertyValueSpecification\",\"valueRequired\":true,\"valueName\":\"search_term_string\"}}],\"inLanguage\":\"pt-BR\"},{\"@type\":[\"Person\",\"Organization\"],\"@id\":\"https:\\\/\\\/ocoerente.com.br\\\/se\\\/#\\\/schema\\\/person\\\/cc6bfd9fbca465e23543b0c963d8d037\",\"name\":\"Reda\u00e7\u00e3o\",\"image\":{\"@type\":\"ImageObject\",\"inLanguage\":\"pt-BR\",\"@id\":\"https:\\\/\\\/ocoerente.com.br\\\/se\\\/wp-content\\\/uploads\\\/2020\\\/01\\\/ocoerente-1.png\",\"url\":\"https:\\\/\\\/ocoerente.com.br\\\/se\\\/wp-content\\\/uploads\\\/2020\\\/01\\\/ocoerente-1.png\",\"contentUrl\":\"https:\\\/\\\/ocoerente.com.br\\\/se\\\/wp-content\\\/uploads\\\/2020\\\/01\\\/ocoerente-1.png\",\"width\":50,\"height\":50,\"caption\":\"Reda\u00e7\u00e3o\"},\"logo\":{\"@id\":\"https:\\\/\\\/ocoerente.com.br\\\/se\\\/wp-content\\\/uploads\\\/2020\\\/01\\\/ocoerente-1.png\"},\"url\":\"https:\\\/\\\/ocoerente.com.br\\\/se\\\/author\\\/vasticlsales\\\/\"}]}<\/script>\n<!-- \/ Yoast SEO plugin. -->","yoast_head_json":{"title":"Jos\u00e9 dos Anjos, presidente do TRE, v\u00ea horizontes para elei\u00e7\u00f5es municipais este ano - O Coerente","robots":{"index":"index","follow":"follow","max-snippet":"max-snippet:-1","max-image-preview":"max-image-preview:large","max-video-preview":"max-video-preview:-1"},"canonical":"https:\/\/ocoerente.com.br\/se\/2020\/04\/23\/jose-dos-anjos-presidente-do-tre-ve-horizontes-para-eleicoes-municipais-este-ano\/","og_locale":"pt_BR","og_type":"article","og_title":"Jos\u00e9 dos Anjos, presidente do TRE, v\u00ea horizontes para elei\u00e7\u00f5es municipais este ano - O Coerente","og_description":"O presidente do Tribunal Regional Eleitoral de Sergipe &#8211; TRE -, desembargador Jos\u00e9 dos Anjos, acompanha com uma certa tranquilidade e um tanto de serenidade as conjecturas sobre a possibilidade de haver suspens\u00e3o ou n\u00e3o das elei\u00e7\u00f5es municipais deste ano por causa da pandemia do coronav\u00edrus. Mas o desembargador est\u00e1 mais propenso \u00e0 convic\u00e7\u00e3o de [&hellip;]","og_url":"https:\/\/ocoerente.com.br\/se\/2020\/04\/23\/jose-dos-anjos-presidente-do-tre-ve-horizontes-para-eleicoes-municipais-este-ano\/","og_site_name":"O Coerente","article_published_time":"2020-04-23T04:48:39+00:00","og_image":[{"width":640,"height":427,"url":"https:\/\/ocoerente.com.br\/se\/wp-content\/uploads\/2020\/04\/218edb03a6a454a8.jpg","type":"image\/jpeg"}],"author":"Reda\u00e7\u00e3o","twitter_card":"summary_large_image","twitter_misc":{"Escrito por":"Reda\u00e7\u00e3o","Est. tempo de leitura":"2 minutos"},"schema":{"@context":"https:\/\/schema.org","@graph":[{"@type":"Article","@id":"https:\/\/ocoerente.com.br\/se\/2020\/04\/23\/jose-dos-anjos-presidente-do-tre-ve-horizontes-para-eleicoes-municipais-este-ano\/#article","isPartOf":{"@id":"https:\/\/ocoerente.com.br\/se\/2020\/04\/23\/jose-dos-anjos-presidente-do-tre-ve-horizontes-para-eleicoes-municipais-este-ano\/"},"author":{"name":"Reda\u00e7\u00e3o","@id":"https:\/\/ocoerente.com.br\/se\/#\/schema\/person\/cc6bfd9fbca465e23543b0c963d8d037"},"headline":"Jos\u00e9 dos Anjos, presidente do TRE, v\u00ea horizontes para elei\u00e7\u00f5es municipais este ano","datePublished":"2020-04-23T04:48:39+00:00","mainEntityOfPage":{"@id":"https:\/\/ocoerente.com.br\/se\/2020\/04\/23\/jose-dos-anjos-presidente-do-tre-ve-horizontes-para-eleicoes-municipais-este-ano\/"},"wordCount":486,"publisher":{"@id":"https:\/\/ocoerente.com.br\/se\/#\/schema\/person\/cc6bfd9fbca465e23543b0c963d8d037"},"image":{"@id":"https:\/\/ocoerente.com.br\/se\/2020\/04\/23\/jose-dos-anjos-presidente-do-tre-ve-horizontes-para-eleicoes-municipais-este-ano\/#primaryimage"},"thumbnailUrl":"https:\/\/ocoerente.com.br\/se\/wp-content\/uploads\/2020\/04\/218edb03a6a454a8.jpg","articleSection":["Destaques","Pol\u00edtica"],"inLanguage":"pt-BR"},{"@type":"WebPage","@id":"https:\/\/ocoerente.com.br\/se\/2020\/04\/23\/jose-dos-anjos-presidente-do-tre-ve-horizontes-para-eleicoes-municipais-este-ano\/","url":"https:\/\/ocoerente.com.br\/se\/2020\/04\/23\/jose-dos-anjos-presidente-do-tre-ve-horizontes-para-eleicoes-municipais-este-ano\/","name":"Jos\u00e9 dos Anjos, presidente do TRE, v\u00ea horizontes para elei\u00e7\u00f5es municipais este ano - O Coerente","isPartOf":{"@id":"https:\/\/ocoerente.com.br\/se\/#website"},"primaryImageOfPage":{"@id":"https:\/\/ocoerente.com.br\/se\/2020\/04\/23\/jose-dos-anjos-presidente-do-tre-ve-horizontes-para-eleicoes-municipais-este-ano\/#primaryimage"},"image":{"@id":"https:\/\/ocoerente.com.br\/se\/2020\/04\/23\/jose-dos-anjos-presidente-do-tre-ve-horizontes-para-eleicoes-municipais-este-ano\/#primaryimage"},"thumbnailUrl":"https:\/\/ocoerente.com.br\/se\/wp-content\/uploads\/2020\/04\/218edb03a6a454a8.jpg","datePublished":"2020-04-23T04:48:39+00:00","breadcrumb":{"@id":"https:\/\/ocoerente.com.br\/se\/2020\/04\/23\/jose-dos-anjos-presidente-do-tre-ve-horizontes-para-eleicoes-municipais-este-ano\/#breadcrumb"},"inLanguage":"pt-BR","potentialAction":[{"@type":"ReadAction","target":["https:\/\/ocoerente.com.br\/se\/2020\/04\/23\/jose-dos-anjos-presidente-do-tre-ve-horizontes-para-eleicoes-municipais-este-ano\/"]}]},{"@type":"ImageObject","inLanguage":"pt-BR","@id":"https:\/\/ocoerente.com.br\/se\/2020\/04\/23\/jose-dos-anjos-presidente-do-tre-ve-horizontes-para-eleicoes-municipais-este-ano\/#primaryimage","url":"https:\/\/ocoerente.com.br\/se\/wp-content\/uploads\/2020\/04\/218edb03a6a454a8.jpg","contentUrl":"https:\/\/ocoerente.com.br\/se\/wp-content\/uploads\/2020\/04\/218edb03a6a454a8.jpg","width":640,"height":427},{"@type":"BreadcrumbList","@id":"https:\/\/ocoerente.com.br\/se\/2020\/04\/23\/jose-dos-anjos-presidente-do-tre-ve-horizontes-para-eleicoes-municipais-este-ano\/#breadcrumb","itemListElement":[{"@type":"ListItem","position":1,"name":"In\u00edcio","item":"https:\/\/ocoerente.com.br\/se\/"},{"@type":"ListItem","position":2,"name":"Jos\u00e9 dos Anjos, presidente do TRE, v\u00ea horizontes para elei\u00e7\u00f5es municipais este ano"}]},{"@type":"WebSite","@id":"https:\/\/ocoerente.com.br\/se\/#website","url":"https:\/\/ocoerente.com.br\/se\/","name":"O Coerente","description":"","publisher":{"@id":"https:\/\/ocoerente.com.br\/se\/#\/schema\/person\/cc6bfd9fbca465e23543b0c963d8d037"},"potentialAction":[{"@type":"SearchAction","target":{"@type":"EntryPoint","urlTemplate":"https:\/\/ocoerente.com.br\/se\/?s={search_term_string}"},"query-input":{"@type":"PropertyValueSpecification","valueRequired":true,"valueName":"search_term_string"}}],"inLanguage":"pt-BR"},{"@type":["Person","Organization"],"@id":"https:\/\/ocoerente.com.br\/se\/#\/schema\/person\/cc6bfd9fbca465e23543b0c963d8d037","name":"Reda\u00e7\u00e3o","image":{"@type":"ImageObject","inLanguage":"pt-BR","@id":"https:\/\/ocoerente.com.br\/se\/wp-content\/uploads\/2020\/01\/ocoerente-1.png","url":"https:\/\/ocoerente.com.br\/se\/wp-content\/uploads\/2020\/01\/ocoerente-1.png","contentUrl":"https:\/\/ocoerente.com.br\/se\/wp-content\/uploads\/2020\/01\/ocoerente-1.png","width":50,"height":50,"caption":"Reda\u00e7\u00e3o"},"logo":{"@id":"https:\/\/ocoerente.com.br\/se\/wp-content\/uploads\/2020\/01\/ocoerente-1.png"},"url":"https:\/\/ocoerente.com.br\/se\/author\/vasticlsales\/"}]}},"_links":{"self":[{"href":"https:\/\/ocoerente.com.br\/se\/wp-json\/wp\/v2\/posts\/890","targetHints":{"allow":["GET"]}}],"collection":[{"href":"https:\/\/ocoerente.com.br\/se\/wp-json\/wp\/v2\/posts"}],"about":[{"href":"https:\/\/ocoerente.com.br\/se\/wp-json\/wp\/v2\/types\/post"}],"author":[{"embeddable":true,"href":"https:\/\/ocoerente.com.br\/se\/wp-json\/wp\/v2\/users\/1"}],"replies":[{"embeddable":true,"href":"https:\/\/ocoerente.com.br\/se\/wp-json\/wp\/v2\/comments?post=890"}],"version-history":[{"count":1,"href":"https:\/\/ocoerente.com.br\/se\/wp-json\/wp\/v2\/posts\/890\/revisions"}],"predecessor-version":[{"id":892,"href":"https:\/\/ocoerente.com.br\/se\/wp-json\/wp\/v2\/posts\/890\/revisions\/892"}],"wp:featuredmedia":[{"embeddable":true,"href":"https:\/\/ocoerente.com.br\/se\/wp-json\/wp\/v2\/media\/891"}],"wp:attachment":[{"href":"https:\/\/ocoerente.com.br\/se\/wp-json\/wp\/v2\/media?parent=890"}],"wp:term":[{"taxonomy":"category","embeddable":true,"href":"https:\/\/ocoerente.com.br\/se\/wp-json\/wp\/v2\/categories?post=890"},{"taxonomy":"post_tag","embeddable":true,"href":"https:\/\/ocoerente.com.br\/se\/wp-json\/wp\/v2\/tags?post=890"}],"curies":[{"name":"wp","href":"https:\/\/api.w.org\/{rel}","templated":true}]}}