{"id":881,"date":"2020-04-23T01:31:07","date_gmt":"2020-04-23T04:31:07","guid":{"rendered":"http:\/\/ocoerente.com.br\/se\/?p=881"},"modified":"2020-04-23T01:31:07","modified_gmt":"2020-04-23T04:31:07","slug":"prefeitura-prepara-mais-de-200-leitos-de-retaguarda-para-casos-de-covid-19-na-capital","status":"publish","type":"post","link":"https:\/\/ocoerente.com.br\/se\/2020\/04\/23\/prefeitura-prepara-mais-de-200-leitos-de-retaguarda-para-casos-de-covid-19-na-capital\/","title":{"rendered":"Prefeitura prepara mais de 200 leitos de retaguarda para casos de covid-19 na capital"},"content":{"rendered":"<p>Com base no Plano de Conting\u00eancia para o enfrentamento ao novo coronav\u00edrus, a Prefeitura de Aracaju vem se preparando para atender aos pacientes que necessitem de atendimento durante a pandemia. Para isso, al\u00e9m de investir nas oito Unidades B\u00e1sicas de Sa\u00fade que atendem exclusivamente casos de s\u00edndromes gripais, bem como no servi\u00e7o ofertado nos cont\u00eaineres instalados na \u00e1rea externa da Unidade de Pronto Atendimento (UPA) Fernando Franco, a gest\u00e3o municipal vem planejando e estruturando mais de 200 leitos de retaguarda.<\/p>\n<p>Para o atendimento espec\u00edfico de pacientes com covid-19 que necessitem de internamento, s\u00e3o sete leitos j\u00e1 dispon\u00edveis na UPA Fernando Franco, outros sete leitos previstos na UPA Nestor Piva, 20 leitos contratados no Hospital S\u00e3o Jos\u00e9 e outros 16 que ser\u00e3o contratados no Hospital Universit\u00e1rio. A Sa\u00fade de Aracaju tamb\u00e9m preparou mais\u00a0<a href=\"https:\/\/www.aracaju.se.gov.br\/noticias\/86018\">20 leitos no pr\u00e9dio do Centro de Apoio Psicossocial (Caps) Jael Patr\u00edcio de Lima<\/a>, entregues na quinta-feira (16), e iniciou a estrutura\u00e7\u00e3o do<a href=\"https:\/\/www.aracaju.se.gov.br\/noticias\/86046\">\u00a0Centro de Atendimento Provis\u00f3rio &#8211; hospital de campanha\u00a0<\/a>-, que contar\u00e1 com mais 152 leitos.<\/p>\n<p>\u201cTemos investido com base nas proje\u00e7\u00f5es que temos feito diante desse cen\u00e1rio de pandemia, nos preparando para garantir um atendimento de qualidade. O espa\u00e7o do Caps Jael Patr\u00edcio est\u00e1 pronto e foi muito bem equipado para atender \u00e0queles que se enquadrarem em casos de baixa e m\u00e9dia complexidades. \u00c9 um momento muito importante e estou muito feliz porque, a partir desta quinta-feira, j\u00e1 teremos dispon\u00edvel um novo local para atendimento exclusivo de pacientes com covid-19 na capital. Toda a estrutura que a Prefeitura tem planejado, incluindo o hospital de campanha, \u00e9 para que os aracajuanos tenham toda a assist\u00eancia de que precisarem\u201d, destaca o prefeito Edvaldo Nogueira.<\/p>\n<p>A secret\u00e1ria da Sa\u00fade, Waneska ,ressalta a import\u00e2ncia de se antecipar na garantia de oferta desses leitos, para que todos os equipamentos de sa\u00fade dispon\u00edveis tenham um bom fluxo. \u201cCom o avan\u00e7o do n\u00edvel Emerg\u00eancia em Sa\u00fade P\u00fablica previsto em nosso Plano de Conting\u00eancia, a oferta de leitos de retaguarda se faz necess\u00e1ria, visto que o n\u00famero de casos crescente pode sobrecarregar os equipamentos de sa\u00fade de que dispomos. Para isso, al\u00e9m da estrutura\u00e7\u00e3o das unidades b\u00e1sicas, com atendimento exclusivo, os casos de baixa e m\u00e9dia complexidade que necessitam de internamento ser\u00e3o atendidos nesses leitos de retaguarda. Precisamos nos antecipar para uma poss\u00edvel alta no n\u00famero de pessoas internadas, e por isso j\u00e1 est\u00e3o aptos e devidamente equipados os leitos do Hospital Fernando Franco e do Caps Jael\u201d, garante a secret\u00e1ria.<\/p>\n<p>De acordo com o coordenador da Rede de Urg\u00eancia e Emerg\u00eancia (REUE) do Munic\u00edpio, J\u00falio Lima, a prepara\u00e7\u00e3o desses leitos de retaguarda envolve, al\u00e9m da parte humana, com a contrata\u00e7\u00e3o e remanejamento de profissionais de sa\u00fade, a parte de equipamentos e insumos. \u201cA Prefeitura vem se estruturando na parte de equipamentos, de pessoal, colocando todo suporte necess\u00e1rio da parte ventilat\u00f3ria, que \u00e9 o mais acometido nesses pacientes, bem como a parte de material, medicamentos, insumos, tudo aquilo que a gente precisa para fazer o atendimento desse perfil de paciente\u201d, explica.<\/p>\n<p>Fluxo de atendimento<br \/>\nSobre o perfil do paciente que ser\u00e1 encaminhado para os leitos de retaguarda, o coordenador da Reue explicou que inicialmente eles receber\u00e3o atendimento nas unidades de refer\u00eancia, e havendo necessidade de internamento, ser\u00e1 realizada a solicita\u00e7\u00e3o atrav\u00e9s do N\u00facleo de Interno de Regula\u00e7\u00e3o (NIR) pr\u00f3prio da Secretaria.<\/p>\n<p>\u201cO paciente que precisar ser transferido para um dos leitos de retaguarda vai ser regulado pelo NIR, e ser\u00e1 destinado para o leito adequado \u00e0 necessidade dele. Vai ter um formul\u00e1rio a ser preenchido online recebido pelo NIR, que vai ter o painel de leitos onde vai verificar a disponibilidade de acordo com o perfil do paciente e do que ele precisa. O NIR vai ter a especifica\u00e7\u00e3o do que cada leito tem\u201d, detalha J\u00falio Lima.<\/p>\n<p>O coordenador explica ainda que, no Fernando Franco e no hospital de campanha tamb\u00e9m haver\u00e1 retaguarda de equipamentos, para atender aos pacientes que possam agravar o quadro cl\u00ednico. \u201cOs pacientes que estiverem internados em nossas unidades, e precisem de um procedimento mais complexo, realizamos a assist\u00eancia inicial, fazemos todo procedimento de intuba\u00e7\u00e3o e estabiliza\u00e7\u00e3o do paciente e solicitamos a vaga ao Estado, atrav\u00e9s da Central de Regula\u00e7\u00e3o de leitos deles, para que o paciente seja transferido para a Unidade de Terapia Intensiva. Ele n\u00e3o vai deixar de ser assistido, ele fica sendo atendido at\u00e9 a vaga ser liberada pelo Estado\u201d, completa J\u00falio Lima.<\/p>\n<p>Hospital de Campanha<br \/>\nO Centro de Atendimento Provis\u00f3rio, o hospital de campanha, para atendimento da popula\u00e7\u00e3o v\u00edtima da covid-19 come\u00e7ou a ser constru\u00eddo nesta quarta-feira (15), e tem previs\u00e3o de entrega da obra no dia 29 de abril.<\/p>\n<p>A parte interna principal do hospital ser\u00e1 dividida em 134 leitos abertos; 18 leitos de isolamento com porta e visor; seis postos de enfermagem; seis salas para prescri\u00e7\u00e3o m\u00e9dica; seis salas de enfermagem; seis salas para armazenamento de roupas limpas e seis para sujas; seis salas de equipamentos; seis farm\u00e1cias sat\u00e9lite; uma sala de administra\u00e7\u00e3o; uma sala de reuni\u00e3o; um laborat\u00f3rio e uma copa e um refeit\u00f3rio; tr\u00eas salas de descanso; uma sala de inform\u00e1tica e dois almoxarifados (um para farm\u00e1cia e um para equipamentos).<\/p>\n<p>Profissionais de Sa\u00fade<br \/>\nSegundo o coordenador da Rede de Urg\u00eancia e Emerg\u00eancia (REUE), J\u00falio Lima, as equipes de Sa\u00fade que atuar\u00e3o nos leitos de retaguarda trabalham por turno. No Fernando Franco, que j\u00e1 est\u00e1 com os leitos ativos, s\u00e3o entre oito e dez profissionais atuando por turno. \u201cEntre m\u00e9dicos, enfermeiros, t\u00e9cnicos, estamos tamb\u00e9m incluindo o fisioterapeuta, que \u00e9 um profissional importante para esse padr\u00e3o de atendimento que estamos necessitando prestar\u201d, justifica.<\/p>\n<p>Nos leitos montados no pr\u00e9dio do Caps Jael Patr\u00edcio o padr\u00e3o de escala disp\u00f5e de dois m\u00e9dicos, dois enfermeiros, oito t\u00e9cnicos de enfermagem e dois fisioterapeutas por turno. \u201cTamb\u00e9m est\u00e1 incluso na unidade o farmac\u00eautico e todo pessoal de apoio administrativo. Uma m\u00e9dia de 15 profissionais de sa\u00fade atendendo por turno\u201d, completa o coordenador.<\/p>\n<p>J\u00e1 no hospital de campanha que est\u00e1 sendo montado, a estrutura de profissionais ser\u00e1 composta de 65 enfermeiros, 170 t\u00e9cnicos de enfermagem, nove farmac\u00eauticos, 13 fisioterapeuta, 32 profissionais de apoio de rede e seis auxiliares administrativos.<\/p>\n<p>A contrata\u00e7\u00e3o da equipe m\u00e9dica ocorrer\u00e1 com base na necessidade de horas de atendimento por m\u00eas. Ao todo, a Prefeitura oferecer\u00e1 9.828 horas mensais, as quais ser\u00e3o distribu\u00eddas entre m\u00e9dicos contratados de acordo com a disponibilidade de hor\u00e1rio de cada profissional. A equipe ser\u00e1 composta de m\u00e9dicos que ser\u00e3o contratados e os que s\u00e3o servidores remanejados do Centro de Especialidades M\u00e9dicas de Aracaju (Cemar).<\/p>\n<p>Prefeitura de Aracaju &#8211; Sa\u00fade<\/p>\n","protected":false},"excerpt":{"rendered":"<p>Com base no Plano de Conting\u00eancia para o enfrentamento ao novo coronav\u00edrus, a Prefeitura de Aracaju vem se preparando para atender aos pacientes que necessitem de atendimento durante a pandemia. Para isso, al\u00e9m de investir nas oito Unidades B\u00e1sicas de Sa\u00fade que atendem exclusivamente casos de s\u00edndromes gripais, bem como no servi\u00e7o ofertado nos cont\u00eaineres [&hellip;]<\/p>\n","protected":false},"author":1,"featured_media":882,"comment_status":"closed","ping_status":"closed","sticky":false,"template":"","format":"standard","meta":{"footnotes":""},"categories":[53,54],"tags":[],"class_list":["post-881","post","type-post","status-publish","format-standard","has-post-thumbnail","hentry","category-destaques","category-saude"],"yoast_head":"<!-- This site is optimized with the Yoast SEO plugin v27.5 - https:\/\/yoast.com\/product\/yoast-seo-wordpress\/ -->\n<title>Prefeitura prepara mais de 200 leitos de retaguarda para casos de covid-19 na capital - O Coerente<\/title>\n<meta name=\"robots\" content=\"index, follow, max-snippet:-1, max-image-preview:large, max-video-preview:-1\" \/>\n<link rel=\"canonical\" href=\"https:\/\/ocoerente.com.br\/se\/2020\/04\/23\/prefeitura-prepara-mais-de-200-leitos-de-retaguarda-para-casos-de-covid-19-na-capital\/\" \/>\n<meta property=\"og:locale\" content=\"pt_BR\" \/>\n<meta property=\"og:type\" content=\"article\" \/>\n<meta property=\"og:title\" content=\"Prefeitura prepara mais de 200 leitos de retaguarda para casos de covid-19 na capital - O Coerente\" \/>\n<meta property=\"og:description\" content=\"Com base no Plano de Conting\u00eancia para o enfrentamento ao novo coronav\u00edrus, a Prefeitura de Aracaju vem se preparando para atender aos pacientes que necessitem de atendimento durante a pandemia. Para isso, al\u00e9m de investir nas oito Unidades B\u00e1sicas de Sa\u00fade que atendem exclusivamente casos de s\u00edndromes gripais, bem como no servi\u00e7o ofertado nos cont\u00eaineres [&hellip;]\" \/>\n<meta property=\"og:url\" content=\"https:\/\/ocoerente.com.br\/se\/2020\/04\/23\/prefeitura-prepara-mais-de-200-leitos-de-retaguarda-para-casos-de-covid-19-na-capital\/\" \/>\n<meta property=\"og:site_name\" content=\"O Coerente\" \/>\n<meta property=\"article:published_time\" content=\"2020-04-23T04:31:07+00:00\" \/>\n<meta property=\"og:image\" content=\"https:\/\/ocoerente.com.br\/se\/wp-content\/uploads\/2020\/04\/caps_jael_patricio_covid_19_foto_andre_moreira_7-scaled.jpg\" \/>\n\t<meta property=\"og:image:width\" content=\"2560\" \/>\n\t<meta property=\"og:image:height\" content=\"1729\" \/>\n\t<meta property=\"og:image:type\" content=\"image\/jpeg\" \/>\n<meta name=\"author\" content=\"Reda\u00e7\u00e3o\" \/>\n<meta name=\"twitter:card\" content=\"summary_large_image\" \/>\n<meta name=\"twitter:label1\" content=\"Escrito por\" \/>\n\t<meta name=\"twitter:data1\" content=\"Reda\u00e7\u00e3o\" \/>\n\t<meta name=\"twitter:label2\" content=\"Est. tempo de leitura\" \/>\n\t<meta name=\"twitter:data2\" content=\"6 minutos\" \/>\n<script type=\"application\/ld+json\" class=\"yoast-schema-graph\">{\"@context\":\"https:\\\/\\\/schema.org\",\"@graph\":[{\"@type\":\"Article\",\"@id\":\"https:\\\/\\\/ocoerente.com.br\\\/se\\\/2020\\\/04\\\/23\\\/prefeitura-prepara-mais-de-200-leitos-de-retaguarda-para-casos-de-covid-19-na-capital\\\/#article\",\"isPartOf\":{\"@id\":\"https:\\\/\\\/ocoerente.com.br\\\/se\\\/2020\\\/04\\\/23\\\/prefeitura-prepara-mais-de-200-leitos-de-retaguarda-para-casos-de-covid-19-na-capital\\\/\"},\"author\":{\"name\":\"Reda\u00e7\u00e3o\",\"@id\":\"https:\\\/\\\/ocoerente.com.br\\\/se\\\/#\\\/schema\\\/person\\\/cc6bfd9fbca465e23543b0c963d8d037\"},\"headline\":\"Prefeitura prepara mais de 200 leitos de retaguarda para casos de covid-19 na capital\",\"datePublished\":\"2020-04-23T04:31:07+00:00\",\"mainEntityOfPage\":{\"@id\":\"https:\\\/\\\/ocoerente.com.br\\\/se\\\/2020\\\/04\\\/23\\\/prefeitura-prepara-mais-de-200-leitos-de-retaguarda-para-casos-de-covid-19-na-capital\\\/\"},\"wordCount\":1204,\"publisher\":{\"@id\":\"https:\\\/\\\/ocoerente.com.br\\\/se\\\/#\\\/schema\\\/person\\\/cc6bfd9fbca465e23543b0c963d8d037\"},\"image\":{\"@id\":\"https:\\\/\\\/ocoerente.com.br\\\/se\\\/2020\\\/04\\\/23\\\/prefeitura-prepara-mais-de-200-leitos-de-retaguarda-para-casos-de-covid-19-na-capital\\\/#primaryimage\"},\"thumbnailUrl\":\"https:\\\/\\\/ocoerente.com.br\\\/se\\\/wp-content\\\/uploads\\\/2020\\\/04\\\/caps_jael_patricio_covid_19_foto_andre_moreira_7-scaled.jpg\",\"articleSection\":[\"Destaques\",\"Sa\u00fade\"],\"inLanguage\":\"pt-BR\"},{\"@type\":\"WebPage\",\"@id\":\"https:\\\/\\\/ocoerente.com.br\\\/se\\\/2020\\\/04\\\/23\\\/prefeitura-prepara-mais-de-200-leitos-de-retaguarda-para-casos-de-covid-19-na-capital\\\/\",\"url\":\"https:\\\/\\\/ocoerente.com.br\\\/se\\\/2020\\\/04\\\/23\\\/prefeitura-prepara-mais-de-200-leitos-de-retaguarda-para-casos-de-covid-19-na-capital\\\/\",\"name\":\"Prefeitura prepara mais de 200 leitos de retaguarda para casos de covid-19 na capital - O Coerente\",\"isPartOf\":{\"@id\":\"https:\\\/\\\/ocoerente.com.br\\\/se\\\/#website\"},\"primaryImageOfPage\":{\"@id\":\"https:\\\/\\\/ocoerente.com.br\\\/se\\\/2020\\\/04\\\/23\\\/prefeitura-prepara-mais-de-200-leitos-de-retaguarda-para-casos-de-covid-19-na-capital\\\/#primaryimage\"},\"image\":{\"@id\":\"https:\\\/\\\/ocoerente.com.br\\\/se\\\/2020\\\/04\\\/23\\\/prefeitura-prepara-mais-de-200-leitos-de-retaguarda-para-casos-de-covid-19-na-capital\\\/#primaryimage\"},\"thumbnailUrl\":\"https:\\\/\\\/ocoerente.com.br\\\/se\\\/wp-content\\\/uploads\\\/2020\\\/04\\\/caps_jael_patricio_covid_19_foto_andre_moreira_7-scaled.jpg\",\"datePublished\":\"2020-04-23T04:31:07+00:00\",\"breadcrumb\":{\"@id\":\"https:\\\/\\\/ocoerente.com.br\\\/se\\\/2020\\\/04\\\/23\\\/prefeitura-prepara-mais-de-200-leitos-de-retaguarda-para-casos-de-covid-19-na-capital\\\/#breadcrumb\"},\"inLanguage\":\"pt-BR\",\"potentialAction\":[{\"@type\":\"ReadAction\",\"target\":[\"https:\\\/\\\/ocoerente.com.br\\\/se\\\/2020\\\/04\\\/23\\\/prefeitura-prepara-mais-de-200-leitos-de-retaguarda-para-casos-de-covid-19-na-capital\\\/\"]}]},{\"@type\":\"ImageObject\",\"inLanguage\":\"pt-BR\",\"@id\":\"https:\\\/\\\/ocoerente.com.br\\\/se\\\/2020\\\/04\\\/23\\\/prefeitura-prepara-mais-de-200-leitos-de-retaguarda-para-casos-de-covid-19-na-capital\\\/#primaryimage\",\"url\":\"https:\\\/\\\/ocoerente.com.br\\\/se\\\/wp-content\\\/uploads\\\/2020\\\/04\\\/caps_jael_patricio_covid_19_foto_andre_moreira_7-scaled.jpg\",\"contentUrl\":\"https:\\\/\\\/ocoerente.com.br\\\/se\\\/wp-content\\\/uploads\\\/2020\\\/04\\\/caps_jael_patricio_covid_19_foto_andre_moreira_7-scaled.jpg\",\"width\":2560,\"height\":1729},{\"@type\":\"BreadcrumbList\",\"@id\":\"https:\\\/\\\/ocoerente.com.br\\\/se\\\/2020\\\/04\\\/23\\\/prefeitura-prepara-mais-de-200-leitos-de-retaguarda-para-casos-de-covid-19-na-capital\\\/#breadcrumb\",\"itemListElement\":[{\"@type\":\"ListItem\",\"position\":1,\"name\":\"In\u00edcio\",\"item\":\"https:\\\/\\\/ocoerente.com.br\\\/se\\\/\"},{\"@type\":\"ListItem\",\"position\":2,\"name\":\"Prefeitura prepara mais de 200 leitos de retaguarda para casos de covid-19 na capital\"}]},{\"@type\":\"WebSite\",\"@id\":\"https:\\\/\\\/ocoerente.com.br\\\/se\\\/#website\",\"url\":\"https:\\\/\\\/ocoerente.com.br\\\/se\\\/\",\"name\":\"O Coerente\",\"description\":\"\",\"publisher\":{\"@id\":\"https:\\\/\\\/ocoerente.com.br\\\/se\\\/#\\\/schema\\\/person\\\/cc6bfd9fbca465e23543b0c963d8d037\"},\"potentialAction\":[{\"@type\":\"SearchAction\",\"target\":{\"@type\":\"EntryPoint\",\"urlTemplate\":\"https:\\\/\\\/ocoerente.com.br\\\/se\\\/?s={search_term_string}\"},\"query-input\":{\"@type\":\"PropertyValueSpecification\",\"valueRequired\":true,\"valueName\":\"search_term_string\"}}],\"inLanguage\":\"pt-BR\"},{\"@type\":[\"Person\",\"Organization\"],\"@id\":\"https:\\\/\\\/ocoerente.com.br\\\/se\\\/#\\\/schema\\\/person\\\/cc6bfd9fbca465e23543b0c963d8d037\",\"name\":\"Reda\u00e7\u00e3o\",\"image\":{\"@type\":\"ImageObject\",\"inLanguage\":\"pt-BR\",\"@id\":\"https:\\\/\\\/ocoerente.com.br\\\/se\\\/wp-content\\\/uploads\\\/2020\\\/01\\\/ocoerente-1.png\",\"url\":\"https:\\\/\\\/ocoerente.com.br\\\/se\\\/wp-content\\\/uploads\\\/2020\\\/01\\\/ocoerente-1.png\",\"contentUrl\":\"https:\\\/\\\/ocoerente.com.br\\\/se\\\/wp-content\\\/uploads\\\/2020\\\/01\\\/ocoerente-1.png\",\"width\":50,\"height\":50,\"caption\":\"Reda\u00e7\u00e3o\"},\"logo\":{\"@id\":\"https:\\\/\\\/ocoerente.com.br\\\/se\\\/wp-content\\\/uploads\\\/2020\\\/01\\\/ocoerente-1.png\"},\"url\":\"https:\\\/\\\/ocoerente.com.br\\\/se\\\/author\\\/vasticlsales\\\/\"}]}<\/script>\n<!-- \/ Yoast SEO plugin. -->","yoast_head_json":{"title":"Prefeitura prepara mais de 200 leitos de retaguarda para casos de covid-19 na capital - O Coerente","robots":{"index":"index","follow":"follow","max-snippet":"max-snippet:-1","max-image-preview":"max-image-preview:large","max-video-preview":"max-video-preview:-1"},"canonical":"https:\/\/ocoerente.com.br\/se\/2020\/04\/23\/prefeitura-prepara-mais-de-200-leitos-de-retaguarda-para-casos-de-covid-19-na-capital\/","og_locale":"pt_BR","og_type":"article","og_title":"Prefeitura prepara mais de 200 leitos de retaguarda para casos de covid-19 na capital - O Coerente","og_description":"Com base no Plano de Conting\u00eancia para o enfrentamento ao novo coronav\u00edrus, a Prefeitura de Aracaju vem se preparando para atender aos pacientes que necessitem de atendimento durante a pandemia. Para isso, al\u00e9m de investir nas oito Unidades B\u00e1sicas de Sa\u00fade que atendem exclusivamente casos de s\u00edndromes gripais, bem como no servi\u00e7o ofertado nos cont\u00eaineres [&hellip;]","og_url":"https:\/\/ocoerente.com.br\/se\/2020\/04\/23\/prefeitura-prepara-mais-de-200-leitos-de-retaguarda-para-casos-de-covid-19-na-capital\/","og_site_name":"O Coerente","article_published_time":"2020-04-23T04:31:07+00:00","og_image":[{"width":2560,"height":1729,"url":"https:\/\/ocoerente.com.br\/se\/wp-content\/uploads\/2020\/04\/caps_jael_patricio_covid_19_foto_andre_moreira_7-scaled.jpg","type":"image\/jpeg"}],"author":"Reda\u00e7\u00e3o","twitter_card":"summary_large_image","twitter_misc":{"Escrito por":"Reda\u00e7\u00e3o","Est. tempo de leitura":"6 minutos"},"schema":{"@context":"https:\/\/schema.org","@graph":[{"@type":"Article","@id":"https:\/\/ocoerente.com.br\/se\/2020\/04\/23\/prefeitura-prepara-mais-de-200-leitos-de-retaguarda-para-casos-de-covid-19-na-capital\/#article","isPartOf":{"@id":"https:\/\/ocoerente.com.br\/se\/2020\/04\/23\/prefeitura-prepara-mais-de-200-leitos-de-retaguarda-para-casos-de-covid-19-na-capital\/"},"author":{"name":"Reda\u00e7\u00e3o","@id":"https:\/\/ocoerente.com.br\/se\/#\/schema\/person\/cc6bfd9fbca465e23543b0c963d8d037"},"headline":"Prefeitura prepara mais de 200 leitos de retaguarda para casos de covid-19 na capital","datePublished":"2020-04-23T04:31:07+00:00","mainEntityOfPage":{"@id":"https:\/\/ocoerente.com.br\/se\/2020\/04\/23\/prefeitura-prepara-mais-de-200-leitos-de-retaguarda-para-casos-de-covid-19-na-capital\/"},"wordCount":1204,"publisher":{"@id":"https:\/\/ocoerente.com.br\/se\/#\/schema\/person\/cc6bfd9fbca465e23543b0c963d8d037"},"image":{"@id":"https:\/\/ocoerente.com.br\/se\/2020\/04\/23\/prefeitura-prepara-mais-de-200-leitos-de-retaguarda-para-casos-de-covid-19-na-capital\/#primaryimage"},"thumbnailUrl":"https:\/\/ocoerente.com.br\/se\/wp-content\/uploads\/2020\/04\/caps_jael_patricio_covid_19_foto_andre_moreira_7-scaled.jpg","articleSection":["Destaques","Sa\u00fade"],"inLanguage":"pt-BR"},{"@type":"WebPage","@id":"https:\/\/ocoerente.com.br\/se\/2020\/04\/23\/prefeitura-prepara-mais-de-200-leitos-de-retaguarda-para-casos-de-covid-19-na-capital\/","url":"https:\/\/ocoerente.com.br\/se\/2020\/04\/23\/prefeitura-prepara-mais-de-200-leitos-de-retaguarda-para-casos-de-covid-19-na-capital\/","name":"Prefeitura prepara mais de 200 leitos de retaguarda para casos de covid-19 na capital - O Coerente","isPartOf":{"@id":"https:\/\/ocoerente.com.br\/se\/#website"},"primaryImageOfPage":{"@id":"https:\/\/ocoerente.com.br\/se\/2020\/04\/23\/prefeitura-prepara-mais-de-200-leitos-de-retaguarda-para-casos-de-covid-19-na-capital\/#primaryimage"},"image":{"@id":"https:\/\/ocoerente.com.br\/se\/2020\/04\/23\/prefeitura-prepara-mais-de-200-leitos-de-retaguarda-para-casos-de-covid-19-na-capital\/#primaryimage"},"thumbnailUrl":"https:\/\/ocoerente.com.br\/se\/wp-content\/uploads\/2020\/04\/caps_jael_patricio_covid_19_foto_andre_moreira_7-scaled.jpg","datePublished":"2020-04-23T04:31:07+00:00","breadcrumb":{"@id":"https:\/\/ocoerente.com.br\/se\/2020\/04\/23\/prefeitura-prepara-mais-de-200-leitos-de-retaguarda-para-casos-de-covid-19-na-capital\/#breadcrumb"},"inLanguage":"pt-BR","potentialAction":[{"@type":"ReadAction","target":["https:\/\/ocoerente.com.br\/se\/2020\/04\/23\/prefeitura-prepara-mais-de-200-leitos-de-retaguarda-para-casos-de-covid-19-na-capital\/"]}]},{"@type":"ImageObject","inLanguage":"pt-BR","@id":"https:\/\/ocoerente.com.br\/se\/2020\/04\/23\/prefeitura-prepara-mais-de-200-leitos-de-retaguarda-para-casos-de-covid-19-na-capital\/#primaryimage","url":"https:\/\/ocoerente.com.br\/se\/wp-content\/uploads\/2020\/04\/caps_jael_patricio_covid_19_foto_andre_moreira_7-scaled.jpg","contentUrl":"https:\/\/ocoerente.com.br\/se\/wp-content\/uploads\/2020\/04\/caps_jael_patricio_covid_19_foto_andre_moreira_7-scaled.jpg","width":2560,"height":1729},{"@type":"BreadcrumbList","@id":"https:\/\/ocoerente.com.br\/se\/2020\/04\/23\/prefeitura-prepara-mais-de-200-leitos-de-retaguarda-para-casos-de-covid-19-na-capital\/#breadcrumb","itemListElement":[{"@type":"ListItem","position":1,"name":"In\u00edcio","item":"https:\/\/ocoerente.com.br\/se\/"},{"@type":"ListItem","position":2,"name":"Prefeitura prepara mais de 200 leitos de retaguarda para casos de covid-19 na capital"}]},{"@type":"WebSite","@id":"https:\/\/ocoerente.com.br\/se\/#website","url":"https:\/\/ocoerente.com.br\/se\/","name":"O Coerente","description":"","publisher":{"@id":"https:\/\/ocoerente.com.br\/se\/#\/schema\/person\/cc6bfd9fbca465e23543b0c963d8d037"},"potentialAction":[{"@type":"SearchAction","target":{"@type":"EntryPoint","urlTemplate":"https:\/\/ocoerente.com.br\/se\/?s={search_term_string}"},"query-input":{"@type":"PropertyValueSpecification","valueRequired":true,"valueName":"search_term_string"}}],"inLanguage":"pt-BR"},{"@type":["Person","Organization"],"@id":"https:\/\/ocoerente.com.br\/se\/#\/schema\/person\/cc6bfd9fbca465e23543b0c963d8d037","name":"Reda\u00e7\u00e3o","image":{"@type":"ImageObject","inLanguage":"pt-BR","@id":"https:\/\/ocoerente.com.br\/se\/wp-content\/uploads\/2020\/01\/ocoerente-1.png","url":"https:\/\/ocoerente.com.br\/se\/wp-content\/uploads\/2020\/01\/ocoerente-1.png","contentUrl":"https:\/\/ocoerente.com.br\/se\/wp-content\/uploads\/2020\/01\/ocoerente-1.png","width":50,"height":50,"caption":"Reda\u00e7\u00e3o"},"logo":{"@id":"https:\/\/ocoerente.com.br\/se\/wp-content\/uploads\/2020\/01\/ocoerente-1.png"},"url":"https:\/\/ocoerente.com.br\/se\/author\/vasticlsales\/"}]}},"_links":{"self":[{"href":"https:\/\/ocoerente.com.br\/se\/wp-json\/wp\/v2\/posts\/881","targetHints":{"allow":["GET"]}}],"collection":[{"href":"https:\/\/ocoerente.com.br\/se\/wp-json\/wp\/v2\/posts"}],"about":[{"href":"https:\/\/ocoerente.com.br\/se\/wp-json\/wp\/v2\/types\/post"}],"author":[{"embeddable":true,"href":"https:\/\/ocoerente.com.br\/se\/wp-json\/wp\/v2\/users\/1"}],"replies":[{"embeddable":true,"href":"https:\/\/ocoerente.com.br\/se\/wp-json\/wp\/v2\/comments?post=881"}],"version-history":[{"count":1,"href":"https:\/\/ocoerente.com.br\/se\/wp-json\/wp\/v2\/posts\/881\/revisions"}],"predecessor-version":[{"id":883,"href":"https:\/\/ocoerente.com.br\/se\/wp-json\/wp\/v2\/posts\/881\/revisions\/883"}],"wp:featuredmedia":[{"embeddable":true,"href":"https:\/\/ocoerente.com.br\/se\/wp-json\/wp\/v2\/media\/882"}],"wp:attachment":[{"href":"https:\/\/ocoerente.com.br\/se\/wp-json\/wp\/v2\/media?parent=881"}],"wp:term":[{"taxonomy":"category","embeddable":true,"href":"https:\/\/ocoerente.com.br\/se\/wp-json\/wp\/v2\/categories?post=881"},{"taxonomy":"post_tag","embeddable":true,"href":"https:\/\/ocoerente.com.br\/se\/wp-json\/wp\/v2\/tags?post=881"}],"curies":[{"name":"wp","href":"https:\/\/api.w.org\/{rel}","templated":true}]}}