{"id":8766,"date":"2024-02-29T21:34:20","date_gmt":"2024-03-01T00:34:20","guid":{"rendered":"https:\/\/ocoerente.com.br\/se\/?p=8766"},"modified":"2024-02-29T21:34:53","modified_gmt":"2024-03-01T00:34:53","slug":"oab-go-nega-inscricao-de-homem-por-inidoneidade-moral-juiz-valida","status":"publish","type":"post","link":"https:\/\/ocoerente.com.br\/se\/2024\/02\/29\/oab-go-nega-inscricao-de-homem-por-inidoneidade-moral-juiz-valida\/","title":{"rendered":"OAB\/GO nega inscri\u00e7\u00e3o de homem por &#8220;inidoneidade moral&#8221;; juiz valida"},"content":{"rendered":"\n<p>Ao destacar a autonomia da Ordem para a an\u00e1lise, o magistrado derrubou liminar que determinava a inscri\u00e7\u00e3o.<\/p>\n\n\n\n<p>Inscri\u00e7\u00e3o na OAB pode ser negada se fatos forem suficientes para configura\u00e7\u00e3o da inidoneidade moral, independentemente de haver condena\u00e7\u00e3o na Justi\u00e7a. Assim entendeu o juiz Federal convocado Marllon Sousa, da 13\u00aa turma do TRF da 1\u00aa regi\u00e3o, ao derrubar liminar que determinava a inscri\u00e7\u00e3o de um bacharel na OAB\/GO. O magistrado destacou a autonomia entre as inst\u00e2ncias administrativa e judicial.&nbsp;<\/p>\n\n\n\n<p>O autor \u00e9 bacharel em Direito e requereu sua inscri\u00e7\u00e3o nos quadros da OAB\/GO. Ao apurar a exist\u00eancia de diversas a\u00e7\u00f5es penais, a seccional instaurou processo para apura\u00e7\u00e3o do requisito de idoneidade moral e, ao final, decidiu por unanimidade que o candidato era moralmente inid\u00f4neo para o exerc\u00edcio da advocacia.<\/p>\n\n\n\n<p>Ajuizado mandado de seguran\u00e7a, o ju\u00edzo de origem deferiu a liminar para determinar a inscri\u00e7\u00e3o do bacharel nos quadros da seccional.<\/p>\n\n\n\n<p>Mas, ao analisar recurso, o juiz suspendeu a decis\u00e3o, mantendo o reconhecimento da inidoneidade. Ao decidir, o magistrado baseou-se na autonomia e compet\u00eancia institucional do sistema OAB para decidir os pedidos de inscri\u00e7\u00e3o.&nbsp;<\/p>\n\n\n\n<p>Ele destacou que o Estatuto da Advocacia n\u00e3o conduz \u00e0 conclus\u00e3o de que somente os condenados por crimes infamantes podem ser considerados inid\u00f4neos, &#8220;podendo-se aferir a inidoneidade com base em circunst\u00e2ncias que apontem a aus\u00eancia de dignidade, honestidade ou seriedade&#8221;.<\/p>\n\n\n\n<p>&#8220;A decis\u00e3o do Conselho Seccional da OAB\/GO n\u00e3o depende de decis\u00e3o criminal quando houver processo penal em curso, uma vez que prevalece a independ\u00eancia entre as inst\u00e2ncias judicial e administrativa, ou seja, o processo administrativo n\u00e3o \u00e9 subordinado \u00e0 eventual pena criminal, de modo que a inscri\u00e7\u00e3o pode ser negada se os fatos forem suficientes para configura\u00e7\u00e3o da inidoneidade moral.&#8221;<\/p>\n\n\n\n<p>Ante o risco de viola\u00e7\u00e3o \u00e0 autonomia e compet\u00eancia da OAB, o magistrado concedeu a medida suspensiva pleiteada, e derrubou a liminar que determinava a inscri\u00e7\u00e3o.<\/p>\n\n\n\n<p>O processo tramita em sigilo.<\/p>\n\n\n\n<p>Fonte: Migalhas<br>Link: <a href=\"https:\/\/www.migalhas.com.br\/quentes\/402545\/oab-go-nega-inscricao-de-homem-por-inidoneidade-moral--juiz-valida\" target=\"_blank\" rel=\"noreferrer noopener\">https:\/\/www.migalhas.com.br\/quentes\/402545\/oab-go-nega-inscricao-de-homem-por-inidoneidade-moral&#8211;juiz-valida<\/a><\/p>\n","protected":false},"excerpt":{"rendered":"<p>Ao destacar a autonomia da Ordem para a an\u00e1lise, o magistrado derrubou liminar que determinava a inscri\u00e7\u00e3o. Inscri\u00e7\u00e3o na OAB pode ser negada se fatos forem suficientes para configura\u00e7\u00e3o da inidoneidade moral, independentemente de haver condena\u00e7\u00e3o na Justi\u00e7a. Assim entendeu o juiz Federal convocado Marllon Sousa, da 13\u00aa turma do TRF da 1\u00aa regi\u00e3o, ao [&hellip;]<\/p>\n","protected":false},"author":1,"featured_media":8767,"comment_status":"closed","ping_status":"closed","sticky":false,"template":"","format":"standard","meta":{"footnotes":""},"categories":[48,53],"tags":[],"class_list":["post-8766","post","type-post","status-publish","format-standard","has-post-thumbnail","hentry","category-brasil","category-destaques"],"yoast_head":"<!-- This site is optimized with the Yoast SEO plugin v27.5 - https:\/\/yoast.com\/product\/yoast-seo-wordpress\/ -->\n<title>OAB\/GO nega inscri\u00e7\u00e3o de homem por &quot;inidoneidade moral&quot;; juiz valida - O Coerente<\/title>\n<meta name=\"robots\" content=\"index, follow, max-snippet:-1, max-image-preview:large, max-video-preview:-1\" \/>\n<link rel=\"canonical\" href=\"https:\/\/ocoerente.com.br\/se\/2024\/02\/29\/oab-go-nega-inscricao-de-homem-por-inidoneidade-moral-juiz-valida\/\" \/>\n<meta property=\"og:locale\" content=\"pt_BR\" \/>\n<meta property=\"og:type\" content=\"article\" \/>\n<meta property=\"og:title\" content=\"OAB\/GO nega inscri\u00e7\u00e3o de homem por &quot;inidoneidade moral&quot;; juiz valida - O Coerente\" \/>\n<meta property=\"og:description\" content=\"Ao destacar a autonomia da Ordem para a an\u00e1lise, o magistrado derrubou liminar que determinava a inscri\u00e7\u00e3o. Inscri\u00e7\u00e3o na OAB pode ser negada se fatos forem suficientes para configura\u00e7\u00e3o da inidoneidade moral, independentemente de haver condena\u00e7\u00e3o na Justi\u00e7a. Assim entendeu o juiz Federal convocado Marllon Sousa, da 13\u00aa turma do TRF da 1\u00aa regi\u00e3o, ao [&hellip;]\" \/>\n<meta property=\"og:url\" content=\"https:\/\/ocoerente.com.br\/se\/2024\/02\/29\/oab-go-nega-inscricao-de-homem-por-inidoneidade-moral-juiz-valida\/\" \/>\n<meta property=\"og:site_name\" content=\"O Coerente\" \/>\n<meta property=\"article:published_time\" content=\"2024-03-01T00:34:20+00:00\" \/>\n<meta property=\"article:modified_time\" content=\"2024-03-01T00:34:53+00:00\" \/>\n<meta property=\"og:image\" content=\"https:\/\/ocoerente.com.br\/se\/wp-content\/uploads\/2024\/02\/migalhas__SL__.jpg\" \/>\n\t<meta property=\"og:image:width\" content=\"880\" \/>\n\t<meta property=\"og:image:height\" content=\"470\" \/>\n\t<meta property=\"og:image:type\" content=\"image\/jpeg\" \/>\n<meta name=\"author\" content=\"Reda\u00e7\u00e3o\" \/>\n<meta name=\"twitter:card\" content=\"summary_large_image\" \/>\n<meta name=\"twitter:label1\" content=\"Escrito por\" \/>\n\t<meta name=\"twitter:data1\" content=\"Reda\u00e7\u00e3o\" \/>\n\t<meta name=\"twitter:label2\" content=\"Est. tempo de leitura\" \/>\n\t<meta name=\"twitter:data2\" content=\"2 minutos\" \/>\n<script type=\"application\/ld+json\" class=\"yoast-schema-graph\">{\"@context\":\"https:\\\/\\\/schema.org\",\"@graph\":[{\"@type\":\"Article\",\"@id\":\"https:\\\/\\\/ocoerente.com.br\\\/se\\\/2024\\\/02\\\/29\\\/oab-go-nega-inscricao-de-homem-por-inidoneidade-moral-juiz-valida\\\/#article\",\"isPartOf\":{\"@id\":\"https:\\\/\\\/ocoerente.com.br\\\/se\\\/2024\\\/02\\\/29\\\/oab-go-nega-inscricao-de-homem-por-inidoneidade-moral-juiz-valida\\\/\"},\"author\":{\"name\":\"Reda\u00e7\u00e3o\",\"@id\":\"https:\\\/\\\/ocoerente.com.br\\\/se\\\/#\\\/schema\\\/person\\\/cc6bfd9fbca465e23543b0c963d8d037\"},\"headline\":\"OAB\\\/GO nega inscri\u00e7\u00e3o de homem por &#8220;inidoneidade moral&#8221;; juiz valida\",\"datePublished\":\"2024-03-01T00:34:20+00:00\",\"dateModified\":\"2024-03-01T00:34:53+00:00\",\"mainEntityOfPage\":{\"@id\":\"https:\\\/\\\/ocoerente.com.br\\\/se\\\/2024\\\/02\\\/29\\\/oab-go-nega-inscricao-de-homem-por-inidoneidade-moral-juiz-valida\\\/\"},\"wordCount\":368,\"publisher\":{\"@id\":\"https:\\\/\\\/ocoerente.com.br\\\/se\\\/#\\\/schema\\\/person\\\/cc6bfd9fbca465e23543b0c963d8d037\"},\"image\":{\"@id\":\"https:\\\/\\\/ocoerente.com.br\\\/se\\\/2024\\\/02\\\/29\\\/oab-go-nega-inscricao-de-homem-por-inidoneidade-moral-juiz-valida\\\/#primaryimage\"},\"thumbnailUrl\":\"https:\\\/\\\/ocoerente.com.br\\\/se\\\/wp-content\\\/uploads\\\/2024\\\/02\\\/migalhas__SL__.jpg\",\"articleSection\":[\"Brasil\",\"Destaques\"],\"inLanguage\":\"pt-BR\"},{\"@type\":\"WebPage\",\"@id\":\"https:\\\/\\\/ocoerente.com.br\\\/se\\\/2024\\\/02\\\/29\\\/oab-go-nega-inscricao-de-homem-por-inidoneidade-moral-juiz-valida\\\/\",\"url\":\"https:\\\/\\\/ocoerente.com.br\\\/se\\\/2024\\\/02\\\/29\\\/oab-go-nega-inscricao-de-homem-por-inidoneidade-moral-juiz-valida\\\/\",\"name\":\"OAB\\\/GO nega inscri\u00e7\u00e3o de homem por \\\"inidoneidade moral\\\"; juiz valida - O Coerente\",\"isPartOf\":{\"@id\":\"https:\\\/\\\/ocoerente.com.br\\\/se\\\/#website\"},\"primaryImageOfPage\":{\"@id\":\"https:\\\/\\\/ocoerente.com.br\\\/se\\\/2024\\\/02\\\/29\\\/oab-go-nega-inscricao-de-homem-por-inidoneidade-moral-juiz-valida\\\/#primaryimage\"},\"image\":{\"@id\":\"https:\\\/\\\/ocoerente.com.br\\\/se\\\/2024\\\/02\\\/29\\\/oab-go-nega-inscricao-de-homem-por-inidoneidade-moral-juiz-valida\\\/#primaryimage\"},\"thumbnailUrl\":\"https:\\\/\\\/ocoerente.com.br\\\/se\\\/wp-content\\\/uploads\\\/2024\\\/02\\\/migalhas__SL__.jpg\",\"datePublished\":\"2024-03-01T00:34:20+00:00\",\"dateModified\":\"2024-03-01T00:34:53+00:00\",\"breadcrumb\":{\"@id\":\"https:\\\/\\\/ocoerente.com.br\\\/se\\\/2024\\\/02\\\/29\\\/oab-go-nega-inscricao-de-homem-por-inidoneidade-moral-juiz-valida\\\/#breadcrumb\"},\"inLanguage\":\"pt-BR\",\"potentialAction\":[{\"@type\":\"ReadAction\",\"target\":[\"https:\\\/\\\/ocoerente.com.br\\\/se\\\/2024\\\/02\\\/29\\\/oab-go-nega-inscricao-de-homem-por-inidoneidade-moral-juiz-valida\\\/\"]}]},{\"@type\":\"ImageObject\",\"inLanguage\":\"pt-BR\",\"@id\":\"https:\\\/\\\/ocoerente.com.br\\\/se\\\/2024\\\/02\\\/29\\\/oab-go-nega-inscricao-de-homem-por-inidoneidade-moral-juiz-valida\\\/#primaryimage\",\"url\":\"https:\\\/\\\/ocoerente.com.br\\\/se\\\/wp-content\\\/uploads\\\/2024\\\/02\\\/migalhas__SL__.jpg\",\"contentUrl\":\"https:\\\/\\\/ocoerente.com.br\\\/se\\\/wp-content\\\/uploads\\\/2024\\\/02\\\/migalhas__SL__.jpg\",\"width\":880,\"height\":470,\"caption\":\"OAB\\\/GO nega inscri\u00e7\u00e3o na Ordem por inidoneidade moral.(Imagem: Migalhas\\\/Reda\u00e7\u00e3o)\"},{\"@type\":\"BreadcrumbList\",\"@id\":\"https:\\\/\\\/ocoerente.com.br\\\/se\\\/2024\\\/02\\\/29\\\/oab-go-nega-inscricao-de-homem-por-inidoneidade-moral-juiz-valida\\\/#breadcrumb\",\"itemListElement\":[{\"@type\":\"ListItem\",\"position\":1,\"name\":\"In\u00edcio\",\"item\":\"https:\\\/\\\/ocoerente.com.br\\\/se\\\/\"},{\"@type\":\"ListItem\",\"position\":2,\"name\":\"OAB\\\/GO nega inscri\u00e7\u00e3o de homem por &#8220;inidoneidade moral&#8221;; juiz valida\"}]},{\"@type\":\"WebSite\",\"@id\":\"https:\\\/\\\/ocoerente.com.br\\\/se\\\/#website\",\"url\":\"https:\\\/\\\/ocoerente.com.br\\\/se\\\/\",\"name\":\"O Coerente\",\"description\":\"\",\"publisher\":{\"@id\":\"https:\\\/\\\/ocoerente.com.br\\\/se\\\/#\\\/schema\\\/person\\\/cc6bfd9fbca465e23543b0c963d8d037\"},\"potentialAction\":[{\"@type\":\"SearchAction\",\"target\":{\"@type\":\"EntryPoint\",\"urlTemplate\":\"https:\\\/\\\/ocoerente.com.br\\\/se\\\/?s={search_term_string}\"},\"query-input\":{\"@type\":\"PropertyValueSpecification\",\"valueRequired\":true,\"valueName\":\"search_term_string\"}}],\"inLanguage\":\"pt-BR\"},{\"@type\":[\"Person\",\"Organization\"],\"@id\":\"https:\\\/\\\/ocoerente.com.br\\\/se\\\/#\\\/schema\\\/person\\\/cc6bfd9fbca465e23543b0c963d8d037\",\"name\":\"Reda\u00e7\u00e3o\",\"image\":{\"@type\":\"ImageObject\",\"inLanguage\":\"pt-BR\",\"@id\":\"https:\\\/\\\/ocoerente.com.br\\\/se\\\/wp-content\\\/uploads\\\/2020\\\/01\\\/ocoerente-1.png\",\"url\":\"https:\\\/\\\/ocoerente.com.br\\\/se\\\/wp-content\\\/uploads\\\/2020\\\/01\\\/ocoerente-1.png\",\"contentUrl\":\"https:\\\/\\\/ocoerente.com.br\\\/se\\\/wp-content\\\/uploads\\\/2020\\\/01\\\/ocoerente-1.png\",\"width\":50,\"height\":50,\"caption\":\"Reda\u00e7\u00e3o\"},\"logo\":{\"@id\":\"https:\\\/\\\/ocoerente.com.br\\\/se\\\/wp-content\\\/uploads\\\/2020\\\/01\\\/ocoerente-1.png\"},\"url\":\"https:\\\/\\\/ocoerente.com.br\\\/se\\\/author\\\/vasticlsales\\\/\"}]}<\/script>\n<!-- \/ Yoast SEO plugin. -->","yoast_head_json":{"title":"OAB\/GO nega inscri\u00e7\u00e3o de homem por \"inidoneidade moral\"; juiz valida - O Coerente","robots":{"index":"index","follow":"follow","max-snippet":"max-snippet:-1","max-image-preview":"max-image-preview:large","max-video-preview":"max-video-preview:-1"},"canonical":"https:\/\/ocoerente.com.br\/se\/2024\/02\/29\/oab-go-nega-inscricao-de-homem-por-inidoneidade-moral-juiz-valida\/","og_locale":"pt_BR","og_type":"article","og_title":"OAB\/GO nega inscri\u00e7\u00e3o de homem por \"inidoneidade moral\"; juiz valida - O Coerente","og_description":"Ao destacar a autonomia da Ordem para a an\u00e1lise, o magistrado derrubou liminar que determinava a inscri\u00e7\u00e3o. Inscri\u00e7\u00e3o na OAB pode ser negada se fatos forem suficientes para configura\u00e7\u00e3o da inidoneidade moral, independentemente de haver condena\u00e7\u00e3o na Justi\u00e7a. Assim entendeu o juiz Federal convocado Marllon Sousa, da 13\u00aa turma do TRF da 1\u00aa regi\u00e3o, ao [&hellip;]","og_url":"https:\/\/ocoerente.com.br\/se\/2024\/02\/29\/oab-go-nega-inscricao-de-homem-por-inidoneidade-moral-juiz-valida\/","og_site_name":"O Coerente","article_published_time":"2024-03-01T00:34:20+00:00","article_modified_time":"2024-03-01T00:34:53+00:00","og_image":[{"width":880,"height":470,"url":"https:\/\/ocoerente.com.br\/se\/wp-content\/uploads\/2024\/02\/migalhas__SL__.jpg","type":"image\/jpeg"}],"author":"Reda\u00e7\u00e3o","twitter_card":"summary_large_image","twitter_misc":{"Escrito por":"Reda\u00e7\u00e3o","Est. tempo de leitura":"2 minutos"},"schema":{"@context":"https:\/\/schema.org","@graph":[{"@type":"Article","@id":"https:\/\/ocoerente.com.br\/se\/2024\/02\/29\/oab-go-nega-inscricao-de-homem-por-inidoneidade-moral-juiz-valida\/#article","isPartOf":{"@id":"https:\/\/ocoerente.com.br\/se\/2024\/02\/29\/oab-go-nega-inscricao-de-homem-por-inidoneidade-moral-juiz-valida\/"},"author":{"name":"Reda\u00e7\u00e3o","@id":"https:\/\/ocoerente.com.br\/se\/#\/schema\/person\/cc6bfd9fbca465e23543b0c963d8d037"},"headline":"OAB\/GO nega inscri\u00e7\u00e3o de homem por &#8220;inidoneidade moral&#8221;; juiz valida","datePublished":"2024-03-01T00:34:20+00:00","dateModified":"2024-03-01T00:34:53+00:00","mainEntityOfPage":{"@id":"https:\/\/ocoerente.com.br\/se\/2024\/02\/29\/oab-go-nega-inscricao-de-homem-por-inidoneidade-moral-juiz-valida\/"},"wordCount":368,"publisher":{"@id":"https:\/\/ocoerente.com.br\/se\/#\/schema\/person\/cc6bfd9fbca465e23543b0c963d8d037"},"image":{"@id":"https:\/\/ocoerente.com.br\/se\/2024\/02\/29\/oab-go-nega-inscricao-de-homem-por-inidoneidade-moral-juiz-valida\/#primaryimage"},"thumbnailUrl":"https:\/\/ocoerente.com.br\/se\/wp-content\/uploads\/2024\/02\/migalhas__SL__.jpg","articleSection":["Brasil","Destaques"],"inLanguage":"pt-BR"},{"@type":"WebPage","@id":"https:\/\/ocoerente.com.br\/se\/2024\/02\/29\/oab-go-nega-inscricao-de-homem-por-inidoneidade-moral-juiz-valida\/","url":"https:\/\/ocoerente.com.br\/se\/2024\/02\/29\/oab-go-nega-inscricao-de-homem-por-inidoneidade-moral-juiz-valida\/","name":"OAB\/GO nega inscri\u00e7\u00e3o de homem por \"inidoneidade moral\"; juiz valida - O Coerente","isPartOf":{"@id":"https:\/\/ocoerente.com.br\/se\/#website"},"primaryImageOfPage":{"@id":"https:\/\/ocoerente.com.br\/se\/2024\/02\/29\/oab-go-nega-inscricao-de-homem-por-inidoneidade-moral-juiz-valida\/#primaryimage"},"image":{"@id":"https:\/\/ocoerente.com.br\/se\/2024\/02\/29\/oab-go-nega-inscricao-de-homem-por-inidoneidade-moral-juiz-valida\/#primaryimage"},"thumbnailUrl":"https:\/\/ocoerente.com.br\/se\/wp-content\/uploads\/2024\/02\/migalhas__SL__.jpg","datePublished":"2024-03-01T00:34:20+00:00","dateModified":"2024-03-01T00:34:53+00:00","breadcrumb":{"@id":"https:\/\/ocoerente.com.br\/se\/2024\/02\/29\/oab-go-nega-inscricao-de-homem-por-inidoneidade-moral-juiz-valida\/#breadcrumb"},"inLanguage":"pt-BR","potentialAction":[{"@type":"ReadAction","target":["https:\/\/ocoerente.com.br\/se\/2024\/02\/29\/oab-go-nega-inscricao-de-homem-por-inidoneidade-moral-juiz-valida\/"]}]},{"@type":"ImageObject","inLanguage":"pt-BR","@id":"https:\/\/ocoerente.com.br\/se\/2024\/02\/29\/oab-go-nega-inscricao-de-homem-por-inidoneidade-moral-juiz-valida\/#primaryimage","url":"https:\/\/ocoerente.com.br\/se\/wp-content\/uploads\/2024\/02\/migalhas__SL__.jpg","contentUrl":"https:\/\/ocoerente.com.br\/se\/wp-content\/uploads\/2024\/02\/migalhas__SL__.jpg","width":880,"height":470,"caption":"OAB\/GO nega inscri\u00e7\u00e3o na Ordem por inidoneidade moral.(Imagem: Migalhas\/Reda\u00e7\u00e3o)"},{"@type":"BreadcrumbList","@id":"https:\/\/ocoerente.com.br\/se\/2024\/02\/29\/oab-go-nega-inscricao-de-homem-por-inidoneidade-moral-juiz-valida\/#breadcrumb","itemListElement":[{"@type":"ListItem","position":1,"name":"In\u00edcio","item":"https:\/\/ocoerente.com.br\/se\/"},{"@type":"ListItem","position":2,"name":"OAB\/GO nega inscri\u00e7\u00e3o de homem por &#8220;inidoneidade moral&#8221;; juiz valida"}]},{"@type":"WebSite","@id":"https:\/\/ocoerente.com.br\/se\/#website","url":"https:\/\/ocoerente.com.br\/se\/","name":"O Coerente","description":"","publisher":{"@id":"https:\/\/ocoerente.com.br\/se\/#\/schema\/person\/cc6bfd9fbca465e23543b0c963d8d037"},"potentialAction":[{"@type":"SearchAction","target":{"@type":"EntryPoint","urlTemplate":"https:\/\/ocoerente.com.br\/se\/?s={search_term_string}"},"query-input":{"@type":"PropertyValueSpecification","valueRequired":true,"valueName":"search_term_string"}}],"inLanguage":"pt-BR"},{"@type":["Person","Organization"],"@id":"https:\/\/ocoerente.com.br\/se\/#\/schema\/person\/cc6bfd9fbca465e23543b0c963d8d037","name":"Reda\u00e7\u00e3o","image":{"@type":"ImageObject","inLanguage":"pt-BR","@id":"https:\/\/ocoerente.com.br\/se\/wp-content\/uploads\/2020\/01\/ocoerente-1.png","url":"https:\/\/ocoerente.com.br\/se\/wp-content\/uploads\/2020\/01\/ocoerente-1.png","contentUrl":"https:\/\/ocoerente.com.br\/se\/wp-content\/uploads\/2020\/01\/ocoerente-1.png","width":50,"height":50,"caption":"Reda\u00e7\u00e3o"},"logo":{"@id":"https:\/\/ocoerente.com.br\/se\/wp-content\/uploads\/2020\/01\/ocoerente-1.png"},"url":"https:\/\/ocoerente.com.br\/se\/author\/vasticlsales\/"}]}},"_links":{"self":[{"href":"https:\/\/ocoerente.com.br\/se\/wp-json\/wp\/v2\/posts\/8766","targetHints":{"allow":["GET"]}}],"collection":[{"href":"https:\/\/ocoerente.com.br\/se\/wp-json\/wp\/v2\/posts"}],"about":[{"href":"https:\/\/ocoerente.com.br\/se\/wp-json\/wp\/v2\/types\/post"}],"author":[{"embeddable":true,"href":"https:\/\/ocoerente.com.br\/se\/wp-json\/wp\/v2\/users\/1"}],"replies":[{"embeddable":true,"href":"https:\/\/ocoerente.com.br\/se\/wp-json\/wp\/v2\/comments?post=8766"}],"version-history":[{"count":2,"href":"https:\/\/ocoerente.com.br\/se\/wp-json\/wp\/v2\/posts\/8766\/revisions"}],"predecessor-version":[{"id":8769,"href":"https:\/\/ocoerente.com.br\/se\/wp-json\/wp\/v2\/posts\/8766\/revisions\/8769"}],"wp:featuredmedia":[{"embeddable":true,"href":"https:\/\/ocoerente.com.br\/se\/wp-json\/wp\/v2\/media\/8767"}],"wp:attachment":[{"href":"https:\/\/ocoerente.com.br\/se\/wp-json\/wp\/v2\/media?parent=8766"}],"wp:term":[{"taxonomy":"category","embeddable":true,"href":"https:\/\/ocoerente.com.br\/se\/wp-json\/wp\/v2\/categories?post=8766"},{"taxonomy":"post_tag","embeddable":true,"href":"https:\/\/ocoerente.com.br\/se\/wp-json\/wp\/v2\/tags?post=8766"}],"curies":[{"name":"wp","href":"https:\/\/api.w.org\/{rel}","templated":true}]}}