{"id":876,"date":"2020-04-23T01:28:37","date_gmt":"2020-04-23T04:28:37","guid":{"rendered":"http:\/\/ocoerente.com.br\/se\/?p=876"},"modified":"2020-04-23T01:29:22","modified_gmt":"2020-04-23T04:29:22","slug":"prefeitura-volta-a-disponibilizar-atendimento-especializado-no-cemar-siqueira-campos","status":"publish","type":"post","link":"https:\/\/ocoerente.com.br\/se\/2020\/04\/23\/prefeitura-volta-a-disponibilizar-atendimento-especializado-no-cemar-siqueira-campos\/","title":{"rendered":"Prefeitura volta a disponibilizar atendimento especializado no Cemar Siqueira Campos"},"content":{"rendered":"<p>O Centro de Especialidades M\u00e9dicas de Aracaju (Cemar Siqueira Campos), ligado \u00e0 Secretaria Municipal da Sa\u00fade (SMS), da Prefeitura de Aracaju, voltou a disponibilizar aos pacientes cr\u00f4nicos, a partir desta quarta-feira, 22, uma s\u00e9rie de especialidades de m\u00e9dia e alta complexidade. O N\u00facleo de Regula\u00e7\u00e3o da SMS est\u00e1 contatando os usu\u00e1rios, priorizando os casos mais urgentes e os quadros com maior complexidade.<\/p>\n<p>Est\u00e3o dispon\u00edveis as especialidades de Cardiologia (adulto e pedi\u00e1trica), Nefrologia, Endocrinologia, Reumatologia e Neurologia. Al\u00e9m disso, os exames Ecocardiograma Transtor\u00e1cico (adulto e pedi\u00e1trico), ultrassonografia obst\u00e9trica e ultrassonografia obst\u00e9trica morfol\u00f3gica seguir\u00e3o a mesma din\u00e2mica.<\/p>\n<p>Os atendimentos s\u00e3o realizados por blocos de hor\u00e1rios, previamente acordados com os pacientes que est\u00e3o sendo acompanhados. \u201cEstamos iniciando o atendimento de especialidades aos pacientes cr\u00f4nicos, sobretudo aqueles que est\u00e3o mais vulner\u00e1veis ao coronav\u00edrus. Desta maneira, para evitar aglomera\u00e7\u00f5es e respeitar tanto os decretos municipais quanto \u00e0s recomenda\u00e7\u00f5es da Organiza\u00e7\u00e3o Mundial da Sa\u00fade, os servi\u00e7os s\u00e3o prestados com uma organiza\u00e7\u00e3o especial, um hor\u00e1rio diferenciado\u201d, explica o secret\u00e1rio-adjunto da Sa\u00fade, Carlos Noronha.<\/p>\n<p><img loading=\"lazy\" decoding=\"async\" class=\"alignnone  wp-image-879\" src=\"http:\/\/ocoerente.com.br\/se\/wp-content\/uploads\/2020\/04\/carlos_noronhafotos_sergio_silva___jpg_18_copia-750x375.jpg\" alt=\"\" width=\"412\" height=\"206\" srcset=\"https:\/\/ocoerente.com.br\/se\/wp-content\/uploads\/2020\/04\/carlos_noronhafotos_sergio_silva___jpg_18_copia-750x375.jpg 750w, https:\/\/ocoerente.com.br\/se\/wp-content\/uploads\/2020\/04\/carlos_noronhafotos_sergio_silva___jpg_18_copia-360x180.jpg 360w\" sizes=\"auto, (max-width: 412px) 100vw, 412px\" \/><\/p>\n<p>Ap\u00f3s reuni\u00f5es com os servidores, a Secretaria da Sa\u00fade decidiu que uma parte da carga hor\u00e1ria, seis horas, ser\u00e1 utilizada para o atendimento das especialidades das quais os doentes cr\u00f4nicos necessitam. O restante do tempo ser\u00e1 utilizado no hospital de campanha e nas unidades de sa\u00fade de refer\u00eancia para pacientes com sintomas de s\u00edndromes gripais.<\/p>\n<p>A prioridade no momento \u00e9 evitar que o pico da curva de transmiss\u00e3o causa um colapso da estrutura m\u00e9dica municipal. Para tanto, a ajuda da popula\u00e7\u00e3o, por meio do distanciamento social, continua fundamental.<\/p>\n<p>Ag\u00eancia Aracaju de Not\u00edcias<\/p>\n","protected":false},"excerpt":{"rendered":"<p>O Centro de Especialidades M\u00e9dicas de Aracaju (Cemar Siqueira Campos), ligado \u00e0 Secretaria Municipal da Sa\u00fade (SMS), da Prefeitura de Aracaju, voltou a disponibilizar aos pacientes cr\u00f4nicos, a partir desta quarta-feira, 22, uma s\u00e9rie de especialidades de m\u00e9dia e alta complexidade. O N\u00facleo de Regula\u00e7\u00e3o da SMS est\u00e1 contatando os usu\u00e1rios, priorizando os casos mais [&hellip;]<\/p>\n","protected":false},"author":1,"featured_media":877,"comment_status":"closed","ping_status":"closed","sticky":false,"template":"","format":"standard","meta":{"footnotes":""},"categories":[43],"tags":[],"class_list":["post-876","post","type-post","status-publish","format-standard","has-post-thumbnail","hentry","category-sergipe"],"yoast_head":"<!-- This site is optimized with the Yoast SEO plugin v27.5 - https:\/\/yoast.com\/product\/yoast-seo-wordpress\/ -->\n<title>Prefeitura volta a disponibilizar atendimento especializado no Cemar Siqueira Campos - O Coerente<\/title>\n<meta name=\"robots\" content=\"index, follow, max-snippet:-1, max-image-preview:large, max-video-preview:-1\" \/>\n<link rel=\"canonical\" href=\"https:\/\/ocoerente.com.br\/se\/2020\/04\/23\/prefeitura-volta-a-disponibilizar-atendimento-especializado-no-cemar-siqueira-campos\/\" \/>\n<meta property=\"og:locale\" content=\"pt_BR\" \/>\n<meta property=\"og:type\" content=\"article\" \/>\n<meta property=\"og:title\" content=\"Prefeitura volta a disponibilizar atendimento especializado no Cemar Siqueira Campos - O Coerente\" \/>\n<meta property=\"og:description\" content=\"O Centro de Especialidades M\u00e9dicas de Aracaju (Cemar Siqueira Campos), ligado \u00e0 Secretaria Municipal da Sa\u00fade (SMS), da Prefeitura de Aracaju, voltou a disponibilizar aos pacientes cr\u00f4nicos, a partir desta quarta-feira, 22, uma s\u00e9rie de especialidades de m\u00e9dia e alta complexidade. O N\u00facleo de Regula\u00e7\u00e3o da SMS est\u00e1 contatando os usu\u00e1rios, priorizando os casos mais [&hellip;]\" \/>\n<meta property=\"og:url\" content=\"https:\/\/ocoerente.com.br\/se\/2020\/04\/23\/prefeitura-volta-a-disponibilizar-atendimento-especializado-no-cemar-siqueira-campos\/\" \/>\n<meta property=\"og:site_name\" content=\"O Coerente\" \/>\n<meta property=\"article:published_time\" content=\"2020-04-23T04:28:37+00:00\" \/>\n<meta property=\"article:modified_time\" content=\"2020-04-23T04:29:22+00:00\" \/>\n<meta property=\"og:image\" content=\"https:\/\/ocoerente.com.br\/se\/wp-content\/uploads\/2020\/04\/prontuario_eletonico_na_ubs_onesimo_pinto___foto_marcelle_cristinne_3.jpg\" \/>\n\t<meta property=\"og:image:width\" content=\"1400\" \/>\n\t<meta property=\"og:image:height\" content=\"933\" \/>\n\t<meta property=\"og:image:type\" content=\"image\/jpeg\" \/>\n<meta name=\"author\" content=\"Reda\u00e7\u00e3o\" \/>\n<meta name=\"twitter:card\" content=\"summary_large_image\" \/>\n<meta name=\"twitter:label1\" content=\"Escrito por\" \/>\n\t<meta name=\"twitter:data1\" content=\"Reda\u00e7\u00e3o\" \/>\n\t<meta name=\"twitter:label2\" content=\"Est. tempo de leitura\" \/>\n\t<meta name=\"twitter:data2\" content=\"2 minutos\" \/>\n<script type=\"application\/ld+json\" class=\"yoast-schema-graph\">{\"@context\":\"https:\\\/\\\/schema.org\",\"@graph\":[{\"@type\":\"Article\",\"@id\":\"https:\\\/\\\/ocoerente.com.br\\\/se\\\/2020\\\/04\\\/23\\\/prefeitura-volta-a-disponibilizar-atendimento-especializado-no-cemar-siqueira-campos\\\/#article\",\"isPartOf\":{\"@id\":\"https:\\\/\\\/ocoerente.com.br\\\/se\\\/2020\\\/04\\\/23\\\/prefeitura-volta-a-disponibilizar-atendimento-especializado-no-cemar-siqueira-campos\\\/\"},\"author\":{\"name\":\"Reda\u00e7\u00e3o\",\"@id\":\"https:\\\/\\\/ocoerente.com.br\\\/se\\\/#\\\/schema\\\/person\\\/cc6bfd9fbca465e23543b0c963d8d037\"},\"headline\":\"Prefeitura volta a disponibilizar atendimento especializado no Cemar Siqueira Campos\",\"datePublished\":\"2020-04-23T04:28:37+00:00\",\"dateModified\":\"2020-04-23T04:29:22+00:00\",\"mainEntityOfPage\":{\"@id\":\"https:\\\/\\\/ocoerente.com.br\\\/se\\\/2020\\\/04\\\/23\\\/prefeitura-volta-a-disponibilizar-atendimento-especializado-no-cemar-siqueira-campos\\\/\"},\"wordCount\":314,\"publisher\":{\"@id\":\"https:\\\/\\\/ocoerente.com.br\\\/se\\\/#\\\/schema\\\/person\\\/cc6bfd9fbca465e23543b0c963d8d037\"},\"image\":{\"@id\":\"https:\\\/\\\/ocoerente.com.br\\\/se\\\/2020\\\/04\\\/23\\\/prefeitura-volta-a-disponibilizar-atendimento-especializado-no-cemar-siqueira-campos\\\/#primaryimage\"},\"thumbnailUrl\":\"https:\\\/\\\/ocoerente.com.br\\\/se\\\/wp-content\\\/uploads\\\/2020\\\/04\\\/prontuario_eletonico_na_ubs_onesimo_pinto___foto_marcelle_cristinne_3.jpg\",\"articleSection\":[\"Sergipe\"],\"inLanguage\":\"pt-BR\"},{\"@type\":\"WebPage\",\"@id\":\"https:\\\/\\\/ocoerente.com.br\\\/se\\\/2020\\\/04\\\/23\\\/prefeitura-volta-a-disponibilizar-atendimento-especializado-no-cemar-siqueira-campos\\\/\",\"url\":\"https:\\\/\\\/ocoerente.com.br\\\/se\\\/2020\\\/04\\\/23\\\/prefeitura-volta-a-disponibilizar-atendimento-especializado-no-cemar-siqueira-campos\\\/\",\"name\":\"Prefeitura volta a disponibilizar atendimento especializado no Cemar Siqueira Campos - O Coerente\",\"isPartOf\":{\"@id\":\"https:\\\/\\\/ocoerente.com.br\\\/se\\\/#website\"},\"primaryImageOfPage\":{\"@id\":\"https:\\\/\\\/ocoerente.com.br\\\/se\\\/2020\\\/04\\\/23\\\/prefeitura-volta-a-disponibilizar-atendimento-especializado-no-cemar-siqueira-campos\\\/#primaryimage\"},\"image\":{\"@id\":\"https:\\\/\\\/ocoerente.com.br\\\/se\\\/2020\\\/04\\\/23\\\/prefeitura-volta-a-disponibilizar-atendimento-especializado-no-cemar-siqueira-campos\\\/#primaryimage\"},\"thumbnailUrl\":\"https:\\\/\\\/ocoerente.com.br\\\/se\\\/wp-content\\\/uploads\\\/2020\\\/04\\\/prontuario_eletonico_na_ubs_onesimo_pinto___foto_marcelle_cristinne_3.jpg\",\"datePublished\":\"2020-04-23T04:28:37+00:00\",\"dateModified\":\"2020-04-23T04:29:22+00:00\",\"breadcrumb\":{\"@id\":\"https:\\\/\\\/ocoerente.com.br\\\/se\\\/2020\\\/04\\\/23\\\/prefeitura-volta-a-disponibilizar-atendimento-especializado-no-cemar-siqueira-campos\\\/#breadcrumb\"},\"inLanguage\":\"pt-BR\",\"potentialAction\":[{\"@type\":\"ReadAction\",\"target\":[\"https:\\\/\\\/ocoerente.com.br\\\/se\\\/2020\\\/04\\\/23\\\/prefeitura-volta-a-disponibilizar-atendimento-especializado-no-cemar-siqueira-campos\\\/\"]}]},{\"@type\":\"ImageObject\",\"inLanguage\":\"pt-BR\",\"@id\":\"https:\\\/\\\/ocoerente.com.br\\\/se\\\/2020\\\/04\\\/23\\\/prefeitura-volta-a-disponibilizar-atendimento-especializado-no-cemar-siqueira-campos\\\/#primaryimage\",\"url\":\"https:\\\/\\\/ocoerente.com.br\\\/se\\\/wp-content\\\/uploads\\\/2020\\\/04\\\/prontuario_eletonico_na_ubs_onesimo_pinto___foto_marcelle_cristinne_3.jpg\",\"contentUrl\":\"https:\\\/\\\/ocoerente.com.br\\\/se\\\/wp-content\\\/uploads\\\/2020\\\/04\\\/prontuario_eletonico_na_ubs_onesimo_pinto___foto_marcelle_cristinne_3.jpg\",\"width\":1400,\"height\":933},{\"@type\":\"BreadcrumbList\",\"@id\":\"https:\\\/\\\/ocoerente.com.br\\\/se\\\/2020\\\/04\\\/23\\\/prefeitura-volta-a-disponibilizar-atendimento-especializado-no-cemar-siqueira-campos\\\/#breadcrumb\",\"itemListElement\":[{\"@type\":\"ListItem\",\"position\":1,\"name\":\"In\u00edcio\",\"item\":\"https:\\\/\\\/ocoerente.com.br\\\/se\\\/\"},{\"@type\":\"ListItem\",\"position\":2,\"name\":\"Prefeitura volta a disponibilizar atendimento especializado no Cemar Siqueira Campos\"}]},{\"@type\":\"WebSite\",\"@id\":\"https:\\\/\\\/ocoerente.com.br\\\/se\\\/#website\",\"url\":\"https:\\\/\\\/ocoerente.com.br\\\/se\\\/\",\"name\":\"O Coerente\",\"description\":\"\",\"publisher\":{\"@id\":\"https:\\\/\\\/ocoerente.com.br\\\/se\\\/#\\\/schema\\\/person\\\/cc6bfd9fbca465e23543b0c963d8d037\"},\"potentialAction\":[{\"@type\":\"SearchAction\",\"target\":{\"@type\":\"EntryPoint\",\"urlTemplate\":\"https:\\\/\\\/ocoerente.com.br\\\/se\\\/?s={search_term_string}\"},\"query-input\":{\"@type\":\"PropertyValueSpecification\",\"valueRequired\":true,\"valueName\":\"search_term_string\"}}],\"inLanguage\":\"pt-BR\"},{\"@type\":[\"Person\",\"Organization\"],\"@id\":\"https:\\\/\\\/ocoerente.com.br\\\/se\\\/#\\\/schema\\\/person\\\/cc6bfd9fbca465e23543b0c963d8d037\",\"name\":\"Reda\u00e7\u00e3o\",\"image\":{\"@type\":\"ImageObject\",\"inLanguage\":\"pt-BR\",\"@id\":\"https:\\\/\\\/ocoerente.com.br\\\/se\\\/wp-content\\\/uploads\\\/2020\\\/01\\\/ocoerente-1.png\",\"url\":\"https:\\\/\\\/ocoerente.com.br\\\/se\\\/wp-content\\\/uploads\\\/2020\\\/01\\\/ocoerente-1.png\",\"contentUrl\":\"https:\\\/\\\/ocoerente.com.br\\\/se\\\/wp-content\\\/uploads\\\/2020\\\/01\\\/ocoerente-1.png\",\"width\":50,\"height\":50,\"caption\":\"Reda\u00e7\u00e3o\"},\"logo\":{\"@id\":\"https:\\\/\\\/ocoerente.com.br\\\/se\\\/wp-content\\\/uploads\\\/2020\\\/01\\\/ocoerente-1.png\"},\"url\":\"https:\\\/\\\/ocoerente.com.br\\\/se\\\/author\\\/vasticlsales\\\/\"}]}<\/script>\n<!-- \/ Yoast SEO plugin. -->","yoast_head_json":{"title":"Prefeitura volta a disponibilizar atendimento especializado no Cemar Siqueira Campos - O Coerente","robots":{"index":"index","follow":"follow","max-snippet":"max-snippet:-1","max-image-preview":"max-image-preview:large","max-video-preview":"max-video-preview:-1"},"canonical":"https:\/\/ocoerente.com.br\/se\/2020\/04\/23\/prefeitura-volta-a-disponibilizar-atendimento-especializado-no-cemar-siqueira-campos\/","og_locale":"pt_BR","og_type":"article","og_title":"Prefeitura volta a disponibilizar atendimento especializado no Cemar Siqueira Campos - O Coerente","og_description":"O Centro de Especialidades M\u00e9dicas de Aracaju (Cemar Siqueira Campos), ligado \u00e0 Secretaria Municipal da Sa\u00fade (SMS), da Prefeitura de Aracaju, voltou a disponibilizar aos pacientes cr\u00f4nicos, a partir desta quarta-feira, 22, uma s\u00e9rie de especialidades de m\u00e9dia e alta complexidade. O N\u00facleo de Regula\u00e7\u00e3o da SMS est\u00e1 contatando os usu\u00e1rios, priorizando os casos mais [&hellip;]","og_url":"https:\/\/ocoerente.com.br\/se\/2020\/04\/23\/prefeitura-volta-a-disponibilizar-atendimento-especializado-no-cemar-siqueira-campos\/","og_site_name":"O Coerente","article_published_time":"2020-04-23T04:28:37+00:00","article_modified_time":"2020-04-23T04:29:22+00:00","og_image":[{"width":1400,"height":933,"url":"https:\/\/ocoerente.com.br\/se\/wp-content\/uploads\/2020\/04\/prontuario_eletonico_na_ubs_onesimo_pinto___foto_marcelle_cristinne_3.jpg","type":"image\/jpeg"}],"author":"Reda\u00e7\u00e3o","twitter_card":"summary_large_image","twitter_misc":{"Escrito por":"Reda\u00e7\u00e3o","Est. tempo de leitura":"2 minutos"},"schema":{"@context":"https:\/\/schema.org","@graph":[{"@type":"Article","@id":"https:\/\/ocoerente.com.br\/se\/2020\/04\/23\/prefeitura-volta-a-disponibilizar-atendimento-especializado-no-cemar-siqueira-campos\/#article","isPartOf":{"@id":"https:\/\/ocoerente.com.br\/se\/2020\/04\/23\/prefeitura-volta-a-disponibilizar-atendimento-especializado-no-cemar-siqueira-campos\/"},"author":{"name":"Reda\u00e7\u00e3o","@id":"https:\/\/ocoerente.com.br\/se\/#\/schema\/person\/cc6bfd9fbca465e23543b0c963d8d037"},"headline":"Prefeitura volta a disponibilizar atendimento especializado no Cemar Siqueira Campos","datePublished":"2020-04-23T04:28:37+00:00","dateModified":"2020-04-23T04:29:22+00:00","mainEntityOfPage":{"@id":"https:\/\/ocoerente.com.br\/se\/2020\/04\/23\/prefeitura-volta-a-disponibilizar-atendimento-especializado-no-cemar-siqueira-campos\/"},"wordCount":314,"publisher":{"@id":"https:\/\/ocoerente.com.br\/se\/#\/schema\/person\/cc6bfd9fbca465e23543b0c963d8d037"},"image":{"@id":"https:\/\/ocoerente.com.br\/se\/2020\/04\/23\/prefeitura-volta-a-disponibilizar-atendimento-especializado-no-cemar-siqueira-campos\/#primaryimage"},"thumbnailUrl":"https:\/\/ocoerente.com.br\/se\/wp-content\/uploads\/2020\/04\/prontuario_eletonico_na_ubs_onesimo_pinto___foto_marcelle_cristinne_3.jpg","articleSection":["Sergipe"],"inLanguage":"pt-BR"},{"@type":"WebPage","@id":"https:\/\/ocoerente.com.br\/se\/2020\/04\/23\/prefeitura-volta-a-disponibilizar-atendimento-especializado-no-cemar-siqueira-campos\/","url":"https:\/\/ocoerente.com.br\/se\/2020\/04\/23\/prefeitura-volta-a-disponibilizar-atendimento-especializado-no-cemar-siqueira-campos\/","name":"Prefeitura volta a disponibilizar atendimento especializado no Cemar Siqueira Campos - O Coerente","isPartOf":{"@id":"https:\/\/ocoerente.com.br\/se\/#website"},"primaryImageOfPage":{"@id":"https:\/\/ocoerente.com.br\/se\/2020\/04\/23\/prefeitura-volta-a-disponibilizar-atendimento-especializado-no-cemar-siqueira-campos\/#primaryimage"},"image":{"@id":"https:\/\/ocoerente.com.br\/se\/2020\/04\/23\/prefeitura-volta-a-disponibilizar-atendimento-especializado-no-cemar-siqueira-campos\/#primaryimage"},"thumbnailUrl":"https:\/\/ocoerente.com.br\/se\/wp-content\/uploads\/2020\/04\/prontuario_eletonico_na_ubs_onesimo_pinto___foto_marcelle_cristinne_3.jpg","datePublished":"2020-04-23T04:28:37+00:00","dateModified":"2020-04-23T04:29:22+00:00","breadcrumb":{"@id":"https:\/\/ocoerente.com.br\/se\/2020\/04\/23\/prefeitura-volta-a-disponibilizar-atendimento-especializado-no-cemar-siqueira-campos\/#breadcrumb"},"inLanguage":"pt-BR","potentialAction":[{"@type":"ReadAction","target":["https:\/\/ocoerente.com.br\/se\/2020\/04\/23\/prefeitura-volta-a-disponibilizar-atendimento-especializado-no-cemar-siqueira-campos\/"]}]},{"@type":"ImageObject","inLanguage":"pt-BR","@id":"https:\/\/ocoerente.com.br\/se\/2020\/04\/23\/prefeitura-volta-a-disponibilizar-atendimento-especializado-no-cemar-siqueira-campos\/#primaryimage","url":"https:\/\/ocoerente.com.br\/se\/wp-content\/uploads\/2020\/04\/prontuario_eletonico_na_ubs_onesimo_pinto___foto_marcelle_cristinne_3.jpg","contentUrl":"https:\/\/ocoerente.com.br\/se\/wp-content\/uploads\/2020\/04\/prontuario_eletonico_na_ubs_onesimo_pinto___foto_marcelle_cristinne_3.jpg","width":1400,"height":933},{"@type":"BreadcrumbList","@id":"https:\/\/ocoerente.com.br\/se\/2020\/04\/23\/prefeitura-volta-a-disponibilizar-atendimento-especializado-no-cemar-siqueira-campos\/#breadcrumb","itemListElement":[{"@type":"ListItem","position":1,"name":"In\u00edcio","item":"https:\/\/ocoerente.com.br\/se\/"},{"@type":"ListItem","position":2,"name":"Prefeitura volta a disponibilizar atendimento especializado no Cemar Siqueira Campos"}]},{"@type":"WebSite","@id":"https:\/\/ocoerente.com.br\/se\/#website","url":"https:\/\/ocoerente.com.br\/se\/","name":"O Coerente","description":"","publisher":{"@id":"https:\/\/ocoerente.com.br\/se\/#\/schema\/person\/cc6bfd9fbca465e23543b0c963d8d037"},"potentialAction":[{"@type":"SearchAction","target":{"@type":"EntryPoint","urlTemplate":"https:\/\/ocoerente.com.br\/se\/?s={search_term_string}"},"query-input":{"@type":"PropertyValueSpecification","valueRequired":true,"valueName":"search_term_string"}}],"inLanguage":"pt-BR"},{"@type":["Person","Organization"],"@id":"https:\/\/ocoerente.com.br\/se\/#\/schema\/person\/cc6bfd9fbca465e23543b0c963d8d037","name":"Reda\u00e7\u00e3o","image":{"@type":"ImageObject","inLanguage":"pt-BR","@id":"https:\/\/ocoerente.com.br\/se\/wp-content\/uploads\/2020\/01\/ocoerente-1.png","url":"https:\/\/ocoerente.com.br\/se\/wp-content\/uploads\/2020\/01\/ocoerente-1.png","contentUrl":"https:\/\/ocoerente.com.br\/se\/wp-content\/uploads\/2020\/01\/ocoerente-1.png","width":50,"height":50,"caption":"Reda\u00e7\u00e3o"},"logo":{"@id":"https:\/\/ocoerente.com.br\/se\/wp-content\/uploads\/2020\/01\/ocoerente-1.png"},"url":"https:\/\/ocoerente.com.br\/se\/author\/vasticlsales\/"}]}},"_links":{"self":[{"href":"https:\/\/ocoerente.com.br\/se\/wp-json\/wp\/v2\/posts\/876","targetHints":{"allow":["GET"]}}],"collection":[{"href":"https:\/\/ocoerente.com.br\/se\/wp-json\/wp\/v2\/posts"}],"about":[{"href":"https:\/\/ocoerente.com.br\/se\/wp-json\/wp\/v2\/types\/post"}],"author":[{"embeddable":true,"href":"https:\/\/ocoerente.com.br\/se\/wp-json\/wp\/v2\/users\/1"}],"replies":[{"embeddable":true,"href":"https:\/\/ocoerente.com.br\/se\/wp-json\/wp\/v2\/comments?post=876"}],"version-history":[{"count":2,"href":"https:\/\/ocoerente.com.br\/se\/wp-json\/wp\/v2\/posts\/876\/revisions"}],"predecessor-version":[{"id":880,"href":"https:\/\/ocoerente.com.br\/se\/wp-json\/wp\/v2\/posts\/876\/revisions\/880"}],"wp:featuredmedia":[{"embeddable":true,"href":"https:\/\/ocoerente.com.br\/se\/wp-json\/wp\/v2\/media\/877"}],"wp:attachment":[{"href":"https:\/\/ocoerente.com.br\/se\/wp-json\/wp\/v2\/media?parent=876"}],"wp:term":[{"taxonomy":"category","embeddable":true,"href":"https:\/\/ocoerente.com.br\/se\/wp-json\/wp\/v2\/categories?post=876"},{"taxonomy":"post_tag","embeddable":true,"href":"https:\/\/ocoerente.com.br\/se\/wp-json\/wp\/v2\/tags?post=876"}],"curies":[{"name":"wp","href":"https:\/\/api.w.org\/{rel}","templated":true}]}}