{"id":8734,"date":"2024-02-28T23:36:30","date_gmt":"2024-02-29T02:36:30","guid":{"rendered":"https:\/\/ocoerente.com.br\/se\/?p=8734"},"modified":"2024-02-28T23:36:31","modified_gmt":"2024-02-29T02:36:31","slug":"governador-fabio-mitidieri-destaca-que-proredes-levara-modernidade-desenvolvimento-e-tecnologia-para-saude-publica","status":"publish","type":"post","link":"https:\/\/ocoerente.com.br\/se\/2024\/02\/28\/governador-fabio-mitidieri-destaca-que-proredes-levara-modernidade-desenvolvimento-e-tecnologia-para-saude-publica\/","title":{"rendered":"Governador F\u00e1bio Mitidieri destaca que Proredes levar\u00e1 modernidade, desenvolvimento e tecnologia para sa\u00fade p\u00fablica"},"content":{"rendered":"\n<p><em>O investimento para o programa \u00e9 de 36 milh\u00f5es de d\u00f3lares provenientes do Banco Interamericano de Desenvolvimento (BID), com garantia da Uni\u00e3o, e uma contrapartida do Estado de 9 milh\u00f5es e 100 mil d\u00f3lares, totalizando 45 milh\u00f5es e 100 mil d\u00f3lares ao longo de cinco anos<\/em><\/p>\n\n\n\n<p>O Governo de Sergipe deu um novo passo para fortalecer a sa\u00fade e a inclus\u00e3o social no estado. Nesta quarta-feira, 28, foi assinado o termo para libera\u00e7\u00e3o dos recursos do Programa de Fortalecimento das Redes de Inclus\u00e3o Social e Aten\u00e7\u00e3o \u00e0 Sa\u00fade (Proredes), que representa o compromisso humanit\u00e1rio da gest\u00e3o de oferecer cuidado, apoio e qualidade de vida \u00e0 popula\u00e7\u00e3o sergipana.<\/p>\n\n\n\n<p>Projeto desenvolvido pelo Governo do Estado e executado pela Secretaria de Estado da Sa\u00fade (SES), o Proredes nasceu para fortalecer a gest\u00e3o do Sistema \u00danico de Sa\u00fade (SUS) em Sergipe, melhorando o acesso e a assist\u00eancia dos servi\u00e7os pr\u00f3prios, a fim de promover a integralidade do cuidado no sistema de sa\u00fade para a popula\u00e7\u00e3o. O investimento para o programa \u00e9 de 36 milh\u00f5es de d\u00f3lares provenientes do Banco Interamericano de Desenvolvimento (BID), com garantia da Uni\u00e3o, e uma contrapartida do Estado de 9 milh\u00f5es de 100 mil d\u00f3lares, totalizando 45 milh\u00f5es e 100 mil d\u00f3lares ao longo de cinco anos.<\/p>\n\n\n\n<p>Por meio do programa, ser\u00e3o realizados investimentos em infraestrutura f\u00edsica, equipamentos, qualifica\u00e7\u00e3o de gestores e profissionais de sa\u00fade, inova\u00e7\u00e3o hospitalar, amplia\u00e7\u00e3o da oferta de servi\u00e7os e racionaliza\u00e7\u00e3o de gastos. Al\u00e9m disso, o projeto visa melhorar a gest\u00e3o log\u00edstica de medicamentos, otimizar a aloca\u00e7\u00e3o de recursos humanos, ampliar a oferta de servi\u00e7os oncol\u00f3gicos e materno-infantis, aumentar a capacidade diagn\u00f3stica e ampliar o acesso a servi\u00e7os especializados por meio do Telessa\u00fade.<\/p>\n\n\n\n<p><strong>Parceria com o BID<\/strong><\/p>\n\n\n\n<p>Durante a cerim\u00f4nia de assinatura do termo, o governador F\u00e1bio Mitidieri destacou a import\u00e2ncia hist\u00f3rica do momento e agradeceu a parceria do BID, que abra\u00e7ou a causa desde o primeiro momento. As tratativas de parceria com o BID para a concretiza\u00e7\u00e3o do Proredes tiveram in\u00edcio em 2010, sem avan\u00e7os. Em setembro de 2023, o governador e a equipe estiveram reunidos com o diretor do Banco Interamericano de Desenvolvimento (BID) no Brasil, Paulo Guilherme Farah Correa, durante miss\u00e3o em Washington, nos Estados Unidos, retomando a pauta.<\/p>\n\n\n\n<p>\u201cHoje, nasce um novo tempo na Sa\u00fade do nosso estado. H\u00e1 anos que o Estado buscava essa parceria. \u00c9 fundamental ter um banco como o BID ao nosso lado pela refer\u00eancia que ele \u00e9 n\u00e3o apenas no Brasil, mas no mundo. Isso fortalece ainda mais a credibilidade do Estado. Muito mais do que os recursos que foram captados pelo banco, o BID tamb\u00e9m traz todo o seu conhecimento. J\u00e1 tivemos a oportunidade de estarmos juntos em Washington, visitando e entendendo um pouco a respeito. Isso \u00e9 muito relevante para que possamos trazer mais conhecimento para dentro da gest\u00e3o p\u00fablica\u201d, considerou o chefe do Executivo estadual.<\/p>\n\n\n\n<p><strong>Inova\u00e7\u00e3o na Sa\u00fade<\/strong><\/p>\n\n\n\n<p>Ainda segundo F\u00e1bio Mitidieri, com o Proredes, a Sa\u00fade do estado sai de uma era anal\u00f3gica em dire\u00e7\u00e3o a uma era digital. \u201cEstamos trazendo modernidade, desenvolvimento e tecnologia para dentro da sa\u00fade p\u00fablica. Com estes recursos, v\u00e1rias obras ser\u00e3o entregues como hospitais, uma nova maternidade, a de Nossa Senhora de Lourdes que vamos manter o nome e entregaremos uma estrutura moderna. Tamb\u00e9m teremos melhorias que v\u00e3o ser feitas no Hospital da Crian\u00e7a, al\u00e9m de entregas em&nbsp; telemedicina, prontu\u00e1rio eletr\u00f4nico. Tamb\u00e9m vamos entregar o Hospital do C\u00e2ncer de Aracaju, uma ferramenta importante para o estado, pois a popula\u00e7\u00e3o h\u00e1 muito tempo anseia\u201d, disse o governador.<\/p>\n\n\n\n<p>Em seu discurso, Mitidieri tamb\u00e9m refor\u00e7ou a relev\u00e2ncia da qualifica\u00e7\u00e3o dos profissionais, que ser\u00e1 realizada a partir do Proredes. \u201cCuidar bem do servidor \u00e9 cuidar bem da popula\u00e7\u00e3o. Tratar a sa\u00fade com o zelo e o respeito que ela merece \u00e9 tratar bem a nossa popula\u00e7\u00e3o. E esse \u00e9 o compromisso de todos da Secretaria da Sa\u00fade, Secretaria da Inclus\u00e3o e de todo o governo, pois quando cuidamos da sa\u00fade, cuidamos de v\u00e1rias outras \u00e1reas\u201d, acrescentou.<\/p>\n\n\n\n<p>Na ocasi\u00e3o, o secret\u00e1rio de Estado da Sa\u00fade, Walter Pinheiro, apresentou as principais a\u00e7\u00f5es do programa como os componentes e distribui\u00e7\u00e3o de recursos, apoio \u00e0 amplia\u00e7\u00e3o do acesso e da qualidade de servi\u00e7os, fortalecimento da gest\u00e3o do sistema de sa\u00fade, moderniza\u00e7\u00e3o da gest\u00e3o da informa\u00e7\u00e3o e o uso de novas tecnologias na sa\u00fade. Ele tamb\u00e9m destacou que a contrapartida do investimento oriunda do governo j\u00e1 est\u00e1 assegurada para a constru\u00e7\u00e3o do Hospital do C\u00e2ncer.<\/p>\n\n\n\n<p>\u201cNossa miss\u00e3o \u00e9 distribuir os recursos de maneira bastante t\u00e9cnica e, assim, deixarmos um legado importante para a sociedade sergipana, a exemplo da reforma do Centro Diagn\u00f3stico de Imagem, que \u00e9 uma grande demanda dos munic\u00edpios que anseios por exames de alta complexidade\u201d, disse o secret\u00e1rio.<\/p>\n\n\n\n<p><strong>Presen\u00e7a do BID<\/strong><\/p>\n\n\n\n<p>Para a chefe de opera\u00e7\u00f5es do BID, Paola Martinez, o banco \u00e9 pe\u00e7a-chave para a execu\u00e7\u00e3o desse projeto. Ela tamb\u00e9m aproveitou e agradeceu a parceria e confian\u00e7a do governo. \u201cFicamos gratos que o governo tenha confiado na gente para acompanhar esse projeto. Vamos trabalhar juntos para que o programa traga inova\u00e7\u00f5es relevantes em termos de tecnologias e gest\u00e3o de dados. Vamos seguir construindo essa parceria para trazer o melhor para toda a popula\u00e7\u00e3o\u201d, pontuou.<\/p>\n\n\n\n<p>Segundo o chefe de equipe do Proredes pelo BID, Leonardo Shibata, os empr\u00e9stimos internacionais se tornam uma oportunidade para estados realizarem investimentos com condi\u00e7\u00f5es financeiras muito boas. \u201cEm Sergipe, os investimentos v\u00e3o se concentrar na \u00e1rea materna-infantil, que \u00e9 uma necessidade de melhoria do estado. Tamb\u00e9m h\u00e1 investimentos no laborat\u00f3rio de sa\u00fade p\u00fablica, uma vez que a pandemia trouxe a import\u00e2ncia de fazer investimentos nesse setor e investimentos em melhoria da gest\u00e3o e sa\u00fade digital. O estado precisa estar a par dessas inova\u00e7\u00f5es, e esse projeto vai permitir que isso aconte\u00e7a\u201d, explicou.<\/p>\n\n\n\n<p>Na ocasi\u00e3o, sob a lideran\u00e7a da Secretaria de Estado da Sa\u00fade (SES), foi dado in\u00edcio ao Workshop &#8211; Miss\u00e3o de Arranque do Proredes, com o intuito de criar as condi\u00e7\u00f5es necess\u00e1rias para o in\u00edcio das atividades do Proredes\/SE. Ao longo de tr\u00eas dias, o workshop oferecer\u00e1 uma vis\u00e3o abrangente do programa, seguida por uma imers\u00e3o com a equipe da Unidade Gestora do Programa (UGP), com o intuito de revisar o projeto, apresentar as atividades de supervis\u00e3o, instrumentos de monitoramento e avalia\u00e7\u00e3o, ferramentas operacionais, normativas e procedimentos estabelecidos para o funcionamento t\u00e9cnico, fiduci\u00e1rio e legal da opera\u00e7\u00e3o de cr\u00e9dito.<\/p>\n\n\n\n<p><strong>Dispositivo<\/strong>&nbsp;<\/p>\n\n\n\n<p>Al\u00e9m do governador, compuseram o dispositivo a secret\u00e1ria de Estado da Assist\u00eancia Social, Cidadania e Inclus\u00e3o, \u00c9rica Mitidieri; o secret\u00e1rio de Estado da Sa\u00fade, Walter Pinheiro; a chefe de opera\u00e7\u00f5es do BID, Paola Martinez; o chefe de equipe do Proredes pelo Bid, Leonardo Shibata; o secret\u00e1rio de Estado-Chefe da Casa Civil, Jorginho Araujo; o procurador-geral do Estado de Sergipe, Carlos Pinna; a deputada estadual \u00c1urea Ribeiro; e a secret\u00e1ria municipal da Sa\u00fade de Aracaju, Waneska Barboza.<\/p>\n\n\n\n<p>Governo de Sergipe<\/p>\n","protected":false},"excerpt":{"rendered":"<p>O investimento para o programa \u00e9 de 36 milh\u00f5es de d\u00f3lares provenientes do Banco Interamericano de Desenvolvimento (BID), com garantia da Uni\u00e3o, e uma contrapartida do Estado de 9 milh\u00f5es e 100 mil d\u00f3lares, totalizando 45 milh\u00f5es e 100 mil d\u00f3lares ao longo de cinco anos O Governo de Sergipe deu um novo passo para [&hellip;]<\/p>\n","protected":false},"author":1,"featured_media":8735,"comment_status":"closed","ping_status":"closed","sticky":false,"template":"","format":"standard","meta":{"footnotes":""},"categories":[53,54],"tags":[],"class_list":["post-8734","post","type-post","status-publish","format-standard","has-post-thumbnail","hentry","category-destaques","category-saude"],"yoast_head":"<!-- This site is optimized with the Yoast SEO plugin v27.5 - https:\/\/yoast.com\/product\/yoast-seo-wordpress\/ -->\n<title>Governador F\u00e1bio Mitidieri destaca que Proredes levar\u00e1 modernidade, desenvolvimento e tecnologia para sa\u00fade p\u00fablica - O Coerente<\/title>\n<meta name=\"robots\" content=\"index, follow, max-snippet:-1, max-image-preview:large, max-video-preview:-1\" \/>\n<link rel=\"canonical\" href=\"https:\/\/ocoerente.com.br\/se\/2024\/02\/28\/governador-fabio-mitidieri-destaca-que-proredes-levara-modernidade-desenvolvimento-e-tecnologia-para-saude-publica\/\" \/>\n<meta property=\"og:locale\" content=\"pt_BR\" \/>\n<meta property=\"og:type\" content=\"article\" \/>\n<meta property=\"og:title\" content=\"Governador F\u00e1bio Mitidieri destaca que Proredes levar\u00e1 modernidade, desenvolvimento e tecnologia para sa\u00fade p\u00fablica - O Coerente\" \/>\n<meta property=\"og:description\" content=\"O investimento para o programa \u00e9 de 36 milh\u00f5es de d\u00f3lares provenientes do Banco Interamericano de Desenvolvimento (BID), com garantia da Uni\u00e3o, e uma contrapartida do Estado de 9 milh\u00f5es e 100 mil d\u00f3lares, totalizando 45 milh\u00f5es e 100 mil d\u00f3lares ao longo de cinco anos O Governo de Sergipe deu um novo passo para [&hellip;]\" \/>\n<meta property=\"og:url\" content=\"https:\/\/ocoerente.com.br\/se\/2024\/02\/28\/governador-fabio-mitidieri-destaca-que-proredes-levara-modernidade-desenvolvimento-e-tecnologia-para-saude-publica\/\" \/>\n<meta property=\"og:site_name\" content=\"O Coerente\" \/>\n<meta property=\"article:published_time\" content=\"2024-02-29T02:36:30+00:00\" \/>\n<meta property=\"article:modified_time\" content=\"2024-02-29T02:36:31+00:00\" \/>\n<meta property=\"og:image\" content=\"https:\/\/ocoerente.com.br\/se\/wp-content\/uploads\/2024\/02\/saudemit-scaled.jpg\" \/>\n\t<meta property=\"og:image:width\" content=\"2560\" \/>\n\t<meta property=\"og:image:height\" content=\"1707\" \/>\n\t<meta property=\"og:image:type\" content=\"image\/jpeg\" \/>\n<meta name=\"author\" content=\"Reda\u00e7\u00e3o\" \/>\n<meta name=\"twitter:card\" content=\"summary_large_image\" \/>\n<meta name=\"twitter:label1\" content=\"Escrito por\" \/>\n\t<meta name=\"twitter:data1\" content=\"Reda\u00e7\u00e3o\" \/>\n\t<meta name=\"twitter:label2\" content=\"Est. tempo de leitura\" \/>\n\t<meta name=\"twitter:data2\" content=\"6 minutos\" \/>\n<script type=\"application\/ld+json\" class=\"yoast-schema-graph\">{\"@context\":\"https:\\\/\\\/schema.org\",\"@graph\":[{\"@type\":\"Article\",\"@id\":\"https:\\\/\\\/ocoerente.com.br\\\/se\\\/2024\\\/02\\\/28\\\/governador-fabio-mitidieri-destaca-que-proredes-levara-modernidade-desenvolvimento-e-tecnologia-para-saude-publica\\\/#article\",\"isPartOf\":{\"@id\":\"https:\\\/\\\/ocoerente.com.br\\\/se\\\/2024\\\/02\\\/28\\\/governador-fabio-mitidieri-destaca-que-proredes-levara-modernidade-desenvolvimento-e-tecnologia-para-saude-publica\\\/\"},\"author\":{\"name\":\"Reda\u00e7\u00e3o\",\"@id\":\"https:\\\/\\\/ocoerente.com.br\\\/se\\\/#\\\/schema\\\/person\\\/cc6bfd9fbca465e23543b0c963d8d037\"},\"headline\":\"Governador F\u00e1bio Mitidieri destaca que Proredes levar\u00e1 modernidade, desenvolvimento e tecnologia para sa\u00fade p\u00fablica\",\"datePublished\":\"2024-02-29T02:36:30+00:00\",\"dateModified\":\"2024-02-29T02:36:31+00:00\",\"mainEntityOfPage\":{\"@id\":\"https:\\\/\\\/ocoerente.com.br\\\/se\\\/2024\\\/02\\\/28\\\/governador-fabio-mitidieri-destaca-que-proredes-levara-modernidade-desenvolvimento-e-tecnologia-para-saude-publica\\\/\"},\"wordCount\":1274,\"publisher\":{\"@id\":\"https:\\\/\\\/ocoerente.com.br\\\/se\\\/#\\\/schema\\\/person\\\/cc6bfd9fbca465e23543b0c963d8d037\"},\"image\":{\"@id\":\"https:\\\/\\\/ocoerente.com.br\\\/se\\\/2024\\\/02\\\/28\\\/governador-fabio-mitidieri-destaca-que-proredes-levara-modernidade-desenvolvimento-e-tecnologia-para-saude-publica\\\/#primaryimage\"},\"thumbnailUrl\":\"https:\\\/\\\/ocoerente.com.br\\\/se\\\/wp-content\\\/uploads\\\/2024\\\/02\\\/saudemit-scaled.jpg\",\"articleSection\":[\"Destaques\",\"Sa\u00fade\"],\"inLanguage\":\"pt-BR\"},{\"@type\":\"WebPage\",\"@id\":\"https:\\\/\\\/ocoerente.com.br\\\/se\\\/2024\\\/02\\\/28\\\/governador-fabio-mitidieri-destaca-que-proredes-levara-modernidade-desenvolvimento-e-tecnologia-para-saude-publica\\\/\",\"url\":\"https:\\\/\\\/ocoerente.com.br\\\/se\\\/2024\\\/02\\\/28\\\/governador-fabio-mitidieri-destaca-que-proredes-levara-modernidade-desenvolvimento-e-tecnologia-para-saude-publica\\\/\",\"name\":\"Governador F\u00e1bio Mitidieri destaca que Proredes levar\u00e1 modernidade, desenvolvimento e tecnologia para sa\u00fade p\u00fablica - O Coerente\",\"isPartOf\":{\"@id\":\"https:\\\/\\\/ocoerente.com.br\\\/se\\\/#website\"},\"primaryImageOfPage\":{\"@id\":\"https:\\\/\\\/ocoerente.com.br\\\/se\\\/2024\\\/02\\\/28\\\/governador-fabio-mitidieri-destaca-que-proredes-levara-modernidade-desenvolvimento-e-tecnologia-para-saude-publica\\\/#primaryimage\"},\"image\":{\"@id\":\"https:\\\/\\\/ocoerente.com.br\\\/se\\\/2024\\\/02\\\/28\\\/governador-fabio-mitidieri-destaca-que-proredes-levara-modernidade-desenvolvimento-e-tecnologia-para-saude-publica\\\/#primaryimage\"},\"thumbnailUrl\":\"https:\\\/\\\/ocoerente.com.br\\\/se\\\/wp-content\\\/uploads\\\/2024\\\/02\\\/saudemit-scaled.jpg\",\"datePublished\":\"2024-02-29T02:36:30+00:00\",\"dateModified\":\"2024-02-29T02:36:31+00:00\",\"breadcrumb\":{\"@id\":\"https:\\\/\\\/ocoerente.com.br\\\/se\\\/2024\\\/02\\\/28\\\/governador-fabio-mitidieri-destaca-que-proredes-levara-modernidade-desenvolvimento-e-tecnologia-para-saude-publica\\\/#breadcrumb\"},\"inLanguage\":\"pt-BR\",\"potentialAction\":[{\"@type\":\"ReadAction\",\"target\":[\"https:\\\/\\\/ocoerente.com.br\\\/se\\\/2024\\\/02\\\/28\\\/governador-fabio-mitidieri-destaca-que-proredes-levara-modernidade-desenvolvimento-e-tecnologia-para-saude-publica\\\/\"]}]},{\"@type\":\"ImageObject\",\"inLanguage\":\"pt-BR\",\"@id\":\"https:\\\/\\\/ocoerente.com.br\\\/se\\\/2024\\\/02\\\/28\\\/governador-fabio-mitidieri-destaca-que-proredes-levara-modernidade-desenvolvimento-e-tecnologia-para-saude-publica\\\/#primaryimage\",\"url\":\"https:\\\/\\\/ocoerente.com.br\\\/se\\\/wp-content\\\/uploads\\\/2024\\\/02\\\/saudemit-scaled.jpg\",\"contentUrl\":\"https:\\\/\\\/ocoerente.com.br\\\/se\\\/wp-content\\\/uploads\\\/2024\\\/02\\\/saudemit-scaled.jpg\",\"width\":2560,\"height\":1707,\"caption\":\"Fotos: C\u00e9sar de Oliveira\"},{\"@type\":\"BreadcrumbList\",\"@id\":\"https:\\\/\\\/ocoerente.com.br\\\/se\\\/2024\\\/02\\\/28\\\/governador-fabio-mitidieri-destaca-que-proredes-levara-modernidade-desenvolvimento-e-tecnologia-para-saude-publica\\\/#breadcrumb\",\"itemListElement\":[{\"@type\":\"ListItem\",\"position\":1,\"name\":\"In\u00edcio\",\"item\":\"https:\\\/\\\/ocoerente.com.br\\\/se\\\/\"},{\"@type\":\"ListItem\",\"position\":2,\"name\":\"Governador F\u00e1bio Mitidieri destaca que Proredes levar\u00e1 modernidade, desenvolvimento e tecnologia para sa\u00fade p\u00fablica\"}]},{\"@type\":\"WebSite\",\"@id\":\"https:\\\/\\\/ocoerente.com.br\\\/se\\\/#website\",\"url\":\"https:\\\/\\\/ocoerente.com.br\\\/se\\\/\",\"name\":\"O Coerente\",\"description\":\"\",\"publisher\":{\"@id\":\"https:\\\/\\\/ocoerente.com.br\\\/se\\\/#\\\/schema\\\/person\\\/cc6bfd9fbca465e23543b0c963d8d037\"},\"potentialAction\":[{\"@type\":\"SearchAction\",\"target\":{\"@type\":\"EntryPoint\",\"urlTemplate\":\"https:\\\/\\\/ocoerente.com.br\\\/se\\\/?s={search_term_string}\"},\"query-input\":{\"@type\":\"PropertyValueSpecification\",\"valueRequired\":true,\"valueName\":\"search_term_string\"}}],\"inLanguage\":\"pt-BR\"},{\"@type\":[\"Person\",\"Organization\"],\"@id\":\"https:\\\/\\\/ocoerente.com.br\\\/se\\\/#\\\/schema\\\/person\\\/cc6bfd9fbca465e23543b0c963d8d037\",\"name\":\"Reda\u00e7\u00e3o\",\"image\":{\"@type\":\"ImageObject\",\"inLanguage\":\"pt-BR\",\"@id\":\"https:\\\/\\\/ocoerente.com.br\\\/se\\\/wp-content\\\/uploads\\\/2020\\\/01\\\/ocoerente-1.png\",\"url\":\"https:\\\/\\\/ocoerente.com.br\\\/se\\\/wp-content\\\/uploads\\\/2020\\\/01\\\/ocoerente-1.png\",\"contentUrl\":\"https:\\\/\\\/ocoerente.com.br\\\/se\\\/wp-content\\\/uploads\\\/2020\\\/01\\\/ocoerente-1.png\",\"width\":50,\"height\":50,\"caption\":\"Reda\u00e7\u00e3o\"},\"logo\":{\"@id\":\"https:\\\/\\\/ocoerente.com.br\\\/se\\\/wp-content\\\/uploads\\\/2020\\\/01\\\/ocoerente-1.png\"},\"url\":\"https:\\\/\\\/ocoerente.com.br\\\/se\\\/author\\\/vasticlsales\\\/\"}]}<\/script>\n<!-- \/ Yoast SEO plugin. -->","yoast_head_json":{"title":"Governador F\u00e1bio Mitidieri destaca que Proredes levar\u00e1 modernidade, desenvolvimento e tecnologia para sa\u00fade p\u00fablica - O Coerente","robots":{"index":"index","follow":"follow","max-snippet":"max-snippet:-1","max-image-preview":"max-image-preview:large","max-video-preview":"max-video-preview:-1"},"canonical":"https:\/\/ocoerente.com.br\/se\/2024\/02\/28\/governador-fabio-mitidieri-destaca-que-proredes-levara-modernidade-desenvolvimento-e-tecnologia-para-saude-publica\/","og_locale":"pt_BR","og_type":"article","og_title":"Governador F\u00e1bio Mitidieri destaca que Proredes levar\u00e1 modernidade, desenvolvimento e tecnologia para sa\u00fade p\u00fablica - O Coerente","og_description":"O investimento para o programa \u00e9 de 36 milh\u00f5es de d\u00f3lares provenientes do Banco Interamericano de Desenvolvimento (BID), com garantia da Uni\u00e3o, e uma contrapartida do Estado de 9 milh\u00f5es e 100 mil d\u00f3lares, totalizando 45 milh\u00f5es e 100 mil d\u00f3lares ao longo de cinco anos O Governo de Sergipe deu um novo passo para [&hellip;]","og_url":"https:\/\/ocoerente.com.br\/se\/2024\/02\/28\/governador-fabio-mitidieri-destaca-que-proredes-levara-modernidade-desenvolvimento-e-tecnologia-para-saude-publica\/","og_site_name":"O Coerente","article_published_time":"2024-02-29T02:36:30+00:00","article_modified_time":"2024-02-29T02:36:31+00:00","og_image":[{"width":2560,"height":1707,"url":"https:\/\/ocoerente.com.br\/se\/wp-content\/uploads\/2024\/02\/saudemit-scaled.jpg","type":"image\/jpeg"}],"author":"Reda\u00e7\u00e3o","twitter_card":"summary_large_image","twitter_misc":{"Escrito por":"Reda\u00e7\u00e3o","Est. tempo de leitura":"6 minutos"},"schema":{"@context":"https:\/\/schema.org","@graph":[{"@type":"Article","@id":"https:\/\/ocoerente.com.br\/se\/2024\/02\/28\/governador-fabio-mitidieri-destaca-que-proredes-levara-modernidade-desenvolvimento-e-tecnologia-para-saude-publica\/#article","isPartOf":{"@id":"https:\/\/ocoerente.com.br\/se\/2024\/02\/28\/governador-fabio-mitidieri-destaca-que-proredes-levara-modernidade-desenvolvimento-e-tecnologia-para-saude-publica\/"},"author":{"name":"Reda\u00e7\u00e3o","@id":"https:\/\/ocoerente.com.br\/se\/#\/schema\/person\/cc6bfd9fbca465e23543b0c963d8d037"},"headline":"Governador F\u00e1bio Mitidieri destaca que Proredes levar\u00e1 modernidade, desenvolvimento e tecnologia para sa\u00fade p\u00fablica","datePublished":"2024-02-29T02:36:30+00:00","dateModified":"2024-02-29T02:36:31+00:00","mainEntityOfPage":{"@id":"https:\/\/ocoerente.com.br\/se\/2024\/02\/28\/governador-fabio-mitidieri-destaca-que-proredes-levara-modernidade-desenvolvimento-e-tecnologia-para-saude-publica\/"},"wordCount":1274,"publisher":{"@id":"https:\/\/ocoerente.com.br\/se\/#\/schema\/person\/cc6bfd9fbca465e23543b0c963d8d037"},"image":{"@id":"https:\/\/ocoerente.com.br\/se\/2024\/02\/28\/governador-fabio-mitidieri-destaca-que-proredes-levara-modernidade-desenvolvimento-e-tecnologia-para-saude-publica\/#primaryimage"},"thumbnailUrl":"https:\/\/ocoerente.com.br\/se\/wp-content\/uploads\/2024\/02\/saudemit-scaled.jpg","articleSection":["Destaques","Sa\u00fade"],"inLanguage":"pt-BR"},{"@type":"WebPage","@id":"https:\/\/ocoerente.com.br\/se\/2024\/02\/28\/governador-fabio-mitidieri-destaca-que-proredes-levara-modernidade-desenvolvimento-e-tecnologia-para-saude-publica\/","url":"https:\/\/ocoerente.com.br\/se\/2024\/02\/28\/governador-fabio-mitidieri-destaca-que-proredes-levara-modernidade-desenvolvimento-e-tecnologia-para-saude-publica\/","name":"Governador F\u00e1bio Mitidieri destaca que Proredes levar\u00e1 modernidade, desenvolvimento e tecnologia para sa\u00fade p\u00fablica - O Coerente","isPartOf":{"@id":"https:\/\/ocoerente.com.br\/se\/#website"},"primaryImageOfPage":{"@id":"https:\/\/ocoerente.com.br\/se\/2024\/02\/28\/governador-fabio-mitidieri-destaca-que-proredes-levara-modernidade-desenvolvimento-e-tecnologia-para-saude-publica\/#primaryimage"},"image":{"@id":"https:\/\/ocoerente.com.br\/se\/2024\/02\/28\/governador-fabio-mitidieri-destaca-que-proredes-levara-modernidade-desenvolvimento-e-tecnologia-para-saude-publica\/#primaryimage"},"thumbnailUrl":"https:\/\/ocoerente.com.br\/se\/wp-content\/uploads\/2024\/02\/saudemit-scaled.jpg","datePublished":"2024-02-29T02:36:30+00:00","dateModified":"2024-02-29T02:36:31+00:00","breadcrumb":{"@id":"https:\/\/ocoerente.com.br\/se\/2024\/02\/28\/governador-fabio-mitidieri-destaca-que-proredes-levara-modernidade-desenvolvimento-e-tecnologia-para-saude-publica\/#breadcrumb"},"inLanguage":"pt-BR","potentialAction":[{"@type":"ReadAction","target":["https:\/\/ocoerente.com.br\/se\/2024\/02\/28\/governador-fabio-mitidieri-destaca-que-proredes-levara-modernidade-desenvolvimento-e-tecnologia-para-saude-publica\/"]}]},{"@type":"ImageObject","inLanguage":"pt-BR","@id":"https:\/\/ocoerente.com.br\/se\/2024\/02\/28\/governador-fabio-mitidieri-destaca-que-proredes-levara-modernidade-desenvolvimento-e-tecnologia-para-saude-publica\/#primaryimage","url":"https:\/\/ocoerente.com.br\/se\/wp-content\/uploads\/2024\/02\/saudemit-scaled.jpg","contentUrl":"https:\/\/ocoerente.com.br\/se\/wp-content\/uploads\/2024\/02\/saudemit-scaled.jpg","width":2560,"height":1707,"caption":"Fotos: C\u00e9sar de Oliveira"},{"@type":"BreadcrumbList","@id":"https:\/\/ocoerente.com.br\/se\/2024\/02\/28\/governador-fabio-mitidieri-destaca-que-proredes-levara-modernidade-desenvolvimento-e-tecnologia-para-saude-publica\/#breadcrumb","itemListElement":[{"@type":"ListItem","position":1,"name":"In\u00edcio","item":"https:\/\/ocoerente.com.br\/se\/"},{"@type":"ListItem","position":2,"name":"Governador F\u00e1bio Mitidieri destaca que Proredes levar\u00e1 modernidade, desenvolvimento e tecnologia para sa\u00fade p\u00fablica"}]},{"@type":"WebSite","@id":"https:\/\/ocoerente.com.br\/se\/#website","url":"https:\/\/ocoerente.com.br\/se\/","name":"O Coerente","description":"","publisher":{"@id":"https:\/\/ocoerente.com.br\/se\/#\/schema\/person\/cc6bfd9fbca465e23543b0c963d8d037"},"potentialAction":[{"@type":"SearchAction","target":{"@type":"EntryPoint","urlTemplate":"https:\/\/ocoerente.com.br\/se\/?s={search_term_string}"},"query-input":{"@type":"PropertyValueSpecification","valueRequired":true,"valueName":"search_term_string"}}],"inLanguage":"pt-BR"},{"@type":["Person","Organization"],"@id":"https:\/\/ocoerente.com.br\/se\/#\/schema\/person\/cc6bfd9fbca465e23543b0c963d8d037","name":"Reda\u00e7\u00e3o","image":{"@type":"ImageObject","inLanguage":"pt-BR","@id":"https:\/\/ocoerente.com.br\/se\/wp-content\/uploads\/2020\/01\/ocoerente-1.png","url":"https:\/\/ocoerente.com.br\/se\/wp-content\/uploads\/2020\/01\/ocoerente-1.png","contentUrl":"https:\/\/ocoerente.com.br\/se\/wp-content\/uploads\/2020\/01\/ocoerente-1.png","width":50,"height":50,"caption":"Reda\u00e7\u00e3o"},"logo":{"@id":"https:\/\/ocoerente.com.br\/se\/wp-content\/uploads\/2020\/01\/ocoerente-1.png"},"url":"https:\/\/ocoerente.com.br\/se\/author\/vasticlsales\/"}]}},"_links":{"self":[{"href":"https:\/\/ocoerente.com.br\/se\/wp-json\/wp\/v2\/posts\/8734","targetHints":{"allow":["GET"]}}],"collection":[{"href":"https:\/\/ocoerente.com.br\/se\/wp-json\/wp\/v2\/posts"}],"about":[{"href":"https:\/\/ocoerente.com.br\/se\/wp-json\/wp\/v2\/types\/post"}],"author":[{"embeddable":true,"href":"https:\/\/ocoerente.com.br\/se\/wp-json\/wp\/v2\/users\/1"}],"replies":[{"embeddable":true,"href":"https:\/\/ocoerente.com.br\/se\/wp-json\/wp\/v2\/comments?post=8734"}],"version-history":[{"count":1,"href":"https:\/\/ocoerente.com.br\/se\/wp-json\/wp\/v2\/posts\/8734\/revisions"}],"predecessor-version":[{"id":8736,"href":"https:\/\/ocoerente.com.br\/se\/wp-json\/wp\/v2\/posts\/8734\/revisions\/8736"}],"wp:featuredmedia":[{"embeddable":true,"href":"https:\/\/ocoerente.com.br\/se\/wp-json\/wp\/v2\/media\/8735"}],"wp:attachment":[{"href":"https:\/\/ocoerente.com.br\/se\/wp-json\/wp\/v2\/media?parent=8734"}],"wp:term":[{"taxonomy":"category","embeddable":true,"href":"https:\/\/ocoerente.com.br\/se\/wp-json\/wp\/v2\/categories?post=8734"},{"taxonomy":"post_tag","embeddable":true,"href":"https:\/\/ocoerente.com.br\/se\/wp-json\/wp\/v2\/tags?post=8734"}],"curies":[{"name":"wp","href":"https:\/\/api.w.org\/{rel}","templated":true}]}}