{"id":8722,"date":"2024-02-28T16:05:53","date_gmt":"2024-02-28T19:05:53","guid":{"rendered":"https:\/\/ocoerente.com.br\/se\/?p=8722"},"modified":"2024-02-28T16:05:54","modified_gmt":"2024-02-28T19:05:54","slug":"senador-rogerio-carvalho-destaca-importancia-da-convocacao-de-especialistas-a-cpi-da-braskem-apos-aprovacao-de-requerimentos","status":"publish","type":"post","link":"https:\/\/ocoerente.com.br\/se\/2024\/02\/28\/senador-rogerio-carvalho-destaca-importancia-da-convocacao-de-especialistas-a-cpi-da-braskem-apos-aprovacao-de-requerimentos\/","title":{"rendered":"Senador Rog\u00e9rio Carvalho destaca import\u00e2ncia da convoca\u00e7\u00e3o de especialistas \u00e0 CPI da Braskem ap\u00f3s aprova\u00e7\u00e3o de requerimentos"},"content":{"rendered":"\n<p>Nesta quarta-feira, 28, o senador Rog\u00e9rio Carvalho (PT\/SE) comentou a aprova\u00e7\u00e3o dos requerimentos apresentados por ele na CPI da Braskem, ressaltando a relev\u00e2ncia do trabalho investigativo do colegiado. Em sua fala, o senador trouxe \u00e0 mem\u00f3ria outros desastres ambientais no Brasil, como os ocorridos em Mariana e Brumadinho, em Minas Gerais, destacando a trag\u00e9dia recente que afetou a popula\u00e7\u00e3o de Macei\u00f3.<\/p>\n\n\n\n<p>&#8220;Lembro aqui duas cat\u00e1strofes recentes ocorridas no Brasil, ambas em Minas Gerais, provocadas pela minera\u00e7\u00e3o: a de Mariana, que arrastou 350 casas e causou 19 mortes em 2015; e a de Brumadinho, que matou 270 brasileiros e brasileiras em 2019. Desta vez, temos uma trag\u00e9dia que se abateu sobre a popula\u00e7\u00e3o de Macei\u00f3, igualmente em raz\u00e3o da atividade de minera\u00e7\u00e3o\u201d, afirmou o senador.<\/p>\n\n\n\n<p>Como relator da CPI, Carvalho expressou sua preocupa\u00e7\u00e3o em esclarecer os aspectos ambientais que culminaram na trag\u00e9dia de Macei\u00f3. &#8220;Neste momento, cabe a n\u00f3s, segundo o requerimento que deu origem a esta CPI, investigar os efeitos da responsabilidade jur\u00eddica socioambiental da empresa Braskem S.A. no caso de Macei\u00f3 e de todas as empresas que, anteriormente ou em conjunto com a Braskem, tiveram a\u00e7\u00e3o direta ou indireta na explora\u00e7\u00e3o e produ\u00e7\u00e3o do min\u00e9rio extra\u00eddo dessa regi\u00e3o\u201d, ressaltou.<\/p>\n\n\n\n<p>O senador enfatizou, ainda, a import\u00e2ncia de uma investiga\u00e7\u00e3o isenta e comprometida com a busca por respostas. &#8220;Essa miss\u00e3o \u00e9 nossa e n\u00e3o vamos nos desviar. N\u00e3o podemos e n\u00e3o devemos assumir culpabilidades pr\u00e9-estabelecidas aqui. Com os poderes que a CPI possui, iremos investigar e somente depois apresentar as conclus\u00f5es a este colegiado e, especialmente, \u00e0 sociedade brasileira&#8221;, destacou.<\/p>\n\n\n\n<p>Carvalho tamb\u00e9m anunciou os passos seguintes da CPI, informando que na pr\u00f3xima semana ser\u00e3o ouvidos os primeiros depoimentos. &#8220;Hoje, aprovamos requerimentos de convoca\u00e7\u00e3o, dando in\u00edcio a um importante cap\u00edtulo. Tr\u00eas renomados professores da Universidade Federal de Alagoas ser\u00e3o ouvidos na pr\u00f3xima ter\u00e7a-feira, dia 05. J\u00e1 quarta-feira, 06, ouviremos o presidente e diretor da Braskem e diretor-geral da Ag\u00eancia Nacional de Minera\u00e7\u00e3o\u201d, anunciou.<\/p>\n\n\n\n<p>O senador finalizou reiterando o compromisso da CPI em trazer \u00e0 tona tudo que ocorreu na trag\u00e9dia ambiental em Macei\u00f3, com foco na responsabiliza\u00e7\u00e3o dos envolvidos e esclarecimentos reais \u00e0 popula\u00e7\u00e3o. &#8220;Estamos prontos para investigar, esclarecer e buscar respostas&#8221;, concluiu.<\/p>\n\n\n\n<p>|Fonte: Assessoria de Comunica\u00e7\u00e3o<br>||Fotos: Daniel Gomes\/Assessoria de Comunica\u00e7\u00e3o<\/p>\n","protected":false},"excerpt":{"rendered":"<p>Nesta quarta-feira, 28, o senador Rog\u00e9rio Carvalho (PT\/SE) comentou a aprova\u00e7\u00e3o dos requerimentos apresentados por ele na CPI da Braskem, ressaltando a relev\u00e2ncia do trabalho investigativo do colegiado. Em sua fala, o senador trouxe \u00e0 mem\u00f3ria outros desastres ambientais no Brasil, como os ocorridos em Mariana e Brumadinho, em Minas Gerais, destacando a trag\u00e9dia recente [&hellip;]<\/p>\n","protected":false},"author":1,"featured_media":8723,"comment_status":"closed","ping_status":"closed","sticky":false,"template":"","format":"standard","meta":{"footnotes":""},"categories":[48,53],"tags":[],"class_list":["post-8722","post","type-post","status-publish","format-standard","has-post-thumbnail","hentry","category-brasil","category-destaques"],"yoast_head":"<!-- This site is optimized with the Yoast SEO plugin v27.5 - https:\/\/yoast.com\/product\/yoast-seo-wordpress\/ -->\n<title>Senador Rog\u00e9rio Carvalho destaca import\u00e2ncia da convoca\u00e7\u00e3o de especialistas \u00e0 CPI da Braskem ap\u00f3s aprova\u00e7\u00e3o de requerimentos - O Coerente<\/title>\n<meta name=\"robots\" content=\"index, follow, max-snippet:-1, max-image-preview:large, max-video-preview:-1\" \/>\n<link rel=\"canonical\" href=\"https:\/\/ocoerente.com.br\/se\/2024\/02\/28\/senador-rogerio-carvalho-destaca-importancia-da-convocacao-de-especialistas-a-cpi-da-braskem-apos-aprovacao-de-requerimentos\/\" \/>\n<meta property=\"og:locale\" content=\"pt_BR\" \/>\n<meta property=\"og:type\" content=\"article\" \/>\n<meta property=\"og:title\" content=\"Senador Rog\u00e9rio Carvalho destaca import\u00e2ncia da convoca\u00e7\u00e3o de especialistas \u00e0 CPI da Braskem ap\u00f3s aprova\u00e7\u00e3o de requerimentos - O Coerente\" \/>\n<meta property=\"og:description\" content=\"Nesta quarta-feira, 28, o senador Rog\u00e9rio Carvalho (PT\/SE) comentou a aprova\u00e7\u00e3o dos requerimentos apresentados por ele na CPI da Braskem, ressaltando a relev\u00e2ncia do trabalho investigativo do colegiado. Em sua fala, o senador trouxe \u00e0 mem\u00f3ria outros desastres ambientais no Brasil, como os ocorridos em Mariana e Brumadinho, em Minas Gerais, destacando a trag\u00e9dia recente [&hellip;]\" \/>\n<meta property=\"og:url\" content=\"https:\/\/ocoerente.com.br\/se\/2024\/02\/28\/senador-rogerio-carvalho-destaca-importancia-da-convocacao-de-especialistas-a-cpi-da-braskem-apos-aprovacao-de-requerimentos\/\" \/>\n<meta property=\"og:site_name\" content=\"O Coerente\" \/>\n<meta property=\"article:published_time\" content=\"2024-02-28T19:05:53+00:00\" \/>\n<meta property=\"article:modified_time\" content=\"2024-02-28T19:05:54+00:00\" \/>\n<meta property=\"og:image\" content=\"https:\/\/ocoerente.com.br\/se\/wp-content\/uploads\/2024\/02\/aa29c89f.jpg\" \/>\n\t<meta property=\"og:image:width\" content=\"1600\" \/>\n\t<meta property=\"og:image:height\" content=\"1066\" \/>\n\t<meta property=\"og:image:type\" content=\"image\/jpeg\" \/>\n<meta name=\"author\" content=\"Reda\u00e7\u00e3o\" \/>\n<meta name=\"twitter:card\" content=\"summary_large_image\" \/>\n<meta name=\"twitter:label1\" content=\"Escrito por\" \/>\n\t<meta name=\"twitter:data1\" content=\"Reda\u00e7\u00e3o\" \/>\n\t<meta name=\"twitter:label2\" content=\"Est. tempo de leitura\" \/>\n\t<meta name=\"twitter:data2\" content=\"2 minutos\" \/>\n<script type=\"application\/ld+json\" class=\"yoast-schema-graph\">{\"@context\":\"https:\\\/\\\/schema.org\",\"@graph\":[{\"@type\":\"Article\",\"@id\":\"https:\\\/\\\/ocoerente.com.br\\\/se\\\/2024\\\/02\\\/28\\\/senador-rogerio-carvalho-destaca-importancia-da-convocacao-de-especialistas-a-cpi-da-braskem-apos-aprovacao-de-requerimentos\\\/#article\",\"isPartOf\":{\"@id\":\"https:\\\/\\\/ocoerente.com.br\\\/se\\\/2024\\\/02\\\/28\\\/senador-rogerio-carvalho-destaca-importancia-da-convocacao-de-especialistas-a-cpi-da-braskem-apos-aprovacao-de-requerimentos\\\/\"},\"author\":{\"name\":\"Reda\u00e7\u00e3o\",\"@id\":\"https:\\\/\\\/ocoerente.com.br\\\/se\\\/#\\\/schema\\\/person\\\/cc6bfd9fbca465e23543b0c963d8d037\"},\"headline\":\"Senador Rog\u00e9rio Carvalho destaca import\u00e2ncia da convoca\u00e7\u00e3o de especialistas \u00e0 CPI da Braskem ap\u00f3s aprova\u00e7\u00e3o de requerimentos\",\"datePublished\":\"2024-02-28T19:05:53+00:00\",\"dateModified\":\"2024-02-28T19:05:54+00:00\",\"mainEntityOfPage\":{\"@id\":\"https:\\\/\\\/ocoerente.com.br\\\/se\\\/2024\\\/02\\\/28\\\/senador-rogerio-carvalho-destaca-importancia-da-convocacao-de-especialistas-a-cpi-da-braskem-apos-aprovacao-de-requerimentos\\\/\"},\"wordCount\":428,\"publisher\":{\"@id\":\"https:\\\/\\\/ocoerente.com.br\\\/se\\\/#\\\/schema\\\/person\\\/cc6bfd9fbca465e23543b0c963d8d037\"},\"image\":{\"@id\":\"https:\\\/\\\/ocoerente.com.br\\\/se\\\/2024\\\/02\\\/28\\\/senador-rogerio-carvalho-destaca-importancia-da-convocacao-de-especialistas-a-cpi-da-braskem-apos-aprovacao-de-requerimentos\\\/#primaryimage\"},\"thumbnailUrl\":\"https:\\\/\\\/ocoerente.com.br\\\/se\\\/wp-content\\\/uploads\\\/2024\\\/02\\\/aa29c89f.jpg\",\"articleSection\":[\"Brasil\",\"Destaques\"],\"inLanguage\":\"pt-BR\"},{\"@type\":\"WebPage\",\"@id\":\"https:\\\/\\\/ocoerente.com.br\\\/se\\\/2024\\\/02\\\/28\\\/senador-rogerio-carvalho-destaca-importancia-da-convocacao-de-especialistas-a-cpi-da-braskem-apos-aprovacao-de-requerimentos\\\/\",\"url\":\"https:\\\/\\\/ocoerente.com.br\\\/se\\\/2024\\\/02\\\/28\\\/senador-rogerio-carvalho-destaca-importancia-da-convocacao-de-especialistas-a-cpi-da-braskem-apos-aprovacao-de-requerimentos\\\/\",\"name\":\"Senador Rog\u00e9rio Carvalho destaca import\u00e2ncia da convoca\u00e7\u00e3o de especialistas \u00e0 CPI da Braskem ap\u00f3s aprova\u00e7\u00e3o de requerimentos - O Coerente\",\"isPartOf\":{\"@id\":\"https:\\\/\\\/ocoerente.com.br\\\/se\\\/#website\"},\"primaryImageOfPage\":{\"@id\":\"https:\\\/\\\/ocoerente.com.br\\\/se\\\/2024\\\/02\\\/28\\\/senador-rogerio-carvalho-destaca-importancia-da-convocacao-de-especialistas-a-cpi-da-braskem-apos-aprovacao-de-requerimentos\\\/#primaryimage\"},\"image\":{\"@id\":\"https:\\\/\\\/ocoerente.com.br\\\/se\\\/2024\\\/02\\\/28\\\/senador-rogerio-carvalho-destaca-importancia-da-convocacao-de-especialistas-a-cpi-da-braskem-apos-aprovacao-de-requerimentos\\\/#primaryimage\"},\"thumbnailUrl\":\"https:\\\/\\\/ocoerente.com.br\\\/se\\\/wp-content\\\/uploads\\\/2024\\\/02\\\/aa29c89f.jpg\",\"datePublished\":\"2024-02-28T19:05:53+00:00\",\"dateModified\":\"2024-02-28T19:05:54+00:00\",\"breadcrumb\":{\"@id\":\"https:\\\/\\\/ocoerente.com.br\\\/se\\\/2024\\\/02\\\/28\\\/senador-rogerio-carvalho-destaca-importancia-da-convocacao-de-especialistas-a-cpi-da-braskem-apos-aprovacao-de-requerimentos\\\/#breadcrumb\"},\"inLanguage\":\"pt-BR\",\"potentialAction\":[{\"@type\":\"ReadAction\",\"target\":[\"https:\\\/\\\/ocoerente.com.br\\\/se\\\/2024\\\/02\\\/28\\\/senador-rogerio-carvalho-destaca-importancia-da-convocacao-de-especialistas-a-cpi-da-braskem-apos-aprovacao-de-requerimentos\\\/\"]}]},{\"@type\":\"ImageObject\",\"inLanguage\":\"pt-BR\",\"@id\":\"https:\\\/\\\/ocoerente.com.br\\\/se\\\/2024\\\/02\\\/28\\\/senador-rogerio-carvalho-destaca-importancia-da-convocacao-de-especialistas-a-cpi-da-braskem-apos-aprovacao-de-requerimentos\\\/#primaryimage\",\"url\":\"https:\\\/\\\/ocoerente.com.br\\\/se\\\/wp-content\\\/uploads\\\/2024\\\/02\\\/aa29c89f.jpg\",\"contentUrl\":\"https:\\\/\\\/ocoerente.com.br\\\/se\\\/wp-content\\\/uploads\\\/2024\\\/02\\\/aa29c89f.jpg\",\"width\":1600,\"height\":1066,\"caption\":\"Fotos: Daniel Gomes\\\/Assessoria de Comunica\u00e7\u00e3o\"},{\"@type\":\"BreadcrumbList\",\"@id\":\"https:\\\/\\\/ocoerente.com.br\\\/se\\\/2024\\\/02\\\/28\\\/senador-rogerio-carvalho-destaca-importancia-da-convocacao-de-especialistas-a-cpi-da-braskem-apos-aprovacao-de-requerimentos\\\/#breadcrumb\",\"itemListElement\":[{\"@type\":\"ListItem\",\"position\":1,\"name\":\"In\u00edcio\",\"item\":\"https:\\\/\\\/ocoerente.com.br\\\/se\\\/\"},{\"@type\":\"ListItem\",\"position\":2,\"name\":\"Senador Rog\u00e9rio Carvalho destaca import\u00e2ncia da convoca\u00e7\u00e3o de especialistas \u00e0 CPI da Braskem ap\u00f3s aprova\u00e7\u00e3o de requerimentos\"}]},{\"@type\":\"WebSite\",\"@id\":\"https:\\\/\\\/ocoerente.com.br\\\/se\\\/#website\",\"url\":\"https:\\\/\\\/ocoerente.com.br\\\/se\\\/\",\"name\":\"O Coerente\",\"description\":\"\",\"publisher\":{\"@id\":\"https:\\\/\\\/ocoerente.com.br\\\/se\\\/#\\\/schema\\\/person\\\/cc6bfd9fbca465e23543b0c963d8d037\"},\"potentialAction\":[{\"@type\":\"SearchAction\",\"target\":{\"@type\":\"EntryPoint\",\"urlTemplate\":\"https:\\\/\\\/ocoerente.com.br\\\/se\\\/?s={search_term_string}\"},\"query-input\":{\"@type\":\"PropertyValueSpecification\",\"valueRequired\":true,\"valueName\":\"search_term_string\"}}],\"inLanguage\":\"pt-BR\"},{\"@type\":[\"Person\",\"Organization\"],\"@id\":\"https:\\\/\\\/ocoerente.com.br\\\/se\\\/#\\\/schema\\\/person\\\/cc6bfd9fbca465e23543b0c963d8d037\",\"name\":\"Reda\u00e7\u00e3o\",\"image\":{\"@type\":\"ImageObject\",\"inLanguage\":\"pt-BR\",\"@id\":\"https:\\\/\\\/ocoerente.com.br\\\/se\\\/wp-content\\\/uploads\\\/2020\\\/01\\\/ocoerente-1.png\",\"url\":\"https:\\\/\\\/ocoerente.com.br\\\/se\\\/wp-content\\\/uploads\\\/2020\\\/01\\\/ocoerente-1.png\",\"contentUrl\":\"https:\\\/\\\/ocoerente.com.br\\\/se\\\/wp-content\\\/uploads\\\/2020\\\/01\\\/ocoerente-1.png\",\"width\":50,\"height\":50,\"caption\":\"Reda\u00e7\u00e3o\"},\"logo\":{\"@id\":\"https:\\\/\\\/ocoerente.com.br\\\/se\\\/wp-content\\\/uploads\\\/2020\\\/01\\\/ocoerente-1.png\"},\"url\":\"https:\\\/\\\/ocoerente.com.br\\\/se\\\/author\\\/vasticlsales\\\/\"}]}<\/script>\n<!-- \/ Yoast SEO plugin. -->","yoast_head_json":{"title":"Senador Rog\u00e9rio Carvalho destaca import\u00e2ncia da convoca\u00e7\u00e3o de especialistas \u00e0 CPI da Braskem ap\u00f3s aprova\u00e7\u00e3o de requerimentos - O Coerente","robots":{"index":"index","follow":"follow","max-snippet":"max-snippet:-1","max-image-preview":"max-image-preview:large","max-video-preview":"max-video-preview:-1"},"canonical":"https:\/\/ocoerente.com.br\/se\/2024\/02\/28\/senador-rogerio-carvalho-destaca-importancia-da-convocacao-de-especialistas-a-cpi-da-braskem-apos-aprovacao-de-requerimentos\/","og_locale":"pt_BR","og_type":"article","og_title":"Senador Rog\u00e9rio Carvalho destaca import\u00e2ncia da convoca\u00e7\u00e3o de especialistas \u00e0 CPI da Braskem ap\u00f3s aprova\u00e7\u00e3o de requerimentos - O Coerente","og_description":"Nesta quarta-feira, 28, o senador Rog\u00e9rio Carvalho (PT\/SE) comentou a aprova\u00e7\u00e3o dos requerimentos apresentados por ele na CPI da Braskem, ressaltando a relev\u00e2ncia do trabalho investigativo do colegiado. Em sua fala, o senador trouxe \u00e0 mem\u00f3ria outros desastres ambientais no Brasil, como os ocorridos em Mariana e Brumadinho, em Minas Gerais, destacando a trag\u00e9dia recente [&hellip;]","og_url":"https:\/\/ocoerente.com.br\/se\/2024\/02\/28\/senador-rogerio-carvalho-destaca-importancia-da-convocacao-de-especialistas-a-cpi-da-braskem-apos-aprovacao-de-requerimentos\/","og_site_name":"O Coerente","article_published_time":"2024-02-28T19:05:53+00:00","article_modified_time":"2024-02-28T19:05:54+00:00","og_image":[{"width":1600,"height":1066,"url":"https:\/\/ocoerente.com.br\/se\/wp-content\/uploads\/2024\/02\/aa29c89f.jpg","type":"image\/jpeg"}],"author":"Reda\u00e7\u00e3o","twitter_card":"summary_large_image","twitter_misc":{"Escrito por":"Reda\u00e7\u00e3o","Est. tempo de leitura":"2 minutos"},"schema":{"@context":"https:\/\/schema.org","@graph":[{"@type":"Article","@id":"https:\/\/ocoerente.com.br\/se\/2024\/02\/28\/senador-rogerio-carvalho-destaca-importancia-da-convocacao-de-especialistas-a-cpi-da-braskem-apos-aprovacao-de-requerimentos\/#article","isPartOf":{"@id":"https:\/\/ocoerente.com.br\/se\/2024\/02\/28\/senador-rogerio-carvalho-destaca-importancia-da-convocacao-de-especialistas-a-cpi-da-braskem-apos-aprovacao-de-requerimentos\/"},"author":{"name":"Reda\u00e7\u00e3o","@id":"https:\/\/ocoerente.com.br\/se\/#\/schema\/person\/cc6bfd9fbca465e23543b0c963d8d037"},"headline":"Senador Rog\u00e9rio Carvalho destaca import\u00e2ncia da convoca\u00e7\u00e3o de especialistas \u00e0 CPI da Braskem ap\u00f3s aprova\u00e7\u00e3o de requerimentos","datePublished":"2024-02-28T19:05:53+00:00","dateModified":"2024-02-28T19:05:54+00:00","mainEntityOfPage":{"@id":"https:\/\/ocoerente.com.br\/se\/2024\/02\/28\/senador-rogerio-carvalho-destaca-importancia-da-convocacao-de-especialistas-a-cpi-da-braskem-apos-aprovacao-de-requerimentos\/"},"wordCount":428,"publisher":{"@id":"https:\/\/ocoerente.com.br\/se\/#\/schema\/person\/cc6bfd9fbca465e23543b0c963d8d037"},"image":{"@id":"https:\/\/ocoerente.com.br\/se\/2024\/02\/28\/senador-rogerio-carvalho-destaca-importancia-da-convocacao-de-especialistas-a-cpi-da-braskem-apos-aprovacao-de-requerimentos\/#primaryimage"},"thumbnailUrl":"https:\/\/ocoerente.com.br\/se\/wp-content\/uploads\/2024\/02\/aa29c89f.jpg","articleSection":["Brasil","Destaques"],"inLanguage":"pt-BR"},{"@type":"WebPage","@id":"https:\/\/ocoerente.com.br\/se\/2024\/02\/28\/senador-rogerio-carvalho-destaca-importancia-da-convocacao-de-especialistas-a-cpi-da-braskem-apos-aprovacao-de-requerimentos\/","url":"https:\/\/ocoerente.com.br\/se\/2024\/02\/28\/senador-rogerio-carvalho-destaca-importancia-da-convocacao-de-especialistas-a-cpi-da-braskem-apos-aprovacao-de-requerimentos\/","name":"Senador Rog\u00e9rio Carvalho destaca import\u00e2ncia da convoca\u00e7\u00e3o de especialistas \u00e0 CPI da Braskem ap\u00f3s aprova\u00e7\u00e3o de requerimentos - O Coerente","isPartOf":{"@id":"https:\/\/ocoerente.com.br\/se\/#website"},"primaryImageOfPage":{"@id":"https:\/\/ocoerente.com.br\/se\/2024\/02\/28\/senador-rogerio-carvalho-destaca-importancia-da-convocacao-de-especialistas-a-cpi-da-braskem-apos-aprovacao-de-requerimentos\/#primaryimage"},"image":{"@id":"https:\/\/ocoerente.com.br\/se\/2024\/02\/28\/senador-rogerio-carvalho-destaca-importancia-da-convocacao-de-especialistas-a-cpi-da-braskem-apos-aprovacao-de-requerimentos\/#primaryimage"},"thumbnailUrl":"https:\/\/ocoerente.com.br\/se\/wp-content\/uploads\/2024\/02\/aa29c89f.jpg","datePublished":"2024-02-28T19:05:53+00:00","dateModified":"2024-02-28T19:05:54+00:00","breadcrumb":{"@id":"https:\/\/ocoerente.com.br\/se\/2024\/02\/28\/senador-rogerio-carvalho-destaca-importancia-da-convocacao-de-especialistas-a-cpi-da-braskem-apos-aprovacao-de-requerimentos\/#breadcrumb"},"inLanguage":"pt-BR","potentialAction":[{"@type":"ReadAction","target":["https:\/\/ocoerente.com.br\/se\/2024\/02\/28\/senador-rogerio-carvalho-destaca-importancia-da-convocacao-de-especialistas-a-cpi-da-braskem-apos-aprovacao-de-requerimentos\/"]}]},{"@type":"ImageObject","inLanguage":"pt-BR","@id":"https:\/\/ocoerente.com.br\/se\/2024\/02\/28\/senador-rogerio-carvalho-destaca-importancia-da-convocacao-de-especialistas-a-cpi-da-braskem-apos-aprovacao-de-requerimentos\/#primaryimage","url":"https:\/\/ocoerente.com.br\/se\/wp-content\/uploads\/2024\/02\/aa29c89f.jpg","contentUrl":"https:\/\/ocoerente.com.br\/se\/wp-content\/uploads\/2024\/02\/aa29c89f.jpg","width":1600,"height":1066,"caption":"Fotos: Daniel Gomes\/Assessoria de Comunica\u00e7\u00e3o"},{"@type":"BreadcrumbList","@id":"https:\/\/ocoerente.com.br\/se\/2024\/02\/28\/senador-rogerio-carvalho-destaca-importancia-da-convocacao-de-especialistas-a-cpi-da-braskem-apos-aprovacao-de-requerimentos\/#breadcrumb","itemListElement":[{"@type":"ListItem","position":1,"name":"In\u00edcio","item":"https:\/\/ocoerente.com.br\/se\/"},{"@type":"ListItem","position":2,"name":"Senador Rog\u00e9rio Carvalho destaca import\u00e2ncia da convoca\u00e7\u00e3o de especialistas \u00e0 CPI da Braskem ap\u00f3s aprova\u00e7\u00e3o de requerimentos"}]},{"@type":"WebSite","@id":"https:\/\/ocoerente.com.br\/se\/#website","url":"https:\/\/ocoerente.com.br\/se\/","name":"O Coerente","description":"","publisher":{"@id":"https:\/\/ocoerente.com.br\/se\/#\/schema\/person\/cc6bfd9fbca465e23543b0c963d8d037"},"potentialAction":[{"@type":"SearchAction","target":{"@type":"EntryPoint","urlTemplate":"https:\/\/ocoerente.com.br\/se\/?s={search_term_string}"},"query-input":{"@type":"PropertyValueSpecification","valueRequired":true,"valueName":"search_term_string"}}],"inLanguage":"pt-BR"},{"@type":["Person","Organization"],"@id":"https:\/\/ocoerente.com.br\/se\/#\/schema\/person\/cc6bfd9fbca465e23543b0c963d8d037","name":"Reda\u00e7\u00e3o","image":{"@type":"ImageObject","inLanguage":"pt-BR","@id":"https:\/\/ocoerente.com.br\/se\/wp-content\/uploads\/2020\/01\/ocoerente-1.png","url":"https:\/\/ocoerente.com.br\/se\/wp-content\/uploads\/2020\/01\/ocoerente-1.png","contentUrl":"https:\/\/ocoerente.com.br\/se\/wp-content\/uploads\/2020\/01\/ocoerente-1.png","width":50,"height":50,"caption":"Reda\u00e7\u00e3o"},"logo":{"@id":"https:\/\/ocoerente.com.br\/se\/wp-content\/uploads\/2020\/01\/ocoerente-1.png"},"url":"https:\/\/ocoerente.com.br\/se\/author\/vasticlsales\/"}]}},"_links":{"self":[{"href":"https:\/\/ocoerente.com.br\/se\/wp-json\/wp\/v2\/posts\/8722","targetHints":{"allow":["GET"]}}],"collection":[{"href":"https:\/\/ocoerente.com.br\/se\/wp-json\/wp\/v2\/posts"}],"about":[{"href":"https:\/\/ocoerente.com.br\/se\/wp-json\/wp\/v2\/types\/post"}],"author":[{"embeddable":true,"href":"https:\/\/ocoerente.com.br\/se\/wp-json\/wp\/v2\/users\/1"}],"replies":[{"embeddable":true,"href":"https:\/\/ocoerente.com.br\/se\/wp-json\/wp\/v2\/comments?post=8722"}],"version-history":[{"count":1,"href":"https:\/\/ocoerente.com.br\/se\/wp-json\/wp\/v2\/posts\/8722\/revisions"}],"predecessor-version":[{"id":8724,"href":"https:\/\/ocoerente.com.br\/se\/wp-json\/wp\/v2\/posts\/8722\/revisions\/8724"}],"wp:featuredmedia":[{"embeddable":true,"href":"https:\/\/ocoerente.com.br\/se\/wp-json\/wp\/v2\/media\/8723"}],"wp:attachment":[{"href":"https:\/\/ocoerente.com.br\/se\/wp-json\/wp\/v2\/media?parent=8722"}],"wp:term":[{"taxonomy":"category","embeddable":true,"href":"https:\/\/ocoerente.com.br\/se\/wp-json\/wp\/v2\/categories?post=8722"},{"taxonomy":"post_tag","embeddable":true,"href":"https:\/\/ocoerente.com.br\/se\/wp-json\/wp\/v2\/tags?post=8722"}],"curies":[{"name":"wp","href":"https:\/\/api.w.org\/{rel}","templated":true}]}}