{"id":8715,"date":"2024-02-28T16:02:53","date_gmt":"2024-02-28T19:02:53","guid":{"rendered":"https:\/\/ocoerente.com.br\/se\/?p=8715"},"modified":"2024-02-28T16:02:54","modified_gmt":"2024-02-28T19:02:54","slug":"convite-a-imprensa-abertura-do-programa-de-fortalecimento-das-redes-de-inclusao-social-e-de-atencao-a-saude-proredes-sergipe","status":"publish","type":"post","link":"https:\/\/ocoerente.com.br\/se\/2024\/02\/28\/convite-a-imprensa-abertura-do-programa-de-fortalecimento-das-redes-de-inclusao-social-e-de-atencao-a-saude-proredes-sergipe\/","title":{"rendered":"Convite \u00e0 imprensa: abertura do Programa de Fortalecimento das Redes de Inclus\u00e3o Social e de Aten\u00e7\u00e3o \u00e0 Sa\u00fade \u2013 Proredes Sergipe"},"content":{"rendered":"\n<p>Convite \u00e0 imprensa: abertura do Programa de Fortalecimento das Redes de Inclus\u00e3o Social e de Aten\u00e7\u00e3o \u00e0 Sa\u00fade \u2013 Proredes Sergipe<\/p>\n\n\n\n<p>O Governo do Estado, &nbsp;por meio da Secretaria de Estado da Sa\u00fade (SES), realizar\u00e1 nesta quarta-feira, 28, \u00e0s 9h, no Vidam Hotel, a solenidade para assinatura do termo de cumprimento dos requisitos para a libera\u00e7\u00e3o dos recursos do Programa de Fortalecimento das Redes de Inclus\u00e3o Social e Aten\u00e7\u00e3o \u00e0 Sa\u00fade (Proredes). O workshop ocorrer\u00e1 at\u00e9 a pr\u00f3xima sexta-feira, 1\u00ba.<\/p>\n\n\n\n<p>O Programa de Fortalecimento da Rede de Inclus\u00e3o Social e de Aten\u00e7\u00e3o \u00e0 Sa\u00fade (Proredes) \u00e9 um projeto do Governo do Estado de Sergipe, a ser executado pela Secretaria de Estado da Sa\u00fade (SES), com fonte externa de financiamento do Banco Interamericano de Desenvolvimento (BID), garantia da Uni\u00e3o, no valor de US$ 36 milh\u00f5es e com a contrapartida do Estado de US$ 9,1 milh\u00f5es, perfazendo um total de US$ 45,1 milh\u00f5es, com um prazo de execu\u00e7\u00e3o de cinco anos. S\u00e3o recursos que estavam travados h\u00e1 dez anos e, nesta gest\u00e3o, foram viabilizados para utiliza\u00e7\u00e3o no execu\u00e7\u00e3o do programa.<\/p>\n\n\n\n<p>O Governo de Sergipe almeja com essa opera\u00e7\u00e3o de cr\u00e9dito fortalecer a gest\u00e3o do Sistema \u00danico de Sa\u00fade de Sergipe, investindo na estrutura f\u00edsica, equipamentos e qualifica\u00e7\u00e3o da inova\u00e7\u00e3o, ampliando a oferta de servi\u00e7os das unidades.&nbsp;<\/p>\n\n\n\n<p><strong><em>Servi\u00e7o:<\/em><\/strong><br><strong>O qu\u00ea:<\/strong>\u00a0abertura do Programa de Fortalecimento das Redes de Inclus\u00e3o Social e de Aten\u00e7\u00e3o \u00e0 Sa\u00fade \u2013 Proredes Sergipe<br><strong>Quando:<\/strong>\u00a028\/02 (quarta-feira)\u00a0\u2013 \u00e0s 9h\u00a0<br><strong>Onde:\u00a0<\/strong>Vidam Hotel &#8211; \u00a0Rua\u00a0Dr. Bezerra de Menezes, 40 &#8211; Atalaia, Aracaju<br><strong>Contato:<\/strong>\u00a0Catarina Gon\u00e7alves- Assessoria de Comunica\u00e7\u00e3o da SES Sergipe \u2013 79 99961-2559<\/p>\n\n\n\n<p>Governo de Sergipe<\/p>\n\n\n\n<p><a href=\"https:\/\/www.se.gov.br\/anexos\/\/uploads\/image\/image\/333227\/slide_5295184b7b986e990d6977abfaab373b.jpg\"><\/a><\/p>\n","protected":false},"excerpt":{"rendered":"<p>Convite \u00e0 imprensa: abertura do Programa de Fortalecimento das Redes de Inclus\u00e3o Social e de Aten\u00e7\u00e3o \u00e0 Sa\u00fade \u2013 Proredes Sergipe O Governo do Estado, &nbsp;por meio da Secretaria de Estado da Sa\u00fade (SES), realizar\u00e1 nesta quarta-feira, 28, \u00e0s 9h, no Vidam Hotel, a solenidade para assinatura do termo de cumprimento dos requisitos para a [&hellip;]<\/p>\n","protected":false},"author":1,"featured_media":8716,"comment_status":"closed","ping_status":"closed","sticky":false,"template":"","format":"standard","meta":{"footnotes":""},"categories":[53,43],"tags":[],"class_list":["post-8715","post","type-post","status-publish","format-standard","has-post-thumbnail","hentry","category-destaques","category-sergipe"],"yoast_head":"<!-- This site is optimized with the Yoast SEO plugin v27.5 - https:\/\/yoast.com\/product\/yoast-seo-wordpress\/ -->\n<title>Convite \u00e0 imprensa: abertura do Programa de Fortalecimento das Redes de Inclus\u00e3o Social e de Aten\u00e7\u00e3o \u00e0 Sa\u00fade \u2013 Proredes Sergipe - O Coerente<\/title>\n<meta name=\"robots\" content=\"index, follow, max-snippet:-1, max-image-preview:large, max-video-preview:-1\" \/>\n<link rel=\"canonical\" href=\"https:\/\/ocoerente.com.br\/se\/2024\/02\/28\/convite-a-imprensa-abertura-do-programa-de-fortalecimento-das-redes-de-inclusao-social-e-de-atencao-a-saude-proredes-sergipe\/\" \/>\n<meta property=\"og:locale\" content=\"pt_BR\" \/>\n<meta property=\"og:type\" content=\"article\" \/>\n<meta property=\"og:title\" content=\"Convite \u00e0 imprensa: abertura do Programa de Fortalecimento das Redes de Inclus\u00e3o Social e de Aten\u00e7\u00e3o \u00e0 Sa\u00fade \u2013 Proredes Sergipe - O Coerente\" \/>\n<meta property=\"og:description\" content=\"Convite \u00e0 imprensa: abertura do Programa de Fortalecimento das Redes de Inclus\u00e3o Social e de Aten\u00e7\u00e3o \u00e0 Sa\u00fade \u2013 Proredes Sergipe O Governo do Estado, &nbsp;por meio da Secretaria de Estado da Sa\u00fade (SES), realizar\u00e1 nesta quarta-feira, 28, \u00e0s 9h, no Vidam Hotel, a solenidade para assinatura do termo de cumprimento dos requisitos para a [&hellip;]\" \/>\n<meta property=\"og:url\" content=\"https:\/\/ocoerente.com.br\/se\/2024\/02\/28\/convite-a-imprensa-abertura-do-programa-de-fortalecimento-das-redes-de-inclusao-social-e-de-atencao-a-saude-proredes-sergipe\/\" \/>\n<meta property=\"og:site_name\" content=\"O Coerente\" \/>\n<meta property=\"article:published_time\" content=\"2024-02-28T19:02:53+00:00\" \/>\n<meta property=\"article:modified_time\" content=\"2024-02-28T19:02:54+00:00\" \/>\n<meta property=\"og:image\" content=\"https:\/\/ocoerente.com.br\/se\/wp-content\/uploads\/2024\/02\/slide_52951.jpg\" \/>\n\t<meta property=\"og:image:width\" content=\"1100\" \/>\n\t<meta property=\"og:image:height\" content=\"610\" \/>\n\t<meta property=\"og:image:type\" content=\"image\/jpeg\" \/>\n<meta name=\"author\" content=\"Reda\u00e7\u00e3o\" \/>\n<meta name=\"twitter:card\" content=\"summary_large_image\" \/>\n<meta name=\"twitter:label1\" content=\"Escrito por\" \/>\n\t<meta name=\"twitter:data1\" content=\"Reda\u00e7\u00e3o\" \/>\n\t<meta name=\"twitter:label2\" content=\"Est. tempo de leitura\" \/>\n\t<meta name=\"twitter:data2\" content=\"1 minuto\" \/>\n<script type=\"application\/ld+json\" class=\"yoast-schema-graph\">{\"@context\":\"https:\\\/\\\/schema.org\",\"@graph\":[{\"@type\":\"Article\",\"@id\":\"https:\\\/\\\/ocoerente.com.br\\\/se\\\/2024\\\/02\\\/28\\\/convite-a-imprensa-abertura-do-programa-de-fortalecimento-das-redes-de-inclusao-social-e-de-atencao-a-saude-proredes-sergipe\\\/#article\",\"isPartOf\":{\"@id\":\"https:\\\/\\\/ocoerente.com.br\\\/se\\\/2024\\\/02\\\/28\\\/convite-a-imprensa-abertura-do-programa-de-fortalecimento-das-redes-de-inclusao-social-e-de-atencao-a-saude-proredes-sergipe\\\/\"},\"author\":{\"name\":\"Reda\u00e7\u00e3o\",\"@id\":\"https:\\\/\\\/ocoerente.com.br\\\/se\\\/#\\\/schema\\\/person\\\/cc6bfd9fbca465e23543b0c963d8d037\"},\"headline\":\"Convite \u00e0 imprensa: abertura do Programa de Fortalecimento das Redes de Inclus\u00e3o Social e de Aten\u00e7\u00e3o \u00e0 Sa\u00fade \u2013 Proredes Sergipe\",\"datePublished\":\"2024-02-28T19:02:53+00:00\",\"dateModified\":\"2024-02-28T19:02:54+00:00\",\"mainEntityOfPage\":{\"@id\":\"https:\\\/\\\/ocoerente.com.br\\\/se\\\/2024\\\/02\\\/28\\\/convite-a-imprensa-abertura-do-programa-de-fortalecimento-das-redes-de-inclusao-social-e-de-atencao-a-saude-proredes-sergipe\\\/\"},\"wordCount\":310,\"publisher\":{\"@id\":\"https:\\\/\\\/ocoerente.com.br\\\/se\\\/#\\\/schema\\\/person\\\/cc6bfd9fbca465e23543b0c963d8d037\"},\"image\":{\"@id\":\"https:\\\/\\\/ocoerente.com.br\\\/se\\\/2024\\\/02\\\/28\\\/convite-a-imprensa-abertura-do-programa-de-fortalecimento-das-redes-de-inclusao-social-e-de-atencao-a-saude-proredes-sergipe\\\/#primaryimage\"},\"thumbnailUrl\":\"https:\\\/\\\/ocoerente.com.br\\\/se\\\/wp-content\\\/uploads\\\/2024\\\/02\\\/slide_52951.jpg\",\"articleSection\":[\"Destaques\",\"Sergipe\"],\"inLanguage\":\"pt-BR\"},{\"@type\":\"WebPage\",\"@id\":\"https:\\\/\\\/ocoerente.com.br\\\/se\\\/2024\\\/02\\\/28\\\/convite-a-imprensa-abertura-do-programa-de-fortalecimento-das-redes-de-inclusao-social-e-de-atencao-a-saude-proredes-sergipe\\\/\",\"url\":\"https:\\\/\\\/ocoerente.com.br\\\/se\\\/2024\\\/02\\\/28\\\/convite-a-imprensa-abertura-do-programa-de-fortalecimento-das-redes-de-inclusao-social-e-de-atencao-a-saude-proredes-sergipe\\\/\",\"name\":\"Convite \u00e0 imprensa: abertura do Programa de Fortalecimento das Redes de Inclus\u00e3o Social e de Aten\u00e7\u00e3o \u00e0 Sa\u00fade \u2013 Proredes Sergipe - O Coerente\",\"isPartOf\":{\"@id\":\"https:\\\/\\\/ocoerente.com.br\\\/se\\\/#website\"},\"primaryImageOfPage\":{\"@id\":\"https:\\\/\\\/ocoerente.com.br\\\/se\\\/2024\\\/02\\\/28\\\/convite-a-imprensa-abertura-do-programa-de-fortalecimento-das-redes-de-inclusao-social-e-de-atencao-a-saude-proredes-sergipe\\\/#primaryimage\"},\"image\":{\"@id\":\"https:\\\/\\\/ocoerente.com.br\\\/se\\\/2024\\\/02\\\/28\\\/convite-a-imprensa-abertura-do-programa-de-fortalecimento-das-redes-de-inclusao-social-e-de-atencao-a-saude-proredes-sergipe\\\/#primaryimage\"},\"thumbnailUrl\":\"https:\\\/\\\/ocoerente.com.br\\\/se\\\/wp-content\\\/uploads\\\/2024\\\/02\\\/slide_52951.jpg\",\"datePublished\":\"2024-02-28T19:02:53+00:00\",\"dateModified\":\"2024-02-28T19:02:54+00:00\",\"breadcrumb\":{\"@id\":\"https:\\\/\\\/ocoerente.com.br\\\/se\\\/2024\\\/02\\\/28\\\/convite-a-imprensa-abertura-do-programa-de-fortalecimento-das-redes-de-inclusao-social-e-de-atencao-a-saude-proredes-sergipe\\\/#breadcrumb\"},\"inLanguage\":\"pt-BR\",\"potentialAction\":[{\"@type\":\"ReadAction\",\"target\":[\"https:\\\/\\\/ocoerente.com.br\\\/se\\\/2024\\\/02\\\/28\\\/convite-a-imprensa-abertura-do-programa-de-fortalecimento-das-redes-de-inclusao-social-e-de-atencao-a-saude-proredes-sergipe\\\/\"]}]},{\"@type\":\"ImageObject\",\"inLanguage\":\"pt-BR\",\"@id\":\"https:\\\/\\\/ocoerente.com.br\\\/se\\\/2024\\\/02\\\/28\\\/convite-a-imprensa-abertura-do-programa-de-fortalecimento-das-redes-de-inclusao-social-e-de-atencao-a-saude-proredes-sergipe\\\/#primaryimage\",\"url\":\"https:\\\/\\\/ocoerente.com.br\\\/se\\\/wp-content\\\/uploads\\\/2024\\\/02\\\/slide_52951.jpg\",\"contentUrl\":\"https:\\\/\\\/ocoerente.com.br\\\/se\\\/wp-content\\\/uploads\\\/2024\\\/02\\\/slide_52951.jpg\",\"width\":1100,\"height\":610},{\"@type\":\"BreadcrumbList\",\"@id\":\"https:\\\/\\\/ocoerente.com.br\\\/se\\\/2024\\\/02\\\/28\\\/convite-a-imprensa-abertura-do-programa-de-fortalecimento-das-redes-de-inclusao-social-e-de-atencao-a-saude-proredes-sergipe\\\/#breadcrumb\",\"itemListElement\":[{\"@type\":\"ListItem\",\"position\":1,\"name\":\"In\u00edcio\",\"item\":\"https:\\\/\\\/ocoerente.com.br\\\/se\\\/\"},{\"@type\":\"ListItem\",\"position\":2,\"name\":\"Convite \u00e0 imprensa: abertura do Programa de Fortalecimento das Redes de Inclus\u00e3o Social e de Aten\u00e7\u00e3o \u00e0 Sa\u00fade \u2013 Proredes Sergipe\"}]},{\"@type\":\"WebSite\",\"@id\":\"https:\\\/\\\/ocoerente.com.br\\\/se\\\/#website\",\"url\":\"https:\\\/\\\/ocoerente.com.br\\\/se\\\/\",\"name\":\"O Coerente\",\"description\":\"\",\"publisher\":{\"@id\":\"https:\\\/\\\/ocoerente.com.br\\\/se\\\/#\\\/schema\\\/person\\\/cc6bfd9fbca465e23543b0c963d8d037\"},\"potentialAction\":[{\"@type\":\"SearchAction\",\"target\":{\"@type\":\"EntryPoint\",\"urlTemplate\":\"https:\\\/\\\/ocoerente.com.br\\\/se\\\/?s={search_term_string}\"},\"query-input\":{\"@type\":\"PropertyValueSpecification\",\"valueRequired\":true,\"valueName\":\"search_term_string\"}}],\"inLanguage\":\"pt-BR\"},{\"@type\":[\"Person\",\"Organization\"],\"@id\":\"https:\\\/\\\/ocoerente.com.br\\\/se\\\/#\\\/schema\\\/person\\\/cc6bfd9fbca465e23543b0c963d8d037\",\"name\":\"Reda\u00e7\u00e3o\",\"image\":{\"@type\":\"ImageObject\",\"inLanguage\":\"pt-BR\",\"@id\":\"https:\\\/\\\/ocoerente.com.br\\\/se\\\/wp-content\\\/uploads\\\/2020\\\/01\\\/ocoerente-1.png\",\"url\":\"https:\\\/\\\/ocoerente.com.br\\\/se\\\/wp-content\\\/uploads\\\/2020\\\/01\\\/ocoerente-1.png\",\"contentUrl\":\"https:\\\/\\\/ocoerente.com.br\\\/se\\\/wp-content\\\/uploads\\\/2020\\\/01\\\/ocoerente-1.png\",\"width\":50,\"height\":50,\"caption\":\"Reda\u00e7\u00e3o\"},\"logo\":{\"@id\":\"https:\\\/\\\/ocoerente.com.br\\\/se\\\/wp-content\\\/uploads\\\/2020\\\/01\\\/ocoerente-1.png\"},\"url\":\"https:\\\/\\\/ocoerente.com.br\\\/se\\\/author\\\/vasticlsales\\\/\"}]}<\/script>\n<!-- \/ Yoast SEO plugin. -->","yoast_head_json":{"title":"Convite \u00e0 imprensa: abertura do Programa de Fortalecimento das Redes de Inclus\u00e3o Social e de Aten\u00e7\u00e3o \u00e0 Sa\u00fade \u2013 Proredes Sergipe - O Coerente","robots":{"index":"index","follow":"follow","max-snippet":"max-snippet:-1","max-image-preview":"max-image-preview:large","max-video-preview":"max-video-preview:-1"},"canonical":"https:\/\/ocoerente.com.br\/se\/2024\/02\/28\/convite-a-imprensa-abertura-do-programa-de-fortalecimento-das-redes-de-inclusao-social-e-de-atencao-a-saude-proredes-sergipe\/","og_locale":"pt_BR","og_type":"article","og_title":"Convite \u00e0 imprensa: abertura do Programa de Fortalecimento das Redes de Inclus\u00e3o Social e de Aten\u00e7\u00e3o \u00e0 Sa\u00fade \u2013 Proredes Sergipe - O Coerente","og_description":"Convite \u00e0 imprensa: abertura do Programa de Fortalecimento das Redes de Inclus\u00e3o Social e de Aten\u00e7\u00e3o \u00e0 Sa\u00fade \u2013 Proredes Sergipe O Governo do Estado, &nbsp;por meio da Secretaria de Estado da Sa\u00fade (SES), realizar\u00e1 nesta quarta-feira, 28, \u00e0s 9h, no Vidam Hotel, a solenidade para assinatura do termo de cumprimento dos requisitos para a [&hellip;]","og_url":"https:\/\/ocoerente.com.br\/se\/2024\/02\/28\/convite-a-imprensa-abertura-do-programa-de-fortalecimento-das-redes-de-inclusao-social-e-de-atencao-a-saude-proredes-sergipe\/","og_site_name":"O Coerente","article_published_time":"2024-02-28T19:02:53+00:00","article_modified_time":"2024-02-28T19:02:54+00:00","og_image":[{"width":1100,"height":610,"url":"https:\/\/ocoerente.com.br\/se\/wp-content\/uploads\/2024\/02\/slide_52951.jpg","type":"image\/jpeg"}],"author":"Reda\u00e7\u00e3o","twitter_card":"summary_large_image","twitter_misc":{"Escrito por":"Reda\u00e7\u00e3o","Est. tempo de leitura":"1 minuto"},"schema":{"@context":"https:\/\/schema.org","@graph":[{"@type":"Article","@id":"https:\/\/ocoerente.com.br\/se\/2024\/02\/28\/convite-a-imprensa-abertura-do-programa-de-fortalecimento-das-redes-de-inclusao-social-e-de-atencao-a-saude-proredes-sergipe\/#article","isPartOf":{"@id":"https:\/\/ocoerente.com.br\/se\/2024\/02\/28\/convite-a-imprensa-abertura-do-programa-de-fortalecimento-das-redes-de-inclusao-social-e-de-atencao-a-saude-proredes-sergipe\/"},"author":{"name":"Reda\u00e7\u00e3o","@id":"https:\/\/ocoerente.com.br\/se\/#\/schema\/person\/cc6bfd9fbca465e23543b0c963d8d037"},"headline":"Convite \u00e0 imprensa: abertura do Programa de Fortalecimento das Redes de Inclus\u00e3o Social e de Aten\u00e7\u00e3o \u00e0 Sa\u00fade \u2013 Proredes Sergipe","datePublished":"2024-02-28T19:02:53+00:00","dateModified":"2024-02-28T19:02:54+00:00","mainEntityOfPage":{"@id":"https:\/\/ocoerente.com.br\/se\/2024\/02\/28\/convite-a-imprensa-abertura-do-programa-de-fortalecimento-das-redes-de-inclusao-social-e-de-atencao-a-saude-proredes-sergipe\/"},"wordCount":310,"publisher":{"@id":"https:\/\/ocoerente.com.br\/se\/#\/schema\/person\/cc6bfd9fbca465e23543b0c963d8d037"},"image":{"@id":"https:\/\/ocoerente.com.br\/se\/2024\/02\/28\/convite-a-imprensa-abertura-do-programa-de-fortalecimento-das-redes-de-inclusao-social-e-de-atencao-a-saude-proredes-sergipe\/#primaryimage"},"thumbnailUrl":"https:\/\/ocoerente.com.br\/se\/wp-content\/uploads\/2024\/02\/slide_52951.jpg","articleSection":["Destaques","Sergipe"],"inLanguage":"pt-BR"},{"@type":"WebPage","@id":"https:\/\/ocoerente.com.br\/se\/2024\/02\/28\/convite-a-imprensa-abertura-do-programa-de-fortalecimento-das-redes-de-inclusao-social-e-de-atencao-a-saude-proredes-sergipe\/","url":"https:\/\/ocoerente.com.br\/se\/2024\/02\/28\/convite-a-imprensa-abertura-do-programa-de-fortalecimento-das-redes-de-inclusao-social-e-de-atencao-a-saude-proredes-sergipe\/","name":"Convite \u00e0 imprensa: abertura do Programa de Fortalecimento das Redes de Inclus\u00e3o Social e de Aten\u00e7\u00e3o \u00e0 Sa\u00fade \u2013 Proredes Sergipe - O Coerente","isPartOf":{"@id":"https:\/\/ocoerente.com.br\/se\/#website"},"primaryImageOfPage":{"@id":"https:\/\/ocoerente.com.br\/se\/2024\/02\/28\/convite-a-imprensa-abertura-do-programa-de-fortalecimento-das-redes-de-inclusao-social-e-de-atencao-a-saude-proredes-sergipe\/#primaryimage"},"image":{"@id":"https:\/\/ocoerente.com.br\/se\/2024\/02\/28\/convite-a-imprensa-abertura-do-programa-de-fortalecimento-das-redes-de-inclusao-social-e-de-atencao-a-saude-proredes-sergipe\/#primaryimage"},"thumbnailUrl":"https:\/\/ocoerente.com.br\/se\/wp-content\/uploads\/2024\/02\/slide_52951.jpg","datePublished":"2024-02-28T19:02:53+00:00","dateModified":"2024-02-28T19:02:54+00:00","breadcrumb":{"@id":"https:\/\/ocoerente.com.br\/se\/2024\/02\/28\/convite-a-imprensa-abertura-do-programa-de-fortalecimento-das-redes-de-inclusao-social-e-de-atencao-a-saude-proredes-sergipe\/#breadcrumb"},"inLanguage":"pt-BR","potentialAction":[{"@type":"ReadAction","target":["https:\/\/ocoerente.com.br\/se\/2024\/02\/28\/convite-a-imprensa-abertura-do-programa-de-fortalecimento-das-redes-de-inclusao-social-e-de-atencao-a-saude-proredes-sergipe\/"]}]},{"@type":"ImageObject","inLanguage":"pt-BR","@id":"https:\/\/ocoerente.com.br\/se\/2024\/02\/28\/convite-a-imprensa-abertura-do-programa-de-fortalecimento-das-redes-de-inclusao-social-e-de-atencao-a-saude-proredes-sergipe\/#primaryimage","url":"https:\/\/ocoerente.com.br\/se\/wp-content\/uploads\/2024\/02\/slide_52951.jpg","contentUrl":"https:\/\/ocoerente.com.br\/se\/wp-content\/uploads\/2024\/02\/slide_52951.jpg","width":1100,"height":610},{"@type":"BreadcrumbList","@id":"https:\/\/ocoerente.com.br\/se\/2024\/02\/28\/convite-a-imprensa-abertura-do-programa-de-fortalecimento-das-redes-de-inclusao-social-e-de-atencao-a-saude-proredes-sergipe\/#breadcrumb","itemListElement":[{"@type":"ListItem","position":1,"name":"In\u00edcio","item":"https:\/\/ocoerente.com.br\/se\/"},{"@type":"ListItem","position":2,"name":"Convite \u00e0 imprensa: abertura do Programa de Fortalecimento das Redes de Inclus\u00e3o Social e de Aten\u00e7\u00e3o \u00e0 Sa\u00fade \u2013 Proredes Sergipe"}]},{"@type":"WebSite","@id":"https:\/\/ocoerente.com.br\/se\/#website","url":"https:\/\/ocoerente.com.br\/se\/","name":"O Coerente","description":"","publisher":{"@id":"https:\/\/ocoerente.com.br\/se\/#\/schema\/person\/cc6bfd9fbca465e23543b0c963d8d037"},"potentialAction":[{"@type":"SearchAction","target":{"@type":"EntryPoint","urlTemplate":"https:\/\/ocoerente.com.br\/se\/?s={search_term_string}"},"query-input":{"@type":"PropertyValueSpecification","valueRequired":true,"valueName":"search_term_string"}}],"inLanguage":"pt-BR"},{"@type":["Person","Organization"],"@id":"https:\/\/ocoerente.com.br\/se\/#\/schema\/person\/cc6bfd9fbca465e23543b0c963d8d037","name":"Reda\u00e7\u00e3o","image":{"@type":"ImageObject","inLanguage":"pt-BR","@id":"https:\/\/ocoerente.com.br\/se\/wp-content\/uploads\/2020\/01\/ocoerente-1.png","url":"https:\/\/ocoerente.com.br\/se\/wp-content\/uploads\/2020\/01\/ocoerente-1.png","contentUrl":"https:\/\/ocoerente.com.br\/se\/wp-content\/uploads\/2020\/01\/ocoerente-1.png","width":50,"height":50,"caption":"Reda\u00e7\u00e3o"},"logo":{"@id":"https:\/\/ocoerente.com.br\/se\/wp-content\/uploads\/2020\/01\/ocoerente-1.png"},"url":"https:\/\/ocoerente.com.br\/se\/author\/vasticlsales\/"}]}},"_links":{"self":[{"href":"https:\/\/ocoerente.com.br\/se\/wp-json\/wp\/v2\/posts\/8715","targetHints":{"allow":["GET"]}}],"collection":[{"href":"https:\/\/ocoerente.com.br\/se\/wp-json\/wp\/v2\/posts"}],"about":[{"href":"https:\/\/ocoerente.com.br\/se\/wp-json\/wp\/v2\/types\/post"}],"author":[{"embeddable":true,"href":"https:\/\/ocoerente.com.br\/se\/wp-json\/wp\/v2\/users\/1"}],"replies":[{"embeddable":true,"href":"https:\/\/ocoerente.com.br\/se\/wp-json\/wp\/v2\/comments?post=8715"}],"version-history":[{"count":1,"href":"https:\/\/ocoerente.com.br\/se\/wp-json\/wp\/v2\/posts\/8715\/revisions"}],"predecessor-version":[{"id":8717,"href":"https:\/\/ocoerente.com.br\/se\/wp-json\/wp\/v2\/posts\/8715\/revisions\/8717"}],"wp:featuredmedia":[{"embeddable":true,"href":"https:\/\/ocoerente.com.br\/se\/wp-json\/wp\/v2\/media\/8716"}],"wp:attachment":[{"href":"https:\/\/ocoerente.com.br\/se\/wp-json\/wp\/v2\/media?parent=8715"}],"wp:term":[{"taxonomy":"category","embeddable":true,"href":"https:\/\/ocoerente.com.br\/se\/wp-json\/wp\/v2\/categories?post=8715"},{"taxonomy":"post_tag","embeddable":true,"href":"https:\/\/ocoerente.com.br\/se\/wp-json\/wp\/v2\/tags?post=8715"}],"curies":[{"name":"wp","href":"https:\/\/api.w.org\/{rel}","templated":true}]}}