{"id":8700,"date":"2024-02-28T15:50:46","date_gmt":"2024-02-28T18:50:46","guid":{"rendered":"https:\/\/ocoerente.com.br\/se\/?p=8700"},"modified":"2024-02-28T15:50:47","modified_gmt":"2024-02-28T18:50:47","slug":"senador-rogerio-carvalho-apresenta-plano-de-trabalho-da-cpi-da-braskem-para-investigacao-da-tragedia-em-maceio","status":"publish","type":"post","link":"https:\/\/ocoerente.com.br\/se\/2024\/02\/28\/senador-rogerio-carvalho-apresenta-plano-de-trabalho-da-cpi-da-braskem-para-investigacao-da-tragedia-em-maceio\/","title":{"rendered":"Senador Rog\u00e9rio Carvalho apresenta plano de trabalho da CPI da Braskem para investiga\u00e7\u00e3o da trag\u00e9dia em Macei\u00f3"},"content":{"rendered":"\n<p>Nesta ter\u00e7a-feira, 27, o senador Rog\u00e9rio Carvalho (PT\/SE), relator da CPI da Braskem, apresentou o plano de trabalho que ser\u00e1 desenvolvido na Comiss\u00e3o para investigar a trag\u00e9dia ocorrida em Macei\u00f3, Alagoas, decorrente da explora\u00e7\u00e3o mineral na regi\u00e3o. Durante a apresenta\u00e7\u00e3o do plano de trabalho, que tamb\u00e9m foi aprovado hoje, o senador destacou a import\u00e2ncia da investiga\u00e7\u00e3o.<\/p>\n\n\n\n<p>&#8220;Ciente da grande responsabilidade que me foi confiada, s\u00f3 posso deixar expresso que prometo os melhores esfor\u00e7os para que tenhamos um relat\u00f3rio leg\u00edtimo e criterioso em rela\u00e7\u00e3o a mais essa calamidade socioambiental brasileira com impacto nas vidas de milhares de pessoas\u201d, disse.<\/p>\n\n\n\n<p>Carvalho tamb\u00e9m destacou que &#8220;o que aconteceu ali n\u00e3o foi obra da natureza, obra do acaso ou resultado de circunst\u00e2ncias imprevis\u00edveis\u201d. \u201cTrata-se do resultado de anos de minera\u00e7\u00e3o e extra\u00e7\u00e3o de sal-gema na regi\u00e3o da Lagoa Munda\u00fa\u201d, pontuou Carvalho.<\/p>\n\n\n\n<p>O senador lembrou, ainda, de cat\u00e1strofes anteriores no Brasil, como as de Mariana e Brumadinho, ambas relacionadas \u00e0 minera\u00e7\u00e3o, destacando que &#8220;desta vez, a calamidade se abateu sobre a popula\u00e7\u00e3o de Macei\u00f3, igualmente em raz\u00e3o da atividade de minera\u00e7\u00e3o.&#8221;<\/p>\n\n\n\n<p>&#8220;Essa miss\u00e3o \u00e9 nossa e, portanto, n\u00e3o vamos nos desviar. N\u00e3o podemos e n\u00e3o temos culpabilidades preestabelecidas aqui\u201d, acrescentou.<\/p>\n\n\n\n<p>Ao longo da apresenta\u00e7\u00e3o, o senador revelou diversos problemas levantados pela imprensa e por especialistas, desde o in\u00edcio da minera\u00e7\u00e3o em 1976, incluindo o n\u00e3o cumprimento de testes de sonar anuais pela empresa, o tamanho excessivo das minas e a falta de fiscaliza\u00e7\u00e3o adequada por parte das autoridades.<\/p>\n\n\n\n<p>A trag\u00e9dia em Macei\u00f3, que resultou em milhares de deslocados e danos irrepar\u00e1veis, ser\u00e1 o foco da investiga\u00e7\u00e3o da CPI e Carvalho ressaltou que \u201co trabalho da Comiss\u00e3o ser\u00e1 feito com total lisura e transpar\u00eancia, buscando justi\u00e7a para as v\u00edtimas e propondo normas para evitar futuras calamidades\u201d.<\/p>\n\n\n\n<p>A CPI da Braskem se comprometeu a funcionar como uma caixa de resson\u00e2ncia nacional, visibilizando o problema para prevenir situa\u00e7\u00f5es semelhantes no futuro. &#8220;N\u00e3o estamos falando de desastres naturais, mas de calamidades provocadas pela a\u00e7\u00e3o humana, pela gan\u00e2ncia humana. Calamidades que podem e devem ser evitadas&#8221;, concluiu o senador.<\/p>\n\n\n\n<p>|Fonte: Assessoria de Comunica\u00e7\u00e3o<br>||Fotos: Daniel Gomes\/Assessoria de Comunica\u00e7\u00e3o<\/p>\n","protected":false},"excerpt":{"rendered":"<p>Nesta ter\u00e7a-feira, 27, o senador Rog\u00e9rio Carvalho (PT\/SE), relator da CPI da Braskem, apresentou o plano de trabalho que ser\u00e1 desenvolvido na Comiss\u00e3o para investigar a trag\u00e9dia ocorrida em Macei\u00f3, Alagoas, decorrente da explora\u00e7\u00e3o mineral na regi\u00e3o. Durante a apresenta\u00e7\u00e3o do plano de trabalho, que tamb\u00e9m foi aprovado hoje, o senador destacou a import\u00e2ncia da [&hellip;]<\/p>\n","protected":false},"author":1,"featured_media":8701,"comment_status":"closed","ping_status":"closed","sticky":false,"template":"","format":"standard","meta":{"footnotes":""},"categories":[48,53],"tags":[],"class_list":["post-8700","post","type-post","status-publish","format-standard","has-post-thumbnail","hentry","category-brasil","category-destaques"],"yoast_head":"<!-- This site is optimized with the Yoast SEO plugin v27.5 - https:\/\/yoast.com\/product\/yoast-seo-wordpress\/ -->\n<title>Senador Rog\u00e9rio Carvalho apresenta plano de trabalho da CPI da Braskem para investiga\u00e7\u00e3o da trag\u00e9dia em Macei\u00f3 - O Coerente<\/title>\n<meta name=\"robots\" content=\"index, follow, max-snippet:-1, max-image-preview:large, max-video-preview:-1\" \/>\n<link rel=\"canonical\" href=\"https:\/\/ocoerente.com.br\/se\/2024\/02\/28\/senador-rogerio-carvalho-apresenta-plano-de-trabalho-da-cpi-da-braskem-para-investigacao-da-tragedia-em-maceio\/\" \/>\n<meta property=\"og:locale\" content=\"pt_BR\" \/>\n<meta property=\"og:type\" content=\"article\" \/>\n<meta property=\"og:title\" content=\"Senador Rog\u00e9rio Carvalho apresenta plano de trabalho da CPI da Braskem para investiga\u00e7\u00e3o da trag\u00e9dia em Macei\u00f3 - O Coerente\" \/>\n<meta property=\"og:description\" content=\"Nesta ter\u00e7a-feira, 27, o senador Rog\u00e9rio Carvalho (PT\/SE), relator da CPI da Braskem, apresentou o plano de trabalho que ser\u00e1 desenvolvido na Comiss\u00e3o para investigar a trag\u00e9dia ocorrida em Macei\u00f3, Alagoas, decorrente da explora\u00e7\u00e3o mineral na regi\u00e3o. Durante a apresenta\u00e7\u00e3o do plano de trabalho, que tamb\u00e9m foi aprovado hoje, o senador destacou a import\u00e2ncia da [&hellip;]\" \/>\n<meta property=\"og:url\" content=\"https:\/\/ocoerente.com.br\/se\/2024\/02\/28\/senador-rogerio-carvalho-apresenta-plano-de-trabalho-da-cpi-da-braskem-para-investigacao-da-tragedia-em-maceio\/\" \/>\n<meta property=\"og:site_name\" content=\"O Coerente\" \/>\n<meta property=\"article:published_time\" content=\"2024-02-28T18:50:46+00:00\" \/>\n<meta property=\"article:modified_time\" content=\"2024-02-28T18:50:47+00:00\" \/>\n<meta property=\"og:image\" content=\"https:\/\/ocoerente.com.br\/se\/wp-content\/uploads\/2024\/02\/cpi-bras.jpg\" \/>\n\t<meta property=\"og:image:width\" content=\"1600\" \/>\n\t<meta property=\"og:image:height\" content=\"970\" \/>\n\t<meta property=\"og:image:type\" content=\"image\/jpeg\" \/>\n<meta name=\"author\" content=\"Reda\u00e7\u00e3o\" \/>\n<meta name=\"twitter:card\" content=\"summary_large_image\" \/>\n<meta name=\"twitter:label1\" content=\"Escrito por\" \/>\n\t<meta name=\"twitter:data1\" content=\"Reda\u00e7\u00e3o\" \/>\n\t<meta name=\"twitter:label2\" content=\"Est. tempo de leitura\" \/>\n\t<meta name=\"twitter:data2\" content=\"2 minutos\" \/>\n<script type=\"application\/ld+json\" class=\"yoast-schema-graph\">{\"@context\":\"https:\\\/\\\/schema.org\",\"@graph\":[{\"@type\":\"Article\",\"@id\":\"https:\\\/\\\/ocoerente.com.br\\\/se\\\/2024\\\/02\\\/28\\\/senador-rogerio-carvalho-apresenta-plano-de-trabalho-da-cpi-da-braskem-para-investigacao-da-tragedia-em-maceio\\\/#article\",\"isPartOf\":{\"@id\":\"https:\\\/\\\/ocoerente.com.br\\\/se\\\/2024\\\/02\\\/28\\\/senador-rogerio-carvalho-apresenta-plano-de-trabalho-da-cpi-da-braskem-para-investigacao-da-tragedia-em-maceio\\\/\"},\"author\":{\"name\":\"Reda\u00e7\u00e3o\",\"@id\":\"https:\\\/\\\/ocoerente.com.br\\\/se\\\/#\\\/schema\\\/person\\\/cc6bfd9fbca465e23543b0c963d8d037\"},\"headline\":\"Senador Rog\u00e9rio Carvalho apresenta plano de trabalho da CPI da Braskem para investiga\u00e7\u00e3o da trag\u00e9dia em Macei\u00f3\",\"datePublished\":\"2024-02-28T18:50:46+00:00\",\"dateModified\":\"2024-02-28T18:50:47+00:00\",\"mainEntityOfPage\":{\"@id\":\"https:\\\/\\\/ocoerente.com.br\\\/se\\\/2024\\\/02\\\/28\\\/senador-rogerio-carvalho-apresenta-plano-de-trabalho-da-cpi-da-braskem-para-investigacao-da-tragedia-em-maceio\\\/\"},\"wordCount\":415,\"publisher\":{\"@id\":\"https:\\\/\\\/ocoerente.com.br\\\/se\\\/#\\\/schema\\\/person\\\/cc6bfd9fbca465e23543b0c963d8d037\"},\"image\":{\"@id\":\"https:\\\/\\\/ocoerente.com.br\\\/se\\\/2024\\\/02\\\/28\\\/senador-rogerio-carvalho-apresenta-plano-de-trabalho-da-cpi-da-braskem-para-investigacao-da-tragedia-em-maceio\\\/#primaryimage\"},\"thumbnailUrl\":\"https:\\\/\\\/ocoerente.com.br\\\/se\\\/wp-content\\\/uploads\\\/2024\\\/02\\\/cpi-bras.jpg\",\"articleSection\":[\"Brasil\",\"Destaques\"],\"inLanguage\":\"pt-BR\"},{\"@type\":\"WebPage\",\"@id\":\"https:\\\/\\\/ocoerente.com.br\\\/se\\\/2024\\\/02\\\/28\\\/senador-rogerio-carvalho-apresenta-plano-de-trabalho-da-cpi-da-braskem-para-investigacao-da-tragedia-em-maceio\\\/\",\"url\":\"https:\\\/\\\/ocoerente.com.br\\\/se\\\/2024\\\/02\\\/28\\\/senador-rogerio-carvalho-apresenta-plano-de-trabalho-da-cpi-da-braskem-para-investigacao-da-tragedia-em-maceio\\\/\",\"name\":\"Senador Rog\u00e9rio Carvalho apresenta plano de trabalho da CPI da Braskem para investiga\u00e7\u00e3o da trag\u00e9dia em Macei\u00f3 - O Coerente\",\"isPartOf\":{\"@id\":\"https:\\\/\\\/ocoerente.com.br\\\/se\\\/#website\"},\"primaryImageOfPage\":{\"@id\":\"https:\\\/\\\/ocoerente.com.br\\\/se\\\/2024\\\/02\\\/28\\\/senador-rogerio-carvalho-apresenta-plano-de-trabalho-da-cpi-da-braskem-para-investigacao-da-tragedia-em-maceio\\\/#primaryimage\"},\"image\":{\"@id\":\"https:\\\/\\\/ocoerente.com.br\\\/se\\\/2024\\\/02\\\/28\\\/senador-rogerio-carvalho-apresenta-plano-de-trabalho-da-cpi-da-braskem-para-investigacao-da-tragedia-em-maceio\\\/#primaryimage\"},\"thumbnailUrl\":\"https:\\\/\\\/ocoerente.com.br\\\/se\\\/wp-content\\\/uploads\\\/2024\\\/02\\\/cpi-bras.jpg\",\"datePublished\":\"2024-02-28T18:50:46+00:00\",\"dateModified\":\"2024-02-28T18:50:47+00:00\",\"breadcrumb\":{\"@id\":\"https:\\\/\\\/ocoerente.com.br\\\/se\\\/2024\\\/02\\\/28\\\/senador-rogerio-carvalho-apresenta-plano-de-trabalho-da-cpi-da-braskem-para-investigacao-da-tragedia-em-maceio\\\/#breadcrumb\"},\"inLanguage\":\"pt-BR\",\"potentialAction\":[{\"@type\":\"ReadAction\",\"target\":[\"https:\\\/\\\/ocoerente.com.br\\\/se\\\/2024\\\/02\\\/28\\\/senador-rogerio-carvalho-apresenta-plano-de-trabalho-da-cpi-da-braskem-para-investigacao-da-tragedia-em-maceio\\\/\"]}]},{\"@type\":\"ImageObject\",\"inLanguage\":\"pt-BR\",\"@id\":\"https:\\\/\\\/ocoerente.com.br\\\/se\\\/2024\\\/02\\\/28\\\/senador-rogerio-carvalho-apresenta-plano-de-trabalho-da-cpi-da-braskem-para-investigacao-da-tragedia-em-maceio\\\/#primaryimage\",\"url\":\"https:\\\/\\\/ocoerente.com.br\\\/se\\\/wp-content\\\/uploads\\\/2024\\\/02\\\/cpi-bras.jpg\",\"contentUrl\":\"https:\\\/\\\/ocoerente.com.br\\\/se\\\/wp-content\\\/uploads\\\/2024\\\/02\\\/cpi-bras.jpg\",\"width\":1600,\"height\":970,\"caption\":\"Fotos: Daniel Gomes\\\/Assessoria de Comunica\u00e7\u00e3o\"},{\"@type\":\"BreadcrumbList\",\"@id\":\"https:\\\/\\\/ocoerente.com.br\\\/se\\\/2024\\\/02\\\/28\\\/senador-rogerio-carvalho-apresenta-plano-de-trabalho-da-cpi-da-braskem-para-investigacao-da-tragedia-em-maceio\\\/#breadcrumb\",\"itemListElement\":[{\"@type\":\"ListItem\",\"position\":1,\"name\":\"In\u00edcio\",\"item\":\"https:\\\/\\\/ocoerente.com.br\\\/se\\\/\"},{\"@type\":\"ListItem\",\"position\":2,\"name\":\"Senador Rog\u00e9rio Carvalho apresenta plano de trabalho da CPI da Braskem para investiga\u00e7\u00e3o da trag\u00e9dia em Macei\u00f3\"}]},{\"@type\":\"WebSite\",\"@id\":\"https:\\\/\\\/ocoerente.com.br\\\/se\\\/#website\",\"url\":\"https:\\\/\\\/ocoerente.com.br\\\/se\\\/\",\"name\":\"O Coerente\",\"description\":\"\",\"publisher\":{\"@id\":\"https:\\\/\\\/ocoerente.com.br\\\/se\\\/#\\\/schema\\\/person\\\/cc6bfd9fbca465e23543b0c963d8d037\"},\"potentialAction\":[{\"@type\":\"SearchAction\",\"target\":{\"@type\":\"EntryPoint\",\"urlTemplate\":\"https:\\\/\\\/ocoerente.com.br\\\/se\\\/?s={search_term_string}\"},\"query-input\":{\"@type\":\"PropertyValueSpecification\",\"valueRequired\":true,\"valueName\":\"search_term_string\"}}],\"inLanguage\":\"pt-BR\"},{\"@type\":[\"Person\",\"Organization\"],\"@id\":\"https:\\\/\\\/ocoerente.com.br\\\/se\\\/#\\\/schema\\\/person\\\/cc6bfd9fbca465e23543b0c963d8d037\",\"name\":\"Reda\u00e7\u00e3o\",\"image\":{\"@type\":\"ImageObject\",\"inLanguage\":\"pt-BR\",\"@id\":\"https:\\\/\\\/ocoerente.com.br\\\/se\\\/wp-content\\\/uploads\\\/2020\\\/01\\\/ocoerente-1.png\",\"url\":\"https:\\\/\\\/ocoerente.com.br\\\/se\\\/wp-content\\\/uploads\\\/2020\\\/01\\\/ocoerente-1.png\",\"contentUrl\":\"https:\\\/\\\/ocoerente.com.br\\\/se\\\/wp-content\\\/uploads\\\/2020\\\/01\\\/ocoerente-1.png\",\"width\":50,\"height\":50,\"caption\":\"Reda\u00e7\u00e3o\"},\"logo\":{\"@id\":\"https:\\\/\\\/ocoerente.com.br\\\/se\\\/wp-content\\\/uploads\\\/2020\\\/01\\\/ocoerente-1.png\"},\"url\":\"https:\\\/\\\/ocoerente.com.br\\\/se\\\/author\\\/vasticlsales\\\/\"}]}<\/script>\n<!-- \/ Yoast SEO plugin. -->","yoast_head_json":{"title":"Senador Rog\u00e9rio Carvalho apresenta plano de trabalho da CPI da Braskem para investiga\u00e7\u00e3o da trag\u00e9dia em Macei\u00f3 - O Coerente","robots":{"index":"index","follow":"follow","max-snippet":"max-snippet:-1","max-image-preview":"max-image-preview:large","max-video-preview":"max-video-preview:-1"},"canonical":"https:\/\/ocoerente.com.br\/se\/2024\/02\/28\/senador-rogerio-carvalho-apresenta-plano-de-trabalho-da-cpi-da-braskem-para-investigacao-da-tragedia-em-maceio\/","og_locale":"pt_BR","og_type":"article","og_title":"Senador Rog\u00e9rio Carvalho apresenta plano de trabalho da CPI da Braskem para investiga\u00e7\u00e3o da trag\u00e9dia em Macei\u00f3 - O Coerente","og_description":"Nesta ter\u00e7a-feira, 27, o senador Rog\u00e9rio Carvalho (PT\/SE), relator da CPI da Braskem, apresentou o plano de trabalho que ser\u00e1 desenvolvido na Comiss\u00e3o para investigar a trag\u00e9dia ocorrida em Macei\u00f3, Alagoas, decorrente da explora\u00e7\u00e3o mineral na regi\u00e3o. Durante a apresenta\u00e7\u00e3o do plano de trabalho, que tamb\u00e9m foi aprovado hoje, o senador destacou a import\u00e2ncia da [&hellip;]","og_url":"https:\/\/ocoerente.com.br\/se\/2024\/02\/28\/senador-rogerio-carvalho-apresenta-plano-de-trabalho-da-cpi-da-braskem-para-investigacao-da-tragedia-em-maceio\/","og_site_name":"O Coerente","article_published_time":"2024-02-28T18:50:46+00:00","article_modified_time":"2024-02-28T18:50:47+00:00","og_image":[{"width":1600,"height":970,"url":"https:\/\/ocoerente.com.br\/se\/wp-content\/uploads\/2024\/02\/cpi-bras.jpg","type":"image\/jpeg"}],"author":"Reda\u00e7\u00e3o","twitter_card":"summary_large_image","twitter_misc":{"Escrito por":"Reda\u00e7\u00e3o","Est. tempo de leitura":"2 minutos"},"schema":{"@context":"https:\/\/schema.org","@graph":[{"@type":"Article","@id":"https:\/\/ocoerente.com.br\/se\/2024\/02\/28\/senador-rogerio-carvalho-apresenta-plano-de-trabalho-da-cpi-da-braskem-para-investigacao-da-tragedia-em-maceio\/#article","isPartOf":{"@id":"https:\/\/ocoerente.com.br\/se\/2024\/02\/28\/senador-rogerio-carvalho-apresenta-plano-de-trabalho-da-cpi-da-braskem-para-investigacao-da-tragedia-em-maceio\/"},"author":{"name":"Reda\u00e7\u00e3o","@id":"https:\/\/ocoerente.com.br\/se\/#\/schema\/person\/cc6bfd9fbca465e23543b0c963d8d037"},"headline":"Senador Rog\u00e9rio Carvalho apresenta plano de trabalho da CPI da Braskem para investiga\u00e7\u00e3o da trag\u00e9dia em Macei\u00f3","datePublished":"2024-02-28T18:50:46+00:00","dateModified":"2024-02-28T18:50:47+00:00","mainEntityOfPage":{"@id":"https:\/\/ocoerente.com.br\/se\/2024\/02\/28\/senador-rogerio-carvalho-apresenta-plano-de-trabalho-da-cpi-da-braskem-para-investigacao-da-tragedia-em-maceio\/"},"wordCount":415,"publisher":{"@id":"https:\/\/ocoerente.com.br\/se\/#\/schema\/person\/cc6bfd9fbca465e23543b0c963d8d037"},"image":{"@id":"https:\/\/ocoerente.com.br\/se\/2024\/02\/28\/senador-rogerio-carvalho-apresenta-plano-de-trabalho-da-cpi-da-braskem-para-investigacao-da-tragedia-em-maceio\/#primaryimage"},"thumbnailUrl":"https:\/\/ocoerente.com.br\/se\/wp-content\/uploads\/2024\/02\/cpi-bras.jpg","articleSection":["Brasil","Destaques"],"inLanguage":"pt-BR"},{"@type":"WebPage","@id":"https:\/\/ocoerente.com.br\/se\/2024\/02\/28\/senador-rogerio-carvalho-apresenta-plano-de-trabalho-da-cpi-da-braskem-para-investigacao-da-tragedia-em-maceio\/","url":"https:\/\/ocoerente.com.br\/se\/2024\/02\/28\/senador-rogerio-carvalho-apresenta-plano-de-trabalho-da-cpi-da-braskem-para-investigacao-da-tragedia-em-maceio\/","name":"Senador Rog\u00e9rio Carvalho apresenta plano de trabalho da CPI da Braskem para investiga\u00e7\u00e3o da trag\u00e9dia em Macei\u00f3 - O Coerente","isPartOf":{"@id":"https:\/\/ocoerente.com.br\/se\/#website"},"primaryImageOfPage":{"@id":"https:\/\/ocoerente.com.br\/se\/2024\/02\/28\/senador-rogerio-carvalho-apresenta-plano-de-trabalho-da-cpi-da-braskem-para-investigacao-da-tragedia-em-maceio\/#primaryimage"},"image":{"@id":"https:\/\/ocoerente.com.br\/se\/2024\/02\/28\/senador-rogerio-carvalho-apresenta-plano-de-trabalho-da-cpi-da-braskem-para-investigacao-da-tragedia-em-maceio\/#primaryimage"},"thumbnailUrl":"https:\/\/ocoerente.com.br\/se\/wp-content\/uploads\/2024\/02\/cpi-bras.jpg","datePublished":"2024-02-28T18:50:46+00:00","dateModified":"2024-02-28T18:50:47+00:00","breadcrumb":{"@id":"https:\/\/ocoerente.com.br\/se\/2024\/02\/28\/senador-rogerio-carvalho-apresenta-plano-de-trabalho-da-cpi-da-braskem-para-investigacao-da-tragedia-em-maceio\/#breadcrumb"},"inLanguage":"pt-BR","potentialAction":[{"@type":"ReadAction","target":["https:\/\/ocoerente.com.br\/se\/2024\/02\/28\/senador-rogerio-carvalho-apresenta-plano-de-trabalho-da-cpi-da-braskem-para-investigacao-da-tragedia-em-maceio\/"]}]},{"@type":"ImageObject","inLanguage":"pt-BR","@id":"https:\/\/ocoerente.com.br\/se\/2024\/02\/28\/senador-rogerio-carvalho-apresenta-plano-de-trabalho-da-cpi-da-braskem-para-investigacao-da-tragedia-em-maceio\/#primaryimage","url":"https:\/\/ocoerente.com.br\/se\/wp-content\/uploads\/2024\/02\/cpi-bras.jpg","contentUrl":"https:\/\/ocoerente.com.br\/se\/wp-content\/uploads\/2024\/02\/cpi-bras.jpg","width":1600,"height":970,"caption":"Fotos: Daniel Gomes\/Assessoria de Comunica\u00e7\u00e3o"},{"@type":"BreadcrumbList","@id":"https:\/\/ocoerente.com.br\/se\/2024\/02\/28\/senador-rogerio-carvalho-apresenta-plano-de-trabalho-da-cpi-da-braskem-para-investigacao-da-tragedia-em-maceio\/#breadcrumb","itemListElement":[{"@type":"ListItem","position":1,"name":"In\u00edcio","item":"https:\/\/ocoerente.com.br\/se\/"},{"@type":"ListItem","position":2,"name":"Senador Rog\u00e9rio Carvalho apresenta plano de trabalho da CPI da Braskem para investiga\u00e7\u00e3o da trag\u00e9dia em Macei\u00f3"}]},{"@type":"WebSite","@id":"https:\/\/ocoerente.com.br\/se\/#website","url":"https:\/\/ocoerente.com.br\/se\/","name":"O Coerente","description":"","publisher":{"@id":"https:\/\/ocoerente.com.br\/se\/#\/schema\/person\/cc6bfd9fbca465e23543b0c963d8d037"},"potentialAction":[{"@type":"SearchAction","target":{"@type":"EntryPoint","urlTemplate":"https:\/\/ocoerente.com.br\/se\/?s={search_term_string}"},"query-input":{"@type":"PropertyValueSpecification","valueRequired":true,"valueName":"search_term_string"}}],"inLanguage":"pt-BR"},{"@type":["Person","Organization"],"@id":"https:\/\/ocoerente.com.br\/se\/#\/schema\/person\/cc6bfd9fbca465e23543b0c963d8d037","name":"Reda\u00e7\u00e3o","image":{"@type":"ImageObject","inLanguage":"pt-BR","@id":"https:\/\/ocoerente.com.br\/se\/wp-content\/uploads\/2020\/01\/ocoerente-1.png","url":"https:\/\/ocoerente.com.br\/se\/wp-content\/uploads\/2020\/01\/ocoerente-1.png","contentUrl":"https:\/\/ocoerente.com.br\/se\/wp-content\/uploads\/2020\/01\/ocoerente-1.png","width":50,"height":50,"caption":"Reda\u00e7\u00e3o"},"logo":{"@id":"https:\/\/ocoerente.com.br\/se\/wp-content\/uploads\/2020\/01\/ocoerente-1.png"},"url":"https:\/\/ocoerente.com.br\/se\/author\/vasticlsales\/"}]}},"_links":{"self":[{"href":"https:\/\/ocoerente.com.br\/se\/wp-json\/wp\/v2\/posts\/8700","targetHints":{"allow":["GET"]}}],"collection":[{"href":"https:\/\/ocoerente.com.br\/se\/wp-json\/wp\/v2\/posts"}],"about":[{"href":"https:\/\/ocoerente.com.br\/se\/wp-json\/wp\/v2\/types\/post"}],"author":[{"embeddable":true,"href":"https:\/\/ocoerente.com.br\/se\/wp-json\/wp\/v2\/users\/1"}],"replies":[{"embeddable":true,"href":"https:\/\/ocoerente.com.br\/se\/wp-json\/wp\/v2\/comments?post=8700"}],"version-history":[{"count":1,"href":"https:\/\/ocoerente.com.br\/se\/wp-json\/wp\/v2\/posts\/8700\/revisions"}],"predecessor-version":[{"id":8702,"href":"https:\/\/ocoerente.com.br\/se\/wp-json\/wp\/v2\/posts\/8700\/revisions\/8702"}],"wp:featuredmedia":[{"embeddable":true,"href":"https:\/\/ocoerente.com.br\/se\/wp-json\/wp\/v2\/media\/8701"}],"wp:attachment":[{"href":"https:\/\/ocoerente.com.br\/se\/wp-json\/wp\/v2\/media?parent=8700"}],"wp:term":[{"taxonomy":"category","embeddable":true,"href":"https:\/\/ocoerente.com.br\/se\/wp-json\/wp\/v2\/categories?post=8700"},{"taxonomy":"post_tag","embeddable":true,"href":"https:\/\/ocoerente.com.br\/se\/wp-json\/wp\/v2\/tags?post=8700"}],"curies":[{"name":"wp","href":"https:\/\/api.w.org\/{rel}","templated":true}]}}