{"id":867,"date":"2020-04-23T01:24:54","date_gmt":"2020-04-23T04:24:54","guid":{"rendered":"http:\/\/ocoerente.com.br\/se\/?p=867"},"modified":"2020-04-23T01:24:54","modified_gmt":"2020-04-23T04:24:54","slug":"prefeitura-encaminha-ao-tce-copias-do-processo-licitatorio-para-construcao-do-hospital-de-campanha","status":"publish","type":"post","link":"https:\/\/ocoerente.com.br\/se\/2020\/04\/23\/prefeitura-encaminha-ao-tce-copias-do-processo-licitatorio-para-construcao-do-hospital-de-campanha\/","title":{"rendered":"Prefeitura encaminha ao TCE c\u00f3pias do processo licitat\u00f3rio para constru\u00e7\u00e3o do hospital de campanha"},"content":{"rendered":"<p>Com o objetivo de assegurar a devida transpar\u00eancia, conceito que permeia os processos de contrata\u00e7\u00e3o da Prefeitura de Aracaju e da Secretaria Municipal da Sa\u00fade, logo ap\u00f3s realizar a\u00a0<a href=\"https:\/\/www.aracaju.se.gov.br\/noticias\/86035\">entrega ao Minist\u00e9rio P\u00fablico de Sergipe (MPE\/SE) das c\u00f3pias do processo licitat\u00f3rio<\/a>\u00a0para a constru\u00e7\u00e3o do\u00a0<a href=\"https:\/\/www.aracaju.se.gov.br\/noticias\/86046\">hospital de campanha da capital para atendimento \u00e0s pessoas infectadas pelo coronav\u00edrus<\/a>, a secret\u00e1ria Waneska Barboza encaminhou of\u00edcio ao Tribunal de Contas do Estado de Sergipe (TCE\/SE) com o arquivo digitalizado dos mesmos documentos referentes \u00e0 contrata\u00e7\u00e3o dos servi\u00e7os de montagem do hospital de campanha.<\/p>\n<p><img loading=\"lazy\" decoding=\"async\" class=\"alignnone  wp-image-869\" src=\"http:\/\/ocoerente.com.br\/se\/wp-content\/uploads\/2020\/04\/whatsapp_image_2020_04_22_at_13.01.36.jpg\" alt=\"\" width=\"403\" height=\"416\" srcset=\"https:\/\/ocoerente.com.br\/se\/wp-content\/uploads\/2020\/04\/whatsapp_image_2020_04_22_at_13.01.36.jpg 1240w, https:\/\/ocoerente.com.br\/se\/wp-content\/uploads\/2020\/04\/whatsapp_image_2020_04_22_at_13.01.36-291x300.jpg 291w, https:\/\/ocoerente.com.br\/se\/wp-content\/uploads\/2020\/04\/whatsapp_image_2020_04_22_at_13.01.36-992x1024.jpg 992w, https:\/\/ocoerente.com.br\/se\/wp-content\/uploads\/2020\/04\/whatsapp_image_2020_04_22_at_13.01.36-768x793.jpg 768w, https:\/\/ocoerente.com.br\/se\/wp-content\/uploads\/2020\/04\/whatsapp_image_2020_04_22_at_13.01.36-750x774.jpg 750w, https:\/\/ocoerente.com.br\/se\/wp-content\/uploads\/2020\/04\/whatsapp_image_2020_04_22_at_13.01.36-1140x1177.jpg 1140w\" sizes=\"auto, (max-width: 403px) 100vw, 403px\" \/><\/p>\n<p>\u201cA gest\u00e3o municipal est\u00e1 muito comprometida em realizar todas as a\u00e7\u00f5es para enfrentamento da covid-19 de forma c\u00e9lere, mas sempre levando em conta o planejamento e a transpar\u00eancia. Toda a elabora\u00e7\u00e3o do projeto para constru\u00e7\u00e3o do Hospital de Campanha tem sido feita dentro do que prev\u00ea a legisla\u00e7\u00e3o para facilitar o acesso dos \u00f3rg\u00e3os fiscalizadores. E o envio desses documentos de forma antecipada comprova que temos trabalhado de forma estrat\u00e9gica para garantir da melhor maneira a oferta do servi\u00e7o, sem atrasos por quest\u00f5es burocr\u00e1ticas\u201d, afirmou a secret\u00e1ria da Sa\u00fade de Aracaju.<\/p>\n<p>O Centro de Atendimento Provis\u00f3rio, o hospital de campanha, instalado no Est\u00e1dio Jo\u00e3o Hora de Oliveira,\u00a0 ser\u00e1 destinado para atendimento da popula\u00e7\u00e3o v\u00edtima da covid-19 e deve come\u00e7ar a funcionar na primeira quinzena de maio.<\/p>\n<p>Processo<br \/>\nPor meio de um certame emergencial, a Secretaria Municipal da Sa\u00fade de Aracaju contratou a empresa Jos\u00e9 Te\u00f3filo de Santana Neto Produ\u00e7\u00f5es e Eventos \u2013 cuja proposta apresentada \u00e9 36% menor que a m\u00e9dia das demais concorrentes &#8211; para a montagem do Centro de Atendimento Provis\u00f3rio. O contrato \u00e9 por um per\u00edodo de at\u00e9 180 dias (seis meses), e pode ser rescindido antes desse per\u00edodo.<\/p>\n<p>O Aviso de Licita\u00e7\u00e3o Dispensada N\u00ba 028\/2020 foi publicado na edi\u00e7\u00e3o do dia 7 de abril do Di\u00e1rio Oficial do Munic\u00edpio e, a partir dele, quatro empresas enviaram propostas \u00e0 Secretaria da Sa\u00fade de Aracaju, em envelopes lacrados, os quais foram abertos na presen\u00e7a dos proponentes.<\/p>\n<p>Conduzida de forma transparente, essa dispensa emergencial est\u00e1 amparada na lei federal 13.979\/2020, e na Medida Provis\u00f3ria 926\/2020, que tratam dos procedimentos para aquisi\u00e7\u00e3o de bens, servi\u00e7os e insumos destinados ao enfrentamento da emerg\u00eancia em sa\u00fade p\u00fablica de import\u00e2ncia internacional decorrente do coronav\u00edrus.<\/p>\n<p>Estrutura<br \/>\nA estrutura do Centro de Atendimento Provis\u00f3rio para os casos de covid-19 ter\u00e1 capacidade para 152 leitos e contar\u00e1 com 31 cont\u00eaineres com 15m\u00b2 cada; 17 toldos de 36m\u00b2, cada, para acesso de entrada e sa\u00edda de pacientes e funcion\u00e1rios; estrutura met\u00e1lica coberta de 2.400m\u00b2 para a parte interna principal do hospital de campanha onde ocorrer\u00e3o os atendimentos.<\/p>\n<p>Nos containers ser\u00e3o instaladas tr\u00eas salas para DML; duas salas de utilidade; um necrot\u00e9rio, dois salas para paramenta\u00e7\u00e3o; dois vesti\u00e1rios; quatro banheiros para funcion\u00e1rios; seis salas para descarte de paramenta\u00e7\u00e3o; 12 banheiros para pacientes; e uma sala para abrigo de res\u00edduos comum e infectante.<\/p>\n<p>&nbsp;<\/p>\n<p>Aracaju &#8211; Sa\u00fade<\/p>\n","protected":false},"excerpt":{"rendered":"<p>Com o objetivo de assegurar a devida transpar\u00eancia, conceito que permeia os processos de contrata\u00e7\u00e3o da Prefeitura de Aracaju e da Secretaria Municipal da Sa\u00fade, logo ap\u00f3s realizar a\u00a0entrega ao Minist\u00e9rio P\u00fablico de Sergipe (MPE\/SE) das c\u00f3pias do processo licitat\u00f3rio\u00a0para a constru\u00e7\u00e3o do\u00a0hospital de campanha da capital para atendimento \u00e0s pessoas infectadas pelo coronav\u00edrus, a [&hellip;]<\/p>\n","protected":false},"author":1,"featured_media":868,"comment_status":"closed","ping_status":"closed","sticky":false,"template":"","format":"standard","meta":{"footnotes":""},"categories":[43],"tags":[],"class_list":["post-867","post","type-post","status-publish","format-standard","has-post-thumbnail","hentry","category-sergipe"],"yoast_head":"<!-- This site is optimized with the Yoast SEO plugin v27.5 - https:\/\/yoast.com\/product\/yoast-seo-wordpress\/ -->\n<title>Prefeitura encaminha ao TCE c\u00f3pias do processo licitat\u00f3rio para constru\u00e7\u00e3o do hospital de campanha - O Coerente<\/title>\n<meta name=\"robots\" content=\"index, follow, max-snippet:-1, max-image-preview:large, max-video-preview:-1\" \/>\n<link rel=\"canonical\" href=\"https:\/\/ocoerente.com.br\/se\/2020\/04\/23\/prefeitura-encaminha-ao-tce-copias-do-processo-licitatorio-para-construcao-do-hospital-de-campanha\/\" \/>\n<meta property=\"og:locale\" content=\"pt_BR\" \/>\n<meta property=\"og:type\" content=\"article\" \/>\n<meta property=\"og:title\" content=\"Prefeitura encaminha ao TCE c\u00f3pias do processo licitat\u00f3rio para constru\u00e7\u00e3o do hospital de campanha - O Coerente\" \/>\n<meta property=\"og:description\" content=\"Com o objetivo de assegurar a devida transpar\u00eancia, conceito que permeia os processos de contrata\u00e7\u00e3o da Prefeitura de Aracaju e da Secretaria Municipal da Sa\u00fade, logo ap\u00f3s realizar a\u00a0entrega ao Minist\u00e9rio P\u00fablico de Sergipe (MPE\/SE) das c\u00f3pias do processo licitat\u00f3rio\u00a0para a constru\u00e7\u00e3o do\u00a0hospital de campanha da capital para atendimento \u00e0s pessoas infectadas pelo coronav\u00edrus, a [&hellip;]\" \/>\n<meta property=\"og:url\" content=\"https:\/\/ocoerente.com.br\/se\/2020\/04\/23\/prefeitura-encaminha-ao-tce-copias-do-processo-licitatorio-para-construcao-do-hospital-de-campanha\/\" \/>\n<meta property=\"og:site_name\" content=\"O Coerente\" \/>\n<meta property=\"article:published_time\" content=\"2020-04-23T04:24:54+00:00\" \/>\n<meta property=\"og:image\" content=\"https:\/\/ocoerente.com.br\/se\/wp-content\/uploads\/2020\/04\/hospital_de_campanha__foto_andre_moreira_65-scaled.jpg\" \/>\n\t<meta property=\"og:image:width\" content=\"2560\" \/>\n\t<meta property=\"og:image:height\" content=\"1729\" \/>\n\t<meta property=\"og:image:type\" content=\"image\/jpeg\" \/>\n<meta name=\"author\" content=\"Reda\u00e7\u00e3o\" \/>\n<meta name=\"twitter:card\" content=\"summary_large_image\" \/>\n<meta name=\"twitter:label1\" content=\"Escrito por\" \/>\n\t<meta name=\"twitter:data1\" content=\"Reda\u00e7\u00e3o\" \/>\n\t<meta name=\"twitter:label2\" content=\"Est. tempo de leitura\" \/>\n\t<meta name=\"twitter:data2\" content=\"3 minutos\" \/>\n<script type=\"application\/ld+json\" class=\"yoast-schema-graph\">{\"@context\":\"https:\\\/\\\/schema.org\",\"@graph\":[{\"@type\":\"Article\",\"@id\":\"https:\\\/\\\/ocoerente.com.br\\\/se\\\/2020\\\/04\\\/23\\\/prefeitura-encaminha-ao-tce-copias-do-processo-licitatorio-para-construcao-do-hospital-de-campanha\\\/#article\",\"isPartOf\":{\"@id\":\"https:\\\/\\\/ocoerente.com.br\\\/se\\\/2020\\\/04\\\/23\\\/prefeitura-encaminha-ao-tce-copias-do-processo-licitatorio-para-construcao-do-hospital-de-campanha\\\/\"},\"author\":{\"name\":\"Reda\u00e7\u00e3o\",\"@id\":\"https:\\\/\\\/ocoerente.com.br\\\/se\\\/#\\\/schema\\\/person\\\/cc6bfd9fbca465e23543b0c963d8d037\"},\"headline\":\"Prefeitura encaminha ao TCE c\u00f3pias do processo licitat\u00f3rio para constru\u00e7\u00e3o do hospital de campanha\",\"datePublished\":\"2020-04-23T04:24:54+00:00\",\"mainEntityOfPage\":{\"@id\":\"https:\\\/\\\/ocoerente.com.br\\\/se\\\/2020\\\/04\\\/23\\\/prefeitura-encaminha-ao-tce-copias-do-processo-licitatorio-para-construcao-do-hospital-de-campanha\\\/\"},\"wordCount\":552,\"publisher\":{\"@id\":\"https:\\\/\\\/ocoerente.com.br\\\/se\\\/#\\\/schema\\\/person\\\/cc6bfd9fbca465e23543b0c963d8d037\"},\"image\":{\"@id\":\"https:\\\/\\\/ocoerente.com.br\\\/se\\\/2020\\\/04\\\/23\\\/prefeitura-encaminha-ao-tce-copias-do-processo-licitatorio-para-construcao-do-hospital-de-campanha\\\/#primaryimage\"},\"thumbnailUrl\":\"https:\\\/\\\/ocoerente.com.br\\\/se\\\/wp-content\\\/uploads\\\/2020\\\/04\\\/hospital_de_campanha__foto_andre_moreira_65-scaled.jpg\",\"articleSection\":[\"Sergipe\"],\"inLanguage\":\"pt-BR\"},{\"@type\":\"WebPage\",\"@id\":\"https:\\\/\\\/ocoerente.com.br\\\/se\\\/2020\\\/04\\\/23\\\/prefeitura-encaminha-ao-tce-copias-do-processo-licitatorio-para-construcao-do-hospital-de-campanha\\\/\",\"url\":\"https:\\\/\\\/ocoerente.com.br\\\/se\\\/2020\\\/04\\\/23\\\/prefeitura-encaminha-ao-tce-copias-do-processo-licitatorio-para-construcao-do-hospital-de-campanha\\\/\",\"name\":\"Prefeitura encaminha ao TCE c\u00f3pias do processo licitat\u00f3rio para constru\u00e7\u00e3o do hospital de campanha - O Coerente\",\"isPartOf\":{\"@id\":\"https:\\\/\\\/ocoerente.com.br\\\/se\\\/#website\"},\"primaryImageOfPage\":{\"@id\":\"https:\\\/\\\/ocoerente.com.br\\\/se\\\/2020\\\/04\\\/23\\\/prefeitura-encaminha-ao-tce-copias-do-processo-licitatorio-para-construcao-do-hospital-de-campanha\\\/#primaryimage\"},\"image\":{\"@id\":\"https:\\\/\\\/ocoerente.com.br\\\/se\\\/2020\\\/04\\\/23\\\/prefeitura-encaminha-ao-tce-copias-do-processo-licitatorio-para-construcao-do-hospital-de-campanha\\\/#primaryimage\"},\"thumbnailUrl\":\"https:\\\/\\\/ocoerente.com.br\\\/se\\\/wp-content\\\/uploads\\\/2020\\\/04\\\/hospital_de_campanha__foto_andre_moreira_65-scaled.jpg\",\"datePublished\":\"2020-04-23T04:24:54+00:00\",\"breadcrumb\":{\"@id\":\"https:\\\/\\\/ocoerente.com.br\\\/se\\\/2020\\\/04\\\/23\\\/prefeitura-encaminha-ao-tce-copias-do-processo-licitatorio-para-construcao-do-hospital-de-campanha\\\/#breadcrumb\"},\"inLanguage\":\"pt-BR\",\"potentialAction\":[{\"@type\":\"ReadAction\",\"target\":[\"https:\\\/\\\/ocoerente.com.br\\\/se\\\/2020\\\/04\\\/23\\\/prefeitura-encaminha-ao-tce-copias-do-processo-licitatorio-para-construcao-do-hospital-de-campanha\\\/\"]}]},{\"@type\":\"ImageObject\",\"inLanguage\":\"pt-BR\",\"@id\":\"https:\\\/\\\/ocoerente.com.br\\\/se\\\/2020\\\/04\\\/23\\\/prefeitura-encaminha-ao-tce-copias-do-processo-licitatorio-para-construcao-do-hospital-de-campanha\\\/#primaryimage\",\"url\":\"https:\\\/\\\/ocoerente.com.br\\\/se\\\/wp-content\\\/uploads\\\/2020\\\/04\\\/hospital_de_campanha__foto_andre_moreira_65-scaled.jpg\",\"contentUrl\":\"https:\\\/\\\/ocoerente.com.br\\\/se\\\/wp-content\\\/uploads\\\/2020\\\/04\\\/hospital_de_campanha__foto_andre_moreira_65-scaled.jpg\",\"width\":2560,\"height\":1729},{\"@type\":\"BreadcrumbList\",\"@id\":\"https:\\\/\\\/ocoerente.com.br\\\/se\\\/2020\\\/04\\\/23\\\/prefeitura-encaminha-ao-tce-copias-do-processo-licitatorio-para-construcao-do-hospital-de-campanha\\\/#breadcrumb\",\"itemListElement\":[{\"@type\":\"ListItem\",\"position\":1,\"name\":\"In\u00edcio\",\"item\":\"https:\\\/\\\/ocoerente.com.br\\\/se\\\/\"},{\"@type\":\"ListItem\",\"position\":2,\"name\":\"Prefeitura encaminha ao TCE c\u00f3pias do processo licitat\u00f3rio para constru\u00e7\u00e3o do hospital de campanha\"}]},{\"@type\":\"WebSite\",\"@id\":\"https:\\\/\\\/ocoerente.com.br\\\/se\\\/#website\",\"url\":\"https:\\\/\\\/ocoerente.com.br\\\/se\\\/\",\"name\":\"O Coerente\",\"description\":\"\",\"publisher\":{\"@id\":\"https:\\\/\\\/ocoerente.com.br\\\/se\\\/#\\\/schema\\\/person\\\/cc6bfd9fbca465e23543b0c963d8d037\"},\"potentialAction\":[{\"@type\":\"SearchAction\",\"target\":{\"@type\":\"EntryPoint\",\"urlTemplate\":\"https:\\\/\\\/ocoerente.com.br\\\/se\\\/?s={search_term_string}\"},\"query-input\":{\"@type\":\"PropertyValueSpecification\",\"valueRequired\":true,\"valueName\":\"search_term_string\"}}],\"inLanguage\":\"pt-BR\"},{\"@type\":[\"Person\",\"Organization\"],\"@id\":\"https:\\\/\\\/ocoerente.com.br\\\/se\\\/#\\\/schema\\\/person\\\/cc6bfd9fbca465e23543b0c963d8d037\",\"name\":\"Reda\u00e7\u00e3o\",\"image\":{\"@type\":\"ImageObject\",\"inLanguage\":\"pt-BR\",\"@id\":\"https:\\\/\\\/ocoerente.com.br\\\/se\\\/wp-content\\\/uploads\\\/2020\\\/01\\\/ocoerente-1.png\",\"url\":\"https:\\\/\\\/ocoerente.com.br\\\/se\\\/wp-content\\\/uploads\\\/2020\\\/01\\\/ocoerente-1.png\",\"contentUrl\":\"https:\\\/\\\/ocoerente.com.br\\\/se\\\/wp-content\\\/uploads\\\/2020\\\/01\\\/ocoerente-1.png\",\"width\":50,\"height\":50,\"caption\":\"Reda\u00e7\u00e3o\"},\"logo\":{\"@id\":\"https:\\\/\\\/ocoerente.com.br\\\/se\\\/wp-content\\\/uploads\\\/2020\\\/01\\\/ocoerente-1.png\"},\"url\":\"https:\\\/\\\/ocoerente.com.br\\\/se\\\/author\\\/vasticlsales\\\/\"}]}<\/script>\n<!-- \/ Yoast SEO plugin. -->","yoast_head_json":{"title":"Prefeitura encaminha ao TCE c\u00f3pias do processo licitat\u00f3rio para constru\u00e7\u00e3o do hospital de campanha - O Coerente","robots":{"index":"index","follow":"follow","max-snippet":"max-snippet:-1","max-image-preview":"max-image-preview:large","max-video-preview":"max-video-preview:-1"},"canonical":"https:\/\/ocoerente.com.br\/se\/2020\/04\/23\/prefeitura-encaminha-ao-tce-copias-do-processo-licitatorio-para-construcao-do-hospital-de-campanha\/","og_locale":"pt_BR","og_type":"article","og_title":"Prefeitura encaminha ao TCE c\u00f3pias do processo licitat\u00f3rio para constru\u00e7\u00e3o do hospital de campanha - O Coerente","og_description":"Com o objetivo de assegurar a devida transpar\u00eancia, conceito que permeia os processos de contrata\u00e7\u00e3o da Prefeitura de Aracaju e da Secretaria Municipal da Sa\u00fade, logo ap\u00f3s realizar a\u00a0entrega ao Minist\u00e9rio P\u00fablico de Sergipe (MPE\/SE) das c\u00f3pias do processo licitat\u00f3rio\u00a0para a constru\u00e7\u00e3o do\u00a0hospital de campanha da capital para atendimento \u00e0s pessoas infectadas pelo coronav\u00edrus, a [&hellip;]","og_url":"https:\/\/ocoerente.com.br\/se\/2020\/04\/23\/prefeitura-encaminha-ao-tce-copias-do-processo-licitatorio-para-construcao-do-hospital-de-campanha\/","og_site_name":"O Coerente","article_published_time":"2020-04-23T04:24:54+00:00","og_image":[{"width":2560,"height":1729,"url":"https:\/\/ocoerente.com.br\/se\/wp-content\/uploads\/2020\/04\/hospital_de_campanha__foto_andre_moreira_65-scaled.jpg","type":"image\/jpeg"}],"author":"Reda\u00e7\u00e3o","twitter_card":"summary_large_image","twitter_misc":{"Escrito por":"Reda\u00e7\u00e3o","Est. tempo de leitura":"3 minutos"},"schema":{"@context":"https:\/\/schema.org","@graph":[{"@type":"Article","@id":"https:\/\/ocoerente.com.br\/se\/2020\/04\/23\/prefeitura-encaminha-ao-tce-copias-do-processo-licitatorio-para-construcao-do-hospital-de-campanha\/#article","isPartOf":{"@id":"https:\/\/ocoerente.com.br\/se\/2020\/04\/23\/prefeitura-encaminha-ao-tce-copias-do-processo-licitatorio-para-construcao-do-hospital-de-campanha\/"},"author":{"name":"Reda\u00e7\u00e3o","@id":"https:\/\/ocoerente.com.br\/se\/#\/schema\/person\/cc6bfd9fbca465e23543b0c963d8d037"},"headline":"Prefeitura encaminha ao TCE c\u00f3pias do processo licitat\u00f3rio para constru\u00e7\u00e3o do hospital de campanha","datePublished":"2020-04-23T04:24:54+00:00","mainEntityOfPage":{"@id":"https:\/\/ocoerente.com.br\/se\/2020\/04\/23\/prefeitura-encaminha-ao-tce-copias-do-processo-licitatorio-para-construcao-do-hospital-de-campanha\/"},"wordCount":552,"publisher":{"@id":"https:\/\/ocoerente.com.br\/se\/#\/schema\/person\/cc6bfd9fbca465e23543b0c963d8d037"},"image":{"@id":"https:\/\/ocoerente.com.br\/se\/2020\/04\/23\/prefeitura-encaminha-ao-tce-copias-do-processo-licitatorio-para-construcao-do-hospital-de-campanha\/#primaryimage"},"thumbnailUrl":"https:\/\/ocoerente.com.br\/se\/wp-content\/uploads\/2020\/04\/hospital_de_campanha__foto_andre_moreira_65-scaled.jpg","articleSection":["Sergipe"],"inLanguage":"pt-BR"},{"@type":"WebPage","@id":"https:\/\/ocoerente.com.br\/se\/2020\/04\/23\/prefeitura-encaminha-ao-tce-copias-do-processo-licitatorio-para-construcao-do-hospital-de-campanha\/","url":"https:\/\/ocoerente.com.br\/se\/2020\/04\/23\/prefeitura-encaminha-ao-tce-copias-do-processo-licitatorio-para-construcao-do-hospital-de-campanha\/","name":"Prefeitura encaminha ao TCE c\u00f3pias do processo licitat\u00f3rio para constru\u00e7\u00e3o do hospital de campanha - O Coerente","isPartOf":{"@id":"https:\/\/ocoerente.com.br\/se\/#website"},"primaryImageOfPage":{"@id":"https:\/\/ocoerente.com.br\/se\/2020\/04\/23\/prefeitura-encaminha-ao-tce-copias-do-processo-licitatorio-para-construcao-do-hospital-de-campanha\/#primaryimage"},"image":{"@id":"https:\/\/ocoerente.com.br\/se\/2020\/04\/23\/prefeitura-encaminha-ao-tce-copias-do-processo-licitatorio-para-construcao-do-hospital-de-campanha\/#primaryimage"},"thumbnailUrl":"https:\/\/ocoerente.com.br\/se\/wp-content\/uploads\/2020\/04\/hospital_de_campanha__foto_andre_moreira_65-scaled.jpg","datePublished":"2020-04-23T04:24:54+00:00","breadcrumb":{"@id":"https:\/\/ocoerente.com.br\/se\/2020\/04\/23\/prefeitura-encaminha-ao-tce-copias-do-processo-licitatorio-para-construcao-do-hospital-de-campanha\/#breadcrumb"},"inLanguage":"pt-BR","potentialAction":[{"@type":"ReadAction","target":["https:\/\/ocoerente.com.br\/se\/2020\/04\/23\/prefeitura-encaminha-ao-tce-copias-do-processo-licitatorio-para-construcao-do-hospital-de-campanha\/"]}]},{"@type":"ImageObject","inLanguage":"pt-BR","@id":"https:\/\/ocoerente.com.br\/se\/2020\/04\/23\/prefeitura-encaminha-ao-tce-copias-do-processo-licitatorio-para-construcao-do-hospital-de-campanha\/#primaryimage","url":"https:\/\/ocoerente.com.br\/se\/wp-content\/uploads\/2020\/04\/hospital_de_campanha__foto_andre_moreira_65-scaled.jpg","contentUrl":"https:\/\/ocoerente.com.br\/se\/wp-content\/uploads\/2020\/04\/hospital_de_campanha__foto_andre_moreira_65-scaled.jpg","width":2560,"height":1729},{"@type":"BreadcrumbList","@id":"https:\/\/ocoerente.com.br\/se\/2020\/04\/23\/prefeitura-encaminha-ao-tce-copias-do-processo-licitatorio-para-construcao-do-hospital-de-campanha\/#breadcrumb","itemListElement":[{"@type":"ListItem","position":1,"name":"In\u00edcio","item":"https:\/\/ocoerente.com.br\/se\/"},{"@type":"ListItem","position":2,"name":"Prefeitura encaminha ao TCE c\u00f3pias do processo licitat\u00f3rio para constru\u00e7\u00e3o do hospital de campanha"}]},{"@type":"WebSite","@id":"https:\/\/ocoerente.com.br\/se\/#website","url":"https:\/\/ocoerente.com.br\/se\/","name":"O Coerente","description":"","publisher":{"@id":"https:\/\/ocoerente.com.br\/se\/#\/schema\/person\/cc6bfd9fbca465e23543b0c963d8d037"},"potentialAction":[{"@type":"SearchAction","target":{"@type":"EntryPoint","urlTemplate":"https:\/\/ocoerente.com.br\/se\/?s={search_term_string}"},"query-input":{"@type":"PropertyValueSpecification","valueRequired":true,"valueName":"search_term_string"}}],"inLanguage":"pt-BR"},{"@type":["Person","Organization"],"@id":"https:\/\/ocoerente.com.br\/se\/#\/schema\/person\/cc6bfd9fbca465e23543b0c963d8d037","name":"Reda\u00e7\u00e3o","image":{"@type":"ImageObject","inLanguage":"pt-BR","@id":"https:\/\/ocoerente.com.br\/se\/wp-content\/uploads\/2020\/01\/ocoerente-1.png","url":"https:\/\/ocoerente.com.br\/se\/wp-content\/uploads\/2020\/01\/ocoerente-1.png","contentUrl":"https:\/\/ocoerente.com.br\/se\/wp-content\/uploads\/2020\/01\/ocoerente-1.png","width":50,"height":50,"caption":"Reda\u00e7\u00e3o"},"logo":{"@id":"https:\/\/ocoerente.com.br\/se\/wp-content\/uploads\/2020\/01\/ocoerente-1.png"},"url":"https:\/\/ocoerente.com.br\/se\/author\/vasticlsales\/"}]}},"_links":{"self":[{"href":"https:\/\/ocoerente.com.br\/se\/wp-json\/wp\/v2\/posts\/867","targetHints":{"allow":["GET"]}}],"collection":[{"href":"https:\/\/ocoerente.com.br\/se\/wp-json\/wp\/v2\/posts"}],"about":[{"href":"https:\/\/ocoerente.com.br\/se\/wp-json\/wp\/v2\/types\/post"}],"author":[{"embeddable":true,"href":"https:\/\/ocoerente.com.br\/se\/wp-json\/wp\/v2\/users\/1"}],"replies":[{"embeddable":true,"href":"https:\/\/ocoerente.com.br\/se\/wp-json\/wp\/v2\/comments?post=867"}],"version-history":[{"count":1,"href":"https:\/\/ocoerente.com.br\/se\/wp-json\/wp\/v2\/posts\/867\/revisions"}],"predecessor-version":[{"id":870,"href":"https:\/\/ocoerente.com.br\/se\/wp-json\/wp\/v2\/posts\/867\/revisions\/870"}],"wp:featuredmedia":[{"embeddable":true,"href":"https:\/\/ocoerente.com.br\/se\/wp-json\/wp\/v2\/media\/868"}],"wp:attachment":[{"href":"https:\/\/ocoerente.com.br\/se\/wp-json\/wp\/v2\/media?parent=867"}],"wp:term":[{"taxonomy":"category","embeddable":true,"href":"https:\/\/ocoerente.com.br\/se\/wp-json\/wp\/v2\/categories?post=867"},{"taxonomy":"post_tag","embeddable":true,"href":"https:\/\/ocoerente.com.br\/se\/wp-json\/wp\/v2\/tags?post=867"}],"curies":[{"name":"wp","href":"https:\/\/api.w.org\/{rel}","templated":true}]}}