{"id":8661,"date":"2024-02-26T03:34:04","date_gmt":"2024-02-26T06:34:04","guid":{"rendered":"https:\/\/ocoerente.com.br\/se\/?p=8661"},"modified":"2024-02-26T03:34:05","modified_gmt":"2024-02-26T06:34:05","slug":"ex-presidente-do-novo-joao-amoedo-e-ameacado-apos-defender-prisao-de-bolsonaro","status":"publish","type":"post","link":"https:\/\/ocoerente.com.br\/se\/2024\/02\/26\/ex-presidente-do-novo-joao-amoedo-e-ameacado-apos-defender-prisao-de-bolsonaro\/","title":{"rendered":"Ex-presidente do Novo, Jo\u00e3o Amo\u00eado, \u00e9 amea\u00e7ado ap\u00f3s defender pris\u00e3o de Bolsonaro"},"content":{"rendered":"\n<p>\u201cO ex-presidente deveria ser preso\u201d. Essa \u00e9 a opini\u00e3o do ex-presidente do Partido Novo, Jo\u00e3o Amo\u00eado, ap\u00f3s a realiza\u00e7\u00e3o do ato deste domingo na Avenida Paulista, em S\u00e3o Paulo, com a presen\u00e7a do ex-presidente Jair Bolsonaro.<\/p>\n\n\n\n<p>Segundo o empres\u00e1rio Jo\u00e3o Amo\u00eado, o ex-presidente Bolsonaro confessou seus crimes e defendeu anistia para ele e os invasores dos tr\u00eas poderes nos atos antidemocr\u00e1ticos de 8 de janeiro.<\/p>\n\n\n\n<p>\u201cAp\u00f3s Bolsonaro confessar que havia uma minuta do golpe e pedir anistia aos \u201cmanifestantes\u201d de 8\/1 \u2013 assumindo ent\u00e3o que eles s\u00e3o culpados \u2013 fica ainda mais \u00f3bvio que o ex-presidente deveria ser preso\u201d, postou o pol\u00edtico no X, antigo Twitter.<\/p>\n\n\n\n<p>Ap\u00f3s defender a pris\u00e3o do ex-presidente, Amo\u00eado foi amea\u00e7ado por um seguidor de Bolsonaro. Ele revelou que ir\u00e1 levar o caso \u00e0 pol\u00edcia e acionar\u00e1 o Poder Judici\u00e1rio.<\/p>\n\n\n\n<p>\u201cAmea\u00e7as como essa s\u00e3o criminosas e inaceit\u00e1veis. Farei o registro na Pol\u00edcia e acionarei a Justi\u00e7a\u201d, postou Jo\u00e3o Amo\u00eado, um dos principais cr\u00edticos do ex-presidente Bolsonaro.<\/p>\n\n\n\n<p>Por Reda\u00e7\u00e3o HoraNews<br>Foto: Divulga\u00e7\u00e3o<\/p>\n","protected":false},"excerpt":{"rendered":"<p>\u201cO ex-presidente deveria ser preso\u201d. Essa \u00e9 a opini\u00e3o do ex-presidente do Partido Novo, Jo\u00e3o Amo\u00eado, ap\u00f3s a realiza\u00e7\u00e3o do ato deste domingo na Avenida Paulista, em S\u00e3o Paulo, com a presen\u00e7a do ex-presidente Jair Bolsonaro. Segundo o empres\u00e1rio Jo\u00e3o Amo\u00eado, o ex-presidente Bolsonaro confessou seus crimes e defendeu anistia para ele e os invasores [&hellip;]<\/p>\n","protected":false},"author":1,"featured_media":8662,"comment_status":"closed","ping_status":"closed","sticky":false,"template":"","format":"standard","meta":{"footnotes":""},"categories":[53,44],"tags":[],"class_list":["post-8661","post","type-post","status-publish","format-standard","has-post-thumbnail","hentry","category-destaques","category-politica"],"yoast_head":"<!-- This site is optimized with the Yoast SEO plugin v27.5 - https:\/\/yoast.com\/product\/yoast-seo-wordpress\/ -->\n<title>Ex-presidente do Novo, Jo\u00e3o Amo\u00eado, \u00e9 amea\u00e7ado ap\u00f3s defender pris\u00e3o de Bolsonaro - O Coerente<\/title>\n<meta name=\"robots\" content=\"index, follow, max-snippet:-1, max-image-preview:large, max-video-preview:-1\" \/>\n<link rel=\"canonical\" href=\"https:\/\/ocoerente.com.br\/se\/2024\/02\/26\/ex-presidente-do-novo-joao-amoedo-e-ameacado-apos-defender-prisao-de-bolsonaro\/\" \/>\n<meta property=\"og:locale\" content=\"pt_BR\" \/>\n<meta property=\"og:type\" content=\"article\" \/>\n<meta property=\"og:title\" content=\"Ex-presidente do Novo, Jo\u00e3o Amo\u00eado, \u00e9 amea\u00e7ado ap\u00f3s defender pris\u00e3o de Bolsonaro - O Coerente\" \/>\n<meta property=\"og:description\" content=\"\u201cO ex-presidente deveria ser preso\u201d. Essa \u00e9 a opini\u00e3o do ex-presidente do Partido Novo, Jo\u00e3o Amo\u00eado, ap\u00f3s a realiza\u00e7\u00e3o do ato deste domingo na Avenida Paulista, em S\u00e3o Paulo, com a presen\u00e7a do ex-presidente Jair Bolsonaro. Segundo o empres\u00e1rio Jo\u00e3o Amo\u00eado, o ex-presidente Bolsonaro confessou seus crimes e defendeu anistia para ele e os invasores [&hellip;]\" \/>\n<meta property=\"og:url\" content=\"https:\/\/ocoerente.com.br\/se\/2024\/02\/26\/ex-presidente-do-novo-joao-amoedo-e-ameacado-apos-defender-prisao-de-bolsonaro\/\" \/>\n<meta property=\"og:site_name\" content=\"O Coerente\" \/>\n<meta property=\"article:published_time\" content=\"2024-02-26T06:34:04+00:00\" \/>\n<meta property=\"article:modified_time\" content=\"2024-02-26T06:34:05+00:00\" \/>\n<meta property=\"og:image\" content=\"https:\/\/ocoerente.com.br\/se\/wp-content\/uploads\/2024\/02\/joao-amoedo-foto-.jpg\" \/>\n\t<meta property=\"og:image:width\" content=\"600\" \/>\n\t<meta property=\"og:image:height\" content=\"288\" \/>\n\t<meta property=\"og:image:type\" content=\"image\/jpeg\" \/>\n<meta name=\"author\" content=\"Reda\u00e7\u00e3o\" \/>\n<meta name=\"twitter:card\" content=\"summary_large_image\" \/>\n<meta name=\"twitter:label1\" content=\"Escrito por\" \/>\n\t<meta name=\"twitter:data1\" content=\"Reda\u00e7\u00e3o\" \/>\n\t<meta name=\"twitter:label2\" content=\"Est. tempo de leitura\" \/>\n\t<meta name=\"twitter:data2\" content=\"1 minuto\" \/>\n<script type=\"application\/ld+json\" class=\"yoast-schema-graph\">{\"@context\":\"https:\\\/\\\/schema.org\",\"@graph\":[{\"@type\":\"Article\",\"@id\":\"https:\\\/\\\/ocoerente.com.br\\\/se\\\/2024\\\/02\\\/26\\\/ex-presidente-do-novo-joao-amoedo-e-ameacado-apos-defender-prisao-de-bolsonaro\\\/#article\",\"isPartOf\":{\"@id\":\"https:\\\/\\\/ocoerente.com.br\\\/se\\\/2024\\\/02\\\/26\\\/ex-presidente-do-novo-joao-amoedo-e-ameacado-apos-defender-prisao-de-bolsonaro\\\/\"},\"author\":{\"name\":\"Reda\u00e7\u00e3o\",\"@id\":\"https:\\\/\\\/ocoerente.com.br\\\/se\\\/#\\\/schema\\\/person\\\/cc6bfd9fbca465e23543b0c963d8d037\"},\"headline\":\"Ex-presidente do Novo, Jo\u00e3o Amo\u00eado, \u00e9 amea\u00e7ado ap\u00f3s defender pris\u00e3o de Bolsonaro\",\"datePublished\":\"2024-02-26T06:34:04+00:00\",\"dateModified\":\"2024-02-26T06:34:05+00:00\",\"mainEntityOfPage\":{\"@id\":\"https:\\\/\\\/ocoerente.com.br\\\/se\\\/2024\\\/02\\\/26\\\/ex-presidente-do-novo-joao-amoedo-e-ameacado-apos-defender-prisao-de-bolsonaro\\\/\"},\"wordCount\":206,\"publisher\":{\"@id\":\"https:\\\/\\\/ocoerente.com.br\\\/se\\\/#\\\/schema\\\/person\\\/cc6bfd9fbca465e23543b0c963d8d037\"},\"image\":{\"@id\":\"https:\\\/\\\/ocoerente.com.br\\\/se\\\/2024\\\/02\\\/26\\\/ex-presidente-do-novo-joao-amoedo-e-ameacado-apos-defender-prisao-de-bolsonaro\\\/#primaryimage\"},\"thumbnailUrl\":\"https:\\\/\\\/ocoerente.com.br\\\/se\\\/wp-content\\\/uploads\\\/2024\\\/02\\\/joao-amoedo-foto-.jpg\",\"articleSection\":[\"Destaques\",\"Pol\u00edtica\"],\"inLanguage\":\"pt-BR\"},{\"@type\":\"WebPage\",\"@id\":\"https:\\\/\\\/ocoerente.com.br\\\/se\\\/2024\\\/02\\\/26\\\/ex-presidente-do-novo-joao-amoedo-e-ameacado-apos-defender-prisao-de-bolsonaro\\\/\",\"url\":\"https:\\\/\\\/ocoerente.com.br\\\/se\\\/2024\\\/02\\\/26\\\/ex-presidente-do-novo-joao-amoedo-e-ameacado-apos-defender-prisao-de-bolsonaro\\\/\",\"name\":\"Ex-presidente do Novo, Jo\u00e3o Amo\u00eado, \u00e9 amea\u00e7ado ap\u00f3s defender pris\u00e3o de Bolsonaro - O Coerente\",\"isPartOf\":{\"@id\":\"https:\\\/\\\/ocoerente.com.br\\\/se\\\/#website\"},\"primaryImageOfPage\":{\"@id\":\"https:\\\/\\\/ocoerente.com.br\\\/se\\\/2024\\\/02\\\/26\\\/ex-presidente-do-novo-joao-amoedo-e-ameacado-apos-defender-prisao-de-bolsonaro\\\/#primaryimage\"},\"image\":{\"@id\":\"https:\\\/\\\/ocoerente.com.br\\\/se\\\/2024\\\/02\\\/26\\\/ex-presidente-do-novo-joao-amoedo-e-ameacado-apos-defender-prisao-de-bolsonaro\\\/#primaryimage\"},\"thumbnailUrl\":\"https:\\\/\\\/ocoerente.com.br\\\/se\\\/wp-content\\\/uploads\\\/2024\\\/02\\\/joao-amoedo-foto-.jpg\",\"datePublished\":\"2024-02-26T06:34:04+00:00\",\"dateModified\":\"2024-02-26T06:34:05+00:00\",\"breadcrumb\":{\"@id\":\"https:\\\/\\\/ocoerente.com.br\\\/se\\\/2024\\\/02\\\/26\\\/ex-presidente-do-novo-joao-amoedo-e-ameacado-apos-defender-prisao-de-bolsonaro\\\/#breadcrumb\"},\"inLanguage\":\"pt-BR\",\"potentialAction\":[{\"@type\":\"ReadAction\",\"target\":[\"https:\\\/\\\/ocoerente.com.br\\\/se\\\/2024\\\/02\\\/26\\\/ex-presidente-do-novo-joao-amoedo-e-ameacado-apos-defender-prisao-de-bolsonaro\\\/\"]}]},{\"@type\":\"ImageObject\",\"inLanguage\":\"pt-BR\",\"@id\":\"https:\\\/\\\/ocoerente.com.br\\\/se\\\/2024\\\/02\\\/26\\\/ex-presidente-do-novo-joao-amoedo-e-ameacado-apos-defender-prisao-de-bolsonaro\\\/#primaryimage\",\"url\":\"https:\\\/\\\/ocoerente.com.br\\\/se\\\/wp-content\\\/uploads\\\/2024\\\/02\\\/joao-amoedo-foto-.jpg\",\"contentUrl\":\"https:\\\/\\\/ocoerente.com.br\\\/se\\\/wp-content\\\/uploads\\\/2024\\\/02\\\/joao-amoedo-foto-.jpg\",\"width\":600,\"height\":288},{\"@type\":\"BreadcrumbList\",\"@id\":\"https:\\\/\\\/ocoerente.com.br\\\/se\\\/2024\\\/02\\\/26\\\/ex-presidente-do-novo-joao-amoedo-e-ameacado-apos-defender-prisao-de-bolsonaro\\\/#breadcrumb\",\"itemListElement\":[{\"@type\":\"ListItem\",\"position\":1,\"name\":\"In\u00edcio\",\"item\":\"https:\\\/\\\/ocoerente.com.br\\\/se\\\/\"},{\"@type\":\"ListItem\",\"position\":2,\"name\":\"Ex-presidente do Novo, Jo\u00e3o Amo\u00eado, \u00e9 amea\u00e7ado ap\u00f3s defender pris\u00e3o de Bolsonaro\"}]},{\"@type\":\"WebSite\",\"@id\":\"https:\\\/\\\/ocoerente.com.br\\\/se\\\/#website\",\"url\":\"https:\\\/\\\/ocoerente.com.br\\\/se\\\/\",\"name\":\"O Coerente\",\"description\":\"\",\"publisher\":{\"@id\":\"https:\\\/\\\/ocoerente.com.br\\\/se\\\/#\\\/schema\\\/person\\\/cc6bfd9fbca465e23543b0c963d8d037\"},\"potentialAction\":[{\"@type\":\"SearchAction\",\"target\":{\"@type\":\"EntryPoint\",\"urlTemplate\":\"https:\\\/\\\/ocoerente.com.br\\\/se\\\/?s={search_term_string}\"},\"query-input\":{\"@type\":\"PropertyValueSpecification\",\"valueRequired\":true,\"valueName\":\"search_term_string\"}}],\"inLanguage\":\"pt-BR\"},{\"@type\":[\"Person\",\"Organization\"],\"@id\":\"https:\\\/\\\/ocoerente.com.br\\\/se\\\/#\\\/schema\\\/person\\\/cc6bfd9fbca465e23543b0c963d8d037\",\"name\":\"Reda\u00e7\u00e3o\",\"image\":{\"@type\":\"ImageObject\",\"inLanguage\":\"pt-BR\",\"@id\":\"https:\\\/\\\/ocoerente.com.br\\\/se\\\/wp-content\\\/uploads\\\/2020\\\/01\\\/ocoerente-1.png\",\"url\":\"https:\\\/\\\/ocoerente.com.br\\\/se\\\/wp-content\\\/uploads\\\/2020\\\/01\\\/ocoerente-1.png\",\"contentUrl\":\"https:\\\/\\\/ocoerente.com.br\\\/se\\\/wp-content\\\/uploads\\\/2020\\\/01\\\/ocoerente-1.png\",\"width\":50,\"height\":50,\"caption\":\"Reda\u00e7\u00e3o\"},\"logo\":{\"@id\":\"https:\\\/\\\/ocoerente.com.br\\\/se\\\/wp-content\\\/uploads\\\/2020\\\/01\\\/ocoerente-1.png\"},\"url\":\"https:\\\/\\\/ocoerente.com.br\\\/se\\\/author\\\/vasticlsales\\\/\"}]}<\/script>\n<!-- \/ Yoast SEO plugin. -->","yoast_head_json":{"title":"Ex-presidente do Novo, Jo\u00e3o Amo\u00eado, \u00e9 amea\u00e7ado ap\u00f3s defender pris\u00e3o de Bolsonaro - O Coerente","robots":{"index":"index","follow":"follow","max-snippet":"max-snippet:-1","max-image-preview":"max-image-preview:large","max-video-preview":"max-video-preview:-1"},"canonical":"https:\/\/ocoerente.com.br\/se\/2024\/02\/26\/ex-presidente-do-novo-joao-amoedo-e-ameacado-apos-defender-prisao-de-bolsonaro\/","og_locale":"pt_BR","og_type":"article","og_title":"Ex-presidente do Novo, Jo\u00e3o Amo\u00eado, \u00e9 amea\u00e7ado ap\u00f3s defender pris\u00e3o de Bolsonaro - O Coerente","og_description":"\u201cO ex-presidente deveria ser preso\u201d. Essa \u00e9 a opini\u00e3o do ex-presidente do Partido Novo, Jo\u00e3o Amo\u00eado, ap\u00f3s a realiza\u00e7\u00e3o do ato deste domingo na Avenida Paulista, em S\u00e3o Paulo, com a presen\u00e7a do ex-presidente Jair Bolsonaro. Segundo o empres\u00e1rio Jo\u00e3o Amo\u00eado, o ex-presidente Bolsonaro confessou seus crimes e defendeu anistia para ele e os invasores [&hellip;]","og_url":"https:\/\/ocoerente.com.br\/se\/2024\/02\/26\/ex-presidente-do-novo-joao-amoedo-e-ameacado-apos-defender-prisao-de-bolsonaro\/","og_site_name":"O Coerente","article_published_time":"2024-02-26T06:34:04+00:00","article_modified_time":"2024-02-26T06:34:05+00:00","og_image":[{"width":600,"height":288,"url":"https:\/\/ocoerente.com.br\/se\/wp-content\/uploads\/2024\/02\/joao-amoedo-foto-.jpg","type":"image\/jpeg"}],"author":"Reda\u00e7\u00e3o","twitter_card":"summary_large_image","twitter_misc":{"Escrito por":"Reda\u00e7\u00e3o","Est. tempo de leitura":"1 minuto"},"schema":{"@context":"https:\/\/schema.org","@graph":[{"@type":"Article","@id":"https:\/\/ocoerente.com.br\/se\/2024\/02\/26\/ex-presidente-do-novo-joao-amoedo-e-ameacado-apos-defender-prisao-de-bolsonaro\/#article","isPartOf":{"@id":"https:\/\/ocoerente.com.br\/se\/2024\/02\/26\/ex-presidente-do-novo-joao-amoedo-e-ameacado-apos-defender-prisao-de-bolsonaro\/"},"author":{"name":"Reda\u00e7\u00e3o","@id":"https:\/\/ocoerente.com.br\/se\/#\/schema\/person\/cc6bfd9fbca465e23543b0c963d8d037"},"headline":"Ex-presidente do Novo, Jo\u00e3o Amo\u00eado, \u00e9 amea\u00e7ado ap\u00f3s defender pris\u00e3o de Bolsonaro","datePublished":"2024-02-26T06:34:04+00:00","dateModified":"2024-02-26T06:34:05+00:00","mainEntityOfPage":{"@id":"https:\/\/ocoerente.com.br\/se\/2024\/02\/26\/ex-presidente-do-novo-joao-amoedo-e-ameacado-apos-defender-prisao-de-bolsonaro\/"},"wordCount":206,"publisher":{"@id":"https:\/\/ocoerente.com.br\/se\/#\/schema\/person\/cc6bfd9fbca465e23543b0c963d8d037"},"image":{"@id":"https:\/\/ocoerente.com.br\/se\/2024\/02\/26\/ex-presidente-do-novo-joao-amoedo-e-ameacado-apos-defender-prisao-de-bolsonaro\/#primaryimage"},"thumbnailUrl":"https:\/\/ocoerente.com.br\/se\/wp-content\/uploads\/2024\/02\/joao-amoedo-foto-.jpg","articleSection":["Destaques","Pol\u00edtica"],"inLanguage":"pt-BR"},{"@type":"WebPage","@id":"https:\/\/ocoerente.com.br\/se\/2024\/02\/26\/ex-presidente-do-novo-joao-amoedo-e-ameacado-apos-defender-prisao-de-bolsonaro\/","url":"https:\/\/ocoerente.com.br\/se\/2024\/02\/26\/ex-presidente-do-novo-joao-amoedo-e-ameacado-apos-defender-prisao-de-bolsonaro\/","name":"Ex-presidente do Novo, Jo\u00e3o Amo\u00eado, \u00e9 amea\u00e7ado ap\u00f3s defender pris\u00e3o de Bolsonaro - O Coerente","isPartOf":{"@id":"https:\/\/ocoerente.com.br\/se\/#website"},"primaryImageOfPage":{"@id":"https:\/\/ocoerente.com.br\/se\/2024\/02\/26\/ex-presidente-do-novo-joao-amoedo-e-ameacado-apos-defender-prisao-de-bolsonaro\/#primaryimage"},"image":{"@id":"https:\/\/ocoerente.com.br\/se\/2024\/02\/26\/ex-presidente-do-novo-joao-amoedo-e-ameacado-apos-defender-prisao-de-bolsonaro\/#primaryimage"},"thumbnailUrl":"https:\/\/ocoerente.com.br\/se\/wp-content\/uploads\/2024\/02\/joao-amoedo-foto-.jpg","datePublished":"2024-02-26T06:34:04+00:00","dateModified":"2024-02-26T06:34:05+00:00","breadcrumb":{"@id":"https:\/\/ocoerente.com.br\/se\/2024\/02\/26\/ex-presidente-do-novo-joao-amoedo-e-ameacado-apos-defender-prisao-de-bolsonaro\/#breadcrumb"},"inLanguage":"pt-BR","potentialAction":[{"@type":"ReadAction","target":["https:\/\/ocoerente.com.br\/se\/2024\/02\/26\/ex-presidente-do-novo-joao-amoedo-e-ameacado-apos-defender-prisao-de-bolsonaro\/"]}]},{"@type":"ImageObject","inLanguage":"pt-BR","@id":"https:\/\/ocoerente.com.br\/se\/2024\/02\/26\/ex-presidente-do-novo-joao-amoedo-e-ameacado-apos-defender-prisao-de-bolsonaro\/#primaryimage","url":"https:\/\/ocoerente.com.br\/se\/wp-content\/uploads\/2024\/02\/joao-amoedo-foto-.jpg","contentUrl":"https:\/\/ocoerente.com.br\/se\/wp-content\/uploads\/2024\/02\/joao-amoedo-foto-.jpg","width":600,"height":288},{"@type":"BreadcrumbList","@id":"https:\/\/ocoerente.com.br\/se\/2024\/02\/26\/ex-presidente-do-novo-joao-amoedo-e-ameacado-apos-defender-prisao-de-bolsonaro\/#breadcrumb","itemListElement":[{"@type":"ListItem","position":1,"name":"In\u00edcio","item":"https:\/\/ocoerente.com.br\/se\/"},{"@type":"ListItem","position":2,"name":"Ex-presidente do Novo, Jo\u00e3o Amo\u00eado, \u00e9 amea\u00e7ado ap\u00f3s defender pris\u00e3o de Bolsonaro"}]},{"@type":"WebSite","@id":"https:\/\/ocoerente.com.br\/se\/#website","url":"https:\/\/ocoerente.com.br\/se\/","name":"O Coerente","description":"","publisher":{"@id":"https:\/\/ocoerente.com.br\/se\/#\/schema\/person\/cc6bfd9fbca465e23543b0c963d8d037"},"potentialAction":[{"@type":"SearchAction","target":{"@type":"EntryPoint","urlTemplate":"https:\/\/ocoerente.com.br\/se\/?s={search_term_string}"},"query-input":{"@type":"PropertyValueSpecification","valueRequired":true,"valueName":"search_term_string"}}],"inLanguage":"pt-BR"},{"@type":["Person","Organization"],"@id":"https:\/\/ocoerente.com.br\/se\/#\/schema\/person\/cc6bfd9fbca465e23543b0c963d8d037","name":"Reda\u00e7\u00e3o","image":{"@type":"ImageObject","inLanguage":"pt-BR","@id":"https:\/\/ocoerente.com.br\/se\/wp-content\/uploads\/2020\/01\/ocoerente-1.png","url":"https:\/\/ocoerente.com.br\/se\/wp-content\/uploads\/2020\/01\/ocoerente-1.png","contentUrl":"https:\/\/ocoerente.com.br\/se\/wp-content\/uploads\/2020\/01\/ocoerente-1.png","width":50,"height":50,"caption":"Reda\u00e7\u00e3o"},"logo":{"@id":"https:\/\/ocoerente.com.br\/se\/wp-content\/uploads\/2020\/01\/ocoerente-1.png"},"url":"https:\/\/ocoerente.com.br\/se\/author\/vasticlsales\/"}]}},"_links":{"self":[{"href":"https:\/\/ocoerente.com.br\/se\/wp-json\/wp\/v2\/posts\/8661","targetHints":{"allow":["GET"]}}],"collection":[{"href":"https:\/\/ocoerente.com.br\/se\/wp-json\/wp\/v2\/posts"}],"about":[{"href":"https:\/\/ocoerente.com.br\/se\/wp-json\/wp\/v2\/types\/post"}],"author":[{"embeddable":true,"href":"https:\/\/ocoerente.com.br\/se\/wp-json\/wp\/v2\/users\/1"}],"replies":[{"embeddable":true,"href":"https:\/\/ocoerente.com.br\/se\/wp-json\/wp\/v2\/comments?post=8661"}],"version-history":[{"count":1,"href":"https:\/\/ocoerente.com.br\/se\/wp-json\/wp\/v2\/posts\/8661\/revisions"}],"predecessor-version":[{"id":8663,"href":"https:\/\/ocoerente.com.br\/se\/wp-json\/wp\/v2\/posts\/8661\/revisions\/8663"}],"wp:featuredmedia":[{"embeddable":true,"href":"https:\/\/ocoerente.com.br\/se\/wp-json\/wp\/v2\/media\/8662"}],"wp:attachment":[{"href":"https:\/\/ocoerente.com.br\/se\/wp-json\/wp\/v2\/media?parent=8661"}],"wp:term":[{"taxonomy":"category","embeddable":true,"href":"https:\/\/ocoerente.com.br\/se\/wp-json\/wp\/v2\/categories?post=8661"},{"taxonomy":"post_tag","embeddable":true,"href":"https:\/\/ocoerente.com.br\/se\/wp-json\/wp\/v2\/tags?post=8661"}],"curies":[{"name":"wp","href":"https:\/\/api.w.org\/{rel}","templated":true}]}}