{"id":8652,"date":"2024-02-26T03:27:49","date_gmt":"2024-02-26T06:27:49","guid":{"rendered":"https:\/\/ocoerente.com.br\/se\/?p=8652"},"modified":"2024-02-26T03:27:50","modified_gmt":"2024-02-26T06:27:50","slug":"michelle-bolsonaro-cita-versiculos-biblicos-durante-discurso-na-paulista","status":"publish","type":"post","link":"https:\/\/ocoerente.com.br\/se\/2024\/02\/26\/michelle-bolsonaro-cita-versiculos-biblicos-durante-discurso-na-paulista\/","title":{"rendered":"Michelle Bolsonaro cita vers\u00edculos b\u00edblicos durante discurso na Paulista"},"content":{"rendered":"\n<p>A ex-primeira-dama, Michelle Bolsonaro, citou vers\u00edculos b\u00edblicos durante seu discurso na Avenida Paulista, em S\u00e3o Paulo, no ato convocado em favor do&nbsp;ex-presidente Jair Bolsonaro. Os dois&nbsp;chegaram por volta das 15h deste domingo, 25, ap\u00f3s sobrevoarem o local de helic\u00f3ptero.&nbsp;<\/p>\n\n\n\n<p>Em um discurso que durou mais de 30 minutos, a ex-primeira-dama falou. &#8220;Eu estou aqui para dizer que amo o Brasil. Ore, clame para que o Brasil seja liberto. Eu creio que o senhor vai nos ouvir. O Brasil longe da corrup\u00e7\u00e3o&#8221;, disse Michelle Bolsonaro durante sua fala.<\/p>\n\n\n\n<p>93noticias.com.br<\/p>\n","protected":false},"excerpt":{"rendered":"<p>A ex-primeira-dama, Michelle Bolsonaro, citou vers\u00edculos b\u00edblicos durante seu discurso na Avenida Paulista, em S\u00e3o Paulo, no ato convocado em favor do&nbsp;ex-presidente Jair Bolsonaro. Os dois&nbsp;chegaram por volta das 15h deste domingo, 25, ap\u00f3s sobrevoarem o local de helic\u00f3ptero.&nbsp; Em um discurso que durou mais de 30 minutos, a ex-primeira-dama falou. &#8220;Eu estou aqui para [&hellip;]<\/p>\n","protected":false},"author":1,"featured_media":8653,"comment_status":"closed","ping_status":"closed","sticky":false,"template":"","format":"standard","meta":{"footnotes":""},"categories":[48,53],"tags":[],"class_list":["post-8652","post","type-post","status-publish","format-standard","has-post-thumbnail","hentry","category-brasil","category-destaques"],"yoast_head":"<!-- This site is optimized with the Yoast SEO plugin v27.5 - https:\/\/yoast.com\/product\/yoast-seo-wordpress\/ -->\n<title>Michelle Bolsonaro cita vers\u00edculos b\u00edblicos durante discurso na Paulista - O Coerente<\/title>\n<meta name=\"robots\" content=\"index, follow, max-snippet:-1, max-image-preview:large, max-video-preview:-1\" \/>\n<link rel=\"canonical\" href=\"https:\/\/ocoerente.com.br\/se\/2024\/02\/26\/michelle-bolsonaro-cita-versiculos-biblicos-durante-discurso-na-paulista\/\" \/>\n<meta property=\"og:locale\" content=\"pt_BR\" \/>\n<meta property=\"og:type\" content=\"article\" \/>\n<meta property=\"og:title\" content=\"Michelle Bolsonaro cita vers\u00edculos b\u00edblicos durante discurso na Paulista - O Coerente\" \/>\n<meta property=\"og:description\" content=\"A ex-primeira-dama, Michelle Bolsonaro, citou vers\u00edculos b\u00edblicos durante seu discurso na Avenida Paulista, em S\u00e3o Paulo, no ato convocado em favor do&nbsp;ex-presidente Jair Bolsonaro. Os dois&nbsp;chegaram por volta das 15h deste domingo, 25, ap\u00f3s sobrevoarem o local de helic\u00f3ptero.&nbsp; Em um discurso que durou mais de 30 minutos, a ex-primeira-dama falou. &#8220;Eu estou aqui para [&hellip;]\" \/>\n<meta property=\"og:url\" content=\"https:\/\/ocoerente.com.br\/se\/2024\/02\/26\/michelle-bolsonaro-cita-versiculos-biblicos-durante-discurso-na-paulista\/\" \/>\n<meta property=\"og:site_name\" content=\"O Coerente\" \/>\n<meta property=\"article:published_time\" content=\"2024-02-26T06:27:49+00:00\" \/>\n<meta property=\"article:modified_time\" content=\"2024-02-26T06:27:50+00:00\" \/>\n<meta property=\"og:image\" content=\"https:\/\/ocoerente.com.br\/se\/wp-content\/uploads\/2024\/02\/1-2234-3518136.jpg\" \/>\n\t<meta property=\"og:image:width\" content=\"874\" \/>\n\t<meta property=\"og:image:height\" content=\"600\" \/>\n\t<meta property=\"og:image:type\" content=\"image\/jpeg\" \/>\n<meta name=\"author\" content=\"Reda\u00e7\u00e3o\" \/>\n<meta name=\"twitter:card\" content=\"summary_large_image\" \/>\n<meta name=\"twitter:label1\" content=\"Escrito por\" \/>\n\t<meta name=\"twitter:data1\" content=\"Reda\u00e7\u00e3o\" \/>\n<script type=\"application\/ld+json\" class=\"yoast-schema-graph\">{\"@context\":\"https:\\\/\\\/schema.org\",\"@graph\":[{\"@type\":\"Article\",\"@id\":\"https:\\\/\\\/ocoerente.com.br\\\/se\\\/2024\\\/02\\\/26\\\/michelle-bolsonaro-cita-versiculos-biblicos-durante-discurso-na-paulista\\\/#article\",\"isPartOf\":{\"@id\":\"https:\\\/\\\/ocoerente.com.br\\\/se\\\/2024\\\/02\\\/26\\\/michelle-bolsonaro-cita-versiculos-biblicos-durante-discurso-na-paulista\\\/\"},\"author\":{\"name\":\"Reda\u00e7\u00e3o\",\"@id\":\"https:\\\/\\\/ocoerente.com.br\\\/se\\\/#\\\/schema\\\/person\\\/cc6bfd9fbca465e23543b0c963d8d037\"},\"headline\":\"Michelle Bolsonaro cita vers\u00edculos b\u00edblicos durante discurso na Paulista\",\"datePublished\":\"2024-02-26T06:27:49+00:00\",\"dateModified\":\"2024-02-26T06:27:50+00:00\",\"mainEntityOfPage\":{\"@id\":\"https:\\\/\\\/ocoerente.com.br\\\/se\\\/2024\\\/02\\\/26\\\/michelle-bolsonaro-cita-versiculos-biblicos-durante-discurso-na-paulista\\\/\"},\"wordCount\":110,\"publisher\":{\"@id\":\"https:\\\/\\\/ocoerente.com.br\\\/se\\\/#\\\/schema\\\/person\\\/cc6bfd9fbca465e23543b0c963d8d037\"},\"image\":{\"@id\":\"https:\\\/\\\/ocoerente.com.br\\\/se\\\/2024\\\/02\\\/26\\\/michelle-bolsonaro-cita-versiculos-biblicos-durante-discurso-na-paulista\\\/#primaryimage\"},\"thumbnailUrl\":\"https:\\\/\\\/ocoerente.com.br\\\/se\\\/wp-content\\\/uploads\\\/2024\\\/02\\\/1-2234-3518136.jpg\",\"articleSection\":[\"Brasil\",\"Destaques\"],\"inLanguage\":\"pt-BR\"},{\"@type\":\"WebPage\",\"@id\":\"https:\\\/\\\/ocoerente.com.br\\\/se\\\/2024\\\/02\\\/26\\\/michelle-bolsonaro-cita-versiculos-biblicos-durante-discurso-na-paulista\\\/\",\"url\":\"https:\\\/\\\/ocoerente.com.br\\\/se\\\/2024\\\/02\\\/26\\\/michelle-bolsonaro-cita-versiculos-biblicos-durante-discurso-na-paulista\\\/\",\"name\":\"Michelle Bolsonaro cita vers\u00edculos b\u00edblicos durante discurso na Paulista - O Coerente\",\"isPartOf\":{\"@id\":\"https:\\\/\\\/ocoerente.com.br\\\/se\\\/#website\"},\"primaryImageOfPage\":{\"@id\":\"https:\\\/\\\/ocoerente.com.br\\\/se\\\/2024\\\/02\\\/26\\\/michelle-bolsonaro-cita-versiculos-biblicos-durante-discurso-na-paulista\\\/#primaryimage\"},\"image\":{\"@id\":\"https:\\\/\\\/ocoerente.com.br\\\/se\\\/2024\\\/02\\\/26\\\/michelle-bolsonaro-cita-versiculos-biblicos-durante-discurso-na-paulista\\\/#primaryimage\"},\"thumbnailUrl\":\"https:\\\/\\\/ocoerente.com.br\\\/se\\\/wp-content\\\/uploads\\\/2024\\\/02\\\/1-2234-3518136.jpg\",\"datePublished\":\"2024-02-26T06:27:49+00:00\",\"dateModified\":\"2024-02-26T06:27:50+00:00\",\"breadcrumb\":{\"@id\":\"https:\\\/\\\/ocoerente.com.br\\\/se\\\/2024\\\/02\\\/26\\\/michelle-bolsonaro-cita-versiculos-biblicos-durante-discurso-na-paulista\\\/#breadcrumb\"},\"inLanguage\":\"pt-BR\",\"potentialAction\":[{\"@type\":\"ReadAction\",\"target\":[\"https:\\\/\\\/ocoerente.com.br\\\/se\\\/2024\\\/02\\\/26\\\/michelle-bolsonaro-cita-versiculos-biblicos-durante-discurso-na-paulista\\\/\"]}]},{\"@type\":\"ImageObject\",\"inLanguage\":\"pt-BR\",\"@id\":\"https:\\\/\\\/ocoerente.com.br\\\/se\\\/2024\\\/02\\\/26\\\/michelle-bolsonaro-cita-versiculos-biblicos-durante-discurso-na-paulista\\\/#primaryimage\",\"url\":\"https:\\\/\\\/ocoerente.com.br\\\/se\\\/wp-content\\\/uploads\\\/2024\\\/02\\\/1-2234-3518136.jpg\",\"contentUrl\":\"https:\\\/\\\/ocoerente.com.br\\\/se\\\/wp-content\\\/uploads\\\/2024\\\/02\\\/1-2234-3518136.jpg\",\"width\":874,\"height\":600,\"caption\":\"Foto: Miguel SCHINCARIOL \\\/ AFP\"},{\"@type\":\"BreadcrumbList\",\"@id\":\"https:\\\/\\\/ocoerente.com.br\\\/se\\\/2024\\\/02\\\/26\\\/michelle-bolsonaro-cita-versiculos-biblicos-durante-discurso-na-paulista\\\/#breadcrumb\",\"itemListElement\":[{\"@type\":\"ListItem\",\"position\":1,\"name\":\"In\u00edcio\",\"item\":\"https:\\\/\\\/ocoerente.com.br\\\/se\\\/\"},{\"@type\":\"ListItem\",\"position\":2,\"name\":\"Michelle Bolsonaro cita vers\u00edculos b\u00edblicos durante discurso na Paulista\"}]},{\"@type\":\"WebSite\",\"@id\":\"https:\\\/\\\/ocoerente.com.br\\\/se\\\/#website\",\"url\":\"https:\\\/\\\/ocoerente.com.br\\\/se\\\/\",\"name\":\"O Coerente\",\"description\":\"\",\"publisher\":{\"@id\":\"https:\\\/\\\/ocoerente.com.br\\\/se\\\/#\\\/schema\\\/person\\\/cc6bfd9fbca465e23543b0c963d8d037\"},\"potentialAction\":[{\"@type\":\"SearchAction\",\"target\":{\"@type\":\"EntryPoint\",\"urlTemplate\":\"https:\\\/\\\/ocoerente.com.br\\\/se\\\/?s={search_term_string}\"},\"query-input\":{\"@type\":\"PropertyValueSpecification\",\"valueRequired\":true,\"valueName\":\"search_term_string\"}}],\"inLanguage\":\"pt-BR\"},{\"@type\":[\"Person\",\"Organization\"],\"@id\":\"https:\\\/\\\/ocoerente.com.br\\\/se\\\/#\\\/schema\\\/person\\\/cc6bfd9fbca465e23543b0c963d8d037\",\"name\":\"Reda\u00e7\u00e3o\",\"image\":{\"@type\":\"ImageObject\",\"inLanguage\":\"pt-BR\",\"@id\":\"https:\\\/\\\/ocoerente.com.br\\\/se\\\/wp-content\\\/uploads\\\/2020\\\/01\\\/ocoerente-1.png\",\"url\":\"https:\\\/\\\/ocoerente.com.br\\\/se\\\/wp-content\\\/uploads\\\/2020\\\/01\\\/ocoerente-1.png\",\"contentUrl\":\"https:\\\/\\\/ocoerente.com.br\\\/se\\\/wp-content\\\/uploads\\\/2020\\\/01\\\/ocoerente-1.png\",\"width\":50,\"height\":50,\"caption\":\"Reda\u00e7\u00e3o\"},\"logo\":{\"@id\":\"https:\\\/\\\/ocoerente.com.br\\\/se\\\/wp-content\\\/uploads\\\/2020\\\/01\\\/ocoerente-1.png\"},\"url\":\"https:\\\/\\\/ocoerente.com.br\\\/se\\\/author\\\/vasticlsales\\\/\"}]}<\/script>\n<!-- \/ Yoast SEO plugin. -->","yoast_head_json":{"title":"Michelle Bolsonaro cita vers\u00edculos b\u00edblicos durante discurso na Paulista - O Coerente","robots":{"index":"index","follow":"follow","max-snippet":"max-snippet:-1","max-image-preview":"max-image-preview:large","max-video-preview":"max-video-preview:-1"},"canonical":"https:\/\/ocoerente.com.br\/se\/2024\/02\/26\/michelle-bolsonaro-cita-versiculos-biblicos-durante-discurso-na-paulista\/","og_locale":"pt_BR","og_type":"article","og_title":"Michelle Bolsonaro cita vers\u00edculos b\u00edblicos durante discurso na Paulista - O Coerente","og_description":"A ex-primeira-dama, Michelle Bolsonaro, citou vers\u00edculos b\u00edblicos durante seu discurso na Avenida Paulista, em S\u00e3o Paulo, no ato convocado em favor do&nbsp;ex-presidente Jair Bolsonaro. Os dois&nbsp;chegaram por volta das 15h deste domingo, 25, ap\u00f3s sobrevoarem o local de helic\u00f3ptero.&nbsp; Em um discurso que durou mais de 30 minutos, a ex-primeira-dama falou. &#8220;Eu estou aqui para [&hellip;]","og_url":"https:\/\/ocoerente.com.br\/se\/2024\/02\/26\/michelle-bolsonaro-cita-versiculos-biblicos-durante-discurso-na-paulista\/","og_site_name":"O Coerente","article_published_time":"2024-02-26T06:27:49+00:00","article_modified_time":"2024-02-26T06:27:50+00:00","og_image":[{"width":874,"height":600,"url":"https:\/\/ocoerente.com.br\/se\/wp-content\/uploads\/2024\/02\/1-2234-3518136.jpg","type":"image\/jpeg"}],"author":"Reda\u00e7\u00e3o","twitter_card":"summary_large_image","twitter_misc":{"Escrito por":"Reda\u00e7\u00e3o"},"schema":{"@context":"https:\/\/schema.org","@graph":[{"@type":"Article","@id":"https:\/\/ocoerente.com.br\/se\/2024\/02\/26\/michelle-bolsonaro-cita-versiculos-biblicos-durante-discurso-na-paulista\/#article","isPartOf":{"@id":"https:\/\/ocoerente.com.br\/se\/2024\/02\/26\/michelle-bolsonaro-cita-versiculos-biblicos-durante-discurso-na-paulista\/"},"author":{"name":"Reda\u00e7\u00e3o","@id":"https:\/\/ocoerente.com.br\/se\/#\/schema\/person\/cc6bfd9fbca465e23543b0c963d8d037"},"headline":"Michelle Bolsonaro cita vers\u00edculos b\u00edblicos durante discurso na Paulista","datePublished":"2024-02-26T06:27:49+00:00","dateModified":"2024-02-26T06:27:50+00:00","mainEntityOfPage":{"@id":"https:\/\/ocoerente.com.br\/se\/2024\/02\/26\/michelle-bolsonaro-cita-versiculos-biblicos-durante-discurso-na-paulista\/"},"wordCount":110,"publisher":{"@id":"https:\/\/ocoerente.com.br\/se\/#\/schema\/person\/cc6bfd9fbca465e23543b0c963d8d037"},"image":{"@id":"https:\/\/ocoerente.com.br\/se\/2024\/02\/26\/michelle-bolsonaro-cita-versiculos-biblicos-durante-discurso-na-paulista\/#primaryimage"},"thumbnailUrl":"https:\/\/ocoerente.com.br\/se\/wp-content\/uploads\/2024\/02\/1-2234-3518136.jpg","articleSection":["Brasil","Destaques"],"inLanguage":"pt-BR"},{"@type":"WebPage","@id":"https:\/\/ocoerente.com.br\/se\/2024\/02\/26\/michelle-bolsonaro-cita-versiculos-biblicos-durante-discurso-na-paulista\/","url":"https:\/\/ocoerente.com.br\/se\/2024\/02\/26\/michelle-bolsonaro-cita-versiculos-biblicos-durante-discurso-na-paulista\/","name":"Michelle Bolsonaro cita vers\u00edculos b\u00edblicos durante discurso na Paulista - O Coerente","isPartOf":{"@id":"https:\/\/ocoerente.com.br\/se\/#website"},"primaryImageOfPage":{"@id":"https:\/\/ocoerente.com.br\/se\/2024\/02\/26\/michelle-bolsonaro-cita-versiculos-biblicos-durante-discurso-na-paulista\/#primaryimage"},"image":{"@id":"https:\/\/ocoerente.com.br\/se\/2024\/02\/26\/michelle-bolsonaro-cita-versiculos-biblicos-durante-discurso-na-paulista\/#primaryimage"},"thumbnailUrl":"https:\/\/ocoerente.com.br\/se\/wp-content\/uploads\/2024\/02\/1-2234-3518136.jpg","datePublished":"2024-02-26T06:27:49+00:00","dateModified":"2024-02-26T06:27:50+00:00","breadcrumb":{"@id":"https:\/\/ocoerente.com.br\/se\/2024\/02\/26\/michelle-bolsonaro-cita-versiculos-biblicos-durante-discurso-na-paulista\/#breadcrumb"},"inLanguage":"pt-BR","potentialAction":[{"@type":"ReadAction","target":["https:\/\/ocoerente.com.br\/se\/2024\/02\/26\/michelle-bolsonaro-cita-versiculos-biblicos-durante-discurso-na-paulista\/"]}]},{"@type":"ImageObject","inLanguage":"pt-BR","@id":"https:\/\/ocoerente.com.br\/se\/2024\/02\/26\/michelle-bolsonaro-cita-versiculos-biblicos-durante-discurso-na-paulista\/#primaryimage","url":"https:\/\/ocoerente.com.br\/se\/wp-content\/uploads\/2024\/02\/1-2234-3518136.jpg","contentUrl":"https:\/\/ocoerente.com.br\/se\/wp-content\/uploads\/2024\/02\/1-2234-3518136.jpg","width":874,"height":600,"caption":"Foto: Miguel SCHINCARIOL \/ AFP"},{"@type":"BreadcrumbList","@id":"https:\/\/ocoerente.com.br\/se\/2024\/02\/26\/michelle-bolsonaro-cita-versiculos-biblicos-durante-discurso-na-paulista\/#breadcrumb","itemListElement":[{"@type":"ListItem","position":1,"name":"In\u00edcio","item":"https:\/\/ocoerente.com.br\/se\/"},{"@type":"ListItem","position":2,"name":"Michelle Bolsonaro cita vers\u00edculos b\u00edblicos durante discurso na Paulista"}]},{"@type":"WebSite","@id":"https:\/\/ocoerente.com.br\/se\/#website","url":"https:\/\/ocoerente.com.br\/se\/","name":"O Coerente","description":"","publisher":{"@id":"https:\/\/ocoerente.com.br\/se\/#\/schema\/person\/cc6bfd9fbca465e23543b0c963d8d037"},"potentialAction":[{"@type":"SearchAction","target":{"@type":"EntryPoint","urlTemplate":"https:\/\/ocoerente.com.br\/se\/?s={search_term_string}"},"query-input":{"@type":"PropertyValueSpecification","valueRequired":true,"valueName":"search_term_string"}}],"inLanguage":"pt-BR"},{"@type":["Person","Organization"],"@id":"https:\/\/ocoerente.com.br\/se\/#\/schema\/person\/cc6bfd9fbca465e23543b0c963d8d037","name":"Reda\u00e7\u00e3o","image":{"@type":"ImageObject","inLanguage":"pt-BR","@id":"https:\/\/ocoerente.com.br\/se\/wp-content\/uploads\/2020\/01\/ocoerente-1.png","url":"https:\/\/ocoerente.com.br\/se\/wp-content\/uploads\/2020\/01\/ocoerente-1.png","contentUrl":"https:\/\/ocoerente.com.br\/se\/wp-content\/uploads\/2020\/01\/ocoerente-1.png","width":50,"height":50,"caption":"Reda\u00e7\u00e3o"},"logo":{"@id":"https:\/\/ocoerente.com.br\/se\/wp-content\/uploads\/2020\/01\/ocoerente-1.png"},"url":"https:\/\/ocoerente.com.br\/se\/author\/vasticlsales\/"}]}},"_links":{"self":[{"href":"https:\/\/ocoerente.com.br\/se\/wp-json\/wp\/v2\/posts\/8652","targetHints":{"allow":["GET"]}}],"collection":[{"href":"https:\/\/ocoerente.com.br\/se\/wp-json\/wp\/v2\/posts"}],"about":[{"href":"https:\/\/ocoerente.com.br\/se\/wp-json\/wp\/v2\/types\/post"}],"author":[{"embeddable":true,"href":"https:\/\/ocoerente.com.br\/se\/wp-json\/wp\/v2\/users\/1"}],"replies":[{"embeddable":true,"href":"https:\/\/ocoerente.com.br\/se\/wp-json\/wp\/v2\/comments?post=8652"}],"version-history":[{"count":1,"href":"https:\/\/ocoerente.com.br\/se\/wp-json\/wp\/v2\/posts\/8652\/revisions"}],"predecessor-version":[{"id":8654,"href":"https:\/\/ocoerente.com.br\/se\/wp-json\/wp\/v2\/posts\/8652\/revisions\/8654"}],"wp:featuredmedia":[{"embeddable":true,"href":"https:\/\/ocoerente.com.br\/se\/wp-json\/wp\/v2\/media\/8653"}],"wp:attachment":[{"href":"https:\/\/ocoerente.com.br\/se\/wp-json\/wp\/v2\/media?parent=8652"}],"wp:term":[{"taxonomy":"category","embeddable":true,"href":"https:\/\/ocoerente.com.br\/se\/wp-json\/wp\/v2\/categories?post=8652"},{"taxonomy":"post_tag","embeddable":true,"href":"https:\/\/ocoerente.com.br\/se\/wp-json\/wp\/v2\/tags?post=8652"}],"curies":[{"name":"wp","href":"https:\/\/api.w.org\/{rel}","templated":true}]}}