{"id":864,"date":"2020-04-23T01:20:58","date_gmt":"2020-04-23T04:20:58","guid":{"rendered":"http:\/\/ocoerente.com.br\/se\/?p=864"},"modified":"2020-04-23T01:20:58","modified_gmt":"2020-04-23T04:20:58","slug":"prefeito-e-entidades-da-saude-discutem-aumento-dos-casos-de-coronavirus-em-aracaju","status":"publish","type":"post","link":"https:\/\/ocoerente.com.br\/se\/2020\/04\/23\/prefeito-e-entidades-da-saude-discutem-aumento-dos-casos-de-coronavirus-em-aracaju\/","title":{"rendered":"Prefeito e entidades da Sa\u00fade discutem aumento dos casos de coronav\u00edrus em Aracaju"},"content":{"rendered":"<p>O prefeito Edvaldo Nogueira se reuniu, mais uma vez, com as entidades da Sa\u00fade, na manh\u00e3 desta quarta-feira, 22, para discutir o andamento das a\u00e7\u00f5es de enfrentamento ao coronav\u00edrus em Aracaju. No encontro com os presidentes dos Conselhos Regionais de Medicina, Enfermagem e Odontologia, al\u00e9m do Sindicato dos M\u00e9dicos e Sociedade M\u00e9dica de Sergipe, o gestor municipal e a secret\u00e1ria da Sa\u00fade, Waneska Barboza, trataram do in\u00edcio da obra do hospital de campanha, analisaram a curva de crescimento da infesta\u00e7\u00e3o de covid-19 na capital e abordaram a realiza\u00e7\u00e3o dos testes para detec\u00e7\u00e3o de novos casos.<\/p>\n<p>\u201cEsta foi mais uma reuni\u00e3o muito produtiva, como tem ocorrido desde o in\u00edcio. As contribui\u00e7\u00f5es dadas pelas entidades est\u00e3o sendo muito valiosas para o andamento do nosso trabalho. Al\u00e9m de mostrar o que temos realizado, tamb\u00e9m ouvimos as opini\u00f5es e sugest\u00f5es das entidades que representam os trabalhadores da Sa\u00fade. Com as ideias dadas por eles, temos aprimorado nossas a\u00e7\u00f5es\u201d, destacou o prefeito. \u201cEscutamos atentamente a tudo que \u00e9 levantado e logo depois analisamos internamente com o Comit\u00ea de Opera\u00e7\u00f5es Emergenciais\u201d, reiterou.<\/p>\n<p>Um dos temas da reuni\u00e3o desta quarta foi a disponibiliza\u00e7\u00e3o de novos leitos de retaguarda. Atualmente, a Sa\u00fade de Aracaju disp\u00f5e de 47 leitos &#8211; 20 no CAPs Jael Patr\u00edcio, 20 no Hospital S\u00e3o Jos\u00e9 e sete no hospital Fernando Franco &#8211; e est\u00e1 construindo 152 leitos no hospital de campanha. \u201cAt\u00e9 o in\u00edcio de maio, o hospital de campanha estar\u00e1 pronto e teremos mais de 200 leitos para atendimento aos pacientes com covid-19. O nosso trabalho est\u00e1 concentrado em preparar a nossa rede para absorver os aracajuanos que contra\u00edrem a doen\u00e7a\u201d, disse Edvaldo.<\/p>\n<p>A testagem para o coronav\u00edrus tamb\u00e9m foi discutida no encontro. A secret\u00e1ria Waneska Barboza explicou como se dar\u00e1 o trabalho junto aos professores da Universidade Federal de Sergipe, que realizaram em parceria com a Secretaria da Sa\u00fade a testagem de 2.680 aracajuanos para a elabora\u00e7\u00e3o do mapa de preval\u00eancia do v\u00edrus em Aracaju. \u201cCom este estudo, teremos uma no\u00e7\u00e3o do comportamento do v\u00edrus na cidade, para que a gest\u00e3o municipal possa tomar medidas relacionadas ao isolamento social, por exemplo\u201d, pontuou ela. Ao mesmo tempo, a Prefeitura far\u00e1 a testagem de profissionais de sa\u00fade, al\u00e9m dos testes em pacientes sintom\u00e1ticos.<\/p>\n<p>O prefeito tamb\u00e9m compartilhou com as entidades o boletim de monitoramento detalhado do coronav\u00edrus, com todas as informa\u00e7\u00f5es sobre os casos confirmados, ocupa\u00e7\u00e3o de leitos, principais sintomas, entre outros dados. De acordo com o \u00faltimo boletim (com a coleta dos dados at\u00e9 a ter\u00e7a-feira, 21), h\u00e1 em Aracaju 74 casos confirmados (8 deles internados), nove casos suspeitos e 589 casos descartados. Dos oito casos internados, metade est\u00e1 em Unidades de Terapia Intensiva (UTI) e metade em leitos cl\u00ednicos.<\/p>\n<p>Participaram da reuni\u00e3o o presidente da Somese, Jos\u00e9 Aderval, os presidentes dos conselhos de Medicina, Jilvan Pinto; de Enfermagem, Diego Rafael; de Odontologia, Anderson Lessa; do Sindicato dos M\u00e9dicos, Jo\u00e3o Augusto Oliveira, e do representante do Conselho de Fisioterapia, Carlos Matos.<\/p>\n<p>Ag\u00eancia Aracaju de Not\u00edcias<\/p>\n<p>&nbsp;<\/p>\n","protected":false},"excerpt":{"rendered":"<p>O prefeito Edvaldo Nogueira se reuniu, mais uma vez, com as entidades da Sa\u00fade, na manh\u00e3 desta quarta-feira, 22, para discutir o andamento das a\u00e7\u00f5es de enfrentamento ao coronav\u00edrus em Aracaju. No encontro com os presidentes dos Conselhos Regionais de Medicina, Enfermagem e Odontologia, al\u00e9m do Sindicato dos M\u00e9dicos e Sociedade M\u00e9dica de Sergipe, o [&hellip;]<\/p>\n","protected":false},"author":1,"featured_media":865,"comment_status":"closed","ping_status":"closed","sticky":false,"template":"","format":"standard","meta":{"footnotes":""},"categories":[53,54],"tags":[],"class_list":["post-864","post","type-post","status-publish","format-standard","has-post-thumbnail","hentry","category-destaques","category-saude"],"yoast_head":"<!-- This site is optimized with the Yoast SEO plugin v27.4 - https:\/\/yoast.com\/product\/yoast-seo-wordpress\/ -->\n<title>Prefeito e entidades da Sa\u00fade discutem aumento dos casos de coronav\u00edrus em Aracaju - O Coerente<\/title>\n<meta name=\"robots\" content=\"index, follow, max-snippet:-1, max-image-preview:large, max-video-preview:-1\" \/>\n<link rel=\"canonical\" href=\"https:\/\/ocoerente.com.br\/se\/2020\/04\/23\/prefeito-e-entidades-da-saude-discutem-aumento-dos-casos-de-coronavirus-em-aracaju\/\" \/>\n<meta property=\"og:locale\" content=\"pt_BR\" \/>\n<meta property=\"og:type\" content=\"article\" \/>\n<meta property=\"og:title\" content=\"Prefeito e entidades da Sa\u00fade discutem aumento dos casos de coronav\u00edrus em Aracaju - O Coerente\" \/>\n<meta property=\"og:description\" content=\"O prefeito Edvaldo Nogueira se reuniu, mais uma vez, com as entidades da Sa\u00fade, na manh\u00e3 desta quarta-feira, 22, para discutir o andamento das a\u00e7\u00f5es de enfrentamento ao coronav\u00edrus em Aracaju. No encontro com os presidentes dos Conselhos Regionais de Medicina, Enfermagem e Odontologia, al\u00e9m do Sindicato dos M\u00e9dicos e Sociedade M\u00e9dica de Sergipe, o [&hellip;]\" \/>\n<meta property=\"og:url\" content=\"https:\/\/ocoerente.com.br\/se\/2020\/04\/23\/prefeito-e-entidades-da-saude-discutem-aumento-dos-casos-de-coronavirus-em-aracaju\/\" \/>\n<meta property=\"og:site_name\" content=\"O Coerente\" \/>\n<meta property=\"article:published_time\" content=\"2020-04-23T04:20:58+00:00\" \/>\n<meta property=\"og:image\" content=\"https:\/\/ocoerente.com.br\/se\/wp-content\/uploads\/2020\/04\/alm_2133-scaled.jpg\" \/>\n\t<meta property=\"og:image:width\" content=\"2560\" \/>\n\t<meta property=\"og:image:height\" content=\"1633\" \/>\n\t<meta property=\"og:image:type\" content=\"image\/jpeg\" \/>\n<meta name=\"author\" content=\"Reda\u00e7\u00e3o\" \/>\n<meta name=\"twitter:card\" content=\"summary_large_image\" \/>\n<meta name=\"twitter:label1\" content=\"Escrito por\" \/>\n\t<meta name=\"twitter:data1\" content=\"Reda\u00e7\u00e3o\" \/>\n\t<meta name=\"twitter:label2\" content=\"Est. tempo de leitura\" \/>\n\t<meta name=\"twitter:data2\" content=\"3 minutos\" \/>\n<script type=\"application\/ld+json\" class=\"yoast-schema-graph\">{\"@context\":\"https:\\\/\\\/schema.org\",\"@graph\":[{\"@type\":\"Article\",\"@id\":\"https:\\\/\\\/ocoerente.com.br\\\/se\\\/2020\\\/04\\\/23\\\/prefeito-e-entidades-da-saude-discutem-aumento-dos-casos-de-coronavirus-em-aracaju\\\/#article\",\"isPartOf\":{\"@id\":\"https:\\\/\\\/ocoerente.com.br\\\/se\\\/2020\\\/04\\\/23\\\/prefeito-e-entidades-da-saude-discutem-aumento-dos-casos-de-coronavirus-em-aracaju\\\/\"},\"author\":{\"name\":\"Reda\u00e7\u00e3o\",\"@id\":\"https:\\\/\\\/ocoerente.com.br\\\/se\\\/#\\\/schema\\\/person\\\/cc6bfd9fbca465e23543b0c963d8d037\"},\"headline\":\"Prefeito e entidades da Sa\u00fade discutem aumento dos casos de coronav\u00edrus em Aracaju\",\"datePublished\":\"2020-04-23T04:20:58+00:00\",\"mainEntityOfPage\":{\"@id\":\"https:\\\/\\\/ocoerente.com.br\\\/se\\\/2020\\\/04\\\/23\\\/prefeito-e-entidades-da-saude-discutem-aumento-dos-casos-de-coronavirus-em-aracaju\\\/\"},\"wordCount\":552,\"publisher\":{\"@id\":\"https:\\\/\\\/ocoerente.com.br\\\/se\\\/#\\\/schema\\\/person\\\/cc6bfd9fbca465e23543b0c963d8d037\"},\"image\":{\"@id\":\"https:\\\/\\\/ocoerente.com.br\\\/se\\\/2020\\\/04\\\/23\\\/prefeito-e-entidades-da-saude-discutem-aumento-dos-casos-de-coronavirus-em-aracaju\\\/#primaryimage\"},\"thumbnailUrl\":\"https:\\\/\\\/ocoerente.com.br\\\/se\\\/wp-content\\\/uploads\\\/2020\\\/04\\\/alm_2133-scaled.jpg\",\"articleSection\":[\"Destaques\",\"Sa\u00fade\"],\"inLanguage\":\"pt-BR\"},{\"@type\":\"WebPage\",\"@id\":\"https:\\\/\\\/ocoerente.com.br\\\/se\\\/2020\\\/04\\\/23\\\/prefeito-e-entidades-da-saude-discutem-aumento-dos-casos-de-coronavirus-em-aracaju\\\/\",\"url\":\"https:\\\/\\\/ocoerente.com.br\\\/se\\\/2020\\\/04\\\/23\\\/prefeito-e-entidades-da-saude-discutem-aumento-dos-casos-de-coronavirus-em-aracaju\\\/\",\"name\":\"Prefeito e entidades da Sa\u00fade discutem aumento dos casos de coronav\u00edrus em Aracaju - O Coerente\",\"isPartOf\":{\"@id\":\"https:\\\/\\\/ocoerente.com.br\\\/se\\\/#website\"},\"primaryImageOfPage\":{\"@id\":\"https:\\\/\\\/ocoerente.com.br\\\/se\\\/2020\\\/04\\\/23\\\/prefeito-e-entidades-da-saude-discutem-aumento-dos-casos-de-coronavirus-em-aracaju\\\/#primaryimage\"},\"image\":{\"@id\":\"https:\\\/\\\/ocoerente.com.br\\\/se\\\/2020\\\/04\\\/23\\\/prefeito-e-entidades-da-saude-discutem-aumento-dos-casos-de-coronavirus-em-aracaju\\\/#primaryimage\"},\"thumbnailUrl\":\"https:\\\/\\\/ocoerente.com.br\\\/se\\\/wp-content\\\/uploads\\\/2020\\\/04\\\/alm_2133-scaled.jpg\",\"datePublished\":\"2020-04-23T04:20:58+00:00\",\"breadcrumb\":{\"@id\":\"https:\\\/\\\/ocoerente.com.br\\\/se\\\/2020\\\/04\\\/23\\\/prefeito-e-entidades-da-saude-discutem-aumento-dos-casos-de-coronavirus-em-aracaju\\\/#breadcrumb\"},\"inLanguage\":\"pt-BR\",\"potentialAction\":[{\"@type\":\"ReadAction\",\"target\":[\"https:\\\/\\\/ocoerente.com.br\\\/se\\\/2020\\\/04\\\/23\\\/prefeito-e-entidades-da-saude-discutem-aumento-dos-casos-de-coronavirus-em-aracaju\\\/\"]}]},{\"@type\":\"ImageObject\",\"inLanguage\":\"pt-BR\",\"@id\":\"https:\\\/\\\/ocoerente.com.br\\\/se\\\/2020\\\/04\\\/23\\\/prefeito-e-entidades-da-saude-discutem-aumento-dos-casos-de-coronavirus-em-aracaju\\\/#primaryimage\",\"url\":\"https:\\\/\\\/ocoerente.com.br\\\/se\\\/wp-content\\\/uploads\\\/2020\\\/04\\\/alm_2133-scaled.jpg\",\"contentUrl\":\"https:\\\/\\\/ocoerente.com.br\\\/se\\\/wp-content\\\/uploads\\\/2020\\\/04\\\/alm_2133-scaled.jpg\",\"width\":2560,\"height\":1633},{\"@type\":\"BreadcrumbList\",\"@id\":\"https:\\\/\\\/ocoerente.com.br\\\/se\\\/2020\\\/04\\\/23\\\/prefeito-e-entidades-da-saude-discutem-aumento-dos-casos-de-coronavirus-em-aracaju\\\/#breadcrumb\",\"itemListElement\":[{\"@type\":\"ListItem\",\"position\":1,\"name\":\"In\u00edcio\",\"item\":\"https:\\\/\\\/ocoerente.com.br\\\/se\\\/\"},{\"@type\":\"ListItem\",\"position\":2,\"name\":\"Prefeito e entidades da Sa\u00fade discutem aumento dos casos de coronav\u00edrus em Aracaju\"}]},{\"@type\":\"WebSite\",\"@id\":\"https:\\\/\\\/ocoerente.com.br\\\/se\\\/#website\",\"url\":\"https:\\\/\\\/ocoerente.com.br\\\/se\\\/\",\"name\":\"O Coerente\",\"description\":\"\",\"publisher\":{\"@id\":\"https:\\\/\\\/ocoerente.com.br\\\/se\\\/#\\\/schema\\\/person\\\/cc6bfd9fbca465e23543b0c963d8d037\"},\"potentialAction\":[{\"@type\":\"SearchAction\",\"target\":{\"@type\":\"EntryPoint\",\"urlTemplate\":\"https:\\\/\\\/ocoerente.com.br\\\/se\\\/?s={search_term_string}\"},\"query-input\":{\"@type\":\"PropertyValueSpecification\",\"valueRequired\":true,\"valueName\":\"search_term_string\"}}],\"inLanguage\":\"pt-BR\"},{\"@type\":[\"Person\",\"Organization\"],\"@id\":\"https:\\\/\\\/ocoerente.com.br\\\/se\\\/#\\\/schema\\\/person\\\/cc6bfd9fbca465e23543b0c963d8d037\",\"name\":\"Reda\u00e7\u00e3o\",\"image\":{\"@type\":\"ImageObject\",\"inLanguage\":\"pt-BR\",\"@id\":\"https:\\\/\\\/ocoerente.com.br\\\/se\\\/wp-content\\\/uploads\\\/2020\\\/01\\\/ocoerente-1.png\",\"url\":\"https:\\\/\\\/ocoerente.com.br\\\/se\\\/wp-content\\\/uploads\\\/2020\\\/01\\\/ocoerente-1.png\",\"contentUrl\":\"https:\\\/\\\/ocoerente.com.br\\\/se\\\/wp-content\\\/uploads\\\/2020\\\/01\\\/ocoerente-1.png\",\"width\":50,\"height\":50,\"caption\":\"Reda\u00e7\u00e3o\"},\"logo\":{\"@id\":\"https:\\\/\\\/ocoerente.com.br\\\/se\\\/wp-content\\\/uploads\\\/2020\\\/01\\\/ocoerente-1.png\"},\"url\":\"https:\\\/\\\/ocoerente.com.br\\\/se\\\/author\\\/vasticlsales\\\/\"}]}<\/script>\n<!-- \/ Yoast SEO plugin. -->","yoast_head_json":{"title":"Prefeito e entidades da Sa\u00fade discutem aumento dos casos de coronav\u00edrus em Aracaju - O Coerente","robots":{"index":"index","follow":"follow","max-snippet":"max-snippet:-1","max-image-preview":"max-image-preview:large","max-video-preview":"max-video-preview:-1"},"canonical":"https:\/\/ocoerente.com.br\/se\/2020\/04\/23\/prefeito-e-entidades-da-saude-discutem-aumento-dos-casos-de-coronavirus-em-aracaju\/","og_locale":"pt_BR","og_type":"article","og_title":"Prefeito e entidades da Sa\u00fade discutem aumento dos casos de coronav\u00edrus em Aracaju - O Coerente","og_description":"O prefeito Edvaldo Nogueira se reuniu, mais uma vez, com as entidades da Sa\u00fade, na manh\u00e3 desta quarta-feira, 22, para discutir o andamento das a\u00e7\u00f5es de enfrentamento ao coronav\u00edrus em Aracaju. No encontro com os presidentes dos Conselhos Regionais de Medicina, Enfermagem e Odontologia, al\u00e9m do Sindicato dos M\u00e9dicos e Sociedade M\u00e9dica de Sergipe, o [&hellip;]","og_url":"https:\/\/ocoerente.com.br\/se\/2020\/04\/23\/prefeito-e-entidades-da-saude-discutem-aumento-dos-casos-de-coronavirus-em-aracaju\/","og_site_name":"O Coerente","article_published_time":"2020-04-23T04:20:58+00:00","og_image":[{"width":2560,"height":1633,"url":"https:\/\/ocoerente.com.br\/se\/wp-content\/uploads\/2020\/04\/alm_2133-scaled.jpg","type":"image\/jpeg"}],"author":"Reda\u00e7\u00e3o","twitter_card":"summary_large_image","twitter_misc":{"Escrito por":"Reda\u00e7\u00e3o","Est. tempo de leitura":"3 minutos"},"schema":{"@context":"https:\/\/schema.org","@graph":[{"@type":"Article","@id":"https:\/\/ocoerente.com.br\/se\/2020\/04\/23\/prefeito-e-entidades-da-saude-discutem-aumento-dos-casos-de-coronavirus-em-aracaju\/#article","isPartOf":{"@id":"https:\/\/ocoerente.com.br\/se\/2020\/04\/23\/prefeito-e-entidades-da-saude-discutem-aumento-dos-casos-de-coronavirus-em-aracaju\/"},"author":{"name":"Reda\u00e7\u00e3o","@id":"https:\/\/ocoerente.com.br\/se\/#\/schema\/person\/cc6bfd9fbca465e23543b0c963d8d037"},"headline":"Prefeito e entidades da Sa\u00fade discutem aumento dos casos de coronav\u00edrus em Aracaju","datePublished":"2020-04-23T04:20:58+00:00","mainEntityOfPage":{"@id":"https:\/\/ocoerente.com.br\/se\/2020\/04\/23\/prefeito-e-entidades-da-saude-discutem-aumento-dos-casos-de-coronavirus-em-aracaju\/"},"wordCount":552,"publisher":{"@id":"https:\/\/ocoerente.com.br\/se\/#\/schema\/person\/cc6bfd9fbca465e23543b0c963d8d037"},"image":{"@id":"https:\/\/ocoerente.com.br\/se\/2020\/04\/23\/prefeito-e-entidades-da-saude-discutem-aumento-dos-casos-de-coronavirus-em-aracaju\/#primaryimage"},"thumbnailUrl":"https:\/\/ocoerente.com.br\/se\/wp-content\/uploads\/2020\/04\/alm_2133-scaled.jpg","articleSection":["Destaques","Sa\u00fade"],"inLanguage":"pt-BR"},{"@type":"WebPage","@id":"https:\/\/ocoerente.com.br\/se\/2020\/04\/23\/prefeito-e-entidades-da-saude-discutem-aumento-dos-casos-de-coronavirus-em-aracaju\/","url":"https:\/\/ocoerente.com.br\/se\/2020\/04\/23\/prefeito-e-entidades-da-saude-discutem-aumento-dos-casos-de-coronavirus-em-aracaju\/","name":"Prefeito e entidades da Sa\u00fade discutem aumento dos casos de coronav\u00edrus em Aracaju - O Coerente","isPartOf":{"@id":"https:\/\/ocoerente.com.br\/se\/#website"},"primaryImageOfPage":{"@id":"https:\/\/ocoerente.com.br\/se\/2020\/04\/23\/prefeito-e-entidades-da-saude-discutem-aumento-dos-casos-de-coronavirus-em-aracaju\/#primaryimage"},"image":{"@id":"https:\/\/ocoerente.com.br\/se\/2020\/04\/23\/prefeito-e-entidades-da-saude-discutem-aumento-dos-casos-de-coronavirus-em-aracaju\/#primaryimage"},"thumbnailUrl":"https:\/\/ocoerente.com.br\/se\/wp-content\/uploads\/2020\/04\/alm_2133-scaled.jpg","datePublished":"2020-04-23T04:20:58+00:00","breadcrumb":{"@id":"https:\/\/ocoerente.com.br\/se\/2020\/04\/23\/prefeito-e-entidades-da-saude-discutem-aumento-dos-casos-de-coronavirus-em-aracaju\/#breadcrumb"},"inLanguage":"pt-BR","potentialAction":[{"@type":"ReadAction","target":["https:\/\/ocoerente.com.br\/se\/2020\/04\/23\/prefeito-e-entidades-da-saude-discutem-aumento-dos-casos-de-coronavirus-em-aracaju\/"]}]},{"@type":"ImageObject","inLanguage":"pt-BR","@id":"https:\/\/ocoerente.com.br\/se\/2020\/04\/23\/prefeito-e-entidades-da-saude-discutem-aumento-dos-casos-de-coronavirus-em-aracaju\/#primaryimage","url":"https:\/\/ocoerente.com.br\/se\/wp-content\/uploads\/2020\/04\/alm_2133-scaled.jpg","contentUrl":"https:\/\/ocoerente.com.br\/se\/wp-content\/uploads\/2020\/04\/alm_2133-scaled.jpg","width":2560,"height":1633},{"@type":"BreadcrumbList","@id":"https:\/\/ocoerente.com.br\/se\/2020\/04\/23\/prefeito-e-entidades-da-saude-discutem-aumento-dos-casos-de-coronavirus-em-aracaju\/#breadcrumb","itemListElement":[{"@type":"ListItem","position":1,"name":"In\u00edcio","item":"https:\/\/ocoerente.com.br\/se\/"},{"@type":"ListItem","position":2,"name":"Prefeito e entidades da Sa\u00fade discutem aumento dos casos de coronav\u00edrus em Aracaju"}]},{"@type":"WebSite","@id":"https:\/\/ocoerente.com.br\/se\/#website","url":"https:\/\/ocoerente.com.br\/se\/","name":"O Coerente","description":"","publisher":{"@id":"https:\/\/ocoerente.com.br\/se\/#\/schema\/person\/cc6bfd9fbca465e23543b0c963d8d037"},"potentialAction":[{"@type":"SearchAction","target":{"@type":"EntryPoint","urlTemplate":"https:\/\/ocoerente.com.br\/se\/?s={search_term_string}"},"query-input":{"@type":"PropertyValueSpecification","valueRequired":true,"valueName":"search_term_string"}}],"inLanguage":"pt-BR"},{"@type":["Person","Organization"],"@id":"https:\/\/ocoerente.com.br\/se\/#\/schema\/person\/cc6bfd9fbca465e23543b0c963d8d037","name":"Reda\u00e7\u00e3o","image":{"@type":"ImageObject","inLanguage":"pt-BR","@id":"https:\/\/ocoerente.com.br\/se\/wp-content\/uploads\/2020\/01\/ocoerente-1.png","url":"https:\/\/ocoerente.com.br\/se\/wp-content\/uploads\/2020\/01\/ocoerente-1.png","contentUrl":"https:\/\/ocoerente.com.br\/se\/wp-content\/uploads\/2020\/01\/ocoerente-1.png","width":50,"height":50,"caption":"Reda\u00e7\u00e3o"},"logo":{"@id":"https:\/\/ocoerente.com.br\/se\/wp-content\/uploads\/2020\/01\/ocoerente-1.png"},"url":"https:\/\/ocoerente.com.br\/se\/author\/vasticlsales\/"}]}},"_links":{"self":[{"href":"https:\/\/ocoerente.com.br\/se\/wp-json\/wp\/v2\/posts\/864","targetHints":{"allow":["GET"]}}],"collection":[{"href":"https:\/\/ocoerente.com.br\/se\/wp-json\/wp\/v2\/posts"}],"about":[{"href":"https:\/\/ocoerente.com.br\/se\/wp-json\/wp\/v2\/types\/post"}],"author":[{"embeddable":true,"href":"https:\/\/ocoerente.com.br\/se\/wp-json\/wp\/v2\/users\/1"}],"replies":[{"embeddable":true,"href":"https:\/\/ocoerente.com.br\/se\/wp-json\/wp\/v2\/comments?post=864"}],"version-history":[{"count":1,"href":"https:\/\/ocoerente.com.br\/se\/wp-json\/wp\/v2\/posts\/864\/revisions"}],"predecessor-version":[{"id":866,"href":"https:\/\/ocoerente.com.br\/se\/wp-json\/wp\/v2\/posts\/864\/revisions\/866"}],"wp:featuredmedia":[{"embeddable":true,"href":"https:\/\/ocoerente.com.br\/se\/wp-json\/wp\/v2\/media\/865"}],"wp:attachment":[{"href":"https:\/\/ocoerente.com.br\/se\/wp-json\/wp\/v2\/media?parent=864"}],"wp:term":[{"taxonomy":"category","embeddable":true,"href":"https:\/\/ocoerente.com.br\/se\/wp-json\/wp\/v2\/categories?post=864"},{"taxonomy":"post_tag","embeddable":true,"href":"https:\/\/ocoerente.com.br\/se\/wp-json\/wp\/v2\/tags?post=864"}],"curies":[{"name":"wp","href":"https:\/\/api.w.org\/{rel}","templated":true}]}}