{"id":861,"date":"2020-04-23T01:19:04","date_gmt":"2020-04-23T04:19:04","guid":{"rendered":"http:\/\/ocoerente.com.br\/se\/?p=861"},"modified":"2020-04-23T01:19:04","modified_gmt":"2020-04-23T04:19:04","slug":"no-abismo-financeiro-empresas-ampliarao-comercio-digital-no-pos-pandemia","status":"publish","type":"post","link":"https:\/\/ocoerente.com.br\/se\/2020\/04\/23\/no-abismo-financeiro-empresas-ampliarao-comercio-digital-no-pos-pandemia\/","title":{"rendered":"No \u201cabismo financeiro\u201d, empresas ampliar\u00e3o com\u00e9rcio digital no \u201cp\u00f3s-pandemia\u201d!"},"content":{"rendered":"<p>Al\u00e9m da preocupa\u00e7\u00e3o das autoridades brasileiras com a prolifera\u00e7\u00e3o do coronav\u00edrus (Covid-19), h\u00e1 tamb\u00e9m uma tens\u00e3o sob o futuro do emprego no Pa\u00eds. O presidente Jair Bolsonaro, desde o princ\u00edpio do isolamento social, decretado por governadores estaduais e prefeitos municipais, tem externado sua preocupa\u00e7\u00e3o com os \u201cdanos\u201d na economia nacional e, consequentemente, o \u201cestouro\u201d da bolha do desemprego. Em Sergipe, por exemplo, alguns setores est\u00e3o com suas atividades suspensas ou extremamente comprometidas j\u00e1 h\u00e1 mais de 30 dias.<\/p>\n<p>Em suas redes sociais, nessa segunda-feira (20), o presidente da Fecom\u00e9rcio-SE e deputado federal La\u00e9rcio Oliveira (Progressista) lamentou o cancelamento da sess\u00e3o remota do Senado Federal sem a aprova\u00e7\u00e3o da MP do Contrato Verde e Amarelo. O tema gerou muitas discuss\u00f5es entre situa\u00e7\u00e3o e oposi\u00e7\u00e3o, no Congresso Nacional, e o presidente do Senado, Davi Alcolumbre (DEM), teria sugerido ao presidente da Rep\u00fablica para reeditar e preservar o texto da Medida Provis\u00f3ria.<\/p>\n<p>Segundo ele, baseado em levantamentos do Sebrae, desde o in\u00edcio da pandemia, considerando do m\u00eas de Mar\u00e7o em diante, no Brasil j\u00e1 temos mais de nove (9) milh\u00f5es de novos desempregados, somados aos 11 ou 12 milh\u00f5es que j\u00e1 sofriam antes que o coronav\u00edrus se tornasse uma realidade. Segundo La\u00e9rcio, a MP seria important\u00edssima \u201cporque reduz impostos, desburocratiza e insere pessoas no mercado de trabalho. Temos que cuidar da sa\u00fade, mas tamb\u00e9m do emprego dos brasileiros\u201d.<\/p>\n<p>O deputado federal era autor da emenda na MP que promovia a inser\u00e7\u00e3o das pessoas com mais de 55 anos no mercado de trabalho, uma faixa et\u00e1ria que, diga-se de passagem, sofre muito preconceito no mercado competitivo em que vivemos, onde essas pessoas sentem muitas dificuldades para permanecerem trabalhando ou sequer terem alguma oportunidade. Mas em meio a essa \u201cluta pela vida e pelos postos de trabalho\u201d, como ser\u00e1 a retomada no \u201cp\u00f3s-pandemia\u201d?<\/p>\n<p>A frustra\u00e7\u00e3o de La\u00e9rcio Oliveira \u00e9 sim compreens\u00edvel, do ponto de vista que muitos m\u00e9dios, pequenos e micros empres\u00e1rios est\u00e3o decretando fal\u00eancia e fechando seus neg\u00f3cios, desaquecendo a economia e aumentando, assustadoramente, os \u00edndices de desemprego. As grandes redes e os administradores que \u201cresistirem\u201d e \u201csobreviverem\u201d \u00e0 crise, j\u00e1 est\u00e3o olhando para o futuro, vislumbrando os \u201cnovos tempos\u201d e o novo cen\u00e1rio da economia mundial, com uma recupera\u00e7\u00e3o lenta.<\/p>\n<p>O empreendedor moderno, o profissional liberal e aut\u00f4nomo, n\u00e3o pode deixar de reconhecer a import\u00e2ncia e o papel da internet e, consequentemente, das redes sociais neste novo cen\u00e1rio. O com\u00e9rcio digital, por exemplo, que j\u00e1 vinha em ascens\u00e3o, mesmo que vagarosamente, agora se consolida como alternativa, em meio a um cen\u00e1rio desolador de \u201cabismo financeiro\u201d. Os empregos demorar\u00e3o um pouco para voltarem \u00e0 normalidade, mas o empres\u00e1rio que intensificar essa nova forma de \u201cnegociar\u201d, certamente sair\u00e1 da crise com mais brevidade&#8230;<\/p>\n<p><strong>Veja essa!<\/strong><\/p>\n<p>A politiza\u00e7\u00e3o dos discursos em meio ao combate do coronav\u00edrus (Covid-19) s\u00f3 vai aumentar o \u201cabismo financeiro\u201d em que o Pa\u00eds entrou. Bolsonaro e seus desafetos pol\u00edticos mant\u00e9m uma \u201cqueda-de-bra\u00e7o\u201d que n\u00e3o ajuda a ningu\u00e9m, que dificilmente resultar\u00e1 em algo grave, enquanto milh\u00f5es e milh\u00f5es de brasileiros est\u00e3o adoecendo ou perdendo seus empregos.<\/p>\n<p><strong>E essa!<\/strong><\/p>\n<p>Os governadores do Rio de Janeiro e de S\u00e3o Paulo, por exemplo, \u201cpeitaram\u201d o presidente e hoje est\u00e3o em segundo plano, sufocados com as dificuldades financeiras em seus Estados para enfrentarem o Corona; o ex-ministro da Sa\u00fade, Mandetta, j\u00e1 \u00e9 uma \u201cp\u00e1gina virada\u201d; e quem come\u00e7a a perder \u201cf\u00f4lego\u201d e apoio \u00e9 o presidente da C\u00e2mara Federal, deputado Rodrigo Maia (DEM).<\/p>\n<p><strong>Retomada<\/strong><\/p>\n<p>O cen\u00e1rio mostra um Bolsonaro conseguindo contornar a crise institucional com a bandeira de combate ao desemprego; as ades\u00f5es ao isolamento social est\u00e3o caindo, gradativamente, o que fortalece seu discurso. Empres\u00e1rios e pol\u00edticos j\u00e1 enxergaram isso e come\u00e7am a mudar o discurso; j\u00e1 tem muita gente abandonando a teoria do \u201cfique em casa\u201d.<\/p>\n<p><strong>Uso da doen\u00e7a<\/strong><\/p>\n<p>Por sua vez, quem defende o isolamento social usa abertamente o crescimento no n\u00famero de infectados para impedir qualquer flexibiliza\u00e7\u00e3o das medidas restritivas; em Sergipe, por exemplo, o governador j\u00e1 sinalizou para a reabertura de alguns setores. A expectativa do setor produtivo \u00e9 que na quinta-feira (23) nos postos de trabalho sejam liberados.<\/p>\n<p><strong>Ser\u00e1 processado<\/strong><\/p>\n<p>O governador do Maranh\u00e3o, Fl\u00e1vio Dino (PCdoB), que tratou publicamente da \u201cmanobra\u201d que seu governo fez para adquirir respiradores da China, pode ter s\u00e9rios problemas com a Receita Federal, que acusa o chefe do Executivo Estadual de n\u00e3o ter o licenciamento da Anvisa e nem a autoriza\u00e7\u00e3o da Inspetoria da Receita, \u00f3rg\u00e3o que fiscaliza a importa\u00e7\u00e3o das mercadorias\u201d. O \u00f3rg\u00e3o anuncia que tomar\u00e1 as provid\u00eancias legais cab\u00edveis contra as pessoas, f\u00edsicas e jur\u00eddicas, envolvidas.<\/p>\n<p><strong>Outro lado<\/strong><\/p>\n<p>Por sua vez, o governador do Maranh\u00e3o negou que a Opera\u00e7\u00e3o para a compra dos respiradores foi ilegal e garantiu que as mercadorias est\u00e3o \u201csalvando vidas\u201d. \u201cA Receita pode abrir o procedimento que quiser e atenderemos \u00e0s suas exig\u00eancias. S\u00f3 n\u00e3o aceitamos amea\u00e7as e nem persegui\u00e7\u00f5es\u201d, disse em seu perfil em uma rede social.<\/p>\n<p><strong>Al\u00f4 Itabaianinha!<\/strong><\/p>\n<p>Servidores do munic\u00edpio que tiveram seus sal\u00e1rios reduzidos pelo prefeito municipal, sob o argumento do coronav\u00edrus, est\u00e3o muito chateados! Um deles fez a seguinte coloca\u00e7\u00e3o: \u201cpara o prefeito \u00e9 f\u00e1cil fazer propaganda passando para a sociedade que abriu m\u00e3o de 100% dos seus vencimentos, agora nas obras p\u00fablicas tem empresa sendo contratadas sempre pelo pre\u00e7o m\u00e1ximo, desclassificando todas ou quase todas as concorrentes, sempre contemplando a que apresenta o maior pre\u00e7o. Cad\u00ea a economia?\u201d, questiona.<\/p>\n<p><strong>Al\u00f4 Laranjeiras!<\/strong><\/p>\n<p>H\u00e1 quem diga que os \u00f3rg\u00e3os fiscalizadores est\u00e3o apenas aguardando o fim ou a redu\u00e7\u00e3o da pandemia para checar, in loco, os supostos desmandos do secret\u00e1rio municipal, conhecido por Valdecir, que anda com um \u201chist\u00f3rico\u201d, no m\u00ednimo assustador onde diz que suas \u201crealiza\u00e7\u00f5es\u201d t\u00eam total anu\u00eancia do chefe do executivo!<\/p>\n<p><strong>Al\u00f4 CMA!<\/strong><\/p>\n<p>Como perguntar n\u00e3o ofende, como anda a execu\u00e7\u00e3o da obra de reforma da sede do Poder? Os decretos publicados permitem ou n\u00e3o a execu\u00e7\u00e3o de obras? Estamos aguardando a emiss\u00e3o das faturas. Como ser\u00e1 o comportamento com rela\u00e7\u00e3o ao recolhimento dos impostos? Ou a prefeitura e a receita federal v\u00e3o permitir a ren\u00fancia de impostos acatados pela CMA, conforme a proposta da empresa contratada?<\/p>\n<p><strong>Al\u00f4 Seduc!<\/strong><\/p>\n<p>O ex-vereador de Aracaju confirma protocolo de den\u00fancia no MPE, TCE e Deotap contra o diretor administrativo e financeiro do \u00f3rg\u00e3o e o chefe de engenharia, em parceria com o presidente da Comiss\u00e3o de Licita\u00e7\u00e3o da secretaria por conta dos supostos desmandos e \u201cm\u00e1 aplica\u00e7\u00e3o de recursos p\u00fablicos\u201d! Dentre os itens denunciados com documentos juntados est\u00e3o o direcionamento de DLs, sempre com os pre\u00e7os praticados bem pr\u00f3ximo ao m\u00e1ximo aceit\u00e1vel, enquanto que nos procedimentos abertos, os pre\u00e7os chegam a ter um desconto at\u00e9 40% aproximadamente!<\/p>\n<p><strong>Exclusiva!<\/strong><\/p>\n<p>A informa\u00e7\u00e3o do ex-vereador \u00e9 que os documentos tamb\u00e9m comprovam, com grava\u00e7\u00f5es, fotos e depoimentos de diretores de escolas, o pagamento por servi\u00e7os supostamente n\u00e3o executados, em um verdadeiro \u201cjogo de planilhas\u201d, para beneficiar sempre os mesmos licitantes que s\u00e3o contratados pela Seduc! Se depender de provas, n\u00e3o vai ter choro que cesse&#8230;<\/p>\n<p><strong>Direito de Resposta I<\/strong><\/p>\n<p>Em resposta \u00e0 nota deste colunista sobre o corte do fornecimento de energia de um empres\u00e1rio aracajuanos, em tempos de coronav\u00edrus, a Energisa Sergipe esclarece que tem seguido as medidas determinadas pela resolu\u00e7\u00e3o 878 da Aneel divulgada no dia 24 de mar\u00e7o. Dentre elas, est\u00e1 a suspens\u00e3o do corte do fornecimento de energia por falta de pagamento para consumidores residenciais rurais e urbanos, e para servi\u00e7os essenciais, pelo per\u00edodo de 90 dias.<\/p>\n<p><strong>Direito de Resposta II<\/strong><\/p>\n<p>\u201cDemais clientes que n\u00e3o se enquadram nesta situa\u00e7\u00e3o continuam sujeitos \u00e0 suspens\u00e3o do fornecimento de energia el\u00e9trica, em casos de inadimpl\u00eancia. Vale ressaltar que as a\u00e7\u00f5es de combate a furto de energia tamb\u00e9m continuam permitidas e seguem normalmente.\u00a0Atenta ao dif\u00edcil momento provocado pela pandemia do novo Coronav\u00edrus e para ajudar os clientes a manter as contas em dia, a Energisa est\u00e1 oferecendo condi\u00e7\u00f5es especiais de negocia\u00e7\u00e3o para o pagamento das contas para todos os seus consumidores. Basta entrar em contato nos canais de atendimento\u201d, completa a nota. Feito o registro.<\/p>\n<p><strong>Feiras livres I<\/strong><\/p>\n<p>Apesar de todo barulho por conta de um lavat\u00f3rio no acesso das feiras livres liberadas para funcionarem nesse per\u00edodo de pandemia, observamos o seguinte: ainda n\u00e3o est\u00e1 em vigor o contrato para empresa explorar os espa\u00e7os concedidos das feiras? Se n\u00e3o, quando esse \u201cmilagre\u201d vai acontecer?<\/p>\n<p><strong>Feiras livres II<\/strong><\/p>\n<p>Se est\u00e1 cumprindo, as cl\u00e1usulas contratuais est\u00e3o sendo cumpridas? vamos continuar de olho e lembrando ao MPE que n\u00e3o deixe se desmoralizar com essa \u201cladainha\u201d praticada pela Emsurb, que usa essa institui\u00e7\u00e3o respeitada como forma de enganar a todos!<\/p>\n<p><strong>Viol\u00eancia na pandemia I<\/strong><\/p>\n<p>Diante dos decretos governamentais estimulando o isolamento social das fam\u00edlias sergipanas, o l\u00edder da bancada de oposi\u00e7\u00e3o na Assembleia Legislativa, deputado estadual Samuel Carvalho (Cidadania), aprovou uma indica\u00e7\u00e3o ao governador do Estado apelando por provid\u00eancias, urgentes e necess\u00e1rias, visando intensificar as a\u00e7\u00f5es para prote\u00e7\u00e3o de integridade f\u00edsica e sexual de crian\u00e7as, adolescentes e mulheres, durante este per\u00edodo de pandemia do novo coronav\u00edrus (Covid-19).<\/p>\n<p><strong>Viol\u00eancia na pandemia II<\/strong><\/p>\n<p>O deputado lembra as orienta\u00e7\u00f5es da Organiza\u00e7\u00e3o Mundial de Sa\u00fade (OMS) para que as pessoas fiquem em casa, para evitarem a ampla contamina\u00e7\u00e3o do v\u00edrus, mas avalia que a casa nem sempre \u00e9 um lugar seguro para as mulheres. \u201cDe acordo com o Minist\u00e9rio da Mulher, da Fam\u00edlia e dos Direitos Humanos, o Ligue 180, que recebe den\u00fancias de viol\u00eancia contra as mulheres, registrou um aumento de quase 9% no n\u00famero de liga\u00e7\u00f5es com den\u00fancias destas ocorr\u00eancias\u201d, justificou.<\/p>\n<p><strong>Recomenda\u00e7\u00f5es<\/strong><\/p>\n<p>Samuel Carvalho destaca ainda as recomenda\u00e7\u00f5es da Organiza\u00e7\u00e3o das Na\u00e7\u00f5es Unidas (ONU) como aumentar os investimentos em servi\u00e7os on line e em organiza\u00e7\u00f5es da sociedade civil; garantir que os sistemas judiciais continuem processando os agressores; al\u00e9m de estabelecer sistemas de alerta em farm\u00e1cias e mercados; al\u00e9m de declarar abrigos para v\u00edtimas de viol\u00eancia de g\u00eanero como servi\u00e7os essenciais e criar maneiras seguras para as mulheres procurarem apoio sem alertar seus agressores.<\/p>\n<p><strong>Samuel Carvalho I<\/strong><\/p>\n<p>\u201cOutras recomenda\u00e7\u00f5es da ONU d\u00e3o conta para evitar libertar prisioneiros condenados por viol\u00eancia contra as mulheres e ampliar as campanhas de conscientiza\u00e7\u00e3o p\u00fablica, principalmente voltada para homens e meninos\u201d, completou o deputado, enfatizando em sua indica\u00e7\u00e3o que \u201cmulheres que sofrem abuso f\u00edsico e sexual t\u00eam duas vezes mais chances de fazerem um aborto e a experi\u00eancia quase dobra sua probabilidade de cair em depress\u00e3o\u201d.<\/p>\n<p><strong>Samuel Carvalho II<\/strong><\/p>\n<p>\u201cSurpreendentemente a viol\u00eancia de g\u00eanero \u00e9 uma causa t\u00e3o grave de morte e incapacidade entre as mulheres em idade reprodutiva quanto o c\u00e2ncer e uma causa maior de problemas de sa\u00fade que os acidentes de tr\u00e2nsito e a mal\u00e1ria combinados. Agrade\u00e7o aos colegas deputados pela aprova\u00e7\u00e3o da nossa indica\u00e7\u00e3o e solicito que o governador leve essas informa\u00e7\u00f5es em considera\u00e7\u00e3o nos pr\u00f3ximos passos que forem dados no combate a essa pandemia\u201d, finalizou Samuel Carvalho.<\/p>\n<p><strong>Funda\u00e7\u00e3o RENASCER I<\/strong><\/p>\n<p>Representantes do SINDASSE chegaram \u00e0 seguinte conclus\u00e3o: imaginavam que o coronavirus da Funda\u00e7\u00e3o era a ex-diretora administrativa financeira da Funda\u00e7\u00e3o, mas hoje eles avaliam que o \u201cv\u00edrus mais devastador\u201d que tem que ser combatido \u00e9 o presidente Welington Mangueira. Esse contagia a todos com sua \u201cboa orat\u00f3ria\u201d e \u201ccredibilidade\u201d!<\/p>\n<p><strong>Funda\u00e7\u00e3o RENASCER II<\/strong><\/p>\n<p>Por falar em credibilidade, surpreendeu esse colunista um depoimento de um representante de uma empresa de constru\u00e7\u00e3o civil, que realizou segundo o mesmo, o maior pr\u00e9dio dentre os que funcionam nas unidades da Funda\u00e7\u00e3o que fica em Nossa Senhora do Socorro!!<\/p>\n<p><strong>Funda\u00e7\u00e3o RENASCER III<\/strong><\/p>\n<p>Bastante chateado com as condu\u00e7\u00f5es praticadas pelo governo do estado (gestores), n\u00e3o esconde a insatisfa\u00e7\u00e3o com a falta de gerenciamento e cumprimento das obriga\u00e7\u00f5es do atual presidente da Funda\u00e7\u00e3o, quando da presta\u00e7\u00e3o dos servi\u00e7os para a Renascer. Apesar de ter admitido que depois de muito aborrecimento recebeu tudo, no entanto n\u00e3o esconde: \u201ctrabalhar com Welington, NUNCA MAIS\u201d!<\/p>\n<p><strong>Sa\u00edda de Valberto I<\/strong><\/p>\n<p>A ren\u00fancia do secret\u00e1rio de estado da Sa\u00fade, Valberto Oliveira, est\u00e1 dando muito o que falar nos bastidores do Pal\u00e1cio. Em meio \u00e0 pandemia e com a necessidade de tomadas de decis\u00f5es importantes para evitar a prolifera\u00e7\u00e3o da doen\u00e7a e mortes de sergipanos, Valberto abandonou o barco sem qualquer justificativa plaus\u00edvel ao governador que, desde o come\u00e7o da pandemia, aparentemente vinha dando condi\u00e7\u00f5es para o trabalho dos t\u00e9cnicos da SES.<\/p>\n<p><strong>Sa\u00edda de Valberto II<\/strong><\/p>\n<p>Segundo fontes pr\u00f3ximas a Belivaldo, a postura do ent\u00e3o secret\u00e1rio entristeceu o governador, a quem sempre lhe considerou como da sua confian\u00e7a. Valberto deve se dedicar \u00e0 sua pr\u00e9-campanha a prefeito de Propri\u00e1, mas agora n\u00e3o se sabe se o pr\u00f3prio governador o apoiar\u00e1 depois desse abandono. Outro auxiliar do governador soltou essa: \u201co fato tamb\u00e9m repercute negativamente na imagem do secret\u00e1rio. \u00c9 poss\u00edvel confiar em algu\u00e9m que deixa uma equipe em plena batalha?\u201d, questiona. Fogo no Reino da Dinamarca&#8230;<\/p>\n<p><strong>Bomba!<\/strong><\/p>\n<p>Da mesma forma como defende a manuten\u00e7\u00e3o dos postos de trabalho, este colunista tamb\u00e9m n\u00e3o vai se omitir diante de alguns supostos abusos. Tem empres\u00e1rio que, a partir do novo decreto do governo possibilitando a reabertura de seus com\u00e9rcios, est\u00e3o chamando seus empregados para uma reuni\u00e3o, onde o assunto \u00e9 o seguinte: voltam a trabalhar, mas ficam recebendo o aux\u00edlio do Governo Federal!<\/p>\n<p><strong>Se n\u00e3o&#8230;<\/strong><\/p>\n<p>Quem n\u00e3o aceitar a proposta ser\u00e1 demitido ap\u00f3s o prazo de quatro meses, sendo que quem aderir \u00e0 suspens\u00e3o n\u00e3o ir\u00e1 trabalhar presencialmente e nem por meio de home office. Em s\u00edntese, com o governo garantindo o pagamento, o trabalhador ir\u00e1 para o posto de trabalho, cumprir carga hor\u00e1ria, sem receber nada a mais? Assim n\u00e3o \u201cbeb\u00ea\u201d&#8230;<\/p>\n<p><strong>Al\u00f4 S\u00e3o Crist\u00f3v\u00e3o<\/strong><\/p>\n<p>Em plena pandemia, segundo o Coronel Rocha (Cidadania), os agentes p\u00fablicos, contratados atrav\u00e9s de processo seletivo simplificado pela prefeitura do Munic\u00edpio de S\u00e3o Crist\u00f3v\u00e3o, atrav\u00e9s de decreto, tiveram a suspens\u00e3o de seus contratos de trabalho por prazo indeterminado. S\u00e3o professores, cuidadores, educadores, merendeiras, motoristas de transporte escolar e executores de servi\u00e7os b\u00e1sicos que foram atingidos indiretamente pelo COVID19.<\/p>\n<p><strong>Fala Coronel Rocha!<\/strong><\/p>\n<p>\u201cRazo\u00e1vel seria um acordo coletivo com estes trabalhadores e flexibiliza\u00e7\u00e3o dos trabalhos, tendo em vista que as crian\u00e7as do nosso munic\u00edpio merecem maior aten\u00e7\u00e3o, pois com a suspens\u00e3o dos contratos, em especial dos professores, muitos alunos ficar\u00e3o sem conte\u00fado escolar. Esses trabalhadores n\u00e3o se encontram amparados por nenhum instrumento legal de fomenta\u00e7\u00e3o de renda\u201d, denuncia o Coronel Rocha.<\/p>\n<p><strong>Al\u00f4 Dores!<\/strong><\/p>\n<p>O prefeito de Nossa Senhora das Dores, atrav\u00e9s de decreto pr\u00f3prio, \u201catropelou\u201d o an\u00fancio do governador Belivaldo Chagas. Liberou a volta gradual de hot\u00e9is, mot\u00e9is e pousadas (sem \u00e1reas de lazer, restaurantes, bares e salas de audit\u00f3rio);\u00a0lojas de material de constru\u00e7\u00e3o;\u00a0imobili\u00e1rias; concession\u00e1rias de ve\u00edculos;\u00a0lojas de auto-pe\u00e7as;\u00a0cart\u00f3rios e tabelionatos;\u00a0escrit\u00f3rios de arquitetura e engenharia; empresas de assist\u00eancia t\u00e9cnica;\u00a0\u00f3ticas; Sal\u00e3o de beleza e barbearia (apenas para hor\u00e1rios agendados); Lojas de brinquedos; Empresas de costuras e consertos;<\/p>\n<p><strong>Liberou geral!<\/strong><\/p>\n<p>Tamb\u00e9m em Nossa Senhora das Dores est\u00e3o liberados Bancos; Lojas de roupas, cal\u00e7ados e acess\u00f3rios; Boutique e perfumaria; Clinicas de est\u00e9tica, clinicas de sa\u00fade bucal\/odontol\u00f3gica, clinicas\u00a0de fisioterapia, laborat\u00f3rios; Lojas de aparelhos celulares; Lojas de m\u00f3veis e\/ou eletrodom\u00e9sticos; Papelarias; capta\u00e7\u00e3o, tratamento e abastecimento de \u00e1gua; servi\u00e7os de guincho; Lojas de embalagens e bombonieres; funer\u00e1rias, al\u00e9m de supermercados, mercados, mercearias, a\u00e7ougues, peixarias, padarias, lojas\u00a0de conveni\u00eancia e demais estabelecimentos voltados ao abastecimento alimentar da\u00a0popula\u00e7\u00e3o;<\/p>\n<p><strong>Al\u00f4 Amparo!<\/strong><\/p>\n<p>A popula\u00e7\u00e3o de Amparo de S\u00e3o Francisco anda assustada, em tempos de pandemia, porque o munic\u00edpio est\u00e1 recebendo diversas pessoas dos mais variados lugares do pa\u00eds (S\u00e3o Paulo, Bahia, Alagoas), al\u00e9m da capital sergipana, e como a secretaria de sa\u00fade n\u00e3o consegue notificar os visitantes, em tempo h\u00e1bil, os visitantes est\u00e3o circulando normalmente pelas ruas, entrando em contato com diversas pessoas.<\/p>\n<p><strong>Torre de problemas!<\/strong><\/p>\n<p>A coluna recebeu a informa\u00e7\u00e3o dos fiscais da empresa Torre que est\u00e3o apelando o prefeito Edvaldo Nogueira e ao presidente da Emsurb, Luiz Roberto, pelo pagamento da insalubridade que \u00e9 um direito desses trabalhadores que atuam em locais insalubres, ainda mais em tempos de pandemia. Dinheiro n\u00e3o \u00e9 problema na PMA&#8230;<\/p>\n<p><strong>Dia do Choro I<\/strong><\/p>\n<p>O Dia Nacional do Choro \u00e9 comemorado em 23 de abril, em homenagem \u00e0 data de nascimento de Pixinguinha, uma das figuras exponenciais da m\u00fasica popular brasileira, e em especial do choro. O choro entra na cena musical brasileira em meados e finais do s\u00e9culo 19, e nesse per\u00edodo se destacam Callado, Anacleto de Medeiros, Chiquinha Gonzaga e Ernesto Nazareth. Na d\u00e9cada de 80 o Recanto do Chorinho surgiu em Aracaju\/SE, trazendo mais visibilidade aos talentosos Egnaldo do Bandolim, In\u00e1cio, Vieira, Claudio Miguel, Tabar\u00e9u, Inef\u00e2nio, Alfredo, Saul, Claudio Craveiro, Souza e muitos outros.<\/p>\n<p><strong>Dia do Choro II<\/strong><\/p>\n<p>Devido ao cen\u00e1rio mundial, diante do COVID-19, o Bar e Restaurante Recanto do Chorinho, o reduto mais antigo do Estado para o g\u00eanero musical, n\u00e3o vai deixar de homenagear todos os \u201cchor\u00f5es\u201d do Regional Recanto do Chorinho e dos outros grupos musicais.\u00a0Para o dia n\u00e3o passar em branco, o Bar preparou um lindo conte\u00fado em suas redes sociais, para todos reviverem os melhores momentos do choro sergipano. Acompanhe tudo no instagram e facebook do Bar.<\/p>\n<p><strong>Solidariedade I<\/strong><\/p>\n<p>Encabe\u00e7adas pelos Jovens Dayane Santana e Andr\u00e9 Menezes, a campanha DOE CALOR RECEBA AMOR, vem com finalidade de arrecadar agasalhos, cobertores ou ate roupas para serem entregues aos moradores de rua de Aracaju, a campanha nasceu do desejo dos jovens retribuir e agradecer por tudo que Deus proporcionou aos dois.<\/p>\n<p><strong>Solidariedade II<\/strong><\/p>\n<p>Dayane Santana \u00e9 cantora, compositora, especialista em Marketing Digital, hoje tamb\u00e9m \u00e9 empres\u00e1ria de uma ag\u00eancia de comunica\u00e7\u00e3o e eventos que se inicia na cidade, mas j\u00e1 foi moradora da antiga invas\u00e3o da Coroa do Meio e saiu dos barracos de palafita para hoje ter uma carreira de sucesso no ramo empresarial; j\u00e1 o jovem Andr\u00e9 Menezes, hoje cineasta formado pela UFS, mestre em comunica\u00e7\u00e3o social e s\u00f3cio da mesma ag\u00eancia, ainda com dois anos morou na rua com sua m\u00e3e Jailandia, enfrentou as dificuldades e hoje esta vencendo a vida.<\/p>\n<p><strong>A campanha<\/strong><\/p>\n<p>A iniciativa \u201cDOE CALOR, RECEBA AMOR\u201d vem tendo ampla ades\u00e3o dos jovens nas redes sociais e os pontos de coleta, por enquanto, ficar\u00e3o nos supermercados da capital, com caixas coletoras da cor laranja, mas assim que passar toda a quarentena do COVID-19, Dayane e Andr\u00e9 j\u00e1 estabeleceram as universidades e escolas para a distribui\u00e7\u00e3o das caixas de coleta dos agasalhos. Al\u00e9m disso, no dia da entrega (20 de maio), haver\u00e1 distribui\u00e7\u00e3o de sopa em conjunto com o agasalho. Quem quiser doar pode entrar em contato atrav\u00e9s do WhatsApp (79) 98167-8499 (Dayane) ou (75) 98811-6511 (Andr\u00e9).<\/p>\n<p><strong>Banda V\u00e9rtice I<\/strong><\/p>\n<p>A Banda V\u00e9rtice est\u00e1 lan\u00e7ando diversos materiais de v\u00e1rias fases de sua jornada art\u00edstica em seus canais na internet (Youtube, Instagram, Facebook, Site Oficial).\u00a0A V\u00e9rtice, que existe desde meados de 2003, passou por uma pausa nos shows e retornou suas atividades no final de 2019, realizando eventos em lugares que tornaram-se palco de grandes shows com imenso sucesso de p\u00fablico.<\/p>\n<p><strong>Banda V\u00e9rtice II<\/strong><\/p>\n<p>Devido a pandemia do COVID-19, infelizmente os shows que estavam marcados foram\u00a0adiados, e os membros da V\u00e9rtice divulgam o conte\u00fado nas p\u00e1ginas da internet, para quem gosta ou tem curiosidade em conhecer o trabalho da banda. A coluna se soma a turma e sugere que os leitores se inscrevam no canal do Youtube da V\u00e9rtice. Quando eles atingirem 1.000 inscritos ser\u00e1 realizada uma grande LIVE para seu p\u00fablico fiel. Maiores informa\u00e7\u00f5es no site da banda:\u00a0<a href=\"https:\/\/vertice54.webnode.com\/\">https:\/\/vertice54.webnode.com\/<\/a><\/p>\n<p><strong>CR\u00cdTICAS E SUGEST\u00d5ES<\/strong><\/p>\n<p><a href=\"https:\/\/mail.google.com\/mail\/u\/0\/h\/k42y0k3pyp4m\/?&amp;cs=wh&amp;v=b&amp;to=habacuquevillacorte@gmail.com\">habacuquevillacorte@gmail.com<\/a>\u00a0e\u00a0<a href=\"https:\/\/mail.google.com\/mail\/u\/0\/h\/k42y0k3pyp4m\/?&amp;cs=wh&amp;v=b&amp;to=habacuquevillacorte@hotmail.com\">habacuquevillacorte@hotmail.com<\/a><\/p>\n<p>&nbsp;<\/p>\n<p>alonews<\/p>\n","protected":false},"excerpt":{"rendered":"<p>Al\u00e9m da preocupa\u00e7\u00e3o das autoridades brasileiras com a prolifera\u00e7\u00e3o do coronav\u00edrus (Covid-19), h\u00e1 tamb\u00e9m uma tens\u00e3o sob o futuro do emprego no Pa\u00eds. O presidente Jair Bolsonaro, desde o princ\u00edpio do isolamento social, decretado por governadores estaduais e prefeitos municipais, tem externado sua preocupa\u00e7\u00e3o com os \u201cdanos\u201d na economia nacional e, consequentemente, o \u201cestouro\u201d da [&hellip;]<\/p>\n","protected":false},"author":1,"featured_media":862,"comment_status":"closed","ping_status":"closed","sticky":false,"template":"","format":"standard","meta":{"footnotes":""},"categories":[56,53],"tags":[],"class_list":["post-861","post","type-post","status-publish","format-standard","has-post-thumbnail","hentry","category-ciencia-tecnologia","category-destaques"],"yoast_head":"<!-- This site is optimized with the Yoast SEO plugin v27.4 - https:\/\/yoast.com\/product\/yoast-seo-wordpress\/ -->\n<title>No \u201cabismo financeiro\u201d, empresas ampliar\u00e3o com\u00e9rcio digital no \u201cp\u00f3s-pandemia\u201d! - O Coerente<\/title>\n<meta name=\"robots\" content=\"index, follow, max-snippet:-1, max-image-preview:large, max-video-preview:-1\" \/>\n<link rel=\"canonical\" href=\"https:\/\/ocoerente.com.br\/se\/2020\/04\/23\/no-abismo-financeiro-empresas-ampliarao-comercio-digital-no-pos-pandemia\/\" \/>\n<meta property=\"og:locale\" content=\"pt_BR\" \/>\n<meta property=\"og:type\" content=\"article\" \/>\n<meta property=\"og:title\" content=\"No \u201cabismo financeiro\u201d, empresas ampliar\u00e3o com\u00e9rcio digital no \u201cp\u00f3s-pandemia\u201d! - O Coerente\" \/>\n<meta property=\"og:description\" content=\"Al\u00e9m da preocupa\u00e7\u00e3o das autoridades brasileiras com a prolifera\u00e7\u00e3o do coronav\u00edrus (Covid-19), h\u00e1 tamb\u00e9m uma tens\u00e3o sob o futuro do emprego no Pa\u00eds. O presidente Jair Bolsonaro, desde o princ\u00edpio do isolamento social, decretado por governadores estaduais e prefeitos municipais, tem externado sua preocupa\u00e7\u00e3o com os \u201cdanos\u201d na economia nacional e, consequentemente, o \u201cestouro\u201d da [&hellip;]\" \/>\n<meta property=\"og:url\" content=\"https:\/\/ocoerente.com.br\/se\/2020\/04\/23\/no-abismo-financeiro-empresas-ampliarao-comercio-digital-no-pos-pandemia\/\" \/>\n<meta property=\"og:site_name\" content=\"O Coerente\" \/>\n<meta property=\"article:published_time\" content=\"2020-04-23T04:19:04+00:00\" \/>\n<meta property=\"og:image\" content=\"https:\/\/ocoerente.com.br\/se\/wp-content\/uploads\/2020\/04\/31699.jpg\" \/>\n\t<meta property=\"og:image:width\" content=\"850\" \/>\n\t<meta property=\"og:image:height\" content=\"452\" \/>\n\t<meta property=\"og:image:type\" content=\"image\/jpeg\" \/>\n<meta name=\"author\" content=\"Reda\u00e7\u00e3o\" \/>\n<meta name=\"twitter:card\" content=\"summary_large_image\" \/>\n<meta name=\"twitter:label1\" content=\"Escrito por\" \/>\n\t<meta name=\"twitter:data1\" content=\"Reda\u00e7\u00e3o\" \/>\n\t<meta name=\"twitter:label2\" content=\"Est. tempo de leitura\" \/>\n\t<meta name=\"twitter:data2\" content=\"18 minutos\" \/>\n<script type=\"application\/ld+json\" class=\"yoast-schema-graph\">{\"@context\":\"https:\\\/\\\/schema.org\",\"@graph\":[{\"@type\":\"Article\",\"@id\":\"https:\\\/\\\/ocoerente.com.br\\\/se\\\/2020\\\/04\\\/23\\\/no-abismo-financeiro-empresas-ampliarao-comercio-digital-no-pos-pandemia\\\/#article\",\"isPartOf\":{\"@id\":\"https:\\\/\\\/ocoerente.com.br\\\/se\\\/2020\\\/04\\\/23\\\/no-abismo-financeiro-empresas-ampliarao-comercio-digital-no-pos-pandemia\\\/\"},\"author\":{\"name\":\"Reda\u00e7\u00e3o\",\"@id\":\"https:\\\/\\\/ocoerente.com.br\\\/se\\\/#\\\/schema\\\/person\\\/cc6bfd9fbca465e23543b0c963d8d037\"},\"headline\":\"No \u201cabismo financeiro\u201d, empresas ampliar\u00e3o com\u00e9rcio digital no \u201cp\u00f3s-pandemia\u201d!\",\"datePublished\":\"2020-04-23T04:19:04+00:00\",\"mainEntityOfPage\":{\"@id\":\"https:\\\/\\\/ocoerente.com.br\\\/se\\\/2020\\\/04\\\/23\\\/no-abismo-financeiro-empresas-ampliarao-comercio-digital-no-pos-pandemia\\\/\"},\"wordCount\":3558,\"publisher\":{\"@id\":\"https:\\\/\\\/ocoerente.com.br\\\/se\\\/#\\\/schema\\\/person\\\/cc6bfd9fbca465e23543b0c963d8d037\"},\"image\":{\"@id\":\"https:\\\/\\\/ocoerente.com.br\\\/se\\\/2020\\\/04\\\/23\\\/no-abismo-financeiro-empresas-ampliarao-comercio-digital-no-pos-pandemia\\\/#primaryimage\"},\"thumbnailUrl\":\"https:\\\/\\\/ocoerente.com.br\\\/se\\\/wp-content\\\/uploads\\\/2020\\\/04\\\/31699.jpg\",\"articleSection\":[\"Ci\u00eancia e Tecnologia\",\"Destaques\"],\"inLanguage\":\"pt-BR\"},{\"@type\":\"WebPage\",\"@id\":\"https:\\\/\\\/ocoerente.com.br\\\/se\\\/2020\\\/04\\\/23\\\/no-abismo-financeiro-empresas-ampliarao-comercio-digital-no-pos-pandemia\\\/\",\"url\":\"https:\\\/\\\/ocoerente.com.br\\\/se\\\/2020\\\/04\\\/23\\\/no-abismo-financeiro-empresas-ampliarao-comercio-digital-no-pos-pandemia\\\/\",\"name\":\"No \u201cabismo financeiro\u201d, empresas ampliar\u00e3o com\u00e9rcio digital no \u201cp\u00f3s-pandemia\u201d! - O Coerente\",\"isPartOf\":{\"@id\":\"https:\\\/\\\/ocoerente.com.br\\\/se\\\/#website\"},\"primaryImageOfPage\":{\"@id\":\"https:\\\/\\\/ocoerente.com.br\\\/se\\\/2020\\\/04\\\/23\\\/no-abismo-financeiro-empresas-ampliarao-comercio-digital-no-pos-pandemia\\\/#primaryimage\"},\"image\":{\"@id\":\"https:\\\/\\\/ocoerente.com.br\\\/se\\\/2020\\\/04\\\/23\\\/no-abismo-financeiro-empresas-ampliarao-comercio-digital-no-pos-pandemia\\\/#primaryimage\"},\"thumbnailUrl\":\"https:\\\/\\\/ocoerente.com.br\\\/se\\\/wp-content\\\/uploads\\\/2020\\\/04\\\/31699.jpg\",\"datePublished\":\"2020-04-23T04:19:04+00:00\",\"breadcrumb\":{\"@id\":\"https:\\\/\\\/ocoerente.com.br\\\/se\\\/2020\\\/04\\\/23\\\/no-abismo-financeiro-empresas-ampliarao-comercio-digital-no-pos-pandemia\\\/#breadcrumb\"},\"inLanguage\":\"pt-BR\",\"potentialAction\":[{\"@type\":\"ReadAction\",\"target\":[\"https:\\\/\\\/ocoerente.com.br\\\/se\\\/2020\\\/04\\\/23\\\/no-abismo-financeiro-empresas-ampliarao-comercio-digital-no-pos-pandemia\\\/\"]}]},{\"@type\":\"ImageObject\",\"inLanguage\":\"pt-BR\",\"@id\":\"https:\\\/\\\/ocoerente.com.br\\\/se\\\/2020\\\/04\\\/23\\\/no-abismo-financeiro-empresas-ampliarao-comercio-digital-no-pos-pandemia\\\/#primaryimage\",\"url\":\"https:\\\/\\\/ocoerente.com.br\\\/se\\\/wp-content\\\/uploads\\\/2020\\\/04\\\/31699.jpg\",\"contentUrl\":\"https:\\\/\\\/ocoerente.com.br\\\/se\\\/wp-content\\\/uploads\\\/2020\\\/04\\\/31699.jpg\",\"width\":850,\"height\":452},{\"@type\":\"BreadcrumbList\",\"@id\":\"https:\\\/\\\/ocoerente.com.br\\\/se\\\/2020\\\/04\\\/23\\\/no-abismo-financeiro-empresas-ampliarao-comercio-digital-no-pos-pandemia\\\/#breadcrumb\",\"itemListElement\":[{\"@type\":\"ListItem\",\"position\":1,\"name\":\"In\u00edcio\",\"item\":\"https:\\\/\\\/ocoerente.com.br\\\/se\\\/\"},{\"@type\":\"ListItem\",\"position\":2,\"name\":\"No \u201cabismo financeiro\u201d, empresas ampliar\u00e3o com\u00e9rcio digital no \u201cp\u00f3s-pandemia\u201d!\"}]},{\"@type\":\"WebSite\",\"@id\":\"https:\\\/\\\/ocoerente.com.br\\\/se\\\/#website\",\"url\":\"https:\\\/\\\/ocoerente.com.br\\\/se\\\/\",\"name\":\"O Coerente\",\"description\":\"\",\"publisher\":{\"@id\":\"https:\\\/\\\/ocoerente.com.br\\\/se\\\/#\\\/schema\\\/person\\\/cc6bfd9fbca465e23543b0c963d8d037\"},\"potentialAction\":[{\"@type\":\"SearchAction\",\"target\":{\"@type\":\"EntryPoint\",\"urlTemplate\":\"https:\\\/\\\/ocoerente.com.br\\\/se\\\/?s={search_term_string}\"},\"query-input\":{\"@type\":\"PropertyValueSpecification\",\"valueRequired\":true,\"valueName\":\"search_term_string\"}}],\"inLanguage\":\"pt-BR\"},{\"@type\":[\"Person\",\"Organization\"],\"@id\":\"https:\\\/\\\/ocoerente.com.br\\\/se\\\/#\\\/schema\\\/person\\\/cc6bfd9fbca465e23543b0c963d8d037\",\"name\":\"Reda\u00e7\u00e3o\",\"image\":{\"@type\":\"ImageObject\",\"inLanguage\":\"pt-BR\",\"@id\":\"https:\\\/\\\/ocoerente.com.br\\\/se\\\/wp-content\\\/uploads\\\/2020\\\/01\\\/ocoerente-1.png\",\"url\":\"https:\\\/\\\/ocoerente.com.br\\\/se\\\/wp-content\\\/uploads\\\/2020\\\/01\\\/ocoerente-1.png\",\"contentUrl\":\"https:\\\/\\\/ocoerente.com.br\\\/se\\\/wp-content\\\/uploads\\\/2020\\\/01\\\/ocoerente-1.png\",\"width\":50,\"height\":50,\"caption\":\"Reda\u00e7\u00e3o\"},\"logo\":{\"@id\":\"https:\\\/\\\/ocoerente.com.br\\\/se\\\/wp-content\\\/uploads\\\/2020\\\/01\\\/ocoerente-1.png\"},\"url\":\"https:\\\/\\\/ocoerente.com.br\\\/se\\\/author\\\/vasticlsales\\\/\"}]}<\/script>\n<!-- \/ Yoast SEO plugin. -->","yoast_head_json":{"title":"No \u201cabismo financeiro\u201d, empresas ampliar\u00e3o com\u00e9rcio digital no \u201cp\u00f3s-pandemia\u201d! - O Coerente","robots":{"index":"index","follow":"follow","max-snippet":"max-snippet:-1","max-image-preview":"max-image-preview:large","max-video-preview":"max-video-preview:-1"},"canonical":"https:\/\/ocoerente.com.br\/se\/2020\/04\/23\/no-abismo-financeiro-empresas-ampliarao-comercio-digital-no-pos-pandemia\/","og_locale":"pt_BR","og_type":"article","og_title":"No \u201cabismo financeiro\u201d, empresas ampliar\u00e3o com\u00e9rcio digital no \u201cp\u00f3s-pandemia\u201d! - O Coerente","og_description":"Al\u00e9m da preocupa\u00e7\u00e3o das autoridades brasileiras com a prolifera\u00e7\u00e3o do coronav\u00edrus (Covid-19), h\u00e1 tamb\u00e9m uma tens\u00e3o sob o futuro do emprego no Pa\u00eds. O presidente Jair Bolsonaro, desde o princ\u00edpio do isolamento social, decretado por governadores estaduais e prefeitos municipais, tem externado sua preocupa\u00e7\u00e3o com os \u201cdanos\u201d na economia nacional e, consequentemente, o \u201cestouro\u201d da [&hellip;]","og_url":"https:\/\/ocoerente.com.br\/se\/2020\/04\/23\/no-abismo-financeiro-empresas-ampliarao-comercio-digital-no-pos-pandemia\/","og_site_name":"O Coerente","article_published_time":"2020-04-23T04:19:04+00:00","og_image":[{"width":850,"height":452,"url":"https:\/\/ocoerente.com.br\/se\/wp-content\/uploads\/2020\/04\/31699.jpg","type":"image\/jpeg"}],"author":"Reda\u00e7\u00e3o","twitter_card":"summary_large_image","twitter_misc":{"Escrito por":"Reda\u00e7\u00e3o","Est. tempo de leitura":"18 minutos"},"schema":{"@context":"https:\/\/schema.org","@graph":[{"@type":"Article","@id":"https:\/\/ocoerente.com.br\/se\/2020\/04\/23\/no-abismo-financeiro-empresas-ampliarao-comercio-digital-no-pos-pandemia\/#article","isPartOf":{"@id":"https:\/\/ocoerente.com.br\/se\/2020\/04\/23\/no-abismo-financeiro-empresas-ampliarao-comercio-digital-no-pos-pandemia\/"},"author":{"name":"Reda\u00e7\u00e3o","@id":"https:\/\/ocoerente.com.br\/se\/#\/schema\/person\/cc6bfd9fbca465e23543b0c963d8d037"},"headline":"No \u201cabismo financeiro\u201d, empresas ampliar\u00e3o com\u00e9rcio digital no \u201cp\u00f3s-pandemia\u201d!","datePublished":"2020-04-23T04:19:04+00:00","mainEntityOfPage":{"@id":"https:\/\/ocoerente.com.br\/se\/2020\/04\/23\/no-abismo-financeiro-empresas-ampliarao-comercio-digital-no-pos-pandemia\/"},"wordCount":3558,"publisher":{"@id":"https:\/\/ocoerente.com.br\/se\/#\/schema\/person\/cc6bfd9fbca465e23543b0c963d8d037"},"image":{"@id":"https:\/\/ocoerente.com.br\/se\/2020\/04\/23\/no-abismo-financeiro-empresas-ampliarao-comercio-digital-no-pos-pandemia\/#primaryimage"},"thumbnailUrl":"https:\/\/ocoerente.com.br\/se\/wp-content\/uploads\/2020\/04\/31699.jpg","articleSection":["Ci\u00eancia e Tecnologia","Destaques"],"inLanguage":"pt-BR"},{"@type":"WebPage","@id":"https:\/\/ocoerente.com.br\/se\/2020\/04\/23\/no-abismo-financeiro-empresas-ampliarao-comercio-digital-no-pos-pandemia\/","url":"https:\/\/ocoerente.com.br\/se\/2020\/04\/23\/no-abismo-financeiro-empresas-ampliarao-comercio-digital-no-pos-pandemia\/","name":"No \u201cabismo financeiro\u201d, empresas ampliar\u00e3o com\u00e9rcio digital no \u201cp\u00f3s-pandemia\u201d! - O Coerente","isPartOf":{"@id":"https:\/\/ocoerente.com.br\/se\/#website"},"primaryImageOfPage":{"@id":"https:\/\/ocoerente.com.br\/se\/2020\/04\/23\/no-abismo-financeiro-empresas-ampliarao-comercio-digital-no-pos-pandemia\/#primaryimage"},"image":{"@id":"https:\/\/ocoerente.com.br\/se\/2020\/04\/23\/no-abismo-financeiro-empresas-ampliarao-comercio-digital-no-pos-pandemia\/#primaryimage"},"thumbnailUrl":"https:\/\/ocoerente.com.br\/se\/wp-content\/uploads\/2020\/04\/31699.jpg","datePublished":"2020-04-23T04:19:04+00:00","breadcrumb":{"@id":"https:\/\/ocoerente.com.br\/se\/2020\/04\/23\/no-abismo-financeiro-empresas-ampliarao-comercio-digital-no-pos-pandemia\/#breadcrumb"},"inLanguage":"pt-BR","potentialAction":[{"@type":"ReadAction","target":["https:\/\/ocoerente.com.br\/se\/2020\/04\/23\/no-abismo-financeiro-empresas-ampliarao-comercio-digital-no-pos-pandemia\/"]}]},{"@type":"ImageObject","inLanguage":"pt-BR","@id":"https:\/\/ocoerente.com.br\/se\/2020\/04\/23\/no-abismo-financeiro-empresas-ampliarao-comercio-digital-no-pos-pandemia\/#primaryimage","url":"https:\/\/ocoerente.com.br\/se\/wp-content\/uploads\/2020\/04\/31699.jpg","contentUrl":"https:\/\/ocoerente.com.br\/se\/wp-content\/uploads\/2020\/04\/31699.jpg","width":850,"height":452},{"@type":"BreadcrumbList","@id":"https:\/\/ocoerente.com.br\/se\/2020\/04\/23\/no-abismo-financeiro-empresas-ampliarao-comercio-digital-no-pos-pandemia\/#breadcrumb","itemListElement":[{"@type":"ListItem","position":1,"name":"In\u00edcio","item":"https:\/\/ocoerente.com.br\/se\/"},{"@type":"ListItem","position":2,"name":"No \u201cabismo financeiro\u201d, empresas ampliar\u00e3o com\u00e9rcio digital no \u201cp\u00f3s-pandemia\u201d!"}]},{"@type":"WebSite","@id":"https:\/\/ocoerente.com.br\/se\/#website","url":"https:\/\/ocoerente.com.br\/se\/","name":"O Coerente","description":"","publisher":{"@id":"https:\/\/ocoerente.com.br\/se\/#\/schema\/person\/cc6bfd9fbca465e23543b0c963d8d037"},"potentialAction":[{"@type":"SearchAction","target":{"@type":"EntryPoint","urlTemplate":"https:\/\/ocoerente.com.br\/se\/?s={search_term_string}"},"query-input":{"@type":"PropertyValueSpecification","valueRequired":true,"valueName":"search_term_string"}}],"inLanguage":"pt-BR"},{"@type":["Person","Organization"],"@id":"https:\/\/ocoerente.com.br\/se\/#\/schema\/person\/cc6bfd9fbca465e23543b0c963d8d037","name":"Reda\u00e7\u00e3o","image":{"@type":"ImageObject","inLanguage":"pt-BR","@id":"https:\/\/ocoerente.com.br\/se\/wp-content\/uploads\/2020\/01\/ocoerente-1.png","url":"https:\/\/ocoerente.com.br\/se\/wp-content\/uploads\/2020\/01\/ocoerente-1.png","contentUrl":"https:\/\/ocoerente.com.br\/se\/wp-content\/uploads\/2020\/01\/ocoerente-1.png","width":50,"height":50,"caption":"Reda\u00e7\u00e3o"},"logo":{"@id":"https:\/\/ocoerente.com.br\/se\/wp-content\/uploads\/2020\/01\/ocoerente-1.png"},"url":"https:\/\/ocoerente.com.br\/se\/author\/vasticlsales\/"}]}},"_links":{"self":[{"href":"https:\/\/ocoerente.com.br\/se\/wp-json\/wp\/v2\/posts\/861","targetHints":{"allow":["GET"]}}],"collection":[{"href":"https:\/\/ocoerente.com.br\/se\/wp-json\/wp\/v2\/posts"}],"about":[{"href":"https:\/\/ocoerente.com.br\/se\/wp-json\/wp\/v2\/types\/post"}],"author":[{"embeddable":true,"href":"https:\/\/ocoerente.com.br\/se\/wp-json\/wp\/v2\/users\/1"}],"replies":[{"embeddable":true,"href":"https:\/\/ocoerente.com.br\/se\/wp-json\/wp\/v2\/comments?post=861"}],"version-history":[{"count":1,"href":"https:\/\/ocoerente.com.br\/se\/wp-json\/wp\/v2\/posts\/861\/revisions"}],"predecessor-version":[{"id":863,"href":"https:\/\/ocoerente.com.br\/se\/wp-json\/wp\/v2\/posts\/861\/revisions\/863"}],"wp:featuredmedia":[{"embeddable":true,"href":"https:\/\/ocoerente.com.br\/se\/wp-json\/wp\/v2\/media\/862"}],"wp:attachment":[{"href":"https:\/\/ocoerente.com.br\/se\/wp-json\/wp\/v2\/media?parent=861"}],"wp:term":[{"taxonomy":"category","embeddable":true,"href":"https:\/\/ocoerente.com.br\/se\/wp-json\/wp\/v2\/categories?post=861"},{"taxonomy":"post_tag","embeddable":true,"href":"https:\/\/ocoerente.com.br\/se\/wp-json\/wp\/v2\/tags?post=861"}],"curies":[{"name":"wp","href":"https:\/\/api.w.org\/{rel}","templated":true}]}}