{"id":857,"date":"2020-04-23T01:15:29","date_gmt":"2020-04-23T04:15:29","guid":{"rendered":"http:\/\/ocoerente.com.br\/se\/?p=857"},"modified":"2020-04-23T01:15:29","modified_gmt":"2020-04-23T04:15:29","slug":"parceria-entre-a-prefeitura-e-fasouto-ira-garantir-doacao-de-cestas-basicas-para-populacao-carente","status":"publish","type":"post","link":"https:\/\/ocoerente.com.br\/se\/2020\/04\/23\/parceria-entre-a-prefeitura-e-fasouto-ira-garantir-doacao-de-cestas-basicas-para-populacao-carente\/","title":{"rendered":"Parceria entre a Prefeitura e Fasouto ir\u00e1 garantir doa\u00e7\u00e3o de cestas b\u00e1sicas para popula\u00e7\u00e3o carente"},"content":{"rendered":"<p>O prefeito de Nossa Senhora do Socorro, Padre Inaldo, esteve na manh\u00e3 desta quarta-feira, 22, na nova unidade da Fasouto, empresa atacadista importante no ramo de distribui\u00e7\u00e3o de alimentos e autosservi\u00e7o, agora localizada no munic\u00edpio. E a chegada da nova empresa j\u00e1 garante excelente repercuss\u00e3o para os cidad\u00e3os, vez que a empresa se prontificou em doar alimentos para as fam\u00edlias em situa\u00e7\u00e3o de vulnerabilidade social, atrav\u00e9s da Secretaria Municipal de Assist\u00eancia Social (Smas), e promover ainda a gera\u00e7\u00e3o imediata de 260 empregos diretos.<\/p>\n<p>Na oportunidade o prefeito Padre Inaldo agradeceu ao empres\u00e1rio Juliano C\u00e9sar e o parabenizou pelo esp\u00edrito empreendedor que trar\u00e1 ainda mais desenvolvimento para o munic\u00edpio, al\u00e9m de exaltar a parceria firmada com a empresa, que ir\u00e1 promover a ajuda \u00e0s fam\u00edlias socorrenses, que est\u00e3o precisando de assist\u00eancia diante da necessidade de isolamento social. \u201cA empresa chega trazendo apenas coisas boas para a nossa cidade. Conversei com Juliano tamb\u00e9m sobre a possibilidade da Fasouto nos ajudar a aumentar o n\u00famero de cestas b\u00e1sicas doadas \u00e0 popula\u00e7\u00e3o, porque a demanda est\u00e1 grande, e ele imediatamente nos atendeu. Hoje estamos distribuindo 200 cestas por dia, essa ajuda chega em excelente hora\u201d, afirmou o gestor municipal.<\/p>\n<p><b>Fortalecimento comercial<\/b><\/p>\n<p>Se antes os comerciantes socorrenses precisavam se deslocar at\u00e9 Aracaju para reabastecer seus estoques e adquirir insumos para confec\u00e7\u00e3o e venda de alimentos, por exemplo, agora basta irem at\u00e9 a nova loja da Fasouto, que est\u00e1 localizada no conjunto Albano Franco. O prefeito de Socorro, Padre Inaldo, conheceu as novas instala\u00e7\u00f5es da FASOUTO, que tamb\u00e9m \u00e9 o novo centro de distribui\u00e7\u00e3o da empresa em Sergipe, ao lado do deputado federal, La\u00e9rcio Oliveira, e do s\u00f3cio administrador, Juliano C\u00e9sar.<\/p>\n<p><img loading=\"lazy\" decoding=\"async\" class=\"alignnone size-full wp-image-859\" src=\"http:\/\/ocoerente.com.br\/se\/wp-content\/uploads\/2020\/04\/IMG-20200422-WA0085-640x427-1.jpg\" alt=\"\" width=\"640\" height=\"427\" srcset=\"https:\/\/ocoerente.com.br\/se\/wp-content\/uploads\/2020\/04\/IMG-20200422-WA0085-640x427-1.jpg 640w, https:\/\/ocoerente.com.br\/se\/wp-content\/uploads\/2020\/04\/IMG-20200422-WA0085-640x427-1-300x200.jpg 300w\" sizes=\"auto, (max-width: 640px) 100vw, 640px\" \/><\/p>\n<p>Segundo Juliano C\u00e9sar, a abertura da loja j\u00e1 est\u00e1 gerando 260 empregos diretos, mas a empresa espera se organizar para que cheguem a 400 postos ocupados. \u201cN\u00f3s estamos cumprindo o nosso compromisso de fomentar o empreendedorismo, atrav\u00e9s do acesso aos nossos produtos. Aquela dona de casa que cozinha para fora, com o intuito de complementar a renda familiar, por exemplo, poder\u00e1 ter maior acesso aos insumos necess\u00e1rios perto de casa, diminuindo os custos e melhorando seu pequeno neg\u00f3cio. Defendemos a ideia de comprar do pequeno\u201d, contou.<\/p>\n<p>Para o deputado federal La\u00e9rcio Oliveira, a chegada da Fasouto em Socorro representa o reconhecimento do munic\u00edpio no contexto econ\u00f4mico de Sergipe. \u201c\u00c9 um munic\u00edpio forte, de gente trabalhadora. Aqui tem pelo menos 1.000 mercearias que v\u00e3o se beneficiar da chegada dessa empresa, que tr\u00e1s para o munic\u00edpio uma loja com o mesmo padr\u00e3o de qualidade de qualquer uma do Brasil. Al\u00e9m disso, passa a funcionar aqui tamb\u00e9m o centro de distribui\u00e7\u00e3o da Fasouto\u201d, comemorou.<\/p>\n<p>ansocorro<\/p>\n<p>Por: Fl\u00e1via Sofia<\/p>\n","protected":false},"excerpt":{"rendered":"<p>O prefeito de Nossa Senhora do Socorro, Padre Inaldo, esteve na manh\u00e3 desta quarta-feira, 22, na nova unidade da Fasouto, empresa atacadista importante no ramo de distribui\u00e7\u00e3o de alimentos e autosservi\u00e7o, agora localizada no munic\u00edpio. E a chegada da nova empresa j\u00e1 garante excelente repercuss\u00e3o para os cidad\u00e3os, vez que a empresa se prontificou em [&hellip;]<\/p>\n","protected":false},"author":1,"featured_media":858,"comment_status":"closed","ping_status":"closed","sticky":false,"template":"","format":"standard","meta":{"footnotes":""},"categories":[53,43],"tags":[],"class_list":["post-857","post","type-post","status-publish","format-standard","has-post-thumbnail","hentry","category-destaques","category-sergipe"],"yoast_head":"<!-- This site is optimized with the Yoast SEO plugin v27.4 - https:\/\/yoast.com\/product\/yoast-seo-wordpress\/ -->\n<title>Parceria entre a Prefeitura e Fasouto ir\u00e1 garantir doa\u00e7\u00e3o de cestas b\u00e1sicas para popula\u00e7\u00e3o carente - O Coerente<\/title>\n<meta name=\"robots\" content=\"index, follow, max-snippet:-1, max-image-preview:large, max-video-preview:-1\" \/>\n<link rel=\"canonical\" href=\"https:\/\/ocoerente.com.br\/se\/2020\/04\/23\/parceria-entre-a-prefeitura-e-fasouto-ira-garantir-doacao-de-cestas-basicas-para-populacao-carente\/\" \/>\n<meta property=\"og:locale\" content=\"pt_BR\" \/>\n<meta property=\"og:type\" content=\"article\" \/>\n<meta property=\"og:title\" content=\"Parceria entre a Prefeitura e Fasouto ir\u00e1 garantir doa\u00e7\u00e3o de cestas b\u00e1sicas para popula\u00e7\u00e3o carente - O Coerente\" \/>\n<meta property=\"og:description\" content=\"O prefeito de Nossa Senhora do Socorro, Padre Inaldo, esteve na manh\u00e3 desta quarta-feira, 22, na nova unidade da Fasouto, empresa atacadista importante no ramo de distribui\u00e7\u00e3o de alimentos e autosservi\u00e7o, agora localizada no munic\u00edpio. E a chegada da nova empresa j\u00e1 garante excelente repercuss\u00e3o para os cidad\u00e3os, vez que a empresa se prontificou em [&hellip;]\" \/>\n<meta property=\"og:url\" content=\"https:\/\/ocoerente.com.br\/se\/2020\/04\/23\/parceria-entre-a-prefeitura-e-fasouto-ira-garantir-doacao-de-cestas-basicas-para-populacao-carente\/\" \/>\n<meta property=\"og:site_name\" content=\"O Coerente\" \/>\n<meta property=\"article:published_time\" content=\"2020-04-23T04:15:29+00:00\" \/>\n<meta property=\"og:image\" content=\"https:\/\/ocoerente.com.br\/se\/wp-content\/uploads\/2020\/04\/IMG-20200422-WA0096-640x427-1.jpg\" \/>\n\t<meta property=\"og:image:width\" content=\"640\" \/>\n\t<meta property=\"og:image:height\" content=\"427\" \/>\n\t<meta property=\"og:image:type\" content=\"image\/jpeg\" \/>\n<meta name=\"author\" content=\"Reda\u00e7\u00e3o\" \/>\n<meta name=\"twitter:card\" content=\"summary_large_image\" \/>\n<meta name=\"twitter:label1\" content=\"Escrito por\" \/>\n\t<meta name=\"twitter:data1\" content=\"Reda\u00e7\u00e3o\" \/>\n\t<meta name=\"twitter:label2\" content=\"Est. tempo de leitura\" \/>\n\t<meta name=\"twitter:data2\" content=\"2 minutos\" \/>\n<script type=\"application\/ld+json\" class=\"yoast-schema-graph\">{\"@context\":\"https:\\\/\\\/schema.org\",\"@graph\":[{\"@type\":\"Article\",\"@id\":\"https:\\\/\\\/ocoerente.com.br\\\/se\\\/2020\\\/04\\\/23\\\/parceria-entre-a-prefeitura-e-fasouto-ira-garantir-doacao-de-cestas-basicas-para-populacao-carente\\\/#article\",\"isPartOf\":{\"@id\":\"https:\\\/\\\/ocoerente.com.br\\\/se\\\/2020\\\/04\\\/23\\\/parceria-entre-a-prefeitura-e-fasouto-ira-garantir-doacao-de-cestas-basicas-para-populacao-carente\\\/\"},\"author\":{\"name\":\"Reda\u00e7\u00e3o\",\"@id\":\"https:\\\/\\\/ocoerente.com.br\\\/se\\\/#\\\/schema\\\/person\\\/cc6bfd9fbca465e23543b0c963d8d037\"},\"headline\":\"Parceria entre a Prefeitura e Fasouto ir\u00e1 garantir doa\u00e7\u00e3o de cestas b\u00e1sicas para popula\u00e7\u00e3o carente\",\"datePublished\":\"2020-04-23T04:15:29+00:00\",\"mainEntityOfPage\":{\"@id\":\"https:\\\/\\\/ocoerente.com.br\\\/se\\\/2020\\\/04\\\/23\\\/parceria-entre-a-prefeitura-e-fasouto-ira-garantir-doacao-de-cestas-basicas-para-populacao-carente\\\/\"},\"wordCount\":495,\"publisher\":{\"@id\":\"https:\\\/\\\/ocoerente.com.br\\\/se\\\/#\\\/schema\\\/person\\\/cc6bfd9fbca465e23543b0c963d8d037\"},\"image\":{\"@id\":\"https:\\\/\\\/ocoerente.com.br\\\/se\\\/2020\\\/04\\\/23\\\/parceria-entre-a-prefeitura-e-fasouto-ira-garantir-doacao-de-cestas-basicas-para-populacao-carente\\\/#primaryimage\"},\"thumbnailUrl\":\"https:\\\/\\\/ocoerente.com.br\\\/se\\\/wp-content\\\/uploads\\\/2020\\\/04\\\/IMG-20200422-WA0096-640x427-1.jpg\",\"articleSection\":[\"Destaques\",\"Sergipe\"],\"inLanguage\":\"pt-BR\"},{\"@type\":\"WebPage\",\"@id\":\"https:\\\/\\\/ocoerente.com.br\\\/se\\\/2020\\\/04\\\/23\\\/parceria-entre-a-prefeitura-e-fasouto-ira-garantir-doacao-de-cestas-basicas-para-populacao-carente\\\/\",\"url\":\"https:\\\/\\\/ocoerente.com.br\\\/se\\\/2020\\\/04\\\/23\\\/parceria-entre-a-prefeitura-e-fasouto-ira-garantir-doacao-de-cestas-basicas-para-populacao-carente\\\/\",\"name\":\"Parceria entre a Prefeitura e Fasouto ir\u00e1 garantir doa\u00e7\u00e3o de cestas b\u00e1sicas para popula\u00e7\u00e3o carente - O Coerente\",\"isPartOf\":{\"@id\":\"https:\\\/\\\/ocoerente.com.br\\\/se\\\/#website\"},\"primaryImageOfPage\":{\"@id\":\"https:\\\/\\\/ocoerente.com.br\\\/se\\\/2020\\\/04\\\/23\\\/parceria-entre-a-prefeitura-e-fasouto-ira-garantir-doacao-de-cestas-basicas-para-populacao-carente\\\/#primaryimage\"},\"image\":{\"@id\":\"https:\\\/\\\/ocoerente.com.br\\\/se\\\/2020\\\/04\\\/23\\\/parceria-entre-a-prefeitura-e-fasouto-ira-garantir-doacao-de-cestas-basicas-para-populacao-carente\\\/#primaryimage\"},\"thumbnailUrl\":\"https:\\\/\\\/ocoerente.com.br\\\/se\\\/wp-content\\\/uploads\\\/2020\\\/04\\\/IMG-20200422-WA0096-640x427-1.jpg\",\"datePublished\":\"2020-04-23T04:15:29+00:00\",\"breadcrumb\":{\"@id\":\"https:\\\/\\\/ocoerente.com.br\\\/se\\\/2020\\\/04\\\/23\\\/parceria-entre-a-prefeitura-e-fasouto-ira-garantir-doacao-de-cestas-basicas-para-populacao-carente\\\/#breadcrumb\"},\"inLanguage\":\"pt-BR\",\"potentialAction\":[{\"@type\":\"ReadAction\",\"target\":[\"https:\\\/\\\/ocoerente.com.br\\\/se\\\/2020\\\/04\\\/23\\\/parceria-entre-a-prefeitura-e-fasouto-ira-garantir-doacao-de-cestas-basicas-para-populacao-carente\\\/\"]}]},{\"@type\":\"ImageObject\",\"inLanguage\":\"pt-BR\",\"@id\":\"https:\\\/\\\/ocoerente.com.br\\\/se\\\/2020\\\/04\\\/23\\\/parceria-entre-a-prefeitura-e-fasouto-ira-garantir-doacao-de-cestas-basicas-para-populacao-carente\\\/#primaryimage\",\"url\":\"https:\\\/\\\/ocoerente.com.br\\\/se\\\/wp-content\\\/uploads\\\/2020\\\/04\\\/IMG-20200422-WA0096-640x427-1.jpg\",\"contentUrl\":\"https:\\\/\\\/ocoerente.com.br\\\/se\\\/wp-content\\\/uploads\\\/2020\\\/04\\\/IMG-20200422-WA0096-640x427-1.jpg\",\"width\":640,\"height\":427},{\"@type\":\"BreadcrumbList\",\"@id\":\"https:\\\/\\\/ocoerente.com.br\\\/se\\\/2020\\\/04\\\/23\\\/parceria-entre-a-prefeitura-e-fasouto-ira-garantir-doacao-de-cestas-basicas-para-populacao-carente\\\/#breadcrumb\",\"itemListElement\":[{\"@type\":\"ListItem\",\"position\":1,\"name\":\"In\u00edcio\",\"item\":\"https:\\\/\\\/ocoerente.com.br\\\/se\\\/\"},{\"@type\":\"ListItem\",\"position\":2,\"name\":\"Parceria entre a Prefeitura e Fasouto ir\u00e1 garantir doa\u00e7\u00e3o de cestas b\u00e1sicas para popula\u00e7\u00e3o carente\"}]},{\"@type\":\"WebSite\",\"@id\":\"https:\\\/\\\/ocoerente.com.br\\\/se\\\/#website\",\"url\":\"https:\\\/\\\/ocoerente.com.br\\\/se\\\/\",\"name\":\"O Coerente\",\"description\":\"\",\"publisher\":{\"@id\":\"https:\\\/\\\/ocoerente.com.br\\\/se\\\/#\\\/schema\\\/person\\\/cc6bfd9fbca465e23543b0c963d8d037\"},\"potentialAction\":[{\"@type\":\"SearchAction\",\"target\":{\"@type\":\"EntryPoint\",\"urlTemplate\":\"https:\\\/\\\/ocoerente.com.br\\\/se\\\/?s={search_term_string}\"},\"query-input\":{\"@type\":\"PropertyValueSpecification\",\"valueRequired\":true,\"valueName\":\"search_term_string\"}}],\"inLanguage\":\"pt-BR\"},{\"@type\":[\"Person\",\"Organization\"],\"@id\":\"https:\\\/\\\/ocoerente.com.br\\\/se\\\/#\\\/schema\\\/person\\\/cc6bfd9fbca465e23543b0c963d8d037\",\"name\":\"Reda\u00e7\u00e3o\",\"image\":{\"@type\":\"ImageObject\",\"inLanguage\":\"pt-BR\",\"@id\":\"https:\\\/\\\/ocoerente.com.br\\\/se\\\/wp-content\\\/uploads\\\/2020\\\/01\\\/ocoerente-1.png\",\"url\":\"https:\\\/\\\/ocoerente.com.br\\\/se\\\/wp-content\\\/uploads\\\/2020\\\/01\\\/ocoerente-1.png\",\"contentUrl\":\"https:\\\/\\\/ocoerente.com.br\\\/se\\\/wp-content\\\/uploads\\\/2020\\\/01\\\/ocoerente-1.png\",\"width\":50,\"height\":50,\"caption\":\"Reda\u00e7\u00e3o\"},\"logo\":{\"@id\":\"https:\\\/\\\/ocoerente.com.br\\\/se\\\/wp-content\\\/uploads\\\/2020\\\/01\\\/ocoerente-1.png\"},\"url\":\"https:\\\/\\\/ocoerente.com.br\\\/se\\\/author\\\/vasticlsales\\\/\"}]}<\/script>\n<!-- \/ Yoast SEO plugin. -->","yoast_head_json":{"title":"Parceria entre a Prefeitura e Fasouto ir\u00e1 garantir doa\u00e7\u00e3o de cestas b\u00e1sicas para popula\u00e7\u00e3o carente - O Coerente","robots":{"index":"index","follow":"follow","max-snippet":"max-snippet:-1","max-image-preview":"max-image-preview:large","max-video-preview":"max-video-preview:-1"},"canonical":"https:\/\/ocoerente.com.br\/se\/2020\/04\/23\/parceria-entre-a-prefeitura-e-fasouto-ira-garantir-doacao-de-cestas-basicas-para-populacao-carente\/","og_locale":"pt_BR","og_type":"article","og_title":"Parceria entre a Prefeitura e Fasouto ir\u00e1 garantir doa\u00e7\u00e3o de cestas b\u00e1sicas para popula\u00e7\u00e3o carente - O Coerente","og_description":"O prefeito de Nossa Senhora do Socorro, Padre Inaldo, esteve na manh\u00e3 desta quarta-feira, 22, na nova unidade da Fasouto, empresa atacadista importante no ramo de distribui\u00e7\u00e3o de alimentos e autosservi\u00e7o, agora localizada no munic\u00edpio. E a chegada da nova empresa j\u00e1 garante excelente repercuss\u00e3o para os cidad\u00e3os, vez que a empresa se prontificou em [&hellip;]","og_url":"https:\/\/ocoerente.com.br\/se\/2020\/04\/23\/parceria-entre-a-prefeitura-e-fasouto-ira-garantir-doacao-de-cestas-basicas-para-populacao-carente\/","og_site_name":"O Coerente","article_published_time":"2020-04-23T04:15:29+00:00","og_image":[{"width":640,"height":427,"url":"https:\/\/ocoerente.com.br\/se\/wp-content\/uploads\/2020\/04\/IMG-20200422-WA0096-640x427-1.jpg","type":"image\/jpeg"}],"author":"Reda\u00e7\u00e3o","twitter_card":"summary_large_image","twitter_misc":{"Escrito por":"Reda\u00e7\u00e3o","Est. tempo de leitura":"2 minutos"},"schema":{"@context":"https:\/\/schema.org","@graph":[{"@type":"Article","@id":"https:\/\/ocoerente.com.br\/se\/2020\/04\/23\/parceria-entre-a-prefeitura-e-fasouto-ira-garantir-doacao-de-cestas-basicas-para-populacao-carente\/#article","isPartOf":{"@id":"https:\/\/ocoerente.com.br\/se\/2020\/04\/23\/parceria-entre-a-prefeitura-e-fasouto-ira-garantir-doacao-de-cestas-basicas-para-populacao-carente\/"},"author":{"name":"Reda\u00e7\u00e3o","@id":"https:\/\/ocoerente.com.br\/se\/#\/schema\/person\/cc6bfd9fbca465e23543b0c963d8d037"},"headline":"Parceria entre a Prefeitura e Fasouto ir\u00e1 garantir doa\u00e7\u00e3o de cestas b\u00e1sicas para popula\u00e7\u00e3o carente","datePublished":"2020-04-23T04:15:29+00:00","mainEntityOfPage":{"@id":"https:\/\/ocoerente.com.br\/se\/2020\/04\/23\/parceria-entre-a-prefeitura-e-fasouto-ira-garantir-doacao-de-cestas-basicas-para-populacao-carente\/"},"wordCount":495,"publisher":{"@id":"https:\/\/ocoerente.com.br\/se\/#\/schema\/person\/cc6bfd9fbca465e23543b0c963d8d037"},"image":{"@id":"https:\/\/ocoerente.com.br\/se\/2020\/04\/23\/parceria-entre-a-prefeitura-e-fasouto-ira-garantir-doacao-de-cestas-basicas-para-populacao-carente\/#primaryimage"},"thumbnailUrl":"https:\/\/ocoerente.com.br\/se\/wp-content\/uploads\/2020\/04\/IMG-20200422-WA0096-640x427-1.jpg","articleSection":["Destaques","Sergipe"],"inLanguage":"pt-BR"},{"@type":"WebPage","@id":"https:\/\/ocoerente.com.br\/se\/2020\/04\/23\/parceria-entre-a-prefeitura-e-fasouto-ira-garantir-doacao-de-cestas-basicas-para-populacao-carente\/","url":"https:\/\/ocoerente.com.br\/se\/2020\/04\/23\/parceria-entre-a-prefeitura-e-fasouto-ira-garantir-doacao-de-cestas-basicas-para-populacao-carente\/","name":"Parceria entre a Prefeitura e Fasouto ir\u00e1 garantir doa\u00e7\u00e3o de cestas b\u00e1sicas para popula\u00e7\u00e3o carente - O Coerente","isPartOf":{"@id":"https:\/\/ocoerente.com.br\/se\/#website"},"primaryImageOfPage":{"@id":"https:\/\/ocoerente.com.br\/se\/2020\/04\/23\/parceria-entre-a-prefeitura-e-fasouto-ira-garantir-doacao-de-cestas-basicas-para-populacao-carente\/#primaryimage"},"image":{"@id":"https:\/\/ocoerente.com.br\/se\/2020\/04\/23\/parceria-entre-a-prefeitura-e-fasouto-ira-garantir-doacao-de-cestas-basicas-para-populacao-carente\/#primaryimage"},"thumbnailUrl":"https:\/\/ocoerente.com.br\/se\/wp-content\/uploads\/2020\/04\/IMG-20200422-WA0096-640x427-1.jpg","datePublished":"2020-04-23T04:15:29+00:00","breadcrumb":{"@id":"https:\/\/ocoerente.com.br\/se\/2020\/04\/23\/parceria-entre-a-prefeitura-e-fasouto-ira-garantir-doacao-de-cestas-basicas-para-populacao-carente\/#breadcrumb"},"inLanguage":"pt-BR","potentialAction":[{"@type":"ReadAction","target":["https:\/\/ocoerente.com.br\/se\/2020\/04\/23\/parceria-entre-a-prefeitura-e-fasouto-ira-garantir-doacao-de-cestas-basicas-para-populacao-carente\/"]}]},{"@type":"ImageObject","inLanguage":"pt-BR","@id":"https:\/\/ocoerente.com.br\/se\/2020\/04\/23\/parceria-entre-a-prefeitura-e-fasouto-ira-garantir-doacao-de-cestas-basicas-para-populacao-carente\/#primaryimage","url":"https:\/\/ocoerente.com.br\/se\/wp-content\/uploads\/2020\/04\/IMG-20200422-WA0096-640x427-1.jpg","contentUrl":"https:\/\/ocoerente.com.br\/se\/wp-content\/uploads\/2020\/04\/IMG-20200422-WA0096-640x427-1.jpg","width":640,"height":427},{"@type":"BreadcrumbList","@id":"https:\/\/ocoerente.com.br\/se\/2020\/04\/23\/parceria-entre-a-prefeitura-e-fasouto-ira-garantir-doacao-de-cestas-basicas-para-populacao-carente\/#breadcrumb","itemListElement":[{"@type":"ListItem","position":1,"name":"In\u00edcio","item":"https:\/\/ocoerente.com.br\/se\/"},{"@type":"ListItem","position":2,"name":"Parceria entre a Prefeitura e Fasouto ir\u00e1 garantir doa\u00e7\u00e3o de cestas b\u00e1sicas para popula\u00e7\u00e3o carente"}]},{"@type":"WebSite","@id":"https:\/\/ocoerente.com.br\/se\/#website","url":"https:\/\/ocoerente.com.br\/se\/","name":"O Coerente","description":"","publisher":{"@id":"https:\/\/ocoerente.com.br\/se\/#\/schema\/person\/cc6bfd9fbca465e23543b0c963d8d037"},"potentialAction":[{"@type":"SearchAction","target":{"@type":"EntryPoint","urlTemplate":"https:\/\/ocoerente.com.br\/se\/?s={search_term_string}"},"query-input":{"@type":"PropertyValueSpecification","valueRequired":true,"valueName":"search_term_string"}}],"inLanguage":"pt-BR"},{"@type":["Person","Organization"],"@id":"https:\/\/ocoerente.com.br\/se\/#\/schema\/person\/cc6bfd9fbca465e23543b0c963d8d037","name":"Reda\u00e7\u00e3o","image":{"@type":"ImageObject","inLanguage":"pt-BR","@id":"https:\/\/ocoerente.com.br\/se\/wp-content\/uploads\/2020\/01\/ocoerente-1.png","url":"https:\/\/ocoerente.com.br\/se\/wp-content\/uploads\/2020\/01\/ocoerente-1.png","contentUrl":"https:\/\/ocoerente.com.br\/se\/wp-content\/uploads\/2020\/01\/ocoerente-1.png","width":50,"height":50,"caption":"Reda\u00e7\u00e3o"},"logo":{"@id":"https:\/\/ocoerente.com.br\/se\/wp-content\/uploads\/2020\/01\/ocoerente-1.png"},"url":"https:\/\/ocoerente.com.br\/se\/author\/vasticlsales\/"}]}},"_links":{"self":[{"href":"https:\/\/ocoerente.com.br\/se\/wp-json\/wp\/v2\/posts\/857","targetHints":{"allow":["GET"]}}],"collection":[{"href":"https:\/\/ocoerente.com.br\/se\/wp-json\/wp\/v2\/posts"}],"about":[{"href":"https:\/\/ocoerente.com.br\/se\/wp-json\/wp\/v2\/types\/post"}],"author":[{"embeddable":true,"href":"https:\/\/ocoerente.com.br\/se\/wp-json\/wp\/v2\/users\/1"}],"replies":[{"embeddable":true,"href":"https:\/\/ocoerente.com.br\/se\/wp-json\/wp\/v2\/comments?post=857"}],"version-history":[{"count":1,"href":"https:\/\/ocoerente.com.br\/se\/wp-json\/wp\/v2\/posts\/857\/revisions"}],"predecessor-version":[{"id":860,"href":"https:\/\/ocoerente.com.br\/se\/wp-json\/wp\/v2\/posts\/857\/revisions\/860"}],"wp:featuredmedia":[{"embeddable":true,"href":"https:\/\/ocoerente.com.br\/se\/wp-json\/wp\/v2\/media\/858"}],"wp:attachment":[{"href":"https:\/\/ocoerente.com.br\/se\/wp-json\/wp\/v2\/media?parent=857"}],"wp:term":[{"taxonomy":"category","embeddable":true,"href":"https:\/\/ocoerente.com.br\/se\/wp-json\/wp\/v2\/categories?post=857"},{"taxonomy":"post_tag","embeddable":true,"href":"https:\/\/ocoerente.com.br\/se\/wp-json\/wp\/v2\/tags?post=857"}],"curies":[{"name":"wp","href":"https:\/\/api.w.org\/{rel}","templated":true}]}}