{"id":854,"date":"2020-04-23T01:12:16","date_gmt":"2020-04-23T04:12:16","guid":{"rendered":"http:\/\/ocoerente.com.br\/se\/?p=854"},"modified":"2020-04-23T01:12:16","modified_gmt":"2020-04-23T04:12:16","slug":"cma-mantem-veto-a-projeto-que-isentava-escolas-de-pagar-iss-de-alunos-inadimplentes","status":"publish","type":"post","link":"https:\/\/ocoerente.com.br\/se\/2020\/04\/23\/cma-mantem-veto-a-projeto-que-isentava-escolas-de-pagar-iss-de-alunos-inadimplentes\/","title":{"rendered":"CMA mant\u00e9m veto a projeto que isentava escolas de pagar ISS de alunos inadimplentes"},"content":{"rendered":"<p>Na tarde desta quarta-feira, 22, a C\u00e2mara Municipal de Aracaju (CMA) realizou a primeira Sess\u00e3o Extraordin\u00e1ria On-line na hist\u00f3ria da Casa Parlamentar, dando in\u00edcio aos trabalhos no per\u00edodo de quarentena.<\/p>\n<p>Os parlamentares iniciaram a Sess\u00e3o direto com a discuss\u00e3o da Pauta do Dia, onde foram apreciados cinco Vetos enviados pelo Poder Executivo, a Projetos de Lei (PL) apresentados e aprovados pelos vereadores. Ao final, foram mantidos tr\u00eas Vetos e derrubados dois.<\/p>\n<p>Os Vetos analisados foram aos PLs 266\/2017, 303\/2018, 11\/2019,que foram mantidos, e os 77\/2019 e 3\/2019, derrubados pela maioria do Plen\u00e1rio.<\/p>\n<p>O PL 266\/2017, de autoria do vereador Am\u00e9rico de Deus (PSD), instituia o Programa Municipal de Fomento ao Teatro. Na defesa do Projeto, o autor afirmou que a iniciativa visava alavancar o teatro como instrumento de inclus\u00e3o. O l\u00edder do prefeito na CMA, vereador Vinicius Porto (PDT), comentou que o Supremo Tribunal Federal j\u00e1 se posicionou contr\u00e1rio a Projeto parecidos. O Veto foi mantido com 17 votos favor\u00e1veis e seis votos contr\u00e1rios.<\/p>\n<p>O PL N\u00ba 11\/2019, de autoria do vereador Nitinho (PSD), trata sobre a altera\u00e7\u00e3o dos dispositivos da lei n\u00ba 1.500, de 28 de setembro de 1989 (regula o com\u00e9rcio ambulante). O veto foi mantido por 18 votos sim e quatro n\u00e3o.<\/p>\n<p>J\u00e1 o PL 77\/2019, de autoria do vereador Z\u00e9 Valter (PSD), que cria em Aracaju o marco regulat\u00f3rio municipal da economia solid\u00e1ria, a pol\u00edtica e o sistema municipal de economia solid\u00e1ria, teve o Veto ao mesmo derrubado. O autor afirmou que o Projeto apareceu em um momento de pandemia e tem o intuito de resgatar a autoestima e dignidade das pessoas, por meio da coopera\u00e7\u00e3o e com\u00e9rcio justo. Foram 20 votos contr\u00e1rios ao Veto e dois favor\u00e1veis.<\/p>\n<p>De autoria do vereador Cabo Amintas (PSL), o\u00a0Projeto de Lei Complementar N\u00ba 3\/2019, acresce, altera e revoga o dispositivo de lei N\u00ba 1547\/1989, fixando isen\u00e7\u00e3o de Imposto Predial e Territorial Urbano (IPTU) sobre im\u00f3vel integrante de patrim\u00f4nio de pessoas com doen\u00e7as consideradas graves ou que tenham dependentes nesta condi\u00e7\u00e3o. Na defesa pela derrubada do Veto, o autor afirmou que seria uma maneira do Poder P\u00fablico aliviar a dor dos convalescentes. O Veto foi derrubado por 22 Votos e uma absten\u00e7\u00e3o.<\/p>\n<p><strong>Escolas particulares<\/strong><\/p>\n<p>O Projeto de Lei (PL) 303\/2018, de autoria do vereador Elber Batalha (PSB), estabelecia regime de caixa como regra de tributa\u00e7\u00e3o na identifica\u00e7\u00e3o na base de c\u00e1lculo do ISQN (ISS) para o segmento da educa\u00e7\u00e3o ou sistema privado de ensino.<\/p>\n<p>O parlamentar justificou que o PL foi uma promessa de campanha de Edvaldo, que inclusive assinou documento junto a Federa\u00e7\u00e3o das Escolas Particulares. O Veto foi mantido por nove votos sim, 11 n\u00e3o e tr\u00eas absten\u00e7\u00f5es.<\/p>\n<p>O projeto tinha por objetivo isentar as escolas particulares do pagamento \u00e0 Prefeitura de Aracaju do ISS das mensalidades de alunos inadimplentes, permitindo a cobran\u00e7a do imposto apenas das mensalidades dos alunos adimplentes. O c\u00e1lculo \u00e9 feito sobre o n\u00famero total de matr\u00edculas de cada s\u00e9rie.<\/p>\n<p>Atualmente, as escolas particulares pagam 5% do ISS sobre o n\u00famero total de alunos matriculados, independentemente do n\u00famero de inadimplentes.<\/p>\n<p><strong>Sess\u00f5es<\/strong><\/p>\n<p>A Primeira Sess\u00e3o Online da C\u00e2mara Municipal de Aracaju foi encerrada por volta das 20h, ap\u00f3s mais de cinco horas de discuss\u00e3o sobre os Vetos encaminhados pelo Executivo. A pr\u00f3xima sess\u00e3o virtual acontecer\u00e1 na pr\u00f3xima quarta-feira, 29 de abril, a partir das 14h30.<\/p>\n<p>A Sess\u00e3o foi transmitida atrav\u00e9s do site e da TV C\u00e2mara Aracaju, canal aberto 48.4.<\/p>\n<p>horanews<\/p>\n<p>Com informa\u00e7\u00f5es de Danilo Cardoso e Alexandra Brito\/CMA<\/p>\n","protected":false},"excerpt":{"rendered":"<p>Na tarde desta quarta-feira, 22, a C\u00e2mara Municipal de Aracaju (CMA) realizou a primeira Sess\u00e3o Extraordin\u00e1ria On-line na hist\u00f3ria da Casa Parlamentar, dando in\u00edcio aos trabalhos no per\u00edodo de quarentena. Os parlamentares iniciaram a Sess\u00e3o direto com a discuss\u00e3o da Pauta do Dia, onde foram apreciados cinco Vetos enviados pelo Poder Executivo, a Projetos de [&hellip;]<\/p>\n","protected":false},"author":1,"featured_media":855,"comment_status":"closed","ping_status":"closed","sticky":false,"template":"","format":"standard","meta":{"footnotes":""},"categories":[53,44],"tags":[],"class_list":["post-854","post","type-post","status-publish","format-standard","has-post-thumbnail","hentry","category-destaques","category-politica"],"yoast_head":"<!-- This site is optimized with the Yoast SEO plugin v27.4 - https:\/\/yoast.com\/product\/yoast-seo-wordpress\/ -->\n<title>CMA mant\u00e9m veto a projeto que isentava escolas de pagar ISS de alunos inadimplentes - O Coerente<\/title>\n<meta name=\"robots\" content=\"index, follow, max-snippet:-1, max-image-preview:large, max-video-preview:-1\" \/>\n<link rel=\"canonical\" href=\"https:\/\/ocoerente.com.br\/se\/2020\/04\/23\/cma-mantem-veto-a-projeto-que-isentava-escolas-de-pagar-iss-de-alunos-inadimplentes\/\" \/>\n<meta property=\"og:locale\" content=\"pt_BR\" \/>\n<meta property=\"og:type\" content=\"article\" \/>\n<meta property=\"og:title\" content=\"CMA mant\u00e9m veto a projeto que isentava escolas de pagar ISS de alunos inadimplentes - O Coerente\" \/>\n<meta property=\"og:description\" content=\"Na tarde desta quarta-feira, 22, a C\u00e2mara Municipal de Aracaju (CMA) realizou a primeira Sess\u00e3o Extraordin\u00e1ria On-line na hist\u00f3ria da Casa Parlamentar, dando in\u00edcio aos trabalhos no per\u00edodo de quarentena. Os parlamentares iniciaram a Sess\u00e3o direto com a discuss\u00e3o da Pauta do Dia, onde foram apreciados cinco Vetos enviados pelo Poder Executivo, a Projetos de [&hellip;]\" \/>\n<meta property=\"og:url\" content=\"https:\/\/ocoerente.com.br\/se\/2020\/04\/23\/cma-mantem-veto-a-projeto-que-isentava-escolas-de-pagar-iss-de-alunos-inadimplentes\/\" \/>\n<meta property=\"og:site_name\" content=\"O Coerente\" \/>\n<meta property=\"article:published_time\" content=\"2020-04-23T04:12:16+00:00\" \/>\n<meta property=\"og:image\" content=\"https:\/\/ocoerente.com.br\/se\/wp-content\/uploads\/2020\/04\/foto-sess\u00e3o-online-cma.jpg\" \/>\n\t<meta property=\"og:image:width\" content=\"550\" \/>\n\t<meta property=\"og:image:height\" content=\"368\" \/>\n\t<meta property=\"og:image:type\" content=\"image\/jpeg\" \/>\n<meta name=\"author\" content=\"Reda\u00e7\u00e3o\" \/>\n<meta name=\"twitter:card\" content=\"summary_large_image\" \/>\n<meta name=\"twitter:label1\" content=\"Escrito por\" \/>\n\t<meta name=\"twitter:data1\" content=\"Reda\u00e7\u00e3o\" \/>\n\t<meta name=\"twitter:label2\" content=\"Est. tempo de leitura\" \/>\n\t<meta name=\"twitter:data2\" content=\"3 minutos\" \/>\n<script type=\"application\/ld+json\" class=\"yoast-schema-graph\">{\"@context\":\"https:\\\/\\\/schema.org\",\"@graph\":[{\"@type\":\"Article\",\"@id\":\"https:\\\/\\\/ocoerente.com.br\\\/se\\\/2020\\\/04\\\/23\\\/cma-mantem-veto-a-projeto-que-isentava-escolas-de-pagar-iss-de-alunos-inadimplentes\\\/#article\",\"isPartOf\":{\"@id\":\"https:\\\/\\\/ocoerente.com.br\\\/se\\\/2020\\\/04\\\/23\\\/cma-mantem-veto-a-projeto-que-isentava-escolas-de-pagar-iss-de-alunos-inadimplentes\\\/\"},\"author\":{\"name\":\"Reda\u00e7\u00e3o\",\"@id\":\"https:\\\/\\\/ocoerente.com.br\\\/se\\\/#\\\/schema\\\/person\\\/cc6bfd9fbca465e23543b0c963d8d037\"},\"headline\":\"CMA mant\u00e9m veto a projeto que isentava escolas de pagar ISS de alunos inadimplentes\",\"datePublished\":\"2020-04-23T04:12:16+00:00\",\"mainEntityOfPage\":{\"@id\":\"https:\\\/\\\/ocoerente.com.br\\\/se\\\/2020\\\/04\\\/23\\\/cma-mantem-veto-a-projeto-que-isentava-escolas-de-pagar-iss-de-alunos-inadimplentes\\\/\"},\"wordCount\":628,\"publisher\":{\"@id\":\"https:\\\/\\\/ocoerente.com.br\\\/se\\\/#\\\/schema\\\/person\\\/cc6bfd9fbca465e23543b0c963d8d037\"},\"image\":{\"@id\":\"https:\\\/\\\/ocoerente.com.br\\\/se\\\/2020\\\/04\\\/23\\\/cma-mantem-veto-a-projeto-que-isentava-escolas-de-pagar-iss-de-alunos-inadimplentes\\\/#primaryimage\"},\"thumbnailUrl\":\"https:\\\/\\\/ocoerente.com.br\\\/se\\\/wp-content\\\/uploads\\\/2020\\\/04\\\/foto-sess\u00e3o-online-cma.jpg\",\"articleSection\":[\"Destaques\",\"Pol\u00edtica\"],\"inLanguage\":\"pt-BR\"},{\"@type\":\"WebPage\",\"@id\":\"https:\\\/\\\/ocoerente.com.br\\\/se\\\/2020\\\/04\\\/23\\\/cma-mantem-veto-a-projeto-que-isentava-escolas-de-pagar-iss-de-alunos-inadimplentes\\\/\",\"url\":\"https:\\\/\\\/ocoerente.com.br\\\/se\\\/2020\\\/04\\\/23\\\/cma-mantem-veto-a-projeto-que-isentava-escolas-de-pagar-iss-de-alunos-inadimplentes\\\/\",\"name\":\"CMA mant\u00e9m veto a projeto que isentava escolas de pagar ISS de alunos inadimplentes - O Coerente\",\"isPartOf\":{\"@id\":\"https:\\\/\\\/ocoerente.com.br\\\/se\\\/#website\"},\"primaryImageOfPage\":{\"@id\":\"https:\\\/\\\/ocoerente.com.br\\\/se\\\/2020\\\/04\\\/23\\\/cma-mantem-veto-a-projeto-que-isentava-escolas-de-pagar-iss-de-alunos-inadimplentes\\\/#primaryimage\"},\"image\":{\"@id\":\"https:\\\/\\\/ocoerente.com.br\\\/se\\\/2020\\\/04\\\/23\\\/cma-mantem-veto-a-projeto-que-isentava-escolas-de-pagar-iss-de-alunos-inadimplentes\\\/#primaryimage\"},\"thumbnailUrl\":\"https:\\\/\\\/ocoerente.com.br\\\/se\\\/wp-content\\\/uploads\\\/2020\\\/04\\\/foto-sess\u00e3o-online-cma.jpg\",\"datePublished\":\"2020-04-23T04:12:16+00:00\",\"breadcrumb\":{\"@id\":\"https:\\\/\\\/ocoerente.com.br\\\/se\\\/2020\\\/04\\\/23\\\/cma-mantem-veto-a-projeto-que-isentava-escolas-de-pagar-iss-de-alunos-inadimplentes\\\/#breadcrumb\"},\"inLanguage\":\"pt-BR\",\"potentialAction\":[{\"@type\":\"ReadAction\",\"target\":[\"https:\\\/\\\/ocoerente.com.br\\\/se\\\/2020\\\/04\\\/23\\\/cma-mantem-veto-a-projeto-que-isentava-escolas-de-pagar-iss-de-alunos-inadimplentes\\\/\"]}]},{\"@type\":\"ImageObject\",\"inLanguage\":\"pt-BR\",\"@id\":\"https:\\\/\\\/ocoerente.com.br\\\/se\\\/2020\\\/04\\\/23\\\/cma-mantem-veto-a-projeto-que-isentava-escolas-de-pagar-iss-de-alunos-inadimplentes\\\/#primaryimage\",\"url\":\"https:\\\/\\\/ocoerente.com.br\\\/se\\\/wp-content\\\/uploads\\\/2020\\\/04\\\/foto-sess\u00e3o-online-cma.jpg\",\"contentUrl\":\"https:\\\/\\\/ocoerente.com.br\\\/se\\\/wp-content\\\/uploads\\\/2020\\\/04\\\/foto-sess\u00e3o-online-cma.jpg\",\"width\":550,\"height\":368},{\"@type\":\"BreadcrumbList\",\"@id\":\"https:\\\/\\\/ocoerente.com.br\\\/se\\\/2020\\\/04\\\/23\\\/cma-mantem-veto-a-projeto-que-isentava-escolas-de-pagar-iss-de-alunos-inadimplentes\\\/#breadcrumb\",\"itemListElement\":[{\"@type\":\"ListItem\",\"position\":1,\"name\":\"In\u00edcio\",\"item\":\"https:\\\/\\\/ocoerente.com.br\\\/se\\\/\"},{\"@type\":\"ListItem\",\"position\":2,\"name\":\"CMA mant\u00e9m veto a projeto que isentava escolas de pagar ISS de alunos inadimplentes\"}]},{\"@type\":\"WebSite\",\"@id\":\"https:\\\/\\\/ocoerente.com.br\\\/se\\\/#website\",\"url\":\"https:\\\/\\\/ocoerente.com.br\\\/se\\\/\",\"name\":\"O Coerente\",\"description\":\"\",\"publisher\":{\"@id\":\"https:\\\/\\\/ocoerente.com.br\\\/se\\\/#\\\/schema\\\/person\\\/cc6bfd9fbca465e23543b0c963d8d037\"},\"potentialAction\":[{\"@type\":\"SearchAction\",\"target\":{\"@type\":\"EntryPoint\",\"urlTemplate\":\"https:\\\/\\\/ocoerente.com.br\\\/se\\\/?s={search_term_string}\"},\"query-input\":{\"@type\":\"PropertyValueSpecification\",\"valueRequired\":true,\"valueName\":\"search_term_string\"}}],\"inLanguage\":\"pt-BR\"},{\"@type\":[\"Person\",\"Organization\"],\"@id\":\"https:\\\/\\\/ocoerente.com.br\\\/se\\\/#\\\/schema\\\/person\\\/cc6bfd9fbca465e23543b0c963d8d037\",\"name\":\"Reda\u00e7\u00e3o\",\"image\":{\"@type\":\"ImageObject\",\"inLanguage\":\"pt-BR\",\"@id\":\"https:\\\/\\\/ocoerente.com.br\\\/se\\\/wp-content\\\/uploads\\\/2020\\\/01\\\/ocoerente-1.png\",\"url\":\"https:\\\/\\\/ocoerente.com.br\\\/se\\\/wp-content\\\/uploads\\\/2020\\\/01\\\/ocoerente-1.png\",\"contentUrl\":\"https:\\\/\\\/ocoerente.com.br\\\/se\\\/wp-content\\\/uploads\\\/2020\\\/01\\\/ocoerente-1.png\",\"width\":50,\"height\":50,\"caption\":\"Reda\u00e7\u00e3o\"},\"logo\":{\"@id\":\"https:\\\/\\\/ocoerente.com.br\\\/se\\\/wp-content\\\/uploads\\\/2020\\\/01\\\/ocoerente-1.png\"},\"url\":\"https:\\\/\\\/ocoerente.com.br\\\/se\\\/author\\\/vasticlsales\\\/\"}]}<\/script>\n<!-- \/ Yoast SEO plugin. -->","yoast_head_json":{"title":"CMA mant\u00e9m veto a projeto que isentava escolas de pagar ISS de alunos inadimplentes - O Coerente","robots":{"index":"index","follow":"follow","max-snippet":"max-snippet:-1","max-image-preview":"max-image-preview:large","max-video-preview":"max-video-preview:-1"},"canonical":"https:\/\/ocoerente.com.br\/se\/2020\/04\/23\/cma-mantem-veto-a-projeto-que-isentava-escolas-de-pagar-iss-de-alunos-inadimplentes\/","og_locale":"pt_BR","og_type":"article","og_title":"CMA mant\u00e9m veto a projeto que isentava escolas de pagar ISS de alunos inadimplentes - O Coerente","og_description":"Na tarde desta quarta-feira, 22, a C\u00e2mara Municipal de Aracaju (CMA) realizou a primeira Sess\u00e3o Extraordin\u00e1ria On-line na hist\u00f3ria da Casa Parlamentar, dando in\u00edcio aos trabalhos no per\u00edodo de quarentena. Os parlamentares iniciaram a Sess\u00e3o direto com a discuss\u00e3o da Pauta do Dia, onde foram apreciados cinco Vetos enviados pelo Poder Executivo, a Projetos de [&hellip;]","og_url":"https:\/\/ocoerente.com.br\/se\/2020\/04\/23\/cma-mantem-veto-a-projeto-que-isentava-escolas-de-pagar-iss-de-alunos-inadimplentes\/","og_site_name":"O Coerente","article_published_time":"2020-04-23T04:12:16+00:00","og_image":[{"width":550,"height":368,"url":"https:\/\/ocoerente.com.br\/se\/wp-content\/uploads\/2020\/04\/foto-sess\u00e3o-online-cma.jpg","type":"image\/jpeg"}],"author":"Reda\u00e7\u00e3o","twitter_card":"summary_large_image","twitter_misc":{"Escrito por":"Reda\u00e7\u00e3o","Est. tempo de leitura":"3 minutos"},"schema":{"@context":"https:\/\/schema.org","@graph":[{"@type":"Article","@id":"https:\/\/ocoerente.com.br\/se\/2020\/04\/23\/cma-mantem-veto-a-projeto-que-isentava-escolas-de-pagar-iss-de-alunos-inadimplentes\/#article","isPartOf":{"@id":"https:\/\/ocoerente.com.br\/se\/2020\/04\/23\/cma-mantem-veto-a-projeto-que-isentava-escolas-de-pagar-iss-de-alunos-inadimplentes\/"},"author":{"name":"Reda\u00e7\u00e3o","@id":"https:\/\/ocoerente.com.br\/se\/#\/schema\/person\/cc6bfd9fbca465e23543b0c963d8d037"},"headline":"CMA mant\u00e9m veto a projeto que isentava escolas de pagar ISS de alunos inadimplentes","datePublished":"2020-04-23T04:12:16+00:00","mainEntityOfPage":{"@id":"https:\/\/ocoerente.com.br\/se\/2020\/04\/23\/cma-mantem-veto-a-projeto-que-isentava-escolas-de-pagar-iss-de-alunos-inadimplentes\/"},"wordCount":628,"publisher":{"@id":"https:\/\/ocoerente.com.br\/se\/#\/schema\/person\/cc6bfd9fbca465e23543b0c963d8d037"},"image":{"@id":"https:\/\/ocoerente.com.br\/se\/2020\/04\/23\/cma-mantem-veto-a-projeto-que-isentava-escolas-de-pagar-iss-de-alunos-inadimplentes\/#primaryimage"},"thumbnailUrl":"https:\/\/ocoerente.com.br\/se\/wp-content\/uploads\/2020\/04\/foto-sess\u00e3o-online-cma.jpg","articleSection":["Destaques","Pol\u00edtica"],"inLanguage":"pt-BR"},{"@type":"WebPage","@id":"https:\/\/ocoerente.com.br\/se\/2020\/04\/23\/cma-mantem-veto-a-projeto-que-isentava-escolas-de-pagar-iss-de-alunos-inadimplentes\/","url":"https:\/\/ocoerente.com.br\/se\/2020\/04\/23\/cma-mantem-veto-a-projeto-que-isentava-escolas-de-pagar-iss-de-alunos-inadimplentes\/","name":"CMA mant\u00e9m veto a projeto que isentava escolas de pagar ISS de alunos inadimplentes - O Coerente","isPartOf":{"@id":"https:\/\/ocoerente.com.br\/se\/#website"},"primaryImageOfPage":{"@id":"https:\/\/ocoerente.com.br\/se\/2020\/04\/23\/cma-mantem-veto-a-projeto-que-isentava-escolas-de-pagar-iss-de-alunos-inadimplentes\/#primaryimage"},"image":{"@id":"https:\/\/ocoerente.com.br\/se\/2020\/04\/23\/cma-mantem-veto-a-projeto-que-isentava-escolas-de-pagar-iss-de-alunos-inadimplentes\/#primaryimage"},"thumbnailUrl":"https:\/\/ocoerente.com.br\/se\/wp-content\/uploads\/2020\/04\/foto-sess\u00e3o-online-cma.jpg","datePublished":"2020-04-23T04:12:16+00:00","breadcrumb":{"@id":"https:\/\/ocoerente.com.br\/se\/2020\/04\/23\/cma-mantem-veto-a-projeto-que-isentava-escolas-de-pagar-iss-de-alunos-inadimplentes\/#breadcrumb"},"inLanguage":"pt-BR","potentialAction":[{"@type":"ReadAction","target":["https:\/\/ocoerente.com.br\/se\/2020\/04\/23\/cma-mantem-veto-a-projeto-que-isentava-escolas-de-pagar-iss-de-alunos-inadimplentes\/"]}]},{"@type":"ImageObject","inLanguage":"pt-BR","@id":"https:\/\/ocoerente.com.br\/se\/2020\/04\/23\/cma-mantem-veto-a-projeto-que-isentava-escolas-de-pagar-iss-de-alunos-inadimplentes\/#primaryimage","url":"https:\/\/ocoerente.com.br\/se\/wp-content\/uploads\/2020\/04\/foto-sess\u00e3o-online-cma.jpg","contentUrl":"https:\/\/ocoerente.com.br\/se\/wp-content\/uploads\/2020\/04\/foto-sess\u00e3o-online-cma.jpg","width":550,"height":368},{"@type":"BreadcrumbList","@id":"https:\/\/ocoerente.com.br\/se\/2020\/04\/23\/cma-mantem-veto-a-projeto-que-isentava-escolas-de-pagar-iss-de-alunos-inadimplentes\/#breadcrumb","itemListElement":[{"@type":"ListItem","position":1,"name":"In\u00edcio","item":"https:\/\/ocoerente.com.br\/se\/"},{"@type":"ListItem","position":2,"name":"CMA mant\u00e9m veto a projeto que isentava escolas de pagar ISS de alunos inadimplentes"}]},{"@type":"WebSite","@id":"https:\/\/ocoerente.com.br\/se\/#website","url":"https:\/\/ocoerente.com.br\/se\/","name":"O Coerente","description":"","publisher":{"@id":"https:\/\/ocoerente.com.br\/se\/#\/schema\/person\/cc6bfd9fbca465e23543b0c963d8d037"},"potentialAction":[{"@type":"SearchAction","target":{"@type":"EntryPoint","urlTemplate":"https:\/\/ocoerente.com.br\/se\/?s={search_term_string}"},"query-input":{"@type":"PropertyValueSpecification","valueRequired":true,"valueName":"search_term_string"}}],"inLanguage":"pt-BR"},{"@type":["Person","Organization"],"@id":"https:\/\/ocoerente.com.br\/se\/#\/schema\/person\/cc6bfd9fbca465e23543b0c963d8d037","name":"Reda\u00e7\u00e3o","image":{"@type":"ImageObject","inLanguage":"pt-BR","@id":"https:\/\/ocoerente.com.br\/se\/wp-content\/uploads\/2020\/01\/ocoerente-1.png","url":"https:\/\/ocoerente.com.br\/se\/wp-content\/uploads\/2020\/01\/ocoerente-1.png","contentUrl":"https:\/\/ocoerente.com.br\/se\/wp-content\/uploads\/2020\/01\/ocoerente-1.png","width":50,"height":50,"caption":"Reda\u00e7\u00e3o"},"logo":{"@id":"https:\/\/ocoerente.com.br\/se\/wp-content\/uploads\/2020\/01\/ocoerente-1.png"},"url":"https:\/\/ocoerente.com.br\/se\/author\/vasticlsales\/"}]}},"_links":{"self":[{"href":"https:\/\/ocoerente.com.br\/se\/wp-json\/wp\/v2\/posts\/854","targetHints":{"allow":["GET"]}}],"collection":[{"href":"https:\/\/ocoerente.com.br\/se\/wp-json\/wp\/v2\/posts"}],"about":[{"href":"https:\/\/ocoerente.com.br\/se\/wp-json\/wp\/v2\/types\/post"}],"author":[{"embeddable":true,"href":"https:\/\/ocoerente.com.br\/se\/wp-json\/wp\/v2\/users\/1"}],"replies":[{"embeddable":true,"href":"https:\/\/ocoerente.com.br\/se\/wp-json\/wp\/v2\/comments?post=854"}],"version-history":[{"count":1,"href":"https:\/\/ocoerente.com.br\/se\/wp-json\/wp\/v2\/posts\/854\/revisions"}],"predecessor-version":[{"id":856,"href":"https:\/\/ocoerente.com.br\/se\/wp-json\/wp\/v2\/posts\/854\/revisions\/856"}],"wp:featuredmedia":[{"embeddable":true,"href":"https:\/\/ocoerente.com.br\/se\/wp-json\/wp\/v2\/media\/855"}],"wp:attachment":[{"href":"https:\/\/ocoerente.com.br\/se\/wp-json\/wp\/v2\/media?parent=854"}],"wp:term":[{"taxonomy":"category","embeddable":true,"href":"https:\/\/ocoerente.com.br\/se\/wp-json\/wp\/v2\/categories?post=854"},{"taxonomy":"post_tag","embeddable":true,"href":"https:\/\/ocoerente.com.br\/se\/wp-json\/wp\/v2\/tags?post=854"}],"curies":[{"name":"wp","href":"https:\/\/api.w.org\/{rel}","templated":true}]}}