{"id":851,"date":"2020-04-23T01:09:28","date_gmt":"2020-04-23T04:09:28","guid":{"rendered":"http:\/\/ocoerente.com.br\/se\/?p=851"},"modified":"2020-04-23T01:10:35","modified_gmt":"2020-04-23T04:10:35","slug":"vitoria-dos-jornalistas-do-movimento-popular-dos-sindicatos-de-jornalistas-e-da-fenaj","status":"publish","type":"post","link":"https:\/\/ocoerente.com.br\/se\/2020\/04\/23\/vitoria-dos-jornalistas-do-movimento-popular-dos-sindicatos-de-jornalistas-e-da-fenaj\/","title":{"rendered":"Vit\u00f3ria dos Jornalistas, do Movimento Popular, dos Sindicatos de Jornalistas e da FENAJ"},"content":{"rendered":"<p>Ap\u00f3s muita press\u00e3o das organiza\u00e7\u00f5es dos trabalhadores, incluindo a FENAJ e os Sindicatos de Jornalistas, a partir de hoje, 21 de abril, a MP 905 finalmente deixou de existir. Com isso, o Registro Profissional de Jornalistas (de acordo com os decretos leis que regulamentam a profiss\u00e3o) volta a ser obrigat\u00f3rio no Brasil.<\/p>\n<p>Agora, aguardemos para saber como o Governo Federal vai reorganizar os pedidos de registro na estrutura das secretarias regionais do trabalho.<\/p>\n<p>Tamb\u00e9m precisamos manter a press\u00e3o para que a elimina\u00e7\u00e3o do registro n\u00e3o volte em uma nova MP que possa vir a ser editada pela Presid\u00eancia, embora, no Congresso, houve consenso entre os parlamentares de n\u00e3o mais afetar essa quest\u00e3o, debate feito no \u00e2mbito da comiss\u00e3o especial que discutiu a Medida Provis\u00f3ria 905.<\/p>\n<p>A queda por completo da MP \u00e9 importante, pois deu fim ao contrato de trabalho verde e amarelo, mecanismo de precariza\u00e7\u00e3o do trabalho jovem e mais um ataque \u00e0 legisla\u00e7\u00e3o trabalhista.<\/p>\n<p>fenaj<\/p>\n","protected":false},"excerpt":{"rendered":"<p>Ap\u00f3s muita press\u00e3o das organiza\u00e7\u00f5es dos trabalhadores, incluindo a FENAJ e os Sindicatos de Jornalistas, a partir de hoje, 21 de abril, a MP 905 finalmente deixou de existir. Com isso, o Registro Profissional de Jornalistas (de acordo com os decretos leis que regulamentam a profiss\u00e3o) volta a ser obrigat\u00f3rio no Brasil. Agora, aguardemos para [&hellip;]<\/p>\n","protected":false},"author":1,"featured_media":852,"comment_status":"closed","ping_status":"closed","sticky":false,"template":"","format":"standard","meta":{"footnotes":""},"categories":[48,53],"tags":[],"class_list":["post-851","post","type-post","status-publish","format-standard","has-post-thumbnail","hentry","category-brasil","category-destaques"],"yoast_head":"<!-- This site is optimized with the Yoast SEO plugin v27.4 - https:\/\/yoast.com\/product\/yoast-seo-wordpress\/ -->\n<title>Vit\u00f3ria dos Jornalistas, do Movimento Popular, dos Sindicatos de Jornalistas e da FENAJ - O Coerente<\/title>\n<meta name=\"robots\" content=\"index, follow, max-snippet:-1, max-image-preview:large, max-video-preview:-1\" \/>\n<link rel=\"canonical\" href=\"https:\/\/ocoerente.com.br\/se\/2020\/04\/23\/vitoria-dos-jornalistas-do-movimento-popular-dos-sindicatos-de-jornalistas-e-da-fenaj\/\" \/>\n<meta property=\"og:locale\" content=\"pt_BR\" \/>\n<meta property=\"og:type\" content=\"article\" \/>\n<meta property=\"og:title\" content=\"Vit\u00f3ria dos Jornalistas, do Movimento Popular, dos Sindicatos de Jornalistas e da FENAJ - O Coerente\" \/>\n<meta property=\"og:description\" content=\"Ap\u00f3s muita press\u00e3o das organiza\u00e7\u00f5es dos trabalhadores, incluindo a FENAJ e os Sindicatos de Jornalistas, a partir de hoje, 21 de abril, a MP 905 finalmente deixou de existir. Com isso, o Registro Profissional de Jornalistas (de acordo com os decretos leis que regulamentam a profiss\u00e3o) volta a ser obrigat\u00f3rio no Brasil. Agora, aguardemos para [&hellip;]\" \/>\n<meta property=\"og:url\" content=\"https:\/\/ocoerente.com.br\/se\/2020\/04\/23\/vitoria-dos-jornalistas-do-movimento-popular-dos-sindicatos-de-jornalistas-e-da-fenaj\/\" \/>\n<meta property=\"og:site_name\" content=\"O Coerente\" \/>\n<meta property=\"article:published_time\" content=\"2020-04-23T04:09:28+00:00\" \/>\n<meta property=\"article:modified_time\" content=\"2020-04-23T04:10:35+00:00\" \/>\n<meta property=\"og:image\" content=\"https:\/\/ocoerente.com.br\/se\/wp-content\/uploads\/2020\/04\/WhatsApp-Image-2020-04-22-at-15.53.58.jpg\" \/>\n\t<meta property=\"og:image:width\" content=\"1280\" \/>\n\t<meta property=\"og:image:height\" content=\"664\" \/>\n\t<meta property=\"og:image:type\" content=\"image\/jpeg\" \/>\n<meta name=\"author\" content=\"Reda\u00e7\u00e3o\" \/>\n<meta name=\"twitter:card\" content=\"summary_large_image\" \/>\n<meta name=\"twitter:label1\" content=\"Escrito por\" \/>\n\t<meta name=\"twitter:data1\" content=\"Reda\u00e7\u00e3o\" \/>\n\t<meta name=\"twitter:label2\" content=\"Est. tempo de leitura\" \/>\n\t<meta name=\"twitter:data2\" content=\"1 minuto\" \/>\n<script type=\"application\/ld+json\" class=\"yoast-schema-graph\">{\"@context\":\"https:\\\/\\\/schema.org\",\"@graph\":[{\"@type\":\"Article\",\"@id\":\"https:\\\/\\\/ocoerente.com.br\\\/se\\\/2020\\\/04\\\/23\\\/vitoria-dos-jornalistas-do-movimento-popular-dos-sindicatos-de-jornalistas-e-da-fenaj\\\/#article\",\"isPartOf\":{\"@id\":\"https:\\\/\\\/ocoerente.com.br\\\/se\\\/2020\\\/04\\\/23\\\/vitoria-dos-jornalistas-do-movimento-popular-dos-sindicatos-de-jornalistas-e-da-fenaj\\\/\"},\"author\":{\"name\":\"Reda\u00e7\u00e3o\",\"@id\":\"https:\\\/\\\/ocoerente.com.br\\\/se\\\/#\\\/schema\\\/person\\\/cc6bfd9fbca465e23543b0c963d8d037\"},\"headline\":\"Vit\u00f3ria dos Jornalistas, do Movimento Popular, dos Sindicatos de Jornalistas e da FENAJ\",\"datePublished\":\"2020-04-23T04:09:28+00:00\",\"dateModified\":\"2020-04-23T04:10:35+00:00\",\"mainEntityOfPage\":{\"@id\":\"https:\\\/\\\/ocoerente.com.br\\\/se\\\/2020\\\/04\\\/23\\\/vitoria-dos-jornalistas-do-movimento-popular-dos-sindicatos-de-jornalistas-e-da-fenaj\\\/\"},\"wordCount\":182,\"publisher\":{\"@id\":\"https:\\\/\\\/ocoerente.com.br\\\/se\\\/#\\\/schema\\\/person\\\/cc6bfd9fbca465e23543b0c963d8d037\"},\"image\":{\"@id\":\"https:\\\/\\\/ocoerente.com.br\\\/se\\\/2020\\\/04\\\/23\\\/vitoria-dos-jornalistas-do-movimento-popular-dos-sindicatos-de-jornalistas-e-da-fenaj\\\/#primaryimage\"},\"thumbnailUrl\":\"https:\\\/\\\/ocoerente.com.br\\\/se\\\/wp-content\\\/uploads\\\/2020\\\/04\\\/WhatsApp-Image-2020-04-22-at-15.53.58.jpg\",\"articleSection\":[\"Brasil\",\"Destaques\"],\"inLanguage\":\"pt-BR\"},{\"@type\":\"WebPage\",\"@id\":\"https:\\\/\\\/ocoerente.com.br\\\/se\\\/2020\\\/04\\\/23\\\/vitoria-dos-jornalistas-do-movimento-popular-dos-sindicatos-de-jornalistas-e-da-fenaj\\\/\",\"url\":\"https:\\\/\\\/ocoerente.com.br\\\/se\\\/2020\\\/04\\\/23\\\/vitoria-dos-jornalistas-do-movimento-popular-dos-sindicatos-de-jornalistas-e-da-fenaj\\\/\",\"name\":\"Vit\u00f3ria dos Jornalistas, do Movimento Popular, dos Sindicatos de Jornalistas e da FENAJ - O Coerente\",\"isPartOf\":{\"@id\":\"https:\\\/\\\/ocoerente.com.br\\\/se\\\/#website\"},\"primaryImageOfPage\":{\"@id\":\"https:\\\/\\\/ocoerente.com.br\\\/se\\\/2020\\\/04\\\/23\\\/vitoria-dos-jornalistas-do-movimento-popular-dos-sindicatos-de-jornalistas-e-da-fenaj\\\/#primaryimage\"},\"image\":{\"@id\":\"https:\\\/\\\/ocoerente.com.br\\\/se\\\/2020\\\/04\\\/23\\\/vitoria-dos-jornalistas-do-movimento-popular-dos-sindicatos-de-jornalistas-e-da-fenaj\\\/#primaryimage\"},\"thumbnailUrl\":\"https:\\\/\\\/ocoerente.com.br\\\/se\\\/wp-content\\\/uploads\\\/2020\\\/04\\\/WhatsApp-Image-2020-04-22-at-15.53.58.jpg\",\"datePublished\":\"2020-04-23T04:09:28+00:00\",\"dateModified\":\"2020-04-23T04:10:35+00:00\",\"breadcrumb\":{\"@id\":\"https:\\\/\\\/ocoerente.com.br\\\/se\\\/2020\\\/04\\\/23\\\/vitoria-dos-jornalistas-do-movimento-popular-dos-sindicatos-de-jornalistas-e-da-fenaj\\\/#breadcrumb\"},\"inLanguage\":\"pt-BR\",\"potentialAction\":[{\"@type\":\"ReadAction\",\"target\":[\"https:\\\/\\\/ocoerente.com.br\\\/se\\\/2020\\\/04\\\/23\\\/vitoria-dos-jornalistas-do-movimento-popular-dos-sindicatos-de-jornalistas-e-da-fenaj\\\/\"]}]},{\"@type\":\"ImageObject\",\"inLanguage\":\"pt-BR\",\"@id\":\"https:\\\/\\\/ocoerente.com.br\\\/se\\\/2020\\\/04\\\/23\\\/vitoria-dos-jornalistas-do-movimento-popular-dos-sindicatos-de-jornalistas-e-da-fenaj\\\/#primaryimage\",\"url\":\"https:\\\/\\\/ocoerente.com.br\\\/se\\\/wp-content\\\/uploads\\\/2020\\\/04\\\/WhatsApp-Image-2020-04-22-at-15.53.58.jpg\",\"contentUrl\":\"https:\\\/\\\/ocoerente.com.br\\\/se\\\/wp-content\\\/uploads\\\/2020\\\/04\\\/WhatsApp-Image-2020-04-22-at-15.53.58.jpg\",\"width\":1280,\"height\":664},{\"@type\":\"BreadcrumbList\",\"@id\":\"https:\\\/\\\/ocoerente.com.br\\\/se\\\/2020\\\/04\\\/23\\\/vitoria-dos-jornalistas-do-movimento-popular-dos-sindicatos-de-jornalistas-e-da-fenaj\\\/#breadcrumb\",\"itemListElement\":[{\"@type\":\"ListItem\",\"position\":1,\"name\":\"In\u00edcio\",\"item\":\"https:\\\/\\\/ocoerente.com.br\\\/se\\\/\"},{\"@type\":\"ListItem\",\"position\":2,\"name\":\"Vit\u00f3ria dos Jornalistas, do Movimento Popular, dos Sindicatos de Jornalistas e da FENAJ\"}]},{\"@type\":\"WebSite\",\"@id\":\"https:\\\/\\\/ocoerente.com.br\\\/se\\\/#website\",\"url\":\"https:\\\/\\\/ocoerente.com.br\\\/se\\\/\",\"name\":\"O Coerente\",\"description\":\"\",\"publisher\":{\"@id\":\"https:\\\/\\\/ocoerente.com.br\\\/se\\\/#\\\/schema\\\/person\\\/cc6bfd9fbca465e23543b0c963d8d037\"},\"potentialAction\":[{\"@type\":\"SearchAction\",\"target\":{\"@type\":\"EntryPoint\",\"urlTemplate\":\"https:\\\/\\\/ocoerente.com.br\\\/se\\\/?s={search_term_string}\"},\"query-input\":{\"@type\":\"PropertyValueSpecification\",\"valueRequired\":true,\"valueName\":\"search_term_string\"}}],\"inLanguage\":\"pt-BR\"},{\"@type\":[\"Person\",\"Organization\"],\"@id\":\"https:\\\/\\\/ocoerente.com.br\\\/se\\\/#\\\/schema\\\/person\\\/cc6bfd9fbca465e23543b0c963d8d037\",\"name\":\"Reda\u00e7\u00e3o\",\"image\":{\"@type\":\"ImageObject\",\"inLanguage\":\"pt-BR\",\"@id\":\"https:\\\/\\\/ocoerente.com.br\\\/se\\\/wp-content\\\/uploads\\\/2020\\\/01\\\/ocoerente-1.png\",\"url\":\"https:\\\/\\\/ocoerente.com.br\\\/se\\\/wp-content\\\/uploads\\\/2020\\\/01\\\/ocoerente-1.png\",\"contentUrl\":\"https:\\\/\\\/ocoerente.com.br\\\/se\\\/wp-content\\\/uploads\\\/2020\\\/01\\\/ocoerente-1.png\",\"width\":50,\"height\":50,\"caption\":\"Reda\u00e7\u00e3o\"},\"logo\":{\"@id\":\"https:\\\/\\\/ocoerente.com.br\\\/se\\\/wp-content\\\/uploads\\\/2020\\\/01\\\/ocoerente-1.png\"},\"url\":\"https:\\\/\\\/ocoerente.com.br\\\/se\\\/author\\\/vasticlsales\\\/\"}]}<\/script>\n<!-- \/ Yoast SEO plugin. -->","yoast_head_json":{"title":"Vit\u00f3ria dos Jornalistas, do Movimento Popular, dos Sindicatos de Jornalistas e da FENAJ - O Coerente","robots":{"index":"index","follow":"follow","max-snippet":"max-snippet:-1","max-image-preview":"max-image-preview:large","max-video-preview":"max-video-preview:-1"},"canonical":"https:\/\/ocoerente.com.br\/se\/2020\/04\/23\/vitoria-dos-jornalistas-do-movimento-popular-dos-sindicatos-de-jornalistas-e-da-fenaj\/","og_locale":"pt_BR","og_type":"article","og_title":"Vit\u00f3ria dos Jornalistas, do Movimento Popular, dos Sindicatos de Jornalistas e da FENAJ - O Coerente","og_description":"Ap\u00f3s muita press\u00e3o das organiza\u00e7\u00f5es dos trabalhadores, incluindo a FENAJ e os Sindicatos de Jornalistas, a partir de hoje, 21 de abril, a MP 905 finalmente deixou de existir. Com isso, o Registro Profissional de Jornalistas (de acordo com os decretos leis que regulamentam a profiss\u00e3o) volta a ser obrigat\u00f3rio no Brasil. Agora, aguardemos para [&hellip;]","og_url":"https:\/\/ocoerente.com.br\/se\/2020\/04\/23\/vitoria-dos-jornalistas-do-movimento-popular-dos-sindicatos-de-jornalistas-e-da-fenaj\/","og_site_name":"O Coerente","article_published_time":"2020-04-23T04:09:28+00:00","article_modified_time":"2020-04-23T04:10:35+00:00","og_image":[{"width":1280,"height":664,"url":"https:\/\/ocoerente.com.br\/se\/wp-content\/uploads\/2020\/04\/WhatsApp-Image-2020-04-22-at-15.53.58.jpg","type":"image\/jpeg"}],"author":"Reda\u00e7\u00e3o","twitter_card":"summary_large_image","twitter_misc":{"Escrito por":"Reda\u00e7\u00e3o","Est. tempo de leitura":"1 minuto"},"schema":{"@context":"https:\/\/schema.org","@graph":[{"@type":"Article","@id":"https:\/\/ocoerente.com.br\/se\/2020\/04\/23\/vitoria-dos-jornalistas-do-movimento-popular-dos-sindicatos-de-jornalistas-e-da-fenaj\/#article","isPartOf":{"@id":"https:\/\/ocoerente.com.br\/se\/2020\/04\/23\/vitoria-dos-jornalistas-do-movimento-popular-dos-sindicatos-de-jornalistas-e-da-fenaj\/"},"author":{"name":"Reda\u00e7\u00e3o","@id":"https:\/\/ocoerente.com.br\/se\/#\/schema\/person\/cc6bfd9fbca465e23543b0c963d8d037"},"headline":"Vit\u00f3ria dos Jornalistas, do Movimento Popular, dos Sindicatos de Jornalistas e da FENAJ","datePublished":"2020-04-23T04:09:28+00:00","dateModified":"2020-04-23T04:10:35+00:00","mainEntityOfPage":{"@id":"https:\/\/ocoerente.com.br\/se\/2020\/04\/23\/vitoria-dos-jornalistas-do-movimento-popular-dos-sindicatos-de-jornalistas-e-da-fenaj\/"},"wordCount":182,"publisher":{"@id":"https:\/\/ocoerente.com.br\/se\/#\/schema\/person\/cc6bfd9fbca465e23543b0c963d8d037"},"image":{"@id":"https:\/\/ocoerente.com.br\/se\/2020\/04\/23\/vitoria-dos-jornalistas-do-movimento-popular-dos-sindicatos-de-jornalistas-e-da-fenaj\/#primaryimage"},"thumbnailUrl":"https:\/\/ocoerente.com.br\/se\/wp-content\/uploads\/2020\/04\/WhatsApp-Image-2020-04-22-at-15.53.58.jpg","articleSection":["Brasil","Destaques"],"inLanguage":"pt-BR"},{"@type":"WebPage","@id":"https:\/\/ocoerente.com.br\/se\/2020\/04\/23\/vitoria-dos-jornalistas-do-movimento-popular-dos-sindicatos-de-jornalistas-e-da-fenaj\/","url":"https:\/\/ocoerente.com.br\/se\/2020\/04\/23\/vitoria-dos-jornalistas-do-movimento-popular-dos-sindicatos-de-jornalistas-e-da-fenaj\/","name":"Vit\u00f3ria dos Jornalistas, do Movimento Popular, dos Sindicatos de Jornalistas e da FENAJ - O Coerente","isPartOf":{"@id":"https:\/\/ocoerente.com.br\/se\/#website"},"primaryImageOfPage":{"@id":"https:\/\/ocoerente.com.br\/se\/2020\/04\/23\/vitoria-dos-jornalistas-do-movimento-popular-dos-sindicatos-de-jornalistas-e-da-fenaj\/#primaryimage"},"image":{"@id":"https:\/\/ocoerente.com.br\/se\/2020\/04\/23\/vitoria-dos-jornalistas-do-movimento-popular-dos-sindicatos-de-jornalistas-e-da-fenaj\/#primaryimage"},"thumbnailUrl":"https:\/\/ocoerente.com.br\/se\/wp-content\/uploads\/2020\/04\/WhatsApp-Image-2020-04-22-at-15.53.58.jpg","datePublished":"2020-04-23T04:09:28+00:00","dateModified":"2020-04-23T04:10:35+00:00","breadcrumb":{"@id":"https:\/\/ocoerente.com.br\/se\/2020\/04\/23\/vitoria-dos-jornalistas-do-movimento-popular-dos-sindicatos-de-jornalistas-e-da-fenaj\/#breadcrumb"},"inLanguage":"pt-BR","potentialAction":[{"@type":"ReadAction","target":["https:\/\/ocoerente.com.br\/se\/2020\/04\/23\/vitoria-dos-jornalistas-do-movimento-popular-dos-sindicatos-de-jornalistas-e-da-fenaj\/"]}]},{"@type":"ImageObject","inLanguage":"pt-BR","@id":"https:\/\/ocoerente.com.br\/se\/2020\/04\/23\/vitoria-dos-jornalistas-do-movimento-popular-dos-sindicatos-de-jornalistas-e-da-fenaj\/#primaryimage","url":"https:\/\/ocoerente.com.br\/se\/wp-content\/uploads\/2020\/04\/WhatsApp-Image-2020-04-22-at-15.53.58.jpg","contentUrl":"https:\/\/ocoerente.com.br\/se\/wp-content\/uploads\/2020\/04\/WhatsApp-Image-2020-04-22-at-15.53.58.jpg","width":1280,"height":664},{"@type":"BreadcrumbList","@id":"https:\/\/ocoerente.com.br\/se\/2020\/04\/23\/vitoria-dos-jornalistas-do-movimento-popular-dos-sindicatos-de-jornalistas-e-da-fenaj\/#breadcrumb","itemListElement":[{"@type":"ListItem","position":1,"name":"In\u00edcio","item":"https:\/\/ocoerente.com.br\/se\/"},{"@type":"ListItem","position":2,"name":"Vit\u00f3ria dos Jornalistas, do Movimento Popular, dos Sindicatos de Jornalistas e da FENAJ"}]},{"@type":"WebSite","@id":"https:\/\/ocoerente.com.br\/se\/#website","url":"https:\/\/ocoerente.com.br\/se\/","name":"O Coerente","description":"","publisher":{"@id":"https:\/\/ocoerente.com.br\/se\/#\/schema\/person\/cc6bfd9fbca465e23543b0c963d8d037"},"potentialAction":[{"@type":"SearchAction","target":{"@type":"EntryPoint","urlTemplate":"https:\/\/ocoerente.com.br\/se\/?s={search_term_string}"},"query-input":{"@type":"PropertyValueSpecification","valueRequired":true,"valueName":"search_term_string"}}],"inLanguage":"pt-BR"},{"@type":["Person","Organization"],"@id":"https:\/\/ocoerente.com.br\/se\/#\/schema\/person\/cc6bfd9fbca465e23543b0c963d8d037","name":"Reda\u00e7\u00e3o","image":{"@type":"ImageObject","inLanguage":"pt-BR","@id":"https:\/\/ocoerente.com.br\/se\/wp-content\/uploads\/2020\/01\/ocoerente-1.png","url":"https:\/\/ocoerente.com.br\/se\/wp-content\/uploads\/2020\/01\/ocoerente-1.png","contentUrl":"https:\/\/ocoerente.com.br\/se\/wp-content\/uploads\/2020\/01\/ocoerente-1.png","width":50,"height":50,"caption":"Reda\u00e7\u00e3o"},"logo":{"@id":"https:\/\/ocoerente.com.br\/se\/wp-content\/uploads\/2020\/01\/ocoerente-1.png"},"url":"https:\/\/ocoerente.com.br\/se\/author\/vasticlsales\/"}]}},"_links":{"self":[{"href":"https:\/\/ocoerente.com.br\/se\/wp-json\/wp\/v2\/posts\/851","targetHints":{"allow":["GET"]}}],"collection":[{"href":"https:\/\/ocoerente.com.br\/se\/wp-json\/wp\/v2\/posts"}],"about":[{"href":"https:\/\/ocoerente.com.br\/se\/wp-json\/wp\/v2\/types\/post"}],"author":[{"embeddable":true,"href":"https:\/\/ocoerente.com.br\/se\/wp-json\/wp\/v2\/users\/1"}],"replies":[{"embeddable":true,"href":"https:\/\/ocoerente.com.br\/se\/wp-json\/wp\/v2\/comments?post=851"}],"version-history":[{"count":1,"href":"https:\/\/ocoerente.com.br\/se\/wp-json\/wp\/v2\/posts\/851\/revisions"}],"predecessor-version":[{"id":853,"href":"https:\/\/ocoerente.com.br\/se\/wp-json\/wp\/v2\/posts\/851\/revisions\/853"}],"wp:featuredmedia":[{"embeddable":true,"href":"https:\/\/ocoerente.com.br\/se\/wp-json\/wp\/v2\/media\/852"}],"wp:attachment":[{"href":"https:\/\/ocoerente.com.br\/se\/wp-json\/wp\/v2\/media?parent=851"}],"wp:term":[{"taxonomy":"category","embeddable":true,"href":"https:\/\/ocoerente.com.br\/se\/wp-json\/wp\/v2\/categories?post=851"},{"taxonomy":"post_tag","embeddable":true,"href":"https:\/\/ocoerente.com.br\/se\/wp-json\/wp\/v2\/tags?post=851"}],"curies":[{"name":"wp","href":"https:\/\/api.w.org\/{rel}","templated":true}]}}