{"id":844,"date":"2020-04-23T01:05:00","date_gmt":"2020-04-23T04:05:00","guid":{"rendered":"http:\/\/ocoerente.com.br\/se\/?p=844"},"modified":"2020-04-23T01:05:00","modified_gmt":"2020-04-23T04:05:00","slug":"rogerio-comemora-decisao-do-senado-em-nao-votar-mp-do-contrato-verde-amarelo","status":"publish","type":"post","link":"https:\/\/ocoerente.com.br\/se\/2020\/04\/23\/rogerio-comemora-decisao-do-senado-em-nao-votar-mp-do-contrato-verde-amarelo\/","title":{"rendered":"Rog\u00e9rio comemora decis\u00e3o do Senado em n\u00e3o votar MP do Contrato Verde Amarelo"},"content":{"rendered":"<p>O senador Rog\u00e9rio Carvalho (PT-SE) comemorou nesta segunda-feira a expira\u00e7\u00e3o da validade da Medida Provis\u00f3ria (MP), encaminhada ao Congresso Nacional pelo presidente Jair Bolsonaro, que cria o Contrato Verde e Amarelo, o qual concede alguns benef\u00edcios \u00e0s empresas que contratarem jovens ou pessoas acima dos 55 anos de idade.<\/p>\n<p>\u201cFoi cancelada a sess\u00e3o de hoje no Senado Federal onde havia a possibilidade de vota\u00e7\u00e3o da MP 905. Com isso, a Medida Provis\u00f3ria caduca, o que significa uma vit\u00f3ria para o povo brasileiro que vence esta batalha da reforma trabalhista do Bolsonaro\u201d, comemora o senador, advertindo que a Medida Provis\u00f3ria n\u00e3o pode ser reeditada, segundo a Constitui\u00e7\u00e3o Federal.<\/p>\n<p>\u201cPara esclarecer do que se trata, segue o artigo da Constitui\u00e7\u00e3o: \u00a7 10. \u00c9 vedada a reedi\u00e7\u00e3o, na mesma sess\u00e3o legislativa, de medida provis\u00f3ria que tenha sido rejeitada ou que tenha perdido sua efic\u00e1cia por decurso de prazo\u201d, salienta o parlamentar que \u00e9 o relator da proposta no Senado.<\/p>\n<p>Rog\u00e9rio Carvalho salienta que ingressar\u00e1 com a\u00e7\u00e3o na Justi\u00e7a, caso Bolsonaro reedite a Medida Provis\u00f3ria.<\/p>\n<p>\u201cComo a MP 95 caduca hoje, porque n\u00e3o houve sess\u00e3o no Senado Federal, o Bolsonaro amea\u00e7a editar nova MP. Isso seria uma agress\u00e3o ao art. 10\u00ba, do art. 62 da Constitui\u00e7\u00e3o Federal. Se necess\u00e1rio, iremos \u00e0 Justi\u00e7a para impedir esse absurdo\u201d, alerta o senador sergipano.<\/p>\n<p>A Medida Provis\u00f3ria foi aprovada pela C\u00e2mara dos Deputados, mas precisava da aprova\u00e7\u00e3o do Senado para ser transformada em lei. Como o Senado decidiu n\u00e3o apreci\u00e1-la, a MP perde a validade.<\/p>\n<p>Por ter sido apresentada ao Congresso na legislatura do ano passado, o governo j\u00e1 anunciou que reeditar\u00e1 a proposta e encaminhar\u00e1 ao Congresso Nacional.<\/p>\n<p>horanews<\/p>\n","protected":false},"excerpt":{"rendered":"<p>O senador Rog\u00e9rio Carvalho (PT-SE) comemorou nesta segunda-feira a expira\u00e7\u00e3o da validade da Medida Provis\u00f3ria (MP), encaminhada ao Congresso Nacional pelo presidente Jair Bolsonaro, que cria o Contrato Verde e Amarelo, o qual concede alguns benef\u00edcios \u00e0s empresas que contratarem jovens ou pessoas acima dos 55 anos de idade. \u201cFoi cancelada a sess\u00e3o de hoje [&hellip;]<\/p>\n","protected":false},"author":1,"featured_media":845,"comment_status":"closed","ping_status":"closed","sticky":false,"template":"","format":"standard","meta":{"footnotes":""},"categories":[53,44],"tags":[],"class_list":["post-844","post","type-post","status-publish","format-standard","has-post-thumbnail","hentry","category-destaques","category-politica"],"yoast_head":"<!-- This site is optimized with the Yoast SEO plugin v27.4 - https:\/\/yoast.com\/product\/yoast-seo-wordpress\/ -->\n<title>Rog\u00e9rio comemora decis\u00e3o do Senado em n\u00e3o votar MP do Contrato Verde Amarelo - O Coerente<\/title>\n<meta name=\"robots\" content=\"index, follow, max-snippet:-1, max-image-preview:large, max-video-preview:-1\" \/>\n<link rel=\"canonical\" href=\"https:\/\/ocoerente.com.br\/se\/2020\/04\/23\/rogerio-comemora-decisao-do-senado-em-nao-votar-mp-do-contrato-verde-amarelo\/\" \/>\n<meta property=\"og:locale\" content=\"pt_BR\" \/>\n<meta property=\"og:type\" content=\"article\" \/>\n<meta property=\"og:title\" content=\"Rog\u00e9rio comemora decis\u00e3o do Senado em n\u00e3o votar MP do Contrato Verde Amarelo - O Coerente\" \/>\n<meta property=\"og:description\" content=\"O senador Rog\u00e9rio Carvalho (PT-SE) comemorou nesta segunda-feira a expira\u00e7\u00e3o da validade da Medida Provis\u00f3ria (MP), encaminhada ao Congresso Nacional pelo presidente Jair Bolsonaro, que cria o Contrato Verde e Amarelo, o qual concede alguns benef\u00edcios \u00e0s empresas que contratarem jovens ou pessoas acima dos 55 anos de idade. \u201cFoi cancelada a sess\u00e3o de hoje [&hellip;]\" \/>\n<meta property=\"og:url\" content=\"https:\/\/ocoerente.com.br\/se\/2020\/04\/23\/rogerio-comemora-decisao-do-senado-em-nao-votar-mp-do-contrato-verde-amarelo\/\" \/>\n<meta property=\"og:site_name\" content=\"O Coerente\" \/>\n<meta property=\"article:published_time\" content=\"2020-04-23T04:05:00+00:00\" \/>\n<meta property=\"og:image\" content=\"https:\/\/ocoerente.com.br\/se\/wp-content\/uploads\/2020\/04\/foto-rogerio-carvalho-e1557238326936.jpg\" \/>\n\t<meta property=\"og:image:width\" content=\"600\" \/>\n\t<meta property=\"og:image:height\" content=\"398\" \/>\n\t<meta property=\"og:image:type\" content=\"image\/jpeg\" \/>\n<meta name=\"author\" content=\"Reda\u00e7\u00e3o\" \/>\n<meta name=\"twitter:card\" content=\"summary_large_image\" \/>\n<meta name=\"twitter:label1\" content=\"Escrito por\" \/>\n\t<meta name=\"twitter:data1\" content=\"Reda\u00e7\u00e3o\" \/>\n\t<meta name=\"twitter:label2\" content=\"Est. tempo de leitura\" \/>\n\t<meta name=\"twitter:data2\" content=\"1 minuto\" \/>\n<script type=\"application\/ld+json\" class=\"yoast-schema-graph\">{\"@context\":\"https:\\\/\\\/schema.org\",\"@graph\":[{\"@type\":\"Article\",\"@id\":\"https:\\\/\\\/ocoerente.com.br\\\/se\\\/2020\\\/04\\\/23\\\/rogerio-comemora-decisao-do-senado-em-nao-votar-mp-do-contrato-verde-amarelo\\\/#article\",\"isPartOf\":{\"@id\":\"https:\\\/\\\/ocoerente.com.br\\\/se\\\/2020\\\/04\\\/23\\\/rogerio-comemora-decisao-do-senado-em-nao-votar-mp-do-contrato-verde-amarelo\\\/\"},\"author\":{\"name\":\"Reda\u00e7\u00e3o\",\"@id\":\"https:\\\/\\\/ocoerente.com.br\\\/se\\\/#\\\/schema\\\/person\\\/cc6bfd9fbca465e23543b0c963d8d037\"},\"headline\":\"Rog\u00e9rio comemora decis\u00e3o do Senado em n\u00e3o votar MP do Contrato Verde Amarelo\",\"datePublished\":\"2020-04-23T04:05:00+00:00\",\"mainEntityOfPage\":{\"@id\":\"https:\\\/\\\/ocoerente.com.br\\\/se\\\/2020\\\/04\\\/23\\\/rogerio-comemora-decisao-do-senado-em-nao-votar-mp-do-contrato-verde-amarelo\\\/\"},\"wordCount\":310,\"publisher\":{\"@id\":\"https:\\\/\\\/ocoerente.com.br\\\/se\\\/#\\\/schema\\\/person\\\/cc6bfd9fbca465e23543b0c963d8d037\"},\"image\":{\"@id\":\"https:\\\/\\\/ocoerente.com.br\\\/se\\\/2020\\\/04\\\/23\\\/rogerio-comemora-decisao-do-senado-em-nao-votar-mp-do-contrato-verde-amarelo\\\/#primaryimage\"},\"thumbnailUrl\":\"https:\\\/\\\/ocoerente.com.br\\\/se\\\/wp-content\\\/uploads\\\/2020\\\/04\\\/foto-rogerio-carvalho-e1557238326936.jpg\",\"articleSection\":[\"Destaques\",\"Pol\u00edtica\"],\"inLanguage\":\"pt-BR\"},{\"@type\":\"WebPage\",\"@id\":\"https:\\\/\\\/ocoerente.com.br\\\/se\\\/2020\\\/04\\\/23\\\/rogerio-comemora-decisao-do-senado-em-nao-votar-mp-do-contrato-verde-amarelo\\\/\",\"url\":\"https:\\\/\\\/ocoerente.com.br\\\/se\\\/2020\\\/04\\\/23\\\/rogerio-comemora-decisao-do-senado-em-nao-votar-mp-do-contrato-verde-amarelo\\\/\",\"name\":\"Rog\u00e9rio comemora decis\u00e3o do Senado em n\u00e3o votar MP do Contrato Verde Amarelo - O Coerente\",\"isPartOf\":{\"@id\":\"https:\\\/\\\/ocoerente.com.br\\\/se\\\/#website\"},\"primaryImageOfPage\":{\"@id\":\"https:\\\/\\\/ocoerente.com.br\\\/se\\\/2020\\\/04\\\/23\\\/rogerio-comemora-decisao-do-senado-em-nao-votar-mp-do-contrato-verde-amarelo\\\/#primaryimage\"},\"image\":{\"@id\":\"https:\\\/\\\/ocoerente.com.br\\\/se\\\/2020\\\/04\\\/23\\\/rogerio-comemora-decisao-do-senado-em-nao-votar-mp-do-contrato-verde-amarelo\\\/#primaryimage\"},\"thumbnailUrl\":\"https:\\\/\\\/ocoerente.com.br\\\/se\\\/wp-content\\\/uploads\\\/2020\\\/04\\\/foto-rogerio-carvalho-e1557238326936.jpg\",\"datePublished\":\"2020-04-23T04:05:00+00:00\",\"breadcrumb\":{\"@id\":\"https:\\\/\\\/ocoerente.com.br\\\/se\\\/2020\\\/04\\\/23\\\/rogerio-comemora-decisao-do-senado-em-nao-votar-mp-do-contrato-verde-amarelo\\\/#breadcrumb\"},\"inLanguage\":\"pt-BR\",\"potentialAction\":[{\"@type\":\"ReadAction\",\"target\":[\"https:\\\/\\\/ocoerente.com.br\\\/se\\\/2020\\\/04\\\/23\\\/rogerio-comemora-decisao-do-senado-em-nao-votar-mp-do-contrato-verde-amarelo\\\/\"]}]},{\"@type\":\"ImageObject\",\"inLanguage\":\"pt-BR\",\"@id\":\"https:\\\/\\\/ocoerente.com.br\\\/se\\\/2020\\\/04\\\/23\\\/rogerio-comemora-decisao-do-senado-em-nao-votar-mp-do-contrato-verde-amarelo\\\/#primaryimage\",\"url\":\"https:\\\/\\\/ocoerente.com.br\\\/se\\\/wp-content\\\/uploads\\\/2020\\\/04\\\/foto-rogerio-carvalho-e1557238326936.jpg\",\"contentUrl\":\"https:\\\/\\\/ocoerente.com.br\\\/se\\\/wp-content\\\/uploads\\\/2020\\\/04\\\/foto-rogerio-carvalho-e1557238326936.jpg\",\"width\":600,\"height\":398},{\"@type\":\"BreadcrumbList\",\"@id\":\"https:\\\/\\\/ocoerente.com.br\\\/se\\\/2020\\\/04\\\/23\\\/rogerio-comemora-decisao-do-senado-em-nao-votar-mp-do-contrato-verde-amarelo\\\/#breadcrumb\",\"itemListElement\":[{\"@type\":\"ListItem\",\"position\":1,\"name\":\"In\u00edcio\",\"item\":\"https:\\\/\\\/ocoerente.com.br\\\/se\\\/\"},{\"@type\":\"ListItem\",\"position\":2,\"name\":\"Rog\u00e9rio comemora decis\u00e3o do Senado em n\u00e3o votar MP do Contrato Verde Amarelo\"}]},{\"@type\":\"WebSite\",\"@id\":\"https:\\\/\\\/ocoerente.com.br\\\/se\\\/#website\",\"url\":\"https:\\\/\\\/ocoerente.com.br\\\/se\\\/\",\"name\":\"O Coerente\",\"description\":\"\",\"publisher\":{\"@id\":\"https:\\\/\\\/ocoerente.com.br\\\/se\\\/#\\\/schema\\\/person\\\/cc6bfd9fbca465e23543b0c963d8d037\"},\"potentialAction\":[{\"@type\":\"SearchAction\",\"target\":{\"@type\":\"EntryPoint\",\"urlTemplate\":\"https:\\\/\\\/ocoerente.com.br\\\/se\\\/?s={search_term_string}\"},\"query-input\":{\"@type\":\"PropertyValueSpecification\",\"valueRequired\":true,\"valueName\":\"search_term_string\"}}],\"inLanguage\":\"pt-BR\"},{\"@type\":[\"Person\",\"Organization\"],\"@id\":\"https:\\\/\\\/ocoerente.com.br\\\/se\\\/#\\\/schema\\\/person\\\/cc6bfd9fbca465e23543b0c963d8d037\",\"name\":\"Reda\u00e7\u00e3o\",\"image\":{\"@type\":\"ImageObject\",\"inLanguage\":\"pt-BR\",\"@id\":\"https:\\\/\\\/ocoerente.com.br\\\/se\\\/wp-content\\\/uploads\\\/2020\\\/01\\\/ocoerente-1.png\",\"url\":\"https:\\\/\\\/ocoerente.com.br\\\/se\\\/wp-content\\\/uploads\\\/2020\\\/01\\\/ocoerente-1.png\",\"contentUrl\":\"https:\\\/\\\/ocoerente.com.br\\\/se\\\/wp-content\\\/uploads\\\/2020\\\/01\\\/ocoerente-1.png\",\"width\":50,\"height\":50,\"caption\":\"Reda\u00e7\u00e3o\"},\"logo\":{\"@id\":\"https:\\\/\\\/ocoerente.com.br\\\/se\\\/wp-content\\\/uploads\\\/2020\\\/01\\\/ocoerente-1.png\"},\"url\":\"https:\\\/\\\/ocoerente.com.br\\\/se\\\/author\\\/vasticlsales\\\/\"}]}<\/script>\n<!-- \/ Yoast SEO plugin. -->","yoast_head_json":{"title":"Rog\u00e9rio comemora decis\u00e3o do Senado em n\u00e3o votar MP do Contrato Verde Amarelo - O Coerente","robots":{"index":"index","follow":"follow","max-snippet":"max-snippet:-1","max-image-preview":"max-image-preview:large","max-video-preview":"max-video-preview:-1"},"canonical":"https:\/\/ocoerente.com.br\/se\/2020\/04\/23\/rogerio-comemora-decisao-do-senado-em-nao-votar-mp-do-contrato-verde-amarelo\/","og_locale":"pt_BR","og_type":"article","og_title":"Rog\u00e9rio comemora decis\u00e3o do Senado em n\u00e3o votar MP do Contrato Verde Amarelo - O Coerente","og_description":"O senador Rog\u00e9rio Carvalho (PT-SE) comemorou nesta segunda-feira a expira\u00e7\u00e3o da validade da Medida Provis\u00f3ria (MP), encaminhada ao Congresso Nacional pelo presidente Jair Bolsonaro, que cria o Contrato Verde e Amarelo, o qual concede alguns benef\u00edcios \u00e0s empresas que contratarem jovens ou pessoas acima dos 55 anos de idade. \u201cFoi cancelada a sess\u00e3o de hoje [&hellip;]","og_url":"https:\/\/ocoerente.com.br\/se\/2020\/04\/23\/rogerio-comemora-decisao-do-senado-em-nao-votar-mp-do-contrato-verde-amarelo\/","og_site_name":"O Coerente","article_published_time":"2020-04-23T04:05:00+00:00","og_image":[{"width":600,"height":398,"url":"https:\/\/ocoerente.com.br\/se\/wp-content\/uploads\/2020\/04\/foto-rogerio-carvalho-e1557238326936.jpg","type":"image\/jpeg"}],"author":"Reda\u00e7\u00e3o","twitter_card":"summary_large_image","twitter_misc":{"Escrito por":"Reda\u00e7\u00e3o","Est. tempo de leitura":"1 minuto"},"schema":{"@context":"https:\/\/schema.org","@graph":[{"@type":"Article","@id":"https:\/\/ocoerente.com.br\/se\/2020\/04\/23\/rogerio-comemora-decisao-do-senado-em-nao-votar-mp-do-contrato-verde-amarelo\/#article","isPartOf":{"@id":"https:\/\/ocoerente.com.br\/se\/2020\/04\/23\/rogerio-comemora-decisao-do-senado-em-nao-votar-mp-do-contrato-verde-amarelo\/"},"author":{"name":"Reda\u00e7\u00e3o","@id":"https:\/\/ocoerente.com.br\/se\/#\/schema\/person\/cc6bfd9fbca465e23543b0c963d8d037"},"headline":"Rog\u00e9rio comemora decis\u00e3o do Senado em n\u00e3o votar MP do Contrato Verde Amarelo","datePublished":"2020-04-23T04:05:00+00:00","mainEntityOfPage":{"@id":"https:\/\/ocoerente.com.br\/se\/2020\/04\/23\/rogerio-comemora-decisao-do-senado-em-nao-votar-mp-do-contrato-verde-amarelo\/"},"wordCount":310,"publisher":{"@id":"https:\/\/ocoerente.com.br\/se\/#\/schema\/person\/cc6bfd9fbca465e23543b0c963d8d037"},"image":{"@id":"https:\/\/ocoerente.com.br\/se\/2020\/04\/23\/rogerio-comemora-decisao-do-senado-em-nao-votar-mp-do-contrato-verde-amarelo\/#primaryimage"},"thumbnailUrl":"https:\/\/ocoerente.com.br\/se\/wp-content\/uploads\/2020\/04\/foto-rogerio-carvalho-e1557238326936.jpg","articleSection":["Destaques","Pol\u00edtica"],"inLanguage":"pt-BR"},{"@type":"WebPage","@id":"https:\/\/ocoerente.com.br\/se\/2020\/04\/23\/rogerio-comemora-decisao-do-senado-em-nao-votar-mp-do-contrato-verde-amarelo\/","url":"https:\/\/ocoerente.com.br\/se\/2020\/04\/23\/rogerio-comemora-decisao-do-senado-em-nao-votar-mp-do-contrato-verde-amarelo\/","name":"Rog\u00e9rio comemora decis\u00e3o do Senado em n\u00e3o votar MP do Contrato Verde Amarelo - O Coerente","isPartOf":{"@id":"https:\/\/ocoerente.com.br\/se\/#website"},"primaryImageOfPage":{"@id":"https:\/\/ocoerente.com.br\/se\/2020\/04\/23\/rogerio-comemora-decisao-do-senado-em-nao-votar-mp-do-contrato-verde-amarelo\/#primaryimage"},"image":{"@id":"https:\/\/ocoerente.com.br\/se\/2020\/04\/23\/rogerio-comemora-decisao-do-senado-em-nao-votar-mp-do-contrato-verde-amarelo\/#primaryimage"},"thumbnailUrl":"https:\/\/ocoerente.com.br\/se\/wp-content\/uploads\/2020\/04\/foto-rogerio-carvalho-e1557238326936.jpg","datePublished":"2020-04-23T04:05:00+00:00","breadcrumb":{"@id":"https:\/\/ocoerente.com.br\/se\/2020\/04\/23\/rogerio-comemora-decisao-do-senado-em-nao-votar-mp-do-contrato-verde-amarelo\/#breadcrumb"},"inLanguage":"pt-BR","potentialAction":[{"@type":"ReadAction","target":["https:\/\/ocoerente.com.br\/se\/2020\/04\/23\/rogerio-comemora-decisao-do-senado-em-nao-votar-mp-do-contrato-verde-amarelo\/"]}]},{"@type":"ImageObject","inLanguage":"pt-BR","@id":"https:\/\/ocoerente.com.br\/se\/2020\/04\/23\/rogerio-comemora-decisao-do-senado-em-nao-votar-mp-do-contrato-verde-amarelo\/#primaryimage","url":"https:\/\/ocoerente.com.br\/se\/wp-content\/uploads\/2020\/04\/foto-rogerio-carvalho-e1557238326936.jpg","contentUrl":"https:\/\/ocoerente.com.br\/se\/wp-content\/uploads\/2020\/04\/foto-rogerio-carvalho-e1557238326936.jpg","width":600,"height":398},{"@type":"BreadcrumbList","@id":"https:\/\/ocoerente.com.br\/se\/2020\/04\/23\/rogerio-comemora-decisao-do-senado-em-nao-votar-mp-do-contrato-verde-amarelo\/#breadcrumb","itemListElement":[{"@type":"ListItem","position":1,"name":"In\u00edcio","item":"https:\/\/ocoerente.com.br\/se\/"},{"@type":"ListItem","position":2,"name":"Rog\u00e9rio comemora decis\u00e3o do Senado em n\u00e3o votar MP do Contrato Verde Amarelo"}]},{"@type":"WebSite","@id":"https:\/\/ocoerente.com.br\/se\/#website","url":"https:\/\/ocoerente.com.br\/se\/","name":"O Coerente","description":"","publisher":{"@id":"https:\/\/ocoerente.com.br\/se\/#\/schema\/person\/cc6bfd9fbca465e23543b0c963d8d037"},"potentialAction":[{"@type":"SearchAction","target":{"@type":"EntryPoint","urlTemplate":"https:\/\/ocoerente.com.br\/se\/?s={search_term_string}"},"query-input":{"@type":"PropertyValueSpecification","valueRequired":true,"valueName":"search_term_string"}}],"inLanguage":"pt-BR"},{"@type":["Person","Organization"],"@id":"https:\/\/ocoerente.com.br\/se\/#\/schema\/person\/cc6bfd9fbca465e23543b0c963d8d037","name":"Reda\u00e7\u00e3o","image":{"@type":"ImageObject","inLanguage":"pt-BR","@id":"https:\/\/ocoerente.com.br\/se\/wp-content\/uploads\/2020\/01\/ocoerente-1.png","url":"https:\/\/ocoerente.com.br\/se\/wp-content\/uploads\/2020\/01\/ocoerente-1.png","contentUrl":"https:\/\/ocoerente.com.br\/se\/wp-content\/uploads\/2020\/01\/ocoerente-1.png","width":50,"height":50,"caption":"Reda\u00e7\u00e3o"},"logo":{"@id":"https:\/\/ocoerente.com.br\/se\/wp-content\/uploads\/2020\/01\/ocoerente-1.png"},"url":"https:\/\/ocoerente.com.br\/se\/author\/vasticlsales\/"}]}},"_links":{"self":[{"href":"https:\/\/ocoerente.com.br\/se\/wp-json\/wp\/v2\/posts\/844","targetHints":{"allow":["GET"]}}],"collection":[{"href":"https:\/\/ocoerente.com.br\/se\/wp-json\/wp\/v2\/posts"}],"about":[{"href":"https:\/\/ocoerente.com.br\/se\/wp-json\/wp\/v2\/types\/post"}],"author":[{"embeddable":true,"href":"https:\/\/ocoerente.com.br\/se\/wp-json\/wp\/v2\/users\/1"}],"replies":[{"embeddable":true,"href":"https:\/\/ocoerente.com.br\/se\/wp-json\/wp\/v2\/comments?post=844"}],"version-history":[{"count":1,"href":"https:\/\/ocoerente.com.br\/se\/wp-json\/wp\/v2\/posts\/844\/revisions"}],"predecessor-version":[{"id":846,"href":"https:\/\/ocoerente.com.br\/se\/wp-json\/wp\/v2\/posts\/844\/revisions\/846"}],"wp:featuredmedia":[{"embeddable":true,"href":"https:\/\/ocoerente.com.br\/se\/wp-json\/wp\/v2\/media\/845"}],"wp:attachment":[{"href":"https:\/\/ocoerente.com.br\/se\/wp-json\/wp\/v2\/media?parent=844"}],"wp:term":[{"taxonomy":"category","embeddable":true,"href":"https:\/\/ocoerente.com.br\/se\/wp-json\/wp\/v2\/categories?post=844"},{"taxonomy":"post_tag","embeddable":true,"href":"https:\/\/ocoerente.com.br\/se\/wp-json\/wp\/v2\/tags?post=844"}],"curies":[{"name":"wp","href":"https:\/\/api.w.org\/{rel}","templated":true}]}}