{"id":8412,"date":"2024-02-17T10:31:15","date_gmt":"2024-02-17T13:31:15","guid":{"rendered":"https:\/\/ocoerente.com.br\/se\/?p=8412"},"modified":"2024-02-17T10:31:16","modified_gmt":"2024-02-17T13:31:16","slug":"suspeito-de-vender-notas-falsas-nas-redes-sociais-e-alvo-da-pf","status":"publish","type":"post","link":"https:\/\/ocoerente.com.br\/se\/2024\/02\/17\/suspeito-de-vender-notas-falsas-nas-redes-sociais-e-alvo-da-pf\/","title":{"rendered":"Suspeito de vender notas falsas nas redes sociais \u00e9 alvo da PF"},"content":{"rendered":"\n<p>O suspeito pode responder pelo crime de moeda falsa, cuja pena m\u00e1xima pode chegar a 12 anos de pris\u00e3o e multa<\/p>\n\n\n\n<p>Um homem suspeito de vender notas falsas nas redes sociais foi alvo de uma mandado de busca e apreens\u00e3o nas primeiras horas da manh\u00e3 desta sexta-feira, 16. Segundo agentes da Pol\u00edcia Federal, um celular foi apreendido.<\/p>\n\n\n\n<p>Ainda de acordo com a PF, o&nbsp;indiv\u00edduo alvo do mandado \u00e9 suspeito de comercializar c\u00e9dulas falsas atrav\u00e9s de&nbsp;<em>chats<\/em>&nbsp;de redes sociais. O mandado de busca e apreens\u00e3o teve como objetivo coletar maquin\u00e1rio, equipamentos eletr\u00f4nicos e documentos que comprovem a pr\u00e1tica delituosa.<\/p>\n\n\n\n<p>O suspeito pode responder pelo crime de moeda falsa, cuja pena m\u00e1xima pode chegar a 12 anos de pris\u00e3o e multa.<\/p>\n\n\n\n<p><em>Fonte: Infonet<br>Foto: PF<\/em><\/p>\n\n\n\n<p>OCAJU<\/p>\n","protected":false},"excerpt":{"rendered":"<p>O suspeito pode responder pelo crime de moeda falsa, cuja pena m\u00e1xima pode chegar a 12 anos de pris\u00e3o e multa Um homem suspeito de vender notas falsas nas redes sociais foi alvo de uma mandado de busca e apreens\u00e3o nas primeiras horas da manh\u00e3 desta sexta-feira, 16. Segundo agentes da Pol\u00edcia Federal, um celular [&hellip;]<\/p>\n","protected":false},"author":1,"featured_media":8413,"comment_status":"closed","ping_status":"closed","sticky":false,"template":"","format":"standard","meta":{"footnotes":""},"categories":[48,53],"tags":[],"class_list":["post-8412","post","type-post","status-publish","format-standard","has-post-thumbnail","hentry","category-brasil","category-destaques"],"yoast_head":"<!-- This site is optimized with the Yoast SEO plugin v27.4 - https:\/\/yoast.com\/product\/yoast-seo-wordpress\/ -->\n<title>Suspeito de vender notas falsas nas redes sociais \u00e9 alvo da PF - O Coerente<\/title>\n<meta name=\"robots\" content=\"index, follow, max-snippet:-1, max-image-preview:large, max-video-preview:-1\" \/>\n<link rel=\"canonical\" href=\"https:\/\/ocoerente.com.br\/se\/2024\/02\/17\/suspeito-de-vender-notas-falsas-nas-redes-sociais-e-alvo-da-pf\/\" \/>\n<meta property=\"og:locale\" content=\"pt_BR\" \/>\n<meta property=\"og:type\" content=\"article\" \/>\n<meta property=\"og:title\" content=\"Suspeito de vender notas falsas nas redes sociais \u00e9 alvo da PF - O Coerente\" \/>\n<meta property=\"og:description\" content=\"O suspeito pode responder pelo crime de moeda falsa, cuja pena m\u00e1xima pode chegar a 12 anos de pris\u00e3o e multa Um homem suspeito de vender notas falsas nas redes sociais foi alvo de uma mandado de busca e apreens\u00e3o nas primeiras horas da manh\u00e3 desta sexta-feira, 16. Segundo agentes da Pol\u00edcia Federal, um celular [&hellip;]\" \/>\n<meta property=\"og:url\" content=\"https:\/\/ocoerente.com.br\/se\/2024\/02\/17\/suspeito-de-vender-notas-falsas-nas-redes-sociais-e-alvo-da-pf\/\" \/>\n<meta property=\"og:site_name\" content=\"O Coerente\" \/>\n<meta property=\"article:published_time\" content=\"2024-02-17T13:31:15+00:00\" \/>\n<meta property=\"article:modified_time\" content=\"2024-02-17T13:31:16+00:00\" \/>\n<meta property=\"og:image\" content=\"https:\/\/ocoerente.com.br\/se\/wp-content\/uploads\/2024\/02\/PF-foto.jpg\" \/>\n\t<meta property=\"og:image:width\" content=\"731\" \/>\n\t<meta property=\"og:image:height\" content=\"487\" \/>\n\t<meta property=\"og:image:type\" content=\"image\/jpeg\" \/>\n<meta name=\"author\" content=\"Reda\u00e7\u00e3o\" \/>\n<meta name=\"twitter:card\" content=\"summary_large_image\" \/>\n<meta name=\"twitter:label1\" content=\"Escrito por\" \/>\n\t<meta name=\"twitter:data1\" content=\"Reda\u00e7\u00e3o\" \/>\n\t<meta name=\"twitter:label2\" content=\"Est. tempo de leitura\" \/>\n\t<meta name=\"twitter:data2\" content=\"1 minuto\" \/>\n<script type=\"application\/ld+json\" class=\"yoast-schema-graph\">{\"@context\":\"https:\\\/\\\/schema.org\",\"@graph\":[{\"@type\":\"Article\",\"@id\":\"https:\\\/\\\/ocoerente.com.br\\\/se\\\/2024\\\/02\\\/17\\\/suspeito-de-vender-notas-falsas-nas-redes-sociais-e-alvo-da-pf\\\/#article\",\"isPartOf\":{\"@id\":\"https:\\\/\\\/ocoerente.com.br\\\/se\\\/2024\\\/02\\\/17\\\/suspeito-de-vender-notas-falsas-nas-redes-sociais-e-alvo-da-pf\\\/\"},\"author\":{\"name\":\"Reda\u00e7\u00e3o\",\"@id\":\"https:\\\/\\\/ocoerente.com.br\\\/se\\\/#\\\/schema\\\/person\\\/cc6bfd9fbca465e23543b0c963d8d037\"},\"headline\":\"Suspeito de vender notas falsas nas redes sociais \u00e9 alvo da PF\",\"datePublished\":\"2024-02-17T13:31:15+00:00\",\"dateModified\":\"2024-02-17T13:31:16+00:00\",\"mainEntityOfPage\":{\"@id\":\"https:\\\/\\\/ocoerente.com.br\\\/se\\\/2024\\\/02\\\/17\\\/suspeito-de-vender-notas-falsas-nas-redes-sociais-e-alvo-da-pf\\\/\"},\"wordCount\":148,\"publisher\":{\"@id\":\"https:\\\/\\\/ocoerente.com.br\\\/se\\\/#\\\/schema\\\/person\\\/cc6bfd9fbca465e23543b0c963d8d037\"},\"image\":{\"@id\":\"https:\\\/\\\/ocoerente.com.br\\\/se\\\/2024\\\/02\\\/17\\\/suspeito-de-vender-notas-falsas-nas-redes-sociais-e-alvo-da-pf\\\/#primaryimage\"},\"thumbnailUrl\":\"https:\\\/\\\/ocoerente.com.br\\\/se\\\/wp-content\\\/uploads\\\/2024\\\/02\\\/PF-foto.jpg\",\"articleSection\":[\"Brasil\",\"Destaques\"],\"inLanguage\":\"pt-BR\"},{\"@type\":\"WebPage\",\"@id\":\"https:\\\/\\\/ocoerente.com.br\\\/se\\\/2024\\\/02\\\/17\\\/suspeito-de-vender-notas-falsas-nas-redes-sociais-e-alvo-da-pf\\\/\",\"url\":\"https:\\\/\\\/ocoerente.com.br\\\/se\\\/2024\\\/02\\\/17\\\/suspeito-de-vender-notas-falsas-nas-redes-sociais-e-alvo-da-pf\\\/\",\"name\":\"Suspeito de vender notas falsas nas redes sociais \u00e9 alvo da PF - O Coerente\",\"isPartOf\":{\"@id\":\"https:\\\/\\\/ocoerente.com.br\\\/se\\\/#website\"},\"primaryImageOfPage\":{\"@id\":\"https:\\\/\\\/ocoerente.com.br\\\/se\\\/2024\\\/02\\\/17\\\/suspeito-de-vender-notas-falsas-nas-redes-sociais-e-alvo-da-pf\\\/#primaryimage\"},\"image\":{\"@id\":\"https:\\\/\\\/ocoerente.com.br\\\/se\\\/2024\\\/02\\\/17\\\/suspeito-de-vender-notas-falsas-nas-redes-sociais-e-alvo-da-pf\\\/#primaryimage\"},\"thumbnailUrl\":\"https:\\\/\\\/ocoerente.com.br\\\/se\\\/wp-content\\\/uploads\\\/2024\\\/02\\\/PF-foto.jpg\",\"datePublished\":\"2024-02-17T13:31:15+00:00\",\"dateModified\":\"2024-02-17T13:31:16+00:00\",\"breadcrumb\":{\"@id\":\"https:\\\/\\\/ocoerente.com.br\\\/se\\\/2024\\\/02\\\/17\\\/suspeito-de-vender-notas-falsas-nas-redes-sociais-e-alvo-da-pf\\\/#breadcrumb\"},\"inLanguage\":\"pt-BR\",\"potentialAction\":[{\"@type\":\"ReadAction\",\"target\":[\"https:\\\/\\\/ocoerente.com.br\\\/se\\\/2024\\\/02\\\/17\\\/suspeito-de-vender-notas-falsas-nas-redes-sociais-e-alvo-da-pf\\\/\"]}]},{\"@type\":\"ImageObject\",\"inLanguage\":\"pt-BR\",\"@id\":\"https:\\\/\\\/ocoerente.com.br\\\/se\\\/2024\\\/02\\\/17\\\/suspeito-de-vender-notas-falsas-nas-redes-sociais-e-alvo-da-pf\\\/#primaryimage\",\"url\":\"https:\\\/\\\/ocoerente.com.br\\\/se\\\/wp-content\\\/uploads\\\/2024\\\/02\\\/PF-foto.jpg\",\"contentUrl\":\"https:\\\/\\\/ocoerente.com.br\\\/se\\\/wp-content\\\/uploads\\\/2024\\\/02\\\/PF-foto.jpg\",\"width\":731,\"height\":487,\"caption\":\"Foto: PF\"},{\"@type\":\"BreadcrumbList\",\"@id\":\"https:\\\/\\\/ocoerente.com.br\\\/se\\\/2024\\\/02\\\/17\\\/suspeito-de-vender-notas-falsas-nas-redes-sociais-e-alvo-da-pf\\\/#breadcrumb\",\"itemListElement\":[{\"@type\":\"ListItem\",\"position\":1,\"name\":\"In\u00edcio\",\"item\":\"https:\\\/\\\/ocoerente.com.br\\\/se\\\/\"},{\"@type\":\"ListItem\",\"position\":2,\"name\":\"Suspeito de vender notas falsas nas redes sociais \u00e9 alvo da PF\"}]},{\"@type\":\"WebSite\",\"@id\":\"https:\\\/\\\/ocoerente.com.br\\\/se\\\/#website\",\"url\":\"https:\\\/\\\/ocoerente.com.br\\\/se\\\/\",\"name\":\"O Coerente\",\"description\":\"\",\"publisher\":{\"@id\":\"https:\\\/\\\/ocoerente.com.br\\\/se\\\/#\\\/schema\\\/person\\\/cc6bfd9fbca465e23543b0c963d8d037\"},\"potentialAction\":[{\"@type\":\"SearchAction\",\"target\":{\"@type\":\"EntryPoint\",\"urlTemplate\":\"https:\\\/\\\/ocoerente.com.br\\\/se\\\/?s={search_term_string}\"},\"query-input\":{\"@type\":\"PropertyValueSpecification\",\"valueRequired\":true,\"valueName\":\"search_term_string\"}}],\"inLanguage\":\"pt-BR\"},{\"@type\":[\"Person\",\"Organization\"],\"@id\":\"https:\\\/\\\/ocoerente.com.br\\\/se\\\/#\\\/schema\\\/person\\\/cc6bfd9fbca465e23543b0c963d8d037\",\"name\":\"Reda\u00e7\u00e3o\",\"image\":{\"@type\":\"ImageObject\",\"inLanguage\":\"pt-BR\",\"@id\":\"https:\\\/\\\/ocoerente.com.br\\\/se\\\/wp-content\\\/uploads\\\/2020\\\/01\\\/ocoerente-1.png\",\"url\":\"https:\\\/\\\/ocoerente.com.br\\\/se\\\/wp-content\\\/uploads\\\/2020\\\/01\\\/ocoerente-1.png\",\"contentUrl\":\"https:\\\/\\\/ocoerente.com.br\\\/se\\\/wp-content\\\/uploads\\\/2020\\\/01\\\/ocoerente-1.png\",\"width\":50,\"height\":50,\"caption\":\"Reda\u00e7\u00e3o\"},\"logo\":{\"@id\":\"https:\\\/\\\/ocoerente.com.br\\\/se\\\/wp-content\\\/uploads\\\/2020\\\/01\\\/ocoerente-1.png\"},\"url\":\"https:\\\/\\\/ocoerente.com.br\\\/se\\\/author\\\/vasticlsales\\\/\"}]}<\/script>\n<!-- \/ Yoast SEO plugin. -->","yoast_head_json":{"title":"Suspeito de vender notas falsas nas redes sociais \u00e9 alvo da PF - O Coerente","robots":{"index":"index","follow":"follow","max-snippet":"max-snippet:-1","max-image-preview":"max-image-preview:large","max-video-preview":"max-video-preview:-1"},"canonical":"https:\/\/ocoerente.com.br\/se\/2024\/02\/17\/suspeito-de-vender-notas-falsas-nas-redes-sociais-e-alvo-da-pf\/","og_locale":"pt_BR","og_type":"article","og_title":"Suspeito de vender notas falsas nas redes sociais \u00e9 alvo da PF - O Coerente","og_description":"O suspeito pode responder pelo crime de moeda falsa, cuja pena m\u00e1xima pode chegar a 12 anos de pris\u00e3o e multa Um homem suspeito de vender notas falsas nas redes sociais foi alvo de uma mandado de busca e apreens\u00e3o nas primeiras horas da manh\u00e3 desta sexta-feira, 16. Segundo agentes da Pol\u00edcia Federal, um celular [&hellip;]","og_url":"https:\/\/ocoerente.com.br\/se\/2024\/02\/17\/suspeito-de-vender-notas-falsas-nas-redes-sociais-e-alvo-da-pf\/","og_site_name":"O Coerente","article_published_time":"2024-02-17T13:31:15+00:00","article_modified_time":"2024-02-17T13:31:16+00:00","og_image":[{"width":731,"height":487,"url":"https:\/\/ocoerente.com.br\/se\/wp-content\/uploads\/2024\/02\/PF-foto.jpg","type":"image\/jpeg"}],"author":"Reda\u00e7\u00e3o","twitter_card":"summary_large_image","twitter_misc":{"Escrito por":"Reda\u00e7\u00e3o","Est. tempo de leitura":"1 minuto"},"schema":{"@context":"https:\/\/schema.org","@graph":[{"@type":"Article","@id":"https:\/\/ocoerente.com.br\/se\/2024\/02\/17\/suspeito-de-vender-notas-falsas-nas-redes-sociais-e-alvo-da-pf\/#article","isPartOf":{"@id":"https:\/\/ocoerente.com.br\/se\/2024\/02\/17\/suspeito-de-vender-notas-falsas-nas-redes-sociais-e-alvo-da-pf\/"},"author":{"name":"Reda\u00e7\u00e3o","@id":"https:\/\/ocoerente.com.br\/se\/#\/schema\/person\/cc6bfd9fbca465e23543b0c963d8d037"},"headline":"Suspeito de vender notas falsas nas redes sociais \u00e9 alvo da PF","datePublished":"2024-02-17T13:31:15+00:00","dateModified":"2024-02-17T13:31:16+00:00","mainEntityOfPage":{"@id":"https:\/\/ocoerente.com.br\/se\/2024\/02\/17\/suspeito-de-vender-notas-falsas-nas-redes-sociais-e-alvo-da-pf\/"},"wordCount":148,"publisher":{"@id":"https:\/\/ocoerente.com.br\/se\/#\/schema\/person\/cc6bfd9fbca465e23543b0c963d8d037"},"image":{"@id":"https:\/\/ocoerente.com.br\/se\/2024\/02\/17\/suspeito-de-vender-notas-falsas-nas-redes-sociais-e-alvo-da-pf\/#primaryimage"},"thumbnailUrl":"https:\/\/ocoerente.com.br\/se\/wp-content\/uploads\/2024\/02\/PF-foto.jpg","articleSection":["Brasil","Destaques"],"inLanguage":"pt-BR"},{"@type":"WebPage","@id":"https:\/\/ocoerente.com.br\/se\/2024\/02\/17\/suspeito-de-vender-notas-falsas-nas-redes-sociais-e-alvo-da-pf\/","url":"https:\/\/ocoerente.com.br\/se\/2024\/02\/17\/suspeito-de-vender-notas-falsas-nas-redes-sociais-e-alvo-da-pf\/","name":"Suspeito de vender notas falsas nas redes sociais \u00e9 alvo da PF - O Coerente","isPartOf":{"@id":"https:\/\/ocoerente.com.br\/se\/#website"},"primaryImageOfPage":{"@id":"https:\/\/ocoerente.com.br\/se\/2024\/02\/17\/suspeito-de-vender-notas-falsas-nas-redes-sociais-e-alvo-da-pf\/#primaryimage"},"image":{"@id":"https:\/\/ocoerente.com.br\/se\/2024\/02\/17\/suspeito-de-vender-notas-falsas-nas-redes-sociais-e-alvo-da-pf\/#primaryimage"},"thumbnailUrl":"https:\/\/ocoerente.com.br\/se\/wp-content\/uploads\/2024\/02\/PF-foto.jpg","datePublished":"2024-02-17T13:31:15+00:00","dateModified":"2024-02-17T13:31:16+00:00","breadcrumb":{"@id":"https:\/\/ocoerente.com.br\/se\/2024\/02\/17\/suspeito-de-vender-notas-falsas-nas-redes-sociais-e-alvo-da-pf\/#breadcrumb"},"inLanguage":"pt-BR","potentialAction":[{"@type":"ReadAction","target":["https:\/\/ocoerente.com.br\/se\/2024\/02\/17\/suspeito-de-vender-notas-falsas-nas-redes-sociais-e-alvo-da-pf\/"]}]},{"@type":"ImageObject","inLanguage":"pt-BR","@id":"https:\/\/ocoerente.com.br\/se\/2024\/02\/17\/suspeito-de-vender-notas-falsas-nas-redes-sociais-e-alvo-da-pf\/#primaryimage","url":"https:\/\/ocoerente.com.br\/se\/wp-content\/uploads\/2024\/02\/PF-foto.jpg","contentUrl":"https:\/\/ocoerente.com.br\/se\/wp-content\/uploads\/2024\/02\/PF-foto.jpg","width":731,"height":487,"caption":"Foto: PF"},{"@type":"BreadcrumbList","@id":"https:\/\/ocoerente.com.br\/se\/2024\/02\/17\/suspeito-de-vender-notas-falsas-nas-redes-sociais-e-alvo-da-pf\/#breadcrumb","itemListElement":[{"@type":"ListItem","position":1,"name":"In\u00edcio","item":"https:\/\/ocoerente.com.br\/se\/"},{"@type":"ListItem","position":2,"name":"Suspeito de vender notas falsas nas redes sociais \u00e9 alvo da PF"}]},{"@type":"WebSite","@id":"https:\/\/ocoerente.com.br\/se\/#website","url":"https:\/\/ocoerente.com.br\/se\/","name":"O Coerente","description":"","publisher":{"@id":"https:\/\/ocoerente.com.br\/se\/#\/schema\/person\/cc6bfd9fbca465e23543b0c963d8d037"},"potentialAction":[{"@type":"SearchAction","target":{"@type":"EntryPoint","urlTemplate":"https:\/\/ocoerente.com.br\/se\/?s={search_term_string}"},"query-input":{"@type":"PropertyValueSpecification","valueRequired":true,"valueName":"search_term_string"}}],"inLanguage":"pt-BR"},{"@type":["Person","Organization"],"@id":"https:\/\/ocoerente.com.br\/se\/#\/schema\/person\/cc6bfd9fbca465e23543b0c963d8d037","name":"Reda\u00e7\u00e3o","image":{"@type":"ImageObject","inLanguage":"pt-BR","@id":"https:\/\/ocoerente.com.br\/se\/wp-content\/uploads\/2020\/01\/ocoerente-1.png","url":"https:\/\/ocoerente.com.br\/se\/wp-content\/uploads\/2020\/01\/ocoerente-1.png","contentUrl":"https:\/\/ocoerente.com.br\/se\/wp-content\/uploads\/2020\/01\/ocoerente-1.png","width":50,"height":50,"caption":"Reda\u00e7\u00e3o"},"logo":{"@id":"https:\/\/ocoerente.com.br\/se\/wp-content\/uploads\/2020\/01\/ocoerente-1.png"},"url":"https:\/\/ocoerente.com.br\/se\/author\/vasticlsales\/"}]}},"_links":{"self":[{"href":"https:\/\/ocoerente.com.br\/se\/wp-json\/wp\/v2\/posts\/8412","targetHints":{"allow":["GET"]}}],"collection":[{"href":"https:\/\/ocoerente.com.br\/se\/wp-json\/wp\/v2\/posts"}],"about":[{"href":"https:\/\/ocoerente.com.br\/se\/wp-json\/wp\/v2\/types\/post"}],"author":[{"embeddable":true,"href":"https:\/\/ocoerente.com.br\/se\/wp-json\/wp\/v2\/users\/1"}],"replies":[{"embeddable":true,"href":"https:\/\/ocoerente.com.br\/se\/wp-json\/wp\/v2\/comments?post=8412"}],"version-history":[{"count":1,"href":"https:\/\/ocoerente.com.br\/se\/wp-json\/wp\/v2\/posts\/8412\/revisions"}],"predecessor-version":[{"id":8414,"href":"https:\/\/ocoerente.com.br\/se\/wp-json\/wp\/v2\/posts\/8412\/revisions\/8414"}],"wp:featuredmedia":[{"embeddable":true,"href":"https:\/\/ocoerente.com.br\/se\/wp-json\/wp\/v2\/media\/8413"}],"wp:attachment":[{"href":"https:\/\/ocoerente.com.br\/se\/wp-json\/wp\/v2\/media?parent=8412"}],"wp:term":[{"taxonomy":"category","embeddable":true,"href":"https:\/\/ocoerente.com.br\/se\/wp-json\/wp\/v2\/categories?post=8412"},{"taxonomy":"post_tag","embeddable":true,"href":"https:\/\/ocoerente.com.br\/se\/wp-json\/wp\/v2\/tags?post=8412"}],"curies":[{"name":"wp","href":"https:\/\/api.w.org\/{rel}","templated":true}]}}