{"id":841,"date":"2020-04-23T01:03:49","date_gmt":"2020-04-23T04:03:49","guid":{"rendered":"http:\/\/ocoerente.com.br\/se\/?p=841"},"modified":"2020-04-23T01:03:49","modified_gmt":"2020-04-23T04:03:49","slug":"fabio-henrique-propoe-aumento-de-insalubridade-para-profissionais-da-saude","status":"publish","type":"post","link":"https:\/\/ocoerente.com.br\/se\/2020\/04\/23\/fabio-henrique-propoe-aumento-de-insalubridade-para-profissionais-da-saude\/","title":{"rendered":"F\u00e1bio Henrique prop\u00f5e aumento de insalubridade para profissionais da Sa\u00fade"},"content":{"rendered":"<p>No Brasil, at\u00e9 o domingo (12), quase sete mil profissionais de Sa\u00fade &#8211; entre m\u00e9dicos, t\u00e9cnicos de enfermagem, socorristas e enfermeiros \u2013 foram afastados do trabalho por apresentarem sintomas suspeitos da pandemia do Coronav\u00edrus. Dos que fizeram o teste, pelo menos 1.400 estavam infectados e 18 deles morreram de Covid-19.<\/p>\n<p>Os profissionais da Sa\u00fade s\u00e3o a linha de frente no tratamento das pessoas que s\u00e3o contaminadas e precisam de um reconhecimento. Por isso, o deputado federal F\u00e1bio Henrique (PDT\/SE) apresentou o Projeto de Lei 1752\/2020, para instituir o adicional de insalubridade de 50% para todos os profissionais que exer\u00e7am atividade em hospitais e cl\u00ednicas m\u00e9dicas durante o per\u00edodo da pandemia.<\/p>\n<p>\u201cEssa \u00e9 uma forma de dizer muito obrigado e de incentivarmos esses pais e m\u00e3es de fam\u00edlia, que est\u00e3o salvando vidas, deixando momentaneamente suas fam\u00edlias pelo cuidado ao pr\u00f3ximo, e muitos at\u00e9 sendo contaminados\u201d, afirmou F\u00e1bio Henrique. A gratifica\u00e7\u00e3o de insalubridade \u00e9 um benef\u00edcio que j\u00e1 consta para os profissionais da Sa\u00fade, porque est\u00e3o em constante contato com agentes qu\u00edmicos e biol\u00f3gicos, e tem em geral um percentual de 20% de gratifica\u00e7\u00e3o.<\/p>\n<p>O deputado F\u00e1bio Henrique argumentou que os profissionais da Sa\u00fade est\u00e3o extremamente expostos ao coronav\u00edrus. \u201cApesar das recomenda\u00e7\u00f5es de isolamento social, assistimos ao aumento exponencial dos casos de contamina\u00e7\u00e3o. \u00c9 necess\u00e1rio um verdadeiro ex\u00e9rcito de trabalhadores para atender a esta demanda que tende a crescer ainda mais, pois as proje\u00e7\u00f5es s\u00e3o assustadoras. Ocorre que o exerc\u00edcio de trabalho nas condi\u00e7\u00f5es impostas pelo novo Coronav\u00edrus est\u00e1 muito al\u00e9m das condi\u00e7\u00f5es de insalubridade que j\u00e1 conhecemos\u201d, detalhou o pedetista.<\/p>\n<p>&nbsp;<\/p>\n","protected":false},"excerpt":{"rendered":"<p>No Brasil, at\u00e9 o domingo (12), quase sete mil profissionais de Sa\u00fade &#8211; entre m\u00e9dicos, t\u00e9cnicos de enfermagem, socorristas e enfermeiros \u2013 foram afastados do trabalho por apresentarem sintomas suspeitos da pandemia do Coronav\u00edrus. Dos que fizeram o teste, pelo menos 1.400 estavam infectados e 18 deles morreram de Covid-19. Os profissionais da Sa\u00fade s\u00e3o [&hellip;]<\/p>\n","protected":false},"author":1,"featured_media":842,"comment_status":"closed","ping_status":"closed","sticky":false,"template":"","format":"standard","meta":{"footnotes":""},"categories":[53,44],"tags":[],"class_list":["post-841","post","type-post","status-publish","format-standard","has-post-thumbnail","hentry","category-destaques","category-politica"],"yoast_head":"<!-- This site is optimized with the Yoast SEO plugin v27.4 - https:\/\/yoast.com\/product\/yoast-seo-wordpress\/ -->\n<title>F\u00e1bio Henrique prop\u00f5e aumento de insalubridade para profissionais da Sa\u00fade - O Coerente<\/title>\n<meta name=\"robots\" content=\"index, follow, max-snippet:-1, max-image-preview:large, max-video-preview:-1\" \/>\n<link rel=\"canonical\" href=\"https:\/\/ocoerente.com.br\/se\/2020\/04\/23\/fabio-henrique-propoe-aumento-de-insalubridade-para-profissionais-da-saude\/\" \/>\n<meta property=\"og:locale\" content=\"pt_BR\" \/>\n<meta property=\"og:type\" content=\"article\" \/>\n<meta property=\"og:title\" content=\"F\u00e1bio Henrique prop\u00f5e aumento de insalubridade para profissionais da Sa\u00fade - O Coerente\" \/>\n<meta property=\"og:description\" content=\"No Brasil, at\u00e9 o domingo (12), quase sete mil profissionais de Sa\u00fade &#8211; entre m\u00e9dicos, t\u00e9cnicos de enfermagem, socorristas e enfermeiros \u2013 foram afastados do trabalho por apresentarem sintomas suspeitos da pandemia do Coronav\u00edrus. Dos que fizeram o teste, pelo menos 1.400 estavam infectados e 18 deles morreram de Covid-19. Os profissionais da Sa\u00fade s\u00e3o [&hellip;]\" \/>\n<meta property=\"og:url\" content=\"https:\/\/ocoerente.com.br\/se\/2020\/04\/23\/fabio-henrique-propoe-aumento-de-insalubridade-para-profissionais-da-saude\/\" \/>\n<meta property=\"og:site_name\" content=\"O Coerente\" \/>\n<meta property=\"article:published_time\" content=\"2020-04-23T04:03:49+00:00\" \/>\n<meta property=\"og:image\" content=\"https:\/\/ocoerente.com.br\/se\/wp-content\/uploads\/2020\/04\/fabio-henrique-1-1024x683-1.jpg\" \/>\n\t<meta property=\"og:image:width\" content=\"1024\" \/>\n\t<meta property=\"og:image:height\" content=\"683\" \/>\n\t<meta property=\"og:image:type\" content=\"image\/jpeg\" \/>\n<meta name=\"author\" content=\"Reda\u00e7\u00e3o\" \/>\n<meta name=\"twitter:card\" content=\"summary_large_image\" \/>\n<meta name=\"twitter:label1\" content=\"Escrito por\" \/>\n\t<meta name=\"twitter:data1\" content=\"Reda\u00e7\u00e3o\" \/>\n\t<meta name=\"twitter:label2\" content=\"Est. tempo de leitura\" \/>\n\t<meta name=\"twitter:data2\" content=\"1 minuto\" \/>\n<script type=\"application\/ld+json\" class=\"yoast-schema-graph\">{\"@context\":\"https:\\\/\\\/schema.org\",\"@graph\":[{\"@type\":\"Article\",\"@id\":\"https:\\\/\\\/ocoerente.com.br\\\/se\\\/2020\\\/04\\\/23\\\/fabio-henrique-propoe-aumento-de-insalubridade-para-profissionais-da-saude\\\/#article\",\"isPartOf\":{\"@id\":\"https:\\\/\\\/ocoerente.com.br\\\/se\\\/2020\\\/04\\\/23\\\/fabio-henrique-propoe-aumento-de-insalubridade-para-profissionais-da-saude\\\/\"},\"author\":{\"name\":\"Reda\u00e7\u00e3o\",\"@id\":\"https:\\\/\\\/ocoerente.com.br\\\/se\\\/#\\\/schema\\\/person\\\/cc6bfd9fbca465e23543b0c963d8d037\"},\"headline\":\"F\u00e1bio Henrique prop\u00f5e aumento de insalubridade para profissionais da Sa\u00fade\",\"datePublished\":\"2020-04-23T04:03:49+00:00\",\"mainEntityOfPage\":{\"@id\":\"https:\\\/\\\/ocoerente.com.br\\\/se\\\/2020\\\/04\\\/23\\\/fabio-henrique-propoe-aumento-de-insalubridade-para-profissionais-da-saude\\\/\"},\"wordCount\":304,\"publisher\":{\"@id\":\"https:\\\/\\\/ocoerente.com.br\\\/se\\\/#\\\/schema\\\/person\\\/cc6bfd9fbca465e23543b0c963d8d037\"},\"image\":{\"@id\":\"https:\\\/\\\/ocoerente.com.br\\\/se\\\/2020\\\/04\\\/23\\\/fabio-henrique-propoe-aumento-de-insalubridade-para-profissionais-da-saude\\\/#primaryimage\"},\"thumbnailUrl\":\"https:\\\/\\\/ocoerente.com.br\\\/se\\\/wp-content\\\/uploads\\\/2020\\\/04\\\/fabio-henrique-1-1024x683-1.jpg\",\"articleSection\":[\"Destaques\",\"Pol\u00edtica\"],\"inLanguage\":\"pt-BR\"},{\"@type\":\"WebPage\",\"@id\":\"https:\\\/\\\/ocoerente.com.br\\\/se\\\/2020\\\/04\\\/23\\\/fabio-henrique-propoe-aumento-de-insalubridade-para-profissionais-da-saude\\\/\",\"url\":\"https:\\\/\\\/ocoerente.com.br\\\/se\\\/2020\\\/04\\\/23\\\/fabio-henrique-propoe-aumento-de-insalubridade-para-profissionais-da-saude\\\/\",\"name\":\"F\u00e1bio Henrique prop\u00f5e aumento de insalubridade para profissionais da Sa\u00fade - O Coerente\",\"isPartOf\":{\"@id\":\"https:\\\/\\\/ocoerente.com.br\\\/se\\\/#website\"},\"primaryImageOfPage\":{\"@id\":\"https:\\\/\\\/ocoerente.com.br\\\/se\\\/2020\\\/04\\\/23\\\/fabio-henrique-propoe-aumento-de-insalubridade-para-profissionais-da-saude\\\/#primaryimage\"},\"image\":{\"@id\":\"https:\\\/\\\/ocoerente.com.br\\\/se\\\/2020\\\/04\\\/23\\\/fabio-henrique-propoe-aumento-de-insalubridade-para-profissionais-da-saude\\\/#primaryimage\"},\"thumbnailUrl\":\"https:\\\/\\\/ocoerente.com.br\\\/se\\\/wp-content\\\/uploads\\\/2020\\\/04\\\/fabio-henrique-1-1024x683-1.jpg\",\"datePublished\":\"2020-04-23T04:03:49+00:00\",\"breadcrumb\":{\"@id\":\"https:\\\/\\\/ocoerente.com.br\\\/se\\\/2020\\\/04\\\/23\\\/fabio-henrique-propoe-aumento-de-insalubridade-para-profissionais-da-saude\\\/#breadcrumb\"},\"inLanguage\":\"pt-BR\",\"potentialAction\":[{\"@type\":\"ReadAction\",\"target\":[\"https:\\\/\\\/ocoerente.com.br\\\/se\\\/2020\\\/04\\\/23\\\/fabio-henrique-propoe-aumento-de-insalubridade-para-profissionais-da-saude\\\/\"]}]},{\"@type\":\"ImageObject\",\"inLanguage\":\"pt-BR\",\"@id\":\"https:\\\/\\\/ocoerente.com.br\\\/se\\\/2020\\\/04\\\/23\\\/fabio-henrique-propoe-aumento-de-insalubridade-para-profissionais-da-saude\\\/#primaryimage\",\"url\":\"https:\\\/\\\/ocoerente.com.br\\\/se\\\/wp-content\\\/uploads\\\/2020\\\/04\\\/fabio-henrique-1-1024x683-1.jpg\",\"contentUrl\":\"https:\\\/\\\/ocoerente.com.br\\\/se\\\/wp-content\\\/uploads\\\/2020\\\/04\\\/fabio-henrique-1-1024x683-1.jpg\",\"width\":1024,\"height\":683},{\"@type\":\"BreadcrumbList\",\"@id\":\"https:\\\/\\\/ocoerente.com.br\\\/se\\\/2020\\\/04\\\/23\\\/fabio-henrique-propoe-aumento-de-insalubridade-para-profissionais-da-saude\\\/#breadcrumb\",\"itemListElement\":[{\"@type\":\"ListItem\",\"position\":1,\"name\":\"In\u00edcio\",\"item\":\"https:\\\/\\\/ocoerente.com.br\\\/se\\\/\"},{\"@type\":\"ListItem\",\"position\":2,\"name\":\"F\u00e1bio Henrique prop\u00f5e aumento de insalubridade para profissionais da Sa\u00fade\"}]},{\"@type\":\"WebSite\",\"@id\":\"https:\\\/\\\/ocoerente.com.br\\\/se\\\/#website\",\"url\":\"https:\\\/\\\/ocoerente.com.br\\\/se\\\/\",\"name\":\"O Coerente\",\"description\":\"\",\"publisher\":{\"@id\":\"https:\\\/\\\/ocoerente.com.br\\\/se\\\/#\\\/schema\\\/person\\\/cc6bfd9fbca465e23543b0c963d8d037\"},\"potentialAction\":[{\"@type\":\"SearchAction\",\"target\":{\"@type\":\"EntryPoint\",\"urlTemplate\":\"https:\\\/\\\/ocoerente.com.br\\\/se\\\/?s={search_term_string}\"},\"query-input\":{\"@type\":\"PropertyValueSpecification\",\"valueRequired\":true,\"valueName\":\"search_term_string\"}}],\"inLanguage\":\"pt-BR\"},{\"@type\":[\"Person\",\"Organization\"],\"@id\":\"https:\\\/\\\/ocoerente.com.br\\\/se\\\/#\\\/schema\\\/person\\\/cc6bfd9fbca465e23543b0c963d8d037\",\"name\":\"Reda\u00e7\u00e3o\",\"image\":{\"@type\":\"ImageObject\",\"inLanguage\":\"pt-BR\",\"@id\":\"https:\\\/\\\/ocoerente.com.br\\\/se\\\/wp-content\\\/uploads\\\/2020\\\/01\\\/ocoerente-1.png\",\"url\":\"https:\\\/\\\/ocoerente.com.br\\\/se\\\/wp-content\\\/uploads\\\/2020\\\/01\\\/ocoerente-1.png\",\"contentUrl\":\"https:\\\/\\\/ocoerente.com.br\\\/se\\\/wp-content\\\/uploads\\\/2020\\\/01\\\/ocoerente-1.png\",\"width\":50,\"height\":50,\"caption\":\"Reda\u00e7\u00e3o\"},\"logo\":{\"@id\":\"https:\\\/\\\/ocoerente.com.br\\\/se\\\/wp-content\\\/uploads\\\/2020\\\/01\\\/ocoerente-1.png\"},\"url\":\"https:\\\/\\\/ocoerente.com.br\\\/se\\\/author\\\/vasticlsales\\\/\"}]}<\/script>\n<!-- \/ Yoast SEO plugin. -->","yoast_head_json":{"title":"F\u00e1bio Henrique prop\u00f5e aumento de insalubridade para profissionais da Sa\u00fade - O Coerente","robots":{"index":"index","follow":"follow","max-snippet":"max-snippet:-1","max-image-preview":"max-image-preview:large","max-video-preview":"max-video-preview:-1"},"canonical":"https:\/\/ocoerente.com.br\/se\/2020\/04\/23\/fabio-henrique-propoe-aumento-de-insalubridade-para-profissionais-da-saude\/","og_locale":"pt_BR","og_type":"article","og_title":"F\u00e1bio Henrique prop\u00f5e aumento de insalubridade para profissionais da Sa\u00fade - O Coerente","og_description":"No Brasil, at\u00e9 o domingo (12), quase sete mil profissionais de Sa\u00fade &#8211; entre m\u00e9dicos, t\u00e9cnicos de enfermagem, socorristas e enfermeiros \u2013 foram afastados do trabalho por apresentarem sintomas suspeitos da pandemia do Coronav\u00edrus. Dos que fizeram o teste, pelo menos 1.400 estavam infectados e 18 deles morreram de Covid-19. Os profissionais da Sa\u00fade s\u00e3o [&hellip;]","og_url":"https:\/\/ocoerente.com.br\/se\/2020\/04\/23\/fabio-henrique-propoe-aumento-de-insalubridade-para-profissionais-da-saude\/","og_site_name":"O Coerente","article_published_time":"2020-04-23T04:03:49+00:00","og_image":[{"width":1024,"height":683,"url":"https:\/\/ocoerente.com.br\/se\/wp-content\/uploads\/2020\/04\/fabio-henrique-1-1024x683-1.jpg","type":"image\/jpeg"}],"author":"Reda\u00e7\u00e3o","twitter_card":"summary_large_image","twitter_misc":{"Escrito por":"Reda\u00e7\u00e3o","Est. tempo de leitura":"1 minuto"},"schema":{"@context":"https:\/\/schema.org","@graph":[{"@type":"Article","@id":"https:\/\/ocoerente.com.br\/se\/2020\/04\/23\/fabio-henrique-propoe-aumento-de-insalubridade-para-profissionais-da-saude\/#article","isPartOf":{"@id":"https:\/\/ocoerente.com.br\/se\/2020\/04\/23\/fabio-henrique-propoe-aumento-de-insalubridade-para-profissionais-da-saude\/"},"author":{"name":"Reda\u00e7\u00e3o","@id":"https:\/\/ocoerente.com.br\/se\/#\/schema\/person\/cc6bfd9fbca465e23543b0c963d8d037"},"headline":"F\u00e1bio Henrique prop\u00f5e aumento de insalubridade para profissionais da Sa\u00fade","datePublished":"2020-04-23T04:03:49+00:00","mainEntityOfPage":{"@id":"https:\/\/ocoerente.com.br\/se\/2020\/04\/23\/fabio-henrique-propoe-aumento-de-insalubridade-para-profissionais-da-saude\/"},"wordCount":304,"publisher":{"@id":"https:\/\/ocoerente.com.br\/se\/#\/schema\/person\/cc6bfd9fbca465e23543b0c963d8d037"},"image":{"@id":"https:\/\/ocoerente.com.br\/se\/2020\/04\/23\/fabio-henrique-propoe-aumento-de-insalubridade-para-profissionais-da-saude\/#primaryimage"},"thumbnailUrl":"https:\/\/ocoerente.com.br\/se\/wp-content\/uploads\/2020\/04\/fabio-henrique-1-1024x683-1.jpg","articleSection":["Destaques","Pol\u00edtica"],"inLanguage":"pt-BR"},{"@type":"WebPage","@id":"https:\/\/ocoerente.com.br\/se\/2020\/04\/23\/fabio-henrique-propoe-aumento-de-insalubridade-para-profissionais-da-saude\/","url":"https:\/\/ocoerente.com.br\/se\/2020\/04\/23\/fabio-henrique-propoe-aumento-de-insalubridade-para-profissionais-da-saude\/","name":"F\u00e1bio Henrique prop\u00f5e aumento de insalubridade para profissionais da Sa\u00fade - O Coerente","isPartOf":{"@id":"https:\/\/ocoerente.com.br\/se\/#website"},"primaryImageOfPage":{"@id":"https:\/\/ocoerente.com.br\/se\/2020\/04\/23\/fabio-henrique-propoe-aumento-de-insalubridade-para-profissionais-da-saude\/#primaryimage"},"image":{"@id":"https:\/\/ocoerente.com.br\/se\/2020\/04\/23\/fabio-henrique-propoe-aumento-de-insalubridade-para-profissionais-da-saude\/#primaryimage"},"thumbnailUrl":"https:\/\/ocoerente.com.br\/se\/wp-content\/uploads\/2020\/04\/fabio-henrique-1-1024x683-1.jpg","datePublished":"2020-04-23T04:03:49+00:00","breadcrumb":{"@id":"https:\/\/ocoerente.com.br\/se\/2020\/04\/23\/fabio-henrique-propoe-aumento-de-insalubridade-para-profissionais-da-saude\/#breadcrumb"},"inLanguage":"pt-BR","potentialAction":[{"@type":"ReadAction","target":["https:\/\/ocoerente.com.br\/se\/2020\/04\/23\/fabio-henrique-propoe-aumento-de-insalubridade-para-profissionais-da-saude\/"]}]},{"@type":"ImageObject","inLanguage":"pt-BR","@id":"https:\/\/ocoerente.com.br\/se\/2020\/04\/23\/fabio-henrique-propoe-aumento-de-insalubridade-para-profissionais-da-saude\/#primaryimage","url":"https:\/\/ocoerente.com.br\/se\/wp-content\/uploads\/2020\/04\/fabio-henrique-1-1024x683-1.jpg","contentUrl":"https:\/\/ocoerente.com.br\/se\/wp-content\/uploads\/2020\/04\/fabio-henrique-1-1024x683-1.jpg","width":1024,"height":683},{"@type":"BreadcrumbList","@id":"https:\/\/ocoerente.com.br\/se\/2020\/04\/23\/fabio-henrique-propoe-aumento-de-insalubridade-para-profissionais-da-saude\/#breadcrumb","itemListElement":[{"@type":"ListItem","position":1,"name":"In\u00edcio","item":"https:\/\/ocoerente.com.br\/se\/"},{"@type":"ListItem","position":2,"name":"F\u00e1bio Henrique prop\u00f5e aumento de insalubridade para profissionais da Sa\u00fade"}]},{"@type":"WebSite","@id":"https:\/\/ocoerente.com.br\/se\/#website","url":"https:\/\/ocoerente.com.br\/se\/","name":"O Coerente","description":"","publisher":{"@id":"https:\/\/ocoerente.com.br\/se\/#\/schema\/person\/cc6bfd9fbca465e23543b0c963d8d037"},"potentialAction":[{"@type":"SearchAction","target":{"@type":"EntryPoint","urlTemplate":"https:\/\/ocoerente.com.br\/se\/?s={search_term_string}"},"query-input":{"@type":"PropertyValueSpecification","valueRequired":true,"valueName":"search_term_string"}}],"inLanguage":"pt-BR"},{"@type":["Person","Organization"],"@id":"https:\/\/ocoerente.com.br\/se\/#\/schema\/person\/cc6bfd9fbca465e23543b0c963d8d037","name":"Reda\u00e7\u00e3o","image":{"@type":"ImageObject","inLanguage":"pt-BR","@id":"https:\/\/ocoerente.com.br\/se\/wp-content\/uploads\/2020\/01\/ocoerente-1.png","url":"https:\/\/ocoerente.com.br\/se\/wp-content\/uploads\/2020\/01\/ocoerente-1.png","contentUrl":"https:\/\/ocoerente.com.br\/se\/wp-content\/uploads\/2020\/01\/ocoerente-1.png","width":50,"height":50,"caption":"Reda\u00e7\u00e3o"},"logo":{"@id":"https:\/\/ocoerente.com.br\/se\/wp-content\/uploads\/2020\/01\/ocoerente-1.png"},"url":"https:\/\/ocoerente.com.br\/se\/author\/vasticlsales\/"}]}},"_links":{"self":[{"href":"https:\/\/ocoerente.com.br\/se\/wp-json\/wp\/v2\/posts\/841","targetHints":{"allow":["GET"]}}],"collection":[{"href":"https:\/\/ocoerente.com.br\/se\/wp-json\/wp\/v2\/posts"}],"about":[{"href":"https:\/\/ocoerente.com.br\/se\/wp-json\/wp\/v2\/types\/post"}],"author":[{"embeddable":true,"href":"https:\/\/ocoerente.com.br\/se\/wp-json\/wp\/v2\/users\/1"}],"replies":[{"embeddable":true,"href":"https:\/\/ocoerente.com.br\/se\/wp-json\/wp\/v2\/comments?post=841"}],"version-history":[{"count":1,"href":"https:\/\/ocoerente.com.br\/se\/wp-json\/wp\/v2\/posts\/841\/revisions"}],"predecessor-version":[{"id":843,"href":"https:\/\/ocoerente.com.br\/se\/wp-json\/wp\/v2\/posts\/841\/revisions\/843"}],"wp:featuredmedia":[{"embeddable":true,"href":"https:\/\/ocoerente.com.br\/se\/wp-json\/wp\/v2\/media\/842"}],"wp:attachment":[{"href":"https:\/\/ocoerente.com.br\/se\/wp-json\/wp\/v2\/media?parent=841"}],"wp:term":[{"taxonomy":"category","embeddable":true,"href":"https:\/\/ocoerente.com.br\/se\/wp-json\/wp\/v2\/categories?post=841"},{"taxonomy":"post_tag","embeddable":true,"href":"https:\/\/ocoerente.com.br\/se\/wp-json\/wp\/v2\/tags?post=841"}],"curies":[{"name":"wp","href":"https:\/\/api.w.org\/{rel}","templated":true}]}}