{"id":8409,"date":"2024-02-17T10:29:20","date_gmt":"2024-02-17T13:29:20","guid":{"rendered":"https:\/\/ocoerente.com.br\/se\/?p=8409"},"modified":"2024-02-17T10:29:21","modified_gmt":"2024-02-17T13:29:21","slug":"projeto-verao-2024-inscricoes-para-comercio-ambulante-iniciam-na-segunda-19","status":"publish","type":"post","link":"https:\/\/ocoerente.com.br\/se\/2024\/02\/17\/projeto-verao-2024-inscricoes-para-comercio-ambulante-iniciam-na-segunda-19\/","title":{"rendered":"Projeto Ver\u00e3o 2024: inscri\u00e7\u00f5es para com\u00e9rcio ambulante iniciam na segunda, 19"},"content":{"rendered":"\n<p>Na prepara\u00e7\u00e3o para o Projeto Ver\u00e3o 2024, a Prefeitura de Aracaju, em parceria com o Governo do Estado, dar\u00e1 in\u00edcio ao cadastramento de ambulantes interessados em concorrer a um espa\u00e7o p\u00fablico durante a realiza\u00e7\u00e3o do evento, que ocorrer\u00e1 entre os dias 1\u00ba e 3 de mar\u00e7o, na Orla da Atalaia. Para este ano, est\u00e3o sendo ofertadas 176 vagas para segmentos que contemplam a venda de alimentos e bebidas. As inscri\u00e7\u00f5es devem ser realizadas na sede da Empresa Municipal de Servi\u00e7os Urbanos (Emsurb), no Parque da Sementeira, at\u00e9 a quarta-feira, dia 21.Para esta edi\u00e7\u00e3o, foram disponibilizados vagas para as atividades comerciais nas categorias de bebidas (100), diversos (20), drinks, capetas e bebidas (30), towner (12), ve\u00edculo food truck (8) e bares (6).<\/p>\n\n\n\n<p>O cadastro deve ser realizado na sede da Diretoria de Espa\u00e7os P\u00fablicos e Abastecimento (Direpa\/Emsurb), no Parque da Sementeira, no bairro Jardins, das 8h \u00e0s 12h e das 14h \u00e0s 17h. Na ocasi\u00e3o, os comerciantes devem apresentar os seguintes documentos pessoais: RG, CPF, comprovante de resid\u00eancia em nome do candidato, al\u00e9m do certificado atualizado do Curso de Manipula\u00e7\u00e3o de Alimentos, emitido por institui\u00e7\u00f5es oficiais. Nas categorias de Towner e Food-truck, o candidato dever\u00e1 estar munido tamb\u00e9m do documento do ve\u00edculo.<\/p>\n\n\n\n<p>O presidente da Emsurb, Bruno Moraes, destaca que esse edital \u00e9 mais uma oportunidade de mostrar a import\u00e2ncia dos ambulantes em eventos dessa magnitude. \u201cMais um grande evento que podemos proporcionar uma renda extra para os vendedores ambulantes. Estaremos em toda a log\u00edstica de cadastramento, sorteio, ordenamento e fiscaliza\u00e7\u00e3o no dia do evento\u201d, destaca o gestor.<\/p>\n\n\n\n<p><strong>Sorteio<\/strong><\/p>\n\n\n\n<p>O sorteio eletr\u00f4nico ser\u00e1 realizado no pr\u00f3ximo dia 22 de fevereiro, a partir das 14h, na Direpa. As informa\u00e7\u00f5es a respeito do cadastramento e sorteio para a comercializa\u00e7\u00e3o no Projeto Ver\u00e3o 2024 foram oficializadas por meio do edital de Chamada P\u00fablica n\u00ba 001\/2024, publicado no Di\u00e1rio Oficial do Munic\u00edpio de Aracaju. D\u00favidas referentes ao procedimento podem ser sanadas atrav\u00e9s do telefone 3021-9939.<\/p>\n\n\n\n<p>Aracaju Not\u00edcias<\/p>\n","protected":false},"excerpt":{"rendered":"<p>Na prepara\u00e7\u00e3o para o Projeto Ver\u00e3o 2024, a Prefeitura de Aracaju, em parceria com o Governo do Estado, dar\u00e1 in\u00edcio ao cadastramento de ambulantes interessados em concorrer a um espa\u00e7o p\u00fablico durante a realiza\u00e7\u00e3o do evento, que ocorrer\u00e1 entre os dias 1\u00ba e 3 de mar\u00e7o, na Orla da Atalaia. Para este ano, est\u00e3o sendo [&hellip;]<\/p>\n","protected":false},"author":1,"featured_media":8410,"comment_status":"closed","ping_status":"closed","sticky":false,"template":"","format":"standard","meta":{"footnotes":""},"categories":[53,43],"tags":[],"class_list":["post-8409","post","type-post","status-publish","format-standard","has-post-thumbnail","hentry","category-destaques","category-sergipe"],"yoast_head":"<!-- This site is optimized with the Yoast SEO plugin v27.4 - https:\/\/yoast.com\/product\/yoast-seo-wordpress\/ -->\n<title>Projeto Ver\u00e3o 2024: inscri\u00e7\u00f5es para com\u00e9rcio ambulante iniciam na segunda, 19 - O Coerente<\/title>\n<meta name=\"robots\" content=\"index, follow, max-snippet:-1, max-image-preview:large, max-video-preview:-1\" \/>\n<link rel=\"canonical\" href=\"https:\/\/ocoerente.com.br\/se\/2024\/02\/17\/projeto-verao-2024-inscricoes-para-comercio-ambulante-iniciam-na-segunda-19\/\" \/>\n<meta property=\"og:locale\" content=\"pt_BR\" \/>\n<meta property=\"og:type\" content=\"article\" \/>\n<meta property=\"og:title\" content=\"Projeto Ver\u00e3o 2024: inscri\u00e7\u00f5es para com\u00e9rcio ambulante iniciam na segunda, 19 - O Coerente\" \/>\n<meta property=\"og:description\" content=\"Na prepara\u00e7\u00e3o para o Projeto Ver\u00e3o 2024, a Prefeitura de Aracaju, em parceria com o Governo do Estado, dar\u00e1 in\u00edcio ao cadastramento de ambulantes interessados em concorrer a um espa\u00e7o p\u00fablico durante a realiza\u00e7\u00e3o do evento, que ocorrer\u00e1 entre os dias 1\u00ba e 3 de mar\u00e7o, na Orla da Atalaia. Para este ano, est\u00e3o sendo [&hellip;]\" \/>\n<meta property=\"og:url\" content=\"https:\/\/ocoerente.com.br\/se\/2024\/02\/17\/projeto-verao-2024-inscricoes-para-comercio-ambulante-iniciam-na-segunda-19\/\" \/>\n<meta property=\"og:site_name\" content=\"O Coerente\" \/>\n<meta property=\"article:published_time\" content=\"2024-02-17T13:29:20+00:00\" \/>\n<meta property=\"article:modified_time\" content=\"2024-02-17T13:29:21+00:00\" \/>\n<meta property=\"og:image\" content=\"https:\/\/ocoerente.com.br\/se\/wp-content\/uploads\/2024\/02\/ascom_emsurb.jpg\" \/>\n\t<meta property=\"og:image:width\" content=\"550\" \/>\n\t<meta property=\"og:image:height\" content=\"373\" \/>\n\t<meta property=\"og:image:type\" content=\"image\/jpeg\" \/>\n<meta name=\"author\" content=\"Reda\u00e7\u00e3o\" \/>\n<meta name=\"twitter:card\" content=\"summary_large_image\" \/>\n<meta name=\"twitter:label1\" content=\"Escrito por\" \/>\n\t<meta name=\"twitter:data1\" content=\"Reda\u00e7\u00e3o\" \/>\n\t<meta name=\"twitter:label2\" content=\"Est. tempo de leitura\" \/>\n\t<meta name=\"twitter:data2\" content=\"2 minutos\" \/>\n<script type=\"application\/ld+json\" class=\"yoast-schema-graph\">{\"@context\":\"https:\\\/\\\/schema.org\",\"@graph\":[{\"@type\":\"Article\",\"@id\":\"https:\\\/\\\/ocoerente.com.br\\\/se\\\/2024\\\/02\\\/17\\\/projeto-verao-2024-inscricoes-para-comercio-ambulante-iniciam-na-segunda-19\\\/#article\",\"isPartOf\":{\"@id\":\"https:\\\/\\\/ocoerente.com.br\\\/se\\\/2024\\\/02\\\/17\\\/projeto-verao-2024-inscricoes-para-comercio-ambulante-iniciam-na-segunda-19\\\/\"},\"author\":{\"name\":\"Reda\u00e7\u00e3o\",\"@id\":\"https:\\\/\\\/ocoerente.com.br\\\/se\\\/#\\\/schema\\\/person\\\/cc6bfd9fbca465e23543b0c963d8d037\"},\"headline\":\"Projeto Ver\u00e3o 2024: inscri\u00e7\u00f5es para com\u00e9rcio ambulante iniciam na segunda, 19\",\"datePublished\":\"2024-02-17T13:29:20+00:00\",\"dateModified\":\"2024-02-17T13:29:21+00:00\",\"mainEntityOfPage\":{\"@id\":\"https:\\\/\\\/ocoerente.com.br\\\/se\\\/2024\\\/02\\\/17\\\/projeto-verao-2024-inscricoes-para-comercio-ambulante-iniciam-na-segunda-19\\\/\"},\"wordCount\":356,\"publisher\":{\"@id\":\"https:\\\/\\\/ocoerente.com.br\\\/se\\\/#\\\/schema\\\/person\\\/cc6bfd9fbca465e23543b0c963d8d037\"},\"image\":{\"@id\":\"https:\\\/\\\/ocoerente.com.br\\\/se\\\/2024\\\/02\\\/17\\\/projeto-verao-2024-inscricoes-para-comercio-ambulante-iniciam-na-segunda-19\\\/#primaryimage\"},\"thumbnailUrl\":\"https:\\\/\\\/ocoerente.com.br\\\/se\\\/wp-content\\\/uploads\\\/2024\\\/02\\\/ascom_emsurb.jpg\",\"articleSection\":[\"Destaques\",\"Sergipe\"],\"inLanguage\":\"pt-BR\"},{\"@type\":\"WebPage\",\"@id\":\"https:\\\/\\\/ocoerente.com.br\\\/se\\\/2024\\\/02\\\/17\\\/projeto-verao-2024-inscricoes-para-comercio-ambulante-iniciam-na-segunda-19\\\/\",\"url\":\"https:\\\/\\\/ocoerente.com.br\\\/se\\\/2024\\\/02\\\/17\\\/projeto-verao-2024-inscricoes-para-comercio-ambulante-iniciam-na-segunda-19\\\/\",\"name\":\"Projeto Ver\u00e3o 2024: inscri\u00e7\u00f5es para com\u00e9rcio ambulante iniciam na segunda, 19 - O Coerente\",\"isPartOf\":{\"@id\":\"https:\\\/\\\/ocoerente.com.br\\\/se\\\/#website\"},\"primaryImageOfPage\":{\"@id\":\"https:\\\/\\\/ocoerente.com.br\\\/se\\\/2024\\\/02\\\/17\\\/projeto-verao-2024-inscricoes-para-comercio-ambulante-iniciam-na-segunda-19\\\/#primaryimage\"},\"image\":{\"@id\":\"https:\\\/\\\/ocoerente.com.br\\\/se\\\/2024\\\/02\\\/17\\\/projeto-verao-2024-inscricoes-para-comercio-ambulante-iniciam-na-segunda-19\\\/#primaryimage\"},\"thumbnailUrl\":\"https:\\\/\\\/ocoerente.com.br\\\/se\\\/wp-content\\\/uploads\\\/2024\\\/02\\\/ascom_emsurb.jpg\",\"datePublished\":\"2024-02-17T13:29:20+00:00\",\"dateModified\":\"2024-02-17T13:29:21+00:00\",\"breadcrumb\":{\"@id\":\"https:\\\/\\\/ocoerente.com.br\\\/se\\\/2024\\\/02\\\/17\\\/projeto-verao-2024-inscricoes-para-comercio-ambulante-iniciam-na-segunda-19\\\/#breadcrumb\"},\"inLanguage\":\"pt-BR\",\"potentialAction\":[{\"@type\":\"ReadAction\",\"target\":[\"https:\\\/\\\/ocoerente.com.br\\\/se\\\/2024\\\/02\\\/17\\\/projeto-verao-2024-inscricoes-para-comercio-ambulante-iniciam-na-segunda-19\\\/\"]}]},{\"@type\":\"ImageObject\",\"inLanguage\":\"pt-BR\",\"@id\":\"https:\\\/\\\/ocoerente.com.br\\\/se\\\/2024\\\/02\\\/17\\\/projeto-verao-2024-inscricoes-para-comercio-ambulante-iniciam-na-segunda-19\\\/#primaryimage\",\"url\":\"https:\\\/\\\/ocoerente.com.br\\\/se\\\/wp-content\\\/uploads\\\/2024\\\/02\\\/ascom_emsurb.jpg\",\"contentUrl\":\"https:\\\/\\\/ocoerente.com.br\\\/se\\\/wp-content\\\/uploads\\\/2024\\\/02\\\/ascom_emsurb.jpg\",\"width\":550,\"height\":373,\"caption\":\"Foto: Ascom | Emsurb\"},{\"@type\":\"BreadcrumbList\",\"@id\":\"https:\\\/\\\/ocoerente.com.br\\\/se\\\/2024\\\/02\\\/17\\\/projeto-verao-2024-inscricoes-para-comercio-ambulante-iniciam-na-segunda-19\\\/#breadcrumb\",\"itemListElement\":[{\"@type\":\"ListItem\",\"position\":1,\"name\":\"In\u00edcio\",\"item\":\"https:\\\/\\\/ocoerente.com.br\\\/se\\\/\"},{\"@type\":\"ListItem\",\"position\":2,\"name\":\"Projeto Ver\u00e3o 2024: inscri\u00e7\u00f5es para com\u00e9rcio ambulante iniciam na segunda, 19\"}]},{\"@type\":\"WebSite\",\"@id\":\"https:\\\/\\\/ocoerente.com.br\\\/se\\\/#website\",\"url\":\"https:\\\/\\\/ocoerente.com.br\\\/se\\\/\",\"name\":\"O Coerente\",\"description\":\"\",\"publisher\":{\"@id\":\"https:\\\/\\\/ocoerente.com.br\\\/se\\\/#\\\/schema\\\/person\\\/cc6bfd9fbca465e23543b0c963d8d037\"},\"potentialAction\":[{\"@type\":\"SearchAction\",\"target\":{\"@type\":\"EntryPoint\",\"urlTemplate\":\"https:\\\/\\\/ocoerente.com.br\\\/se\\\/?s={search_term_string}\"},\"query-input\":{\"@type\":\"PropertyValueSpecification\",\"valueRequired\":true,\"valueName\":\"search_term_string\"}}],\"inLanguage\":\"pt-BR\"},{\"@type\":[\"Person\",\"Organization\"],\"@id\":\"https:\\\/\\\/ocoerente.com.br\\\/se\\\/#\\\/schema\\\/person\\\/cc6bfd9fbca465e23543b0c963d8d037\",\"name\":\"Reda\u00e7\u00e3o\",\"image\":{\"@type\":\"ImageObject\",\"inLanguage\":\"pt-BR\",\"@id\":\"https:\\\/\\\/ocoerente.com.br\\\/se\\\/wp-content\\\/uploads\\\/2020\\\/01\\\/ocoerente-1.png\",\"url\":\"https:\\\/\\\/ocoerente.com.br\\\/se\\\/wp-content\\\/uploads\\\/2020\\\/01\\\/ocoerente-1.png\",\"contentUrl\":\"https:\\\/\\\/ocoerente.com.br\\\/se\\\/wp-content\\\/uploads\\\/2020\\\/01\\\/ocoerente-1.png\",\"width\":50,\"height\":50,\"caption\":\"Reda\u00e7\u00e3o\"},\"logo\":{\"@id\":\"https:\\\/\\\/ocoerente.com.br\\\/se\\\/wp-content\\\/uploads\\\/2020\\\/01\\\/ocoerente-1.png\"},\"url\":\"https:\\\/\\\/ocoerente.com.br\\\/se\\\/author\\\/vasticlsales\\\/\"}]}<\/script>\n<!-- \/ Yoast SEO plugin. -->","yoast_head_json":{"title":"Projeto Ver\u00e3o 2024: inscri\u00e7\u00f5es para com\u00e9rcio ambulante iniciam na segunda, 19 - O Coerente","robots":{"index":"index","follow":"follow","max-snippet":"max-snippet:-1","max-image-preview":"max-image-preview:large","max-video-preview":"max-video-preview:-1"},"canonical":"https:\/\/ocoerente.com.br\/se\/2024\/02\/17\/projeto-verao-2024-inscricoes-para-comercio-ambulante-iniciam-na-segunda-19\/","og_locale":"pt_BR","og_type":"article","og_title":"Projeto Ver\u00e3o 2024: inscri\u00e7\u00f5es para com\u00e9rcio ambulante iniciam na segunda, 19 - O Coerente","og_description":"Na prepara\u00e7\u00e3o para o Projeto Ver\u00e3o 2024, a Prefeitura de Aracaju, em parceria com o Governo do Estado, dar\u00e1 in\u00edcio ao cadastramento de ambulantes interessados em concorrer a um espa\u00e7o p\u00fablico durante a realiza\u00e7\u00e3o do evento, que ocorrer\u00e1 entre os dias 1\u00ba e 3 de mar\u00e7o, na Orla da Atalaia. Para este ano, est\u00e3o sendo [&hellip;]","og_url":"https:\/\/ocoerente.com.br\/se\/2024\/02\/17\/projeto-verao-2024-inscricoes-para-comercio-ambulante-iniciam-na-segunda-19\/","og_site_name":"O Coerente","article_published_time":"2024-02-17T13:29:20+00:00","article_modified_time":"2024-02-17T13:29:21+00:00","og_image":[{"width":550,"height":373,"url":"https:\/\/ocoerente.com.br\/se\/wp-content\/uploads\/2024\/02\/ascom_emsurb.jpg","type":"image\/jpeg"}],"author":"Reda\u00e7\u00e3o","twitter_card":"summary_large_image","twitter_misc":{"Escrito por":"Reda\u00e7\u00e3o","Est. tempo de leitura":"2 minutos"},"schema":{"@context":"https:\/\/schema.org","@graph":[{"@type":"Article","@id":"https:\/\/ocoerente.com.br\/se\/2024\/02\/17\/projeto-verao-2024-inscricoes-para-comercio-ambulante-iniciam-na-segunda-19\/#article","isPartOf":{"@id":"https:\/\/ocoerente.com.br\/se\/2024\/02\/17\/projeto-verao-2024-inscricoes-para-comercio-ambulante-iniciam-na-segunda-19\/"},"author":{"name":"Reda\u00e7\u00e3o","@id":"https:\/\/ocoerente.com.br\/se\/#\/schema\/person\/cc6bfd9fbca465e23543b0c963d8d037"},"headline":"Projeto Ver\u00e3o 2024: inscri\u00e7\u00f5es para com\u00e9rcio ambulante iniciam na segunda, 19","datePublished":"2024-02-17T13:29:20+00:00","dateModified":"2024-02-17T13:29:21+00:00","mainEntityOfPage":{"@id":"https:\/\/ocoerente.com.br\/se\/2024\/02\/17\/projeto-verao-2024-inscricoes-para-comercio-ambulante-iniciam-na-segunda-19\/"},"wordCount":356,"publisher":{"@id":"https:\/\/ocoerente.com.br\/se\/#\/schema\/person\/cc6bfd9fbca465e23543b0c963d8d037"},"image":{"@id":"https:\/\/ocoerente.com.br\/se\/2024\/02\/17\/projeto-verao-2024-inscricoes-para-comercio-ambulante-iniciam-na-segunda-19\/#primaryimage"},"thumbnailUrl":"https:\/\/ocoerente.com.br\/se\/wp-content\/uploads\/2024\/02\/ascom_emsurb.jpg","articleSection":["Destaques","Sergipe"],"inLanguage":"pt-BR"},{"@type":"WebPage","@id":"https:\/\/ocoerente.com.br\/se\/2024\/02\/17\/projeto-verao-2024-inscricoes-para-comercio-ambulante-iniciam-na-segunda-19\/","url":"https:\/\/ocoerente.com.br\/se\/2024\/02\/17\/projeto-verao-2024-inscricoes-para-comercio-ambulante-iniciam-na-segunda-19\/","name":"Projeto Ver\u00e3o 2024: inscri\u00e7\u00f5es para com\u00e9rcio ambulante iniciam na segunda, 19 - O Coerente","isPartOf":{"@id":"https:\/\/ocoerente.com.br\/se\/#website"},"primaryImageOfPage":{"@id":"https:\/\/ocoerente.com.br\/se\/2024\/02\/17\/projeto-verao-2024-inscricoes-para-comercio-ambulante-iniciam-na-segunda-19\/#primaryimage"},"image":{"@id":"https:\/\/ocoerente.com.br\/se\/2024\/02\/17\/projeto-verao-2024-inscricoes-para-comercio-ambulante-iniciam-na-segunda-19\/#primaryimage"},"thumbnailUrl":"https:\/\/ocoerente.com.br\/se\/wp-content\/uploads\/2024\/02\/ascom_emsurb.jpg","datePublished":"2024-02-17T13:29:20+00:00","dateModified":"2024-02-17T13:29:21+00:00","breadcrumb":{"@id":"https:\/\/ocoerente.com.br\/se\/2024\/02\/17\/projeto-verao-2024-inscricoes-para-comercio-ambulante-iniciam-na-segunda-19\/#breadcrumb"},"inLanguage":"pt-BR","potentialAction":[{"@type":"ReadAction","target":["https:\/\/ocoerente.com.br\/se\/2024\/02\/17\/projeto-verao-2024-inscricoes-para-comercio-ambulante-iniciam-na-segunda-19\/"]}]},{"@type":"ImageObject","inLanguage":"pt-BR","@id":"https:\/\/ocoerente.com.br\/se\/2024\/02\/17\/projeto-verao-2024-inscricoes-para-comercio-ambulante-iniciam-na-segunda-19\/#primaryimage","url":"https:\/\/ocoerente.com.br\/se\/wp-content\/uploads\/2024\/02\/ascom_emsurb.jpg","contentUrl":"https:\/\/ocoerente.com.br\/se\/wp-content\/uploads\/2024\/02\/ascom_emsurb.jpg","width":550,"height":373,"caption":"Foto: Ascom | Emsurb"},{"@type":"BreadcrumbList","@id":"https:\/\/ocoerente.com.br\/se\/2024\/02\/17\/projeto-verao-2024-inscricoes-para-comercio-ambulante-iniciam-na-segunda-19\/#breadcrumb","itemListElement":[{"@type":"ListItem","position":1,"name":"In\u00edcio","item":"https:\/\/ocoerente.com.br\/se\/"},{"@type":"ListItem","position":2,"name":"Projeto Ver\u00e3o 2024: inscri\u00e7\u00f5es para com\u00e9rcio ambulante iniciam na segunda, 19"}]},{"@type":"WebSite","@id":"https:\/\/ocoerente.com.br\/se\/#website","url":"https:\/\/ocoerente.com.br\/se\/","name":"O Coerente","description":"","publisher":{"@id":"https:\/\/ocoerente.com.br\/se\/#\/schema\/person\/cc6bfd9fbca465e23543b0c963d8d037"},"potentialAction":[{"@type":"SearchAction","target":{"@type":"EntryPoint","urlTemplate":"https:\/\/ocoerente.com.br\/se\/?s={search_term_string}"},"query-input":{"@type":"PropertyValueSpecification","valueRequired":true,"valueName":"search_term_string"}}],"inLanguage":"pt-BR"},{"@type":["Person","Organization"],"@id":"https:\/\/ocoerente.com.br\/se\/#\/schema\/person\/cc6bfd9fbca465e23543b0c963d8d037","name":"Reda\u00e7\u00e3o","image":{"@type":"ImageObject","inLanguage":"pt-BR","@id":"https:\/\/ocoerente.com.br\/se\/wp-content\/uploads\/2020\/01\/ocoerente-1.png","url":"https:\/\/ocoerente.com.br\/se\/wp-content\/uploads\/2020\/01\/ocoerente-1.png","contentUrl":"https:\/\/ocoerente.com.br\/se\/wp-content\/uploads\/2020\/01\/ocoerente-1.png","width":50,"height":50,"caption":"Reda\u00e7\u00e3o"},"logo":{"@id":"https:\/\/ocoerente.com.br\/se\/wp-content\/uploads\/2020\/01\/ocoerente-1.png"},"url":"https:\/\/ocoerente.com.br\/se\/author\/vasticlsales\/"}]}},"_links":{"self":[{"href":"https:\/\/ocoerente.com.br\/se\/wp-json\/wp\/v2\/posts\/8409","targetHints":{"allow":["GET"]}}],"collection":[{"href":"https:\/\/ocoerente.com.br\/se\/wp-json\/wp\/v2\/posts"}],"about":[{"href":"https:\/\/ocoerente.com.br\/se\/wp-json\/wp\/v2\/types\/post"}],"author":[{"embeddable":true,"href":"https:\/\/ocoerente.com.br\/se\/wp-json\/wp\/v2\/users\/1"}],"replies":[{"embeddable":true,"href":"https:\/\/ocoerente.com.br\/se\/wp-json\/wp\/v2\/comments?post=8409"}],"version-history":[{"count":1,"href":"https:\/\/ocoerente.com.br\/se\/wp-json\/wp\/v2\/posts\/8409\/revisions"}],"predecessor-version":[{"id":8411,"href":"https:\/\/ocoerente.com.br\/se\/wp-json\/wp\/v2\/posts\/8409\/revisions\/8411"}],"wp:featuredmedia":[{"embeddable":true,"href":"https:\/\/ocoerente.com.br\/se\/wp-json\/wp\/v2\/media\/8410"}],"wp:attachment":[{"href":"https:\/\/ocoerente.com.br\/se\/wp-json\/wp\/v2\/media?parent=8409"}],"wp:term":[{"taxonomy":"category","embeddable":true,"href":"https:\/\/ocoerente.com.br\/se\/wp-json\/wp\/v2\/categories?post=8409"},{"taxonomy":"post_tag","embeddable":true,"href":"https:\/\/ocoerente.com.br\/se\/wp-json\/wp\/v2\/tags?post=8409"}],"curies":[{"name":"wp","href":"https:\/\/api.w.org\/{rel}","templated":true}]}}