{"id":8403,"date":"2024-02-17T10:26:18","date_gmt":"2024-02-17T13:26:18","guid":{"rendered":"https:\/\/ocoerente.com.br\/se\/?p=8403"},"modified":"2024-02-17T10:26:19","modified_gmt":"2024-02-17T13:26:19","slug":"desemprego-em-sergipe-cai-de-131-para-114-entre-2022-e-2023","status":"publish","type":"post","link":"https:\/\/ocoerente.com.br\/se\/2024\/02\/17\/desemprego-em-sergipe-cai-de-131-para-114-entre-2022-e-2023\/","title":{"rendered":"Desemprego em Sergipe cai de 13,1% para 11,4% entre 2022 e 2023"},"content":{"rendered":"\n<p><em>Sergipe registrou menor taxa de desemprego desde 2015; resultado divulgado nesta sexta-feira, 16, foi publicado na Pnad Cont\u00ednua do IBGE e analisado pelo Observat\u00f3rio de Sergipe<\/em><\/p>\n\n\n\n<p>De 2022 para 2023, o \u00edndice de desemprego em Sergipe caiu de 13,1% para 11,4%. A queda de 1,7% ponto percentual foi registrada pela Pesquisa Nacional por Amostra de Domic\u00edlios Cont\u00ednua Trimestral (Pnad Cont\u00ednua Trimestral), divulgada nesta sexta-feira, 16, pelo Instituto Brasileiro de Geografia e Estat\u00edstica (IBGE) e analisada pelo Observat\u00f3rio de Sergipe. O resultado evidencia o trabalho do Governo do Estado em prol da gera\u00e7\u00e3o de emprego e renda para os sergipanos.<\/p>\n\n\n\n<p>Considerando o quarto trimestre de 2023, quando a taxa oscilou para 11,2%, o estado reduziu em 0,7 ponto percentual a taxa de desemprego em rela\u00e7\u00e3o ao mesmo per\u00edodo do ano anterior. Em 2022, no recorte temporal, o n\u00famero era de 11,9%. Os dados da Pnad Cont\u00ednua refletem o bom andamento das pol\u00edticas p\u00fablicas de forma\u00e7\u00e3o e qualifica\u00e7\u00e3o da for\u00e7a de trabalho no estado.<\/p>\n\n\n\n<p>\u201cA queda de 1,7 ponto percentual do desemprego em 2023 consolida uma tend\u00eancia de recupera\u00e7\u00e3o econ\u00f4mica em Sergipe. O desemprego ainda \u00e9 um grande desafio, mas tivemos a menor taxa desde o ano de 2015\u201d, sublinha o coordenador do Observat\u00f3rio de Sergipe, Ciro Brasil.<\/p>\n\n\n\n<p>O Observat\u00f3rio de Sergipe \u00e9 vinculado \u00e0 Secretaria Especial de Planejamento, Or\u00e7amento e Inova\u00e7\u00e3o (Seplan). O titular da pasta, Julio Filgueira, ressalta o aspecto positivo dos \u00edndices. \u201cA queda do desemprego em Sergipe, ilustrada nesta pesquisa da Pnad Cont\u00ednua e avaliada pelo Observat\u00f3rio de Sergipe, \u00e9 reflexo da atua\u00e7\u00e3o do Governo do Estado em 2023 no \u00e2mbito da gera\u00e7\u00e3o de empregos, e se soma aos outros estudos positivos que tamb\u00e9m tivemos. Em 2023, foram mais de 13 mil novos postos de trabalho criados, al\u00e9m do crescimento dos setores de Servi\u00e7os e do Com\u00e9rcio\u201d, destaca.<\/p>\n\n\n\n<p>No fim de janeiro, dados do Radar do Emprego &#8211; boletim divulgado mensalmente pelo Observat\u00f3rio de Sergipe &#8211; apontaram um crescimento de 13,7% no saldo de postos de trabalho formais no ano de 2023. Em 2023, foram 13.380 novos empregos gerados, 1.620 a mais que no ano de 2022, quando foram registrados 11.760. Em 2023, o estado de Sergipe ainda subiu dez posi\u00e7\u00f5es no ranking do estoque de emprego, passando a ocupar a 13\u00aa coloca\u00e7\u00e3o nacional.<\/p>\n\n\n\n<p><strong>Atividades<\/strong><\/p>\n\n\n\n<p>Em se tratando das atividades econ\u00f4micas com maior aumento no n\u00famero de ocupados em rela\u00e7\u00e3o ao trimestre anterior, o setor de Transporte, armazenagem e correio foi o que mais se destacou. O crescimento foi de tr\u00eas mil. O segmento de Constru\u00e7\u00e3o tamb\u00e9m obteve bons n\u00fameros, com tr\u00eas mil ocupados a mais. O grupo Administra\u00e7\u00e3o P\u00fablica, defesa, seguridade social, educa\u00e7\u00e3o, sa\u00fade humana e servi\u00e7os sociais n\u00e3o registrou varia\u00e7\u00e3o.<\/p>\n\n\n\n<p>A Secretaria de Estado do Trabalho, Emprego e Empreendedorismo (Seteem) vem sendo um dos principais pilares na abertura de oportunidades para a popula\u00e7\u00e3o sergipana. Nesse sentido, o secret\u00e1rio da pasta, Jorge Teles, enfatiza as a\u00e7\u00f5es estrat\u00e9gicas do Governo de Sergipe.&nbsp;<\/p>\n\n\n\n<p>\u201cEstamos em uma crescente constante de gera\u00e7\u00e3o de emprego e renda por todo o trabalho que o governo vem fazendo. Temos o desenvolvimento do turismo, da ind\u00fastria, do com\u00e9rcio e de toda a cadeia produtiva que gera oportunidades para os sergipanos. Estamos entre os 16 estados que mais geram empregos. Ent\u00e3o, esse \u00e9 um dado significativo, j\u00e1 que alcan\u00e7amos um estoque hist\u00f3rico de empregos em Sergipe. Isso \u00e9 resultado de um trabalho consistente do Governo do Estado e do governador F\u00e1bio Mitidieri, com um esfor\u00e7o di\u00e1rio para criar um ambiente de neg\u00f3cios prop\u00edcio para a gera\u00e7\u00e3o de emprego e renda\u201d, avalia Jorge Teles.<\/p>\n\n\n\n<p>Governo de Sergipe<\/p>\n","protected":false},"excerpt":{"rendered":"<p>Sergipe registrou menor taxa de desemprego desde 2015; resultado divulgado nesta sexta-feira, 16, foi publicado na Pnad Cont\u00ednua do IBGE e analisado pelo Observat\u00f3rio de Sergipe De 2022 para 2023, o \u00edndice de desemprego em Sergipe caiu de 13,1% para 11,4%. A queda de 1,7% ponto percentual foi registrada pela Pesquisa Nacional por Amostra de [&hellip;]<\/p>\n","protected":false},"author":1,"featured_media":8404,"comment_status":"closed","ping_status":"closed","sticky":false,"template":"","format":"standard","meta":{"footnotes":""},"categories":[53,55],"tags":[],"class_list":["post-8403","post","type-post","status-publish","format-standard","has-post-thumbnail","hentry","category-destaques","category-economia"],"yoast_head":"<!-- This site is optimized with the Yoast SEO plugin v27.4 - https:\/\/yoast.com\/product\/yoast-seo-wordpress\/ -->\n<title>Desemprego em Sergipe cai de 13,1% para 11,4% entre 2022 e 2023 - O Coerente<\/title>\n<meta name=\"robots\" content=\"index, follow, max-snippet:-1, max-image-preview:large, max-video-preview:-1\" \/>\n<link rel=\"canonical\" href=\"https:\/\/ocoerente.com.br\/se\/2024\/02\/17\/desemprego-em-sergipe-cai-de-131-para-114-entre-2022-e-2023\/\" \/>\n<meta property=\"og:locale\" content=\"pt_BR\" \/>\n<meta property=\"og:type\" content=\"article\" \/>\n<meta property=\"og:title\" content=\"Desemprego em Sergipe cai de 13,1% para 11,4% entre 2022 e 2023 - O Coerente\" \/>\n<meta property=\"og:description\" content=\"Sergipe registrou menor taxa de desemprego desde 2015; resultado divulgado nesta sexta-feira, 16, foi publicado na Pnad Cont\u00ednua do IBGE e analisado pelo Observat\u00f3rio de Sergipe De 2022 para 2023, o \u00edndice de desemprego em Sergipe caiu de 13,1% para 11,4%. A queda de 1,7% ponto percentual foi registrada pela Pesquisa Nacional por Amostra de [&hellip;]\" \/>\n<meta property=\"og:url\" content=\"https:\/\/ocoerente.com.br\/se\/2024\/02\/17\/desemprego-em-sergipe-cai-de-131-para-114-entre-2022-e-2023\/\" \/>\n<meta property=\"og:site_name\" content=\"O Coerente\" \/>\n<meta property=\"article:published_time\" content=\"2024-02-17T13:26:18+00:00\" \/>\n<meta property=\"article:modified_time\" content=\"2024-02-17T13:26:19+00:00\" \/>\n<meta property=\"og:image\" content=\"https:\/\/ocoerente.com.br\/se\/wp-content\/uploads\/2024\/02\/desempregoo.jpg\" \/>\n\t<meta property=\"og:image:width\" content=\"1100\" \/>\n\t<meta property=\"og:image:height\" content=\"610\" \/>\n\t<meta property=\"og:image:type\" content=\"image\/jpeg\" \/>\n<meta name=\"author\" content=\"Reda\u00e7\u00e3o\" \/>\n<meta name=\"twitter:card\" content=\"summary_large_image\" \/>\n<meta name=\"twitter:label1\" content=\"Escrito por\" \/>\n\t<meta name=\"twitter:data1\" content=\"Reda\u00e7\u00e3o\" \/>\n\t<meta name=\"twitter:label2\" content=\"Est. tempo de leitura\" \/>\n\t<meta name=\"twitter:data2\" content=\"3 minutos\" \/>\n<script type=\"application\/ld+json\" class=\"yoast-schema-graph\">{\"@context\":\"https:\\\/\\\/schema.org\",\"@graph\":[{\"@type\":\"Article\",\"@id\":\"https:\\\/\\\/ocoerente.com.br\\\/se\\\/2024\\\/02\\\/17\\\/desemprego-em-sergipe-cai-de-131-para-114-entre-2022-e-2023\\\/#article\",\"isPartOf\":{\"@id\":\"https:\\\/\\\/ocoerente.com.br\\\/se\\\/2024\\\/02\\\/17\\\/desemprego-em-sergipe-cai-de-131-para-114-entre-2022-e-2023\\\/\"},\"author\":{\"name\":\"Reda\u00e7\u00e3o\",\"@id\":\"https:\\\/\\\/ocoerente.com.br\\\/se\\\/#\\\/schema\\\/person\\\/cc6bfd9fbca465e23543b0c963d8d037\"},\"headline\":\"Desemprego em Sergipe cai de 13,1% para 11,4% entre 2022 e 2023\",\"datePublished\":\"2024-02-17T13:26:18+00:00\",\"dateModified\":\"2024-02-17T13:26:19+00:00\",\"mainEntityOfPage\":{\"@id\":\"https:\\\/\\\/ocoerente.com.br\\\/se\\\/2024\\\/02\\\/17\\\/desemprego-em-sergipe-cai-de-131-para-114-entre-2022-e-2023\\\/\"},\"wordCount\":630,\"publisher\":{\"@id\":\"https:\\\/\\\/ocoerente.com.br\\\/se\\\/#\\\/schema\\\/person\\\/cc6bfd9fbca465e23543b0c963d8d037\"},\"image\":{\"@id\":\"https:\\\/\\\/ocoerente.com.br\\\/se\\\/2024\\\/02\\\/17\\\/desemprego-em-sergipe-cai-de-131-para-114-entre-2022-e-2023\\\/#primaryimage\"},\"thumbnailUrl\":\"https:\\\/\\\/ocoerente.com.br\\\/se\\\/wp-content\\\/uploads\\\/2024\\\/02\\\/desempregoo.jpg\",\"articleSection\":[\"Destaques\",\"Economia\"],\"inLanguage\":\"pt-BR\"},{\"@type\":\"WebPage\",\"@id\":\"https:\\\/\\\/ocoerente.com.br\\\/se\\\/2024\\\/02\\\/17\\\/desemprego-em-sergipe-cai-de-131-para-114-entre-2022-e-2023\\\/\",\"url\":\"https:\\\/\\\/ocoerente.com.br\\\/se\\\/2024\\\/02\\\/17\\\/desemprego-em-sergipe-cai-de-131-para-114-entre-2022-e-2023\\\/\",\"name\":\"Desemprego em Sergipe cai de 13,1% para 11,4% entre 2022 e 2023 - O Coerente\",\"isPartOf\":{\"@id\":\"https:\\\/\\\/ocoerente.com.br\\\/se\\\/#website\"},\"primaryImageOfPage\":{\"@id\":\"https:\\\/\\\/ocoerente.com.br\\\/se\\\/2024\\\/02\\\/17\\\/desemprego-em-sergipe-cai-de-131-para-114-entre-2022-e-2023\\\/#primaryimage\"},\"image\":{\"@id\":\"https:\\\/\\\/ocoerente.com.br\\\/se\\\/2024\\\/02\\\/17\\\/desemprego-em-sergipe-cai-de-131-para-114-entre-2022-e-2023\\\/#primaryimage\"},\"thumbnailUrl\":\"https:\\\/\\\/ocoerente.com.br\\\/se\\\/wp-content\\\/uploads\\\/2024\\\/02\\\/desempregoo.jpg\",\"datePublished\":\"2024-02-17T13:26:18+00:00\",\"dateModified\":\"2024-02-17T13:26:19+00:00\",\"breadcrumb\":{\"@id\":\"https:\\\/\\\/ocoerente.com.br\\\/se\\\/2024\\\/02\\\/17\\\/desemprego-em-sergipe-cai-de-131-para-114-entre-2022-e-2023\\\/#breadcrumb\"},\"inLanguage\":\"pt-BR\",\"potentialAction\":[{\"@type\":\"ReadAction\",\"target\":[\"https:\\\/\\\/ocoerente.com.br\\\/se\\\/2024\\\/02\\\/17\\\/desemprego-em-sergipe-cai-de-131-para-114-entre-2022-e-2023\\\/\"]}]},{\"@type\":\"ImageObject\",\"inLanguage\":\"pt-BR\",\"@id\":\"https:\\\/\\\/ocoerente.com.br\\\/se\\\/2024\\\/02\\\/17\\\/desemprego-em-sergipe-cai-de-131-para-114-entre-2022-e-2023\\\/#primaryimage\",\"url\":\"https:\\\/\\\/ocoerente.com.br\\\/se\\\/wp-content\\\/uploads\\\/2024\\\/02\\\/desempregoo.jpg\",\"contentUrl\":\"https:\\\/\\\/ocoerente.com.br\\\/se\\\/wp-content\\\/uploads\\\/2024\\\/02\\\/desempregoo.jpg\",\"width\":1100,\"height\":610,\"caption\":\"Setor de armazenagem foi um dos que obteve o maior destaque no quarto trimestre de 2023 \\\/ Foto: Arthuro Paganini\"},{\"@type\":\"BreadcrumbList\",\"@id\":\"https:\\\/\\\/ocoerente.com.br\\\/se\\\/2024\\\/02\\\/17\\\/desemprego-em-sergipe-cai-de-131-para-114-entre-2022-e-2023\\\/#breadcrumb\",\"itemListElement\":[{\"@type\":\"ListItem\",\"position\":1,\"name\":\"In\u00edcio\",\"item\":\"https:\\\/\\\/ocoerente.com.br\\\/se\\\/\"},{\"@type\":\"ListItem\",\"position\":2,\"name\":\"Desemprego em Sergipe cai de 13,1% para 11,4% entre 2022 e 2023\"}]},{\"@type\":\"WebSite\",\"@id\":\"https:\\\/\\\/ocoerente.com.br\\\/se\\\/#website\",\"url\":\"https:\\\/\\\/ocoerente.com.br\\\/se\\\/\",\"name\":\"O Coerente\",\"description\":\"\",\"publisher\":{\"@id\":\"https:\\\/\\\/ocoerente.com.br\\\/se\\\/#\\\/schema\\\/person\\\/cc6bfd9fbca465e23543b0c963d8d037\"},\"potentialAction\":[{\"@type\":\"SearchAction\",\"target\":{\"@type\":\"EntryPoint\",\"urlTemplate\":\"https:\\\/\\\/ocoerente.com.br\\\/se\\\/?s={search_term_string}\"},\"query-input\":{\"@type\":\"PropertyValueSpecification\",\"valueRequired\":true,\"valueName\":\"search_term_string\"}}],\"inLanguage\":\"pt-BR\"},{\"@type\":[\"Person\",\"Organization\"],\"@id\":\"https:\\\/\\\/ocoerente.com.br\\\/se\\\/#\\\/schema\\\/person\\\/cc6bfd9fbca465e23543b0c963d8d037\",\"name\":\"Reda\u00e7\u00e3o\",\"image\":{\"@type\":\"ImageObject\",\"inLanguage\":\"pt-BR\",\"@id\":\"https:\\\/\\\/ocoerente.com.br\\\/se\\\/wp-content\\\/uploads\\\/2020\\\/01\\\/ocoerente-1.png\",\"url\":\"https:\\\/\\\/ocoerente.com.br\\\/se\\\/wp-content\\\/uploads\\\/2020\\\/01\\\/ocoerente-1.png\",\"contentUrl\":\"https:\\\/\\\/ocoerente.com.br\\\/se\\\/wp-content\\\/uploads\\\/2020\\\/01\\\/ocoerente-1.png\",\"width\":50,\"height\":50,\"caption\":\"Reda\u00e7\u00e3o\"},\"logo\":{\"@id\":\"https:\\\/\\\/ocoerente.com.br\\\/se\\\/wp-content\\\/uploads\\\/2020\\\/01\\\/ocoerente-1.png\"},\"url\":\"https:\\\/\\\/ocoerente.com.br\\\/se\\\/author\\\/vasticlsales\\\/\"}]}<\/script>\n<!-- \/ Yoast SEO plugin. -->","yoast_head_json":{"title":"Desemprego em Sergipe cai de 13,1% para 11,4% entre 2022 e 2023 - O Coerente","robots":{"index":"index","follow":"follow","max-snippet":"max-snippet:-1","max-image-preview":"max-image-preview:large","max-video-preview":"max-video-preview:-1"},"canonical":"https:\/\/ocoerente.com.br\/se\/2024\/02\/17\/desemprego-em-sergipe-cai-de-131-para-114-entre-2022-e-2023\/","og_locale":"pt_BR","og_type":"article","og_title":"Desemprego em Sergipe cai de 13,1% para 11,4% entre 2022 e 2023 - O Coerente","og_description":"Sergipe registrou menor taxa de desemprego desde 2015; resultado divulgado nesta sexta-feira, 16, foi publicado na Pnad Cont\u00ednua do IBGE e analisado pelo Observat\u00f3rio de Sergipe De 2022 para 2023, o \u00edndice de desemprego em Sergipe caiu de 13,1% para 11,4%. A queda de 1,7% ponto percentual foi registrada pela Pesquisa Nacional por Amostra de [&hellip;]","og_url":"https:\/\/ocoerente.com.br\/se\/2024\/02\/17\/desemprego-em-sergipe-cai-de-131-para-114-entre-2022-e-2023\/","og_site_name":"O Coerente","article_published_time":"2024-02-17T13:26:18+00:00","article_modified_time":"2024-02-17T13:26:19+00:00","og_image":[{"width":1100,"height":610,"url":"https:\/\/ocoerente.com.br\/se\/wp-content\/uploads\/2024\/02\/desempregoo.jpg","type":"image\/jpeg"}],"author":"Reda\u00e7\u00e3o","twitter_card":"summary_large_image","twitter_misc":{"Escrito por":"Reda\u00e7\u00e3o","Est. tempo de leitura":"3 minutos"},"schema":{"@context":"https:\/\/schema.org","@graph":[{"@type":"Article","@id":"https:\/\/ocoerente.com.br\/se\/2024\/02\/17\/desemprego-em-sergipe-cai-de-131-para-114-entre-2022-e-2023\/#article","isPartOf":{"@id":"https:\/\/ocoerente.com.br\/se\/2024\/02\/17\/desemprego-em-sergipe-cai-de-131-para-114-entre-2022-e-2023\/"},"author":{"name":"Reda\u00e7\u00e3o","@id":"https:\/\/ocoerente.com.br\/se\/#\/schema\/person\/cc6bfd9fbca465e23543b0c963d8d037"},"headline":"Desemprego em Sergipe cai de 13,1% para 11,4% entre 2022 e 2023","datePublished":"2024-02-17T13:26:18+00:00","dateModified":"2024-02-17T13:26:19+00:00","mainEntityOfPage":{"@id":"https:\/\/ocoerente.com.br\/se\/2024\/02\/17\/desemprego-em-sergipe-cai-de-131-para-114-entre-2022-e-2023\/"},"wordCount":630,"publisher":{"@id":"https:\/\/ocoerente.com.br\/se\/#\/schema\/person\/cc6bfd9fbca465e23543b0c963d8d037"},"image":{"@id":"https:\/\/ocoerente.com.br\/se\/2024\/02\/17\/desemprego-em-sergipe-cai-de-131-para-114-entre-2022-e-2023\/#primaryimage"},"thumbnailUrl":"https:\/\/ocoerente.com.br\/se\/wp-content\/uploads\/2024\/02\/desempregoo.jpg","articleSection":["Destaques","Economia"],"inLanguage":"pt-BR"},{"@type":"WebPage","@id":"https:\/\/ocoerente.com.br\/se\/2024\/02\/17\/desemprego-em-sergipe-cai-de-131-para-114-entre-2022-e-2023\/","url":"https:\/\/ocoerente.com.br\/se\/2024\/02\/17\/desemprego-em-sergipe-cai-de-131-para-114-entre-2022-e-2023\/","name":"Desemprego em Sergipe cai de 13,1% para 11,4% entre 2022 e 2023 - O Coerente","isPartOf":{"@id":"https:\/\/ocoerente.com.br\/se\/#website"},"primaryImageOfPage":{"@id":"https:\/\/ocoerente.com.br\/se\/2024\/02\/17\/desemprego-em-sergipe-cai-de-131-para-114-entre-2022-e-2023\/#primaryimage"},"image":{"@id":"https:\/\/ocoerente.com.br\/se\/2024\/02\/17\/desemprego-em-sergipe-cai-de-131-para-114-entre-2022-e-2023\/#primaryimage"},"thumbnailUrl":"https:\/\/ocoerente.com.br\/se\/wp-content\/uploads\/2024\/02\/desempregoo.jpg","datePublished":"2024-02-17T13:26:18+00:00","dateModified":"2024-02-17T13:26:19+00:00","breadcrumb":{"@id":"https:\/\/ocoerente.com.br\/se\/2024\/02\/17\/desemprego-em-sergipe-cai-de-131-para-114-entre-2022-e-2023\/#breadcrumb"},"inLanguage":"pt-BR","potentialAction":[{"@type":"ReadAction","target":["https:\/\/ocoerente.com.br\/se\/2024\/02\/17\/desemprego-em-sergipe-cai-de-131-para-114-entre-2022-e-2023\/"]}]},{"@type":"ImageObject","inLanguage":"pt-BR","@id":"https:\/\/ocoerente.com.br\/se\/2024\/02\/17\/desemprego-em-sergipe-cai-de-131-para-114-entre-2022-e-2023\/#primaryimage","url":"https:\/\/ocoerente.com.br\/se\/wp-content\/uploads\/2024\/02\/desempregoo.jpg","contentUrl":"https:\/\/ocoerente.com.br\/se\/wp-content\/uploads\/2024\/02\/desempregoo.jpg","width":1100,"height":610,"caption":"Setor de armazenagem foi um dos que obteve o maior destaque no quarto trimestre de 2023 \/ Foto: Arthuro Paganini"},{"@type":"BreadcrumbList","@id":"https:\/\/ocoerente.com.br\/se\/2024\/02\/17\/desemprego-em-sergipe-cai-de-131-para-114-entre-2022-e-2023\/#breadcrumb","itemListElement":[{"@type":"ListItem","position":1,"name":"In\u00edcio","item":"https:\/\/ocoerente.com.br\/se\/"},{"@type":"ListItem","position":2,"name":"Desemprego em Sergipe cai de 13,1% para 11,4% entre 2022 e 2023"}]},{"@type":"WebSite","@id":"https:\/\/ocoerente.com.br\/se\/#website","url":"https:\/\/ocoerente.com.br\/se\/","name":"O Coerente","description":"","publisher":{"@id":"https:\/\/ocoerente.com.br\/se\/#\/schema\/person\/cc6bfd9fbca465e23543b0c963d8d037"},"potentialAction":[{"@type":"SearchAction","target":{"@type":"EntryPoint","urlTemplate":"https:\/\/ocoerente.com.br\/se\/?s={search_term_string}"},"query-input":{"@type":"PropertyValueSpecification","valueRequired":true,"valueName":"search_term_string"}}],"inLanguage":"pt-BR"},{"@type":["Person","Organization"],"@id":"https:\/\/ocoerente.com.br\/se\/#\/schema\/person\/cc6bfd9fbca465e23543b0c963d8d037","name":"Reda\u00e7\u00e3o","image":{"@type":"ImageObject","inLanguage":"pt-BR","@id":"https:\/\/ocoerente.com.br\/se\/wp-content\/uploads\/2020\/01\/ocoerente-1.png","url":"https:\/\/ocoerente.com.br\/se\/wp-content\/uploads\/2020\/01\/ocoerente-1.png","contentUrl":"https:\/\/ocoerente.com.br\/se\/wp-content\/uploads\/2020\/01\/ocoerente-1.png","width":50,"height":50,"caption":"Reda\u00e7\u00e3o"},"logo":{"@id":"https:\/\/ocoerente.com.br\/se\/wp-content\/uploads\/2020\/01\/ocoerente-1.png"},"url":"https:\/\/ocoerente.com.br\/se\/author\/vasticlsales\/"}]}},"_links":{"self":[{"href":"https:\/\/ocoerente.com.br\/se\/wp-json\/wp\/v2\/posts\/8403","targetHints":{"allow":["GET"]}}],"collection":[{"href":"https:\/\/ocoerente.com.br\/se\/wp-json\/wp\/v2\/posts"}],"about":[{"href":"https:\/\/ocoerente.com.br\/se\/wp-json\/wp\/v2\/types\/post"}],"author":[{"embeddable":true,"href":"https:\/\/ocoerente.com.br\/se\/wp-json\/wp\/v2\/users\/1"}],"replies":[{"embeddable":true,"href":"https:\/\/ocoerente.com.br\/se\/wp-json\/wp\/v2\/comments?post=8403"}],"version-history":[{"count":1,"href":"https:\/\/ocoerente.com.br\/se\/wp-json\/wp\/v2\/posts\/8403\/revisions"}],"predecessor-version":[{"id":8405,"href":"https:\/\/ocoerente.com.br\/se\/wp-json\/wp\/v2\/posts\/8403\/revisions\/8405"}],"wp:featuredmedia":[{"embeddable":true,"href":"https:\/\/ocoerente.com.br\/se\/wp-json\/wp\/v2\/media\/8404"}],"wp:attachment":[{"href":"https:\/\/ocoerente.com.br\/se\/wp-json\/wp\/v2\/media?parent=8403"}],"wp:term":[{"taxonomy":"category","embeddable":true,"href":"https:\/\/ocoerente.com.br\/se\/wp-json\/wp\/v2\/categories?post=8403"},{"taxonomy":"post_tag","embeddable":true,"href":"https:\/\/ocoerente.com.br\/se\/wp-json\/wp\/v2\/tags?post=8403"}],"curies":[{"name":"wp","href":"https:\/\/api.w.org\/{rel}","templated":true}]}}