{"id":8397,"date":"2024-02-17T10:22:16","date_gmt":"2024-02-17T13:22:16","guid":{"rendered":"https:\/\/ocoerente.com.br\/se\/?p=8397"},"modified":"2024-02-17T10:22:17","modified_gmt":"2024-02-17T13:22:17","slug":"eduardo-lima-quer-liberacao-do-pl-que-autoriza-a-pma-a-contratar-vagas-para-alunos-em-escolas-particulares-2","status":"publish","type":"post","link":"https:\/\/ocoerente.com.br\/se\/2024\/02\/17\/eduardo-lima-quer-liberacao-do-pl-que-autoriza-a-pma-a-contratar-vagas-para-alunos-em-escolas-particulares-2\/","title":{"rendered":"Eduardo Lima quer libera\u00e7\u00e3o do PL que autoriza a PMA a contratar vagas para alunos em escolas particulares"},"content":{"rendered":"\n<p>\u201cN\u00famero de crian\u00e7as sem vagas deve aumentar em 2024\u201d, diz vereador<\/p>\n\n\n\n<p>O vereador Eduardo Lima (Republicanos) usou o Pequeno Expediente, na manh\u00e3 desta quinta-feira, dia 15, na C\u00e2mara Municipal de Aracaju (CMA), para lamentar a falta de vagas nas creches da Capital para crian\u00e7as de at\u00e9 cinco anos de idade. Segundo o parlamentar, o d\u00e9ficit foi de 1500 alunos em 2023, e deve aumentar ainda mais em 2024.<\/p>\n\n\n\n<p>\u201cUma das realidades em Aracaju \u00e9 a verdadeira via-cr\u00facis de m\u00e3es aracajuanas para matricular seus filhos em creches. Tenho recebido m\u00e3es em nosso escrit\u00f3rio e mensagens de whatsapp reclamando da falta de vagas, e este d\u00e9ficit deve aumentar em 2024\u201d, lamentou o vereador<\/p>\n\n\n\n<p>Eduardo Lima \u00e9 autor do Projeto de Lei (PL) 40\/2023, que torna a Prefeitura Municipal de Aracaju (PMA) respons\u00e1vel em disponibilizar para todas as crian\u00e7as de 0 a 5 anos de idade, no munic\u00edpio de Aracaju, matr\u00edcula em institui\u00e7\u00f5es, creches e pr\u00e9-escolas na rede particular, em caso de falta de vagas na rede p\u00fablica.<\/p>\n\n\n\n<p>A proposta aguarda o parecer da Comiss\u00e3o de Educa\u00e7\u00e3o da CMA para ser votada em Plen\u00e1rio.<\/p>\n\n\n\n<p>\u201cN\u00f3s temos um projeto pronto nesta Casa e creio que j\u00e1 deve est\u00e1 pronto para sair da Comiss\u00e3o, para permitir a Prefeitura de Aracaju a contratar vagas em institui\u00e7\u00f5es particulares e conveniadas ao munic\u00edpio, para desafogar essa fila que tanto traz tristeza a pais e m\u00e3es aracajuanos que n\u00e3o podem trabalhar pois n\u00e3o tem onde deixar os seus filhos\u201d, afirmou o vereador.<\/p>\n\n\n\n<p>Por Leonardo teles<br>Foto: gilton rosas<\/p>\n","protected":false},"excerpt":{"rendered":"<p>\u201cN\u00famero de crian\u00e7as sem vagas deve aumentar em 2024\u201d, diz vereador O vereador Eduardo Lima (Republicanos) usou o Pequeno Expediente, na manh\u00e3 desta quinta-feira, dia 15, na C\u00e2mara Municipal de Aracaju (CMA), para lamentar a falta de vagas nas creches da Capital para crian\u00e7as de at\u00e9 cinco anos de idade. Segundo o parlamentar, o d\u00e9ficit [&hellip;]<\/p>\n","protected":false},"author":1,"featured_media":8398,"comment_status":"closed","ping_status":"closed","sticky":false,"template":"","format":"standard","meta":{"footnotes":""},"categories":[53,44],"tags":[],"class_list":["post-8397","post","type-post","status-publish","format-standard","has-post-thumbnail","hentry","category-destaques","category-politica"],"yoast_head":"<!-- This site is optimized with the Yoast SEO plugin v27.4 - https:\/\/yoast.com\/product\/yoast-seo-wordpress\/ -->\n<title>Eduardo Lima quer libera\u00e7\u00e3o do PL que autoriza a PMA a contratar vagas para alunos em escolas particulares - O Coerente<\/title>\n<meta name=\"robots\" content=\"index, follow, max-snippet:-1, max-image-preview:large, max-video-preview:-1\" \/>\n<link rel=\"canonical\" href=\"https:\/\/ocoerente.com.br\/se\/2024\/02\/17\/eduardo-lima-quer-liberacao-do-pl-que-autoriza-a-pma-a-contratar-vagas-para-alunos-em-escolas-particulares-2\/\" \/>\n<meta property=\"og:locale\" content=\"pt_BR\" \/>\n<meta property=\"og:type\" content=\"article\" \/>\n<meta property=\"og:title\" content=\"Eduardo Lima quer libera\u00e7\u00e3o do PL que autoriza a PMA a contratar vagas para alunos em escolas particulares - O Coerente\" \/>\n<meta property=\"og:description\" content=\"\u201cN\u00famero de crian\u00e7as sem vagas deve aumentar em 2024\u201d, diz vereador O vereador Eduardo Lima (Republicanos) usou o Pequeno Expediente, na manh\u00e3 desta quinta-feira, dia 15, na C\u00e2mara Municipal de Aracaju (CMA), para lamentar a falta de vagas nas creches da Capital para crian\u00e7as de at\u00e9 cinco anos de idade. Segundo o parlamentar, o d\u00e9ficit [&hellip;]\" \/>\n<meta property=\"og:url\" content=\"https:\/\/ocoerente.com.br\/se\/2024\/02\/17\/eduardo-lima-quer-liberacao-do-pl-que-autoriza-a-pma-a-contratar-vagas-para-alunos-em-escolas-particulares-2\/\" \/>\n<meta property=\"og:site_name\" content=\"O Coerente\" \/>\n<meta property=\"article:published_time\" content=\"2024-02-17T13:22:16+00:00\" \/>\n<meta property=\"article:modified_time\" content=\"2024-02-17T13:22:17+00:00\" \/>\n<meta property=\"og:image\" content=\"https:\/\/ocoerente.com.br\/se\/wp-content\/uploads\/2024\/02\/edulimaver.jpg\" \/>\n\t<meta property=\"og:image:width\" content=\"1600\" \/>\n\t<meta property=\"og:image:height\" content=\"1066\" \/>\n\t<meta property=\"og:image:type\" content=\"image\/jpeg\" \/>\n<meta name=\"author\" content=\"Reda\u00e7\u00e3o\" \/>\n<meta name=\"twitter:card\" content=\"summary_large_image\" \/>\n<meta name=\"twitter:label1\" content=\"Escrito por\" \/>\n\t<meta name=\"twitter:data1\" content=\"Reda\u00e7\u00e3o\" \/>\n\t<meta name=\"twitter:label2\" content=\"Est. tempo de leitura\" \/>\n\t<meta name=\"twitter:data2\" content=\"1 minuto\" \/>\n<script type=\"application\/ld+json\" class=\"yoast-schema-graph\">{\"@context\":\"https:\\\/\\\/schema.org\",\"@graph\":[{\"@type\":\"Article\",\"@id\":\"https:\\\/\\\/ocoerente.com.br\\\/se\\\/2024\\\/02\\\/17\\\/eduardo-lima-quer-liberacao-do-pl-que-autoriza-a-pma-a-contratar-vagas-para-alunos-em-escolas-particulares-2\\\/#article\",\"isPartOf\":{\"@id\":\"https:\\\/\\\/ocoerente.com.br\\\/se\\\/2024\\\/02\\\/17\\\/eduardo-lima-quer-liberacao-do-pl-que-autoriza-a-pma-a-contratar-vagas-para-alunos-em-escolas-particulares-2\\\/\"},\"author\":{\"name\":\"Reda\u00e7\u00e3o\",\"@id\":\"https:\\\/\\\/ocoerente.com.br\\\/se\\\/#\\\/schema\\\/person\\\/cc6bfd9fbca465e23543b0c963d8d037\"},\"headline\":\"Eduardo Lima quer libera\u00e7\u00e3o do PL que autoriza a PMA a contratar vagas para alunos em escolas particulares\",\"datePublished\":\"2024-02-17T13:22:16+00:00\",\"dateModified\":\"2024-02-17T13:22:17+00:00\",\"mainEntityOfPage\":{\"@id\":\"https:\\\/\\\/ocoerente.com.br\\\/se\\\/2024\\\/02\\\/17\\\/eduardo-lima-quer-liberacao-do-pl-que-autoriza-a-pma-a-contratar-vagas-para-alunos-em-escolas-particulares-2\\\/\"},\"wordCount\":283,\"publisher\":{\"@id\":\"https:\\\/\\\/ocoerente.com.br\\\/se\\\/#\\\/schema\\\/person\\\/cc6bfd9fbca465e23543b0c963d8d037\"},\"image\":{\"@id\":\"https:\\\/\\\/ocoerente.com.br\\\/se\\\/2024\\\/02\\\/17\\\/eduardo-lima-quer-liberacao-do-pl-que-autoriza-a-pma-a-contratar-vagas-para-alunos-em-escolas-particulares-2\\\/#primaryimage\"},\"thumbnailUrl\":\"https:\\\/\\\/ocoerente.com.br\\\/se\\\/wp-content\\\/uploads\\\/2024\\\/02\\\/edulimaver.jpg\",\"articleSection\":[\"Destaques\",\"Pol\u00edtica\"],\"inLanguage\":\"pt-BR\"},{\"@type\":\"WebPage\",\"@id\":\"https:\\\/\\\/ocoerente.com.br\\\/se\\\/2024\\\/02\\\/17\\\/eduardo-lima-quer-liberacao-do-pl-que-autoriza-a-pma-a-contratar-vagas-para-alunos-em-escolas-particulares-2\\\/\",\"url\":\"https:\\\/\\\/ocoerente.com.br\\\/se\\\/2024\\\/02\\\/17\\\/eduardo-lima-quer-liberacao-do-pl-que-autoriza-a-pma-a-contratar-vagas-para-alunos-em-escolas-particulares-2\\\/\",\"name\":\"Eduardo Lima quer libera\u00e7\u00e3o do PL que autoriza a PMA a contratar vagas para alunos em escolas particulares - O Coerente\",\"isPartOf\":{\"@id\":\"https:\\\/\\\/ocoerente.com.br\\\/se\\\/#website\"},\"primaryImageOfPage\":{\"@id\":\"https:\\\/\\\/ocoerente.com.br\\\/se\\\/2024\\\/02\\\/17\\\/eduardo-lima-quer-liberacao-do-pl-que-autoriza-a-pma-a-contratar-vagas-para-alunos-em-escolas-particulares-2\\\/#primaryimage\"},\"image\":{\"@id\":\"https:\\\/\\\/ocoerente.com.br\\\/se\\\/2024\\\/02\\\/17\\\/eduardo-lima-quer-liberacao-do-pl-que-autoriza-a-pma-a-contratar-vagas-para-alunos-em-escolas-particulares-2\\\/#primaryimage\"},\"thumbnailUrl\":\"https:\\\/\\\/ocoerente.com.br\\\/se\\\/wp-content\\\/uploads\\\/2024\\\/02\\\/edulimaver.jpg\",\"datePublished\":\"2024-02-17T13:22:16+00:00\",\"dateModified\":\"2024-02-17T13:22:17+00:00\",\"breadcrumb\":{\"@id\":\"https:\\\/\\\/ocoerente.com.br\\\/se\\\/2024\\\/02\\\/17\\\/eduardo-lima-quer-liberacao-do-pl-que-autoriza-a-pma-a-contratar-vagas-para-alunos-em-escolas-particulares-2\\\/#breadcrumb\"},\"inLanguage\":\"pt-BR\",\"potentialAction\":[{\"@type\":\"ReadAction\",\"target\":[\"https:\\\/\\\/ocoerente.com.br\\\/se\\\/2024\\\/02\\\/17\\\/eduardo-lima-quer-liberacao-do-pl-que-autoriza-a-pma-a-contratar-vagas-para-alunos-em-escolas-particulares-2\\\/\"]}]},{\"@type\":\"ImageObject\",\"inLanguage\":\"pt-BR\",\"@id\":\"https:\\\/\\\/ocoerente.com.br\\\/se\\\/2024\\\/02\\\/17\\\/eduardo-lima-quer-liberacao-do-pl-que-autoriza-a-pma-a-contratar-vagas-para-alunos-em-escolas-particulares-2\\\/#primaryimage\",\"url\":\"https:\\\/\\\/ocoerente.com.br\\\/se\\\/wp-content\\\/uploads\\\/2024\\\/02\\\/edulimaver.jpg\",\"contentUrl\":\"https:\\\/\\\/ocoerente.com.br\\\/se\\\/wp-content\\\/uploads\\\/2024\\\/02\\\/edulimaver.jpg\",\"width\":1600,\"height\":1066,\"caption\":\"Foto: gilton rosas\"},{\"@type\":\"BreadcrumbList\",\"@id\":\"https:\\\/\\\/ocoerente.com.br\\\/se\\\/2024\\\/02\\\/17\\\/eduardo-lima-quer-liberacao-do-pl-que-autoriza-a-pma-a-contratar-vagas-para-alunos-em-escolas-particulares-2\\\/#breadcrumb\",\"itemListElement\":[{\"@type\":\"ListItem\",\"position\":1,\"name\":\"In\u00edcio\",\"item\":\"https:\\\/\\\/ocoerente.com.br\\\/se\\\/\"},{\"@type\":\"ListItem\",\"position\":2,\"name\":\"Eduardo Lima quer libera\u00e7\u00e3o do PL que autoriza a PMA a contratar vagas para alunos em escolas particulares\"}]},{\"@type\":\"WebSite\",\"@id\":\"https:\\\/\\\/ocoerente.com.br\\\/se\\\/#website\",\"url\":\"https:\\\/\\\/ocoerente.com.br\\\/se\\\/\",\"name\":\"O Coerente\",\"description\":\"\",\"publisher\":{\"@id\":\"https:\\\/\\\/ocoerente.com.br\\\/se\\\/#\\\/schema\\\/person\\\/cc6bfd9fbca465e23543b0c963d8d037\"},\"potentialAction\":[{\"@type\":\"SearchAction\",\"target\":{\"@type\":\"EntryPoint\",\"urlTemplate\":\"https:\\\/\\\/ocoerente.com.br\\\/se\\\/?s={search_term_string}\"},\"query-input\":{\"@type\":\"PropertyValueSpecification\",\"valueRequired\":true,\"valueName\":\"search_term_string\"}}],\"inLanguage\":\"pt-BR\"},{\"@type\":[\"Person\",\"Organization\"],\"@id\":\"https:\\\/\\\/ocoerente.com.br\\\/se\\\/#\\\/schema\\\/person\\\/cc6bfd9fbca465e23543b0c963d8d037\",\"name\":\"Reda\u00e7\u00e3o\",\"image\":{\"@type\":\"ImageObject\",\"inLanguage\":\"pt-BR\",\"@id\":\"https:\\\/\\\/ocoerente.com.br\\\/se\\\/wp-content\\\/uploads\\\/2020\\\/01\\\/ocoerente-1.png\",\"url\":\"https:\\\/\\\/ocoerente.com.br\\\/se\\\/wp-content\\\/uploads\\\/2020\\\/01\\\/ocoerente-1.png\",\"contentUrl\":\"https:\\\/\\\/ocoerente.com.br\\\/se\\\/wp-content\\\/uploads\\\/2020\\\/01\\\/ocoerente-1.png\",\"width\":50,\"height\":50,\"caption\":\"Reda\u00e7\u00e3o\"},\"logo\":{\"@id\":\"https:\\\/\\\/ocoerente.com.br\\\/se\\\/wp-content\\\/uploads\\\/2020\\\/01\\\/ocoerente-1.png\"},\"url\":\"https:\\\/\\\/ocoerente.com.br\\\/se\\\/author\\\/vasticlsales\\\/\"}]}<\/script>\n<!-- \/ Yoast SEO plugin. -->","yoast_head_json":{"title":"Eduardo Lima quer libera\u00e7\u00e3o do PL que autoriza a PMA a contratar vagas para alunos em escolas particulares - O Coerente","robots":{"index":"index","follow":"follow","max-snippet":"max-snippet:-1","max-image-preview":"max-image-preview:large","max-video-preview":"max-video-preview:-1"},"canonical":"https:\/\/ocoerente.com.br\/se\/2024\/02\/17\/eduardo-lima-quer-liberacao-do-pl-que-autoriza-a-pma-a-contratar-vagas-para-alunos-em-escolas-particulares-2\/","og_locale":"pt_BR","og_type":"article","og_title":"Eduardo Lima quer libera\u00e7\u00e3o do PL que autoriza a PMA a contratar vagas para alunos em escolas particulares - O Coerente","og_description":"\u201cN\u00famero de crian\u00e7as sem vagas deve aumentar em 2024\u201d, diz vereador O vereador Eduardo Lima (Republicanos) usou o Pequeno Expediente, na manh\u00e3 desta quinta-feira, dia 15, na C\u00e2mara Municipal de Aracaju (CMA), para lamentar a falta de vagas nas creches da Capital para crian\u00e7as de at\u00e9 cinco anos de idade. Segundo o parlamentar, o d\u00e9ficit [&hellip;]","og_url":"https:\/\/ocoerente.com.br\/se\/2024\/02\/17\/eduardo-lima-quer-liberacao-do-pl-que-autoriza-a-pma-a-contratar-vagas-para-alunos-em-escolas-particulares-2\/","og_site_name":"O Coerente","article_published_time":"2024-02-17T13:22:16+00:00","article_modified_time":"2024-02-17T13:22:17+00:00","og_image":[{"width":1600,"height":1066,"url":"https:\/\/ocoerente.com.br\/se\/wp-content\/uploads\/2024\/02\/edulimaver.jpg","type":"image\/jpeg"}],"author":"Reda\u00e7\u00e3o","twitter_card":"summary_large_image","twitter_misc":{"Escrito por":"Reda\u00e7\u00e3o","Est. tempo de leitura":"1 minuto"},"schema":{"@context":"https:\/\/schema.org","@graph":[{"@type":"Article","@id":"https:\/\/ocoerente.com.br\/se\/2024\/02\/17\/eduardo-lima-quer-liberacao-do-pl-que-autoriza-a-pma-a-contratar-vagas-para-alunos-em-escolas-particulares-2\/#article","isPartOf":{"@id":"https:\/\/ocoerente.com.br\/se\/2024\/02\/17\/eduardo-lima-quer-liberacao-do-pl-que-autoriza-a-pma-a-contratar-vagas-para-alunos-em-escolas-particulares-2\/"},"author":{"name":"Reda\u00e7\u00e3o","@id":"https:\/\/ocoerente.com.br\/se\/#\/schema\/person\/cc6bfd9fbca465e23543b0c963d8d037"},"headline":"Eduardo Lima quer libera\u00e7\u00e3o do PL que autoriza a PMA a contratar vagas para alunos em escolas particulares","datePublished":"2024-02-17T13:22:16+00:00","dateModified":"2024-02-17T13:22:17+00:00","mainEntityOfPage":{"@id":"https:\/\/ocoerente.com.br\/se\/2024\/02\/17\/eduardo-lima-quer-liberacao-do-pl-que-autoriza-a-pma-a-contratar-vagas-para-alunos-em-escolas-particulares-2\/"},"wordCount":283,"publisher":{"@id":"https:\/\/ocoerente.com.br\/se\/#\/schema\/person\/cc6bfd9fbca465e23543b0c963d8d037"},"image":{"@id":"https:\/\/ocoerente.com.br\/se\/2024\/02\/17\/eduardo-lima-quer-liberacao-do-pl-que-autoriza-a-pma-a-contratar-vagas-para-alunos-em-escolas-particulares-2\/#primaryimage"},"thumbnailUrl":"https:\/\/ocoerente.com.br\/se\/wp-content\/uploads\/2024\/02\/edulimaver.jpg","articleSection":["Destaques","Pol\u00edtica"],"inLanguage":"pt-BR"},{"@type":"WebPage","@id":"https:\/\/ocoerente.com.br\/se\/2024\/02\/17\/eduardo-lima-quer-liberacao-do-pl-que-autoriza-a-pma-a-contratar-vagas-para-alunos-em-escolas-particulares-2\/","url":"https:\/\/ocoerente.com.br\/se\/2024\/02\/17\/eduardo-lima-quer-liberacao-do-pl-que-autoriza-a-pma-a-contratar-vagas-para-alunos-em-escolas-particulares-2\/","name":"Eduardo Lima quer libera\u00e7\u00e3o do PL que autoriza a PMA a contratar vagas para alunos em escolas particulares - O Coerente","isPartOf":{"@id":"https:\/\/ocoerente.com.br\/se\/#website"},"primaryImageOfPage":{"@id":"https:\/\/ocoerente.com.br\/se\/2024\/02\/17\/eduardo-lima-quer-liberacao-do-pl-que-autoriza-a-pma-a-contratar-vagas-para-alunos-em-escolas-particulares-2\/#primaryimage"},"image":{"@id":"https:\/\/ocoerente.com.br\/se\/2024\/02\/17\/eduardo-lima-quer-liberacao-do-pl-que-autoriza-a-pma-a-contratar-vagas-para-alunos-em-escolas-particulares-2\/#primaryimage"},"thumbnailUrl":"https:\/\/ocoerente.com.br\/se\/wp-content\/uploads\/2024\/02\/edulimaver.jpg","datePublished":"2024-02-17T13:22:16+00:00","dateModified":"2024-02-17T13:22:17+00:00","breadcrumb":{"@id":"https:\/\/ocoerente.com.br\/se\/2024\/02\/17\/eduardo-lima-quer-liberacao-do-pl-que-autoriza-a-pma-a-contratar-vagas-para-alunos-em-escolas-particulares-2\/#breadcrumb"},"inLanguage":"pt-BR","potentialAction":[{"@type":"ReadAction","target":["https:\/\/ocoerente.com.br\/se\/2024\/02\/17\/eduardo-lima-quer-liberacao-do-pl-que-autoriza-a-pma-a-contratar-vagas-para-alunos-em-escolas-particulares-2\/"]}]},{"@type":"ImageObject","inLanguage":"pt-BR","@id":"https:\/\/ocoerente.com.br\/se\/2024\/02\/17\/eduardo-lima-quer-liberacao-do-pl-que-autoriza-a-pma-a-contratar-vagas-para-alunos-em-escolas-particulares-2\/#primaryimage","url":"https:\/\/ocoerente.com.br\/se\/wp-content\/uploads\/2024\/02\/edulimaver.jpg","contentUrl":"https:\/\/ocoerente.com.br\/se\/wp-content\/uploads\/2024\/02\/edulimaver.jpg","width":1600,"height":1066,"caption":"Foto: gilton rosas"},{"@type":"BreadcrumbList","@id":"https:\/\/ocoerente.com.br\/se\/2024\/02\/17\/eduardo-lima-quer-liberacao-do-pl-que-autoriza-a-pma-a-contratar-vagas-para-alunos-em-escolas-particulares-2\/#breadcrumb","itemListElement":[{"@type":"ListItem","position":1,"name":"In\u00edcio","item":"https:\/\/ocoerente.com.br\/se\/"},{"@type":"ListItem","position":2,"name":"Eduardo Lima quer libera\u00e7\u00e3o do PL que autoriza a PMA a contratar vagas para alunos em escolas particulares"}]},{"@type":"WebSite","@id":"https:\/\/ocoerente.com.br\/se\/#website","url":"https:\/\/ocoerente.com.br\/se\/","name":"O Coerente","description":"","publisher":{"@id":"https:\/\/ocoerente.com.br\/se\/#\/schema\/person\/cc6bfd9fbca465e23543b0c963d8d037"},"potentialAction":[{"@type":"SearchAction","target":{"@type":"EntryPoint","urlTemplate":"https:\/\/ocoerente.com.br\/se\/?s={search_term_string}"},"query-input":{"@type":"PropertyValueSpecification","valueRequired":true,"valueName":"search_term_string"}}],"inLanguage":"pt-BR"},{"@type":["Person","Organization"],"@id":"https:\/\/ocoerente.com.br\/se\/#\/schema\/person\/cc6bfd9fbca465e23543b0c963d8d037","name":"Reda\u00e7\u00e3o","image":{"@type":"ImageObject","inLanguage":"pt-BR","@id":"https:\/\/ocoerente.com.br\/se\/wp-content\/uploads\/2020\/01\/ocoerente-1.png","url":"https:\/\/ocoerente.com.br\/se\/wp-content\/uploads\/2020\/01\/ocoerente-1.png","contentUrl":"https:\/\/ocoerente.com.br\/se\/wp-content\/uploads\/2020\/01\/ocoerente-1.png","width":50,"height":50,"caption":"Reda\u00e7\u00e3o"},"logo":{"@id":"https:\/\/ocoerente.com.br\/se\/wp-content\/uploads\/2020\/01\/ocoerente-1.png"},"url":"https:\/\/ocoerente.com.br\/se\/author\/vasticlsales\/"}]}},"_links":{"self":[{"href":"https:\/\/ocoerente.com.br\/se\/wp-json\/wp\/v2\/posts\/8397","targetHints":{"allow":["GET"]}}],"collection":[{"href":"https:\/\/ocoerente.com.br\/se\/wp-json\/wp\/v2\/posts"}],"about":[{"href":"https:\/\/ocoerente.com.br\/se\/wp-json\/wp\/v2\/types\/post"}],"author":[{"embeddable":true,"href":"https:\/\/ocoerente.com.br\/se\/wp-json\/wp\/v2\/users\/1"}],"replies":[{"embeddable":true,"href":"https:\/\/ocoerente.com.br\/se\/wp-json\/wp\/v2\/comments?post=8397"}],"version-history":[{"count":1,"href":"https:\/\/ocoerente.com.br\/se\/wp-json\/wp\/v2\/posts\/8397\/revisions"}],"predecessor-version":[{"id":8399,"href":"https:\/\/ocoerente.com.br\/se\/wp-json\/wp\/v2\/posts\/8397\/revisions\/8399"}],"wp:featuredmedia":[{"embeddable":true,"href":"https:\/\/ocoerente.com.br\/se\/wp-json\/wp\/v2\/media\/8398"}],"wp:attachment":[{"href":"https:\/\/ocoerente.com.br\/se\/wp-json\/wp\/v2\/media?parent=8397"}],"wp:term":[{"taxonomy":"category","embeddable":true,"href":"https:\/\/ocoerente.com.br\/se\/wp-json\/wp\/v2\/categories?post=8397"},{"taxonomy":"post_tag","embeddable":true,"href":"https:\/\/ocoerente.com.br\/se\/wp-json\/wp\/v2\/tags?post=8397"}],"curies":[{"name":"wp","href":"https:\/\/api.w.org\/{rel}","templated":true}]}}