{"id":8391,"date":"2024-02-17T10:18:50","date_gmt":"2024-02-17T13:18:50","guid":{"rendered":"https:\/\/ocoerente.com.br\/se\/?p=8391"},"modified":"2024-02-17T10:18:51","modified_gmt":"2024-02-17T13:18:51","slug":"populacao-de-muribeca-recebe-21a-edicao-do-sergipe-e-aqui-e-melhorias-do-governo-do-estado","status":"publish","type":"post","link":"https:\/\/ocoerente.com.br\/se\/2024\/02\/17\/populacao-de-muribeca-recebe-21a-edicao-do-sergipe-e-aqui-e-melhorias-do-governo-do-estado\/","title":{"rendered":"Popula\u00e7\u00e3o de Muribeca recebe 21\u00aa edi\u00e7\u00e3o do \u2018Sergipe \u00e9 aqui\u2019 e melhorias do Governo do Estado"},"content":{"rendered":"\n<p><em>Durante realiza\u00e7\u00e3o do programa estadual, moradores da regi\u00e3o do baixo S\u00e3o Francisco aprovaram servi\u00e7os oferecidos por de mais de 20 secretarias, \u00f3rg\u00e3os e autarquias da administra\u00e7\u00e3o p\u00fablica estadual<\/em><\/p>\n\n\n\n<p>O programa \u2018Sergipe \u00e9 aqui\u2019 chegou a 21\u00aa edi\u00e7\u00e3o no munic\u00edpio de Muribeca nesta sexta-feira, 16. Localizado a 72 quil\u00f4metros de Aracaju e na regi\u00e3o do baixo S\u00e3o Francisco, Muribeca \u00e9 o terceiro munic\u00edpio da \u00e1rea a receber o programa itinerante do Governo de Sergipe.<\/p>\n\n\n\n<p>A a\u00e7\u00e3o que \u00e9 conduzida pela Secretaria de Estado&nbsp; da Casa Civil (SECC) foi criada com o intuito de aproximar a gest\u00e3o estadual da popula\u00e7\u00e3o do interior do estado. Desta vez, os mais de 160 servi\u00e7os e a\u00e7\u00f5es prestados por mais de 20 secretarias, \u00f3rg\u00e3os e autarquias da administra\u00e7\u00e3o p\u00fablica estadual ficaram concentrados no Col\u00e9gio Municipal Senador Walter Franco.&nbsp;<\/p>\n\n\n\n<p>Para esta edi\u00e7\u00e3o, a popula\u00e7\u00e3o de Muribeca recebeu como novidade do \u2018Sergipe \u00e9 aqui\u2019 os servi\u00e7os do Ipesa\u00fade.&nbsp; De acordo com o presidente da institui\u00e7\u00e3o, Cl\u00e1udio Mitidieri, o Ipesa\u00fade levou servi\u00e7os administrativos para atender servidores do Estado durante a a\u00e7\u00e3o do governo itinerante. \u201cAqui a gente realizou emiss\u00e3o de boletos, cadastro, ades\u00e3o ao nosso plano de sa\u00fade e uma s\u00e9rie de outros servi\u00e7os disponibilizados para todos os 110 mil servidores que est\u00e3o cadastrados nos nossos munic\u00edpios\u201d, disse.<\/p>\n\n\n\n<p>Outro servi\u00e7o ofertado pelo Ipesa\u00fade foi o cadastramento da biometria facial que faz parte do processo de recadastramento de todos os servidores dando mais seguran\u00e7a ao atendimento. \u201cMinimizando assim, o risco de fraudes e postulando o melhor controle financeiro e atendimento da nossa unidade\u201d, completou Cl\u00e1udio.&nbsp;<\/p>\n\n\n\n<p>O policial militar Rubens Canuto j\u00e1 tem Ipesa\u00fade e aproveitou o espa\u00e7o para se informar sobre a inclus\u00e3o de dependentes em seu plano. \u201cGostei muito do atendimento, facilita nossa vida\u201d, disse.<\/p>\n\n\n\n<p>Al\u00e9m disso, os moradores puderam realizar exames m\u00e9dicos e odontol\u00f3gicos, orienta\u00e7\u00e3o jur\u00eddica, retirar 2\u00aa via de boletos, renova\u00e7\u00e3o da CNH e castra\u00e7\u00e3o de animais dom\u00e9sticos, por exemplo.&nbsp;<\/p>\n\n\n\n<p>Quem aproveitou os servi\u00e7os foi a dona de casa Claudenice da Silva, que veio com a fam\u00edlia para atualizar o RG. \u201cO nosso documento venceu e a vinda do Sergipe \u00e9 aqui nos ajudou, pois ter\u00edamos que ir para Aracaju para resolver isso\u201d, disse aprovando o servi\u00e7o oferecido pela Secretaria de Estado da Seguran\u00e7a P\u00fablica (SSP).&nbsp;<\/p>\n\n\n\n<p>A a\u00e7\u00e3o itinerante \u00e9 uma oportunidade tamb\u00e9m para a pr\u00e1tica esportiva entre os moradores da regi\u00e3o e as atividades s\u00e3o oferecidas pela Secretaria de Estado do Esporte e Lazer (Seel). Na edi\u00e7\u00e3o de Muribeca quem usufruiu do espa\u00e7o foram 50 crian\u00e7as inscritas no projeto municipal \u2018Craques do Futuro\u2019. O servidor p\u00fablico Davi Vieira \u00e9 o respons\u00e1vel pelo projeto e destacou a import\u00e2ncia do Sergipe \u00e9 aqui para a popula\u00e7\u00e3o de Muribeca. \u201cEssa \u00e9 uma \u00f3tima oportunidade para a popula\u00e7\u00e3o local realizar v\u00e1rios servi\u00e7os num s\u00f3 lugar. Nossas crian\u00e7as gostaram muito\u201d, ressaltou.&nbsp;<\/p>\n\n\n\n<p>O Castram\u00f3vel, operado pela Secretaria de Estado de Meio Ambiente Sustentabilidade e A\u00e7\u00f5es (Semac), foi mais um servi\u00e7o do Sergipe \u00e9 aqui oferecido para a popula\u00e7\u00e3o do munic\u00edpio. A professora Karol Arag\u00e3o \u00e9 tutora do cachorro \u2018Hopper\u2019 e o levou para uma consulta com o veterin\u00e1rio dispon\u00edvel. \u201cFomos muito bem atendidos. Meu cachorro precisava de cuidados e vim tirar as minhas d\u00favidas. J\u00e1 sa\u00ed daqui com a prescri\u00e7\u00e3o dos rem\u00e9dios que ele precisa tomar\u201d, disse elogiando tamb\u00e9m a estrutura do Sergipe \u00e9 aqui.&nbsp;<\/p>\n\n\n\n<p><strong>Ouvidoria Mirim<\/strong><\/p>\n\n\n\n<p>A Ouvidoria Mirim, realizada pela Secretaria de Estado da Transpar\u00eancia e Controle (Setc), chega a 3\u00aa edi\u00e7\u00e3o no Sergipe \u00e9 aqui de Muribeca. Desta vez, foram 20 alunos do Centro Educacional Senhor das Miseric\u00f3rdias (Cesm) que participaram das din\u00e2micas explicativas. &#8220;Esse \u00e9 um momento muito importante para as nossas crian\u00e7as. Elas aprendem sobre cidadania e o funcionamento da Ouvidoria do Estado&#8221;, afirmou a coordenadora do Cesm, Mary Kelli.&nbsp;<\/p>\n\n\n\n<p><strong>Benef\u00edcios<\/strong><\/p>\n\n\n\n<p>Al\u00e9m dos servi\u00e7os das secretarias, \u00f3rg\u00e3os e autarquias da administra\u00e7\u00e3o p\u00fablica estadual ofertados \u00e0 popula\u00e7\u00e3o, o Governo de Sergipe anunciou a assinatura da ordem de servi\u00e7o para obra de reestrutura\u00e7\u00e3o do acesso 062, trecho: entroncamento com a SE-220 \u00e0 sede municipal de Muribeca; obra de&nbsp; reestrutura\u00e7\u00e3o da rodovia &#8220;Cel. Milton Pereira de Azevedo&#8221; (SE-220), no trecho: entroncamento da BR-101 \u00e0 sede municipal de Aquidab\u00e3 e, tamb\u00e9m, emiss\u00e3o da Carteira do Passe Livre Intermunicipal.&nbsp;<\/p>\n\n\n\n<p>Durante o Sergipe \u00e9 aqui foi assinada tamb\u00e9m pelo governador F\u00e1bio Mitidieri a autoriza\u00e7\u00e3o para a constru\u00e7\u00e3o de espa\u00e7o multieventos; e termo de ades\u00e3o ao programa Coliga entre a organiza\u00e7\u00e3o dos estados Ibero-Americanos para a Educa\u00e7\u00e3o, a Ci\u00eancia e a Cultura, a Funda\u00e7\u00e3o Roberto Marinho e a prefeitura de Muribeca.&nbsp;<\/p>\n\n\n\n<p><strong>Baixo S\u00e3o Francisco<\/strong><\/p>\n\n\n\n<p>A regi\u00e3o do baixo S\u00e3o Francisco tem tido um olhar especial do Estado e s\u00f3 em janeiro deste ano j\u00e1 recebeu diversos benef\u00edcios, entre eles a assinatura da ordem de servi\u00e7o para a constru\u00e7\u00e3o da ponte Ne\u00f3polis\/Penedo, uma obra do governo federal que contou com a articula\u00e7\u00e3o do governador sergipano, F\u00e1bio Mitidieri, para que a a\u00e7\u00e3o fosse efetivada. Quando finalizada, a obra vai interligar os estados de Sergipe e Alagoas e contribuir para o desenvolvimento econ\u00f4mico da regi\u00e3o.&nbsp;<\/p>\n\n\n\n<p>Al\u00e9m disso, o baixo S\u00e3o Francisco recebeu investimentos na \u00e1rea da infraestrutura. Duas rodovias foram entregues nos munic\u00edpios de Japoat\u00e3 e Ilha das Flores respectivamente. J\u00e1 em Brejo Grande, o governador F\u00e1bio Mitidieri inaugurou a reestrutura\u00e7\u00e3o de parte da rodovia SE-204, no trecho de Pacatuba, no entroncamento da SE-200 (Brejo Grande) e SE-200, no trecho do entroncamento da SE-204 em Brejo Grande.<\/p>\n\n\n\n<p>Na \u00e1rea da Educa\u00e7\u00e3o, o Col\u00e9gio Estadual Sagrada Fam\u00edlia, em Ne\u00f3polis, ganhou uma quadra poliesportiva coberta, com vesti\u00e1rios masculino e feminino, arquibancada e sistema de acessibilidade, fruto de um investimento de R$ 1.337.088,14. No intuito de promover cultura, lazer, sa\u00fade e esporte, o Governo de Sergipe retomou o Ver\u00e3o Sergipe e mais uma vez o baixo S\u00e3o Francisco foi contemplado. Dentro da programa\u00e7\u00e3o, o evento se fixou no munic\u00edpio de Pacatuba, proporcionando \u00e0 popula\u00e7\u00e3o shows musicais, atividades esportivas, al\u00e9m de gera\u00e7\u00e3o de emprego e renda.&nbsp;<\/p>\n\n\n\n<p><strong>\u2018Sergipe \u00e9 aqui\u2019&nbsp;<\/strong><\/p>\n\n\n\n<p>Al\u00e9m de Muribeca, o Sergipe \u00e9 aqui j\u00e1 levou seus servi\u00e7os aos munic\u00edpios de Boquim, Porto da Folha, Propri\u00e1, Nossa Senhora das Dores, Itabaianinha, Est\u00e2ncia, Frei Paulo, Itaporanga d\u2019Ajuda, Capela, Carm\u00f3polis, Santo Amaro das Brotas, Ilha das Flores, Riachuelo, Campo do Brito, Tobias Barreto, Po\u00e7o Verde, Nossa Senhora da Gl\u00f3ria e Laranjeiras, Gararu e Santana do S\u00e3o Francisco.<\/p>\n\n\n\n<p>Governo de Sergipe<\/p>\n","protected":false},"excerpt":{"rendered":"<p>Durante realiza\u00e7\u00e3o do programa estadual, moradores da regi\u00e3o do baixo S\u00e3o Francisco aprovaram servi\u00e7os oferecidos por de mais de 20 secretarias, \u00f3rg\u00e3os e autarquias da administra\u00e7\u00e3o p\u00fablica estadual O programa \u2018Sergipe \u00e9 aqui\u2019 chegou a 21\u00aa edi\u00e7\u00e3o no munic\u00edpio de Muribeca nesta sexta-feira, 16. Localizado a 72 quil\u00f4metros de Aracaju e na regi\u00e3o do baixo [&hellip;]<\/p>\n","protected":false},"author":1,"featured_media":8392,"comment_status":"closed","ping_status":"closed","sticky":false,"template":"","format":"standard","meta":{"footnotes":""},"categories":[53,43],"tags":[],"class_list":["post-8391","post","type-post","status-publish","format-standard","has-post-thumbnail","hentry","category-destaques","category-sergipe"],"yoast_head":"<!-- This site is optimized with the Yoast SEO plugin v27.4 - https:\/\/yoast.com\/product\/yoast-seo-wordpress\/ -->\n<title>Popula\u00e7\u00e3o de Muribeca recebe 21\u00aa edi\u00e7\u00e3o do \u2018Sergipe \u00e9 aqui\u2019 e melhorias do Governo do Estado - O Coerente<\/title>\n<meta name=\"robots\" content=\"index, follow, max-snippet:-1, max-image-preview:large, max-video-preview:-1\" \/>\n<link rel=\"canonical\" href=\"https:\/\/ocoerente.com.br\/se\/2024\/02\/17\/populacao-de-muribeca-recebe-21a-edicao-do-sergipe-e-aqui-e-melhorias-do-governo-do-estado\/\" \/>\n<meta property=\"og:locale\" content=\"pt_BR\" \/>\n<meta property=\"og:type\" content=\"article\" \/>\n<meta property=\"og:title\" content=\"Popula\u00e7\u00e3o de Muribeca recebe 21\u00aa edi\u00e7\u00e3o do \u2018Sergipe \u00e9 aqui\u2019 e melhorias do Governo do Estado - O Coerente\" \/>\n<meta property=\"og:description\" content=\"Durante realiza\u00e7\u00e3o do programa estadual, moradores da regi\u00e3o do baixo S\u00e3o Francisco aprovaram servi\u00e7os oferecidos por de mais de 20 secretarias, \u00f3rg\u00e3os e autarquias da administra\u00e7\u00e3o p\u00fablica estadual O programa \u2018Sergipe \u00e9 aqui\u2019 chegou a 21\u00aa edi\u00e7\u00e3o no munic\u00edpio de Muribeca nesta sexta-feira, 16. Localizado a 72 quil\u00f4metros de Aracaju e na regi\u00e3o do baixo [&hellip;]\" \/>\n<meta property=\"og:url\" content=\"https:\/\/ocoerente.com.br\/se\/2024\/02\/17\/populacao-de-muribeca-recebe-21a-edicao-do-sergipe-e-aqui-e-melhorias-do-governo-do-estado\/\" \/>\n<meta property=\"og:site_name\" content=\"O Coerente\" \/>\n<meta property=\"article:published_time\" content=\"2024-02-17T13:18:50+00:00\" \/>\n<meta property=\"article:modified_time\" content=\"2024-02-17T13:18:51+00:00\" \/>\n<meta property=\"og:image\" content=\"https:\/\/ocoerente.com.br\/se\/wp-content\/uploads\/2024\/02\/sergipe-aqui-scaled.jpg\" \/>\n\t<meta property=\"og:image:width\" content=\"2560\" \/>\n\t<meta property=\"og:image:height\" content=\"1707\" \/>\n\t<meta property=\"og:image:type\" content=\"image\/jpeg\" \/>\n<meta name=\"author\" content=\"Reda\u00e7\u00e3o\" \/>\n<meta name=\"twitter:card\" content=\"summary_large_image\" \/>\n<meta name=\"twitter:label1\" content=\"Escrito por\" \/>\n\t<meta name=\"twitter:data1\" content=\"Reda\u00e7\u00e3o\" \/>\n\t<meta name=\"twitter:label2\" content=\"Est. tempo de leitura\" \/>\n\t<meta name=\"twitter:data2\" content=\"6 minutos\" \/>\n<script type=\"application\/ld+json\" class=\"yoast-schema-graph\">{\"@context\":\"https:\\\/\\\/schema.org\",\"@graph\":[{\"@type\":\"Article\",\"@id\":\"https:\\\/\\\/ocoerente.com.br\\\/se\\\/2024\\\/02\\\/17\\\/populacao-de-muribeca-recebe-21a-edicao-do-sergipe-e-aqui-e-melhorias-do-governo-do-estado\\\/#article\",\"isPartOf\":{\"@id\":\"https:\\\/\\\/ocoerente.com.br\\\/se\\\/2024\\\/02\\\/17\\\/populacao-de-muribeca-recebe-21a-edicao-do-sergipe-e-aqui-e-melhorias-do-governo-do-estado\\\/\"},\"author\":{\"name\":\"Reda\u00e7\u00e3o\",\"@id\":\"https:\\\/\\\/ocoerente.com.br\\\/se\\\/#\\\/schema\\\/person\\\/cc6bfd9fbca465e23543b0c963d8d037\"},\"headline\":\"Popula\u00e7\u00e3o de Muribeca recebe 21\u00aa edi\u00e7\u00e3o do \u2018Sergipe \u00e9 aqui\u2019 e melhorias do Governo do Estado\",\"datePublished\":\"2024-02-17T13:18:50+00:00\",\"dateModified\":\"2024-02-17T13:18:51+00:00\",\"mainEntityOfPage\":{\"@id\":\"https:\\\/\\\/ocoerente.com.br\\\/se\\\/2024\\\/02\\\/17\\\/populacao-de-muribeca-recebe-21a-edicao-do-sergipe-e-aqui-e-melhorias-do-governo-do-estado\\\/\"},\"wordCount\":1180,\"publisher\":{\"@id\":\"https:\\\/\\\/ocoerente.com.br\\\/se\\\/#\\\/schema\\\/person\\\/cc6bfd9fbca465e23543b0c963d8d037\"},\"image\":{\"@id\":\"https:\\\/\\\/ocoerente.com.br\\\/se\\\/2024\\\/02\\\/17\\\/populacao-de-muribeca-recebe-21a-edicao-do-sergipe-e-aqui-e-melhorias-do-governo-do-estado\\\/#primaryimage\"},\"thumbnailUrl\":\"https:\\\/\\\/ocoerente.com.br\\\/se\\\/wp-content\\\/uploads\\\/2024\\\/02\\\/sergipe-aqui-scaled.jpg\",\"articleSection\":[\"Destaques\",\"Sergipe\"],\"inLanguage\":\"pt-BR\"},{\"@type\":\"WebPage\",\"@id\":\"https:\\\/\\\/ocoerente.com.br\\\/se\\\/2024\\\/02\\\/17\\\/populacao-de-muribeca-recebe-21a-edicao-do-sergipe-e-aqui-e-melhorias-do-governo-do-estado\\\/\",\"url\":\"https:\\\/\\\/ocoerente.com.br\\\/se\\\/2024\\\/02\\\/17\\\/populacao-de-muribeca-recebe-21a-edicao-do-sergipe-e-aqui-e-melhorias-do-governo-do-estado\\\/\",\"name\":\"Popula\u00e7\u00e3o de Muribeca recebe 21\u00aa edi\u00e7\u00e3o do \u2018Sergipe \u00e9 aqui\u2019 e melhorias do Governo do Estado - O Coerente\",\"isPartOf\":{\"@id\":\"https:\\\/\\\/ocoerente.com.br\\\/se\\\/#website\"},\"primaryImageOfPage\":{\"@id\":\"https:\\\/\\\/ocoerente.com.br\\\/se\\\/2024\\\/02\\\/17\\\/populacao-de-muribeca-recebe-21a-edicao-do-sergipe-e-aqui-e-melhorias-do-governo-do-estado\\\/#primaryimage\"},\"image\":{\"@id\":\"https:\\\/\\\/ocoerente.com.br\\\/se\\\/2024\\\/02\\\/17\\\/populacao-de-muribeca-recebe-21a-edicao-do-sergipe-e-aqui-e-melhorias-do-governo-do-estado\\\/#primaryimage\"},\"thumbnailUrl\":\"https:\\\/\\\/ocoerente.com.br\\\/se\\\/wp-content\\\/uploads\\\/2024\\\/02\\\/sergipe-aqui-scaled.jpg\",\"datePublished\":\"2024-02-17T13:18:50+00:00\",\"dateModified\":\"2024-02-17T13:18:51+00:00\",\"breadcrumb\":{\"@id\":\"https:\\\/\\\/ocoerente.com.br\\\/se\\\/2024\\\/02\\\/17\\\/populacao-de-muribeca-recebe-21a-edicao-do-sergipe-e-aqui-e-melhorias-do-governo-do-estado\\\/#breadcrumb\"},\"inLanguage\":\"pt-BR\",\"potentialAction\":[{\"@type\":\"ReadAction\",\"target\":[\"https:\\\/\\\/ocoerente.com.br\\\/se\\\/2024\\\/02\\\/17\\\/populacao-de-muribeca-recebe-21a-edicao-do-sergipe-e-aqui-e-melhorias-do-governo-do-estado\\\/\"]}]},{\"@type\":\"ImageObject\",\"inLanguage\":\"pt-BR\",\"@id\":\"https:\\\/\\\/ocoerente.com.br\\\/se\\\/2024\\\/02\\\/17\\\/populacao-de-muribeca-recebe-21a-edicao-do-sergipe-e-aqui-e-melhorias-do-governo-do-estado\\\/#primaryimage\",\"url\":\"https:\\\/\\\/ocoerente.com.br\\\/se\\\/wp-content\\\/uploads\\\/2024\\\/02\\\/sergipe-aqui-scaled.jpg\",\"contentUrl\":\"https:\\\/\\\/ocoerente.com.br\\\/se\\\/wp-content\\\/uploads\\\/2024\\\/02\\\/sergipe-aqui-scaled.jpg\",\"width\":2560,\"height\":1707,\"caption\":\"Fotos: Arthuro Paganini\"},{\"@type\":\"BreadcrumbList\",\"@id\":\"https:\\\/\\\/ocoerente.com.br\\\/se\\\/2024\\\/02\\\/17\\\/populacao-de-muribeca-recebe-21a-edicao-do-sergipe-e-aqui-e-melhorias-do-governo-do-estado\\\/#breadcrumb\",\"itemListElement\":[{\"@type\":\"ListItem\",\"position\":1,\"name\":\"In\u00edcio\",\"item\":\"https:\\\/\\\/ocoerente.com.br\\\/se\\\/\"},{\"@type\":\"ListItem\",\"position\":2,\"name\":\"Popula\u00e7\u00e3o de Muribeca recebe 21\u00aa edi\u00e7\u00e3o do \u2018Sergipe \u00e9 aqui\u2019 e melhorias do Governo do Estado\"}]},{\"@type\":\"WebSite\",\"@id\":\"https:\\\/\\\/ocoerente.com.br\\\/se\\\/#website\",\"url\":\"https:\\\/\\\/ocoerente.com.br\\\/se\\\/\",\"name\":\"O Coerente\",\"description\":\"\",\"publisher\":{\"@id\":\"https:\\\/\\\/ocoerente.com.br\\\/se\\\/#\\\/schema\\\/person\\\/cc6bfd9fbca465e23543b0c963d8d037\"},\"potentialAction\":[{\"@type\":\"SearchAction\",\"target\":{\"@type\":\"EntryPoint\",\"urlTemplate\":\"https:\\\/\\\/ocoerente.com.br\\\/se\\\/?s={search_term_string}\"},\"query-input\":{\"@type\":\"PropertyValueSpecification\",\"valueRequired\":true,\"valueName\":\"search_term_string\"}}],\"inLanguage\":\"pt-BR\"},{\"@type\":[\"Person\",\"Organization\"],\"@id\":\"https:\\\/\\\/ocoerente.com.br\\\/se\\\/#\\\/schema\\\/person\\\/cc6bfd9fbca465e23543b0c963d8d037\",\"name\":\"Reda\u00e7\u00e3o\",\"image\":{\"@type\":\"ImageObject\",\"inLanguage\":\"pt-BR\",\"@id\":\"https:\\\/\\\/ocoerente.com.br\\\/se\\\/wp-content\\\/uploads\\\/2020\\\/01\\\/ocoerente-1.png\",\"url\":\"https:\\\/\\\/ocoerente.com.br\\\/se\\\/wp-content\\\/uploads\\\/2020\\\/01\\\/ocoerente-1.png\",\"contentUrl\":\"https:\\\/\\\/ocoerente.com.br\\\/se\\\/wp-content\\\/uploads\\\/2020\\\/01\\\/ocoerente-1.png\",\"width\":50,\"height\":50,\"caption\":\"Reda\u00e7\u00e3o\"},\"logo\":{\"@id\":\"https:\\\/\\\/ocoerente.com.br\\\/se\\\/wp-content\\\/uploads\\\/2020\\\/01\\\/ocoerente-1.png\"},\"url\":\"https:\\\/\\\/ocoerente.com.br\\\/se\\\/author\\\/vasticlsales\\\/\"}]}<\/script>\n<!-- \/ Yoast SEO plugin. -->","yoast_head_json":{"title":"Popula\u00e7\u00e3o de Muribeca recebe 21\u00aa edi\u00e7\u00e3o do \u2018Sergipe \u00e9 aqui\u2019 e melhorias do Governo do Estado - O Coerente","robots":{"index":"index","follow":"follow","max-snippet":"max-snippet:-1","max-image-preview":"max-image-preview:large","max-video-preview":"max-video-preview:-1"},"canonical":"https:\/\/ocoerente.com.br\/se\/2024\/02\/17\/populacao-de-muribeca-recebe-21a-edicao-do-sergipe-e-aqui-e-melhorias-do-governo-do-estado\/","og_locale":"pt_BR","og_type":"article","og_title":"Popula\u00e7\u00e3o de Muribeca recebe 21\u00aa edi\u00e7\u00e3o do \u2018Sergipe \u00e9 aqui\u2019 e melhorias do Governo do Estado - O Coerente","og_description":"Durante realiza\u00e7\u00e3o do programa estadual, moradores da regi\u00e3o do baixo S\u00e3o Francisco aprovaram servi\u00e7os oferecidos por de mais de 20 secretarias, \u00f3rg\u00e3os e autarquias da administra\u00e7\u00e3o p\u00fablica estadual O programa \u2018Sergipe \u00e9 aqui\u2019 chegou a 21\u00aa edi\u00e7\u00e3o no munic\u00edpio de Muribeca nesta sexta-feira, 16. Localizado a 72 quil\u00f4metros de Aracaju e na regi\u00e3o do baixo [&hellip;]","og_url":"https:\/\/ocoerente.com.br\/se\/2024\/02\/17\/populacao-de-muribeca-recebe-21a-edicao-do-sergipe-e-aqui-e-melhorias-do-governo-do-estado\/","og_site_name":"O Coerente","article_published_time":"2024-02-17T13:18:50+00:00","article_modified_time":"2024-02-17T13:18:51+00:00","og_image":[{"width":2560,"height":1707,"url":"https:\/\/ocoerente.com.br\/se\/wp-content\/uploads\/2024\/02\/sergipe-aqui-scaled.jpg","type":"image\/jpeg"}],"author":"Reda\u00e7\u00e3o","twitter_card":"summary_large_image","twitter_misc":{"Escrito por":"Reda\u00e7\u00e3o","Est. tempo de leitura":"6 minutos"},"schema":{"@context":"https:\/\/schema.org","@graph":[{"@type":"Article","@id":"https:\/\/ocoerente.com.br\/se\/2024\/02\/17\/populacao-de-muribeca-recebe-21a-edicao-do-sergipe-e-aqui-e-melhorias-do-governo-do-estado\/#article","isPartOf":{"@id":"https:\/\/ocoerente.com.br\/se\/2024\/02\/17\/populacao-de-muribeca-recebe-21a-edicao-do-sergipe-e-aqui-e-melhorias-do-governo-do-estado\/"},"author":{"name":"Reda\u00e7\u00e3o","@id":"https:\/\/ocoerente.com.br\/se\/#\/schema\/person\/cc6bfd9fbca465e23543b0c963d8d037"},"headline":"Popula\u00e7\u00e3o de Muribeca recebe 21\u00aa edi\u00e7\u00e3o do \u2018Sergipe \u00e9 aqui\u2019 e melhorias do Governo do Estado","datePublished":"2024-02-17T13:18:50+00:00","dateModified":"2024-02-17T13:18:51+00:00","mainEntityOfPage":{"@id":"https:\/\/ocoerente.com.br\/se\/2024\/02\/17\/populacao-de-muribeca-recebe-21a-edicao-do-sergipe-e-aqui-e-melhorias-do-governo-do-estado\/"},"wordCount":1180,"publisher":{"@id":"https:\/\/ocoerente.com.br\/se\/#\/schema\/person\/cc6bfd9fbca465e23543b0c963d8d037"},"image":{"@id":"https:\/\/ocoerente.com.br\/se\/2024\/02\/17\/populacao-de-muribeca-recebe-21a-edicao-do-sergipe-e-aqui-e-melhorias-do-governo-do-estado\/#primaryimage"},"thumbnailUrl":"https:\/\/ocoerente.com.br\/se\/wp-content\/uploads\/2024\/02\/sergipe-aqui-scaled.jpg","articleSection":["Destaques","Sergipe"],"inLanguage":"pt-BR"},{"@type":"WebPage","@id":"https:\/\/ocoerente.com.br\/se\/2024\/02\/17\/populacao-de-muribeca-recebe-21a-edicao-do-sergipe-e-aqui-e-melhorias-do-governo-do-estado\/","url":"https:\/\/ocoerente.com.br\/se\/2024\/02\/17\/populacao-de-muribeca-recebe-21a-edicao-do-sergipe-e-aqui-e-melhorias-do-governo-do-estado\/","name":"Popula\u00e7\u00e3o de Muribeca recebe 21\u00aa edi\u00e7\u00e3o do \u2018Sergipe \u00e9 aqui\u2019 e melhorias do Governo do Estado - O Coerente","isPartOf":{"@id":"https:\/\/ocoerente.com.br\/se\/#website"},"primaryImageOfPage":{"@id":"https:\/\/ocoerente.com.br\/se\/2024\/02\/17\/populacao-de-muribeca-recebe-21a-edicao-do-sergipe-e-aqui-e-melhorias-do-governo-do-estado\/#primaryimage"},"image":{"@id":"https:\/\/ocoerente.com.br\/se\/2024\/02\/17\/populacao-de-muribeca-recebe-21a-edicao-do-sergipe-e-aqui-e-melhorias-do-governo-do-estado\/#primaryimage"},"thumbnailUrl":"https:\/\/ocoerente.com.br\/se\/wp-content\/uploads\/2024\/02\/sergipe-aqui-scaled.jpg","datePublished":"2024-02-17T13:18:50+00:00","dateModified":"2024-02-17T13:18:51+00:00","breadcrumb":{"@id":"https:\/\/ocoerente.com.br\/se\/2024\/02\/17\/populacao-de-muribeca-recebe-21a-edicao-do-sergipe-e-aqui-e-melhorias-do-governo-do-estado\/#breadcrumb"},"inLanguage":"pt-BR","potentialAction":[{"@type":"ReadAction","target":["https:\/\/ocoerente.com.br\/se\/2024\/02\/17\/populacao-de-muribeca-recebe-21a-edicao-do-sergipe-e-aqui-e-melhorias-do-governo-do-estado\/"]}]},{"@type":"ImageObject","inLanguage":"pt-BR","@id":"https:\/\/ocoerente.com.br\/se\/2024\/02\/17\/populacao-de-muribeca-recebe-21a-edicao-do-sergipe-e-aqui-e-melhorias-do-governo-do-estado\/#primaryimage","url":"https:\/\/ocoerente.com.br\/se\/wp-content\/uploads\/2024\/02\/sergipe-aqui-scaled.jpg","contentUrl":"https:\/\/ocoerente.com.br\/se\/wp-content\/uploads\/2024\/02\/sergipe-aqui-scaled.jpg","width":2560,"height":1707,"caption":"Fotos: Arthuro Paganini"},{"@type":"BreadcrumbList","@id":"https:\/\/ocoerente.com.br\/se\/2024\/02\/17\/populacao-de-muribeca-recebe-21a-edicao-do-sergipe-e-aqui-e-melhorias-do-governo-do-estado\/#breadcrumb","itemListElement":[{"@type":"ListItem","position":1,"name":"In\u00edcio","item":"https:\/\/ocoerente.com.br\/se\/"},{"@type":"ListItem","position":2,"name":"Popula\u00e7\u00e3o de Muribeca recebe 21\u00aa edi\u00e7\u00e3o do \u2018Sergipe \u00e9 aqui\u2019 e melhorias do Governo do Estado"}]},{"@type":"WebSite","@id":"https:\/\/ocoerente.com.br\/se\/#website","url":"https:\/\/ocoerente.com.br\/se\/","name":"O Coerente","description":"","publisher":{"@id":"https:\/\/ocoerente.com.br\/se\/#\/schema\/person\/cc6bfd9fbca465e23543b0c963d8d037"},"potentialAction":[{"@type":"SearchAction","target":{"@type":"EntryPoint","urlTemplate":"https:\/\/ocoerente.com.br\/se\/?s={search_term_string}"},"query-input":{"@type":"PropertyValueSpecification","valueRequired":true,"valueName":"search_term_string"}}],"inLanguage":"pt-BR"},{"@type":["Person","Organization"],"@id":"https:\/\/ocoerente.com.br\/se\/#\/schema\/person\/cc6bfd9fbca465e23543b0c963d8d037","name":"Reda\u00e7\u00e3o","image":{"@type":"ImageObject","inLanguage":"pt-BR","@id":"https:\/\/ocoerente.com.br\/se\/wp-content\/uploads\/2020\/01\/ocoerente-1.png","url":"https:\/\/ocoerente.com.br\/se\/wp-content\/uploads\/2020\/01\/ocoerente-1.png","contentUrl":"https:\/\/ocoerente.com.br\/se\/wp-content\/uploads\/2020\/01\/ocoerente-1.png","width":50,"height":50,"caption":"Reda\u00e7\u00e3o"},"logo":{"@id":"https:\/\/ocoerente.com.br\/se\/wp-content\/uploads\/2020\/01\/ocoerente-1.png"},"url":"https:\/\/ocoerente.com.br\/se\/author\/vasticlsales\/"}]}},"_links":{"self":[{"href":"https:\/\/ocoerente.com.br\/se\/wp-json\/wp\/v2\/posts\/8391","targetHints":{"allow":["GET"]}}],"collection":[{"href":"https:\/\/ocoerente.com.br\/se\/wp-json\/wp\/v2\/posts"}],"about":[{"href":"https:\/\/ocoerente.com.br\/se\/wp-json\/wp\/v2\/types\/post"}],"author":[{"embeddable":true,"href":"https:\/\/ocoerente.com.br\/se\/wp-json\/wp\/v2\/users\/1"}],"replies":[{"embeddable":true,"href":"https:\/\/ocoerente.com.br\/se\/wp-json\/wp\/v2\/comments?post=8391"}],"version-history":[{"count":1,"href":"https:\/\/ocoerente.com.br\/se\/wp-json\/wp\/v2\/posts\/8391\/revisions"}],"predecessor-version":[{"id":8393,"href":"https:\/\/ocoerente.com.br\/se\/wp-json\/wp\/v2\/posts\/8391\/revisions\/8393"}],"wp:featuredmedia":[{"embeddable":true,"href":"https:\/\/ocoerente.com.br\/se\/wp-json\/wp\/v2\/media\/8392"}],"wp:attachment":[{"href":"https:\/\/ocoerente.com.br\/se\/wp-json\/wp\/v2\/media?parent=8391"}],"wp:term":[{"taxonomy":"category","embeddable":true,"href":"https:\/\/ocoerente.com.br\/se\/wp-json\/wp\/v2\/categories?post=8391"},{"taxonomy":"post_tag","embeddable":true,"href":"https:\/\/ocoerente.com.br\/se\/wp-json\/wp\/v2\/tags?post=8391"}],"curies":[{"name":"wp","href":"https:\/\/api.w.org\/{rel}","templated":true}]}}