{"id":8388,"date":"2024-02-17T10:16:57","date_gmt":"2024-02-17T13:16:57","guid":{"rendered":"https:\/\/ocoerente.com.br\/se\/?p=8388"},"modified":"2024-02-17T10:16:58","modified_gmt":"2024-02-17T13:16:58","slug":"governador-anuncia-investimentos-e-entrega-obras-em-muribeca-durante-21a-edicao-do-sergipe-e-aqui","status":"publish","type":"post","link":"https:\/\/ocoerente.com.br\/se\/2024\/02\/17\/governador-anuncia-investimentos-e-entrega-obras-em-muribeca-durante-21a-edicao-do-sergipe-e-aqui\/","title":{"rendered":"Governador anuncia investimentos e entrega obras em Muribeca durante 21\u00aa edi\u00e7\u00e3o do \u2018Sergipe \u00e9 aqui\u2019"},"content":{"rendered":"\n<p><em>A pr\u00f3xima edi\u00e7\u00e3o do programa itinerante ser\u00e1 realizada em Cumbe, no dia 22 de fevereiro<\/em><\/p>\n\n\n\n<p>Mais investimentos do Governo de Sergipe para o baixo S\u00e3o Francisco, desta vez, para o munic\u00edpio de Muribeca, que recebeu nesta sexta-feira, 16, a 21\u00aa edi\u00e7\u00e3o do programa itinerante \u2018Sergipe \u00e9 aqui\u2019. Refor\u00e7ando o comprometimento em atender as demandas locais, o governador F\u00e1bio Mitidieri entregou e anunciou obras estruturantes, transformando Muribeca na capital do estado por um dia. A pr\u00f3xima edi\u00e7\u00e3o ser\u00e1 realizada em Cumbe, no dia 22 de fevereiro.<\/p>\n\n\n\n<p>No povoado Camar\u00e1, em Muribeca, F\u00e1bio Mitidieri visitou a pavimenta\u00e7\u00e3o gran\u00edtica de ruas da localidade, fruto de um investimento de mais de R$ 3 milh\u00f5es. A obra beneficia a \u00e1rea onde funcionar\u00e1 o novo frigor\u00edfico da regi\u00e3o, num investimento estimado em R$ 14 milh\u00f5es, com expectativa de gerar 200 empregos. Al\u00e9m disso, F\u00e1bio entregou a reestrutura\u00e7\u00e3o da rodovia SE-220 e o trecho que vai at\u00e9 a sede de Muribeca. A reestrutura\u00e7\u00e3o recebeu investimento de R$ 39.797.153,63, numa extens\u00e3o total de 25,36 quil\u00f4metros.<\/p>\n\n\n\n<p>Com as obras, a gest\u00e3o estadual visa garantir melhoria das condi\u00e7\u00f5es e a seguran\u00e7a aos que trafegam por essa rodovia, bem como melhorar o escoamento de produ\u00e7\u00e3o da regi\u00e3o, contribuindo com o desenvolvimento econ\u00f4mico n\u00e3o apenas do munic\u00edpio e adjac\u00eancias, mas de todo estado. Na ocasi\u00e3o, o governador F\u00e1bio Mitidieri assinou ordem de servi\u00e7o para a duplica\u00e7\u00e3o da pavimenta\u00e7\u00e3o asf\u00e1ltica da rodovia SE-220, com acesso \u00e0 cidade de Aquidab\u00e3, num investimento de R$ 5.079630,08.<\/p>\n\n\n\n<p>\u201cHoje, Muribeca se torna, por um dia, a capital do estado com o \u2018Sergipe aqui\u2019, e j\u00e1 chegamos entregando investimentos t\u00e3o relevantes. S\u00e3o obras que proporcionam mais seguran\u00e7a e dignidade para essas pessoas que aguardavam h\u00e1 tanto tempo. Al\u00e9m disso, temos a expectativa pelo \u2018Sergipe aqui\u2019, que traz toda a estrutura do governo, com mais de 160 servi\u00e7os ofertados, mais de quatro mil atendimentos por edi\u00e7\u00e3o, e a popula\u00e7\u00e3o gosta, porque num \u00fanico local consegue ter acesso a servi\u00e7os que, \u00e0s vezes, esperava h\u00e1 anos. Com isso, a gente consegue realizar tudo dentro do mesmo dia, trazendo mais comodidade, mais conforto para a popula\u00e7\u00e3o e, obviamente, melhorando a rela\u00e7\u00e3o do governo com as pessoas\u201d, destacou o governador.<\/p>\n\n\n\n<p>O chefe do Executivo estadual tamb\u00e9m comemorou os mais de 90 mil atendimentos realizados em 20 edi\u00e7\u00f5es anteriores da a\u00e7\u00e3o itinerante. \u201cIsso significa que o governo est\u00e1 atuando, trabalhando, chegando na ponta, para quem mais precisa; que estamos ouvindo as pessoas e trazendo servi\u00e7os. \u00c9 isto que o povo espera: um governo que trabalha, que tem entrega, humano, que ouve a sociedade!\u201d, concluiu.<\/p>\n\n\n\n<p>Segundo o prefeito de Muribeca, M\u00e1rio de Sandra, a cidade aguardava ansiosamente pelas obras do Governo do Estado e pela edi\u00e7\u00e3o do \u2018Sergipe aqui\u2019. \u201c\u00c9 um dia muito importante, sobretudo porque Muribeca hoje \u00e9 a capital de Sergipe. O governador vem \u00e0 cidade fazer a entrega de obras important\u00edssimas. Fizemos uma visita t\u00e9cnica da rodovia estadual, que foi integralmente pavimentada por meio do Governo do Estado, que atraiu um investimento do novo frigor\u00edfico da regi\u00e3o, estimado em R$ 14 milh\u00f5es de reais, com expectativa de gerar 200 empregos. Estamos tamb\u00e9m entregando as rodovias estaduais SE-220 e SE-062, tamb\u00e9m investimentos do Estado, al\u00e9m dos mais de 160 servi\u00e7os ofertados no \u2018Sergipe \u00e9 aqui\u2019 para o povo de Muribeca e para toda a regi\u00e3o\u201d, sintetizou.<\/p>\n\n\n\n<p>Ainda de acordo com o prefeito de Muribeca, a reestrutura\u00e7\u00e3o da rodovia vai facilitar o escoamento de produtos e o desenvolvimento econ\u00f4mico da regi\u00e3o.&nbsp; \u201cIsso \u00e9 muito importante, porque n\u00f3s ficamos aqui em uma regi\u00e3o que \u00e9 estrat\u00e9gica porque \u00e9 central. A gente interliga aqui o m\u00e9dio sert\u00e3o e todo o baixo S\u00e3o Francisco, com acesso direto \u00e0 BR-101. Ent\u00e3o o escoamento de toda a produ\u00e7\u00e3o da cana de a\u00e7\u00facar, o abacaxi, enfim, todos os produtos que s\u00e3o produzidos aqui agora ter\u00e3o a possibilidade de ter um tr\u00e1fego seguro, assim como tamb\u00e9m o transporte de passageiros, evitando acidentes e levando dignidade a todo o povo da regi\u00e3o\u201d, exp\u00f4s.<\/p>\n\n\n\n<p>O secret\u00e1rio de Estado da Secretaria de Estado do Desenvolvimento Urbano e Infraestrutura, Luiz Roberto Dantas, ressaltou que a pavimenta\u00e7\u00e3o gran\u00edtica do povoado Camar\u00e1, que interliga a localidade \u00e0 BR-101, com extens\u00e3o de dois quil\u00f4metros de pavimenta\u00e7\u00e3o, com 22 mil metros quadrados, vai beneficiar investimentos e escoamento agr\u00edcola.&nbsp;<\/p>\n\n\n\n<p>Ainda segundo Luiz Roberto, somados, os investimentos realizados pelo Estado no munic\u00edpio contabilizam cerca de R$ 43 milh\u00f5es. \u201cSe calcularmos esses R$ 39 milh\u00f5es da reestrutura\u00e7\u00e3o da rodovia Coronel Milton Pereira de Azevedo (SE-220), com os R$ 3 milh\u00f5es do povoado Camar\u00e1, temos algo em torno de R$ 43 milh\u00f5es de investimentos do Governo de Estado, somente beneficiando o munic\u00edpio de Muribeca, porque 90% da rodovia BR-101, at\u00e9 o munic\u00edpio de Aquidab\u00e3, fica no territ\u00f3rio de Muribeca, e apenas 10% em Aquidab\u00e3\u201d, detalhou.<\/p>\n\n\n\n<p><strong>Outras assinaturas<\/strong><\/p>\n\n\n\n<p>Ap\u00f3s visita aos estandes do \u2018Sergipe \u00e9 aqui\u2019, o governador assinou autoriza\u00e7\u00e3o para a constru\u00e7\u00e3o de reservat\u00f3rio elevado de 400 metros c\u00fabicos da Companhia de Saneamento de Sergipe (Deso) em Muribeca; ordem de servi\u00e7o para a constru\u00e7\u00e3o do espa\u00e7o multieventos, em parceria com a Prefeitura e a Companhia de Desenvolvimento do Vale S\u00e3o Francisco (Codevasf), fruto de emenda de F\u00e1bio Mitidieri enquanto era deputado federal; ordem de servi\u00e7o para a constru\u00e7\u00e3o de ponte do campo; ordem de servi\u00e7o para a pavimenta\u00e7\u00e3o asf\u00e1ltica de 11 mil metros quadrados de ruas da sede do munic\u00edpio, tamb\u00e9m em parceria com a&nbsp;Prefeitura e a Codevasf.<\/p>\n\n\n\n<p>O chefe do Executivo Estadual ainda autorizou licita\u00e7\u00e3o da constru\u00e7\u00e3o da Arena S\u00e3o Pedro; assinou termo de ades\u00e3o ao programa \u2018Co.liga\u2019 entre a Organiza\u00e7\u00e3o dos Estados Ibero-americanos para a Educa\u00e7\u00e3o, a Ci\u00eancia e a Cultura (OEI), a Funda\u00e7\u00e3o Roberto Marinho e o Governo do Estado, al\u00e9m de termo de coopera\u00e7\u00e3o do \u2018Sergipe \u00e9 aqui\u2019 com o munic\u00edpio de Cumbe.<\/p>\n\n\n\n<p><strong>Espa\u00e7o Co.liga<\/strong><\/p>\n\n\n\n<p>Ainda no munic\u00edpio, F\u00e1bio Mitidieri inaugurou o laborat\u00f3rio Co.liga, escola virtual de economia criativa que oferece cursos gratuitos a jovens. O \u2018Espa\u00e7o Co.Liga\u2019 fica na rua Jackson de Figueiredo, pr\u00e9dio do antigo f\u00f3rum, e oferecer\u00e1 oportunidades de forma\u00e7\u00e3o \u00e0 juventude, com monitores para orientarem quem quiser se matricular nos cerca de 40 cursos da institui\u00e7\u00e3o.&nbsp;<\/p>\n\n\n\n<p>Esse \u00e9 o primeiro laborat\u00f3rio da Co.liga no estado. A a\u00e7\u00e3o foi poss\u00edvel gra\u00e7as \u00e0 parceria com o Governo do Estado, que disponibilizou o pr\u00e9dio e o mobili\u00e1rio para a implanta\u00e7\u00e3o do espa\u00e7o. De acordo com F\u00e1bio Mitidieri, o objetivo \u00e9 potencializar e alavancar ainda mais a participa\u00e7\u00e3o da juventude de Muribeca nos cursos e oportunidades que a escola oferece. \u201cAmpliar o acesso da juventude ao mercado de trabalho \u00e9 uma das prioridades do Governo do Estado, e essa parceria, com certeza, vai possibilitar que os jovens tenham acesso a uma internet r\u00e1pida e de qualidade, com a disponibilidade de um grande leque de cursos, que v\u00e3o prepar\u00e1-los a empreender com inova\u00e7\u00e3o, criatividade e organiza\u00e7\u00e3o\u201d, destacou.<\/p>\n\n\n\n<p>A Co.liga \u00e9 uma escola online, iniciativa da Organiza\u00e7\u00e3o de Estados Ibero-americanos para a Educa\u00e7\u00e3o, a Ci\u00eancia e a Cultura (OEI), em parceria com a Funda\u00e7\u00e3o Roberto Marinho (FRM), que oferece cursos gratuitos e outras oportunidades na \u00e1rea por meio de uma plataforma digital, conectando jovens, profissionais e empresas de diferentes \u00e1reas de atua\u00e7\u00e3o no setor de economia criativa.&nbsp;<\/p>\n\n\n\n<p>Os cursos s\u00e3o de curta dura\u00e7\u00e3o nos segmentos de m\u00fasica, artes visuais, design, multim\u00eddia, patrim\u00f4nio, tecnologia e produ\u00e7\u00e3o cultural, mentorias com profissionais, oportunidades de trabalho e programa\u00e7\u00e3o cultural. O conte\u00fado pode ser acessado em https:\/\/coliga.digital\/.<\/p>\n\n\n\n<p><strong>Sergipe \u00e9 aqui<\/strong><\/p>\n\n\n\n<p>As atividades foram concentradas no Col\u00e9gio Municipal Senador Walter Franco e mais de 160 servi\u00e7os e a\u00e7\u00f5es prestados por mais de 20 secretarias, \u00f3rg\u00e3os e autarquias da administra\u00e7\u00e3o p\u00fablica estadual foram ofertados. Dentre eles, renova\u00e7\u00e3o da carteira de habilita\u00e7\u00e3o (CNH), exames m\u00e9dicos e odontol\u00f3gicos, palestras sobre diversos temas, vacina\u00e7\u00e3o, emiss\u00e3o de documentos, orienta\u00e7\u00f5es jur\u00eddicas, cadastro da tarifa social, recadastramento da tarifa rural, troca de titularidade e negocia\u00e7\u00e3o de d\u00e9bitos. A novidade desta edi\u00e7\u00e3o foi a inser\u00e7\u00e3o dos servi\u00e7os do Ipesa\u00fade no rol do que foi ofertado \u00e0 popula\u00e7\u00e3o de Muribeca.<\/p>\n\n\n\n<p>O governo itinerante \u00e9 coordenado pela Secretaria de Estado da Casa Civil (SECC) e foi criado com a finalidade de aproximar a gest\u00e3o estadual da popula\u00e7\u00e3o do interior do estado. A meta \u00e9 alcan\u00e7ar os 75 munic\u00edpios sergipanos ao longo dos quatro anos de gest\u00e3o. O programa do Governo do Estado j\u00e1 levou seus servi\u00e7os aos munic\u00edpios de Boquim, Porto da Folha, Propri\u00e1, Nossa Senhora das Dores, Itabaianinha, Est\u00e2ncia, Frei Paulo, Itaporanga d\u2019Ajuda, Capela, Carm\u00f3polis, Santo Amaro das Brotas, Ilha das Flores, Riachuelo, Campo do Brito, Tobias Barreto, Po\u00e7o Verde, Nossa Senhora da Gl\u00f3ria e Laranjeiras, Gararu e Santana do S\u00e3o Francisco.<\/p>\n\n\n\n<p>Governo de Sergipe<\/p>\n","protected":false},"excerpt":{"rendered":"<p>A pr\u00f3xima edi\u00e7\u00e3o do programa itinerante ser\u00e1 realizada em Cumbe, no dia 22 de fevereiro Mais investimentos do Governo de Sergipe para o baixo S\u00e3o Francisco, desta vez, para o munic\u00edpio de Muribeca, que recebeu nesta sexta-feira, 16, a 21\u00aa edi\u00e7\u00e3o do programa itinerante \u2018Sergipe \u00e9 aqui\u2019. Refor\u00e7ando o comprometimento em atender as demandas locais, [&hellip;]<\/p>\n","protected":false},"author":1,"featured_media":8389,"comment_status":"closed","ping_status":"closed","sticky":false,"template":"","format":"standard","meta":{"footnotes":""},"categories":[53,55],"tags":[],"class_list":["post-8388","post","type-post","status-publish","format-standard","has-post-thumbnail","hentry","category-destaques","category-economia"],"yoast_head":"<!-- This site is optimized with the Yoast SEO plugin v27.4 - https:\/\/yoast.com\/product\/yoast-seo-wordpress\/ -->\n<title>Governador anuncia investimentos e entrega obras em Muribeca durante 21\u00aa edi\u00e7\u00e3o do \u2018Sergipe \u00e9 aqui\u2019 - O Coerente<\/title>\n<meta name=\"robots\" content=\"index, follow, max-snippet:-1, max-image-preview:large, max-video-preview:-1\" \/>\n<link rel=\"canonical\" href=\"https:\/\/ocoerente.com.br\/se\/2024\/02\/17\/governador-anuncia-investimentos-e-entrega-obras-em-muribeca-durante-21a-edicao-do-sergipe-e-aqui\/\" \/>\n<meta property=\"og:locale\" content=\"pt_BR\" \/>\n<meta property=\"og:type\" content=\"article\" \/>\n<meta property=\"og:title\" content=\"Governador anuncia investimentos e entrega obras em Muribeca durante 21\u00aa edi\u00e7\u00e3o do \u2018Sergipe \u00e9 aqui\u2019 - O Coerente\" \/>\n<meta property=\"og:description\" content=\"A pr\u00f3xima edi\u00e7\u00e3o do programa itinerante ser\u00e1 realizada em Cumbe, no dia 22 de fevereiro Mais investimentos do Governo de Sergipe para o baixo S\u00e3o Francisco, desta vez, para o munic\u00edpio de Muribeca, que recebeu nesta sexta-feira, 16, a 21\u00aa edi\u00e7\u00e3o do programa itinerante \u2018Sergipe \u00e9 aqui\u2019. Refor\u00e7ando o comprometimento em atender as demandas locais, [&hellip;]\" \/>\n<meta property=\"og:url\" content=\"https:\/\/ocoerente.com.br\/se\/2024\/02\/17\/governador-anuncia-investimentos-e-entrega-obras-em-muribeca-durante-21a-edicao-do-sergipe-e-aqui\/\" \/>\n<meta property=\"og:site_name\" content=\"O Coerente\" \/>\n<meta property=\"article:published_time\" content=\"2024-02-17T13:16:57+00:00\" \/>\n<meta property=\"article:modified_time\" content=\"2024-02-17T13:16:58+00:00\" \/>\n<meta property=\"og:image\" content=\"https:\/\/ocoerente.com.br\/se\/wp-content\/uploads\/2024\/02\/Muribecaaa.jpg\" \/>\n\t<meta property=\"og:image:width\" content=\"1100\" \/>\n\t<meta property=\"og:image:height\" content=\"610\" \/>\n\t<meta property=\"og:image:type\" content=\"image\/jpeg\" \/>\n<meta name=\"author\" content=\"Reda\u00e7\u00e3o\" \/>\n<meta name=\"twitter:card\" content=\"summary_large_image\" \/>\n<meta name=\"twitter:label1\" content=\"Escrito por\" \/>\n\t<meta name=\"twitter:data1\" content=\"Reda\u00e7\u00e3o\" \/>\n\t<meta name=\"twitter:label2\" content=\"Est. tempo de leitura\" \/>\n\t<meta name=\"twitter:data2\" content=\"8 minutos\" \/>\n<script type=\"application\/ld+json\" class=\"yoast-schema-graph\">{\"@context\":\"https:\\\/\\\/schema.org\",\"@graph\":[{\"@type\":\"Article\",\"@id\":\"https:\\\/\\\/ocoerente.com.br\\\/se\\\/2024\\\/02\\\/17\\\/governador-anuncia-investimentos-e-entrega-obras-em-muribeca-durante-21a-edicao-do-sergipe-e-aqui\\\/#article\",\"isPartOf\":{\"@id\":\"https:\\\/\\\/ocoerente.com.br\\\/se\\\/2024\\\/02\\\/17\\\/governador-anuncia-investimentos-e-entrega-obras-em-muribeca-durante-21a-edicao-do-sergipe-e-aqui\\\/\"},\"author\":{\"name\":\"Reda\u00e7\u00e3o\",\"@id\":\"https:\\\/\\\/ocoerente.com.br\\\/se\\\/#\\\/schema\\\/person\\\/cc6bfd9fbca465e23543b0c963d8d037\"},\"headline\":\"Governador anuncia investimentos e entrega obras em Muribeca durante 21\u00aa edi\u00e7\u00e3o do \u2018Sergipe \u00e9 aqui\u2019\",\"datePublished\":\"2024-02-17T13:16:57+00:00\",\"dateModified\":\"2024-02-17T13:16:58+00:00\",\"mainEntityOfPage\":{\"@id\":\"https:\\\/\\\/ocoerente.com.br\\\/se\\\/2024\\\/02\\\/17\\\/governador-anuncia-investimentos-e-entrega-obras-em-muribeca-durante-21a-edicao-do-sergipe-e-aqui\\\/\"},\"wordCount\":1581,\"publisher\":{\"@id\":\"https:\\\/\\\/ocoerente.com.br\\\/se\\\/#\\\/schema\\\/person\\\/cc6bfd9fbca465e23543b0c963d8d037\"},\"image\":{\"@id\":\"https:\\\/\\\/ocoerente.com.br\\\/se\\\/2024\\\/02\\\/17\\\/governador-anuncia-investimentos-e-entrega-obras-em-muribeca-durante-21a-edicao-do-sergipe-e-aqui\\\/#primaryimage\"},\"thumbnailUrl\":\"https:\\\/\\\/ocoerente.com.br\\\/se\\\/wp-content\\\/uploads\\\/2024\\\/02\\\/Muribecaaa.jpg\",\"articleSection\":[\"Destaques\",\"Economia\"],\"inLanguage\":\"pt-BR\"},{\"@type\":\"WebPage\",\"@id\":\"https:\\\/\\\/ocoerente.com.br\\\/se\\\/2024\\\/02\\\/17\\\/governador-anuncia-investimentos-e-entrega-obras-em-muribeca-durante-21a-edicao-do-sergipe-e-aqui\\\/\",\"url\":\"https:\\\/\\\/ocoerente.com.br\\\/se\\\/2024\\\/02\\\/17\\\/governador-anuncia-investimentos-e-entrega-obras-em-muribeca-durante-21a-edicao-do-sergipe-e-aqui\\\/\",\"name\":\"Governador anuncia investimentos e entrega obras em Muribeca durante 21\u00aa edi\u00e7\u00e3o do \u2018Sergipe \u00e9 aqui\u2019 - O Coerente\",\"isPartOf\":{\"@id\":\"https:\\\/\\\/ocoerente.com.br\\\/se\\\/#website\"},\"primaryImageOfPage\":{\"@id\":\"https:\\\/\\\/ocoerente.com.br\\\/se\\\/2024\\\/02\\\/17\\\/governador-anuncia-investimentos-e-entrega-obras-em-muribeca-durante-21a-edicao-do-sergipe-e-aqui\\\/#primaryimage\"},\"image\":{\"@id\":\"https:\\\/\\\/ocoerente.com.br\\\/se\\\/2024\\\/02\\\/17\\\/governador-anuncia-investimentos-e-entrega-obras-em-muribeca-durante-21a-edicao-do-sergipe-e-aqui\\\/#primaryimage\"},\"thumbnailUrl\":\"https:\\\/\\\/ocoerente.com.br\\\/se\\\/wp-content\\\/uploads\\\/2024\\\/02\\\/Muribecaaa.jpg\",\"datePublished\":\"2024-02-17T13:16:57+00:00\",\"dateModified\":\"2024-02-17T13:16:58+00:00\",\"breadcrumb\":{\"@id\":\"https:\\\/\\\/ocoerente.com.br\\\/se\\\/2024\\\/02\\\/17\\\/governador-anuncia-investimentos-e-entrega-obras-em-muribeca-durante-21a-edicao-do-sergipe-e-aqui\\\/#breadcrumb\"},\"inLanguage\":\"pt-BR\",\"potentialAction\":[{\"@type\":\"ReadAction\",\"target\":[\"https:\\\/\\\/ocoerente.com.br\\\/se\\\/2024\\\/02\\\/17\\\/governador-anuncia-investimentos-e-entrega-obras-em-muribeca-durante-21a-edicao-do-sergipe-e-aqui\\\/\"]}]},{\"@type\":\"ImageObject\",\"inLanguage\":\"pt-BR\",\"@id\":\"https:\\\/\\\/ocoerente.com.br\\\/se\\\/2024\\\/02\\\/17\\\/governador-anuncia-investimentos-e-entrega-obras-em-muribeca-durante-21a-edicao-do-sergipe-e-aqui\\\/#primaryimage\",\"url\":\"https:\\\/\\\/ocoerente.com.br\\\/se\\\/wp-content\\\/uploads\\\/2024\\\/02\\\/Muribecaaa.jpg\",\"contentUrl\":\"https:\\\/\\\/ocoerente.com.br\\\/se\\\/wp-content\\\/uploads\\\/2024\\\/02\\\/Muribecaaa.jpg\",\"width\":1100,\"height\":610,\"caption\":\"Fotos: Arthur Soares e C\u00e9sar de Oliveira\"},{\"@type\":\"BreadcrumbList\",\"@id\":\"https:\\\/\\\/ocoerente.com.br\\\/se\\\/2024\\\/02\\\/17\\\/governador-anuncia-investimentos-e-entrega-obras-em-muribeca-durante-21a-edicao-do-sergipe-e-aqui\\\/#breadcrumb\",\"itemListElement\":[{\"@type\":\"ListItem\",\"position\":1,\"name\":\"In\u00edcio\",\"item\":\"https:\\\/\\\/ocoerente.com.br\\\/se\\\/\"},{\"@type\":\"ListItem\",\"position\":2,\"name\":\"Governador anuncia investimentos e entrega obras em Muribeca durante 21\u00aa edi\u00e7\u00e3o do \u2018Sergipe \u00e9 aqui\u2019\"}]},{\"@type\":\"WebSite\",\"@id\":\"https:\\\/\\\/ocoerente.com.br\\\/se\\\/#website\",\"url\":\"https:\\\/\\\/ocoerente.com.br\\\/se\\\/\",\"name\":\"O Coerente\",\"description\":\"\",\"publisher\":{\"@id\":\"https:\\\/\\\/ocoerente.com.br\\\/se\\\/#\\\/schema\\\/person\\\/cc6bfd9fbca465e23543b0c963d8d037\"},\"potentialAction\":[{\"@type\":\"SearchAction\",\"target\":{\"@type\":\"EntryPoint\",\"urlTemplate\":\"https:\\\/\\\/ocoerente.com.br\\\/se\\\/?s={search_term_string}\"},\"query-input\":{\"@type\":\"PropertyValueSpecification\",\"valueRequired\":true,\"valueName\":\"search_term_string\"}}],\"inLanguage\":\"pt-BR\"},{\"@type\":[\"Person\",\"Organization\"],\"@id\":\"https:\\\/\\\/ocoerente.com.br\\\/se\\\/#\\\/schema\\\/person\\\/cc6bfd9fbca465e23543b0c963d8d037\",\"name\":\"Reda\u00e7\u00e3o\",\"image\":{\"@type\":\"ImageObject\",\"inLanguage\":\"pt-BR\",\"@id\":\"https:\\\/\\\/ocoerente.com.br\\\/se\\\/wp-content\\\/uploads\\\/2020\\\/01\\\/ocoerente-1.png\",\"url\":\"https:\\\/\\\/ocoerente.com.br\\\/se\\\/wp-content\\\/uploads\\\/2020\\\/01\\\/ocoerente-1.png\",\"contentUrl\":\"https:\\\/\\\/ocoerente.com.br\\\/se\\\/wp-content\\\/uploads\\\/2020\\\/01\\\/ocoerente-1.png\",\"width\":50,\"height\":50,\"caption\":\"Reda\u00e7\u00e3o\"},\"logo\":{\"@id\":\"https:\\\/\\\/ocoerente.com.br\\\/se\\\/wp-content\\\/uploads\\\/2020\\\/01\\\/ocoerente-1.png\"},\"url\":\"https:\\\/\\\/ocoerente.com.br\\\/se\\\/author\\\/vasticlsales\\\/\"}]}<\/script>\n<!-- \/ Yoast SEO plugin. -->","yoast_head_json":{"title":"Governador anuncia investimentos e entrega obras em Muribeca durante 21\u00aa edi\u00e7\u00e3o do \u2018Sergipe \u00e9 aqui\u2019 - O Coerente","robots":{"index":"index","follow":"follow","max-snippet":"max-snippet:-1","max-image-preview":"max-image-preview:large","max-video-preview":"max-video-preview:-1"},"canonical":"https:\/\/ocoerente.com.br\/se\/2024\/02\/17\/governador-anuncia-investimentos-e-entrega-obras-em-muribeca-durante-21a-edicao-do-sergipe-e-aqui\/","og_locale":"pt_BR","og_type":"article","og_title":"Governador anuncia investimentos e entrega obras em Muribeca durante 21\u00aa edi\u00e7\u00e3o do \u2018Sergipe \u00e9 aqui\u2019 - O Coerente","og_description":"A pr\u00f3xima edi\u00e7\u00e3o do programa itinerante ser\u00e1 realizada em Cumbe, no dia 22 de fevereiro Mais investimentos do Governo de Sergipe para o baixo S\u00e3o Francisco, desta vez, para o munic\u00edpio de Muribeca, que recebeu nesta sexta-feira, 16, a 21\u00aa edi\u00e7\u00e3o do programa itinerante \u2018Sergipe \u00e9 aqui\u2019. Refor\u00e7ando o comprometimento em atender as demandas locais, [&hellip;]","og_url":"https:\/\/ocoerente.com.br\/se\/2024\/02\/17\/governador-anuncia-investimentos-e-entrega-obras-em-muribeca-durante-21a-edicao-do-sergipe-e-aqui\/","og_site_name":"O Coerente","article_published_time":"2024-02-17T13:16:57+00:00","article_modified_time":"2024-02-17T13:16:58+00:00","og_image":[{"width":1100,"height":610,"url":"https:\/\/ocoerente.com.br\/se\/wp-content\/uploads\/2024\/02\/Muribecaaa.jpg","type":"image\/jpeg"}],"author":"Reda\u00e7\u00e3o","twitter_card":"summary_large_image","twitter_misc":{"Escrito por":"Reda\u00e7\u00e3o","Est. tempo de leitura":"8 minutos"},"schema":{"@context":"https:\/\/schema.org","@graph":[{"@type":"Article","@id":"https:\/\/ocoerente.com.br\/se\/2024\/02\/17\/governador-anuncia-investimentos-e-entrega-obras-em-muribeca-durante-21a-edicao-do-sergipe-e-aqui\/#article","isPartOf":{"@id":"https:\/\/ocoerente.com.br\/se\/2024\/02\/17\/governador-anuncia-investimentos-e-entrega-obras-em-muribeca-durante-21a-edicao-do-sergipe-e-aqui\/"},"author":{"name":"Reda\u00e7\u00e3o","@id":"https:\/\/ocoerente.com.br\/se\/#\/schema\/person\/cc6bfd9fbca465e23543b0c963d8d037"},"headline":"Governador anuncia investimentos e entrega obras em Muribeca durante 21\u00aa edi\u00e7\u00e3o do \u2018Sergipe \u00e9 aqui\u2019","datePublished":"2024-02-17T13:16:57+00:00","dateModified":"2024-02-17T13:16:58+00:00","mainEntityOfPage":{"@id":"https:\/\/ocoerente.com.br\/se\/2024\/02\/17\/governador-anuncia-investimentos-e-entrega-obras-em-muribeca-durante-21a-edicao-do-sergipe-e-aqui\/"},"wordCount":1581,"publisher":{"@id":"https:\/\/ocoerente.com.br\/se\/#\/schema\/person\/cc6bfd9fbca465e23543b0c963d8d037"},"image":{"@id":"https:\/\/ocoerente.com.br\/se\/2024\/02\/17\/governador-anuncia-investimentos-e-entrega-obras-em-muribeca-durante-21a-edicao-do-sergipe-e-aqui\/#primaryimage"},"thumbnailUrl":"https:\/\/ocoerente.com.br\/se\/wp-content\/uploads\/2024\/02\/Muribecaaa.jpg","articleSection":["Destaques","Economia"],"inLanguage":"pt-BR"},{"@type":"WebPage","@id":"https:\/\/ocoerente.com.br\/se\/2024\/02\/17\/governador-anuncia-investimentos-e-entrega-obras-em-muribeca-durante-21a-edicao-do-sergipe-e-aqui\/","url":"https:\/\/ocoerente.com.br\/se\/2024\/02\/17\/governador-anuncia-investimentos-e-entrega-obras-em-muribeca-durante-21a-edicao-do-sergipe-e-aqui\/","name":"Governador anuncia investimentos e entrega obras em Muribeca durante 21\u00aa edi\u00e7\u00e3o do \u2018Sergipe \u00e9 aqui\u2019 - O Coerente","isPartOf":{"@id":"https:\/\/ocoerente.com.br\/se\/#website"},"primaryImageOfPage":{"@id":"https:\/\/ocoerente.com.br\/se\/2024\/02\/17\/governador-anuncia-investimentos-e-entrega-obras-em-muribeca-durante-21a-edicao-do-sergipe-e-aqui\/#primaryimage"},"image":{"@id":"https:\/\/ocoerente.com.br\/se\/2024\/02\/17\/governador-anuncia-investimentos-e-entrega-obras-em-muribeca-durante-21a-edicao-do-sergipe-e-aqui\/#primaryimage"},"thumbnailUrl":"https:\/\/ocoerente.com.br\/se\/wp-content\/uploads\/2024\/02\/Muribecaaa.jpg","datePublished":"2024-02-17T13:16:57+00:00","dateModified":"2024-02-17T13:16:58+00:00","breadcrumb":{"@id":"https:\/\/ocoerente.com.br\/se\/2024\/02\/17\/governador-anuncia-investimentos-e-entrega-obras-em-muribeca-durante-21a-edicao-do-sergipe-e-aqui\/#breadcrumb"},"inLanguage":"pt-BR","potentialAction":[{"@type":"ReadAction","target":["https:\/\/ocoerente.com.br\/se\/2024\/02\/17\/governador-anuncia-investimentos-e-entrega-obras-em-muribeca-durante-21a-edicao-do-sergipe-e-aqui\/"]}]},{"@type":"ImageObject","inLanguage":"pt-BR","@id":"https:\/\/ocoerente.com.br\/se\/2024\/02\/17\/governador-anuncia-investimentos-e-entrega-obras-em-muribeca-durante-21a-edicao-do-sergipe-e-aqui\/#primaryimage","url":"https:\/\/ocoerente.com.br\/se\/wp-content\/uploads\/2024\/02\/Muribecaaa.jpg","contentUrl":"https:\/\/ocoerente.com.br\/se\/wp-content\/uploads\/2024\/02\/Muribecaaa.jpg","width":1100,"height":610,"caption":"Fotos: Arthur Soares e C\u00e9sar de Oliveira"},{"@type":"BreadcrumbList","@id":"https:\/\/ocoerente.com.br\/se\/2024\/02\/17\/governador-anuncia-investimentos-e-entrega-obras-em-muribeca-durante-21a-edicao-do-sergipe-e-aqui\/#breadcrumb","itemListElement":[{"@type":"ListItem","position":1,"name":"In\u00edcio","item":"https:\/\/ocoerente.com.br\/se\/"},{"@type":"ListItem","position":2,"name":"Governador anuncia investimentos e entrega obras em Muribeca durante 21\u00aa edi\u00e7\u00e3o do \u2018Sergipe \u00e9 aqui\u2019"}]},{"@type":"WebSite","@id":"https:\/\/ocoerente.com.br\/se\/#website","url":"https:\/\/ocoerente.com.br\/se\/","name":"O Coerente","description":"","publisher":{"@id":"https:\/\/ocoerente.com.br\/se\/#\/schema\/person\/cc6bfd9fbca465e23543b0c963d8d037"},"potentialAction":[{"@type":"SearchAction","target":{"@type":"EntryPoint","urlTemplate":"https:\/\/ocoerente.com.br\/se\/?s={search_term_string}"},"query-input":{"@type":"PropertyValueSpecification","valueRequired":true,"valueName":"search_term_string"}}],"inLanguage":"pt-BR"},{"@type":["Person","Organization"],"@id":"https:\/\/ocoerente.com.br\/se\/#\/schema\/person\/cc6bfd9fbca465e23543b0c963d8d037","name":"Reda\u00e7\u00e3o","image":{"@type":"ImageObject","inLanguage":"pt-BR","@id":"https:\/\/ocoerente.com.br\/se\/wp-content\/uploads\/2020\/01\/ocoerente-1.png","url":"https:\/\/ocoerente.com.br\/se\/wp-content\/uploads\/2020\/01\/ocoerente-1.png","contentUrl":"https:\/\/ocoerente.com.br\/se\/wp-content\/uploads\/2020\/01\/ocoerente-1.png","width":50,"height":50,"caption":"Reda\u00e7\u00e3o"},"logo":{"@id":"https:\/\/ocoerente.com.br\/se\/wp-content\/uploads\/2020\/01\/ocoerente-1.png"},"url":"https:\/\/ocoerente.com.br\/se\/author\/vasticlsales\/"}]}},"_links":{"self":[{"href":"https:\/\/ocoerente.com.br\/se\/wp-json\/wp\/v2\/posts\/8388","targetHints":{"allow":["GET"]}}],"collection":[{"href":"https:\/\/ocoerente.com.br\/se\/wp-json\/wp\/v2\/posts"}],"about":[{"href":"https:\/\/ocoerente.com.br\/se\/wp-json\/wp\/v2\/types\/post"}],"author":[{"embeddable":true,"href":"https:\/\/ocoerente.com.br\/se\/wp-json\/wp\/v2\/users\/1"}],"replies":[{"embeddable":true,"href":"https:\/\/ocoerente.com.br\/se\/wp-json\/wp\/v2\/comments?post=8388"}],"version-history":[{"count":1,"href":"https:\/\/ocoerente.com.br\/se\/wp-json\/wp\/v2\/posts\/8388\/revisions"}],"predecessor-version":[{"id":8390,"href":"https:\/\/ocoerente.com.br\/se\/wp-json\/wp\/v2\/posts\/8388\/revisions\/8390"}],"wp:featuredmedia":[{"embeddable":true,"href":"https:\/\/ocoerente.com.br\/se\/wp-json\/wp\/v2\/media\/8389"}],"wp:attachment":[{"href":"https:\/\/ocoerente.com.br\/se\/wp-json\/wp\/v2\/media?parent=8388"}],"wp:term":[{"taxonomy":"category","embeddable":true,"href":"https:\/\/ocoerente.com.br\/se\/wp-json\/wp\/v2\/categories?post=8388"},{"taxonomy":"post_tag","embeddable":true,"href":"https:\/\/ocoerente.com.br\/se\/wp-json\/wp\/v2\/tags?post=8388"}],"curies":[{"name":"wp","href":"https:\/\/api.w.org\/{rel}","templated":true}]}}