{"id":8385,"date":"2024-02-17T10:15:15","date_gmt":"2024-02-17T13:15:15","guid":{"rendered":"https:\/\/ocoerente.com.br\/se\/?p=8385"},"modified":"2024-02-17T10:15:16","modified_gmt":"2024-02-17T13:15:16","slug":"governo-de-sergipe-realizara-vila-da-pascoa-nos-lagos-da-orla-da-atalaia","status":"publish","type":"post","link":"https:\/\/ocoerente.com.br\/se\/2024\/02\/17\/governo-de-sergipe-realizara-vila-da-pascoa-nos-lagos-da-orla-da-atalaia\/","title":{"rendered":"Governo de Sergipe realizar\u00e1 Vila da P\u00e1scoa nos lagos da Orla da Atalaia"},"content":{"rendered":"\n<p><em>Evento in\u00e9dito promovido pela gest\u00e3o estadual vai movimentar cart\u00e3o-postal da capital sergipana, com fomento \u00e0 economia e \u00e0 gera\u00e7\u00e3o de renda<\/em><\/p>\n\n\n\n<p>De 8 a 31 de mar\u00e7o, o Governo do Estado realiza, na regi\u00e3o dos lagos da Orla da Atalaia, a Vila da P\u00e1scoa, com o intuito de ofertar mais um atrativo tur\u00edstico \u00e0 capital sergipana no per\u00edodo em que se celebra a ressurrei\u00e7\u00e3o de Jesus Cristo.<\/p>\n\n\n\n<p>O evento in\u00e9dito foi anunciado pelo governador F\u00e1bio Mitidieri no in\u00edcio de janeiro deste ano, no encerramento da Vila do Natal Iluminado, ap\u00f3s o sucesso do evento tamb\u00e9m realizado pela primeira vez em Sergipe. A Vila da P\u00e1scoa visa movimentar a economia, oferecendo mais oportunidades de emprego e renda para os sergipanos, assim como aconteceu com a Vila do Natal Iluminado e Vila do Forr\u00f3, em 2023.<\/p>\n\n\n\n<p><strong>Programa\u00e7\u00e3o<\/strong><\/p>\n\n\n\n<p>A Vila da P\u00e1scoa funcionar\u00e1 todos os dias, das 17h \u00e0s 23 horas, com shows musicais de grupos cat\u00f3licos e evang\u00e9licos. \u00c0s sextas, s\u00e1bados e domingos haver\u00e1 a encena\u00e7\u00e3o da Paix\u00e3o de Cristo.<\/p>\n\n\n\n<p>Na Sexta-feira da Paix\u00e3o, no dia 29 de mar\u00e7o, a programa\u00e7\u00e3o contar\u00e1, ainda, com a apresenta\u00e7\u00e3o do Serm\u00e3o do Monte, na Pra\u00e7a de Eventos da Orla da Atalaia.<\/p>\n\n\n\n<p><strong>Atrativos<\/strong><\/p>\n\n\n\n<p>Em alus\u00e3o aos s\u00edmbolos da \u00e9poca, que tamb\u00e9m \u00e9 lembrada pelo coelho e a troca de ovos de chocolate, o Governo de Sergipe traz para Vila da P\u00e1scoa uma f\u00e1brica de chocolate cenogr\u00e1fica para encantar crian\u00e7as e adultos. A &#8216;Toca do Coelho&#8217;, personagens da P\u00e1scoa, um p\u00f3rtico tem\u00e1tico e espa\u00e7os instagram\u00e1veis s\u00e3o atrativos da programa\u00e7\u00e3o, que disponibilizar\u00e1, ainda, atividades recreativas.<\/p>\n\n\n\n<p>Um espa\u00e7o dedicado \u00e0 economia solid\u00e1ria, sob a coordena\u00e7\u00e3o das secretarias de Estado do Trabalho, Emprego e Empreendedorismo (Seteem) e da Assist\u00eancia Social, Inclus\u00e3o e Cidadania (Seasic), tamb\u00e9m far\u00e1 parte da Vila da P\u00e1scoa. Assim como uma \u00e1rea para comercializa\u00e7\u00e3o de artesanato e espa\u00e7o com lanchonetes, que estar\u00e3o dispon\u00edveis aos visitantes.<\/p>\n\n\n\n<p><strong>P\u00e1scoa<\/strong><\/p>\n\n\n\n<p>A P\u00e1scoa \u00e9 uma das festividades mais importantes para os crist\u00e3os. Por meio da celebra\u00e7\u00e3o da ressurrei\u00e7\u00e3o de Cristo, o per\u00edodo incentiva a uni\u00e3o das pessoas, a paz e a prosperidade.&nbsp;<\/p>\n\n\n\n<p>A festividade \u00e9 marcada, ainda, pela troca de guloseimas, como ovos e barras de chocolate, almo\u00e7os em fam\u00edlia, degusta\u00e7\u00e3o da colomba pascal e outras del\u00edcias da \u00e9poca.<\/p>\n\n\n\n<p>Governo de Sergipe<\/p>\n","protected":false},"excerpt":{"rendered":"<p>Evento in\u00e9dito promovido pela gest\u00e3o estadual vai movimentar cart\u00e3o-postal da capital sergipana, com fomento \u00e0 economia e \u00e0 gera\u00e7\u00e3o de renda De 8 a 31 de mar\u00e7o, o Governo do Estado realiza, na regi\u00e3o dos lagos da Orla da Atalaia, a Vila da P\u00e1scoa, com o intuito de ofertar mais um atrativo tur\u00edstico \u00e0 capital [&hellip;]<\/p>\n","protected":false},"author":1,"featured_media":8386,"comment_status":"closed","ping_status":"closed","sticky":false,"template":"","format":"standard","meta":{"footnotes":""},"categories":[53,43],"tags":[],"class_list":["post-8385","post","type-post","status-publish","format-standard","has-post-thumbnail","hentry","category-destaques","category-sergipe"],"yoast_head":"<!-- This site is optimized with the Yoast SEO plugin v27.4 - https:\/\/yoast.com\/product\/yoast-seo-wordpress\/ -->\n<title>Governo de Sergipe realizar\u00e1 Vila da P\u00e1scoa nos lagos da Orla da Atalaia - O Coerente<\/title>\n<meta name=\"robots\" content=\"index, follow, max-snippet:-1, max-image-preview:large, max-video-preview:-1\" \/>\n<link rel=\"canonical\" href=\"https:\/\/ocoerente.com.br\/se\/2024\/02\/17\/governo-de-sergipe-realizara-vila-da-pascoa-nos-lagos-da-orla-da-atalaia\/\" \/>\n<meta property=\"og:locale\" content=\"pt_BR\" \/>\n<meta property=\"og:type\" content=\"article\" \/>\n<meta property=\"og:title\" content=\"Governo de Sergipe realizar\u00e1 Vila da P\u00e1scoa nos lagos da Orla da Atalaia - O Coerente\" \/>\n<meta property=\"og:description\" content=\"Evento in\u00e9dito promovido pela gest\u00e3o estadual vai movimentar cart\u00e3o-postal da capital sergipana, com fomento \u00e0 economia e \u00e0 gera\u00e7\u00e3o de renda De 8 a 31 de mar\u00e7o, o Governo do Estado realiza, na regi\u00e3o dos lagos da Orla da Atalaia, a Vila da P\u00e1scoa, com o intuito de ofertar mais um atrativo tur\u00edstico \u00e0 capital [&hellip;]\" \/>\n<meta property=\"og:url\" content=\"https:\/\/ocoerente.com.br\/se\/2024\/02\/17\/governo-de-sergipe-realizara-vila-da-pascoa-nos-lagos-da-orla-da-atalaia\/\" \/>\n<meta property=\"og:site_name\" content=\"O Coerente\" \/>\n<meta property=\"article:published_time\" content=\"2024-02-17T13:15:15+00:00\" \/>\n<meta property=\"article:modified_time\" content=\"2024-02-17T13:15:16+00:00\" \/>\n<meta property=\"og:image\" content=\"https:\/\/ocoerente.com.br\/se\/wp-content\/uploads\/2024\/02\/orla-atalaia.jpg\" \/>\n\t<meta property=\"og:image:width\" content=\"1100\" \/>\n\t<meta property=\"og:image:height\" content=\"610\" \/>\n\t<meta property=\"og:image:type\" content=\"image\/jpeg\" \/>\n<meta name=\"author\" content=\"Reda\u00e7\u00e3o\" \/>\n<meta name=\"twitter:card\" content=\"summary_large_image\" \/>\n<meta name=\"twitter:label1\" content=\"Escrito por\" \/>\n\t<meta name=\"twitter:data1\" content=\"Reda\u00e7\u00e3o\" \/>\n\t<meta name=\"twitter:label2\" content=\"Est. tempo de leitura\" \/>\n\t<meta name=\"twitter:data2\" content=\"2 minutos\" \/>\n<script type=\"application\/ld+json\" class=\"yoast-schema-graph\">{\"@context\":\"https:\\\/\\\/schema.org\",\"@graph\":[{\"@type\":\"Article\",\"@id\":\"https:\\\/\\\/ocoerente.com.br\\\/se\\\/2024\\\/02\\\/17\\\/governo-de-sergipe-realizara-vila-da-pascoa-nos-lagos-da-orla-da-atalaia\\\/#article\",\"isPartOf\":{\"@id\":\"https:\\\/\\\/ocoerente.com.br\\\/se\\\/2024\\\/02\\\/17\\\/governo-de-sergipe-realizara-vila-da-pascoa-nos-lagos-da-orla-da-atalaia\\\/\"},\"author\":{\"name\":\"Reda\u00e7\u00e3o\",\"@id\":\"https:\\\/\\\/ocoerente.com.br\\\/se\\\/#\\\/schema\\\/person\\\/cc6bfd9fbca465e23543b0c963d8d037\"},\"headline\":\"Governo de Sergipe realizar\u00e1 Vila da P\u00e1scoa nos lagos da Orla da Atalaia\",\"datePublished\":\"2024-02-17T13:15:15+00:00\",\"dateModified\":\"2024-02-17T13:15:16+00:00\",\"mainEntityOfPage\":{\"@id\":\"https:\\\/\\\/ocoerente.com.br\\\/se\\\/2024\\\/02\\\/17\\\/governo-de-sergipe-realizara-vila-da-pascoa-nos-lagos-da-orla-da-atalaia\\\/\"},\"wordCount\":438,\"publisher\":{\"@id\":\"https:\\\/\\\/ocoerente.com.br\\\/se\\\/#\\\/schema\\\/person\\\/cc6bfd9fbca465e23543b0c963d8d037\"},\"image\":{\"@id\":\"https:\\\/\\\/ocoerente.com.br\\\/se\\\/2024\\\/02\\\/17\\\/governo-de-sergipe-realizara-vila-da-pascoa-nos-lagos-da-orla-da-atalaia\\\/#primaryimage\"},\"thumbnailUrl\":\"https:\\\/\\\/ocoerente.com.br\\\/se\\\/wp-content\\\/uploads\\\/2024\\\/02\\\/orla-atalaia.jpg\",\"articleSection\":[\"Destaques\",\"Sergipe\"],\"inLanguage\":\"pt-BR\"},{\"@type\":\"WebPage\",\"@id\":\"https:\\\/\\\/ocoerente.com.br\\\/se\\\/2024\\\/02\\\/17\\\/governo-de-sergipe-realizara-vila-da-pascoa-nos-lagos-da-orla-da-atalaia\\\/\",\"url\":\"https:\\\/\\\/ocoerente.com.br\\\/se\\\/2024\\\/02\\\/17\\\/governo-de-sergipe-realizara-vila-da-pascoa-nos-lagos-da-orla-da-atalaia\\\/\",\"name\":\"Governo de Sergipe realizar\u00e1 Vila da P\u00e1scoa nos lagos da Orla da Atalaia - O Coerente\",\"isPartOf\":{\"@id\":\"https:\\\/\\\/ocoerente.com.br\\\/se\\\/#website\"},\"primaryImageOfPage\":{\"@id\":\"https:\\\/\\\/ocoerente.com.br\\\/se\\\/2024\\\/02\\\/17\\\/governo-de-sergipe-realizara-vila-da-pascoa-nos-lagos-da-orla-da-atalaia\\\/#primaryimage\"},\"image\":{\"@id\":\"https:\\\/\\\/ocoerente.com.br\\\/se\\\/2024\\\/02\\\/17\\\/governo-de-sergipe-realizara-vila-da-pascoa-nos-lagos-da-orla-da-atalaia\\\/#primaryimage\"},\"thumbnailUrl\":\"https:\\\/\\\/ocoerente.com.br\\\/se\\\/wp-content\\\/uploads\\\/2024\\\/02\\\/orla-atalaia.jpg\",\"datePublished\":\"2024-02-17T13:15:15+00:00\",\"dateModified\":\"2024-02-17T13:15:16+00:00\",\"breadcrumb\":{\"@id\":\"https:\\\/\\\/ocoerente.com.br\\\/se\\\/2024\\\/02\\\/17\\\/governo-de-sergipe-realizara-vila-da-pascoa-nos-lagos-da-orla-da-atalaia\\\/#breadcrumb\"},\"inLanguage\":\"pt-BR\",\"potentialAction\":[{\"@type\":\"ReadAction\",\"target\":[\"https:\\\/\\\/ocoerente.com.br\\\/se\\\/2024\\\/02\\\/17\\\/governo-de-sergipe-realizara-vila-da-pascoa-nos-lagos-da-orla-da-atalaia\\\/\"]}]},{\"@type\":\"ImageObject\",\"inLanguage\":\"pt-BR\",\"@id\":\"https:\\\/\\\/ocoerente.com.br\\\/se\\\/2024\\\/02\\\/17\\\/governo-de-sergipe-realizara-vila-da-pascoa-nos-lagos-da-orla-da-atalaia\\\/#primaryimage\",\"url\":\"https:\\\/\\\/ocoerente.com.br\\\/se\\\/wp-content\\\/uploads\\\/2024\\\/02\\\/orla-atalaia.jpg\",\"contentUrl\":\"https:\\\/\\\/ocoerente.com.br\\\/se\\\/wp-content\\\/uploads\\\/2024\\\/02\\\/orla-atalaia.jpg\",\"width\":1100,\"height\":610,\"caption\":\"Regi\u00e3o dos lagos da Orla da Atalaia receber\u00e1, a partir de 8 de mar\u00e7o, a Vila da P\u00e1scoa \\\/ Foto: Arthuro Paganini\"},{\"@type\":\"BreadcrumbList\",\"@id\":\"https:\\\/\\\/ocoerente.com.br\\\/se\\\/2024\\\/02\\\/17\\\/governo-de-sergipe-realizara-vila-da-pascoa-nos-lagos-da-orla-da-atalaia\\\/#breadcrumb\",\"itemListElement\":[{\"@type\":\"ListItem\",\"position\":1,\"name\":\"In\u00edcio\",\"item\":\"https:\\\/\\\/ocoerente.com.br\\\/se\\\/\"},{\"@type\":\"ListItem\",\"position\":2,\"name\":\"Governo de Sergipe realizar\u00e1 Vila da P\u00e1scoa nos lagos da Orla da Atalaia\"}]},{\"@type\":\"WebSite\",\"@id\":\"https:\\\/\\\/ocoerente.com.br\\\/se\\\/#website\",\"url\":\"https:\\\/\\\/ocoerente.com.br\\\/se\\\/\",\"name\":\"O Coerente\",\"description\":\"\",\"publisher\":{\"@id\":\"https:\\\/\\\/ocoerente.com.br\\\/se\\\/#\\\/schema\\\/person\\\/cc6bfd9fbca465e23543b0c963d8d037\"},\"potentialAction\":[{\"@type\":\"SearchAction\",\"target\":{\"@type\":\"EntryPoint\",\"urlTemplate\":\"https:\\\/\\\/ocoerente.com.br\\\/se\\\/?s={search_term_string}\"},\"query-input\":{\"@type\":\"PropertyValueSpecification\",\"valueRequired\":true,\"valueName\":\"search_term_string\"}}],\"inLanguage\":\"pt-BR\"},{\"@type\":[\"Person\",\"Organization\"],\"@id\":\"https:\\\/\\\/ocoerente.com.br\\\/se\\\/#\\\/schema\\\/person\\\/cc6bfd9fbca465e23543b0c963d8d037\",\"name\":\"Reda\u00e7\u00e3o\",\"image\":{\"@type\":\"ImageObject\",\"inLanguage\":\"pt-BR\",\"@id\":\"https:\\\/\\\/ocoerente.com.br\\\/se\\\/wp-content\\\/uploads\\\/2020\\\/01\\\/ocoerente-1.png\",\"url\":\"https:\\\/\\\/ocoerente.com.br\\\/se\\\/wp-content\\\/uploads\\\/2020\\\/01\\\/ocoerente-1.png\",\"contentUrl\":\"https:\\\/\\\/ocoerente.com.br\\\/se\\\/wp-content\\\/uploads\\\/2020\\\/01\\\/ocoerente-1.png\",\"width\":50,\"height\":50,\"caption\":\"Reda\u00e7\u00e3o\"},\"logo\":{\"@id\":\"https:\\\/\\\/ocoerente.com.br\\\/se\\\/wp-content\\\/uploads\\\/2020\\\/01\\\/ocoerente-1.png\"},\"url\":\"https:\\\/\\\/ocoerente.com.br\\\/se\\\/author\\\/vasticlsales\\\/\"}]}<\/script>\n<!-- \/ Yoast SEO plugin. -->","yoast_head_json":{"title":"Governo de Sergipe realizar\u00e1 Vila da P\u00e1scoa nos lagos da Orla da Atalaia - O Coerente","robots":{"index":"index","follow":"follow","max-snippet":"max-snippet:-1","max-image-preview":"max-image-preview:large","max-video-preview":"max-video-preview:-1"},"canonical":"https:\/\/ocoerente.com.br\/se\/2024\/02\/17\/governo-de-sergipe-realizara-vila-da-pascoa-nos-lagos-da-orla-da-atalaia\/","og_locale":"pt_BR","og_type":"article","og_title":"Governo de Sergipe realizar\u00e1 Vila da P\u00e1scoa nos lagos da Orla da Atalaia - O Coerente","og_description":"Evento in\u00e9dito promovido pela gest\u00e3o estadual vai movimentar cart\u00e3o-postal da capital sergipana, com fomento \u00e0 economia e \u00e0 gera\u00e7\u00e3o de renda De 8 a 31 de mar\u00e7o, o Governo do Estado realiza, na regi\u00e3o dos lagos da Orla da Atalaia, a Vila da P\u00e1scoa, com o intuito de ofertar mais um atrativo tur\u00edstico \u00e0 capital [&hellip;]","og_url":"https:\/\/ocoerente.com.br\/se\/2024\/02\/17\/governo-de-sergipe-realizara-vila-da-pascoa-nos-lagos-da-orla-da-atalaia\/","og_site_name":"O Coerente","article_published_time":"2024-02-17T13:15:15+00:00","article_modified_time":"2024-02-17T13:15:16+00:00","og_image":[{"width":1100,"height":610,"url":"https:\/\/ocoerente.com.br\/se\/wp-content\/uploads\/2024\/02\/orla-atalaia.jpg","type":"image\/jpeg"}],"author":"Reda\u00e7\u00e3o","twitter_card":"summary_large_image","twitter_misc":{"Escrito por":"Reda\u00e7\u00e3o","Est. tempo de leitura":"2 minutos"},"schema":{"@context":"https:\/\/schema.org","@graph":[{"@type":"Article","@id":"https:\/\/ocoerente.com.br\/se\/2024\/02\/17\/governo-de-sergipe-realizara-vila-da-pascoa-nos-lagos-da-orla-da-atalaia\/#article","isPartOf":{"@id":"https:\/\/ocoerente.com.br\/se\/2024\/02\/17\/governo-de-sergipe-realizara-vila-da-pascoa-nos-lagos-da-orla-da-atalaia\/"},"author":{"name":"Reda\u00e7\u00e3o","@id":"https:\/\/ocoerente.com.br\/se\/#\/schema\/person\/cc6bfd9fbca465e23543b0c963d8d037"},"headline":"Governo de Sergipe realizar\u00e1 Vila da P\u00e1scoa nos lagos da Orla da Atalaia","datePublished":"2024-02-17T13:15:15+00:00","dateModified":"2024-02-17T13:15:16+00:00","mainEntityOfPage":{"@id":"https:\/\/ocoerente.com.br\/se\/2024\/02\/17\/governo-de-sergipe-realizara-vila-da-pascoa-nos-lagos-da-orla-da-atalaia\/"},"wordCount":438,"publisher":{"@id":"https:\/\/ocoerente.com.br\/se\/#\/schema\/person\/cc6bfd9fbca465e23543b0c963d8d037"},"image":{"@id":"https:\/\/ocoerente.com.br\/se\/2024\/02\/17\/governo-de-sergipe-realizara-vila-da-pascoa-nos-lagos-da-orla-da-atalaia\/#primaryimage"},"thumbnailUrl":"https:\/\/ocoerente.com.br\/se\/wp-content\/uploads\/2024\/02\/orla-atalaia.jpg","articleSection":["Destaques","Sergipe"],"inLanguage":"pt-BR"},{"@type":"WebPage","@id":"https:\/\/ocoerente.com.br\/se\/2024\/02\/17\/governo-de-sergipe-realizara-vila-da-pascoa-nos-lagos-da-orla-da-atalaia\/","url":"https:\/\/ocoerente.com.br\/se\/2024\/02\/17\/governo-de-sergipe-realizara-vila-da-pascoa-nos-lagos-da-orla-da-atalaia\/","name":"Governo de Sergipe realizar\u00e1 Vila da P\u00e1scoa nos lagos da Orla da Atalaia - O Coerente","isPartOf":{"@id":"https:\/\/ocoerente.com.br\/se\/#website"},"primaryImageOfPage":{"@id":"https:\/\/ocoerente.com.br\/se\/2024\/02\/17\/governo-de-sergipe-realizara-vila-da-pascoa-nos-lagos-da-orla-da-atalaia\/#primaryimage"},"image":{"@id":"https:\/\/ocoerente.com.br\/se\/2024\/02\/17\/governo-de-sergipe-realizara-vila-da-pascoa-nos-lagos-da-orla-da-atalaia\/#primaryimage"},"thumbnailUrl":"https:\/\/ocoerente.com.br\/se\/wp-content\/uploads\/2024\/02\/orla-atalaia.jpg","datePublished":"2024-02-17T13:15:15+00:00","dateModified":"2024-02-17T13:15:16+00:00","breadcrumb":{"@id":"https:\/\/ocoerente.com.br\/se\/2024\/02\/17\/governo-de-sergipe-realizara-vila-da-pascoa-nos-lagos-da-orla-da-atalaia\/#breadcrumb"},"inLanguage":"pt-BR","potentialAction":[{"@type":"ReadAction","target":["https:\/\/ocoerente.com.br\/se\/2024\/02\/17\/governo-de-sergipe-realizara-vila-da-pascoa-nos-lagos-da-orla-da-atalaia\/"]}]},{"@type":"ImageObject","inLanguage":"pt-BR","@id":"https:\/\/ocoerente.com.br\/se\/2024\/02\/17\/governo-de-sergipe-realizara-vila-da-pascoa-nos-lagos-da-orla-da-atalaia\/#primaryimage","url":"https:\/\/ocoerente.com.br\/se\/wp-content\/uploads\/2024\/02\/orla-atalaia.jpg","contentUrl":"https:\/\/ocoerente.com.br\/se\/wp-content\/uploads\/2024\/02\/orla-atalaia.jpg","width":1100,"height":610,"caption":"Regi\u00e3o dos lagos da Orla da Atalaia receber\u00e1, a partir de 8 de mar\u00e7o, a Vila da P\u00e1scoa \/ Foto: Arthuro Paganini"},{"@type":"BreadcrumbList","@id":"https:\/\/ocoerente.com.br\/se\/2024\/02\/17\/governo-de-sergipe-realizara-vila-da-pascoa-nos-lagos-da-orla-da-atalaia\/#breadcrumb","itemListElement":[{"@type":"ListItem","position":1,"name":"In\u00edcio","item":"https:\/\/ocoerente.com.br\/se\/"},{"@type":"ListItem","position":2,"name":"Governo de Sergipe realizar\u00e1 Vila da P\u00e1scoa nos lagos da Orla da Atalaia"}]},{"@type":"WebSite","@id":"https:\/\/ocoerente.com.br\/se\/#website","url":"https:\/\/ocoerente.com.br\/se\/","name":"O Coerente","description":"","publisher":{"@id":"https:\/\/ocoerente.com.br\/se\/#\/schema\/person\/cc6bfd9fbca465e23543b0c963d8d037"},"potentialAction":[{"@type":"SearchAction","target":{"@type":"EntryPoint","urlTemplate":"https:\/\/ocoerente.com.br\/se\/?s={search_term_string}"},"query-input":{"@type":"PropertyValueSpecification","valueRequired":true,"valueName":"search_term_string"}}],"inLanguage":"pt-BR"},{"@type":["Person","Organization"],"@id":"https:\/\/ocoerente.com.br\/se\/#\/schema\/person\/cc6bfd9fbca465e23543b0c963d8d037","name":"Reda\u00e7\u00e3o","image":{"@type":"ImageObject","inLanguage":"pt-BR","@id":"https:\/\/ocoerente.com.br\/se\/wp-content\/uploads\/2020\/01\/ocoerente-1.png","url":"https:\/\/ocoerente.com.br\/se\/wp-content\/uploads\/2020\/01\/ocoerente-1.png","contentUrl":"https:\/\/ocoerente.com.br\/se\/wp-content\/uploads\/2020\/01\/ocoerente-1.png","width":50,"height":50,"caption":"Reda\u00e7\u00e3o"},"logo":{"@id":"https:\/\/ocoerente.com.br\/se\/wp-content\/uploads\/2020\/01\/ocoerente-1.png"},"url":"https:\/\/ocoerente.com.br\/se\/author\/vasticlsales\/"}]}},"_links":{"self":[{"href":"https:\/\/ocoerente.com.br\/se\/wp-json\/wp\/v2\/posts\/8385","targetHints":{"allow":["GET"]}}],"collection":[{"href":"https:\/\/ocoerente.com.br\/se\/wp-json\/wp\/v2\/posts"}],"about":[{"href":"https:\/\/ocoerente.com.br\/se\/wp-json\/wp\/v2\/types\/post"}],"author":[{"embeddable":true,"href":"https:\/\/ocoerente.com.br\/se\/wp-json\/wp\/v2\/users\/1"}],"replies":[{"embeddable":true,"href":"https:\/\/ocoerente.com.br\/se\/wp-json\/wp\/v2\/comments?post=8385"}],"version-history":[{"count":1,"href":"https:\/\/ocoerente.com.br\/se\/wp-json\/wp\/v2\/posts\/8385\/revisions"}],"predecessor-version":[{"id":8387,"href":"https:\/\/ocoerente.com.br\/se\/wp-json\/wp\/v2\/posts\/8385\/revisions\/8387"}],"wp:featuredmedia":[{"embeddable":true,"href":"https:\/\/ocoerente.com.br\/se\/wp-json\/wp\/v2\/media\/8386"}],"wp:attachment":[{"href":"https:\/\/ocoerente.com.br\/se\/wp-json\/wp\/v2\/media?parent=8385"}],"wp:term":[{"taxonomy":"category","embeddable":true,"href":"https:\/\/ocoerente.com.br\/se\/wp-json\/wp\/v2\/categories?post=8385"},{"taxonomy":"post_tag","embeddable":true,"href":"https:\/\/ocoerente.com.br\/se\/wp-json\/wp\/v2\/tags?post=8385"}],"curies":[{"name":"wp","href":"https:\/\/api.w.org\/{rel}","templated":true}]}}