{"id":8381,"date":"2024-02-15T19:58:42","date_gmt":"2024-02-15T22:58:42","guid":{"rendered":"https:\/\/ocoerente.com.br\/se\/?p=8381"},"modified":"2024-02-15T19:58:43","modified_gmt":"2024-02-15T22:58:43","slug":"fabio-mitidieri-comemora-investimentos-da-energisa-de-r-242-milhoes-em-sergipe","status":"publish","type":"post","link":"https:\/\/ocoerente.com.br\/se\/2024\/02\/15\/fabio-mitidieri-comemora-investimentos-da-energisa-de-r-242-milhoes-em-sergipe\/","title":{"rendered":"F\u00e1bio Mitidieri comemora investimentos da Energisa de R$ 242 milh\u00f5es em Sergipe"},"content":{"rendered":"\n<p><em>O foco dos investimentos ser\u00e1 em obras de melhoria e reforma da rede el\u00e9trica, instala\u00e7\u00e3o de equipamentos telecomandados, constru\u00e7\u00e3o de subesta\u00e7\u00f5es e linhas de distribui\u00e7\u00e3o de alta tens\u00e3o, combate ao furto de energia e expans\u00e3o de redes para liga\u00e7\u00e3o de novos clientes<\/em><\/p>\n\n\n\n<p>O governador F\u00e1bio Mitidieri se reuniu nesta quinta-feira, 15, no Pal\u00e1cio dos Despachos, com o diretor-presidente da Energisa Sergipe, Roberto Currais, para apresenta\u00e7\u00e3o dos investimentos da empresa para 2024. A reuni\u00e3o contou ainda com a presen\u00e7a da diretora t\u00e9cnica e comercial da Energisa, Erika Ferrari, e do secret\u00e1rio de Estado da Casa Civil, Jorginho Araujo.<\/p>\n\n\n\n<p>A Energisa investir\u00e1 nos 63 munic\u00edpios de concess\u00e3o em Sergipe neste ano de 2024. O foco ser\u00e1 em obras de melhoria e reforma da rede el\u00e9trica, instala\u00e7\u00e3o de equipamentos telecomandados, constru\u00e7\u00e3o de subesta\u00e7\u00f5es e linhas de distribui\u00e7\u00e3o de alta tens\u00e3o, combate ao furto de energia e expans\u00e3o de redes para liga\u00e7\u00e3o de novos clientes. Atualmente, a Energisa Sergipe atende mais de 855 mil clientes, divididos em 63 munic\u00edpios.<\/p>\n\n\n\n<p>Na oportunidade, F\u00e1bio Mitidieri agradeceu os investimentos e a parceria empreendida com empresa nos projetos \u2018Sergipe \u00e9 aqui\u2019, Arrai\u00e1 do Povo e Ver\u00e3o Sergipe. \u201c\u00c9 uma empresa comprometida com a responsabilidade social e efici\u00eancia energ\u00e9tica, patrocinando e apoiando iniciativas que promovem o desenvolvimento socioecon\u00f4mico, ambiental e cultural de Sergipe. Quero agradecer pelos investimentos que&nbsp; tem feito, al\u00e9m da parceria no \u2018Sergipe \u00e9 aqui\u2019, com o nosso S\u00e3o Jo\u00e3o, com o Ver\u00e3o Sergipe. A Energisa tem sido uma parceira importante. O volume de investimento demonstra como nossa economia est\u00e1 bem avaliada\u201d, disse.<\/p>\n\n\n\n<p>Segundo o diretor-presidente da Energisa, Roberto Currais, a empresa est\u00e1 h\u00e1 27 anos em Sergipe, e seguindo com um ritmo de investimentos visando suportar o desenvolvimento econ\u00f4mico e social dos munic\u00edpios da nossa \u00e1rea de concess\u00e3o, buscando a melhoria cont\u00ednua da qualidade do fornecimento de energia e a seguran\u00e7a para os sergipanos.<\/p>\n\n\n\n<p>\u201c\u00c9 um&nbsp; prazer enorme ajudar o estado, alavancando o desenvolvimento. Temos R$ 242 milh\u00f5es de investimentos para 2024, mantendo aqui o nosso compromisso de&nbsp; apoiar todos os eventos estaduais. Al\u00e9m dos projetos j\u00e1 apoiados, vamos ter a Vila da P\u00e1scoa, que \u00e9 uma inova\u00e7\u00e3o que tamb\u00e9m vamos apoiar\u201d, declarou.<\/p>\n\n\n\n<p><strong>Investimentos<\/strong><\/p>\n\n\n\n<p>O agreste receber\u00e1 a maior parte dos recursos com a constru\u00e7\u00e3o de 46,5 quil\u00f4metros de uma linha de distribui\u00e7\u00e3o de alta tens\u00e3o. O objetivo da obra \u00e9 melhorar a qualidade do fornecimento de energia do eixo Itabaiana\/Sim\u00e3o Dias. Os principais munic\u00edpios beneficiados s\u00e3o Itabaiana, Sim\u00e3o Dias, Frei Paulo e Moita Bonita.<\/p>\n\n\n\n<p>\u201c\u00c9 uma obra importante que beneficiar\u00e1 os munic\u00edpios do agreste central, promovendo o desenvolvimento local. S\u00f3 nos \u00faltimos quatro anos, foram investidos um total R$ 691 milh\u00f5es nos 63 munic\u00edpios da concess\u00e3o. Vamos continuar buscando a excel\u00eancia no atendimento ao nosso cliente e no fornecimento de energia de qualidade aos sergipanos. Tamb\u00e9m manteremos para este ano as parcerias firmadas e os projetos culturais em 2023, reafirmando o nosso compromisso com o desenvolvimento econ\u00f4mico e com a sustentabilidade da nossa regi\u00e3o\u201d, ressaltou Roberto Currais.<\/p>\n\n\n\n<p><strong>Responsabilidade social e Efici\u00eancia Energ\u00e9tica<\/strong><\/p>\n\n\n\n<p>A Energisa patrocina e apoia diversas iniciativas que valorizam o desenvolvimento socioecon\u00f4mico, ambiental e cultural da regi\u00e3o onde atua. Entre os projetos, a Orquestra Jovem de Aracaju e a Filarm\u00f4nica de Itabaiana t\u00eam mudado a realidade de jovens e crian\u00e7as por meio da m\u00fasica. Ao todo, est\u00e3o sendo atendidos cerca de 600 alunos. Ainda valorizando a cultura sergipana, a Energisa apoia a exposi\u00e7\u00e3o itinerante Cores da Gente, que tem por objetivo promover o acesso \u00e0s artes e a valoriza\u00e7\u00e3o dos artistas sergipanos.<\/p>\n\n\n\n<p>A distribuidora tamb\u00e9m apoia desde 2011 o Parque dos Falc\u00f5es, em Itabaiana, por entender a import\u00e2ncia socioambiental do projeto. Ao longo dos anos, a Energisa vem investindo no parque, proporcionando gera\u00e7\u00e3o de renda no local e conserva\u00e7\u00e3o ambiental. O parque \u00e9 o \u00fanico centro de cria\u00e7\u00e3o, multiplica\u00e7\u00e3o e preserva\u00e7\u00e3o de aves de rapina da Am\u00e9rica do Sul.<\/p>\n\n\n\n<p>O Programa de Efici\u00eancia Energ\u00e9tica (PEE), que atendeu mais de 19 mil fam\u00edlias em 2023, tem realizado a\u00e7\u00f5es para conscientizar sobre o uso eficiente de energia el\u00e9trica, troca de l\u00e2mpadas de LED para fam\u00edlias beneficiadas pelo Programa Tarifa Social, al\u00e9m de visitas gratuitas no Espa\u00e7o Energia. Al\u00e9m disso, por meio do PEE, a Energisa tamb\u00e9m realiza o Natal Iluminado, no Parque da Sementeira, em Aracaju.<\/p>\n\n\n\n<p>Governo de Sergipe<\/p>\n","protected":false},"excerpt":{"rendered":"<p>O foco dos investimentos ser\u00e1 em obras de melhoria e reforma da rede el\u00e9trica, instala\u00e7\u00e3o de equipamentos telecomandados, constru\u00e7\u00e3o de subesta\u00e7\u00f5es e linhas de distribui\u00e7\u00e3o de alta tens\u00e3o, combate ao furto de energia e expans\u00e3o de redes para liga\u00e7\u00e3o de novos clientes O governador F\u00e1bio Mitidieri se reuniu nesta quinta-feira, 15, no Pal\u00e1cio dos Despachos, [&hellip;]<\/p>\n","protected":false},"author":1,"featured_media":8382,"comment_status":"closed","ping_status":"closed","sticky":false,"template":"","format":"standard","meta":{"footnotes":""},"categories":[53,55],"tags":[],"class_list":["post-8381","post","type-post","status-publish","format-standard","has-post-thumbnail","hentry","category-destaques","category-economia"],"yoast_head":"<!-- This site is optimized with the Yoast SEO plugin v27.4 - https:\/\/yoast.com\/product\/yoast-seo-wordpress\/ -->\n<title>F\u00e1bio Mitidieri comemora investimentos da Energisa de R$ 242 milh\u00f5es em Sergipe - O Coerente<\/title>\n<meta name=\"robots\" content=\"index, follow, max-snippet:-1, max-image-preview:large, max-video-preview:-1\" \/>\n<link rel=\"canonical\" href=\"https:\/\/ocoerente.com.br\/se\/2024\/02\/15\/fabio-mitidieri-comemora-investimentos-da-energisa-de-r-242-milhoes-em-sergipe\/\" \/>\n<meta property=\"og:locale\" content=\"pt_BR\" \/>\n<meta property=\"og:type\" content=\"article\" \/>\n<meta property=\"og:title\" content=\"F\u00e1bio Mitidieri comemora investimentos da Energisa de R$ 242 milh\u00f5es em Sergipe - O Coerente\" \/>\n<meta property=\"og:description\" content=\"O foco dos investimentos ser\u00e1 em obras de melhoria e reforma da rede el\u00e9trica, instala\u00e7\u00e3o de equipamentos telecomandados, constru\u00e7\u00e3o de subesta\u00e7\u00f5es e linhas de distribui\u00e7\u00e3o de alta tens\u00e3o, combate ao furto de energia e expans\u00e3o de redes para liga\u00e7\u00e3o de novos clientes O governador F\u00e1bio Mitidieri se reuniu nesta quinta-feira, 15, no Pal\u00e1cio dos Despachos, [&hellip;]\" \/>\n<meta property=\"og:url\" content=\"https:\/\/ocoerente.com.br\/se\/2024\/02\/15\/fabio-mitidieri-comemora-investimentos-da-energisa-de-r-242-milhoes-em-sergipe\/\" \/>\n<meta property=\"og:site_name\" content=\"O Coerente\" \/>\n<meta property=\"article:published_time\" content=\"2024-02-15T22:58:42+00:00\" \/>\n<meta property=\"article:modified_time\" content=\"2024-02-15T22:58:43+00:00\" \/>\n<meta property=\"og:image\" content=\"https:\/\/ocoerente.com.br\/se\/wp-content\/uploads\/2024\/02\/energisa-lucro.jpg\" \/>\n\t<meta property=\"og:image:width\" content=\"1100\" \/>\n\t<meta property=\"og:image:height\" content=\"610\" \/>\n\t<meta property=\"og:image:type\" content=\"image\/jpeg\" \/>\n<meta name=\"author\" content=\"Reda\u00e7\u00e3o\" \/>\n<meta name=\"twitter:card\" content=\"summary_large_image\" \/>\n<meta name=\"twitter:label1\" content=\"Escrito por\" \/>\n\t<meta name=\"twitter:data1\" content=\"Reda\u00e7\u00e3o\" \/>\n\t<meta name=\"twitter:label2\" content=\"Est. tempo de leitura\" \/>\n\t<meta name=\"twitter:data2\" content=\"4 minutos\" \/>\n<script type=\"application\/ld+json\" class=\"yoast-schema-graph\">{\"@context\":\"https:\\\/\\\/schema.org\",\"@graph\":[{\"@type\":\"Article\",\"@id\":\"https:\\\/\\\/ocoerente.com.br\\\/se\\\/2024\\\/02\\\/15\\\/fabio-mitidieri-comemora-investimentos-da-energisa-de-r-242-milhoes-em-sergipe\\\/#article\",\"isPartOf\":{\"@id\":\"https:\\\/\\\/ocoerente.com.br\\\/se\\\/2024\\\/02\\\/15\\\/fabio-mitidieri-comemora-investimentos-da-energisa-de-r-242-milhoes-em-sergipe\\\/\"},\"author\":{\"name\":\"Reda\u00e7\u00e3o\",\"@id\":\"https:\\\/\\\/ocoerente.com.br\\\/se\\\/#\\\/schema\\\/person\\\/cc6bfd9fbca465e23543b0c963d8d037\"},\"headline\":\"F\u00e1bio Mitidieri comemora investimentos da Energisa de R$ 242 milh\u00f5es em Sergipe\",\"datePublished\":\"2024-02-15T22:58:42+00:00\",\"dateModified\":\"2024-02-15T22:58:43+00:00\",\"mainEntityOfPage\":{\"@id\":\"https:\\\/\\\/ocoerente.com.br\\\/se\\\/2024\\\/02\\\/15\\\/fabio-mitidieri-comemora-investimentos-da-energisa-de-r-242-milhoes-em-sergipe\\\/\"},\"wordCount\":788,\"publisher\":{\"@id\":\"https:\\\/\\\/ocoerente.com.br\\\/se\\\/#\\\/schema\\\/person\\\/cc6bfd9fbca465e23543b0c963d8d037\"},\"image\":{\"@id\":\"https:\\\/\\\/ocoerente.com.br\\\/se\\\/2024\\\/02\\\/15\\\/fabio-mitidieri-comemora-investimentos-da-energisa-de-r-242-milhoes-em-sergipe\\\/#primaryimage\"},\"thumbnailUrl\":\"https:\\\/\\\/ocoerente.com.br\\\/se\\\/wp-content\\\/uploads\\\/2024\\\/02\\\/energisa-lucro.jpg\",\"articleSection\":[\"Destaques\",\"Economia\"],\"inLanguage\":\"pt-BR\"},{\"@type\":\"WebPage\",\"@id\":\"https:\\\/\\\/ocoerente.com.br\\\/se\\\/2024\\\/02\\\/15\\\/fabio-mitidieri-comemora-investimentos-da-energisa-de-r-242-milhoes-em-sergipe\\\/\",\"url\":\"https:\\\/\\\/ocoerente.com.br\\\/se\\\/2024\\\/02\\\/15\\\/fabio-mitidieri-comemora-investimentos-da-energisa-de-r-242-milhoes-em-sergipe\\\/\",\"name\":\"F\u00e1bio Mitidieri comemora investimentos da Energisa de R$ 242 milh\u00f5es em Sergipe - O Coerente\",\"isPartOf\":{\"@id\":\"https:\\\/\\\/ocoerente.com.br\\\/se\\\/#website\"},\"primaryImageOfPage\":{\"@id\":\"https:\\\/\\\/ocoerente.com.br\\\/se\\\/2024\\\/02\\\/15\\\/fabio-mitidieri-comemora-investimentos-da-energisa-de-r-242-milhoes-em-sergipe\\\/#primaryimage\"},\"image\":{\"@id\":\"https:\\\/\\\/ocoerente.com.br\\\/se\\\/2024\\\/02\\\/15\\\/fabio-mitidieri-comemora-investimentos-da-energisa-de-r-242-milhoes-em-sergipe\\\/#primaryimage\"},\"thumbnailUrl\":\"https:\\\/\\\/ocoerente.com.br\\\/se\\\/wp-content\\\/uploads\\\/2024\\\/02\\\/energisa-lucro.jpg\",\"datePublished\":\"2024-02-15T22:58:42+00:00\",\"dateModified\":\"2024-02-15T22:58:43+00:00\",\"breadcrumb\":{\"@id\":\"https:\\\/\\\/ocoerente.com.br\\\/se\\\/2024\\\/02\\\/15\\\/fabio-mitidieri-comemora-investimentos-da-energisa-de-r-242-milhoes-em-sergipe\\\/#breadcrumb\"},\"inLanguage\":\"pt-BR\",\"potentialAction\":[{\"@type\":\"ReadAction\",\"target\":[\"https:\\\/\\\/ocoerente.com.br\\\/se\\\/2024\\\/02\\\/15\\\/fabio-mitidieri-comemora-investimentos-da-energisa-de-r-242-milhoes-em-sergipe\\\/\"]}]},{\"@type\":\"ImageObject\",\"inLanguage\":\"pt-BR\",\"@id\":\"https:\\\/\\\/ocoerente.com.br\\\/se\\\/2024\\\/02\\\/15\\\/fabio-mitidieri-comemora-investimentos-da-energisa-de-r-242-milhoes-em-sergipe\\\/#primaryimage\",\"url\":\"https:\\\/\\\/ocoerente.com.br\\\/se\\\/wp-content\\\/uploads\\\/2024\\\/02\\\/energisa-lucro.jpg\",\"contentUrl\":\"https:\\\/\\\/ocoerente.com.br\\\/se\\\/wp-content\\\/uploads\\\/2024\\\/02\\\/energisa-lucro.jpg\",\"width\":1100,\"height\":610,\"caption\":\"Fotos: C\u00e9sar de Oliveira\"},{\"@type\":\"BreadcrumbList\",\"@id\":\"https:\\\/\\\/ocoerente.com.br\\\/se\\\/2024\\\/02\\\/15\\\/fabio-mitidieri-comemora-investimentos-da-energisa-de-r-242-milhoes-em-sergipe\\\/#breadcrumb\",\"itemListElement\":[{\"@type\":\"ListItem\",\"position\":1,\"name\":\"In\u00edcio\",\"item\":\"https:\\\/\\\/ocoerente.com.br\\\/se\\\/\"},{\"@type\":\"ListItem\",\"position\":2,\"name\":\"F\u00e1bio Mitidieri comemora investimentos da Energisa de R$ 242 milh\u00f5es em Sergipe\"}]},{\"@type\":\"WebSite\",\"@id\":\"https:\\\/\\\/ocoerente.com.br\\\/se\\\/#website\",\"url\":\"https:\\\/\\\/ocoerente.com.br\\\/se\\\/\",\"name\":\"O Coerente\",\"description\":\"\",\"publisher\":{\"@id\":\"https:\\\/\\\/ocoerente.com.br\\\/se\\\/#\\\/schema\\\/person\\\/cc6bfd9fbca465e23543b0c963d8d037\"},\"potentialAction\":[{\"@type\":\"SearchAction\",\"target\":{\"@type\":\"EntryPoint\",\"urlTemplate\":\"https:\\\/\\\/ocoerente.com.br\\\/se\\\/?s={search_term_string}\"},\"query-input\":{\"@type\":\"PropertyValueSpecification\",\"valueRequired\":true,\"valueName\":\"search_term_string\"}}],\"inLanguage\":\"pt-BR\"},{\"@type\":[\"Person\",\"Organization\"],\"@id\":\"https:\\\/\\\/ocoerente.com.br\\\/se\\\/#\\\/schema\\\/person\\\/cc6bfd9fbca465e23543b0c963d8d037\",\"name\":\"Reda\u00e7\u00e3o\",\"image\":{\"@type\":\"ImageObject\",\"inLanguage\":\"pt-BR\",\"@id\":\"https:\\\/\\\/ocoerente.com.br\\\/se\\\/wp-content\\\/uploads\\\/2020\\\/01\\\/ocoerente-1.png\",\"url\":\"https:\\\/\\\/ocoerente.com.br\\\/se\\\/wp-content\\\/uploads\\\/2020\\\/01\\\/ocoerente-1.png\",\"contentUrl\":\"https:\\\/\\\/ocoerente.com.br\\\/se\\\/wp-content\\\/uploads\\\/2020\\\/01\\\/ocoerente-1.png\",\"width\":50,\"height\":50,\"caption\":\"Reda\u00e7\u00e3o\"},\"logo\":{\"@id\":\"https:\\\/\\\/ocoerente.com.br\\\/se\\\/wp-content\\\/uploads\\\/2020\\\/01\\\/ocoerente-1.png\"},\"url\":\"https:\\\/\\\/ocoerente.com.br\\\/se\\\/author\\\/vasticlsales\\\/\"}]}<\/script>\n<!-- \/ Yoast SEO plugin. -->","yoast_head_json":{"title":"F\u00e1bio Mitidieri comemora investimentos da Energisa de R$ 242 milh\u00f5es em Sergipe - O Coerente","robots":{"index":"index","follow":"follow","max-snippet":"max-snippet:-1","max-image-preview":"max-image-preview:large","max-video-preview":"max-video-preview:-1"},"canonical":"https:\/\/ocoerente.com.br\/se\/2024\/02\/15\/fabio-mitidieri-comemora-investimentos-da-energisa-de-r-242-milhoes-em-sergipe\/","og_locale":"pt_BR","og_type":"article","og_title":"F\u00e1bio Mitidieri comemora investimentos da Energisa de R$ 242 milh\u00f5es em Sergipe - O Coerente","og_description":"O foco dos investimentos ser\u00e1 em obras de melhoria e reforma da rede el\u00e9trica, instala\u00e7\u00e3o de equipamentos telecomandados, constru\u00e7\u00e3o de subesta\u00e7\u00f5es e linhas de distribui\u00e7\u00e3o de alta tens\u00e3o, combate ao furto de energia e expans\u00e3o de redes para liga\u00e7\u00e3o de novos clientes O governador F\u00e1bio Mitidieri se reuniu nesta quinta-feira, 15, no Pal\u00e1cio dos Despachos, [&hellip;]","og_url":"https:\/\/ocoerente.com.br\/se\/2024\/02\/15\/fabio-mitidieri-comemora-investimentos-da-energisa-de-r-242-milhoes-em-sergipe\/","og_site_name":"O Coerente","article_published_time":"2024-02-15T22:58:42+00:00","article_modified_time":"2024-02-15T22:58:43+00:00","og_image":[{"width":1100,"height":610,"url":"https:\/\/ocoerente.com.br\/se\/wp-content\/uploads\/2024\/02\/energisa-lucro.jpg","type":"image\/jpeg"}],"author":"Reda\u00e7\u00e3o","twitter_card":"summary_large_image","twitter_misc":{"Escrito por":"Reda\u00e7\u00e3o","Est. tempo de leitura":"4 minutos"},"schema":{"@context":"https:\/\/schema.org","@graph":[{"@type":"Article","@id":"https:\/\/ocoerente.com.br\/se\/2024\/02\/15\/fabio-mitidieri-comemora-investimentos-da-energisa-de-r-242-milhoes-em-sergipe\/#article","isPartOf":{"@id":"https:\/\/ocoerente.com.br\/se\/2024\/02\/15\/fabio-mitidieri-comemora-investimentos-da-energisa-de-r-242-milhoes-em-sergipe\/"},"author":{"name":"Reda\u00e7\u00e3o","@id":"https:\/\/ocoerente.com.br\/se\/#\/schema\/person\/cc6bfd9fbca465e23543b0c963d8d037"},"headline":"F\u00e1bio Mitidieri comemora investimentos da Energisa de R$ 242 milh\u00f5es em Sergipe","datePublished":"2024-02-15T22:58:42+00:00","dateModified":"2024-02-15T22:58:43+00:00","mainEntityOfPage":{"@id":"https:\/\/ocoerente.com.br\/se\/2024\/02\/15\/fabio-mitidieri-comemora-investimentos-da-energisa-de-r-242-milhoes-em-sergipe\/"},"wordCount":788,"publisher":{"@id":"https:\/\/ocoerente.com.br\/se\/#\/schema\/person\/cc6bfd9fbca465e23543b0c963d8d037"},"image":{"@id":"https:\/\/ocoerente.com.br\/se\/2024\/02\/15\/fabio-mitidieri-comemora-investimentos-da-energisa-de-r-242-milhoes-em-sergipe\/#primaryimage"},"thumbnailUrl":"https:\/\/ocoerente.com.br\/se\/wp-content\/uploads\/2024\/02\/energisa-lucro.jpg","articleSection":["Destaques","Economia"],"inLanguage":"pt-BR"},{"@type":"WebPage","@id":"https:\/\/ocoerente.com.br\/se\/2024\/02\/15\/fabio-mitidieri-comemora-investimentos-da-energisa-de-r-242-milhoes-em-sergipe\/","url":"https:\/\/ocoerente.com.br\/se\/2024\/02\/15\/fabio-mitidieri-comemora-investimentos-da-energisa-de-r-242-milhoes-em-sergipe\/","name":"F\u00e1bio Mitidieri comemora investimentos da Energisa de R$ 242 milh\u00f5es em Sergipe - O Coerente","isPartOf":{"@id":"https:\/\/ocoerente.com.br\/se\/#website"},"primaryImageOfPage":{"@id":"https:\/\/ocoerente.com.br\/se\/2024\/02\/15\/fabio-mitidieri-comemora-investimentos-da-energisa-de-r-242-milhoes-em-sergipe\/#primaryimage"},"image":{"@id":"https:\/\/ocoerente.com.br\/se\/2024\/02\/15\/fabio-mitidieri-comemora-investimentos-da-energisa-de-r-242-milhoes-em-sergipe\/#primaryimage"},"thumbnailUrl":"https:\/\/ocoerente.com.br\/se\/wp-content\/uploads\/2024\/02\/energisa-lucro.jpg","datePublished":"2024-02-15T22:58:42+00:00","dateModified":"2024-02-15T22:58:43+00:00","breadcrumb":{"@id":"https:\/\/ocoerente.com.br\/se\/2024\/02\/15\/fabio-mitidieri-comemora-investimentos-da-energisa-de-r-242-milhoes-em-sergipe\/#breadcrumb"},"inLanguage":"pt-BR","potentialAction":[{"@type":"ReadAction","target":["https:\/\/ocoerente.com.br\/se\/2024\/02\/15\/fabio-mitidieri-comemora-investimentos-da-energisa-de-r-242-milhoes-em-sergipe\/"]}]},{"@type":"ImageObject","inLanguage":"pt-BR","@id":"https:\/\/ocoerente.com.br\/se\/2024\/02\/15\/fabio-mitidieri-comemora-investimentos-da-energisa-de-r-242-milhoes-em-sergipe\/#primaryimage","url":"https:\/\/ocoerente.com.br\/se\/wp-content\/uploads\/2024\/02\/energisa-lucro.jpg","contentUrl":"https:\/\/ocoerente.com.br\/se\/wp-content\/uploads\/2024\/02\/energisa-lucro.jpg","width":1100,"height":610,"caption":"Fotos: C\u00e9sar de Oliveira"},{"@type":"BreadcrumbList","@id":"https:\/\/ocoerente.com.br\/se\/2024\/02\/15\/fabio-mitidieri-comemora-investimentos-da-energisa-de-r-242-milhoes-em-sergipe\/#breadcrumb","itemListElement":[{"@type":"ListItem","position":1,"name":"In\u00edcio","item":"https:\/\/ocoerente.com.br\/se\/"},{"@type":"ListItem","position":2,"name":"F\u00e1bio Mitidieri comemora investimentos da Energisa de R$ 242 milh\u00f5es em Sergipe"}]},{"@type":"WebSite","@id":"https:\/\/ocoerente.com.br\/se\/#website","url":"https:\/\/ocoerente.com.br\/se\/","name":"O Coerente","description":"","publisher":{"@id":"https:\/\/ocoerente.com.br\/se\/#\/schema\/person\/cc6bfd9fbca465e23543b0c963d8d037"},"potentialAction":[{"@type":"SearchAction","target":{"@type":"EntryPoint","urlTemplate":"https:\/\/ocoerente.com.br\/se\/?s={search_term_string}"},"query-input":{"@type":"PropertyValueSpecification","valueRequired":true,"valueName":"search_term_string"}}],"inLanguage":"pt-BR"},{"@type":["Person","Organization"],"@id":"https:\/\/ocoerente.com.br\/se\/#\/schema\/person\/cc6bfd9fbca465e23543b0c963d8d037","name":"Reda\u00e7\u00e3o","image":{"@type":"ImageObject","inLanguage":"pt-BR","@id":"https:\/\/ocoerente.com.br\/se\/wp-content\/uploads\/2020\/01\/ocoerente-1.png","url":"https:\/\/ocoerente.com.br\/se\/wp-content\/uploads\/2020\/01\/ocoerente-1.png","contentUrl":"https:\/\/ocoerente.com.br\/se\/wp-content\/uploads\/2020\/01\/ocoerente-1.png","width":50,"height":50,"caption":"Reda\u00e7\u00e3o"},"logo":{"@id":"https:\/\/ocoerente.com.br\/se\/wp-content\/uploads\/2020\/01\/ocoerente-1.png"},"url":"https:\/\/ocoerente.com.br\/se\/author\/vasticlsales\/"}]}},"_links":{"self":[{"href":"https:\/\/ocoerente.com.br\/se\/wp-json\/wp\/v2\/posts\/8381","targetHints":{"allow":["GET"]}}],"collection":[{"href":"https:\/\/ocoerente.com.br\/se\/wp-json\/wp\/v2\/posts"}],"about":[{"href":"https:\/\/ocoerente.com.br\/se\/wp-json\/wp\/v2\/types\/post"}],"author":[{"embeddable":true,"href":"https:\/\/ocoerente.com.br\/se\/wp-json\/wp\/v2\/users\/1"}],"replies":[{"embeddable":true,"href":"https:\/\/ocoerente.com.br\/se\/wp-json\/wp\/v2\/comments?post=8381"}],"version-history":[{"count":1,"href":"https:\/\/ocoerente.com.br\/se\/wp-json\/wp\/v2\/posts\/8381\/revisions"}],"predecessor-version":[{"id":8383,"href":"https:\/\/ocoerente.com.br\/se\/wp-json\/wp\/v2\/posts\/8381\/revisions\/8383"}],"wp:featuredmedia":[{"embeddable":true,"href":"https:\/\/ocoerente.com.br\/se\/wp-json\/wp\/v2\/media\/8382"}],"wp:attachment":[{"href":"https:\/\/ocoerente.com.br\/se\/wp-json\/wp\/v2\/media?parent=8381"}],"wp:term":[{"taxonomy":"category","embeddable":true,"href":"https:\/\/ocoerente.com.br\/se\/wp-json\/wp\/v2\/categories?post=8381"},{"taxonomy":"post_tag","embeddable":true,"href":"https:\/\/ocoerente.com.br\/se\/wp-json\/wp\/v2\/tags?post=8381"}],"curies":[{"name":"wp","href":"https:\/\/api.w.org\/{rel}","templated":true}]}}