{"id":8378,"date":"2024-02-15T19:56:27","date_gmt":"2024-02-15T22:56:27","guid":{"rendered":"https:\/\/ocoerente.com.br\/se\/?p=8378"},"modified":"2024-02-15T19:56:28","modified_gmt":"2024-02-15T22:56:28","slug":"senador-rogerio-carvalho-destaca-necessidade-de-uniao-de-forcas-politicas-e-sociais-para-volta-da-operacao-da-petrobras-em-sergipe","status":"publish","type":"post","link":"https:\/\/ocoerente.com.br\/se\/2024\/02\/15\/senador-rogerio-carvalho-destaca-necessidade-de-uniao-de-forcas-politicas-e-sociais-para-volta-da-operacao-da-petrobras-em-sergipe\/","title":{"rendered":"Senador Rog\u00e9rio Carvalho destaca necessidade de uni\u00e3o de for\u00e7as pol\u00edticas e sociais para volta da opera\u00e7\u00e3o da Petrobras em Sergipe"},"content":{"rendered":"\n<p>Nesta quinta-feira, 15, em entrevista \u00e0 r\u00e1dio Mega FM, o senador Rog\u00e9rio Carvalho (PT\/SE) enfatizou a import\u00e2ncia do engajamento de todos os pol\u00edticos sergipanos, incluindo o governador de Sergipe e deputados estaduais da situa\u00e7\u00e3o e oposi\u00e7\u00e3o, no movimento pela completa retomada das opera\u00e7\u00f5es da Petrobras no estado.<\/p>\n\n\n\n<p>&#8220;Sergipanos que est\u00e3o em Campos, em S\u00e3o Paulo, ou no Esp\u00edrito Santo, devem voltar a trabalhar em Sergipe e gastar seu dinheiro e sal\u00e1rio aqui no estado. Isso significa controlar o descomissionamento de 26 plataformas, cujo investimento \u00e9 de dois bilh\u00f5es de d\u00f3lares ou dez bilh\u00f5es de reais, parte dos quais pode ficar em Sergipe com a presta\u00e7\u00e3o de servi\u00e7os por empresas sergipanas ou estabelecidas aqui, contratando sergipanos para realizar esse trabalho. Precisamos garantir que a \u00e1rea onde funcionava o Tecarmo, atual sede da Carmoenergy, seja mantida como reserva ambiental permanente, patrim\u00f4nio da Uni\u00e3o&#8221;, destacou o senador.<\/p>\n\n\n\n<p>Carvalho pontuou diversas quest\u00f5es que necessitam ser resolvidas com os equipamentos da estatal em Sergipe, ressaltando os potenciais benef\u00edcios para os funcion\u00e1rios sergipanos da Petrobras, que poderiam desfrutar de uma qualidade de vida ainda melhor ao retornarem ao estado, gerando tamb\u00e9m mais economia e renda para Sergipe.<\/p>\n\n\n\n<p>&#8220;O Clube dos Petroleiros deve ser preservado como uma marca cultural, n\u00e3o sendo transformado em \u00e1rea de especula\u00e7\u00e3o imobili\u00e1ria. \u00c9 importante gerenciar a implanta\u00e7\u00e3o das novas plataformas de produ\u00e7\u00e3o de petr\u00f3leo, com um potencial de duzentos e quarenta mil barris por dia, construindo um gasoduto para trazer o g\u00e1s do mar para terra e uma unidade de processamento de g\u00e1s em terra, juntamente com empresas de petroqu\u00edmica e f\u00e1bricas de fertilizantes&#8221;, enfatizou o senador.<\/p>\n\n\n\n<p>Al\u00e9m disso, o senador Rog\u00e9rio ressaltou a import\u00e2ncia da Petrobras retomar parte da opera\u00e7\u00e3o do porto para apoiar a produ\u00e7\u00e3o de petr\u00f3leo no mar, trazendo benef\u00edcios econ\u00f4micos significativos para Sergipe.<\/p>\n\n\n\n<p>&#8220;Todos os sergipanos que amam e querem contribuir para o desenvolvimento do estado devem se engajar nessa luta para trazer a Petrobras de volta. \u00c9 importante que o Governador e os deputados, tanto da oposi\u00e7\u00e3o quanto da situa\u00e7\u00e3o, se envolvam nessa causa. Devemos aprender com os erros do passado, como aconteceu com o Hospital do C\u00e2ncer, onde disputas de vaidade atrasaram o projeto. N\u00e3o podemos permitir que isso aconte\u00e7a novamente&#8221;, concluiu.<\/p>\n\n\n\n<p>Fonte: Assessoria de Comunica\u00e7\u00e3o<br>Fotos: Jana\u00edna Santos\/Assessoria de Comunica\u00e7\u00e3o<\/p>\n","protected":false},"excerpt":{"rendered":"<p>Nesta quinta-feira, 15, em entrevista \u00e0 r\u00e1dio Mega FM, o senador Rog\u00e9rio Carvalho (PT\/SE) enfatizou a import\u00e2ncia do engajamento de todos os pol\u00edticos sergipanos, incluindo o governador de Sergipe e deputados estaduais da situa\u00e7\u00e3o e oposi\u00e7\u00e3o, no movimento pela completa retomada das opera\u00e7\u00f5es da Petrobras no estado. &#8220;Sergipanos que est\u00e3o em Campos, em S\u00e3o Paulo, [&hellip;]<\/p>\n","protected":false},"author":1,"featured_media":8379,"comment_status":"closed","ping_status":"closed","sticky":false,"template":"","format":"standard","meta":{"footnotes":""},"categories":[53,44],"tags":[],"class_list":["post-8378","post","type-post","status-publish","format-standard","has-post-thumbnail","hentry","category-destaques","category-politica"],"yoast_head":"<!-- This site is optimized with the Yoast SEO plugin v27.4 - https:\/\/yoast.com\/product\/yoast-seo-wordpress\/ -->\n<title>Senador Rog\u00e9rio Carvalho destaca necessidade de uni\u00e3o de for\u00e7as pol\u00edticas e sociais para volta da opera\u00e7\u00e3o da Petrobras em Sergipe - O Coerente<\/title>\n<meta name=\"robots\" content=\"index, follow, max-snippet:-1, max-image-preview:large, max-video-preview:-1\" \/>\n<link rel=\"canonical\" href=\"https:\/\/ocoerente.com.br\/se\/2024\/02\/15\/senador-rogerio-carvalho-destaca-necessidade-de-uniao-de-forcas-politicas-e-sociais-para-volta-da-operacao-da-petrobras-em-sergipe\/\" \/>\n<meta property=\"og:locale\" content=\"pt_BR\" \/>\n<meta property=\"og:type\" content=\"article\" \/>\n<meta property=\"og:title\" content=\"Senador Rog\u00e9rio Carvalho destaca necessidade de uni\u00e3o de for\u00e7as pol\u00edticas e sociais para volta da opera\u00e7\u00e3o da Petrobras em Sergipe - O Coerente\" \/>\n<meta property=\"og:description\" content=\"Nesta quinta-feira, 15, em entrevista \u00e0 r\u00e1dio Mega FM, o senador Rog\u00e9rio Carvalho (PT\/SE) enfatizou a import\u00e2ncia do engajamento de todos os pol\u00edticos sergipanos, incluindo o governador de Sergipe e deputados estaduais da situa\u00e7\u00e3o e oposi\u00e7\u00e3o, no movimento pela completa retomada das opera\u00e7\u00f5es da Petrobras no estado. &#8220;Sergipanos que est\u00e3o em Campos, em S\u00e3o Paulo, [&hellip;]\" \/>\n<meta property=\"og:url\" content=\"https:\/\/ocoerente.com.br\/se\/2024\/02\/15\/senador-rogerio-carvalho-destaca-necessidade-de-uniao-de-forcas-politicas-e-sociais-para-volta-da-operacao-da-petrobras-em-sergipe\/\" \/>\n<meta property=\"og:site_name\" content=\"O Coerente\" \/>\n<meta property=\"article:published_time\" content=\"2024-02-15T22:56:27+00:00\" \/>\n<meta property=\"article:modified_time\" content=\"2024-02-15T22:56:28+00:00\" \/>\n<meta property=\"og:image\" content=\"https:\/\/ocoerente.com.br\/se\/wp-content\/uploads\/2024\/02\/rog-petro.jpg\" \/>\n\t<meta property=\"og:image:width\" content=\"639\" \/>\n\t<meta property=\"og:image:height\" content=\"427\" \/>\n\t<meta property=\"og:image:type\" content=\"image\/jpeg\" \/>\n<meta name=\"author\" content=\"Reda\u00e7\u00e3o\" \/>\n<meta name=\"twitter:card\" content=\"summary_large_image\" \/>\n<meta name=\"twitter:label1\" content=\"Escrito por\" \/>\n\t<meta name=\"twitter:data1\" content=\"Reda\u00e7\u00e3o\" \/>\n\t<meta name=\"twitter:label2\" content=\"Est. tempo de leitura\" \/>\n\t<meta name=\"twitter:data2\" content=\"2 minutos\" \/>\n<script type=\"application\/ld+json\" class=\"yoast-schema-graph\">{\"@context\":\"https:\\\/\\\/schema.org\",\"@graph\":[{\"@type\":\"Article\",\"@id\":\"https:\\\/\\\/ocoerente.com.br\\\/se\\\/2024\\\/02\\\/15\\\/senador-rogerio-carvalho-destaca-necessidade-de-uniao-de-forcas-politicas-e-sociais-para-volta-da-operacao-da-petrobras-em-sergipe\\\/#article\",\"isPartOf\":{\"@id\":\"https:\\\/\\\/ocoerente.com.br\\\/se\\\/2024\\\/02\\\/15\\\/senador-rogerio-carvalho-destaca-necessidade-de-uniao-de-forcas-politicas-e-sociais-para-volta-da-operacao-da-petrobras-em-sergipe\\\/\"},\"author\":{\"name\":\"Reda\u00e7\u00e3o\",\"@id\":\"https:\\\/\\\/ocoerente.com.br\\\/se\\\/#\\\/schema\\\/person\\\/cc6bfd9fbca465e23543b0c963d8d037\"},\"headline\":\"Senador Rog\u00e9rio Carvalho destaca necessidade de uni\u00e3o de for\u00e7as pol\u00edticas e sociais para volta da opera\u00e7\u00e3o da Petrobras em Sergipe\",\"datePublished\":\"2024-02-15T22:56:27+00:00\",\"dateModified\":\"2024-02-15T22:56:28+00:00\",\"mainEntityOfPage\":{\"@id\":\"https:\\\/\\\/ocoerente.com.br\\\/se\\\/2024\\\/02\\\/15\\\/senador-rogerio-carvalho-destaca-necessidade-de-uniao-de-forcas-politicas-e-sociais-para-volta-da-operacao-da-petrobras-em-sergipe\\\/\"},\"wordCount\":443,\"publisher\":{\"@id\":\"https:\\\/\\\/ocoerente.com.br\\\/se\\\/#\\\/schema\\\/person\\\/cc6bfd9fbca465e23543b0c963d8d037\"},\"image\":{\"@id\":\"https:\\\/\\\/ocoerente.com.br\\\/se\\\/2024\\\/02\\\/15\\\/senador-rogerio-carvalho-destaca-necessidade-de-uniao-de-forcas-politicas-e-sociais-para-volta-da-operacao-da-petrobras-em-sergipe\\\/#primaryimage\"},\"thumbnailUrl\":\"https:\\\/\\\/ocoerente.com.br\\\/se\\\/wp-content\\\/uploads\\\/2024\\\/02\\\/rog-petro.jpg\",\"articleSection\":[\"Destaques\",\"Pol\u00edtica\"],\"inLanguage\":\"pt-BR\"},{\"@type\":\"WebPage\",\"@id\":\"https:\\\/\\\/ocoerente.com.br\\\/se\\\/2024\\\/02\\\/15\\\/senador-rogerio-carvalho-destaca-necessidade-de-uniao-de-forcas-politicas-e-sociais-para-volta-da-operacao-da-petrobras-em-sergipe\\\/\",\"url\":\"https:\\\/\\\/ocoerente.com.br\\\/se\\\/2024\\\/02\\\/15\\\/senador-rogerio-carvalho-destaca-necessidade-de-uniao-de-forcas-politicas-e-sociais-para-volta-da-operacao-da-petrobras-em-sergipe\\\/\",\"name\":\"Senador Rog\u00e9rio Carvalho destaca necessidade de uni\u00e3o de for\u00e7as pol\u00edticas e sociais para volta da opera\u00e7\u00e3o da Petrobras em Sergipe - O Coerente\",\"isPartOf\":{\"@id\":\"https:\\\/\\\/ocoerente.com.br\\\/se\\\/#website\"},\"primaryImageOfPage\":{\"@id\":\"https:\\\/\\\/ocoerente.com.br\\\/se\\\/2024\\\/02\\\/15\\\/senador-rogerio-carvalho-destaca-necessidade-de-uniao-de-forcas-politicas-e-sociais-para-volta-da-operacao-da-petrobras-em-sergipe\\\/#primaryimage\"},\"image\":{\"@id\":\"https:\\\/\\\/ocoerente.com.br\\\/se\\\/2024\\\/02\\\/15\\\/senador-rogerio-carvalho-destaca-necessidade-de-uniao-de-forcas-politicas-e-sociais-para-volta-da-operacao-da-petrobras-em-sergipe\\\/#primaryimage\"},\"thumbnailUrl\":\"https:\\\/\\\/ocoerente.com.br\\\/se\\\/wp-content\\\/uploads\\\/2024\\\/02\\\/rog-petro.jpg\",\"datePublished\":\"2024-02-15T22:56:27+00:00\",\"dateModified\":\"2024-02-15T22:56:28+00:00\",\"breadcrumb\":{\"@id\":\"https:\\\/\\\/ocoerente.com.br\\\/se\\\/2024\\\/02\\\/15\\\/senador-rogerio-carvalho-destaca-necessidade-de-uniao-de-forcas-politicas-e-sociais-para-volta-da-operacao-da-petrobras-em-sergipe\\\/#breadcrumb\"},\"inLanguage\":\"pt-BR\",\"potentialAction\":[{\"@type\":\"ReadAction\",\"target\":[\"https:\\\/\\\/ocoerente.com.br\\\/se\\\/2024\\\/02\\\/15\\\/senador-rogerio-carvalho-destaca-necessidade-de-uniao-de-forcas-politicas-e-sociais-para-volta-da-operacao-da-petrobras-em-sergipe\\\/\"]}]},{\"@type\":\"ImageObject\",\"inLanguage\":\"pt-BR\",\"@id\":\"https:\\\/\\\/ocoerente.com.br\\\/se\\\/2024\\\/02\\\/15\\\/senador-rogerio-carvalho-destaca-necessidade-de-uniao-de-forcas-politicas-e-sociais-para-volta-da-operacao-da-petrobras-em-sergipe\\\/#primaryimage\",\"url\":\"https:\\\/\\\/ocoerente.com.br\\\/se\\\/wp-content\\\/uploads\\\/2024\\\/02\\\/rog-petro.jpg\",\"contentUrl\":\"https:\\\/\\\/ocoerente.com.br\\\/se\\\/wp-content\\\/uploads\\\/2024\\\/02\\\/rog-petro.jpg\",\"width\":639,\"height\":427},{\"@type\":\"BreadcrumbList\",\"@id\":\"https:\\\/\\\/ocoerente.com.br\\\/se\\\/2024\\\/02\\\/15\\\/senador-rogerio-carvalho-destaca-necessidade-de-uniao-de-forcas-politicas-e-sociais-para-volta-da-operacao-da-petrobras-em-sergipe\\\/#breadcrumb\",\"itemListElement\":[{\"@type\":\"ListItem\",\"position\":1,\"name\":\"In\u00edcio\",\"item\":\"https:\\\/\\\/ocoerente.com.br\\\/se\\\/\"},{\"@type\":\"ListItem\",\"position\":2,\"name\":\"Senador Rog\u00e9rio Carvalho destaca necessidade de uni\u00e3o de for\u00e7as pol\u00edticas e sociais para volta da opera\u00e7\u00e3o da Petrobras em Sergipe\"}]},{\"@type\":\"WebSite\",\"@id\":\"https:\\\/\\\/ocoerente.com.br\\\/se\\\/#website\",\"url\":\"https:\\\/\\\/ocoerente.com.br\\\/se\\\/\",\"name\":\"O Coerente\",\"description\":\"\",\"publisher\":{\"@id\":\"https:\\\/\\\/ocoerente.com.br\\\/se\\\/#\\\/schema\\\/person\\\/cc6bfd9fbca465e23543b0c963d8d037\"},\"potentialAction\":[{\"@type\":\"SearchAction\",\"target\":{\"@type\":\"EntryPoint\",\"urlTemplate\":\"https:\\\/\\\/ocoerente.com.br\\\/se\\\/?s={search_term_string}\"},\"query-input\":{\"@type\":\"PropertyValueSpecification\",\"valueRequired\":true,\"valueName\":\"search_term_string\"}}],\"inLanguage\":\"pt-BR\"},{\"@type\":[\"Person\",\"Organization\"],\"@id\":\"https:\\\/\\\/ocoerente.com.br\\\/se\\\/#\\\/schema\\\/person\\\/cc6bfd9fbca465e23543b0c963d8d037\",\"name\":\"Reda\u00e7\u00e3o\",\"image\":{\"@type\":\"ImageObject\",\"inLanguage\":\"pt-BR\",\"@id\":\"https:\\\/\\\/ocoerente.com.br\\\/se\\\/wp-content\\\/uploads\\\/2020\\\/01\\\/ocoerente-1.png\",\"url\":\"https:\\\/\\\/ocoerente.com.br\\\/se\\\/wp-content\\\/uploads\\\/2020\\\/01\\\/ocoerente-1.png\",\"contentUrl\":\"https:\\\/\\\/ocoerente.com.br\\\/se\\\/wp-content\\\/uploads\\\/2020\\\/01\\\/ocoerente-1.png\",\"width\":50,\"height\":50,\"caption\":\"Reda\u00e7\u00e3o\"},\"logo\":{\"@id\":\"https:\\\/\\\/ocoerente.com.br\\\/se\\\/wp-content\\\/uploads\\\/2020\\\/01\\\/ocoerente-1.png\"},\"url\":\"https:\\\/\\\/ocoerente.com.br\\\/se\\\/author\\\/vasticlsales\\\/\"}]}<\/script>\n<!-- \/ Yoast SEO plugin. -->","yoast_head_json":{"title":"Senador Rog\u00e9rio Carvalho destaca necessidade de uni\u00e3o de for\u00e7as pol\u00edticas e sociais para volta da opera\u00e7\u00e3o da Petrobras em Sergipe - O Coerente","robots":{"index":"index","follow":"follow","max-snippet":"max-snippet:-1","max-image-preview":"max-image-preview:large","max-video-preview":"max-video-preview:-1"},"canonical":"https:\/\/ocoerente.com.br\/se\/2024\/02\/15\/senador-rogerio-carvalho-destaca-necessidade-de-uniao-de-forcas-politicas-e-sociais-para-volta-da-operacao-da-petrobras-em-sergipe\/","og_locale":"pt_BR","og_type":"article","og_title":"Senador Rog\u00e9rio Carvalho destaca necessidade de uni\u00e3o de for\u00e7as pol\u00edticas e sociais para volta da opera\u00e7\u00e3o da Petrobras em Sergipe - O Coerente","og_description":"Nesta quinta-feira, 15, em entrevista \u00e0 r\u00e1dio Mega FM, o senador Rog\u00e9rio Carvalho (PT\/SE) enfatizou a import\u00e2ncia do engajamento de todos os pol\u00edticos sergipanos, incluindo o governador de Sergipe e deputados estaduais da situa\u00e7\u00e3o e oposi\u00e7\u00e3o, no movimento pela completa retomada das opera\u00e7\u00f5es da Petrobras no estado. &#8220;Sergipanos que est\u00e3o em Campos, em S\u00e3o Paulo, [&hellip;]","og_url":"https:\/\/ocoerente.com.br\/se\/2024\/02\/15\/senador-rogerio-carvalho-destaca-necessidade-de-uniao-de-forcas-politicas-e-sociais-para-volta-da-operacao-da-petrobras-em-sergipe\/","og_site_name":"O Coerente","article_published_time":"2024-02-15T22:56:27+00:00","article_modified_time":"2024-02-15T22:56:28+00:00","og_image":[{"width":639,"height":427,"url":"https:\/\/ocoerente.com.br\/se\/wp-content\/uploads\/2024\/02\/rog-petro.jpg","type":"image\/jpeg"}],"author":"Reda\u00e7\u00e3o","twitter_card":"summary_large_image","twitter_misc":{"Escrito por":"Reda\u00e7\u00e3o","Est. tempo de leitura":"2 minutos"},"schema":{"@context":"https:\/\/schema.org","@graph":[{"@type":"Article","@id":"https:\/\/ocoerente.com.br\/se\/2024\/02\/15\/senador-rogerio-carvalho-destaca-necessidade-de-uniao-de-forcas-politicas-e-sociais-para-volta-da-operacao-da-petrobras-em-sergipe\/#article","isPartOf":{"@id":"https:\/\/ocoerente.com.br\/se\/2024\/02\/15\/senador-rogerio-carvalho-destaca-necessidade-de-uniao-de-forcas-politicas-e-sociais-para-volta-da-operacao-da-petrobras-em-sergipe\/"},"author":{"name":"Reda\u00e7\u00e3o","@id":"https:\/\/ocoerente.com.br\/se\/#\/schema\/person\/cc6bfd9fbca465e23543b0c963d8d037"},"headline":"Senador Rog\u00e9rio Carvalho destaca necessidade de uni\u00e3o de for\u00e7as pol\u00edticas e sociais para volta da opera\u00e7\u00e3o da Petrobras em Sergipe","datePublished":"2024-02-15T22:56:27+00:00","dateModified":"2024-02-15T22:56:28+00:00","mainEntityOfPage":{"@id":"https:\/\/ocoerente.com.br\/se\/2024\/02\/15\/senador-rogerio-carvalho-destaca-necessidade-de-uniao-de-forcas-politicas-e-sociais-para-volta-da-operacao-da-petrobras-em-sergipe\/"},"wordCount":443,"publisher":{"@id":"https:\/\/ocoerente.com.br\/se\/#\/schema\/person\/cc6bfd9fbca465e23543b0c963d8d037"},"image":{"@id":"https:\/\/ocoerente.com.br\/se\/2024\/02\/15\/senador-rogerio-carvalho-destaca-necessidade-de-uniao-de-forcas-politicas-e-sociais-para-volta-da-operacao-da-petrobras-em-sergipe\/#primaryimage"},"thumbnailUrl":"https:\/\/ocoerente.com.br\/se\/wp-content\/uploads\/2024\/02\/rog-petro.jpg","articleSection":["Destaques","Pol\u00edtica"],"inLanguage":"pt-BR"},{"@type":"WebPage","@id":"https:\/\/ocoerente.com.br\/se\/2024\/02\/15\/senador-rogerio-carvalho-destaca-necessidade-de-uniao-de-forcas-politicas-e-sociais-para-volta-da-operacao-da-petrobras-em-sergipe\/","url":"https:\/\/ocoerente.com.br\/se\/2024\/02\/15\/senador-rogerio-carvalho-destaca-necessidade-de-uniao-de-forcas-politicas-e-sociais-para-volta-da-operacao-da-petrobras-em-sergipe\/","name":"Senador Rog\u00e9rio Carvalho destaca necessidade de uni\u00e3o de for\u00e7as pol\u00edticas e sociais para volta da opera\u00e7\u00e3o da Petrobras em Sergipe - O Coerente","isPartOf":{"@id":"https:\/\/ocoerente.com.br\/se\/#website"},"primaryImageOfPage":{"@id":"https:\/\/ocoerente.com.br\/se\/2024\/02\/15\/senador-rogerio-carvalho-destaca-necessidade-de-uniao-de-forcas-politicas-e-sociais-para-volta-da-operacao-da-petrobras-em-sergipe\/#primaryimage"},"image":{"@id":"https:\/\/ocoerente.com.br\/se\/2024\/02\/15\/senador-rogerio-carvalho-destaca-necessidade-de-uniao-de-forcas-politicas-e-sociais-para-volta-da-operacao-da-petrobras-em-sergipe\/#primaryimage"},"thumbnailUrl":"https:\/\/ocoerente.com.br\/se\/wp-content\/uploads\/2024\/02\/rog-petro.jpg","datePublished":"2024-02-15T22:56:27+00:00","dateModified":"2024-02-15T22:56:28+00:00","breadcrumb":{"@id":"https:\/\/ocoerente.com.br\/se\/2024\/02\/15\/senador-rogerio-carvalho-destaca-necessidade-de-uniao-de-forcas-politicas-e-sociais-para-volta-da-operacao-da-petrobras-em-sergipe\/#breadcrumb"},"inLanguage":"pt-BR","potentialAction":[{"@type":"ReadAction","target":["https:\/\/ocoerente.com.br\/se\/2024\/02\/15\/senador-rogerio-carvalho-destaca-necessidade-de-uniao-de-forcas-politicas-e-sociais-para-volta-da-operacao-da-petrobras-em-sergipe\/"]}]},{"@type":"ImageObject","inLanguage":"pt-BR","@id":"https:\/\/ocoerente.com.br\/se\/2024\/02\/15\/senador-rogerio-carvalho-destaca-necessidade-de-uniao-de-forcas-politicas-e-sociais-para-volta-da-operacao-da-petrobras-em-sergipe\/#primaryimage","url":"https:\/\/ocoerente.com.br\/se\/wp-content\/uploads\/2024\/02\/rog-petro.jpg","contentUrl":"https:\/\/ocoerente.com.br\/se\/wp-content\/uploads\/2024\/02\/rog-petro.jpg","width":639,"height":427},{"@type":"BreadcrumbList","@id":"https:\/\/ocoerente.com.br\/se\/2024\/02\/15\/senador-rogerio-carvalho-destaca-necessidade-de-uniao-de-forcas-politicas-e-sociais-para-volta-da-operacao-da-petrobras-em-sergipe\/#breadcrumb","itemListElement":[{"@type":"ListItem","position":1,"name":"In\u00edcio","item":"https:\/\/ocoerente.com.br\/se\/"},{"@type":"ListItem","position":2,"name":"Senador Rog\u00e9rio Carvalho destaca necessidade de uni\u00e3o de for\u00e7as pol\u00edticas e sociais para volta da opera\u00e7\u00e3o da Petrobras em Sergipe"}]},{"@type":"WebSite","@id":"https:\/\/ocoerente.com.br\/se\/#website","url":"https:\/\/ocoerente.com.br\/se\/","name":"O Coerente","description":"","publisher":{"@id":"https:\/\/ocoerente.com.br\/se\/#\/schema\/person\/cc6bfd9fbca465e23543b0c963d8d037"},"potentialAction":[{"@type":"SearchAction","target":{"@type":"EntryPoint","urlTemplate":"https:\/\/ocoerente.com.br\/se\/?s={search_term_string}"},"query-input":{"@type":"PropertyValueSpecification","valueRequired":true,"valueName":"search_term_string"}}],"inLanguage":"pt-BR"},{"@type":["Person","Organization"],"@id":"https:\/\/ocoerente.com.br\/se\/#\/schema\/person\/cc6bfd9fbca465e23543b0c963d8d037","name":"Reda\u00e7\u00e3o","image":{"@type":"ImageObject","inLanguage":"pt-BR","@id":"https:\/\/ocoerente.com.br\/se\/wp-content\/uploads\/2020\/01\/ocoerente-1.png","url":"https:\/\/ocoerente.com.br\/se\/wp-content\/uploads\/2020\/01\/ocoerente-1.png","contentUrl":"https:\/\/ocoerente.com.br\/se\/wp-content\/uploads\/2020\/01\/ocoerente-1.png","width":50,"height":50,"caption":"Reda\u00e7\u00e3o"},"logo":{"@id":"https:\/\/ocoerente.com.br\/se\/wp-content\/uploads\/2020\/01\/ocoerente-1.png"},"url":"https:\/\/ocoerente.com.br\/se\/author\/vasticlsales\/"}]}},"_links":{"self":[{"href":"https:\/\/ocoerente.com.br\/se\/wp-json\/wp\/v2\/posts\/8378","targetHints":{"allow":["GET"]}}],"collection":[{"href":"https:\/\/ocoerente.com.br\/se\/wp-json\/wp\/v2\/posts"}],"about":[{"href":"https:\/\/ocoerente.com.br\/se\/wp-json\/wp\/v2\/types\/post"}],"author":[{"embeddable":true,"href":"https:\/\/ocoerente.com.br\/se\/wp-json\/wp\/v2\/users\/1"}],"replies":[{"embeddable":true,"href":"https:\/\/ocoerente.com.br\/se\/wp-json\/wp\/v2\/comments?post=8378"}],"version-history":[{"count":1,"href":"https:\/\/ocoerente.com.br\/se\/wp-json\/wp\/v2\/posts\/8378\/revisions"}],"predecessor-version":[{"id":8380,"href":"https:\/\/ocoerente.com.br\/se\/wp-json\/wp\/v2\/posts\/8378\/revisions\/8380"}],"wp:featuredmedia":[{"embeddable":true,"href":"https:\/\/ocoerente.com.br\/se\/wp-json\/wp\/v2\/media\/8379"}],"wp:attachment":[{"href":"https:\/\/ocoerente.com.br\/se\/wp-json\/wp\/v2\/media?parent=8378"}],"wp:term":[{"taxonomy":"category","embeddable":true,"href":"https:\/\/ocoerente.com.br\/se\/wp-json\/wp\/v2\/categories?post=8378"},{"taxonomy":"post_tag","embeddable":true,"href":"https:\/\/ocoerente.com.br\/se\/wp-json\/wp\/v2\/tags?post=8378"}],"curies":[{"name":"wp","href":"https:\/\/api.w.org\/{rel}","templated":true}]}}