{"id":8375,"date":"2024-02-15T19:52:29","date_gmt":"2024-02-15T22:52:29","guid":{"rendered":"https:\/\/ocoerente.com.br\/se\/?p=8375"},"modified":"2024-02-15T19:52:30","modified_gmt":"2024-02-15T22:52:30","slug":"governo-de-sergipe-e-prefeitura-de-aracaju-anunciam-programacao-do-projeto-verao-2024","status":"publish","type":"post","link":"https:\/\/ocoerente.com.br\/se\/2024\/02\/15\/governo-de-sergipe-e-prefeitura-de-aracaju-anunciam-programacao-do-projeto-verao-2024\/","title":{"rendered":"Governo de Sergipe e Prefeitura de Aracaju anunciam programa\u00e7\u00e3o do Projeto Ver\u00e3o 2024"},"content":{"rendered":"\n<p><em>A festa acontecer\u00e1 entre os dias 1\u00ba a 3 de mar\u00e7o, movimentando a Orla de Atalaia com shows musicais e atividades culturais e esportivas<\/em><\/p>\n\n\n\n<p>A capital sergipana se prepara para mais uma edi\u00e7\u00e3o do Projeto Ver\u00e3o. Nesta quinta-feira, 15, o prefeito de Aracaju, Edvaldo Nogueira, e o governador de Sergipe, F\u00e1bio Mitidieri, reuniram a imprensa para anunciar a programa\u00e7\u00e3o para a edi\u00e7\u00e3o de 2024. A festa acontecer\u00e1 entre os dias 1\u00ba e 3 de mar\u00e7o, movimentando a Orla de Atalaia, em Aracaju, com shows musicais e atividades culturais e esportivas para todos os p\u00fablicos.&nbsp;<\/p>\n\n\n\n<p>O Projeto Ver\u00e3o re\u00fane diversos sergipanos e visitantes na Orla da Atalaia em shows de atra\u00e7\u00f5es locais e nacionais. Al\u00e9m da programa\u00e7\u00e3o musical, o festival envolve atividades esportivas e culturais, sendo um importante motor de desenvolvimento econ\u00f4mico.<\/p>\n\n\n\n<p>Durante o lan\u00e7amento da programa\u00e7\u00e3o, o governador F\u00e1bio Mitidieri destacou a import\u00e2ncia do projeto, que integra o Ver\u00e3o Sergipe, promovido pelo Governo do Estado. \u201cDepois de cinco finais de semana seguidos no interior, a gente chega \u00e0 capital com o Projeto Ver\u00e3o, fechando esse ciclo do Ver\u00e3o Sergipe, com grandes artistas, muito esporte pelo dia, muita alegria pela noite, artistas sergipanos e nacionais. Todos eles aqui, trazendo o melhor da m\u00fasica brasileira e dessa diversidade de ritmos\u201d, pontuou.<\/p>\n\n\n\n<p>Al\u00e9m disso, o chefe do Executivo estadual chamou aten\u00e7\u00e3o para o papel da promo\u00e7\u00e3o desses grandes eventos no fortalecimento da economia na capital e no estado. \u201cA gente valoriza muito o turismo e a cultura, e isso tem dado resultados na gera\u00e7\u00e3o de emprego e renda. N\u00f3s investimos R$ 18 milh\u00f5es de reais no S\u00e3o Jo\u00e3o, arrecadamos R$ 50 milh\u00f5es de reais. Sa\u00edmos de n\u00fameros expressivos na hotelaria do nosso estado, mais do que dobrando a ocupa\u00e7\u00e3o hoteleira. Isso mostra que quando se investe em planejamento, conseguimos ter resultados. E o que n\u00f3s estamos fazendo aqui com o Projeto Ver\u00e3o que \u00e9 mais uma etapa de fortalecimento do nosso turismo, da nossa arte, da nossa cultura, do esporte e da nossa economia\u201d, apontou.&nbsp;<\/p>\n\n\n\n<p>Ainda segundo F\u00e1bio Mitidieri, por meio da parceria com a Prefeitura de Aracaju, o Estado investe mais de R$ 1 milh\u00e3o de reais, al\u00e9m de levar seguran\u00e7a e sa\u00fade para dar tranquilidade \u00e0 festa. \u201cEssa \u00e9 a parceria entre a Prefeitura de Aracaju e o Governo do Estado, numa demonstra\u00e7\u00e3o de compromisso com os artistas e com a nossa economia\u201d, frisou.<\/p>\n\n\n\n<p>De acordo com o prefeito de Aracaju, Edvaldo Nogueira, o Projeto Ver\u00e3o marca o in\u00edcio das celebra\u00e7\u00f5es pelo anivers\u00e1rio de Aracaju.&nbsp; \u201c\u00c9 o in\u00edcio da celebra\u00e7\u00e3o pelo anivers\u00e1rio da cidade, em 17 de mar\u00e7o, mas tamb\u00e9m o fim do ver\u00e3o, fechando o Ver\u00e3o Sergipe, que foi para v\u00e1rias cidades do interior, levado pelo Governo do Estado, e agora, encerrando com o Projeto Ver\u00e3o, nessa parceria com o governo. S\u00e3o tr\u00eas dias de muita diversidade cultural, com v\u00e1rios atrativos como jogos eletr\u00f4nicos, espa\u00e7o kids, esportes, al\u00e9m de uma programa\u00e7\u00e3o musical extraordin\u00e1ria, com v\u00e1rios estilos musicais que v\u00e3o do samba raiz ao pop rock, m\u00fasica eletr\u00f4nica e reggae\u201d, destacou.&nbsp;<\/p>\n\n\n\n<p>Edvaldo Nogueira enfatizou ainda a parceria entre o Governo de Sergipe e a Prefeitura de Aracaju, que propicia a gera\u00e7\u00e3o de empregos e renda e a valoriza\u00e7\u00e3o da cultura. \u201cCom isso, n\u00f3s estamos movimentando a economia, gerando emprego e renda. Os hot\u00e9is v\u00e3o estar lotados, com os taxistas e os vendedores ambulantes lucrando. Ent\u00e3o \u00e9 tamb\u00e9m um estimulador do turismo na nossa cidade e, acima de tudo, tamb\u00e9m do instrumento do desenvolvimento econ\u00f4mico\u201d, enfatizou.<\/p>\n\n\n\n<p><strong>Atra\u00e7\u00f5es<\/strong><\/p>\n\n\n\n<p>Al\u00e9m dos shows, o evento destaca a Arena Criativa, uma tenda multicultural durante os tr\u00eas dias, com atividades a partir das 9h; apenas no domingo, dia 3, o in\u00edcio ser\u00e1 \u00e0s 8h. A Arena oferecer\u00e1 oficinas culturais, mostras musicais, batalhas de rima e apresenta\u00e7\u00f5es culturais. A programa\u00e7\u00e3o ampla e inclusiva visa envolver a comunidade e proporcionar experi\u00eancias ricas.<\/p>\n\n\n\n<p>A divers\u00e3o tamb\u00e9m est\u00e1 garantida para diferentes faixas et\u00e1rias. A tenda de games promover\u00e1 campeonatos de jogos eletr\u00f4nicos, enquanto a arena kids, das 14h \u00e0s 19h, oferecer\u00e1 uma variedade de atividades para as crian\u00e7as.<\/p>\n\n\n\n<p>As atividades acontecer\u00e3o nos dias 2 e 3 de mar\u00e7o, e incluem as seguintes modalidades: v\u00f4lei de praia; beach t\u00eanis; hand beach; futv\u00f4lei; funcional; beach soccer; futmesa; dan\u00e7a; skate; capoeira; lutas; patina\u00e7\u00e3o. O projeto ainda contar\u00e1 com o Virad\u00e3o do Forr\u00f3 na Orla P\u00f4r do Sol.<\/p>\n\n\n\n<p>Umas das atra\u00e7\u00f5es anunciadas na programa\u00e7\u00e3o do projeto Ver\u00e3o 2024, a cantora Winnie, falou da expectativa para se apresentar no projeto. \u201cEu conversava aqui com os outros colegas artistas, o quanto para gente \u00e9 importante essa participa\u00e7\u00e3o, essa oportunidade, porque a gente acompanhava sempre o Projeto Ver\u00e3o, ent\u00e3o a gente sempre se imaginou fazendo parte desse grande evento que traz nomes gigantes. Ent\u00e3o poder representar n\u00e3o s\u00f3 o nosso p\u00fablico sergipano, mas mostrar isso para o Brasil tamb\u00e9m, j\u00e1 que o Projeto Ver\u00e3o faz parte do calend\u00e1rio nacional de eventos do setor cultural, \u00e9 sensacional. \u00c9 uma alegria gigantesca\u201d, pontuou.<\/p>\n\n\n\n<p><strong>Projeto Ver\u00e3o<\/strong><\/p>\n\n\n\n<p>Iniciado em 2001, na gest\u00e3o do ex-prefeito Marcelo D\u00e9da e com Edvaldo Nogueira como vice, o Projeto Ver\u00e3o se estabeleceu como uma tradi\u00e7\u00e3o na cidade, atraindo um p\u00fablico diversificado e amantes da m\u00fasica. Ap\u00f3s uma breve pausa nas edi\u00e7\u00f5es de 2014, quando foi focado exclusivamente em programa\u00e7\u00e3o esportiva, o evento voltou em 2020 ao formato original, consolidando-se como um dos maiores eventos da regi\u00e3o, atraindo mais de 50 mil pessoas por noite.<\/p>\n\n\n\n<p>Com a apresenta\u00e7\u00e3o da programa\u00e7\u00e3o oficial para 2024, a expectativa \u00e9 que o Projeto Ver\u00e3o continue a oferecer momentos memor\u00e1veis \u00e0 comunidade local e visitantes, celebrando a cultura, o entretenimento e o esp\u00edrito animado do ver\u00e3o sergipano.&nbsp;<\/p>\n\n\n\n<p><strong>Programa\u00e7\u00e3o&nbsp;<\/strong><\/p>\n\n\n\n<p><strong>Sexta-feira, 1\u00b0 de mar\u00e7o<\/strong><br>Gut, Morgana e Winnie com o projeto Vozes de Sergipe (atra\u00e7\u00e3o sergipana)<br>Luedji Luna<br>Bar\u00e3o Vermelho<br>Marcelo Falc\u00e3o<br>Rea\u00e7\u00e3o (atra\u00e7\u00e3o sergipana)<\/p>\n\n\n\n<p><strong>S\u00e1bado, 2 de mar\u00e7o<\/strong><br>Pedro Lua (atra\u00e7\u00e3o sergipana)<br>Gl\u00f3ria Groove<br>Emicida<br>Tit\u00e3s<br>MC Pardal (atra\u00e7\u00e3o sergipana)<\/p>\n\n\n\n<p><strong>Domingo, 3 de mar\u00e7o<\/strong><br>Sandyal\u00ea (atra\u00e7\u00e3o sergipana)<br>Jorge Arag\u00e3o<br>Pretinho da Serrinha<br>Paralamas do Sucesso<br>Baiana System<\/p>\n\n\n\n<p>Governo de Sergipe<\/p>\n","protected":false},"excerpt":{"rendered":"<p>A festa acontecer\u00e1 entre os dias 1\u00ba a 3 de mar\u00e7o, movimentando a Orla de Atalaia com shows musicais e atividades culturais e esportivas A capital sergipana se prepara para mais uma edi\u00e7\u00e3o do Projeto Ver\u00e3o. Nesta quinta-feira, 15, o prefeito de Aracaju, Edvaldo Nogueira, e o governador de Sergipe, F\u00e1bio Mitidieri, reuniram a imprensa [&hellip;]<\/p>\n","protected":false},"author":1,"featured_media":8376,"comment_status":"closed","ping_status":"closed","sticky":false,"template":"","format":"standard","meta":{"footnotes":""},"categories":[53,52],"tags":[],"class_list":["post-8375","post","type-post","status-publish","format-standard","has-post-thumbnail","hentry","category-destaques","category-entretenimento"],"yoast_head":"<!-- This site is optimized with the Yoast SEO plugin v27.4 - https:\/\/yoast.com\/product\/yoast-seo-wordpress\/ -->\n<title>Governo de Sergipe e Prefeitura de Aracaju anunciam programa\u00e7\u00e3o do Projeto Ver\u00e3o 2024 - O Coerente<\/title>\n<meta name=\"robots\" content=\"index, follow, max-snippet:-1, max-image-preview:large, max-video-preview:-1\" \/>\n<link rel=\"canonical\" href=\"https:\/\/ocoerente.com.br\/se\/2024\/02\/15\/governo-de-sergipe-e-prefeitura-de-aracaju-anunciam-programacao-do-projeto-verao-2024\/\" \/>\n<meta property=\"og:locale\" content=\"pt_BR\" \/>\n<meta property=\"og:type\" content=\"article\" \/>\n<meta property=\"og:title\" content=\"Governo de Sergipe e Prefeitura de Aracaju anunciam programa\u00e7\u00e3o do Projeto Ver\u00e3o 2024 - O Coerente\" \/>\n<meta property=\"og:description\" content=\"A festa acontecer\u00e1 entre os dias 1\u00ba a 3 de mar\u00e7o, movimentando a Orla de Atalaia com shows musicais e atividades culturais e esportivas A capital sergipana se prepara para mais uma edi\u00e7\u00e3o do Projeto Ver\u00e3o. Nesta quinta-feira, 15, o prefeito de Aracaju, Edvaldo Nogueira, e o governador de Sergipe, F\u00e1bio Mitidieri, reuniram a imprensa [&hellip;]\" \/>\n<meta property=\"og:url\" content=\"https:\/\/ocoerente.com.br\/se\/2024\/02\/15\/governo-de-sergipe-e-prefeitura-de-aracaju-anunciam-programacao-do-projeto-verao-2024\/\" \/>\n<meta property=\"og:site_name\" content=\"O Coerente\" \/>\n<meta property=\"article:published_time\" content=\"2024-02-15T22:52:29+00:00\" \/>\n<meta property=\"article:modified_time\" content=\"2024-02-15T22:52:30+00:00\" \/>\n<meta property=\"og:image\" content=\"https:\/\/ocoerente.com.br\/se\/wp-content\/uploads\/2024\/02\/mit-valdo.jpg\" \/>\n\t<meta property=\"og:image:width\" content=\"1100\" \/>\n\t<meta property=\"og:image:height\" content=\"610\" \/>\n\t<meta property=\"og:image:type\" content=\"image\/jpeg\" \/>\n<meta name=\"author\" content=\"Reda\u00e7\u00e3o\" \/>\n<meta name=\"twitter:card\" content=\"summary_large_image\" \/>\n<meta name=\"twitter:label1\" content=\"Escrito por\" \/>\n\t<meta name=\"twitter:data1\" content=\"Reda\u00e7\u00e3o\" \/>\n\t<meta name=\"twitter:label2\" content=\"Est. tempo de leitura\" \/>\n\t<meta name=\"twitter:data2\" content=\"5 minutos\" \/>\n<script type=\"application\/ld+json\" class=\"yoast-schema-graph\">{\"@context\":\"https:\\\/\\\/schema.org\",\"@graph\":[{\"@type\":\"Article\",\"@id\":\"https:\\\/\\\/ocoerente.com.br\\\/se\\\/2024\\\/02\\\/15\\\/governo-de-sergipe-e-prefeitura-de-aracaju-anunciam-programacao-do-projeto-verao-2024\\\/#article\",\"isPartOf\":{\"@id\":\"https:\\\/\\\/ocoerente.com.br\\\/se\\\/2024\\\/02\\\/15\\\/governo-de-sergipe-e-prefeitura-de-aracaju-anunciam-programacao-do-projeto-verao-2024\\\/\"},\"author\":{\"name\":\"Reda\u00e7\u00e3o\",\"@id\":\"https:\\\/\\\/ocoerente.com.br\\\/se\\\/#\\\/schema\\\/person\\\/cc6bfd9fbca465e23543b0c963d8d037\"},\"headline\":\"Governo de Sergipe e Prefeitura de Aracaju anunciam programa\u00e7\u00e3o do Projeto Ver\u00e3o 2024\",\"datePublished\":\"2024-02-15T22:52:29+00:00\",\"dateModified\":\"2024-02-15T22:52:30+00:00\",\"mainEntityOfPage\":{\"@id\":\"https:\\\/\\\/ocoerente.com.br\\\/se\\\/2024\\\/02\\\/15\\\/governo-de-sergipe-e-prefeitura-de-aracaju-anunciam-programacao-do-projeto-verao-2024\\\/\"},\"wordCount\":1106,\"publisher\":{\"@id\":\"https:\\\/\\\/ocoerente.com.br\\\/se\\\/#\\\/schema\\\/person\\\/cc6bfd9fbca465e23543b0c963d8d037\"},\"image\":{\"@id\":\"https:\\\/\\\/ocoerente.com.br\\\/se\\\/2024\\\/02\\\/15\\\/governo-de-sergipe-e-prefeitura-de-aracaju-anunciam-programacao-do-projeto-verao-2024\\\/#primaryimage\"},\"thumbnailUrl\":\"https:\\\/\\\/ocoerente.com.br\\\/se\\\/wp-content\\\/uploads\\\/2024\\\/02\\\/mit-valdo.jpg\",\"articleSection\":[\"Destaques\",\"Entretenimento\"],\"inLanguage\":\"pt-BR\"},{\"@type\":\"WebPage\",\"@id\":\"https:\\\/\\\/ocoerente.com.br\\\/se\\\/2024\\\/02\\\/15\\\/governo-de-sergipe-e-prefeitura-de-aracaju-anunciam-programacao-do-projeto-verao-2024\\\/\",\"url\":\"https:\\\/\\\/ocoerente.com.br\\\/se\\\/2024\\\/02\\\/15\\\/governo-de-sergipe-e-prefeitura-de-aracaju-anunciam-programacao-do-projeto-verao-2024\\\/\",\"name\":\"Governo de Sergipe e Prefeitura de Aracaju anunciam programa\u00e7\u00e3o do Projeto Ver\u00e3o 2024 - O Coerente\",\"isPartOf\":{\"@id\":\"https:\\\/\\\/ocoerente.com.br\\\/se\\\/#website\"},\"primaryImageOfPage\":{\"@id\":\"https:\\\/\\\/ocoerente.com.br\\\/se\\\/2024\\\/02\\\/15\\\/governo-de-sergipe-e-prefeitura-de-aracaju-anunciam-programacao-do-projeto-verao-2024\\\/#primaryimage\"},\"image\":{\"@id\":\"https:\\\/\\\/ocoerente.com.br\\\/se\\\/2024\\\/02\\\/15\\\/governo-de-sergipe-e-prefeitura-de-aracaju-anunciam-programacao-do-projeto-verao-2024\\\/#primaryimage\"},\"thumbnailUrl\":\"https:\\\/\\\/ocoerente.com.br\\\/se\\\/wp-content\\\/uploads\\\/2024\\\/02\\\/mit-valdo.jpg\",\"datePublished\":\"2024-02-15T22:52:29+00:00\",\"dateModified\":\"2024-02-15T22:52:30+00:00\",\"breadcrumb\":{\"@id\":\"https:\\\/\\\/ocoerente.com.br\\\/se\\\/2024\\\/02\\\/15\\\/governo-de-sergipe-e-prefeitura-de-aracaju-anunciam-programacao-do-projeto-verao-2024\\\/#breadcrumb\"},\"inLanguage\":\"pt-BR\",\"potentialAction\":[{\"@type\":\"ReadAction\",\"target\":[\"https:\\\/\\\/ocoerente.com.br\\\/se\\\/2024\\\/02\\\/15\\\/governo-de-sergipe-e-prefeitura-de-aracaju-anunciam-programacao-do-projeto-verao-2024\\\/\"]}]},{\"@type\":\"ImageObject\",\"inLanguage\":\"pt-BR\",\"@id\":\"https:\\\/\\\/ocoerente.com.br\\\/se\\\/2024\\\/02\\\/15\\\/governo-de-sergipe-e-prefeitura-de-aracaju-anunciam-programacao-do-projeto-verao-2024\\\/#primaryimage\",\"url\":\"https:\\\/\\\/ocoerente.com.br\\\/se\\\/wp-content\\\/uploads\\\/2024\\\/02\\\/mit-valdo.jpg\",\"contentUrl\":\"https:\\\/\\\/ocoerente.com.br\\\/se\\\/wp-content\\\/uploads\\\/2024\\\/02\\\/mit-valdo.jpg\",\"width\":1100,\"height\":610,\"caption\":\"Fotos: C\u00e9sar de Oliveira\"},{\"@type\":\"BreadcrumbList\",\"@id\":\"https:\\\/\\\/ocoerente.com.br\\\/se\\\/2024\\\/02\\\/15\\\/governo-de-sergipe-e-prefeitura-de-aracaju-anunciam-programacao-do-projeto-verao-2024\\\/#breadcrumb\",\"itemListElement\":[{\"@type\":\"ListItem\",\"position\":1,\"name\":\"In\u00edcio\",\"item\":\"https:\\\/\\\/ocoerente.com.br\\\/se\\\/\"},{\"@type\":\"ListItem\",\"position\":2,\"name\":\"Governo de Sergipe e Prefeitura de Aracaju anunciam programa\u00e7\u00e3o do Projeto Ver\u00e3o 2024\"}]},{\"@type\":\"WebSite\",\"@id\":\"https:\\\/\\\/ocoerente.com.br\\\/se\\\/#website\",\"url\":\"https:\\\/\\\/ocoerente.com.br\\\/se\\\/\",\"name\":\"O Coerente\",\"description\":\"\",\"publisher\":{\"@id\":\"https:\\\/\\\/ocoerente.com.br\\\/se\\\/#\\\/schema\\\/person\\\/cc6bfd9fbca465e23543b0c963d8d037\"},\"potentialAction\":[{\"@type\":\"SearchAction\",\"target\":{\"@type\":\"EntryPoint\",\"urlTemplate\":\"https:\\\/\\\/ocoerente.com.br\\\/se\\\/?s={search_term_string}\"},\"query-input\":{\"@type\":\"PropertyValueSpecification\",\"valueRequired\":true,\"valueName\":\"search_term_string\"}}],\"inLanguage\":\"pt-BR\"},{\"@type\":[\"Person\",\"Organization\"],\"@id\":\"https:\\\/\\\/ocoerente.com.br\\\/se\\\/#\\\/schema\\\/person\\\/cc6bfd9fbca465e23543b0c963d8d037\",\"name\":\"Reda\u00e7\u00e3o\",\"image\":{\"@type\":\"ImageObject\",\"inLanguage\":\"pt-BR\",\"@id\":\"https:\\\/\\\/ocoerente.com.br\\\/se\\\/wp-content\\\/uploads\\\/2020\\\/01\\\/ocoerente-1.png\",\"url\":\"https:\\\/\\\/ocoerente.com.br\\\/se\\\/wp-content\\\/uploads\\\/2020\\\/01\\\/ocoerente-1.png\",\"contentUrl\":\"https:\\\/\\\/ocoerente.com.br\\\/se\\\/wp-content\\\/uploads\\\/2020\\\/01\\\/ocoerente-1.png\",\"width\":50,\"height\":50,\"caption\":\"Reda\u00e7\u00e3o\"},\"logo\":{\"@id\":\"https:\\\/\\\/ocoerente.com.br\\\/se\\\/wp-content\\\/uploads\\\/2020\\\/01\\\/ocoerente-1.png\"},\"url\":\"https:\\\/\\\/ocoerente.com.br\\\/se\\\/author\\\/vasticlsales\\\/\"}]}<\/script>\n<!-- \/ Yoast SEO plugin. -->","yoast_head_json":{"title":"Governo de Sergipe e Prefeitura de Aracaju anunciam programa\u00e7\u00e3o do Projeto Ver\u00e3o 2024 - O Coerente","robots":{"index":"index","follow":"follow","max-snippet":"max-snippet:-1","max-image-preview":"max-image-preview:large","max-video-preview":"max-video-preview:-1"},"canonical":"https:\/\/ocoerente.com.br\/se\/2024\/02\/15\/governo-de-sergipe-e-prefeitura-de-aracaju-anunciam-programacao-do-projeto-verao-2024\/","og_locale":"pt_BR","og_type":"article","og_title":"Governo de Sergipe e Prefeitura de Aracaju anunciam programa\u00e7\u00e3o do Projeto Ver\u00e3o 2024 - O Coerente","og_description":"A festa acontecer\u00e1 entre os dias 1\u00ba a 3 de mar\u00e7o, movimentando a Orla de Atalaia com shows musicais e atividades culturais e esportivas A capital sergipana se prepara para mais uma edi\u00e7\u00e3o do Projeto Ver\u00e3o. Nesta quinta-feira, 15, o prefeito de Aracaju, Edvaldo Nogueira, e o governador de Sergipe, F\u00e1bio Mitidieri, reuniram a imprensa [&hellip;]","og_url":"https:\/\/ocoerente.com.br\/se\/2024\/02\/15\/governo-de-sergipe-e-prefeitura-de-aracaju-anunciam-programacao-do-projeto-verao-2024\/","og_site_name":"O Coerente","article_published_time":"2024-02-15T22:52:29+00:00","article_modified_time":"2024-02-15T22:52:30+00:00","og_image":[{"width":1100,"height":610,"url":"https:\/\/ocoerente.com.br\/se\/wp-content\/uploads\/2024\/02\/mit-valdo.jpg","type":"image\/jpeg"}],"author":"Reda\u00e7\u00e3o","twitter_card":"summary_large_image","twitter_misc":{"Escrito por":"Reda\u00e7\u00e3o","Est. tempo de leitura":"5 minutos"},"schema":{"@context":"https:\/\/schema.org","@graph":[{"@type":"Article","@id":"https:\/\/ocoerente.com.br\/se\/2024\/02\/15\/governo-de-sergipe-e-prefeitura-de-aracaju-anunciam-programacao-do-projeto-verao-2024\/#article","isPartOf":{"@id":"https:\/\/ocoerente.com.br\/se\/2024\/02\/15\/governo-de-sergipe-e-prefeitura-de-aracaju-anunciam-programacao-do-projeto-verao-2024\/"},"author":{"name":"Reda\u00e7\u00e3o","@id":"https:\/\/ocoerente.com.br\/se\/#\/schema\/person\/cc6bfd9fbca465e23543b0c963d8d037"},"headline":"Governo de Sergipe e Prefeitura de Aracaju anunciam programa\u00e7\u00e3o do Projeto Ver\u00e3o 2024","datePublished":"2024-02-15T22:52:29+00:00","dateModified":"2024-02-15T22:52:30+00:00","mainEntityOfPage":{"@id":"https:\/\/ocoerente.com.br\/se\/2024\/02\/15\/governo-de-sergipe-e-prefeitura-de-aracaju-anunciam-programacao-do-projeto-verao-2024\/"},"wordCount":1106,"publisher":{"@id":"https:\/\/ocoerente.com.br\/se\/#\/schema\/person\/cc6bfd9fbca465e23543b0c963d8d037"},"image":{"@id":"https:\/\/ocoerente.com.br\/se\/2024\/02\/15\/governo-de-sergipe-e-prefeitura-de-aracaju-anunciam-programacao-do-projeto-verao-2024\/#primaryimage"},"thumbnailUrl":"https:\/\/ocoerente.com.br\/se\/wp-content\/uploads\/2024\/02\/mit-valdo.jpg","articleSection":["Destaques","Entretenimento"],"inLanguage":"pt-BR"},{"@type":"WebPage","@id":"https:\/\/ocoerente.com.br\/se\/2024\/02\/15\/governo-de-sergipe-e-prefeitura-de-aracaju-anunciam-programacao-do-projeto-verao-2024\/","url":"https:\/\/ocoerente.com.br\/se\/2024\/02\/15\/governo-de-sergipe-e-prefeitura-de-aracaju-anunciam-programacao-do-projeto-verao-2024\/","name":"Governo de Sergipe e Prefeitura de Aracaju anunciam programa\u00e7\u00e3o do Projeto Ver\u00e3o 2024 - O Coerente","isPartOf":{"@id":"https:\/\/ocoerente.com.br\/se\/#website"},"primaryImageOfPage":{"@id":"https:\/\/ocoerente.com.br\/se\/2024\/02\/15\/governo-de-sergipe-e-prefeitura-de-aracaju-anunciam-programacao-do-projeto-verao-2024\/#primaryimage"},"image":{"@id":"https:\/\/ocoerente.com.br\/se\/2024\/02\/15\/governo-de-sergipe-e-prefeitura-de-aracaju-anunciam-programacao-do-projeto-verao-2024\/#primaryimage"},"thumbnailUrl":"https:\/\/ocoerente.com.br\/se\/wp-content\/uploads\/2024\/02\/mit-valdo.jpg","datePublished":"2024-02-15T22:52:29+00:00","dateModified":"2024-02-15T22:52:30+00:00","breadcrumb":{"@id":"https:\/\/ocoerente.com.br\/se\/2024\/02\/15\/governo-de-sergipe-e-prefeitura-de-aracaju-anunciam-programacao-do-projeto-verao-2024\/#breadcrumb"},"inLanguage":"pt-BR","potentialAction":[{"@type":"ReadAction","target":["https:\/\/ocoerente.com.br\/se\/2024\/02\/15\/governo-de-sergipe-e-prefeitura-de-aracaju-anunciam-programacao-do-projeto-verao-2024\/"]}]},{"@type":"ImageObject","inLanguage":"pt-BR","@id":"https:\/\/ocoerente.com.br\/se\/2024\/02\/15\/governo-de-sergipe-e-prefeitura-de-aracaju-anunciam-programacao-do-projeto-verao-2024\/#primaryimage","url":"https:\/\/ocoerente.com.br\/se\/wp-content\/uploads\/2024\/02\/mit-valdo.jpg","contentUrl":"https:\/\/ocoerente.com.br\/se\/wp-content\/uploads\/2024\/02\/mit-valdo.jpg","width":1100,"height":610,"caption":"Fotos: C\u00e9sar de Oliveira"},{"@type":"BreadcrumbList","@id":"https:\/\/ocoerente.com.br\/se\/2024\/02\/15\/governo-de-sergipe-e-prefeitura-de-aracaju-anunciam-programacao-do-projeto-verao-2024\/#breadcrumb","itemListElement":[{"@type":"ListItem","position":1,"name":"In\u00edcio","item":"https:\/\/ocoerente.com.br\/se\/"},{"@type":"ListItem","position":2,"name":"Governo de Sergipe e Prefeitura de Aracaju anunciam programa\u00e7\u00e3o do Projeto Ver\u00e3o 2024"}]},{"@type":"WebSite","@id":"https:\/\/ocoerente.com.br\/se\/#website","url":"https:\/\/ocoerente.com.br\/se\/","name":"O Coerente","description":"","publisher":{"@id":"https:\/\/ocoerente.com.br\/se\/#\/schema\/person\/cc6bfd9fbca465e23543b0c963d8d037"},"potentialAction":[{"@type":"SearchAction","target":{"@type":"EntryPoint","urlTemplate":"https:\/\/ocoerente.com.br\/se\/?s={search_term_string}"},"query-input":{"@type":"PropertyValueSpecification","valueRequired":true,"valueName":"search_term_string"}}],"inLanguage":"pt-BR"},{"@type":["Person","Organization"],"@id":"https:\/\/ocoerente.com.br\/se\/#\/schema\/person\/cc6bfd9fbca465e23543b0c963d8d037","name":"Reda\u00e7\u00e3o","image":{"@type":"ImageObject","inLanguage":"pt-BR","@id":"https:\/\/ocoerente.com.br\/se\/wp-content\/uploads\/2020\/01\/ocoerente-1.png","url":"https:\/\/ocoerente.com.br\/se\/wp-content\/uploads\/2020\/01\/ocoerente-1.png","contentUrl":"https:\/\/ocoerente.com.br\/se\/wp-content\/uploads\/2020\/01\/ocoerente-1.png","width":50,"height":50,"caption":"Reda\u00e7\u00e3o"},"logo":{"@id":"https:\/\/ocoerente.com.br\/se\/wp-content\/uploads\/2020\/01\/ocoerente-1.png"},"url":"https:\/\/ocoerente.com.br\/se\/author\/vasticlsales\/"}]}},"_links":{"self":[{"href":"https:\/\/ocoerente.com.br\/se\/wp-json\/wp\/v2\/posts\/8375","targetHints":{"allow":["GET"]}}],"collection":[{"href":"https:\/\/ocoerente.com.br\/se\/wp-json\/wp\/v2\/posts"}],"about":[{"href":"https:\/\/ocoerente.com.br\/se\/wp-json\/wp\/v2\/types\/post"}],"author":[{"embeddable":true,"href":"https:\/\/ocoerente.com.br\/se\/wp-json\/wp\/v2\/users\/1"}],"replies":[{"embeddable":true,"href":"https:\/\/ocoerente.com.br\/se\/wp-json\/wp\/v2\/comments?post=8375"}],"version-history":[{"count":1,"href":"https:\/\/ocoerente.com.br\/se\/wp-json\/wp\/v2\/posts\/8375\/revisions"}],"predecessor-version":[{"id":8377,"href":"https:\/\/ocoerente.com.br\/se\/wp-json\/wp\/v2\/posts\/8375\/revisions\/8377"}],"wp:featuredmedia":[{"embeddable":true,"href":"https:\/\/ocoerente.com.br\/se\/wp-json\/wp\/v2\/media\/8376"}],"wp:attachment":[{"href":"https:\/\/ocoerente.com.br\/se\/wp-json\/wp\/v2\/media?parent=8375"}],"wp:term":[{"taxonomy":"category","embeddable":true,"href":"https:\/\/ocoerente.com.br\/se\/wp-json\/wp\/v2\/categories?post=8375"},{"taxonomy":"post_tag","embeddable":true,"href":"https:\/\/ocoerente.com.br\/se\/wp-json\/wp\/v2\/tags?post=8375"}],"curies":[{"name":"wp","href":"https:\/\/api.w.org\/{rel}","templated":true}]}}