{"id":834,"date":"2020-04-16T23:01:21","date_gmt":"2020-04-17T02:01:21","guid":{"rendered":"http:\/\/ocoerente.com.br\/se\/?p=834"},"modified":"2020-04-16T23:01:21","modified_gmt":"2020-04-17T02:01:21","slug":"covid-19-em-inspecao-com-prefeito-entidades-de-saude-aprovam-os-20-novos-leitos-de-retaguarda","status":"publish","type":"post","link":"https:\/\/ocoerente.com.br\/se\/2020\/04\/16\/covid-19-em-inspecao-com-prefeito-entidades-de-saude-aprovam-os-20-novos-leitos-de-retaguarda\/","title":{"rendered":"Covid-19: em inspe\u00e7\u00e3o com prefeito, entidades de Sa\u00fade aprovam os 20 novos leitos de retaguarda"},"content":{"rendered":"<p>O prefeito Edvaldo Nogueira e a secret\u00e1ria municipal da Sa\u00fade, Waneska Barboza, acompanhados dos presidentes das entidades de profissionais da Sa\u00fade, inspecionaram na manh\u00e3 desta quinta-feira, 16, a instala\u00e7\u00e3o dos 20 novos leitos de retaguarda para atendimento \u00e0s pessoas infectadas pelo coronav\u00edrus na capital sergipana. A nova estrutura, que estar\u00e1 dispon\u00edvel \u00e0 popula\u00e7\u00e3o a partir desta quinta, foi montada no Centro de Apoio Psicossocial (Caps) Jael Patr\u00edcio de Lima, localizado no bairro Dom Luciano, e servir\u00e1 para receber pacientes de baixa complexidade que necessitarem de internamento. Os presidentes do Sindicato dos M\u00e9dicos, Jo\u00e3o Augusto Almeida, e do Conselho Regional de Enfermagem, Diego Rafael, aprovaram a estrutura.<\/p>\n<p><img loading=\"lazy\" decoding=\"async\" class=\"alignnone wp-image-836 \" src=\"http:\/\/ocoerente.com.br\/se\/wp-content\/uploads\/2020\/04\/alm_17252-750x375.jpg\" alt=\"\" width=\"584\" height=\"292\" srcset=\"https:\/\/ocoerente.com.br\/se\/wp-content\/uploads\/2020\/04\/alm_17252-750x375.jpg 750w, https:\/\/ocoerente.com.br\/se\/wp-content\/uploads\/2020\/04\/alm_17252-360x180.jpg 360w, https:\/\/ocoerente.com.br\/se\/wp-content\/uploads\/2020\/04\/alm_17252-1140x570.jpg 1140w\" sizes=\"auto, (max-width: 584px) 100vw, 584px\" \/><br \/>\n\u201cViemos conferir de perto a montagem dos 20 leitos de retaguarda que servir\u00e3o para o atendimento aos pacientes com coronav\u00edrus. O espa\u00e7o est\u00e1 pronto e foi muito bem equipado para a presta\u00e7\u00e3o de um servi\u00e7o de qualidade \u00e0queles que se enquadrarem em casos de baixa e m\u00e9dia complexidades. Os 20 leitos foram divididos para dois atendimentos, uma parte para observa\u00e7\u00e3o e outra para os confirmados. Tivemos esse cuidado para que os pacientes n\u00e3o tenham contato. Al\u00e9m disso, teremos leitos de estabiliza\u00e7\u00e3o, com monitor card\u00edaco e respirador, caso necessite. \u00c9 um momento muito importante e estou muito feliz porque, a partir desta quinta-feira, j\u00e1 teremos dispon\u00edvel um novo local para atendimento exclusivo de pacientes com coronav\u00edrus na capital\u201d, destacou o prefeito.<\/p>\n<p><img loading=\"lazy\" decoding=\"async\" class=\"alignnone wp-image-837 \" src=\"http:\/\/ocoerente.com.br\/se\/wp-content\/uploads\/2020\/04\/alm_1500-750x375.jpg\" alt=\"\" width=\"582\" height=\"291\" srcset=\"https:\/\/ocoerente.com.br\/se\/wp-content\/uploads\/2020\/04\/alm_1500-750x375.jpg 750w, https:\/\/ocoerente.com.br\/se\/wp-content\/uploads\/2020\/04\/alm_1500-360x180.jpg 360w, https:\/\/ocoerente.com.br\/se\/wp-content\/uploads\/2020\/04\/alm_1500-1140x570.jpg 1140w\" sizes=\"auto, (max-width: 582px) 100vw, 582px\" \/><\/p>\n<p>O presidente do Sindicato dos M\u00e9dicos, Jo\u00e3o Augusto Oliveira, aprovou a estrutura dos novos leitos. \u201cEst\u00e1 bem montada. O espa\u00e7amento para o fluxo est\u00e1 bem organizado e a separa\u00e7\u00e3o para os suspeitos n\u00e3o serem misturados com os casos confirmados tamb\u00e9m foi muito bem feita. Os pacientes em situa\u00e7\u00e3o de baixa e m\u00e9dia complexidades com certeza ser\u00e3o bem atendidos aqui. Temos percebido que a aten\u00e7\u00e3o prim\u00e1ria assim como os leitos de enfermaria est\u00e3o se preparando. Vemos um questionamento da popula\u00e7\u00e3o quanto a esses leitos estarem vazios, ainda, mas o objetivo \u00e9 que estejam mesmo, porque houve o isolamento. A partir do afrouxamento das medidas \u00e9 que eles ser\u00e3o acompanhados, mas esperamos que de maneira reduzida. A restri\u00e7\u00e3o da mobilidade ajudou bastante para que essa organiza\u00e7\u00e3o aconte\u00e7a\u201d, afirmou.<\/p>\n<p>Assim como ele, o presidente do Conselho Municipal de Enfermagem, Diego Rafael Borges, definiu os novos leitos montados pela Prefeitura como \u201cum espa\u00e7o de boa qualidade\u201d. \u201cTemos acompanhado desde o processo de montagem, a convite da secret\u00e1ria da Sa\u00fade, e vimos todas as fases. A \u00e1rea possui boa qualidade e podemos averiguar que poder\u00e1 assistir os pacientes com maior seguran\u00e7a. Observa-se que as equipes est\u00e3o chegando, j\u00e1 est\u00e3o sendo treinadas para ofertar um atendimento seguro, tanto para o paciente, como tamb\u00e9m para os pr\u00f3prios profissionais\u201d, avaliou.<\/p>\n<p>O Caps Jael Patr\u00edcio foi todo estruturado para receber, da melhor maneira poss\u00edvel, tanto profissionais quanto pacientes, com sala de recep\u00e7\u00e3o, enfermarias, farm\u00e1cia, banheiros, vesti\u00e1rios e sala de repouso para os profissionais. Equipamentos foram adquiridos, a exemplo de respiradores mec\u00e2nicos, al\u00e9m de medicamentos, de modo que toda a assist\u00eancia ser\u00e1 assegurada aos pacientes que demandarem atendimento na rede municipal de Sa\u00fade. Ao todo, a Prefeitura j\u00e1 disp\u00f5e de 47 leitos de retaguarda: os 20 do Caps, 20 contratados no hospital S\u00e3o Jos\u00e9 e sete no hospital de pequeno porte Fernando Franco.<\/p>\n<p>Tamb\u00e9m participaram da inspe\u00e7\u00e3o o presidente do Conselho Municipal de Fisioterapia e Terapia Ocupacional, Jader Pereira de Farias Neto, e o presidente do Conselho Municipal de Odontologia, Anderson Lessa.<\/p>\n<p>&nbsp;<\/p>\n<p>Ag\u00eancia Aracaju de Not\u00edcias<\/p>\n","protected":false},"excerpt":{"rendered":"<p>O prefeito Edvaldo Nogueira e a secret\u00e1ria municipal da Sa\u00fade, Waneska Barboza, acompanhados dos presidentes das entidades de profissionais da Sa\u00fade, inspecionaram na manh\u00e3 desta quinta-feira, 16, a instala\u00e7\u00e3o dos 20 novos leitos de retaguarda para atendimento \u00e0s pessoas infectadas pelo coronav\u00edrus na capital sergipana. A nova estrutura, que estar\u00e1 dispon\u00edvel \u00e0 popula\u00e7\u00e3o a partir [&hellip;]<\/p>\n","protected":false},"author":1,"featured_media":835,"comment_status":"closed","ping_status":"closed","sticky":false,"template":"","format":"standard","meta":{"footnotes":""},"categories":[53,43],"tags":[],"class_list":["post-834","post","type-post","status-publish","format-standard","has-post-thumbnail","hentry","category-destaques","category-sergipe"],"yoast_head":"<!-- This site is optimized with the Yoast SEO plugin v27.4 - https:\/\/yoast.com\/product\/yoast-seo-wordpress\/ -->\n<title>Covid-19: em inspe\u00e7\u00e3o com prefeito, entidades de Sa\u00fade aprovam os 20 novos leitos de retaguarda - O Coerente<\/title>\n<meta name=\"robots\" content=\"index, follow, max-snippet:-1, max-image-preview:large, max-video-preview:-1\" \/>\n<link rel=\"canonical\" href=\"https:\/\/ocoerente.com.br\/se\/2020\/04\/16\/covid-19-em-inspecao-com-prefeito-entidades-de-saude-aprovam-os-20-novos-leitos-de-retaguarda\/\" \/>\n<meta property=\"og:locale\" content=\"pt_BR\" \/>\n<meta property=\"og:type\" content=\"article\" \/>\n<meta property=\"og:title\" content=\"Covid-19: em inspe\u00e7\u00e3o com prefeito, entidades de Sa\u00fade aprovam os 20 novos leitos de retaguarda - O Coerente\" \/>\n<meta property=\"og:description\" content=\"O prefeito Edvaldo Nogueira e a secret\u00e1ria municipal da Sa\u00fade, Waneska Barboza, acompanhados dos presidentes das entidades de profissionais da Sa\u00fade, inspecionaram na manh\u00e3 desta quinta-feira, 16, a instala\u00e7\u00e3o dos 20 novos leitos de retaguarda para atendimento \u00e0s pessoas infectadas pelo coronav\u00edrus na capital sergipana. A nova estrutura, que estar\u00e1 dispon\u00edvel \u00e0 popula\u00e7\u00e3o a partir [&hellip;]\" \/>\n<meta property=\"og:url\" content=\"https:\/\/ocoerente.com.br\/se\/2020\/04\/16\/covid-19-em-inspecao-com-prefeito-entidades-de-saude-aprovam-os-20-novos-leitos-de-retaguarda\/\" \/>\n<meta property=\"og:site_name\" content=\"O Coerente\" \/>\n<meta property=\"article:published_time\" content=\"2020-04-17T02:01:21+00:00\" \/>\n<meta property=\"og:image\" content=\"https:\/\/ocoerente.com.br\/se\/wp-content\/uploads\/2020\/04\/alm_1584-scaled.jpg\" \/>\n\t<meta property=\"og:image:width\" content=\"2560\" \/>\n\t<meta property=\"og:image:height\" content=\"1709\" \/>\n\t<meta property=\"og:image:type\" content=\"image\/jpeg\" \/>\n<meta name=\"author\" content=\"Reda\u00e7\u00e3o\" \/>\n<meta name=\"twitter:card\" content=\"summary_large_image\" \/>\n<meta name=\"twitter:label1\" content=\"Escrito por\" \/>\n\t<meta name=\"twitter:data1\" content=\"Reda\u00e7\u00e3o\" \/>\n\t<meta name=\"twitter:label2\" content=\"Est. tempo de leitura\" \/>\n\t<meta name=\"twitter:data2\" content=\"3 minutos\" \/>\n<script type=\"application\/ld+json\" class=\"yoast-schema-graph\">{\"@context\":\"https:\\\/\\\/schema.org\",\"@graph\":[{\"@type\":\"Article\",\"@id\":\"https:\\\/\\\/ocoerente.com.br\\\/se\\\/2020\\\/04\\\/16\\\/covid-19-em-inspecao-com-prefeito-entidades-de-saude-aprovam-os-20-novos-leitos-de-retaguarda\\\/#article\",\"isPartOf\":{\"@id\":\"https:\\\/\\\/ocoerente.com.br\\\/se\\\/2020\\\/04\\\/16\\\/covid-19-em-inspecao-com-prefeito-entidades-de-saude-aprovam-os-20-novos-leitos-de-retaguarda\\\/\"},\"author\":{\"name\":\"Reda\u00e7\u00e3o\",\"@id\":\"https:\\\/\\\/ocoerente.com.br\\\/se\\\/#\\\/schema\\\/person\\\/cc6bfd9fbca465e23543b0c963d8d037\"},\"headline\":\"Covid-19: em inspe\u00e7\u00e3o com prefeito, entidades de Sa\u00fade aprovam os 20 novos leitos de retaguarda\",\"datePublished\":\"2020-04-17T02:01:21+00:00\",\"mainEntityOfPage\":{\"@id\":\"https:\\\/\\\/ocoerente.com.br\\\/se\\\/2020\\\/04\\\/16\\\/covid-19-em-inspecao-com-prefeito-entidades-de-saude-aprovam-os-20-novos-leitos-de-retaguarda\\\/\"},\"wordCount\":631,\"publisher\":{\"@id\":\"https:\\\/\\\/ocoerente.com.br\\\/se\\\/#\\\/schema\\\/person\\\/cc6bfd9fbca465e23543b0c963d8d037\"},\"image\":{\"@id\":\"https:\\\/\\\/ocoerente.com.br\\\/se\\\/2020\\\/04\\\/16\\\/covid-19-em-inspecao-com-prefeito-entidades-de-saude-aprovam-os-20-novos-leitos-de-retaguarda\\\/#primaryimage\"},\"thumbnailUrl\":\"https:\\\/\\\/ocoerente.com.br\\\/se\\\/wp-content\\\/uploads\\\/2020\\\/04\\\/alm_1584-scaled.jpg\",\"articleSection\":[\"Destaques\",\"Sergipe\"],\"inLanguage\":\"pt-BR\"},{\"@type\":\"WebPage\",\"@id\":\"https:\\\/\\\/ocoerente.com.br\\\/se\\\/2020\\\/04\\\/16\\\/covid-19-em-inspecao-com-prefeito-entidades-de-saude-aprovam-os-20-novos-leitos-de-retaguarda\\\/\",\"url\":\"https:\\\/\\\/ocoerente.com.br\\\/se\\\/2020\\\/04\\\/16\\\/covid-19-em-inspecao-com-prefeito-entidades-de-saude-aprovam-os-20-novos-leitos-de-retaguarda\\\/\",\"name\":\"Covid-19: em inspe\u00e7\u00e3o com prefeito, entidades de Sa\u00fade aprovam os 20 novos leitos de retaguarda - O Coerente\",\"isPartOf\":{\"@id\":\"https:\\\/\\\/ocoerente.com.br\\\/se\\\/#website\"},\"primaryImageOfPage\":{\"@id\":\"https:\\\/\\\/ocoerente.com.br\\\/se\\\/2020\\\/04\\\/16\\\/covid-19-em-inspecao-com-prefeito-entidades-de-saude-aprovam-os-20-novos-leitos-de-retaguarda\\\/#primaryimage\"},\"image\":{\"@id\":\"https:\\\/\\\/ocoerente.com.br\\\/se\\\/2020\\\/04\\\/16\\\/covid-19-em-inspecao-com-prefeito-entidades-de-saude-aprovam-os-20-novos-leitos-de-retaguarda\\\/#primaryimage\"},\"thumbnailUrl\":\"https:\\\/\\\/ocoerente.com.br\\\/se\\\/wp-content\\\/uploads\\\/2020\\\/04\\\/alm_1584-scaled.jpg\",\"datePublished\":\"2020-04-17T02:01:21+00:00\",\"breadcrumb\":{\"@id\":\"https:\\\/\\\/ocoerente.com.br\\\/se\\\/2020\\\/04\\\/16\\\/covid-19-em-inspecao-com-prefeito-entidades-de-saude-aprovam-os-20-novos-leitos-de-retaguarda\\\/#breadcrumb\"},\"inLanguage\":\"pt-BR\",\"potentialAction\":[{\"@type\":\"ReadAction\",\"target\":[\"https:\\\/\\\/ocoerente.com.br\\\/se\\\/2020\\\/04\\\/16\\\/covid-19-em-inspecao-com-prefeito-entidades-de-saude-aprovam-os-20-novos-leitos-de-retaguarda\\\/\"]}]},{\"@type\":\"ImageObject\",\"inLanguage\":\"pt-BR\",\"@id\":\"https:\\\/\\\/ocoerente.com.br\\\/se\\\/2020\\\/04\\\/16\\\/covid-19-em-inspecao-com-prefeito-entidades-de-saude-aprovam-os-20-novos-leitos-de-retaguarda\\\/#primaryimage\",\"url\":\"https:\\\/\\\/ocoerente.com.br\\\/se\\\/wp-content\\\/uploads\\\/2020\\\/04\\\/alm_1584-scaled.jpg\",\"contentUrl\":\"https:\\\/\\\/ocoerente.com.br\\\/se\\\/wp-content\\\/uploads\\\/2020\\\/04\\\/alm_1584-scaled.jpg\",\"width\":2560,\"height\":1709},{\"@type\":\"BreadcrumbList\",\"@id\":\"https:\\\/\\\/ocoerente.com.br\\\/se\\\/2020\\\/04\\\/16\\\/covid-19-em-inspecao-com-prefeito-entidades-de-saude-aprovam-os-20-novos-leitos-de-retaguarda\\\/#breadcrumb\",\"itemListElement\":[{\"@type\":\"ListItem\",\"position\":1,\"name\":\"In\u00edcio\",\"item\":\"https:\\\/\\\/ocoerente.com.br\\\/se\\\/\"},{\"@type\":\"ListItem\",\"position\":2,\"name\":\"Covid-19: em inspe\u00e7\u00e3o com prefeito, entidades de Sa\u00fade aprovam os 20 novos leitos de retaguarda\"}]},{\"@type\":\"WebSite\",\"@id\":\"https:\\\/\\\/ocoerente.com.br\\\/se\\\/#website\",\"url\":\"https:\\\/\\\/ocoerente.com.br\\\/se\\\/\",\"name\":\"O Coerente\",\"description\":\"\",\"publisher\":{\"@id\":\"https:\\\/\\\/ocoerente.com.br\\\/se\\\/#\\\/schema\\\/person\\\/cc6bfd9fbca465e23543b0c963d8d037\"},\"potentialAction\":[{\"@type\":\"SearchAction\",\"target\":{\"@type\":\"EntryPoint\",\"urlTemplate\":\"https:\\\/\\\/ocoerente.com.br\\\/se\\\/?s={search_term_string}\"},\"query-input\":{\"@type\":\"PropertyValueSpecification\",\"valueRequired\":true,\"valueName\":\"search_term_string\"}}],\"inLanguage\":\"pt-BR\"},{\"@type\":[\"Person\",\"Organization\"],\"@id\":\"https:\\\/\\\/ocoerente.com.br\\\/se\\\/#\\\/schema\\\/person\\\/cc6bfd9fbca465e23543b0c963d8d037\",\"name\":\"Reda\u00e7\u00e3o\",\"image\":{\"@type\":\"ImageObject\",\"inLanguage\":\"pt-BR\",\"@id\":\"https:\\\/\\\/ocoerente.com.br\\\/se\\\/wp-content\\\/uploads\\\/2020\\\/01\\\/ocoerente-1.png\",\"url\":\"https:\\\/\\\/ocoerente.com.br\\\/se\\\/wp-content\\\/uploads\\\/2020\\\/01\\\/ocoerente-1.png\",\"contentUrl\":\"https:\\\/\\\/ocoerente.com.br\\\/se\\\/wp-content\\\/uploads\\\/2020\\\/01\\\/ocoerente-1.png\",\"width\":50,\"height\":50,\"caption\":\"Reda\u00e7\u00e3o\"},\"logo\":{\"@id\":\"https:\\\/\\\/ocoerente.com.br\\\/se\\\/wp-content\\\/uploads\\\/2020\\\/01\\\/ocoerente-1.png\"},\"url\":\"https:\\\/\\\/ocoerente.com.br\\\/se\\\/author\\\/vasticlsales\\\/\"}]}<\/script>\n<!-- \/ Yoast SEO plugin. -->","yoast_head_json":{"title":"Covid-19: em inspe\u00e7\u00e3o com prefeito, entidades de Sa\u00fade aprovam os 20 novos leitos de retaguarda - O Coerente","robots":{"index":"index","follow":"follow","max-snippet":"max-snippet:-1","max-image-preview":"max-image-preview:large","max-video-preview":"max-video-preview:-1"},"canonical":"https:\/\/ocoerente.com.br\/se\/2020\/04\/16\/covid-19-em-inspecao-com-prefeito-entidades-de-saude-aprovam-os-20-novos-leitos-de-retaguarda\/","og_locale":"pt_BR","og_type":"article","og_title":"Covid-19: em inspe\u00e7\u00e3o com prefeito, entidades de Sa\u00fade aprovam os 20 novos leitos de retaguarda - O Coerente","og_description":"O prefeito Edvaldo Nogueira e a secret\u00e1ria municipal da Sa\u00fade, Waneska Barboza, acompanhados dos presidentes das entidades de profissionais da Sa\u00fade, inspecionaram na manh\u00e3 desta quinta-feira, 16, a instala\u00e7\u00e3o dos 20 novos leitos de retaguarda para atendimento \u00e0s pessoas infectadas pelo coronav\u00edrus na capital sergipana. A nova estrutura, que estar\u00e1 dispon\u00edvel \u00e0 popula\u00e7\u00e3o a partir [&hellip;]","og_url":"https:\/\/ocoerente.com.br\/se\/2020\/04\/16\/covid-19-em-inspecao-com-prefeito-entidades-de-saude-aprovam-os-20-novos-leitos-de-retaguarda\/","og_site_name":"O Coerente","article_published_time":"2020-04-17T02:01:21+00:00","og_image":[{"width":2560,"height":1709,"url":"https:\/\/ocoerente.com.br\/se\/wp-content\/uploads\/2020\/04\/alm_1584-scaled.jpg","type":"image\/jpeg"}],"author":"Reda\u00e7\u00e3o","twitter_card":"summary_large_image","twitter_misc":{"Escrito por":"Reda\u00e7\u00e3o","Est. tempo de leitura":"3 minutos"},"schema":{"@context":"https:\/\/schema.org","@graph":[{"@type":"Article","@id":"https:\/\/ocoerente.com.br\/se\/2020\/04\/16\/covid-19-em-inspecao-com-prefeito-entidades-de-saude-aprovam-os-20-novos-leitos-de-retaguarda\/#article","isPartOf":{"@id":"https:\/\/ocoerente.com.br\/se\/2020\/04\/16\/covid-19-em-inspecao-com-prefeito-entidades-de-saude-aprovam-os-20-novos-leitos-de-retaguarda\/"},"author":{"name":"Reda\u00e7\u00e3o","@id":"https:\/\/ocoerente.com.br\/se\/#\/schema\/person\/cc6bfd9fbca465e23543b0c963d8d037"},"headline":"Covid-19: em inspe\u00e7\u00e3o com prefeito, entidades de Sa\u00fade aprovam os 20 novos leitos de retaguarda","datePublished":"2020-04-17T02:01:21+00:00","mainEntityOfPage":{"@id":"https:\/\/ocoerente.com.br\/se\/2020\/04\/16\/covid-19-em-inspecao-com-prefeito-entidades-de-saude-aprovam-os-20-novos-leitos-de-retaguarda\/"},"wordCount":631,"publisher":{"@id":"https:\/\/ocoerente.com.br\/se\/#\/schema\/person\/cc6bfd9fbca465e23543b0c963d8d037"},"image":{"@id":"https:\/\/ocoerente.com.br\/se\/2020\/04\/16\/covid-19-em-inspecao-com-prefeito-entidades-de-saude-aprovam-os-20-novos-leitos-de-retaguarda\/#primaryimage"},"thumbnailUrl":"https:\/\/ocoerente.com.br\/se\/wp-content\/uploads\/2020\/04\/alm_1584-scaled.jpg","articleSection":["Destaques","Sergipe"],"inLanguage":"pt-BR"},{"@type":"WebPage","@id":"https:\/\/ocoerente.com.br\/se\/2020\/04\/16\/covid-19-em-inspecao-com-prefeito-entidades-de-saude-aprovam-os-20-novos-leitos-de-retaguarda\/","url":"https:\/\/ocoerente.com.br\/se\/2020\/04\/16\/covid-19-em-inspecao-com-prefeito-entidades-de-saude-aprovam-os-20-novos-leitos-de-retaguarda\/","name":"Covid-19: em inspe\u00e7\u00e3o com prefeito, entidades de Sa\u00fade aprovam os 20 novos leitos de retaguarda - O Coerente","isPartOf":{"@id":"https:\/\/ocoerente.com.br\/se\/#website"},"primaryImageOfPage":{"@id":"https:\/\/ocoerente.com.br\/se\/2020\/04\/16\/covid-19-em-inspecao-com-prefeito-entidades-de-saude-aprovam-os-20-novos-leitos-de-retaguarda\/#primaryimage"},"image":{"@id":"https:\/\/ocoerente.com.br\/se\/2020\/04\/16\/covid-19-em-inspecao-com-prefeito-entidades-de-saude-aprovam-os-20-novos-leitos-de-retaguarda\/#primaryimage"},"thumbnailUrl":"https:\/\/ocoerente.com.br\/se\/wp-content\/uploads\/2020\/04\/alm_1584-scaled.jpg","datePublished":"2020-04-17T02:01:21+00:00","breadcrumb":{"@id":"https:\/\/ocoerente.com.br\/se\/2020\/04\/16\/covid-19-em-inspecao-com-prefeito-entidades-de-saude-aprovam-os-20-novos-leitos-de-retaguarda\/#breadcrumb"},"inLanguage":"pt-BR","potentialAction":[{"@type":"ReadAction","target":["https:\/\/ocoerente.com.br\/se\/2020\/04\/16\/covid-19-em-inspecao-com-prefeito-entidades-de-saude-aprovam-os-20-novos-leitos-de-retaguarda\/"]}]},{"@type":"ImageObject","inLanguage":"pt-BR","@id":"https:\/\/ocoerente.com.br\/se\/2020\/04\/16\/covid-19-em-inspecao-com-prefeito-entidades-de-saude-aprovam-os-20-novos-leitos-de-retaguarda\/#primaryimage","url":"https:\/\/ocoerente.com.br\/se\/wp-content\/uploads\/2020\/04\/alm_1584-scaled.jpg","contentUrl":"https:\/\/ocoerente.com.br\/se\/wp-content\/uploads\/2020\/04\/alm_1584-scaled.jpg","width":2560,"height":1709},{"@type":"BreadcrumbList","@id":"https:\/\/ocoerente.com.br\/se\/2020\/04\/16\/covid-19-em-inspecao-com-prefeito-entidades-de-saude-aprovam-os-20-novos-leitos-de-retaguarda\/#breadcrumb","itemListElement":[{"@type":"ListItem","position":1,"name":"In\u00edcio","item":"https:\/\/ocoerente.com.br\/se\/"},{"@type":"ListItem","position":2,"name":"Covid-19: em inspe\u00e7\u00e3o com prefeito, entidades de Sa\u00fade aprovam os 20 novos leitos de retaguarda"}]},{"@type":"WebSite","@id":"https:\/\/ocoerente.com.br\/se\/#website","url":"https:\/\/ocoerente.com.br\/se\/","name":"O Coerente","description":"","publisher":{"@id":"https:\/\/ocoerente.com.br\/se\/#\/schema\/person\/cc6bfd9fbca465e23543b0c963d8d037"},"potentialAction":[{"@type":"SearchAction","target":{"@type":"EntryPoint","urlTemplate":"https:\/\/ocoerente.com.br\/se\/?s={search_term_string}"},"query-input":{"@type":"PropertyValueSpecification","valueRequired":true,"valueName":"search_term_string"}}],"inLanguage":"pt-BR"},{"@type":["Person","Organization"],"@id":"https:\/\/ocoerente.com.br\/se\/#\/schema\/person\/cc6bfd9fbca465e23543b0c963d8d037","name":"Reda\u00e7\u00e3o","image":{"@type":"ImageObject","inLanguage":"pt-BR","@id":"https:\/\/ocoerente.com.br\/se\/wp-content\/uploads\/2020\/01\/ocoerente-1.png","url":"https:\/\/ocoerente.com.br\/se\/wp-content\/uploads\/2020\/01\/ocoerente-1.png","contentUrl":"https:\/\/ocoerente.com.br\/se\/wp-content\/uploads\/2020\/01\/ocoerente-1.png","width":50,"height":50,"caption":"Reda\u00e7\u00e3o"},"logo":{"@id":"https:\/\/ocoerente.com.br\/se\/wp-content\/uploads\/2020\/01\/ocoerente-1.png"},"url":"https:\/\/ocoerente.com.br\/se\/author\/vasticlsales\/"}]}},"_links":{"self":[{"href":"https:\/\/ocoerente.com.br\/se\/wp-json\/wp\/v2\/posts\/834","targetHints":{"allow":["GET"]}}],"collection":[{"href":"https:\/\/ocoerente.com.br\/se\/wp-json\/wp\/v2\/posts"}],"about":[{"href":"https:\/\/ocoerente.com.br\/se\/wp-json\/wp\/v2\/types\/post"}],"author":[{"embeddable":true,"href":"https:\/\/ocoerente.com.br\/se\/wp-json\/wp\/v2\/users\/1"}],"replies":[{"embeddable":true,"href":"https:\/\/ocoerente.com.br\/se\/wp-json\/wp\/v2\/comments?post=834"}],"version-history":[{"count":1,"href":"https:\/\/ocoerente.com.br\/se\/wp-json\/wp\/v2\/posts\/834\/revisions"}],"predecessor-version":[{"id":838,"href":"https:\/\/ocoerente.com.br\/se\/wp-json\/wp\/v2\/posts\/834\/revisions\/838"}],"wp:featuredmedia":[{"embeddable":true,"href":"https:\/\/ocoerente.com.br\/se\/wp-json\/wp\/v2\/media\/835"}],"wp:attachment":[{"href":"https:\/\/ocoerente.com.br\/se\/wp-json\/wp\/v2\/media?parent=834"}],"wp:term":[{"taxonomy":"category","embeddable":true,"href":"https:\/\/ocoerente.com.br\/se\/wp-json\/wp\/v2\/categories?post=834"},{"taxonomy":"post_tag","embeddable":true,"href":"https:\/\/ocoerente.com.br\/se\/wp-json\/wp\/v2\/tags?post=834"}],"curies":[{"name":"wp","href":"https:\/\/api.w.org\/{rel}","templated":true}]}}