{"id":8303,"date":"2024-02-11T01:13:08","date_gmt":"2024-02-11T04:13:08","guid":{"rendered":"https:\/\/ocoerente.com.br\/se\/?p=8303"},"modified":"2024-02-11T01:13:10","modified_gmt":"2024-02-11T04:13:10","slug":"nova-da-unidade-do-senac-em-itabaiana-sera-inaugurada-em-marco","status":"publish","type":"post","link":"https:\/\/ocoerente.com.br\/se\/2024\/02\/11\/nova-da-unidade-do-senac-em-itabaiana-sera-inaugurada-em-marco\/","title":{"rendered":"Nova da unidade do Senac em Itabaiana ser\u00e1 inaugurada em mar\u00e7o"},"content":{"rendered":"\n<p>Presidente da Fecom\u00e9rcio e diretores do Senac e Sesc fizeram a vistoria final da unidade<\/p>\n\n\n\n<p>O presidente do Sistema Fecom\u00e9rcio-Sesc-Senac, Marcos Andrade, e os diretores Regional do Senac, Marcos Sales, o Adjunto, Manuel Leal, e Regional do Sesc, Aparecida Farias, acompanhados pelo prefeito de Itabaiana, Adailton Souza, fizeram na manh\u00e3 de quinta-feira, 8, uma visita t\u00e9cnica para conhecer o novo pr\u00e9dio do Senac no munic\u00edpio. Contando com uma estrutura moderna e inovadora, que ofertar\u00e1 cerca de 250 cursos profissionalizantes para todo o agreste sergipano, a unidade ser\u00e1 inaugurada no dia 26 de mar\u00e7o deste ano.<\/p>\n\n\n\n<p>\u201c\u00c9 uma satisfa\u00e7\u00e3o fazermos essa vistoria t\u00e9cnica, junto ao prefeito da cidade, Adailton Souza, o presidente da Federa\u00e7\u00e3o das CDL\u2019s, Edivaldo Cunha, e o da CDL de Itabaiana, F\u00e1bio Moura, para conhecerem o novo equipamento, que ser\u00e1 entregue \u00e0 popula\u00e7\u00e3o de Itabaiana e de toda a regi\u00e3o, \u00e0s 19h do dia 26 de mar\u00e7o. Aqui o Senac vai profissionalizar a juventude do Agreste, mas tamb\u00e9m adultos e idosos, em instala\u00e7\u00f5es modernas e bem equipadas. Dos alunos que passam pelo Programa Jovem Aprendiz do Senac, 76% s\u00e3o inseridos no mercado de trabalho. Esse foi um projeto do senador La\u00e9rcio Oliveira que n\u00f3s estamos entregando, pois Itabaiana e seu povo trabalhador merecem. \u00c9 um munic\u00edpio pujante\u201d, enfatizou Marcos Andrade.<\/p>\n\n\n\n<figure class=\"wp-block-image size-large is-resized\"><img loading=\"lazy\" decoding=\"async\" width=\"1024\" height=\"575\" src=\"https:\/\/ocoerente.com.br\/se\/wp-content\/uploads\/2024\/02\/presidente-fercom-1024x575.jpg\" alt=\"\" class=\"wp-image-8305\" style=\"width:746px;height:auto\" srcset=\"https:\/\/ocoerente.com.br\/se\/wp-content\/uploads\/2024\/02\/presidente-fercom-1024x575.jpg 1024w, https:\/\/ocoerente.com.br\/se\/wp-content\/uploads\/2024\/02\/presidente-fercom-300x168.jpg 300w, https:\/\/ocoerente.com.br\/se\/wp-content\/uploads\/2024\/02\/presidente-fercom-768x431.jpg 768w, https:\/\/ocoerente.com.br\/se\/wp-content\/uploads\/2024\/02\/presidente-fercom-1536x862.jpg 1536w, https:\/\/ocoerente.com.br\/se\/wp-content\/uploads\/2024\/02\/presidente-fercom-750x421.jpg 750w, https:\/\/ocoerente.com.br\/se\/wp-content\/uploads\/2024\/02\/presidente-fercom-1140x640.jpg 1140w, https:\/\/ocoerente.com.br\/se\/wp-content\/uploads\/2024\/02\/presidente-fercom.jpg 1600w\" sizes=\"auto, (max-width: 1024px) 100vw, 1024px\" \/><\/figure>\n\n\n\n<p>\u201cN\u00f3s que fazemos parte da FCDL, como presidente, e da diretoria da Fecom\u00e9rcio, estamos extremamente orgulhosos com esta obra que o Sistema Fecom\u00e9rcio est\u00e1 trazendo para Itabaiana. \u00c9 um empreendimento grande, que vai beneficiar, n\u00e3o s\u00f3 quem mora aqui, mas tamb\u00e9m das cidades circunvizinhas, com os cursos que aqui ser\u00e3o promovidos pelo Senac. Estamos felizes com esse novo pr\u00e9dio do Senac, que ser\u00e1 entregue em mar\u00e7o\u201d, disse Edivaldo Cunha.<\/p>\n\n\n\n<p>\u201cEnquanto prefeito de Itabaiana, s\u00f3 temos que agradecer ao Sistema Fecom\u00e9rcio que, atrav\u00e9s do Senac, estar\u00e1 entregando em breve essa bel\u00edssima obra que vai ofertar cursos profissionalizantes para o povo da regi\u00e3o do Agreste. Temos gratid\u00e3o por todos que fazem parte da Fecom\u00e9rcio e Senac, que com essa excelente estrutura proporcionar\u00e3o a qualifica\u00e7\u00e3o da popula\u00e7\u00e3o para o mercado de trabalho. Nosso muito obrigado!\u201d, frisou Adailton Souza.<\/p>\n\n\n\n<p>A visita t\u00e9cnica ao Centro de Educa\u00e7\u00e3o Profissional Alo\u00edsio dos Santos contou com a presen\u00e7a da gerente do N\u00facleo de Engenharia, Arquitetura e Infraestrutura (NEAI), Priscila Melqu\u00edades, e o arquiteto Quiones Aquino. O momento, conforme ressaltou Marcos Sales, foi para observar os detalhes de finaliza\u00e7\u00e3o da obra.<\/p>\n\n\n\n<p>\u201cEssa \u00e9 uma vistoria final, para fazer a \u00faltima reorganiza\u00e7\u00e3o da obra, antes da entrega da unidade \u00e0 comunidade. Aqui ofertaremos cursos profissionalizantes em cinco dos oito eixos de atua\u00e7\u00e3o do Senac. Ser\u00e3o capacita\u00e7\u00f5es e cursos t\u00e9cnicos nas \u00e1reas de moda, gastronomia, sa\u00fade, beleza e inform\u00e1tica, preparando os moradores de Itabaiana e cidades vizinhas para que cheguem ao mercado de trabalho qualificados e com a certifica\u00e7\u00e3o Senac\u201d, destacou o diretor Regional do Senac.<\/p>\n\n\n\n<p>Novo pr\u00e9dio<\/p>\n\n\n\n<p>O novo pr\u00e9dio do Centro de Educa\u00e7\u00e3o Profissional (CEP) Itabaiana fica na Rua Quintino Bocai\u00fava, 938. A unidade contar\u00e1 com pavimento t\u00e9rreo e mais tr\u00eas superiores. S\u00e3o mais de 3 mil m\u00b2 de \u00e1rea constru\u00edda. Ser\u00e1 dotada com dois elevadores e escada.<\/p>\n\n\n\n<p>O t\u00e9rreo possuir\u00e1 guarita, recep\u00e7\u00e3o\/espera, estacionamento, administra\u00e7\u00e3o, circula\u00e7\u00e3o horizontal, biblioteca, audit\u00f3rio, banheiros, vesti\u00e1rios, lanchonete, refeit\u00f3rio, DML, cozinha industrial, expurgo\/lixo, almoxarifado, dep\u00f3sito, laborat\u00f3rios de est\u00e9tica e bem-estar, de depila\u00e7\u00e3o, e de higiene e beleza.<\/p>\n\n\n\n<p>O 1\u00ba andar contar\u00e1 com laborat\u00f3rios de inform\u00e1tica, salas de aula e dos professores, inform\u00e1tica e banheiros feminino e masculino. No 2\u00ba pavimento ser\u00e3o instalados os laborat\u00f3rios de corte e costura, e de sa\u00fade, al\u00e9m de salas de aula, inform\u00e1tica e banheiros feminino e masculino. J\u00e1 o 3\u00ba pavimento contar\u00e1 com inform\u00e1tica, salas de aula e banheiros feminino e masculino.<\/p>\n\n\n\n<p>O Sistema S do Com\u00e9rcio \u00e9 composto pela Fecom\u00e9rcio, Sesc, Senac e Instituto Fecom\u00e9rcio em Sergipe. A entidade \u00e9 filiada \u00e0 Confedera\u00e7\u00e3o Nacional do Com\u00e9rcio de Bens, Servi\u00e7os e Turismo (CNC), que est\u00e1 sob o comando de Jos\u00e9 Roberto Tadros.<\/p>\n\n\n\n<p>Senac SE<\/p>\n","protected":false},"excerpt":{"rendered":"<p>Presidente da Fecom\u00e9rcio e diretores do Senac e Sesc fizeram a vistoria final da unidade O presidente do Sistema Fecom\u00e9rcio-Sesc-Senac, Marcos Andrade, e os diretores Regional do Senac, Marcos Sales, o Adjunto, Manuel Leal, e Regional do Sesc, Aparecida Farias, acompanhados pelo prefeito de Itabaiana, Adailton Souza, fizeram na manh\u00e3 de quinta-feira, 8, uma visita [&hellip;]<\/p>\n","protected":false},"author":1,"featured_media":8304,"comment_status":"closed","ping_status":"closed","sticky":false,"template":"","format":"standard","meta":{"footnotes":""},"categories":[53,55],"tags":[],"class_list":["post-8303","post","type-post","status-publish","format-standard","has-post-thumbnail","hentry","category-destaques","category-economia"],"yoast_head":"<!-- This site is optimized with the Yoast SEO plugin v27.4 - https:\/\/yoast.com\/product\/yoast-seo-wordpress\/ -->\n<title>Nova da unidade do Senac em Itabaiana ser\u00e1 inaugurada em mar\u00e7o - O Coerente<\/title>\n<meta name=\"robots\" content=\"index, follow, max-snippet:-1, max-image-preview:large, max-video-preview:-1\" \/>\n<link rel=\"canonical\" href=\"https:\/\/ocoerente.com.br\/se\/2024\/02\/11\/nova-da-unidade-do-senac-em-itabaiana-sera-inaugurada-em-marco\/\" \/>\n<meta property=\"og:locale\" content=\"pt_BR\" \/>\n<meta property=\"og:type\" content=\"article\" \/>\n<meta property=\"og:title\" content=\"Nova da unidade do Senac em Itabaiana ser\u00e1 inaugurada em mar\u00e7o - O Coerente\" \/>\n<meta property=\"og:description\" content=\"Presidente da Fecom\u00e9rcio e diretores do Senac e Sesc fizeram a vistoria final da unidade O presidente do Sistema Fecom\u00e9rcio-Sesc-Senac, Marcos Andrade, e os diretores Regional do Senac, Marcos Sales, o Adjunto, Manuel Leal, e Regional do Sesc, Aparecida Farias, acompanhados pelo prefeito de Itabaiana, Adailton Souza, fizeram na manh\u00e3 de quinta-feira, 8, uma visita [&hellip;]\" \/>\n<meta property=\"og:url\" content=\"https:\/\/ocoerente.com.br\/se\/2024\/02\/11\/nova-da-unidade-do-senac-em-itabaiana-sera-inaugurada-em-marco\/\" \/>\n<meta property=\"og:site_name\" content=\"O Coerente\" \/>\n<meta property=\"article:published_time\" content=\"2024-02-11T04:13:08+00:00\" \/>\n<meta property=\"article:modified_time\" content=\"2024-02-11T04:13:10+00:00\" \/>\n<meta property=\"og:image\" content=\"https:\/\/ocoerente.com.br\/se\/wp-content\/uploads\/2024\/02\/fercomer.jpg\" \/>\n\t<meta property=\"og:image:width\" content=\"1280\" \/>\n\t<meta property=\"og:image:height\" content=\"720\" \/>\n\t<meta property=\"og:image:type\" content=\"image\/jpeg\" \/>\n<meta name=\"author\" content=\"Reda\u00e7\u00e3o\" \/>\n<meta name=\"twitter:card\" content=\"summary_large_image\" \/>\n<meta name=\"twitter:label1\" content=\"Escrito por\" \/>\n\t<meta name=\"twitter:data1\" content=\"Reda\u00e7\u00e3o\" \/>\n\t<meta name=\"twitter:label2\" content=\"Est. tempo de leitura\" \/>\n\t<meta name=\"twitter:data2\" content=\"4 minutos\" \/>\n<script type=\"application\/ld+json\" class=\"yoast-schema-graph\">{\"@context\":\"https:\\\/\\\/schema.org\",\"@graph\":[{\"@type\":\"Article\",\"@id\":\"https:\\\/\\\/ocoerente.com.br\\\/se\\\/2024\\\/02\\\/11\\\/nova-da-unidade-do-senac-em-itabaiana-sera-inaugurada-em-marco\\\/#article\",\"isPartOf\":{\"@id\":\"https:\\\/\\\/ocoerente.com.br\\\/se\\\/2024\\\/02\\\/11\\\/nova-da-unidade-do-senac-em-itabaiana-sera-inaugurada-em-marco\\\/\"},\"author\":{\"name\":\"Reda\u00e7\u00e3o\",\"@id\":\"https:\\\/\\\/ocoerente.com.br\\\/se\\\/#\\\/schema\\\/person\\\/cc6bfd9fbca465e23543b0c963d8d037\"},\"headline\":\"Nova da unidade do Senac em Itabaiana ser\u00e1 inaugurada em mar\u00e7o\",\"datePublished\":\"2024-02-11T04:13:08+00:00\",\"dateModified\":\"2024-02-11T04:13:10+00:00\",\"mainEntityOfPage\":{\"@id\":\"https:\\\/\\\/ocoerente.com.br\\\/se\\\/2024\\\/02\\\/11\\\/nova-da-unidade-do-senac-em-itabaiana-sera-inaugurada-em-marco\\\/\"},\"wordCount\":727,\"publisher\":{\"@id\":\"https:\\\/\\\/ocoerente.com.br\\\/se\\\/#\\\/schema\\\/person\\\/cc6bfd9fbca465e23543b0c963d8d037\"},\"image\":{\"@id\":\"https:\\\/\\\/ocoerente.com.br\\\/se\\\/2024\\\/02\\\/11\\\/nova-da-unidade-do-senac-em-itabaiana-sera-inaugurada-em-marco\\\/#primaryimage\"},\"thumbnailUrl\":\"https:\\\/\\\/ocoerente.com.br\\\/se\\\/wp-content\\\/uploads\\\/2024\\\/02\\\/fercomer.jpg\",\"articleSection\":[\"Destaques\",\"Economia\"],\"inLanguage\":\"pt-BR\"},{\"@type\":\"WebPage\",\"@id\":\"https:\\\/\\\/ocoerente.com.br\\\/se\\\/2024\\\/02\\\/11\\\/nova-da-unidade-do-senac-em-itabaiana-sera-inaugurada-em-marco\\\/\",\"url\":\"https:\\\/\\\/ocoerente.com.br\\\/se\\\/2024\\\/02\\\/11\\\/nova-da-unidade-do-senac-em-itabaiana-sera-inaugurada-em-marco\\\/\",\"name\":\"Nova da unidade do Senac em Itabaiana ser\u00e1 inaugurada em mar\u00e7o - O Coerente\",\"isPartOf\":{\"@id\":\"https:\\\/\\\/ocoerente.com.br\\\/se\\\/#website\"},\"primaryImageOfPage\":{\"@id\":\"https:\\\/\\\/ocoerente.com.br\\\/se\\\/2024\\\/02\\\/11\\\/nova-da-unidade-do-senac-em-itabaiana-sera-inaugurada-em-marco\\\/#primaryimage\"},\"image\":{\"@id\":\"https:\\\/\\\/ocoerente.com.br\\\/se\\\/2024\\\/02\\\/11\\\/nova-da-unidade-do-senac-em-itabaiana-sera-inaugurada-em-marco\\\/#primaryimage\"},\"thumbnailUrl\":\"https:\\\/\\\/ocoerente.com.br\\\/se\\\/wp-content\\\/uploads\\\/2024\\\/02\\\/fercomer.jpg\",\"datePublished\":\"2024-02-11T04:13:08+00:00\",\"dateModified\":\"2024-02-11T04:13:10+00:00\",\"breadcrumb\":{\"@id\":\"https:\\\/\\\/ocoerente.com.br\\\/se\\\/2024\\\/02\\\/11\\\/nova-da-unidade-do-senac-em-itabaiana-sera-inaugurada-em-marco\\\/#breadcrumb\"},\"inLanguage\":\"pt-BR\",\"potentialAction\":[{\"@type\":\"ReadAction\",\"target\":[\"https:\\\/\\\/ocoerente.com.br\\\/se\\\/2024\\\/02\\\/11\\\/nova-da-unidade-do-senac-em-itabaiana-sera-inaugurada-em-marco\\\/\"]}]},{\"@type\":\"ImageObject\",\"inLanguage\":\"pt-BR\",\"@id\":\"https:\\\/\\\/ocoerente.com.br\\\/se\\\/2024\\\/02\\\/11\\\/nova-da-unidade-do-senac-em-itabaiana-sera-inaugurada-em-marco\\\/#primaryimage\",\"url\":\"https:\\\/\\\/ocoerente.com.br\\\/se\\\/wp-content\\\/uploads\\\/2024\\\/02\\\/fercomer.jpg\",\"contentUrl\":\"https:\\\/\\\/ocoerente.com.br\\\/se\\\/wp-content\\\/uploads\\\/2024\\\/02\\\/fercomer.jpg\",\"width\":1280,\"height\":720},{\"@type\":\"BreadcrumbList\",\"@id\":\"https:\\\/\\\/ocoerente.com.br\\\/se\\\/2024\\\/02\\\/11\\\/nova-da-unidade-do-senac-em-itabaiana-sera-inaugurada-em-marco\\\/#breadcrumb\",\"itemListElement\":[{\"@type\":\"ListItem\",\"position\":1,\"name\":\"In\u00edcio\",\"item\":\"https:\\\/\\\/ocoerente.com.br\\\/se\\\/\"},{\"@type\":\"ListItem\",\"position\":2,\"name\":\"Nova da unidade do Senac em Itabaiana ser\u00e1 inaugurada em mar\u00e7o\"}]},{\"@type\":\"WebSite\",\"@id\":\"https:\\\/\\\/ocoerente.com.br\\\/se\\\/#website\",\"url\":\"https:\\\/\\\/ocoerente.com.br\\\/se\\\/\",\"name\":\"O Coerente\",\"description\":\"\",\"publisher\":{\"@id\":\"https:\\\/\\\/ocoerente.com.br\\\/se\\\/#\\\/schema\\\/person\\\/cc6bfd9fbca465e23543b0c963d8d037\"},\"potentialAction\":[{\"@type\":\"SearchAction\",\"target\":{\"@type\":\"EntryPoint\",\"urlTemplate\":\"https:\\\/\\\/ocoerente.com.br\\\/se\\\/?s={search_term_string}\"},\"query-input\":{\"@type\":\"PropertyValueSpecification\",\"valueRequired\":true,\"valueName\":\"search_term_string\"}}],\"inLanguage\":\"pt-BR\"},{\"@type\":[\"Person\",\"Organization\"],\"@id\":\"https:\\\/\\\/ocoerente.com.br\\\/se\\\/#\\\/schema\\\/person\\\/cc6bfd9fbca465e23543b0c963d8d037\",\"name\":\"Reda\u00e7\u00e3o\",\"image\":{\"@type\":\"ImageObject\",\"inLanguage\":\"pt-BR\",\"@id\":\"https:\\\/\\\/ocoerente.com.br\\\/se\\\/wp-content\\\/uploads\\\/2020\\\/01\\\/ocoerente-1.png\",\"url\":\"https:\\\/\\\/ocoerente.com.br\\\/se\\\/wp-content\\\/uploads\\\/2020\\\/01\\\/ocoerente-1.png\",\"contentUrl\":\"https:\\\/\\\/ocoerente.com.br\\\/se\\\/wp-content\\\/uploads\\\/2020\\\/01\\\/ocoerente-1.png\",\"width\":50,\"height\":50,\"caption\":\"Reda\u00e7\u00e3o\"},\"logo\":{\"@id\":\"https:\\\/\\\/ocoerente.com.br\\\/se\\\/wp-content\\\/uploads\\\/2020\\\/01\\\/ocoerente-1.png\"},\"url\":\"https:\\\/\\\/ocoerente.com.br\\\/se\\\/author\\\/vasticlsales\\\/\"}]}<\/script>\n<!-- \/ Yoast SEO plugin. -->","yoast_head_json":{"title":"Nova da unidade do Senac em Itabaiana ser\u00e1 inaugurada em mar\u00e7o - O Coerente","robots":{"index":"index","follow":"follow","max-snippet":"max-snippet:-1","max-image-preview":"max-image-preview:large","max-video-preview":"max-video-preview:-1"},"canonical":"https:\/\/ocoerente.com.br\/se\/2024\/02\/11\/nova-da-unidade-do-senac-em-itabaiana-sera-inaugurada-em-marco\/","og_locale":"pt_BR","og_type":"article","og_title":"Nova da unidade do Senac em Itabaiana ser\u00e1 inaugurada em mar\u00e7o - O Coerente","og_description":"Presidente da Fecom\u00e9rcio e diretores do Senac e Sesc fizeram a vistoria final da unidade O presidente do Sistema Fecom\u00e9rcio-Sesc-Senac, Marcos Andrade, e os diretores Regional do Senac, Marcos Sales, o Adjunto, Manuel Leal, e Regional do Sesc, Aparecida Farias, acompanhados pelo prefeito de Itabaiana, Adailton Souza, fizeram na manh\u00e3 de quinta-feira, 8, uma visita [&hellip;]","og_url":"https:\/\/ocoerente.com.br\/se\/2024\/02\/11\/nova-da-unidade-do-senac-em-itabaiana-sera-inaugurada-em-marco\/","og_site_name":"O Coerente","article_published_time":"2024-02-11T04:13:08+00:00","article_modified_time":"2024-02-11T04:13:10+00:00","og_image":[{"width":1280,"height":720,"url":"https:\/\/ocoerente.com.br\/se\/wp-content\/uploads\/2024\/02\/fercomer.jpg","type":"image\/jpeg"}],"author":"Reda\u00e7\u00e3o","twitter_card":"summary_large_image","twitter_misc":{"Escrito por":"Reda\u00e7\u00e3o","Est. tempo de leitura":"4 minutos"},"schema":{"@context":"https:\/\/schema.org","@graph":[{"@type":"Article","@id":"https:\/\/ocoerente.com.br\/se\/2024\/02\/11\/nova-da-unidade-do-senac-em-itabaiana-sera-inaugurada-em-marco\/#article","isPartOf":{"@id":"https:\/\/ocoerente.com.br\/se\/2024\/02\/11\/nova-da-unidade-do-senac-em-itabaiana-sera-inaugurada-em-marco\/"},"author":{"name":"Reda\u00e7\u00e3o","@id":"https:\/\/ocoerente.com.br\/se\/#\/schema\/person\/cc6bfd9fbca465e23543b0c963d8d037"},"headline":"Nova da unidade do Senac em Itabaiana ser\u00e1 inaugurada em mar\u00e7o","datePublished":"2024-02-11T04:13:08+00:00","dateModified":"2024-02-11T04:13:10+00:00","mainEntityOfPage":{"@id":"https:\/\/ocoerente.com.br\/se\/2024\/02\/11\/nova-da-unidade-do-senac-em-itabaiana-sera-inaugurada-em-marco\/"},"wordCount":727,"publisher":{"@id":"https:\/\/ocoerente.com.br\/se\/#\/schema\/person\/cc6bfd9fbca465e23543b0c963d8d037"},"image":{"@id":"https:\/\/ocoerente.com.br\/se\/2024\/02\/11\/nova-da-unidade-do-senac-em-itabaiana-sera-inaugurada-em-marco\/#primaryimage"},"thumbnailUrl":"https:\/\/ocoerente.com.br\/se\/wp-content\/uploads\/2024\/02\/fercomer.jpg","articleSection":["Destaques","Economia"],"inLanguage":"pt-BR"},{"@type":"WebPage","@id":"https:\/\/ocoerente.com.br\/se\/2024\/02\/11\/nova-da-unidade-do-senac-em-itabaiana-sera-inaugurada-em-marco\/","url":"https:\/\/ocoerente.com.br\/se\/2024\/02\/11\/nova-da-unidade-do-senac-em-itabaiana-sera-inaugurada-em-marco\/","name":"Nova da unidade do Senac em Itabaiana ser\u00e1 inaugurada em mar\u00e7o - O Coerente","isPartOf":{"@id":"https:\/\/ocoerente.com.br\/se\/#website"},"primaryImageOfPage":{"@id":"https:\/\/ocoerente.com.br\/se\/2024\/02\/11\/nova-da-unidade-do-senac-em-itabaiana-sera-inaugurada-em-marco\/#primaryimage"},"image":{"@id":"https:\/\/ocoerente.com.br\/se\/2024\/02\/11\/nova-da-unidade-do-senac-em-itabaiana-sera-inaugurada-em-marco\/#primaryimage"},"thumbnailUrl":"https:\/\/ocoerente.com.br\/se\/wp-content\/uploads\/2024\/02\/fercomer.jpg","datePublished":"2024-02-11T04:13:08+00:00","dateModified":"2024-02-11T04:13:10+00:00","breadcrumb":{"@id":"https:\/\/ocoerente.com.br\/se\/2024\/02\/11\/nova-da-unidade-do-senac-em-itabaiana-sera-inaugurada-em-marco\/#breadcrumb"},"inLanguage":"pt-BR","potentialAction":[{"@type":"ReadAction","target":["https:\/\/ocoerente.com.br\/se\/2024\/02\/11\/nova-da-unidade-do-senac-em-itabaiana-sera-inaugurada-em-marco\/"]}]},{"@type":"ImageObject","inLanguage":"pt-BR","@id":"https:\/\/ocoerente.com.br\/se\/2024\/02\/11\/nova-da-unidade-do-senac-em-itabaiana-sera-inaugurada-em-marco\/#primaryimage","url":"https:\/\/ocoerente.com.br\/se\/wp-content\/uploads\/2024\/02\/fercomer.jpg","contentUrl":"https:\/\/ocoerente.com.br\/se\/wp-content\/uploads\/2024\/02\/fercomer.jpg","width":1280,"height":720},{"@type":"BreadcrumbList","@id":"https:\/\/ocoerente.com.br\/se\/2024\/02\/11\/nova-da-unidade-do-senac-em-itabaiana-sera-inaugurada-em-marco\/#breadcrumb","itemListElement":[{"@type":"ListItem","position":1,"name":"In\u00edcio","item":"https:\/\/ocoerente.com.br\/se\/"},{"@type":"ListItem","position":2,"name":"Nova da unidade do Senac em Itabaiana ser\u00e1 inaugurada em mar\u00e7o"}]},{"@type":"WebSite","@id":"https:\/\/ocoerente.com.br\/se\/#website","url":"https:\/\/ocoerente.com.br\/se\/","name":"O Coerente","description":"","publisher":{"@id":"https:\/\/ocoerente.com.br\/se\/#\/schema\/person\/cc6bfd9fbca465e23543b0c963d8d037"},"potentialAction":[{"@type":"SearchAction","target":{"@type":"EntryPoint","urlTemplate":"https:\/\/ocoerente.com.br\/se\/?s={search_term_string}"},"query-input":{"@type":"PropertyValueSpecification","valueRequired":true,"valueName":"search_term_string"}}],"inLanguage":"pt-BR"},{"@type":["Person","Organization"],"@id":"https:\/\/ocoerente.com.br\/se\/#\/schema\/person\/cc6bfd9fbca465e23543b0c963d8d037","name":"Reda\u00e7\u00e3o","image":{"@type":"ImageObject","inLanguage":"pt-BR","@id":"https:\/\/ocoerente.com.br\/se\/wp-content\/uploads\/2020\/01\/ocoerente-1.png","url":"https:\/\/ocoerente.com.br\/se\/wp-content\/uploads\/2020\/01\/ocoerente-1.png","contentUrl":"https:\/\/ocoerente.com.br\/se\/wp-content\/uploads\/2020\/01\/ocoerente-1.png","width":50,"height":50,"caption":"Reda\u00e7\u00e3o"},"logo":{"@id":"https:\/\/ocoerente.com.br\/se\/wp-content\/uploads\/2020\/01\/ocoerente-1.png"},"url":"https:\/\/ocoerente.com.br\/se\/author\/vasticlsales\/"}]}},"_links":{"self":[{"href":"https:\/\/ocoerente.com.br\/se\/wp-json\/wp\/v2\/posts\/8303","targetHints":{"allow":["GET"]}}],"collection":[{"href":"https:\/\/ocoerente.com.br\/se\/wp-json\/wp\/v2\/posts"}],"about":[{"href":"https:\/\/ocoerente.com.br\/se\/wp-json\/wp\/v2\/types\/post"}],"author":[{"embeddable":true,"href":"https:\/\/ocoerente.com.br\/se\/wp-json\/wp\/v2\/users\/1"}],"replies":[{"embeddable":true,"href":"https:\/\/ocoerente.com.br\/se\/wp-json\/wp\/v2\/comments?post=8303"}],"version-history":[{"count":1,"href":"https:\/\/ocoerente.com.br\/se\/wp-json\/wp\/v2\/posts\/8303\/revisions"}],"predecessor-version":[{"id":8306,"href":"https:\/\/ocoerente.com.br\/se\/wp-json\/wp\/v2\/posts\/8303\/revisions\/8306"}],"wp:featuredmedia":[{"embeddable":true,"href":"https:\/\/ocoerente.com.br\/se\/wp-json\/wp\/v2\/media\/8304"}],"wp:attachment":[{"href":"https:\/\/ocoerente.com.br\/se\/wp-json\/wp\/v2\/media?parent=8303"}],"wp:term":[{"taxonomy":"category","embeddable":true,"href":"https:\/\/ocoerente.com.br\/se\/wp-json\/wp\/v2\/categories?post=8303"},{"taxonomy":"post_tag","embeddable":true,"href":"https:\/\/ocoerente.com.br\/se\/wp-json\/wp\/v2\/tags?post=8303"}],"curies":[{"name":"wp","href":"https:\/\/api.w.org\/{rel}","templated":true}]}}