{"id":828,"date":"2020-04-16T22:54:37","date_gmt":"2020-04-17T01:54:37","guid":{"rendered":"http:\/\/ocoerente.com.br\/se\/?p=828"},"modified":"2020-04-16T22:57:16","modified_gmt":"2020-04-17T01:57:16","slug":"o-covid-19-e-uma-pandemia-hoje-trazida-de-wuhan-cidade-chinesa","status":"publish","type":"post","link":"https:\/\/ocoerente.com.br\/se\/2020\/04\/16\/o-covid-19-e-uma-pandemia-hoje-trazida-de-wuhan-cidade-chinesa\/","title":{"rendered":"O Covid 19 \u00e9 uma Pandemia hoje trazida de Wuhan cidade Chinesa."},"content":{"rendered":"<figure id=\"attachment_832\" aria-describedby=\"caption-attachment-832\" style=\"width: 241px\" class=\"wp-caption alignright\"><img loading=\"lazy\" decoding=\"async\" class=\"wp-image-832 size-medium\" src=\"http:\/\/ocoerente.com.br\/se\/wp-content\/uploads\/2020\/04\/doutor-241x300.jpg\" alt=\"\" width=\"241\" height=\"300\" srcset=\"https:\/\/ocoerente.com.br\/se\/wp-content\/uploads\/2020\/04\/doutor-241x300.jpg 241w, https:\/\/ocoerente.com.br\/se\/wp-content\/uploads\/2020\/04\/doutor.jpg 301w\" sizes=\"auto, (max-width: 241px) 100vw, 241px\" \/><figcaption id=\"caption-attachment-832\" class=\"wp-caption-text\">Dr.Paulo Nand fala do Covid-19<\/figcaption><\/figure>\n<p>O Covid 19 \u00e9 uma Pandemia hoje trazida de Wuhan cidade Chinesa. \u00c9 Caracterizada como uma s\u00edndrome Respirat\u00f3ria Aguda, provocada por um V\u00edrus , o COVID 19. Os Principais sintomas s\u00e3o: Tosse, Febre, cansa\u00e7o, fadiga, perda de sensibilidade ao cheiro e ao sabor e Dificuldade Respirat\u00f3ria que pode se agravar.<\/p>\n<p>Quais o P\u00fablico mais atingido: maiores 60 anos e patologias presentes como cardiopatias, diabetes, pneumopatias, neurol\u00f3gicas, imunodepressivas, asm\u00e1tica, hematologicasbe hep\u00e1ticas , al\u00e9m da Obesidade.<br \/>\nTratamento preventivo: lavar as m\u00e3os com \u00e1gua e sab\u00e3o , uso de alcool a 70 % seja gel ou l\u00edquido, limpeza dos ambientes com \u00e1gua sanit\u00e1ria, tomar banho , uso de m\u00e1scaras de pano e mascaras Descart\u00e1veis, manter um distanciamento de 1,5 a 2 metros nas filas, e fazer o isolamento social, sair de casa s\u00f3 em Extrema necessidade.<\/p>\n<p>N\u00f3s Hospitais Podemos nos Prevenir fazendo usos dos EPIs adequados, lavar as m\u00e3os com \u00e1gua e sab\u00e3o, uso de \u00e1lcool a 70 gel ou l\u00edquido, manter um distanciamento entre profissionais e Pacientes. Identificar poss\u00edveis sintomas do COVID 19, e rezar para que tudo transcorra bem no Ambiente de trabalho.<\/p>\n<p>O Melhor Rem\u00e9dio \u00e9 o Isolamento Social, a Reclus\u00e3o, tem um baixo custo e todos podem fazer de forma ordenada \u00e9 preciso salientar que \u00e9 necess\u00e1rio tamb\u00e9m ter como politica p\u00fablica as transfer\u00eancias de renda para a popula\u00e7\u00e3o que n\u00e3o tem renda e garantir que o trabalhador n\u00e3o perca seu emprego. Pol\u00edtica de ajuda financeira as Empresas de grande, m\u00e9dio e pequeno porte, aos trabalhadores informais, e tamb\u00e9m aos profissionais de Sa\u00fade que trabalham em seus Consult\u00f3rios por que tamb\u00e9m precisam de renda para pagar seus custos e sobreviver.<\/p>\n<p>Quero ressaltar tamb\u00e9m que nos servi\u00e7os essenciais , como Frentistas, Caixas de Supermercado, M\u00e9dicos, Enfermeiro, e profissionais que est\u00e3o trabalhando com A COVID 19 , al\u00e9m de Palmas tenham a garantia de EPIs aquedados para trabalhar, apoio institucional de m\u00e9dicos, psic\u00f3logos, etc , e defendo a id\u00e9ia de uma Valoriza\u00e7\u00e3o maior com um repasse financeiro como Premia\u00e7\u00e3o por estar na linha de Frente.<\/p>\n<p>&nbsp;<\/p>\n<p>Manchete: Dr. Paulo Nand<\/p>\n<p>&nbsp;<\/p>\n<p>&nbsp;<\/p>\n","protected":false},"excerpt":{"rendered":"<p>O Covid 19 \u00e9 uma Pandemia hoje trazida de Wuhan cidade Chinesa. \u00c9 Caracterizada como uma s\u00edndrome Respirat\u00f3ria Aguda, provocada por um V\u00edrus , o COVID 19. Os Principais sintomas s\u00e3o: Tosse, Febre, cansa\u00e7o, fadiga, perda de sensibilidade ao cheiro e ao sabor e Dificuldade Respirat\u00f3ria que pode se agravar. Quais o P\u00fablico mais atingido: [&hellip;]<\/p>\n","protected":false},"author":1,"featured_media":829,"comment_status":"closed","ping_status":"closed","sticky":false,"template":"","format":"standard","meta":{"footnotes":""},"categories":[53,54],"tags":[],"class_list":["post-828","post","type-post","status-publish","format-standard","has-post-thumbnail","hentry","category-destaques","category-saude"],"yoast_head":"<!-- This site is optimized with the Yoast SEO plugin v27.4 - https:\/\/yoast.com\/product\/yoast-seo-wordpress\/ -->\n<title>O Covid 19 \u00e9 uma Pandemia hoje trazida de Wuhan cidade Chinesa. - O Coerente<\/title>\n<meta name=\"robots\" content=\"index, follow, max-snippet:-1, max-image-preview:large, max-video-preview:-1\" \/>\n<link rel=\"canonical\" href=\"https:\/\/ocoerente.com.br\/se\/2020\/04\/16\/o-covid-19-e-uma-pandemia-hoje-trazida-de-wuhan-cidade-chinesa\/\" \/>\n<meta property=\"og:locale\" content=\"pt_BR\" \/>\n<meta property=\"og:type\" content=\"article\" \/>\n<meta property=\"og:title\" content=\"O Covid 19 \u00e9 uma Pandemia hoje trazida de Wuhan cidade Chinesa. - O Coerente\" \/>\n<meta property=\"og:description\" content=\"O Covid 19 \u00e9 uma Pandemia hoje trazida de Wuhan cidade Chinesa. \u00c9 Caracterizada como uma s\u00edndrome Respirat\u00f3ria Aguda, provocada por um V\u00edrus , o COVID 19. Os Principais sintomas s\u00e3o: Tosse, Febre, cansa\u00e7o, fadiga, perda de sensibilidade ao cheiro e ao sabor e Dificuldade Respirat\u00f3ria que pode se agravar. Quais o P\u00fablico mais atingido: [&hellip;]\" \/>\n<meta property=\"og:url\" content=\"https:\/\/ocoerente.com.br\/se\/2020\/04\/16\/o-covid-19-e-uma-pandemia-hoje-trazida-de-wuhan-cidade-chinesa\/\" \/>\n<meta property=\"og:site_name\" content=\"O Coerente\" \/>\n<meta property=\"article:published_time\" content=\"2020-04-17T01:54:37+00:00\" \/>\n<meta property=\"article:modified_time\" content=\"2020-04-17T01:57:16+00:00\" \/>\n<meta property=\"og:image\" content=\"https:\/\/ocoerente.com.br\/se\/wp-content\/uploads\/2020\/04\/6024170_031820-cc-ap-wuhan-img.jpg\" \/>\n\t<meta property=\"og:image:width\" content=\"800\" \/>\n\t<meta property=\"og:image:height\" content=\"450\" \/>\n\t<meta property=\"og:image:type\" content=\"image\/jpeg\" \/>\n<meta name=\"author\" content=\"Reda\u00e7\u00e3o\" \/>\n<meta name=\"twitter:card\" content=\"summary_large_image\" \/>\n<meta name=\"twitter:label1\" content=\"Escrito por\" \/>\n\t<meta name=\"twitter:data1\" content=\"Reda\u00e7\u00e3o\" \/>\n\t<meta name=\"twitter:label2\" content=\"Est. tempo de leitura\" \/>\n\t<meta name=\"twitter:data2\" content=\"2 minutos\" \/>\n<script type=\"application\/ld+json\" class=\"yoast-schema-graph\">{\"@context\":\"https:\\\/\\\/schema.org\",\"@graph\":[{\"@type\":\"Article\",\"@id\":\"https:\\\/\\\/ocoerente.com.br\\\/se\\\/2020\\\/04\\\/16\\\/o-covid-19-e-uma-pandemia-hoje-trazida-de-wuhan-cidade-chinesa\\\/#article\",\"isPartOf\":{\"@id\":\"https:\\\/\\\/ocoerente.com.br\\\/se\\\/2020\\\/04\\\/16\\\/o-covid-19-e-uma-pandemia-hoje-trazida-de-wuhan-cidade-chinesa\\\/\"},\"author\":{\"name\":\"Reda\u00e7\u00e3o\",\"@id\":\"https:\\\/\\\/ocoerente.com.br\\\/se\\\/#\\\/schema\\\/person\\\/cc6bfd9fbca465e23543b0c963d8d037\"},\"headline\":\"O Covid 19 \u00e9 uma Pandemia hoje trazida de Wuhan cidade Chinesa.\",\"datePublished\":\"2020-04-17T01:54:37+00:00\",\"dateModified\":\"2020-04-17T01:57:16+00:00\",\"mainEntityOfPage\":{\"@id\":\"https:\\\/\\\/ocoerente.com.br\\\/se\\\/2020\\\/04\\\/16\\\/o-covid-19-e-uma-pandemia-hoje-trazida-de-wuhan-cidade-chinesa\\\/\"},\"wordCount\":389,\"publisher\":{\"@id\":\"https:\\\/\\\/ocoerente.com.br\\\/se\\\/#\\\/schema\\\/person\\\/cc6bfd9fbca465e23543b0c963d8d037\"},\"image\":{\"@id\":\"https:\\\/\\\/ocoerente.com.br\\\/se\\\/2020\\\/04\\\/16\\\/o-covid-19-e-uma-pandemia-hoje-trazida-de-wuhan-cidade-chinesa\\\/#primaryimage\"},\"thumbnailUrl\":\"https:\\\/\\\/ocoerente.com.br\\\/se\\\/wp-content\\\/uploads\\\/2020\\\/04\\\/6024170_031820-cc-ap-wuhan-img.jpg\",\"articleSection\":[\"Destaques\",\"Sa\u00fade\"],\"inLanguage\":\"pt-BR\"},{\"@type\":\"WebPage\",\"@id\":\"https:\\\/\\\/ocoerente.com.br\\\/se\\\/2020\\\/04\\\/16\\\/o-covid-19-e-uma-pandemia-hoje-trazida-de-wuhan-cidade-chinesa\\\/\",\"url\":\"https:\\\/\\\/ocoerente.com.br\\\/se\\\/2020\\\/04\\\/16\\\/o-covid-19-e-uma-pandemia-hoje-trazida-de-wuhan-cidade-chinesa\\\/\",\"name\":\"O Covid 19 \u00e9 uma Pandemia hoje trazida de Wuhan cidade Chinesa. - O Coerente\",\"isPartOf\":{\"@id\":\"https:\\\/\\\/ocoerente.com.br\\\/se\\\/#website\"},\"primaryImageOfPage\":{\"@id\":\"https:\\\/\\\/ocoerente.com.br\\\/se\\\/2020\\\/04\\\/16\\\/o-covid-19-e-uma-pandemia-hoje-trazida-de-wuhan-cidade-chinesa\\\/#primaryimage\"},\"image\":{\"@id\":\"https:\\\/\\\/ocoerente.com.br\\\/se\\\/2020\\\/04\\\/16\\\/o-covid-19-e-uma-pandemia-hoje-trazida-de-wuhan-cidade-chinesa\\\/#primaryimage\"},\"thumbnailUrl\":\"https:\\\/\\\/ocoerente.com.br\\\/se\\\/wp-content\\\/uploads\\\/2020\\\/04\\\/6024170_031820-cc-ap-wuhan-img.jpg\",\"datePublished\":\"2020-04-17T01:54:37+00:00\",\"dateModified\":\"2020-04-17T01:57:16+00:00\",\"breadcrumb\":{\"@id\":\"https:\\\/\\\/ocoerente.com.br\\\/se\\\/2020\\\/04\\\/16\\\/o-covid-19-e-uma-pandemia-hoje-trazida-de-wuhan-cidade-chinesa\\\/#breadcrumb\"},\"inLanguage\":\"pt-BR\",\"potentialAction\":[{\"@type\":\"ReadAction\",\"target\":[\"https:\\\/\\\/ocoerente.com.br\\\/se\\\/2020\\\/04\\\/16\\\/o-covid-19-e-uma-pandemia-hoje-trazida-de-wuhan-cidade-chinesa\\\/\"]}]},{\"@type\":\"ImageObject\",\"inLanguage\":\"pt-BR\",\"@id\":\"https:\\\/\\\/ocoerente.com.br\\\/se\\\/2020\\\/04\\\/16\\\/o-covid-19-e-uma-pandemia-hoje-trazida-de-wuhan-cidade-chinesa\\\/#primaryimage\",\"url\":\"https:\\\/\\\/ocoerente.com.br\\\/se\\\/wp-content\\\/uploads\\\/2020\\\/04\\\/6024170_031820-cc-ap-wuhan-img.jpg\",\"contentUrl\":\"https:\\\/\\\/ocoerente.com.br\\\/se\\\/wp-content\\\/uploads\\\/2020\\\/04\\\/6024170_031820-cc-ap-wuhan-img.jpg\",\"width\":800,\"height\":450,\"caption\":\"Residents walk past a retail and office district with a screen showing propaganda which reads \\\"Go China! Go Wuhan\\\" as businesses slowly restart in Beijing on Sunday, March 8, 2020. As China's coronavirus cases and death steadily falls, authorities are trying to restart its businesses and factories after a virtual shutdown which has had a ripple effect affecting the global economy. (AP Photo\\\/Ng Han Guan)\"},{\"@type\":\"BreadcrumbList\",\"@id\":\"https:\\\/\\\/ocoerente.com.br\\\/se\\\/2020\\\/04\\\/16\\\/o-covid-19-e-uma-pandemia-hoje-trazida-de-wuhan-cidade-chinesa\\\/#breadcrumb\",\"itemListElement\":[{\"@type\":\"ListItem\",\"position\":1,\"name\":\"In\u00edcio\",\"item\":\"https:\\\/\\\/ocoerente.com.br\\\/se\\\/\"},{\"@type\":\"ListItem\",\"position\":2,\"name\":\"O Covid 19 \u00e9 uma Pandemia hoje trazida de Wuhan cidade Chinesa.\"}]},{\"@type\":\"WebSite\",\"@id\":\"https:\\\/\\\/ocoerente.com.br\\\/se\\\/#website\",\"url\":\"https:\\\/\\\/ocoerente.com.br\\\/se\\\/\",\"name\":\"O Coerente\",\"description\":\"\",\"publisher\":{\"@id\":\"https:\\\/\\\/ocoerente.com.br\\\/se\\\/#\\\/schema\\\/person\\\/cc6bfd9fbca465e23543b0c963d8d037\"},\"potentialAction\":[{\"@type\":\"SearchAction\",\"target\":{\"@type\":\"EntryPoint\",\"urlTemplate\":\"https:\\\/\\\/ocoerente.com.br\\\/se\\\/?s={search_term_string}\"},\"query-input\":{\"@type\":\"PropertyValueSpecification\",\"valueRequired\":true,\"valueName\":\"search_term_string\"}}],\"inLanguage\":\"pt-BR\"},{\"@type\":[\"Person\",\"Organization\"],\"@id\":\"https:\\\/\\\/ocoerente.com.br\\\/se\\\/#\\\/schema\\\/person\\\/cc6bfd9fbca465e23543b0c963d8d037\",\"name\":\"Reda\u00e7\u00e3o\",\"image\":{\"@type\":\"ImageObject\",\"inLanguage\":\"pt-BR\",\"@id\":\"https:\\\/\\\/ocoerente.com.br\\\/se\\\/wp-content\\\/uploads\\\/2020\\\/01\\\/ocoerente-1.png\",\"url\":\"https:\\\/\\\/ocoerente.com.br\\\/se\\\/wp-content\\\/uploads\\\/2020\\\/01\\\/ocoerente-1.png\",\"contentUrl\":\"https:\\\/\\\/ocoerente.com.br\\\/se\\\/wp-content\\\/uploads\\\/2020\\\/01\\\/ocoerente-1.png\",\"width\":50,\"height\":50,\"caption\":\"Reda\u00e7\u00e3o\"},\"logo\":{\"@id\":\"https:\\\/\\\/ocoerente.com.br\\\/se\\\/wp-content\\\/uploads\\\/2020\\\/01\\\/ocoerente-1.png\"},\"url\":\"https:\\\/\\\/ocoerente.com.br\\\/se\\\/author\\\/vasticlsales\\\/\"}]}<\/script>\n<!-- \/ Yoast SEO plugin. -->","yoast_head_json":{"title":"O Covid 19 \u00e9 uma Pandemia hoje trazida de Wuhan cidade Chinesa. - O Coerente","robots":{"index":"index","follow":"follow","max-snippet":"max-snippet:-1","max-image-preview":"max-image-preview:large","max-video-preview":"max-video-preview:-1"},"canonical":"https:\/\/ocoerente.com.br\/se\/2020\/04\/16\/o-covid-19-e-uma-pandemia-hoje-trazida-de-wuhan-cidade-chinesa\/","og_locale":"pt_BR","og_type":"article","og_title":"O Covid 19 \u00e9 uma Pandemia hoje trazida de Wuhan cidade Chinesa. - O Coerente","og_description":"O Covid 19 \u00e9 uma Pandemia hoje trazida de Wuhan cidade Chinesa. \u00c9 Caracterizada como uma s\u00edndrome Respirat\u00f3ria Aguda, provocada por um V\u00edrus , o COVID 19. Os Principais sintomas s\u00e3o: Tosse, Febre, cansa\u00e7o, fadiga, perda de sensibilidade ao cheiro e ao sabor e Dificuldade Respirat\u00f3ria que pode se agravar. Quais o P\u00fablico mais atingido: [&hellip;]","og_url":"https:\/\/ocoerente.com.br\/se\/2020\/04\/16\/o-covid-19-e-uma-pandemia-hoje-trazida-de-wuhan-cidade-chinesa\/","og_site_name":"O Coerente","article_published_time":"2020-04-17T01:54:37+00:00","article_modified_time":"2020-04-17T01:57:16+00:00","og_image":[{"width":800,"height":450,"url":"https:\/\/ocoerente.com.br\/se\/wp-content\/uploads\/2020\/04\/6024170_031820-cc-ap-wuhan-img.jpg","type":"image\/jpeg"}],"author":"Reda\u00e7\u00e3o","twitter_card":"summary_large_image","twitter_misc":{"Escrito por":"Reda\u00e7\u00e3o","Est. tempo de leitura":"2 minutos"},"schema":{"@context":"https:\/\/schema.org","@graph":[{"@type":"Article","@id":"https:\/\/ocoerente.com.br\/se\/2020\/04\/16\/o-covid-19-e-uma-pandemia-hoje-trazida-de-wuhan-cidade-chinesa\/#article","isPartOf":{"@id":"https:\/\/ocoerente.com.br\/se\/2020\/04\/16\/o-covid-19-e-uma-pandemia-hoje-trazida-de-wuhan-cidade-chinesa\/"},"author":{"name":"Reda\u00e7\u00e3o","@id":"https:\/\/ocoerente.com.br\/se\/#\/schema\/person\/cc6bfd9fbca465e23543b0c963d8d037"},"headline":"O Covid 19 \u00e9 uma Pandemia hoje trazida de Wuhan cidade Chinesa.","datePublished":"2020-04-17T01:54:37+00:00","dateModified":"2020-04-17T01:57:16+00:00","mainEntityOfPage":{"@id":"https:\/\/ocoerente.com.br\/se\/2020\/04\/16\/o-covid-19-e-uma-pandemia-hoje-trazida-de-wuhan-cidade-chinesa\/"},"wordCount":389,"publisher":{"@id":"https:\/\/ocoerente.com.br\/se\/#\/schema\/person\/cc6bfd9fbca465e23543b0c963d8d037"},"image":{"@id":"https:\/\/ocoerente.com.br\/se\/2020\/04\/16\/o-covid-19-e-uma-pandemia-hoje-trazida-de-wuhan-cidade-chinesa\/#primaryimage"},"thumbnailUrl":"https:\/\/ocoerente.com.br\/se\/wp-content\/uploads\/2020\/04\/6024170_031820-cc-ap-wuhan-img.jpg","articleSection":["Destaques","Sa\u00fade"],"inLanguage":"pt-BR"},{"@type":"WebPage","@id":"https:\/\/ocoerente.com.br\/se\/2020\/04\/16\/o-covid-19-e-uma-pandemia-hoje-trazida-de-wuhan-cidade-chinesa\/","url":"https:\/\/ocoerente.com.br\/se\/2020\/04\/16\/o-covid-19-e-uma-pandemia-hoje-trazida-de-wuhan-cidade-chinesa\/","name":"O Covid 19 \u00e9 uma Pandemia hoje trazida de Wuhan cidade Chinesa. - O Coerente","isPartOf":{"@id":"https:\/\/ocoerente.com.br\/se\/#website"},"primaryImageOfPage":{"@id":"https:\/\/ocoerente.com.br\/se\/2020\/04\/16\/o-covid-19-e-uma-pandemia-hoje-trazida-de-wuhan-cidade-chinesa\/#primaryimage"},"image":{"@id":"https:\/\/ocoerente.com.br\/se\/2020\/04\/16\/o-covid-19-e-uma-pandemia-hoje-trazida-de-wuhan-cidade-chinesa\/#primaryimage"},"thumbnailUrl":"https:\/\/ocoerente.com.br\/se\/wp-content\/uploads\/2020\/04\/6024170_031820-cc-ap-wuhan-img.jpg","datePublished":"2020-04-17T01:54:37+00:00","dateModified":"2020-04-17T01:57:16+00:00","breadcrumb":{"@id":"https:\/\/ocoerente.com.br\/se\/2020\/04\/16\/o-covid-19-e-uma-pandemia-hoje-trazida-de-wuhan-cidade-chinesa\/#breadcrumb"},"inLanguage":"pt-BR","potentialAction":[{"@type":"ReadAction","target":["https:\/\/ocoerente.com.br\/se\/2020\/04\/16\/o-covid-19-e-uma-pandemia-hoje-trazida-de-wuhan-cidade-chinesa\/"]}]},{"@type":"ImageObject","inLanguage":"pt-BR","@id":"https:\/\/ocoerente.com.br\/se\/2020\/04\/16\/o-covid-19-e-uma-pandemia-hoje-trazida-de-wuhan-cidade-chinesa\/#primaryimage","url":"https:\/\/ocoerente.com.br\/se\/wp-content\/uploads\/2020\/04\/6024170_031820-cc-ap-wuhan-img.jpg","contentUrl":"https:\/\/ocoerente.com.br\/se\/wp-content\/uploads\/2020\/04\/6024170_031820-cc-ap-wuhan-img.jpg","width":800,"height":450,"caption":"Residents walk past a retail and office district with a screen showing propaganda which reads \"Go China! Go Wuhan\" as businesses slowly restart in Beijing on Sunday, March 8, 2020. As China's coronavirus cases and death steadily falls, authorities are trying to restart its businesses and factories after a virtual shutdown which has had a ripple effect affecting the global economy. (AP Photo\/Ng Han Guan)"},{"@type":"BreadcrumbList","@id":"https:\/\/ocoerente.com.br\/se\/2020\/04\/16\/o-covid-19-e-uma-pandemia-hoje-trazida-de-wuhan-cidade-chinesa\/#breadcrumb","itemListElement":[{"@type":"ListItem","position":1,"name":"In\u00edcio","item":"https:\/\/ocoerente.com.br\/se\/"},{"@type":"ListItem","position":2,"name":"O Covid 19 \u00e9 uma Pandemia hoje trazida de Wuhan cidade Chinesa."}]},{"@type":"WebSite","@id":"https:\/\/ocoerente.com.br\/se\/#website","url":"https:\/\/ocoerente.com.br\/se\/","name":"O Coerente","description":"","publisher":{"@id":"https:\/\/ocoerente.com.br\/se\/#\/schema\/person\/cc6bfd9fbca465e23543b0c963d8d037"},"potentialAction":[{"@type":"SearchAction","target":{"@type":"EntryPoint","urlTemplate":"https:\/\/ocoerente.com.br\/se\/?s={search_term_string}"},"query-input":{"@type":"PropertyValueSpecification","valueRequired":true,"valueName":"search_term_string"}}],"inLanguage":"pt-BR"},{"@type":["Person","Organization"],"@id":"https:\/\/ocoerente.com.br\/se\/#\/schema\/person\/cc6bfd9fbca465e23543b0c963d8d037","name":"Reda\u00e7\u00e3o","image":{"@type":"ImageObject","inLanguage":"pt-BR","@id":"https:\/\/ocoerente.com.br\/se\/wp-content\/uploads\/2020\/01\/ocoerente-1.png","url":"https:\/\/ocoerente.com.br\/se\/wp-content\/uploads\/2020\/01\/ocoerente-1.png","contentUrl":"https:\/\/ocoerente.com.br\/se\/wp-content\/uploads\/2020\/01\/ocoerente-1.png","width":50,"height":50,"caption":"Reda\u00e7\u00e3o"},"logo":{"@id":"https:\/\/ocoerente.com.br\/se\/wp-content\/uploads\/2020\/01\/ocoerente-1.png"},"url":"https:\/\/ocoerente.com.br\/se\/author\/vasticlsales\/"}]}},"_links":{"self":[{"href":"https:\/\/ocoerente.com.br\/se\/wp-json\/wp\/v2\/posts\/828","targetHints":{"allow":["GET"]}}],"collection":[{"href":"https:\/\/ocoerente.com.br\/se\/wp-json\/wp\/v2\/posts"}],"about":[{"href":"https:\/\/ocoerente.com.br\/se\/wp-json\/wp\/v2\/types\/post"}],"author":[{"embeddable":true,"href":"https:\/\/ocoerente.com.br\/se\/wp-json\/wp\/v2\/users\/1"}],"replies":[{"embeddable":true,"href":"https:\/\/ocoerente.com.br\/se\/wp-json\/wp\/v2\/comments?post=828"}],"version-history":[{"count":3,"href":"https:\/\/ocoerente.com.br\/se\/wp-json\/wp\/v2\/posts\/828\/revisions"}],"predecessor-version":[{"id":833,"href":"https:\/\/ocoerente.com.br\/se\/wp-json\/wp\/v2\/posts\/828\/revisions\/833"}],"wp:featuredmedia":[{"embeddable":true,"href":"https:\/\/ocoerente.com.br\/se\/wp-json\/wp\/v2\/media\/829"}],"wp:attachment":[{"href":"https:\/\/ocoerente.com.br\/se\/wp-json\/wp\/v2\/media?parent=828"}],"wp:term":[{"taxonomy":"category","embeddable":true,"href":"https:\/\/ocoerente.com.br\/se\/wp-json\/wp\/v2\/categories?post=828"},{"taxonomy":"post_tag","embeddable":true,"href":"https:\/\/ocoerente.com.br\/se\/wp-json\/wp\/v2\/tags?post=828"}],"curies":[{"name":"wp","href":"https:\/\/api.w.org\/{rel}","templated":true}]}}