{"id":825,"date":"2020-04-16T22:49:53","date_gmt":"2020-04-17T01:49:53","guid":{"rendered":"http:\/\/ocoerente.com.br\/se\/?p=825"},"modified":"2020-04-16T22:49:53","modified_gmt":"2020-04-17T01:49:53","slug":"fabio-henrique-retiraram-direito-dos-trabalhadores-em-plena-pandemia","status":"publish","type":"post","link":"https:\/\/ocoerente.com.br\/se\/2020\/04\/16\/fabio-henrique-retiraram-direito-dos-trabalhadores-em-plena-pandemia\/","title":{"rendered":"F\u00e1bio Henrique: retiraram direito dos trabalhadores em plena pandemia"},"content":{"rendered":"<p>A C\u00e2mara dos Deputados concluiu a vota\u00e7\u00e3o da Medida Provis\u00f3ria (MP) do \u201cContrato de Emprego Verde e Amarelo\u201d, na madrugada de quarta (15). O texto-base foi aprovado com apoio de 322 parlamentares, 153 foram contr\u00e1rios e dois se abstiveram. O deputado federal F\u00e1bio Henrique (PDT\/SE) votou contra por entender que essa determina\u00e7\u00e3o n\u00e3o gerou emprego, tira direito de trabalhadores, al\u00e9m de precarizar as rela\u00e7\u00f5es de trabalho, em um momento em que o foco deveria ser discuss\u00f5es sobre a sa\u00fade.<\/p>\n<p>\u201cSe a MP fosse para fomentar novas contrata\u00e7\u00f5es, teria o meu voto. Mas n\u00e3o \u00e9! Tanto que est\u00e1 valendo h\u00e1 mais de 100 dias e o Governo Federal n\u00e3o mostrou quantas contrata\u00e7\u00f5es foram feitas por esse sistema, essa \u00e9 a prova de que n\u00e3o funciona. Tamb\u00e9m estamos em um momento de Pandemia e que toda pauta do Congresso Nacional deveria ser voltada para assuntos da sa\u00fade p\u00fablica. Para votar projetos de interesse da sa\u00fade, n\u00e3o era o momento de votar na retirada de direito dos trabalhadores\u201d, argumentou o deputado.<\/p>\n<p>De acordo com F\u00e1bio Henrique, o \u201cContrato de Emprego Verde e Amarelo\u201d altera a Consolida\u00e7\u00e3o das Leis Trabalhistas (CLT) em 42 artigos. \u201cComo \u00e9 que estamos vivendo um momento de dificuldades, com desemprego, pandemias, e votamos em retirada de direitos dos trabalhadores?\u201d, questionou. Para o deputado sergipano, essa \u00e9 uma nova reforma trabalhista! \u201cO texto enviado pelo Governo Federal era muito pior que o aprovado, gra\u00e7as a atua\u00e7\u00e3o forte da oposi\u00e7\u00e3o conseguimos manter alguns direitos. Enquanto deputado federal, jamais votarei em projeto que tire direito dos trabalhadores\u201d, setenciou.<\/p>\n<p>Direitos Retirados<\/p>\n<p>Dentre os 42 artigos retirados da CLT, o deputado F\u00e1bio Henrique destaca os pontos que ele considera mais cr\u00edtico. S\u00e3o eles:<br \/>\n&#8211; Tudo que foi acordado se sobrep\u00f5e ao legislado. Por conta disso, os acordos coletivos ser\u00e3o superiores \u00e0 pr\u00f3pria CLT e aos julgados pelos tribunais. \u201cQuem j\u00e1 viu algum trabalhador fazer contrato com o patr\u00e3o tendo vantagem? Geralmente \u00e9 feito em desvantagem porque o trabalhador precisa do emprego\u201d, afirmou;<br \/>\n&#8211; O empres\u00e1rio pode demitir o trabalhador e recontrat\u00e1-lo ap\u00f3s 180 dias por esse novo modelo, que \u00e9 bastante prec\u00e1rio;<br \/>\n&#8211; A multa do FGTS, que era de 40% sobre o valor depositado; no contrato Verde e Amarelo vai para 20%;<br \/>\n&#8211; Est\u00e1 previsto a aus\u00eancia de exig\u00eancia do Registro Profissional;<br \/>\n&#8211; Determina aos banc\u00e1rios o aumento de seis para oito horas de carga hor\u00e1ria di\u00e1ria, permitindo o trabalho tamb\u00e9m aos s\u00e1bados;<br \/>\n&#8211; Regulamenta o trabalho aos s\u00e1bados e domingos de v\u00e1rias profiss\u00f5es;<br \/>\n&#8211; O acidente de trabalho, que antes considerava o momento do deslocamento para a empresa, agora s\u00f3 ser\u00e1 se o trabalhador estiver no ve\u00edculo da empresa;<br \/>\n&#8211; O d\u00e9cimo terceiro, que antes era uma parcela somente ou dois pagamentos de um sal\u00e1rio integral no final do ano, agora o patr\u00e3o poder\u00e1 optar a pagar um pedacinho em cada m\u00eas;<br \/>\n&#8211; Mudan\u00e7a na fiscaliza\u00e7\u00e3o dos \u00f3rg\u00e3os do trabalho, s\u00f3 ter\u00e1 validade ap\u00f3s duas vistas dos fiscais dos trabalhadores.<\/p>\n","protected":false},"excerpt":{"rendered":"<p>A C\u00e2mara dos Deputados concluiu a vota\u00e7\u00e3o da Medida Provis\u00f3ria (MP) do \u201cContrato de Emprego Verde e Amarelo\u201d, na madrugada de quarta (15). O texto-base foi aprovado com apoio de 322 parlamentares, 153 foram contr\u00e1rios e dois se abstiveram. O deputado federal F\u00e1bio Henrique (PDT\/SE) votou contra por entender que essa determina\u00e7\u00e3o n\u00e3o gerou emprego, [&hellip;]<\/p>\n","protected":false},"author":1,"featured_media":826,"comment_status":"closed","ping_status":"closed","sticky":false,"template":"","format":"standard","meta":{"footnotes":""},"categories":[53,44],"tags":[],"class_list":["post-825","post","type-post","status-publish","format-standard","has-post-thumbnail","hentry","category-destaques","category-politica"],"yoast_head":"<!-- This site is optimized with the Yoast SEO plugin v27.4 - https:\/\/yoast.com\/product\/yoast-seo-wordpress\/ -->\n<title>F\u00e1bio Henrique: retiraram direito dos trabalhadores em plena pandemia - O Coerente<\/title>\n<meta name=\"robots\" content=\"index, follow, max-snippet:-1, max-image-preview:large, max-video-preview:-1\" \/>\n<link rel=\"canonical\" href=\"https:\/\/ocoerente.com.br\/se\/2020\/04\/16\/fabio-henrique-retiraram-direito-dos-trabalhadores-em-plena-pandemia\/\" \/>\n<meta property=\"og:locale\" content=\"pt_BR\" \/>\n<meta property=\"og:type\" content=\"article\" \/>\n<meta property=\"og:title\" content=\"F\u00e1bio Henrique: retiraram direito dos trabalhadores em plena pandemia - O Coerente\" \/>\n<meta property=\"og:description\" content=\"A C\u00e2mara dos Deputados concluiu a vota\u00e7\u00e3o da Medida Provis\u00f3ria (MP) do \u201cContrato de Emprego Verde e Amarelo\u201d, na madrugada de quarta (15). O texto-base foi aprovado com apoio de 322 parlamentares, 153 foram contr\u00e1rios e dois se abstiveram. O deputado federal F\u00e1bio Henrique (PDT\/SE) votou contra por entender que essa determina\u00e7\u00e3o n\u00e3o gerou emprego, [&hellip;]\" \/>\n<meta property=\"og:url\" content=\"https:\/\/ocoerente.com.br\/se\/2020\/04\/16\/fabio-henrique-retiraram-direito-dos-trabalhadores-em-plena-pandemia\/\" \/>\n<meta property=\"og:site_name\" content=\"O Coerente\" \/>\n<meta property=\"article:published_time\" content=\"2020-04-17T01:49:53+00:00\" \/>\n<meta property=\"og:image\" content=\"https:\/\/ocoerente.com.br\/se\/wp-content\/uploads\/2020\/04\/fhenr.jpg\" \/>\n\t<meta property=\"og:image:width\" content=\"512\" \/>\n\t<meta property=\"og:image:height\" content=\"342\" \/>\n\t<meta property=\"og:image:type\" content=\"image\/jpeg\" \/>\n<meta name=\"author\" content=\"Reda\u00e7\u00e3o\" \/>\n<meta name=\"twitter:card\" content=\"summary_large_image\" \/>\n<meta name=\"twitter:label1\" content=\"Escrito por\" \/>\n\t<meta name=\"twitter:data1\" content=\"Reda\u00e7\u00e3o\" \/>\n\t<meta name=\"twitter:label2\" content=\"Est. tempo de leitura\" \/>\n\t<meta name=\"twitter:data2\" content=\"3 minutos\" \/>\n<script type=\"application\/ld+json\" class=\"yoast-schema-graph\">{\"@context\":\"https:\\\/\\\/schema.org\",\"@graph\":[{\"@type\":\"Article\",\"@id\":\"https:\\\/\\\/ocoerente.com.br\\\/se\\\/2020\\\/04\\\/16\\\/fabio-henrique-retiraram-direito-dos-trabalhadores-em-plena-pandemia\\\/#article\",\"isPartOf\":{\"@id\":\"https:\\\/\\\/ocoerente.com.br\\\/se\\\/2020\\\/04\\\/16\\\/fabio-henrique-retiraram-direito-dos-trabalhadores-em-plena-pandemia\\\/\"},\"author\":{\"name\":\"Reda\u00e7\u00e3o\",\"@id\":\"https:\\\/\\\/ocoerente.com.br\\\/se\\\/#\\\/schema\\\/person\\\/cc6bfd9fbca465e23543b0c963d8d037\"},\"headline\":\"F\u00e1bio Henrique: retiraram direito dos trabalhadores em plena pandemia\",\"datePublished\":\"2020-04-17T01:49:53+00:00\",\"mainEntityOfPage\":{\"@id\":\"https:\\\/\\\/ocoerente.com.br\\\/se\\\/2020\\\/04\\\/16\\\/fabio-henrique-retiraram-direito-dos-trabalhadores-em-plena-pandemia\\\/\"},\"wordCount\":539,\"publisher\":{\"@id\":\"https:\\\/\\\/ocoerente.com.br\\\/se\\\/#\\\/schema\\\/person\\\/cc6bfd9fbca465e23543b0c963d8d037\"},\"image\":{\"@id\":\"https:\\\/\\\/ocoerente.com.br\\\/se\\\/2020\\\/04\\\/16\\\/fabio-henrique-retiraram-direito-dos-trabalhadores-em-plena-pandemia\\\/#primaryimage\"},\"thumbnailUrl\":\"https:\\\/\\\/ocoerente.com.br\\\/se\\\/wp-content\\\/uploads\\\/2020\\\/04\\\/fhenr.jpg\",\"articleSection\":[\"Destaques\",\"Pol\u00edtica\"],\"inLanguage\":\"pt-BR\"},{\"@type\":\"WebPage\",\"@id\":\"https:\\\/\\\/ocoerente.com.br\\\/se\\\/2020\\\/04\\\/16\\\/fabio-henrique-retiraram-direito-dos-trabalhadores-em-plena-pandemia\\\/\",\"url\":\"https:\\\/\\\/ocoerente.com.br\\\/se\\\/2020\\\/04\\\/16\\\/fabio-henrique-retiraram-direito-dos-trabalhadores-em-plena-pandemia\\\/\",\"name\":\"F\u00e1bio Henrique: retiraram direito dos trabalhadores em plena pandemia - O Coerente\",\"isPartOf\":{\"@id\":\"https:\\\/\\\/ocoerente.com.br\\\/se\\\/#website\"},\"primaryImageOfPage\":{\"@id\":\"https:\\\/\\\/ocoerente.com.br\\\/se\\\/2020\\\/04\\\/16\\\/fabio-henrique-retiraram-direito-dos-trabalhadores-em-plena-pandemia\\\/#primaryimage\"},\"image\":{\"@id\":\"https:\\\/\\\/ocoerente.com.br\\\/se\\\/2020\\\/04\\\/16\\\/fabio-henrique-retiraram-direito-dos-trabalhadores-em-plena-pandemia\\\/#primaryimage\"},\"thumbnailUrl\":\"https:\\\/\\\/ocoerente.com.br\\\/se\\\/wp-content\\\/uploads\\\/2020\\\/04\\\/fhenr.jpg\",\"datePublished\":\"2020-04-17T01:49:53+00:00\",\"breadcrumb\":{\"@id\":\"https:\\\/\\\/ocoerente.com.br\\\/se\\\/2020\\\/04\\\/16\\\/fabio-henrique-retiraram-direito-dos-trabalhadores-em-plena-pandemia\\\/#breadcrumb\"},\"inLanguage\":\"pt-BR\",\"potentialAction\":[{\"@type\":\"ReadAction\",\"target\":[\"https:\\\/\\\/ocoerente.com.br\\\/se\\\/2020\\\/04\\\/16\\\/fabio-henrique-retiraram-direito-dos-trabalhadores-em-plena-pandemia\\\/\"]}]},{\"@type\":\"ImageObject\",\"inLanguage\":\"pt-BR\",\"@id\":\"https:\\\/\\\/ocoerente.com.br\\\/se\\\/2020\\\/04\\\/16\\\/fabio-henrique-retiraram-direito-dos-trabalhadores-em-plena-pandemia\\\/#primaryimage\",\"url\":\"https:\\\/\\\/ocoerente.com.br\\\/se\\\/wp-content\\\/uploads\\\/2020\\\/04\\\/fhenr.jpg\",\"contentUrl\":\"https:\\\/\\\/ocoerente.com.br\\\/se\\\/wp-content\\\/uploads\\\/2020\\\/04\\\/fhenr.jpg\",\"width\":512,\"height\":342},{\"@type\":\"BreadcrumbList\",\"@id\":\"https:\\\/\\\/ocoerente.com.br\\\/se\\\/2020\\\/04\\\/16\\\/fabio-henrique-retiraram-direito-dos-trabalhadores-em-plena-pandemia\\\/#breadcrumb\",\"itemListElement\":[{\"@type\":\"ListItem\",\"position\":1,\"name\":\"In\u00edcio\",\"item\":\"https:\\\/\\\/ocoerente.com.br\\\/se\\\/\"},{\"@type\":\"ListItem\",\"position\":2,\"name\":\"F\u00e1bio Henrique: retiraram direito dos trabalhadores em plena pandemia\"}]},{\"@type\":\"WebSite\",\"@id\":\"https:\\\/\\\/ocoerente.com.br\\\/se\\\/#website\",\"url\":\"https:\\\/\\\/ocoerente.com.br\\\/se\\\/\",\"name\":\"O Coerente\",\"description\":\"\",\"publisher\":{\"@id\":\"https:\\\/\\\/ocoerente.com.br\\\/se\\\/#\\\/schema\\\/person\\\/cc6bfd9fbca465e23543b0c963d8d037\"},\"potentialAction\":[{\"@type\":\"SearchAction\",\"target\":{\"@type\":\"EntryPoint\",\"urlTemplate\":\"https:\\\/\\\/ocoerente.com.br\\\/se\\\/?s={search_term_string}\"},\"query-input\":{\"@type\":\"PropertyValueSpecification\",\"valueRequired\":true,\"valueName\":\"search_term_string\"}}],\"inLanguage\":\"pt-BR\"},{\"@type\":[\"Person\",\"Organization\"],\"@id\":\"https:\\\/\\\/ocoerente.com.br\\\/se\\\/#\\\/schema\\\/person\\\/cc6bfd9fbca465e23543b0c963d8d037\",\"name\":\"Reda\u00e7\u00e3o\",\"image\":{\"@type\":\"ImageObject\",\"inLanguage\":\"pt-BR\",\"@id\":\"https:\\\/\\\/ocoerente.com.br\\\/se\\\/wp-content\\\/uploads\\\/2020\\\/01\\\/ocoerente-1.png\",\"url\":\"https:\\\/\\\/ocoerente.com.br\\\/se\\\/wp-content\\\/uploads\\\/2020\\\/01\\\/ocoerente-1.png\",\"contentUrl\":\"https:\\\/\\\/ocoerente.com.br\\\/se\\\/wp-content\\\/uploads\\\/2020\\\/01\\\/ocoerente-1.png\",\"width\":50,\"height\":50,\"caption\":\"Reda\u00e7\u00e3o\"},\"logo\":{\"@id\":\"https:\\\/\\\/ocoerente.com.br\\\/se\\\/wp-content\\\/uploads\\\/2020\\\/01\\\/ocoerente-1.png\"},\"url\":\"https:\\\/\\\/ocoerente.com.br\\\/se\\\/author\\\/vasticlsales\\\/\"}]}<\/script>\n<!-- \/ Yoast SEO plugin. -->","yoast_head_json":{"title":"F\u00e1bio Henrique: retiraram direito dos trabalhadores em plena pandemia - O Coerente","robots":{"index":"index","follow":"follow","max-snippet":"max-snippet:-1","max-image-preview":"max-image-preview:large","max-video-preview":"max-video-preview:-1"},"canonical":"https:\/\/ocoerente.com.br\/se\/2020\/04\/16\/fabio-henrique-retiraram-direito-dos-trabalhadores-em-plena-pandemia\/","og_locale":"pt_BR","og_type":"article","og_title":"F\u00e1bio Henrique: retiraram direito dos trabalhadores em plena pandemia - O Coerente","og_description":"A C\u00e2mara dos Deputados concluiu a vota\u00e7\u00e3o da Medida Provis\u00f3ria (MP) do \u201cContrato de Emprego Verde e Amarelo\u201d, na madrugada de quarta (15). O texto-base foi aprovado com apoio de 322 parlamentares, 153 foram contr\u00e1rios e dois se abstiveram. O deputado federal F\u00e1bio Henrique (PDT\/SE) votou contra por entender que essa determina\u00e7\u00e3o n\u00e3o gerou emprego, [&hellip;]","og_url":"https:\/\/ocoerente.com.br\/se\/2020\/04\/16\/fabio-henrique-retiraram-direito-dos-trabalhadores-em-plena-pandemia\/","og_site_name":"O Coerente","article_published_time":"2020-04-17T01:49:53+00:00","og_image":[{"width":512,"height":342,"url":"https:\/\/ocoerente.com.br\/se\/wp-content\/uploads\/2020\/04\/fhenr.jpg","type":"image\/jpeg"}],"author":"Reda\u00e7\u00e3o","twitter_card":"summary_large_image","twitter_misc":{"Escrito por":"Reda\u00e7\u00e3o","Est. tempo de leitura":"3 minutos"},"schema":{"@context":"https:\/\/schema.org","@graph":[{"@type":"Article","@id":"https:\/\/ocoerente.com.br\/se\/2020\/04\/16\/fabio-henrique-retiraram-direito-dos-trabalhadores-em-plena-pandemia\/#article","isPartOf":{"@id":"https:\/\/ocoerente.com.br\/se\/2020\/04\/16\/fabio-henrique-retiraram-direito-dos-trabalhadores-em-plena-pandemia\/"},"author":{"name":"Reda\u00e7\u00e3o","@id":"https:\/\/ocoerente.com.br\/se\/#\/schema\/person\/cc6bfd9fbca465e23543b0c963d8d037"},"headline":"F\u00e1bio Henrique: retiraram direito dos trabalhadores em plena pandemia","datePublished":"2020-04-17T01:49:53+00:00","mainEntityOfPage":{"@id":"https:\/\/ocoerente.com.br\/se\/2020\/04\/16\/fabio-henrique-retiraram-direito-dos-trabalhadores-em-plena-pandemia\/"},"wordCount":539,"publisher":{"@id":"https:\/\/ocoerente.com.br\/se\/#\/schema\/person\/cc6bfd9fbca465e23543b0c963d8d037"},"image":{"@id":"https:\/\/ocoerente.com.br\/se\/2020\/04\/16\/fabio-henrique-retiraram-direito-dos-trabalhadores-em-plena-pandemia\/#primaryimage"},"thumbnailUrl":"https:\/\/ocoerente.com.br\/se\/wp-content\/uploads\/2020\/04\/fhenr.jpg","articleSection":["Destaques","Pol\u00edtica"],"inLanguage":"pt-BR"},{"@type":"WebPage","@id":"https:\/\/ocoerente.com.br\/se\/2020\/04\/16\/fabio-henrique-retiraram-direito-dos-trabalhadores-em-plena-pandemia\/","url":"https:\/\/ocoerente.com.br\/se\/2020\/04\/16\/fabio-henrique-retiraram-direito-dos-trabalhadores-em-plena-pandemia\/","name":"F\u00e1bio Henrique: retiraram direito dos trabalhadores em plena pandemia - O Coerente","isPartOf":{"@id":"https:\/\/ocoerente.com.br\/se\/#website"},"primaryImageOfPage":{"@id":"https:\/\/ocoerente.com.br\/se\/2020\/04\/16\/fabio-henrique-retiraram-direito-dos-trabalhadores-em-plena-pandemia\/#primaryimage"},"image":{"@id":"https:\/\/ocoerente.com.br\/se\/2020\/04\/16\/fabio-henrique-retiraram-direito-dos-trabalhadores-em-plena-pandemia\/#primaryimage"},"thumbnailUrl":"https:\/\/ocoerente.com.br\/se\/wp-content\/uploads\/2020\/04\/fhenr.jpg","datePublished":"2020-04-17T01:49:53+00:00","breadcrumb":{"@id":"https:\/\/ocoerente.com.br\/se\/2020\/04\/16\/fabio-henrique-retiraram-direito-dos-trabalhadores-em-plena-pandemia\/#breadcrumb"},"inLanguage":"pt-BR","potentialAction":[{"@type":"ReadAction","target":["https:\/\/ocoerente.com.br\/se\/2020\/04\/16\/fabio-henrique-retiraram-direito-dos-trabalhadores-em-plena-pandemia\/"]}]},{"@type":"ImageObject","inLanguage":"pt-BR","@id":"https:\/\/ocoerente.com.br\/se\/2020\/04\/16\/fabio-henrique-retiraram-direito-dos-trabalhadores-em-plena-pandemia\/#primaryimage","url":"https:\/\/ocoerente.com.br\/se\/wp-content\/uploads\/2020\/04\/fhenr.jpg","contentUrl":"https:\/\/ocoerente.com.br\/se\/wp-content\/uploads\/2020\/04\/fhenr.jpg","width":512,"height":342},{"@type":"BreadcrumbList","@id":"https:\/\/ocoerente.com.br\/se\/2020\/04\/16\/fabio-henrique-retiraram-direito-dos-trabalhadores-em-plena-pandemia\/#breadcrumb","itemListElement":[{"@type":"ListItem","position":1,"name":"In\u00edcio","item":"https:\/\/ocoerente.com.br\/se\/"},{"@type":"ListItem","position":2,"name":"F\u00e1bio Henrique: retiraram direito dos trabalhadores em plena pandemia"}]},{"@type":"WebSite","@id":"https:\/\/ocoerente.com.br\/se\/#website","url":"https:\/\/ocoerente.com.br\/se\/","name":"O Coerente","description":"","publisher":{"@id":"https:\/\/ocoerente.com.br\/se\/#\/schema\/person\/cc6bfd9fbca465e23543b0c963d8d037"},"potentialAction":[{"@type":"SearchAction","target":{"@type":"EntryPoint","urlTemplate":"https:\/\/ocoerente.com.br\/se\/?s={search_term_string}"},"query-input":{"@type":"PropertyValueSpecification","valueRequired":true,"valueName":"search_term_string"}}],"inLanguage":"pt-BR"},{"@type":["Person","Organization"],"@id":"https:\/\/ocoerente.com.br\/se\/#\/schema\/person\/cc6bfd9fbca465e23543b0c963d8d037","name":"Reda\u00e7\u00e3o","image":{"@type":"ImageObject","inLanguage":"pt-BR","@id":"https:\/\/ocoerente.com.br\/se\/wp-content\/uploads\/2020\/01\/ocoerente-1.png","url":"https:\/\/ocoerente.com.br\/se\/wp-content\/uploads\/2020\/01\/ocoerente-1.png","contentUrl":"https:\/\/ocoerente.com.br\/se\/wp-content\/uploads\/2020\/01\/ocoerente-1.png","width":50,"height":50,"caption":"Reda\u00e7\u00e3o"},"logo":{"@id":"https:\/\/ocoerente.com.br\/se\/wp-content\/uploads\/2020\/01\/ocoerente-1.png"},"url":"https:\/\/ocoerente.com.br\/se\/author\/vasticlsales\/"}]}},"_links":{"self":[{"href":"https:\/\/ocoerente.com.br\/se\/wp-json\/wp\/v2\/posts\/825","targetHints":{"allow":["GET"]}}],"collection":[{"href":"https:\/\/ocoerente.com.br\/se\/wp-json\/wp\/v2\/posts"}],"about":[{"href":"https:\/\/ocoerente.com.br\/se\/wp-json\/wp\/v2\/types\/post"}],"author":[{"embeddable":true,"href":"https:\/\/ocoerente.com.br\/se\/wp-json\/wp\/v2\/users\/1"}],"replies":[{"embeddable":true,"href":"https:\/\/ocoerente.com.br\/se\/wp-json\/wp\/v2\/comments?post=825"}],"version-history":[{"count":1,"href":"https:\/\/ocoerente.com.br\/se\/wp-json\/wp\/v2\/posts\/825\/revisions"}],"predecessor-version":[{"id":827,"href":"https:\/\/ocoerente.com.br\/se\/wp-json\/wp\/v2\/posts\/825\/revisions\/827"}],"wp:featuredmedia":[{"embeddable":true,"href":"https:\/\/ocoerente.com.br\/se\/wp-json\/wp\/v2\/media\/826"}],"wp:attachment":[{"href":"https:\/\/ocoerente.com.br\/se\/wp-json\/wp\/v2\/media?parent=825"}],"wp:term":[{"taxonomy":"category","embeddable":true,"href":"https:\/\/ocoerente.com.br\/se\/wp-json\/wp\/v2\/categories?post=825"},{"taxonomy":"post_tag","embeddable":true,"href":"https:\/\/ocoerente.com.br\/se\/wp-json\/wp\/v2\/tags?post=825"}],"curies":[{"name":"wp","href":"https:\/\/api.w.org\/{rel}","templated":true}]}}