{"id":8228,"date":"2024-02-08T00:56:57","date_gmt":"2024-02-08T03:56:57","guid":{"rendered":"https:\/\/ocoerente.com.br\/se\/?p=8228"},"modified":"2024-02-08T00:56:59","modified_gmt":"2024-02-08T03:56:59","slug":"governador-fabio-mitidieri-discute-projetos-prioritarios-com-a-ministra-simone-tebet","status":"publish","type":"post","link":"https:\/\/ocoerente.com.br\/se\/2024\/02\/08\/governador-fabio-mitidieri-discute-projetos-prioritarios-com-a-ministra-simone-tebet\/","title":{"rendered":"Governador F\u00e1bio Mitidieri discute projetos priorit\u00e1rios com a ministra Simone Tebet"},"content":{"rendered":"\n<p><em>Minist\u00e9rio do Planejamento e Or\u00e7amento deve apoiar iniciativas de desenvolvimento do estado<\/em><\/p>\n\n\n\n<p>O governador de Sergipe, F\u00e1bio Mitidieri, foi recebido pela ministra do Planejamento e Or\u00e7amento, Simone Tebet, para tratar do andamento de projetos priorit\u00e1rios no estado. Realizado na sede do Minist\u00e9rio, em Bras\u00edlia, o encontro tamb\u00e9m teve como pauta a libera\u00e7\u00e3o de recursos para a constru\u00e7\u00e3o da Adutora do Leite, no alto sert\u00e3o sergipano, e contou com a presen\u00e7a dos senadores Alessandro Vieira e La\u00e9rcio Oliveira.<\/p>\n\n\n\n<p>F\u00e1bio agradeceu o di\u00e1logo produtivo e de solu\u00e7\u00f5es que o Minist\u00e9rio tem mantido com Sergipe e a atualizou sobre a constru\u00e7\u00e3o da ponte Ne\u00f3polis (SE) &#8211; Penedo (AL) e o andamento das obras do PAC, principalmente o Canal de Xing\u00f3 e a duplica\u00e7\u00e3o das rodovias BR-101 e 235. A ministra integra o conselho de Monitoramento e Acompanhamento do PAC e, segundo o governador, sempre manteve as portas abertas \u00e0s demandas do estado. O governo do presidente Lula destinou R$ 136,6 bilh\u00f5es para Sergipe dentro do Programa.<\/p>\n\n\n\n<p><strong>Adutora do Leite<\/strong><\/p>\n\n\n\n<p>F\u00e1bio Mitidieri tamb\u00e9m apresentou a Simone Tebet o titular da rec\u00e9m-criada Secretaria Especial de Planejamento, Or\u00e7amento e Inova\u00e7\u00e3o de Sergipe, J\u00falio Filgueira, que por sua vez explicou a import\u00e2ncia da constru\u00e7\u00e3o da Adutora do Leite para os sergipanos e solicitou apoio da Pasta para a libera\u00e7\u00e3o de recursos da ordem de R$ 100 milh\u00f5es.<\/p>\n\n\n\n<p>A adutora vai levar \u00e1gua bruta do Rio S\u00e3o Francisco at\u00e9 Santa Rosa do Erm\u00edrio (SE), com a constru\u00e7\u00e3o de pequenas barragens ao longo do caminho e uma grande barragem em seu destino final. A expectativa \u00e9 duplicar a quantidade de leite produzido na regi\u00e3o. Destaca-se que Sergipe tem a segunda maior produtividade leiteira do Brasil.<\/p>\n\n\n\n<p>No ano de 2023, o Governo de Sergipe fez articula\u00e7\u00f5es com o apoio da bancada sergipana no Congresso Nacional, junto ao Minist\u00e9rio da Integra\u00e7\u00e3o e do Desenvolvimento Regional e \u00e0s Comiss\u00f5es Tem\u00e1ticas do Congresso com o objetivo de captar recursos de emendas para a execu\u00e7\u00e3o dessa importante obra. A solicita\u00e7\u00e3o feita \u00e0 ministra \u00e9 para que possa ser garantida a articula\u00e7\u00e3o e a agilidade necess\u00e1ria, dentro dos tr\u00e2mites da Uni\u00e3o, para que parte dos valores j\u00e1 possa ser liberada e a obra possa ser iniciada ainda este ano.<\/p>\n\n\n\n<p><strong>Novos projetos<\/strong><\/p>\n\n\n\n<p>O governador F\u00e1bio Mitidieri e o secret\u00e1rio J\u00falio Filgueira tamb\u00e9m adiantaram \u00e0 ministra Simone Tebet projetos estrat\u00e9gicos que est\u00e3o sendo gestados com o objetivo de atender demandas de desenvolvimento e diversifica\u00e7\u00e3o da economia de Sergipe &#8211; como a dinamiza\u00e7\u00e3o de uma rota tur\u00edstica pelo litoral sergipano, interligando os estados da Bahia e de Alagoas e o fortalecimento de uma nova rota de escoamento de commodities da regi\u00e3o do Matopiba (fronteira com forte voca\u00e7\u00e3o agr\u00edcola na regi\u00e3o entre os estados do Maranh\u00e3o, Tocantins, Piau\u00ed e Bahia) via Sergipe, na perspectiva da amplia\u00e7\u00e3o do Complexo Portu\u00e1rio &#8211; para que possam ser inclu\u00eddos nos planejamentos de m\u00e9dio e longo prazo do Governo Federal que tenham o mesmo objetivo. Ela destacou a import\u00e2ncia de alinhamento com os Planos de Desenvolvimento Regional, encaminhados ao Congresso Nacional, pediu acompanhamento dos senadores e se comprometeu em apoiar as iniciativas.<\/p>\n\n\n\n<p>Por Sergipe, tamb\u00e9m participaram da reuni\u00e3o o secret\u00e1rio da Casa Civil, Jorginho Araujo, e os secret\u00e1rios-executivos de Desenvolvimento Econ\u00f4mico, Marcelo Menezes, e de Representa\u00e7\u00e3o de Sergipe em Bras\u00edlia, Luciano Filho. Pelo Minist\u00e9rio, ainda estiveram presentes os secret\u00e1rios de Articula\u00e7\u00e3o Institucional, Jo\u00e3o Villaverde, de Or\u00e7amento Federal, Paulo Bijos, Nacional de Planejamento (adjunta), Virg\u00ednia de Angelis, e de Assuntos Internacionais e Desenvolvimento (adjunta) Vanessa Carvalho.<\/p>\n\n\n\n<p>se.gov.br<\/p>\n","protected":false},"excerpt":{"rendered":"<p>Minist\u00e9rio do Planejamento e Or\u00e7amento deve apoiar iniciativas de desenvolvimento do estado O governador de Sergipe, F\u00e1bio Mitidieri, foi recebido pela ministra do Planejamento e Or\u00e7amento, Simone Tebet, para tratar do andamento de projetos priorit\u00e1rios no estado. Realizado na sede do Minist\u00e9rio, em Bras\u00edlia, o encontro tamb\u00e9m teve como pauta a libera\u00e7\u00e3o de recursos para [&hellip;]<\/p>\n","protected":false},"author":1,"featured_media":8229,"comment_status":"closed","ping_status":"closed","sticky":false,"template":"","format":"standard","meta":{"footnotes":""},"categories":[48,53],"tags":[],"class_list":["post-8228","post","type-post","status-publish","format-standard","has-post-thumbnail","hentry","category-brasil","category-destaques"],"yoast_head":"<!-- This site is optimized with the Yoast SEO plugin v27.4 - https:\/\/yoast.com\/product\/yoast-seo-wordpress\/ -->\n<title>Governador F\u00e1bio Mitidieri discute projetos priorit\u00e1rios com a ministra Simone Tebet - O Coerente<\/title>\n<meta name=\"robots\" content=\"index, follow, max-snippet:-1, max-image-preview:large, max-video-preview:-1\" \/>\n<link rel=\"canonical\" href=\"https:\/\/ocoerente.com.br\/se\/2024\/02\/08\/governador-fabio-mitidieri-discute-projetos-prioritarios-com-a-ministra-simone-tebet\/\" \/>\n<meta property=\"og:locale\" content=\"pt_BR\" \/>\n<meta property=\"og:type\" content=\"article\" \/>\n<meta property=\"og:title\" content=\"Governador F\u00e1bio Mitidieri discute projetos priorit\u00e1rios com a ministra Simone Tebet - O Coerente\" \/>\n<meta property=\"og:description\" content=\"Minist\u00e9rio do Planejamento e Or\u00e7amento deve apoiar iniciativas de desenvolvimento do estado O governador de Sergipe, F\u00e1bio Mitidieri, foi recebido pela ministra do Planejamento e Or\u00e7amento, Simone Tebet, para tratar do andamento de projetos priorit\u00e1rios no estado. Realizado na sede do Minist\u00e9rio, em Bras\u00edlia, o encontro tamb\u00e9m teve como pauta a libera\u00e7\u00e3o de recursos para [&hellip;]\" \/>\n<meta property=\"og:url\" content=\"https:\/\/ocoerente.com.br\/se\/2024\/02\/08\/governador-fabio-mitidieri-discute-projetos-prioritarios-com-a-ministra-simone-tebet\/\" \/>\n<meta property=\"og:site_name\" content=\"O Coerente\" \/>\n<meta property=\"article:published_time\" content=\"2024-02-08T03:56:57+00:00\" \/>\n<meta property=\"article:modified_time\" content=\"2024-02-08T03:56:59+00:00\" \/>\n<meta property=\"og:image\" content=\"https:\/\/ocoerente.com.br\/se\/wp-content\/uploads\/2024\/02\/govmiti-tebet.jpg\" \/>\n\t<meta property=\"og:image:width\" content=\"1280\" \/>\n\t<meta property=\"og:image:height\" content=\"853\" \/>\n\t<meta property=\"og:image:type\" content=\"image\/jpeg\" \/>\n<meta name=\"author\" content=\"Reda\u00e7\u00e3o\" \/>\n<meta name=\"twitter:card\" content=\"summary_large_image\" \/>\n<meta name=\"twitter:label1\" content=\"Escrito por\" \/>\n\t<meta name=\"twitter:data1\" content=\"Reda\u00e7\u00e3o\" \/>\n\t<meta name=\"twitter:label2\" content=\"Est. tempo de leitura\" \/>\n\t<meta name=\"twitter:data2\" content=\"3 minutos\" \/>\n<script type=\"application\/ld+json\" class=\"yoast-schema-graph\">{\"@context\":\"https:\\\/\\\/schema.org\",\"@graph\":[{\"@type\":\"Article\",\"@id\":\"https:\\\/\\\/ocoerente.com.br\\\/se\\\/2024\\\/02\\\/08\\\/governador-fabio-mitidieri-discute-projetos-prioritarios-com-a-ministra-simone-tebet\\\/#article\",\"isPartOf\":{\"@id\":\"https:\\\/\\\/ocoerente.com.br\\\/se\\\/2024\\\/02\\\/08\\\/governador-fabio-mitidieri-discute-projetos-prioritarios-com-a-ministra-simone-tebet\\\/\"},\"author\":{\"name\":\"Reda\u00e7\u00e3o\",\"@id\":\"https:\\\/\\\/ocoerente.com.br\\\/se\\\/#\\\/schema\\\/person\\\/cc6bfd9fbca465e23543b0c963d8d037\"},\"headline\":\"Governador F\u00e1bio Mitidieri discute projetos priorit\u00e1rios com a ministra Simone Tebet\",\"datePublished\":\"2024-02-08T03:56:57+00:00\",\"dateModified\":\"2024-02-08T03:56:59+00:00\",\"mainEntityOfPage\":{\"@id\":\"https:\\\/\\\/ocoerente.com.br\\\/se\\\/2024\\\/02\\\/08\\\/governador-fabio-mitidieri-discute-projetos-prioritarios-com-a-ministra-simone-tebet\\\/\"},\"wordCount\":657,\"publisher\":{\"@id\":\"https:\\\/\\\/ocoerente.com.br\\\/se\\\/#\\\/schema\\\/person\\\/cc6bfd9fbca465e23543b0c963d8d037\"},\"image\":{\"@id\":\"https:\\\/\\\/ocoerente.com.br\\\/se\\\/2024\\\/02\\\/08\\\/governador-fabio-mitidieri-discute-projetos-prioritarios-com-a-ministra-simone-tebet\\\/#primaryimage\"},\"thumbnailUrl\":\"https:\\\/\\\/ocoerente.com.br\\\/se\\\/wp-content\\\/uploads\\\/2024\\\/02\\\/govmiti-tebet.jpg\",\"articleSection\":[\"Brasil\",\"Destaques\"],\"inLanguage\":\"pt-BR\"},{\"@type\":\"WebPage\",\"@id\":\"https:\\\/\\\/ocoerente.com.br\\\/se\\\/2024\\\/02\\\/08\\\/governador-fabio-mitidieri-discute-projetos-prioritarios-com-a-ministra-simone-tebet\\\/\",\"url\":\"https:\\\/\\\/ocoerente.com.br\\\/se\\\/2024\\\/02\\\/08\\\/governador-fabio-mitidieri-discute-projetos-prioritarios-com-a-ministra-simone-tebet\\\/\",\"name\":\"Governador F\u00e1bio Mitidieri discute projetos priorit\u00e1rios com a ministra Simone Tebet - O Coerente\",\"isPartOf\":{\"@id\":\"https:\\\/\\\/ocoerente.com.br\\\/se\\\/#website\"},\"primaryImageOfPage\":{\"@id\":\"https:\\\/\\\/ocoerente.com.br\\\/se\\\/2024\\\/02\\\/08\\\/governador-fabio-mitidieri-discute-projetos-prioritarios-com-a-ministra-simone-tebet\\\/#primaryimage\"},\"image\":{\"@id\":\"https:\\\/\\\/ocoerente.com.br\\\/se\\\/2024\\\/02\\\/08\\\/governador-fabio-mitidieri-discute-projetos-prioritarios-com-a-ministra-simone-tebet\\\/#primaryimage\"},\"thumbnailUrl\":\"https:\\\/\\\/ocoerente.com.br\\\/se\\\/wp-content\\\/uploads\\\/2024\\\/02\\\/govmiti-tebet.jpg\",\"datePublished\":\"2024-02-08T03:56:57+00:00\",\"dateModified\":\"2024-02-08T03:56:59+00:00\",\"breadcrumb\":{\"@id\":\"https:\\\/\\\/ocoerente.com.br\\\/se\\\/2024\\\/02\\\/08\\\/governador-fabio-mitidieri-discute-projetos-prioritarios-com-a-ministra-simone-tebet\\\/#breadcrumb\"},\"inLanguage\":\"pt-BR\",\"potentialAction\":[{\"@type\":\"ReadAction\",\"target\":[\"https:\\\/\\\/ocoerente.com.br\\\/se\\\/2024\\\/02\\\/08\\\/governador-fabio-mitidieri-discute-projetos-prioritarios-com-a-ministra-simone-tebet\\\/\"]}]},{\"@type\":\"ImageObject\",\"inLanguage\":\"pt-BR\",\"@id\":\"https:\\\/\\\/ocoerente.com.br\\\/se\\\/2024\\\/02\\\/08\\\/governador-fabio-mitidieri-discute-projetos-prioritarios-com-a-ministra-simone-tebet\\\/#primaryimage\",\"url\":\"https:\\\/\\\/ocoerente.com.br\\\/se\\\/wp-content\\\/uploads\\\/2024\\\/02\\\/govmiti-tebet.jpg\",\"contentUrl\":\"https:\\\/\\\/ocoerente.com.br\\\/se\\\/wp-content\\\/uploads\\\/2024\\\/02\\\/govmiti-tebet.jpg\",\"width\":1280,\"height\":853,\"caption\":\"Foto: Julio Dutra\"},{\"@type\":\"BreadcrumbList\",\"@id\":\"https:\\\/\\\/ocoerente.com.br\\\/se\\\/2024\\\/02\\\/08\\\/governador-fabio-mitidieri-discute-projetos-prioritarios-com-a-ministra-simone-tebet\\\/#breadcrumb\",\"itemListElement\":[{\"@type\":\"ListItem\",\"position\":1,\"name\":\"In\u00edcio\",\"item\":\"https:\\\/\\\/ocoerente.com.br\\\/se\\\/\"},{\"@type\":\"ListItem\",\"position\":2,\"name\":\"Governador F\u00e1bio Mitidieri discute projetos priorit\u00e1rios com a ministra Simone Tebet\"}]},{\"@type\":\"WebSite\",\"@id\":\"https:\\\/\\\/ocoerente.com.br\\\/se\\\/#website\",\"url\":\"https:\\\/\\\/ocoerente.com.br\\\/se\\\/\",\"name\":\"O Coerente\",\"description\":\"\",\"publisher\":{\"@id\":\"https:\\\/\\\/ocoerente.com.br\\\/se\\\/#\\\/schema\\\/person\\\/cc6bfd9fbca465e23543b0c963d8d037\"},\"potentialAction\":[{\"@type\":\"SearchAction\",\"target\":{\"@type\":\"EntryPoint\",\"urlTemplate\":\"https:\\\/\\\/ocoerente.com.br\\\/se\\\/?s={search_term_string}\"},\"query-input\":{\"@type\":\"PropertyValueSpecification\",\"valueRequired\":true,\"valueName\":\"search_term_string\"}}],\"inLanguage\":\"pt-BR\"},{\"@type\":[\"Person\",\"Organization\"],\"@id\":\"https:\\\/\\\/ocoerente.com.br\\\/se\\\/#\\\/schema\\\/person\\\/cc6bfd9fbca465e23543b0c963d8d037\",\"name\":\"Reda\u00e7\u00e3o\",\"image\":{\"@type\":\"ImageObject\",\"inLanguage\":\"pt-BR\",\"@id\":\"https:\\\/\\\/ocoerente.com.br\\\/se\\\/wp-content\\\/uploads\\\/2020\\\/01\\\/ocoerente-1.png\",\"url\":\"https:\\\/\\\/ocoerente.com.br\\\/se\\\/wp-content\\\/uploads\\\/2020\\\/01\\\/ocoerente-1.png\",\"contentUrl\":\"https:\\\/\\\/ocoerente.com.br\\\/se\\\/wp-content\\\/uploads\\\/2020\\\/01\\\/ocoerente-1.png\",\"width\":50,\"height\":50,\"caption\":\"Reda\u00e7\u00e3o\"},\"logo\":{\"@id\":\"https:\\\/\\\/ocoerente.com.br\\\/se\\\/wp-content\\\/uploads\\\/2020\\\/01\\\/ocoerente-1.png\"},\"url\":\"https:\\\/\\\/ocoerente.com.br\\\/se\\\/author\\\/vasticlsales\\\/\"}]}<\/script>\n<!-- \/ Yoast SEO plugin. -->","yoast_head_json":{"title":"Governador F\u00e1bio Mitidieri discute projetos priorit\u00e1rios com a ministra Simone Tebet - O Coerente","robots":{"index":"index","follow":"follow","max-snippet":"max-snippet:-1","max-image-preview":"max-image-preview:large","max-video-preview":"max-video-preview:-1"},"canonical":"https:\/\/ocoerente.com.br\/se\/2024\/02\/08\/governador-fabio-mitidieri-discute-projetos-prioritarios-com-a-ministra-simone-tebet\/","og_locale":"pt_BR","og_type":"article","og_title":"Governador F\u00e1bio Mitidieri discute projetos priorit\u00e1rios com a ministra Simone Tebet - O Coerente","og_description":"Minist\u00e9rio do Planejamento e Or\u00e7amento deve apoiar iniciativas de desenvolvimento do estado O governador de Sergipe, F\u00e1bio Mitidieri, foi recebido pela ministra do Planejamento e Or\u00e7amento, Simone Tebet, para tratar do andamento de projetos priorit\u00e1rios no estado. Realizado na sede do Minist\u00e9rio, em Bras\u00edlia, o encontro tamb\u00e9m teve como pauta a libera\u00e7\u00e3o de recursos para [&hellip;]","og_url":"https:\/\/ocoerente.com.br\/se\/2024\/02\/08\/governador-fabio-mitidieri-discute-projetos-prioritarios-com-a-ministra-simone-tebet\/","og_site_name":"O Coerente","article_published_time":"2024-02-08T03:56:57+00:00","article_modified_time":"2024-02-08T03:56:59+00:00","og_image":[{"width":1280,"height":853,"url":"https:\/\/ocoerente.com.br\/se\/wp-content\/uploads\/2024\/02\/govmiti-tebet.jpg","type":"image\/jpeg"}],"author":"Reda\u00e7\u00e3o","twitter_card":"summary_large_image","twitter_misc":{"Escrito por":"Reda\u00e7\u00e3o","Est. tempo de leitura":"3 minutos"},"schema":{"@context":"https:\/\/schema.org","@graph":[{"@type":"Article","@id":"https:\/\/ocoerente.com.br\/se\/2024\/02\/08\/governador-fabio-mitidieri-discute-projetos-prioritarios-com-a-ministra-simone-tebet\/#article","isPartOf":{"@id":"https:\/\/ocoerente.com.br\/se\/2024\/02\/08\/governador-fabio-mitidieri-discute-projetos-prioritarios-com-a-ministra-simone-tebet\/"},"author":{"name":"Reda\u00e7\u00e3o","@id":"https:\/\/ocoerente.com.br\/se\/#\/schema\/person\/cc6bfd9fbca465e23543b0c963d8d037"},"headline":"Governador F\u00e1bio Mitidieri discute projetos priorit\u00e1rios com a ministra Simone Tebet","datePublished":"2024-02-08T03:56:57+00:00","dateModified":"2024-02-08T03:56:59+00:00","mainEntityOfPage":{"@id":"https:\/\/ocoerente.com.br\/se\/2024\/02\/08\/governador-fabio-mitidieri-discute-projetos-prioritarios-com-a-ministra-simone-tebet\/"},"wordCount":657,"publisher":{"@id":"https:\/\/ocoerente.com.br\/se\/#\/schema\/person\/cc6bfd9fbca465e23543b0c963d8d037"},"image":{"@id":"https:\/\/ocoerente.com.br\/se\/2024\/02\/08\/governador-fabio-mitidieri-discute-projetos-prioritarios-com-a-ministra-simone-tebet\/#primaryimage"},"thumbnailUrl":"https:\/\/ocoerente.com.br\/se\/wp-content\/uploads\/2024\/02\/govmiti-tebet.jpg","articleSection":["Brasil","Destaques"],"inLanguage":"pt-BR"},{"@type":"WebPage","@id":"https:\/\/ocoerente.com.br\/se\/2024\/02\/08\/governador-fabio-mitidieri-discute-projetos-prioritarios-com-a-ministra-simone-tebet\/","url":"https:\/\/ocoerente.com.br\/se\/2024\/02\/08\/governador-fabio-mitidieri-discute-projetos-prioritarios-com-a-ministra-simone-tebet\/","name":"Governador F\u00e1bio Mitidieri discute projetos priorit\u00e1rios com a ministra Simone Tebet - O Coerente","isPartOf":{"@id":"https:\/\/ocoerente.com.br\/se\/#website"},"primaryImageOfPage":{"@id":"https:\/\/ocoerente.com.br\/se\/2024\/02\/08\/governador-fabio-mitidieri-discute-projetos-prioritarios-com-a-ministra-simone-tebet\/#primaryimage"},"image":{"@id":"https:\/\/ocoerente.com.br\/se\/2024\/02\/08\/governador-fabio-mitidieri-discute-projetos-prioritarios-com-a-ministra-simone-tebet\/#primaryimage"},"thumbnailUrl":"https:\/\/ocoerente.com.br\/se\/wp-content\/uploads\/2024\/02\/govmiti-tebet.jpg","datePublished":"2024-02-08T03:56:57+00:00","dateModified":"2024-02-08T03:56:59+00:00","breadcrumb":{"@id":"https:\/\/ocoerente.com.br\/se\/2024\/02\/08\/governador-fabio-mitidieri-discute-projetos-prioritarios-com-a-ministra-simone-tebet\/#breadcrumb"},"inLanguage":"pt-BR","potentialAction":[{"@type":"ReadAction","target":["https:\/\/ocoerente.com.br\/se\/2024\/02\/08\/governador-fabio-mitidieri-discute-projetos-prioritarios-com-a-ministra-simone-tebet\/"]}]},{"@type":"ImageObject","inLanguage":"pt-BR","@id":"https:\/\/ocoerente.com.br\/se\/2024\/02\/08\/governador-fabio-mitidieri-discute-projetos-prioritarios-com-a-ministra-simone-tebet\/#primaryimage","url":"https:\/\/ocoerente.com.br\/se\/wp-content\/uploads\/2024\/02\/govmiti-tebet.jpg","contentUrl":"https:\/\/ocoerente.com.br\/se\/wp-content\/uploads\/2024\/02\/govmiti-tebet.jpg","width":1280,"height":853,"caption":"Foto: Julio Dutra"},{"@type":"BreadcrumbList","@id":"https:\/\/ocoerente.com.br\/se\/2024\/02\/08\/governador-fabio-mitidieri-discute-projetos-prioritarios-com-a-ministra-simone-tebet\/#breadcrumb","itemListElement":[{"@type":"ListItem","position":1,"name":"In\u00edcio","item":"https:\/\/ocoerente.com.br\/se\/"},{"@type":"ListItem","position":2,"name":"Governador F\u00e1bio Mitidieri discute projetos priorit\u00e1rios com a ministra Simone Tebet"}]},{"@type":"WebSite","@id":"https:\/\/ocoerente.com.br\/se\/#website","url":"https:\/\/ocoerente.com.br\/se\/","name":"O Coerente","description":"","publisher":{"@id":"https:\/\/ocoerente.com.br\/se\/#\/schema\/person\/cc6bfd9fbca465e23543b0c963d8d037"},"potentialAction":[{"@type":"SearchAction","target":{"@type":"EntryPoint","urlTemplate":"https:\/\/ocoerente.com.br\/se\/?s={search_term_string}"},"query-input":{"@type":"PropertyValueSpecification","valueRequired":true,"valueName":"search_term_string"}}],"inLanguage":"pt-BR"},{"@type":["Person","Organization"],"@id":"https:\/\/ocoerente.com.br\/se\/#\/schema\/person\/cc6bfd9fbca465e23543b0c963d8d037","name":"Reda\u00e7\u00e3o","image":{"@type":"ImageObject","inLanguage":"pt-BR","@id":"https:\/\/ocoerente.com.br\/se\/wp-content\/uploads\/2020\/01\/ocoerente-1.png","url":"https:\/\/ocoerente.com.br\/se\/wp-content\/uploads\/2020\/01\/ocoerente-1.png","contentUrl":"https:\/\/ocoerente.com.br\/se\/wp-content\/uploads\/2020\/01\/ocoerente-1.png","width":50,"height":50,"caption":"Reda\u00e7\u00e3o"},"logo":{"@id":"https:\/\/ocoerente.com.br\/se\/wp-content\/uploads\/2020\/01\/ocoerente-1.png"},"url":"https:\/\/ocoerente.com.br\/se\/author\/vasticlsales\/"}]}},"_links":{"self":[{"href":"https:\/\/ocoerente.com.br\/se\/wp-json\/wp\/v2\/posts\/8228","targetHints":{"allow":["GET"]}}],"collection":[{"href":"https:\/\/ocoerente.com.br\/se\/wp-json\/wp\/v2\/posts"}],"about":[{"href":"https:\/\/ocoerente.com.br\/se\/wp-json\/wp\/v2\/types\/post"}],"author":[{"embeddable":true,"href":"https:\/\/ocoerente.com.br\/se\/wp-json\/wp\/v2\/users\/1"}],"replies":[{"embeddable":true,"href":"https:\/\/ocoerente.com.br\/se\/wp-json\/wp\/v2\/comments?post=8228"}],"version-history":[{"count":1,"href":"https:\/\/ocoerente.com.br\/se\/wp-json\/wp\/v2\/posts\/8228\/revisions"}],"predecessor-version":[{"id":8230,"href":"https:\/\/ocoerente.com.br\/se\/wp-json\/wp\/v2\/posts\/8228\/revisions\/8230"}],"wp:featuredmedia":[{"embeddable":true,"href":"https:\/\/ocoerente.com.br\/se\/wp-json\/wp\/v2\/media\/8229"}],"wp:attachment":[{"href":"https:\/\/ocoerente.com.br\/se\/wp-json\/wp\/v2\/media?parent=8228"}],"wp:term":[{"taxonomy":"category","embeddable":true,"href":"https:\/\/ocoerente.com.br\/se\/wp-json\/wp\/v2\/categories?post=8228"},{"taxonomy":"post_tag","embeddable":true,"href":"https:\/\/ocoerente.com.br\/se\/wp-json\/wp\/v2\/tags?post=8228"}],"curies":[{"name":"wp","href":"https:\/\/api.w.org\/{rel}","templated":true}]}}