{"id":822,"date":"2020-04-16T22:47:18","date_gmt":"2020-04-17T01:47:18","guid":{"rendered":"http:\/\/ocoerente.com.br\/se\/?p=822"},"modified":"2020-04-16T22:47:18","modified_gmt":"2020-04-17T01:47:18","slug":"jason-neto-faz-indicacoes-para-reduzir-os-danos-na-pandemia","status":"publish","type":"post","link":"https:\/\/ocoerente.com.br\/se\/2020\/04\/16\/jason-neto-faz-indicacoes-para-reduzir-os-danos-na-pandemia\/","title":{"rendered":"Jason Neto faz indica\u00e7\u00f5es para reduzir os danos na pandemia"},"content":{"rendered":"<p>Mesmo com sess\u00f5es suspensas, o vereador Jason Neto (PDT) continua exercendo as atividades e cumprindo compromisso com a popula\u00e7\u00e3o. Desde que iniciou o isolamento social, o parlamentar fez algumas indica\u00e7\u00f5es focadas na melhoria de vida das pessoas durante esse per\u00edodo de pandemia, a exemplo da cobran\u00e7a do IPTU e pedido de aux\u00edlio para os trabalhadores informais.<\/p>\n<p>\u201cDurante esse per\u00edodo, temos que pensar principalmente nas pessoas que est\u00e3o com grandes dificuldades. Fiz uma indica\u00e7\u00e3o em que os aracajuanos n\u00e3o devem ter o IPTU cobrado durante o per\u00edodo, e a prefeitura volta com as parcelas somente no m\u00eas de Julho. O valor que seria para pagar o IPTU servir\u00e1 para suprir outras necessidades de casa, a exemplo de compra de alimentos e outras necessidades essenciais\u201d, disse Jason Neto.<\/p>\n<p>Al\u00e9m dessa, o vereador se preocupou com as pessoas que trabalham de forma aut\u00f4noma. \u201cFiz indica\u00e7\u00f5es de Aux\u00edlio aos trabalhadores informais, como por exemplo: taxistas, carroceiros, motoboys e outros trabalhadores, que passariam a receber uma ajuda para que esse fase n\u00e3o seja t\u00e3o sofrida e possam comprar os alimentos de cada dia\u201d, explicou o vereador.<\/p>\n<p>Sa\u00fade<\/p>\n<p>Em rela\u00e7\u00e3o \u00e0 \u00e1rea da sa\u00fade, o vereador pede aten\u00e7\u00e3o aos profissionais que trabalham nas unidades de sa\u00fade. \u201cPedi ao prefeito que seja estendido o hor\u00e1rio de funcionamento das unidades, que eles abram 6h da manh\u00e3 e fechem as 20h. Alguns j\u00e1 est\u00e3o funcionando dessa forma, mas espero que todos outros sigam essa escala de hor\u00e1rios, inclusive aos s\u00e1bados e domingos. A valoriza\u00e7\u00e3o dos profissionais de sa\u00fade tamb\u00e9m \u00e9 muito importante nesse per\u00edodo, que est\u00e3o na linha de frente, devem ter pagamento de horas extras\u201d, disse Jason Neto.<\/p>\n","protected":false},"excerpt":{"rendered":"<p>Mesmo com sess\u00f5es suspensas, o vereador Jason Neto (PDT) continua exercendo as atividades e cumprindo compromisso com a popula\u00e7\u00e3o. Desde que iniciou o isolamento social, o parlamentar fez algumas indica\u00e7\u00f5es focadas na melhoria de vida das pessoas durante esse per\u00edodo de pandemia, a exemplo da cobran\u00e7a do IPTU e pedido de aux\u00edlio para os trabalhadores [&hellip;]<\/p>\n","protected":false},"author":1,"featured_media":823,"comment_status":"closed","ping_status":"closed","sticky":false,"template":"","format":"standard","meta":{"footnotes":""},"categories":[53,44],"tags":[],"class_list":["post-822","post","type-post","status-publish","format-standard","has-post-thumbnail","hentry","category-destaques","category-politica"],"yoast_head":"<!-- This site is optimized with the Yoast SEO plugin v27.4 - https:\/\/yoast.com\/product\/yoast-seo-wordpress\/ -->\n<title>Jason Neto faz indica\u00e7\u00f5es para reduzir os danos na pandemia - O Coerente<\/title>\n<meta name=\"robots\" content=\"index, follow, max-snippet:-1, max-image-preview:large, max-video-preview:-1\" \/>\n<link rel=\"canonical\" href=\"https:\/\/ocoerente.com.br\/se\/2020\/04\/16\/jason-neto-faz-indicacoes-para-reduzir-os-danos-na-pandemia\/\" \/>\n<meta property=\"og:locale\" content=\"pt_BR\" \/>\n<meta property=\"og:type\" content=\"article\" \/>\n<meta property=\"og:title\" content=\"Jason Neto faz indica\u00e7\u00f5es para reduzir os danos na pandemia - O Coerente\" \/>\n<meta property=\"og:description\" content=\"Mesmo com sess\u00f5es suspensas, o vereador Jason Neto (PDT) continua exercendo as atividades e cumprindo compromisso com a popula\u00e7\u00e3o. Desde que iniciou o isolamento social, o parlamentar fez algumas indica\u00e7\u00f5es focadas na melhoria de vida das pessoas durante esse per\u00edodo de pandemia, a exemplo da cobran\u00e7a do IPTU e pedido de aux\u00edlio para os trabalhadores [&hellip;]\" \/>\n<meta property=\"og:url\" content=\"https:\/\/ocoerente.com.br\/se\/2020\/04\/16\/jason-neto-faz-indicacoes-para-reduzir-os-danos-na-pandemia\/\" \/>\n<meta property=\"og:site_name\" content=\"O Coerente\" \/>\n<meta property=\"article:published_time\" content=\"2020-04-17T01:47:18+00:00\" \/>\n<meta property=\"og:image\" content=\"https:\/\/ocoerente.com.br\/se\/wp-content\/uploads\/2020\/04\/neto.jpg\" \/>\n\t<meta property=\"og:image:width\" content=\"512\" \/>\n\t<meta property=\"og:image:height\" content=\"341\" \/>\n\t<meta property=\"og:image:type\" content=\"image\/jpeg\" \/>\n<meta name=\"author\" content=\"Reda\u00e7\u00e3o\" \/>\n<meta name=\"twitter:card\" content=\"summary_large_image\" \/>\n<meta name=\"twitter:label1\" content=\"Escrito por\" \/>\n\t<meta name=\"twitter:data1\" content=\"Reda\u00e7\u00e3o\" \/>\n\t<meta name=\"twitter:label2\" content=\"Est. tempo de leitura\" \/>\n\t<meta name=\"twitter:data2\" content=\"2 minutos\" \/>\n<script type=\"application\/ld+json\" class=\"yoast-schema-graph\">{\"@context\":\"https:\\\/\\\/schema.org\",\"@graph\":[{\"@type\":\"Article\",\"@id\":\"https:\\\/\\\/ocoerente.com.br\\\/se\\\/2020\\\/04\\\/16\\\/jason-neto-faz-indicacoes-para-reduzir-os-danos-na-pandemia\\\/#article\",\"isPartOf\":{\"@id\":\"https:\\\/\\\/ocoerente.com.br\\\/se\\\/2020\\\/04\\\/16\\\/jason-neto-faz-indicacoes-para-reduzir-os-danos-na-pandemia\\\/\"},\"author\":{\"name\":\"Reda\u00e7\u00e3o\",\"@id\":\"https:\\\/\\\/ocoerente.com.br\\\/se\\\/#\\\/schema\\\/person\\\/cc6bfd9fbca465e23543b0c963d8d037\"},\"headline\":\"Jason Neto faz indica\u00e7\u00f5es para reduzir os danos na pandemia\",\"datePublished\":\"2020-04-17T01:47:18+00:00\",\"mainEntityOfPage\":{\"@id\":\"https:\\\/\\\/ocoerente.com.br\\\/se\\\/2020\\\/04\\\/16\\\/jason-neto-faz-indicacoes-para-reduzir-os-danos-na-pandemia\\\/\"},\"wordCount\":311,\"publisher\":{\"@id\":\"https:\\\/\\\/ocoerente.com.br\\\/se\\\/#\\\/schema\\\/person\\\/cc6bfd9fbca465e23543b0c963d8d037\"},\"image\":{\"@id\":\"https:\\\/\\\/ocoerente.com.br\\\/se\\\/2020\\\/04\\\/16\\\/jason-neto-faz-indicacoes-para-reduzir-os-danos-na-pandemia\\\/#primaryimage\"},\"thumbnailUrl\":\"https:\\\/\\\/ocoerente.com.br\\\/se\\\/wp-content\\\/uploads\\\/2020\\\/04\\\/neto.jpg\",\"articleSection\":[\"Destaques\",\"Pol\u00edtica\"],\"inLanguage\":\"pt-BR\"},{\"@type\":\"WebPage\",\"@id\":\"https:\\\/\\\/ocoerente.com.br\\\/se\\\/2020\\\/04\\\/16\\\/jason-neto-faz-indicacoes-para-reduzir-os-danos-na-pandemia\\\/\",\"url\":\"https:\\\/\\\/ocoerente.com.br\\\/se\\\/2020\\\/04\\\/16\\\/jason-neto-faz-indicacoes-para-reduzir-os-danos-na-pandemia\\\/\",\"name\":\"Jason Neto faz indica\u00e7\u00f5es para reduzir os danos na pandemia - O Coerente\",\"isPartOf\":{\"@id\":\"https:\\\/\\\/ocoerente.com.br\\\/se\\\/#website\"},\"primaryImageOfPage\":{\"@id\":\"https:\\\/\\\/ocoerente.com.br\\\/se\\\/2020\\\/04\\\/16\\\/jason-neto-faz-indicacoes-para-reduzir-os-danos-na-pandemia\\\/#primaryimage\"},\"image\":{\"@id\":\"https:\\\/\\\/ocoerente.com.br\\\/se\\\/2020\\\/04\\\/16\\\/jason-neto-faz-indicacoes-para-reduzir-os-danos-na-pandemia\\\/#primaryimage\"},\"thumbnailUrl\":\"https:\\\/\\\/ocoerente.com.br\\\/se\\\/wp-content\\\/uploads\\\/2020\\\/04\\\/neto.jpg\",\"datePublished\":\"2020-04-17T01:47:18+00:00\",\"breadcrumb\":{\"@id\":\"https:\\\/\\\/ocoerente.com.br\\\/se\\\/2020\\\/04\\\/16\\\/jason-neto-faz-indicacoes-para-reduzir-os-danos-na-pandemia\\\/#breadcrumb\"},\"inLanguage\":\"pt-BR\",\"potentialAction\":[{\"@type\":\"ReadAction\",\"target\":[\"https:\\\/\\\/ocoerente.com.br\\\/se\\\/2020\\\/04\\\/16\\\/jason-neto-faz-indicacoes-para-reduzir-os-danos-na-pandemia\\\/\"]}]},{\"@type\":\"ImageObject\",\"inLanguage\":\"pt-BR\",\"@id\":\"https:\\\/\\\/ocoerente.com.br\\\/se\\\/2020\\\/04\\\/16\\\/jason-neto-faz-indicacoes-para-reduzir-os-danos-na-pandemia\\\/#primaryimage\",\"url\":\"https:\\\/\\\/ocoerente.com.br\\\/se\\\/wp-content\\\/uploads\\\/2020\\\/04\\\/neto.jpg\",\"contentUrl\":\"https:\\\/\\\/ocoerente.com.br\\\/se\\\/wp-content\\\/uploads\\\/2020\\\/04\\\/neto.jpg\",\"width\":512,\"height\":341},{\"@type\":\"BreadcrumbList\",\"@id\":\"https:\\\/\\\/ocoerente.com.br\\\/se\\\/2020\\\/04\\\/16\\\/jason-neto-faz-indicacoes-para-reduzir-os-danos-na-pandemia\\\/#breadcrumb\",\"itemListElement\":[{\"@type\":\"ListItem\",\"position\":1,\"name\":\"In\u00edcio\",\"item\":\"https:\\\/\\\/ocoerente.com.br\\\/se\\\/\"},{\"@type\":\"ListItem\",\"position\":2,\"name\":\"Jason Neto faz indica\u00e7\u00f5es para reduzir os danos na pandemia\"}]},{\"@type\":\"WebSite\",\"@id\":\"https:\\\/\\\/ocoerente.com.br\\\/se\\\/#website\",\"url\":\"https:\\\/\\\/ocoerente.com.br\\\/se\\\/\",\"name\":\"O Coerente\",\"description\":\"\",\"publisher\":{\"@id\":\"https:\\\/\\\/ocoerente.com.br\\\/se\\\/#\\\/schema\\\/person\\\/cc6bfd9fbca465e23543b0c963d8d037\"},\"potentialAction\":[{\"@type\":\"SearchAction\",\"target\":{\"@type\":\"EntryPoint\",\"urlTemplate\":\"https:\\\/\\\/ocoerente.com.br\\\/se\\\/?s={search_term_string}\"},\"query-input\":{\"@type\":\"PropertyValueSpecification\",\"valueRequired\":true,\"valueName\":\"search_term_string\"}}],\"inLanguage\":\"pt-BR\"},{\"@type\":[\"Person\",\"Organization\"],\"@id\":\"https:\\\/\\\/ocoerente.com.br\\\/se\\\/#\\\/schema\\\/person\\\/cc6bfd9fbca465e23543b0c963d8d037\",\"name\":\"Reda\u00e7\u00e3o\",\"image\":{\"@type\":\"ImageObject\",\"inLanguage\":\"pt-BR\",\"@id\":\"https:\\\/\\\/ocoerente.com.br\\\/se\\\/wp-content\\\/uploads\\\/2020\\\/01\\\/ocoerente-1.png\",\"url\":\"https:\\\/\\\/ocoerente.com.br\\\/se\\\/wp-content\\\/uploads\\\/2020\\\/01\\\/ocoerente-1.png\",\"contentUrl\":\"https:\\\/\\\/ocoerente.com.br\\\/se\\\/wp-content\\\/uploads\\\/2020\\\/01\\\/ocoerente-1.png\",\"width\":50,\"height\":50,\"caption\":\"Reda\u00e7\u00e3o\"},\"logo\":{\"@id\":\"https:\\\/\\\/ocoerente.com.br\\\/se\\\/wp-content\\\/uploads\\\/2020\\\/01\\\/ocoerente-1.png\"},\"url\":\"https:\\\/\\\/ocoerente.com.br\\\/se\\\/author\\\/vasticlsales\\\/\"}]}<\/script>\n<!-- \/ Yoast SEO plugin. -->","yoast_head_json":{"title":"Jason Neto faz indica\u00e7\u00f5es para reduzir os danos na pandemia - O Coerente","robots":{"index":"index","follow":"follow","max-snippet":"max-snippet:-1","max-image-preview":"max-image-preview:large","max-video-preview":"max-video-preview:-1"},"canonical":"https:\/\/ocoerente.com.br\/se\/2020\/04\/16\/jason-neto-faz-indicacoes-para-reduzir-os-danos-na-pandemia\/","og_locale":"pt_BR","og_type":"article","og_title":"Jason Neto faz indica\u00e7\u00f5es para reduzir os danos na pandemia - O Coerente","og_description":"Mesmo com sess\u00f5es suspensas, o vereador Jason Neto (PDT) continua exercendo as atividades e cumprindo compromisso com a popula\u00e7\u00e3o. Desde que iniciou o isolamento social, o parlamentar fez algumas indica\u00e7\u00f5es focadas na melhoria de vida das pessoas durante esse per\u00edodo de pandemia, a exemplo da cobran\u00e7a do IPTU e pedido de aux\u00edlio para os trabalhadores [&hellip;]","og_url":"https:\/\/ocoerente.com.br\/se\/2020\/04\/16\/jason-neto-faz-indicacoes-para-reduzir-os-danos-na-pandemia\/","og_site_name":"O Coerente","article_published_time":"2020-04-17T01:47:18+00:00","og_image":[{"width":512,"height":341,"url":"https:\/\/ocoerente.com.br\/se\/wp-content\/uploads\/2020\/04\/neto.jpg","type":"image\/jpeg"}],"author":"Reda\u00e7\u00e3o","twitter_card":"summary_large_image","twitter_misc":{"Escrito por":"Reda\u00e7\u00e3o","Est. tempo de leitura":"2 minutos"},"schema":{"@context":"https:\/\/schema.org","@graph":[{"@type":"Article","@id":"https:\/\/ocoerente.com.br\/se\/2020\/04\/16\/jason-neto-faz-indicacoes-para-reduzir-os-danos-na-pandemia\/#article","isPartOf":{"@id":"https:\/\/ocoerente.com.br\/se\/2020\/04\/16\/jason-neto-faz-indicacoes-para-reduzir-os-danos-na-pandemia\/"},"author":{"name":"Reda\u00e7\u00e3o","@id":"https:\/\/ocoerente.com.br\/se\/#\/schema\/person\/cc6bfd9fbca465e23543b0c963d8d037"},"headline":"Jason Neto faz indica\u00e7\u00f5es para reduzir os danos na pandemia","datePublished":"2020-04-17T01:47:18+00:00","mainEntityOfPage":{"@id":"https:\/\/ocoerente.com.br\/se\/2020\/04\/16\/jason-neto-faz-indicacoes-para-reduzir-os-danos-na-pandemia\/"},"wordCount":311,"publisher":{"@id":"https:\/\/ocoerente.com.br\/se\/#\/schema\/person\/cc6bfd9fbca465e23543b0c963d8d037"},"image":{"@id":"https:\/\/ocoerente.com.br\/se\/2020\/04\/16\/jason-neto-faz-indicacoes-para-reduzir-os-danos-na-pandemia\/#primaryimage"},"thumbnailUrl":"https:\/\/ocoerente.com.br\/se\/wp-content\/uploads\/2020\/04\/neto.jpg","articleSection":["Destaques","Pol\u00edtica"],"inLanguage":"pt-BR"},{"@type":"WebPage","@id":"https:\/\/ocoerente.com.br\/se\/2020\/04\/16\/jason-neto-faz-indicacoes-para-reduzir-os-danos-na-pandemia\/","url":"https:\/\/ocoerente.com.br\/se\/2020\/04\/16\/jason-neto-faz-indicacoes-para-reduzir-os-danos-na-pandemia\/","name":"Jason Neto faz indica\u00e7\u00f5es para reduzir os danos na pandemia - O Coerente","isPartOf":{"@id":"https:\/\/ocoerente.com.br\/se\/#website"},"primaryImageOfPage":{"@id":"https:\/\/ocoerente.com.br\/se\/2020\/04\/16\/jason-neto-faz-indicacoes-para-reduzir-os-danos-na-pandemia\/#primaryimage"},"image":{"@id":"https:\/\/ocoerente.com.br\/se\/2020\/04\/16\/jason-neto-faz-indicacoes-para-reduzir-os-danos-na-pandemia\/#primaryimage"},"thumbnailUrl":"https:\/\/ocoerente.com.br\/se\/wp-content\/uploads\/2020\/04\/neto.jpg","datePublished":"2020-04-17T01:47:18+00:00","breadcrumb":{"@id":"https:\/\/ocoerente.com.br\/se\/2020\/04\/16\/jason-neto-faz-indicacoes-para-reduzir-os-danos-na-pandemia\/#breadcrumb"},"inLanguage":"pt-BR","potentialAction":[{"@type":"ReadAction","target":["https:\/\/ocoerente.com.br\/se\/2020\/04\/16\/jason-neto-faz-indicacoes-para-reduzir-os-danos-na-pandemia\/"]}]},{"@type":"ImageObject","inLanguage":"pt-BR","@id":"https:\/\/ocoerente.com.br\/se\/2020\/04\/16\/jason-neto-faz-indicacoes-para-reduzir-os-danos-na-pandemia\/#primaryimage","url":"https:\/\/ocoerente.com.br\/se\/wp-content\/uploads\/2020\/04\/neto.jpg","contentUrl":"https:\/\/ocoerente.com.br\/se\/wp-content\/uploads\/2020\/04\/neto.jpg","width":512,"height":341},{"@type":"BreadcrumbList","@id":"https:\/\/ocoerente.com.br\/se\/2020\/04\/16\/jason-neto-faz-indicacoes-para-reduzir-os-danos-na-pandemia\/#breadcrumb","itemListElement":[{"@type":"ListItem","position":1,"name":"In\u00edcio","item":"https:\/\/ocoerente.com.br\/se\/"},{"@type":"ListItem","position":2,"name":"Jason Neto faz indica\u00e7\u00f5es para reduzir os danos na pandemia"}]},{"@type":"WebSite","@id":"https:\/\/ocoerente.com.br\/se\/#website","url":"https:\/\/ocoerente.com.br\/se\/","name":"O Coerente","description":"","publisher":{"@id":"https:\/\/ocoerente.com.br\/se\/#\/schema\/person\/cc6bfd9fbca465e23543b0c963d8d037"},"potentialAction":[{"@type":"SearchAction","target":{"@type":"EntryPoint","urlTemplate":"https:\/\/ocoerente.com.br\/se\/?s={search_term_string}"},"query-input":{"@type":"PropertyValueSpecification","valueRequired":true,"valueName":"search_term_string"}}],"inLanguage":"pt-BR"},{"@type":["Person","Organization"],"@id":"https:\/\/ocoerente.com.br\/se\/#\/schema\/person\/cc6bfd9fbca465e23543b0c963d8d037","name":"Reda\u00e7\u00e3o","image":{"@type":"ImageObject","inLanguage":"pt-BR","@id":"https:\/\/ocoerente.com.br\/se\/wp-content\/uploads\/2020\/01\/ocoerente-1.png","url":"https:\/\/ocoerente.com.br\/se\/wp-content\/uploads\/2020\/01\/ocoerente-1.png","contentUrl":"https:\/\/ocoerente.com.br\/se\/wp-content\/uploads\/2020\/01\/ocoerente-1.png","width":50,"height":50,"caption":"Reda\u00e7\u00e3o"},"logo":{"@id":"https:\/\/ocoerente.com.br\/se\/wp-content\/uploads\/2020\/01\/ocoerente-1.png"},"url":"https:\/\/ocoerente.com.br\/se\/author\/vasticlsales\/"}]}},"_links":{"self":[{"href":"https:\/\/ocoerente.com.br\/se\/wp-json\/wp\/v2\/posts\/822","targetHints":{"allow":["GET"]}}],"collection":[{"href":"https:\/\/ocoerente.com.br\/se\/wp-json\/wp\/v2\/posts"}],"about":[{"href":"https:\/\/ocoerente.com.br\/se\/wp-json\/wp\/v2\/types\/post"}],"author":[{"embeddable":true,"href":"https:\/\/ocoerente.com.br\/se\/wp-json\/wp\/v2\/users\/1"}],"replies":[{"embeddable":true,"href":"https:\/\/ocoerente.com.br\/se\/wp-json\/wp\/v2\/comments?post=822"}],"version-history":[{"count":1,"href":"https:\/\/ocoerente.com.br\/se\/wp-json\/wp\/v2\/posts\/822\/revisions"}],"predecessor-version":[{"id":824,"href":"https:\/\/ocoerente.com.br\/se\/wp-json\/wp\/v2\/posts\/822\/revisions\/824"}],"wp:featuredmedia":[{"embeddable":true,"href":"https:\/\/ocoerente.com.br\/se\/wp-json\/wp\/v2\/media\/823"}],"wp:attachment":[{"href":"https:\/\/ocoerente.com.br\/se\/wp-json\/wp\/v2\/media?parent=822"}],"wp:term":[{"taxonomy":"category","embeddable":true,"href":"https:\/\/ocoerente.com.br\/se\/wp-json\/wp\/v2\/categories?post=822"},{"taxonomy":"post_tag","embeddable":true,"href":"https:\/\/ocoerente.com.br\/se\/wp-json\/wp\/v2\/tags?post=822"}],"curies":[{"name":"wp","href":"https:\/\/api.w.org\/{rel}","templated":true}]}}