{"id":8216,"date":"2024-02-08T00:48:14","date_gmt":"2024-02-08T03:48:14","guid":{"rendered":"https:\/\/ocoerente.com.br\/se\/?p=8216"},"modified":"2024-02-08T00:48:16","modified_gmt":"2024-02-08T03:48:16","slug":"o-unico-ser-que-pode-reproduzir-uma-crianca-e-uma-mulher-que-tem-utero-e-ovario-diz-eduardo-lima","status":"publish","type":"post","link":"https:\/\/ocoerente.com.br\/se\/2024\/02\/08\/o-unico-ser-que-pode-reproduzir-uma-crianca-e-uma-mulher-que-tem-utero-e-ovario-diz-eduardo-lima\/","title":{"rendered":"\u201cO \u00fanico ser que pode reproduzir uma crian\u00e7a \u00e9 uma mulher que tem \u00fatero e ov\u00e1rio\u201d, diz Eduardo Lima"},"content":{"rendered":"\n<p>Vereador discorda de campanhas do Governo Federal por excluir o sexo feminino em campanhas publicit\u00e1rias<\/p>\n\n\n\n<p>O vereador Eduardo Lima (Republicanos) usou o Grande Expediente, na manh\u00e3 desta quarta-feira, dia 07, para discordar de campanhas publicit\u00e1rias do Governo Federal, por exclu\u00edrem o sexo feminino ao ser referir ao ato de dar \u00e0 luz.<\/p>\n\n\n\n<p><strong>\u201cO \u00fanico ser que pode reproduzir uma crian\u00e7a \u00e9 uma mulher que tem \u00fatero e ov\u00e1rio\u201d, diz Eduardo Lima<\/strong><\/p>\n\n\n\n<p>Ao Inv\u00e9s de usar o nome mulher; os Minist\u00e9rios da Sa\u00fade e do Desenvolvimento e Assist\u00eancia Social usaram os termos \u201ccorpo que pariu\u201d e \u201cpessoa que pariu\u201d; e n\u00e3o fizeram qualquer men\u00e7\u00e3o ao seu sexo feminino, em campanhas publicit\u00e1rias sobre dignidade menstrual e distribui\u00e7\u00e3o de absorvente gratuitos.<\/p>\n\n\n\n<p>Em ambos os casos, a publicidade se preocupou em incluir aqueles que se consideram homens transexuais e pessoas n\u00e3o-bin\u00e1rias, entretanto, exclu\u00edram de vez o sexo feminino, em campanhas p\u00fablicas que se tratam de quest\u00f5es relacionadas \u00e0 mulher.<\/p>\n\n\n\n<p>\u201cTemos que respeitar a mulher que d\u00e1 \u00e0 luz, a mulher que vai \u00e0 maternidade para dar a vida. A ci\u00eancia, o mundo e os seres humanos sabem que o \u00fanico ser que pode reproduzir uma crian\u00e7a \u00e9 uma mulher que tem \u00fatero e ov\u00e1rio. Essas coloca\u00e7\u00f5es do Minist\u00e9rio da Sa\u00fade s\u00e3o totalmente equivocadas\u201d, afirmou o vereador.<\/p>\n\n\n\n<p>O caso teve repercuss\u00e3o nacional ap\u00f3s o site \u201cO Antagonista\u201d noticiar as notas de rep\u00fadio da MATRIA, associa\u00e7\u00e3o que representa mulheres, m\u00e3es e trabalhadoras.<\/p>\n\n\n\n<p>\u201cO objetivo do apagamento das palavras referentes ao sexo feminino \u00e9 atender a desejos de uma parcela do sexo masculino que quer reivindicar para si a nomenclatura &#8220;mulher&#8221;: apenas ao dissociar tal palavra de tudo que \u00e9 exclusivo ao sexo feminino, como menstruar, gestar, parir ou amamentar, \u00e9 que essa manobra lingu\u00edstica se torna poss\u00edvel. Atrav\u00e9s da mudan\u00e7a da linguagem (vide o mantra constante de &#8220;mulher trans \u00e9 mulher&#8221;), o transativismo espera tamb\u00e9m alterar a percep\u00e7\u00e3o da popula\u00e7\u00e3o brasileira sobre algo inalter\u00e1vel: o sexo e o fato de sermos uma esp\u00e9cie dim\u00f3rfica, como a maioria das demais esp\u00e9cies mam\u00edferas\u201d, diz trecho da nota de rep\u00fadio da MATRIA.<\/p>\n\n\n\n<p>Durante o discurso, o vereador Pastor Diego (PP) pediu um aparte, para afirmar que a sociedade n\u00e3o pode deixar de reconhecer o valor de uma m\u00e3e por uma quest\u00e3o de inclus\u00e3o de igualdade de g\u00eanero.<\/p>\n\n\n\n<p>\u201cN\u00f3s vivemos em uma sociedade em que a palavra m\u00e3e se tornou uma palavra \u00e0s margens. Os \u00f3rg\u00e3os oficiais n\u00e3o usam mais a palavra m\u00e3e porque se tornou uma palavra preconceituosa, uma palavra que atinge o p\u00fablico A ou B, e eu discordo veemente disso. Entendo que haja respeito e inclus\u00e3o, mas que nos valores fundamentais de uma sociedade a m\u00e3e tem que ser respeitada\u201d, destacou o vereador.<\/p>\n\n\n\n<p>Por leonardo teles<br>Foto: gilton rosas<\/p>\n","protected":false},"excerpt":{"rendered":"<p>Vereador discorda de campanhas do Governo Federal por excluir o sexo feminino em campanhas publicit\u00e1rias O vereador Eduardo Lima (Republicanos) usou o Grande Expediente, na manh\u00e3 desta quarta-feira, dia 07, para discordar de campanhas publicit\u00e1rias do Governo Federal, por exclu\u00edrem o sexo feminino ao ser referir ao ato de dar \u00e0 luz. \u201cO \u00fanico ser [&hellip;]<\/p>\n","protected":false},"author":1,"featured_media":8217,"comment_status":"closed","ping_status":"closed","sticky":false,"template":"","format":"standard","meta":{"footnotes":""},"categories":[48,53],"tags":[],"class_list":["post-8216","post","type-post","status-publish","format-standard","has-post-thumbnail","hentry","category-brasil","category-destaques"],"yoast_head":"<!-- This site is optimized with the Yoast SEO plugin v27.4 - https:\/\/yoast.com\/product\/yoast-seo-wordpress\/ -->\n<title>\u201cO \u00fanico ser que pode reproduzir uma crian\u00e7a \u00e9 uma mulher que tem \u00fatero e ov\u00e1rio\u201d, diz Eduardo Lima - O Coerente<\/title>\n<meta name=\"robots\" content=\"index, follow, max-snippet:-1, max-image-preview:large, max-video-preview:-1\" \/>\n<link rel=\"canonical\" href=\"https:\/\/ocoerente.com.br\/se\/2024\/02\/08\/o-unico-ser-que-pode-reproduzir-uma-crianca-e-uma-mulher-que-tem-utero-e-ovario-diz-eduardo-lima\/\" \/>\n<meta property=\"og:locale\" content=\"pt_BR\" \/>\n<meta property=\"og:type\" content=\"article\" \/>\n<meta property=\"og:title\" content=\"\u201cO \u00fanico ser que pode reproduzir uma crian\u00e7a \u00e9 uma mulher que tem \u00fatero e ov\u00e1rio\u201d, diz Eduardo Lima - O Coerente\" \/>\n<meta property=\"og:description\" content=\"Vereador discorda de campanhas do Governo Federal por excluir o sexo feminino em campanhas publicit\u00e1rias O vereador Eduardo Lima (Republicanos) usou o Grande Expediente, na manh\u00e3 desta quarta-feira, dia 07, para discordar de campanhas publicit\u00e1rias do Governo Federal, por exclu\u00edrem o sexo feminino ao ser referir ao ato de dar \u00e0 luz. \u201cO \u00fanico ser [&hellip;]\" \/>\n<meta property=\"og:url\" content=\"https:\/\/ocoerente.com.br\/se\/2024\/02\/08\/o-unico-ser-que-pode-reproduzir-uma-crianca-e-uma-mulher-que-tem-utero-e-ovario-diz-eduardo-lima\/\" \/>\n<meta property=\"og:site_name\" content=\"O Coerente\" \/>\n<meta property=\"article:published_time\" content=\"2024-02-08T03:48:14+00:00\" \/>\n<meta property=\"article:modified_time\" content=\"2024-02-08T03:48:16+00:00\" \/>\n<meta property=\"og:image\" content=\"https:\/\/ocoerente.com.br\/se\/wp-content\/uploads\/2024\/02\/eduardolimaa.jpg\" \/>\n\t<meta property=\"og:image:width\" content=\"1600\" \/>\n\t<meta property=\"og:image:height\" content=\"1066\" \/>\n\t<meta property=\"og:image:type\" content=\"image\/jpeg\" \/>\n<meta name=\"author\" content=\"Reda\u00e7\u00e3o\" \/>\n<meta name=\"twitter:card\" content=\"summary_large_image\" \/>\n<meta name=\"twitter:label1\" content=\"Escrito por\" \/>\n\t<meta name=\"twitter:data1\" content=\"Reda\u00e7\u00e3o\" \/>\n\t<meta name=\"twitter:label2\" content=\"Est. tempo de leitura\" \/>\n\t<meta name=\"twitter:data2\" content=\"2 minutos\" \/>\n<script type=\"application\/ld+json\" class=\"yoast-schema-graph\">{\"@context\":\"https:\\\/\\\/schema.org\",\"@graph\":[{\"@type\":\"Article\",\"@id\":\"https:\\\/\\\/ocoerente.com.br\\\/se\\\/2024\\\/02\\\/08\\\/o-unico-ser-que-pode-reproduzir-uma-crianca-e-uma-mulher-que-tem-utero-e-ovario-diz-eduardo-lima\\\/#article\",\"isPartOf\":{\"@id\":\"https:\\\/\\\/ocoerente.com.br\\\/se\\\/2024\\\/02\\\/08\\\/o-unico-ser-que-pode-reproduzir-uma-crianca-e-uma-mulher-que-tem-utero-e-ovario-diz-eduardo-lima\\\/\"},\"author\":{\"name\":\"Reda\u00e7\u00e3o\",\"@id\":\"https:\\\/\\\/ocoerente.com.br\\\/se\\\/#\\\/schema\\\/person\\\/cc6bfd9fbca465e23543b0c963d8d037\"},\"headline\":\"\u201cO \u00fanico ser que pode reproduzir uma crian\u00e7a \u00e9 uma mulher que tem \u00fatero e ov\u00e1rio\u201d, diz Eduardo Lima\",\"datePublished\":\"2024-02-08T03:48:14+00:00\",\"dateModified\":\"2024-02-08T03:48:16+00:00\",\"mainEntityOfPage\":{\"@id\":\"https:\\\/\\\/ocoerente.com.br\\\/se\\\/2024\\\/02\\\/08\\\/o-unico-ser-que-pode-reproduzir-uma-crianca-e-uma-mulher-que-tem-utero-e-ovario-diz-eduardo-lima\\\/\"},\"wordCount\":516,\"publisher\":{\"@id\":\"https:\\\/\\\/ocoerente.com.br\\\/se\\\/#\\\/schema\\\/person\\\/cc6bfd9fbca465e23543b0c963d8d037\"},\"image\":{\"@id\":\"https:\\\/\\\/ocoerente.com.br\\\/se\\\/2024\\\/02\\\/08\\\/o-unico-ser-que-pode-reproduzir-uma-crianca-e-uma-mulher-que-tem-utero-e-ovario-diz-eduardo-lima\\\/#primaryimage\"},\"thumbnailUrl\":\"https:\\\/\\\/ocoerente.com.br\\\/se\\\/wp-content\\\/uploads\\\/2024\\\/02\\\/eduardolimaa.jpg\",\"articleSection\":[\"Brasil\",\"Destaques\"],\"inLanguage\":\"pt-BR\"},{\"@type\":\"WebPage\",\"@id\":\"https:\\\/\\\/ocoerente.com.br\\\/se\\\/2024\\\/02\\\/08\\\/o-unico-ser-que-pode-reproduzir-uma-crianca-e-uma-mulher-que-tem-utero-e-ovario-diz-eduardo-lima\\\/\",\"url\":\"https:\\\/\\\/ocoerente.com.br\\\/se\\\/2024\\\/02\\\/08\\\/o-unico-ser-que-pode-reproduzir-uma-crianca-e-uma-mulher-que-tem-utero-e-ovario-diz-eduardo-lima\\\/\",\"name\":\"\u201cO \u00fanico ser que pode reproduzir uma crian\u00e7a \u00e9 uma mulher que tem \u00fatero e ov\u00e1rio\u201d, diz Eduardo Lima - O Coerente\",\"isPartOf\":{\"@id\":\"https:\\\/\\\/ocoerente.com.br\\\/se\\\/#website\"},\"primaryImageOfPage\":{\"@id\":\"https:\\\/\\\/ocoerente.com.br\\\/se\\\/2024\\\/02\\\/08\\\/o-unico-ser-que-pode-reproduzir-uma-crianca-e-uma-mulher-que-tem-utero-e-ovario-diz-eduardo-lima\\\/#primaryimage\"},\"image\":{\"@id\":\"https:\\\/\\\/ocoerente.com.br\\\/se\\\/2024\\\/02\\\/08\\\/o-unico-ser-que-pode-reproduzir-uma-crianca-e-uma-mulher-que-tem-utero-e-ovario-diz-eduardo-lima\\\/#primaryimage\"},\"thumbnailUrl\":\"https:\\\/\\\/ocoerente.com.br\\\/se\\\/wp-content\\\/uploads\\\/2024\\\/02\\\/eduardolimaa.jpg\",\"datePublished\":\"2024-02-08T03:48:14+00:00\",\"dateModified\":\"2024-02-08T03:48:16+00:00\",\"breadcrumb\":{\"@id\":\"https:\\\/\\\/ocoerente.com.br\\\/se\\\/2024\\\/02\\\/08\\\/o-unico-ser-que-pode-reproduzir-uma-crianca-e-uma-mulher-que-tem-utero-e-ovario-diz-eduardo-lima\\\/#breadcrumb\"},\"inLanguage\":\"pt-BR\",\"potentialAction\":[{\"@type\":\"ReadAction\",\"target\":[\"https:\\\/\\\/ocoerente.com.br\\\/se\\\/2024\\\/02\\\/08\\\/o-unico-ser-que-pode-reproduzir-uma-crianca-e-uma-mulher-que-tem-utero-e-ovario-diz-eduardo-lima\\\/\"]}]},{\"@type\":\"ImageObject\",\"inLanguage\":\"pt-BR\",\"@id\":\"https:\\\/\\\/ocoerente.com.br\\\/se\\\/2024\\\/02\\\/08\\\/o-unico-ser-que-pode-reproduzir-uma-crianca-e-uma-mulher-que-tem-utero-e-ovario-diz-eduardo-lima\\\/#primaryimage\",\"url\":\"https:\\\/\\\/ocoerente.com.br\\\/se\\\/wp-content\\\/uploads\\\/2024\\\/02\\\/eduardolimaa.jpg\",\"contentUrl\":\"https:\\\/\\\/ocoerente.com.br\\\/se\\\/wp-content\\\/uploads\\\/2024\\\/02\\\/eduardolimaa.jpg\",\"width\":1600,\"height\":1066,\"caption\":\"Foto: Gilton Rosas\"},{\"@type\":\"BreadcrumbList\",\"@id\":\"https:\\\/\\\/ocoerente.com.br\\\/se\\\/2024\\\/02\\\/08\\\/o-unico-ser-que-pode-reproduzir-uma-crianca-e-uma-mulher-que-tem-utero-e-ovario-diz-eduardo-lima\\\/#breadcrumb\",\"itemListElement\":[{\"@type\":\"ListItem\",\"position\":1,\"name\":\"In\u00edcio\",\"item\":\"https:\\\/\\\/ocoerente.com.br\\\/se\\\/\"},{\"@type\":\"ListItem\",\"position\":2,\"name\":\"\u201cO \u00fanico ser que pode reproduzir uma crian\u00e7a \u00e9 uma mulher que tem \u00fatero e ov\u00e1rio\u201d, diz Eduardo Lima\"}]},{\"@type\":\"WebSite\",\"@id\":\"https:\\\/\\\/ocoerente.com.br\\\/se\\\/#website\",\"url\":\"https:\\\/\\\/ocoerente.com.br\\\/se\\\/\",\"name\":\"O Coerente\",\"description\":\"\",\"publisher\":{\"@id\":\"https:\\\/\\\/ocoerente.com.br\\\/se\\\/#\\\/schema\\\/person\\\/cc6bfd9fbca465e23543b0c963d8d037\"},\"potentialAction\":[{\"@type\":\"SearchAction\",\"target\":{\"@type\":\"EntryPoint\",\"urlTemplate\":\"https:\\\/\\\/ocoerente.com.br\\\/se\\\/?s={search_term_string}\"},\"query-input\":{\"@type\":\"PropertyValueSpecification\",\"valueRequired\":true,\"valueName\":\"search_term_string\"}}],\"inLanguage\":\"pt-BR\"},{\"@type\":[\"Person\",\"Organization\"],\"@id\":\"https:\\\/\\\/ocoerente.com.br\\\/se\\\/#\\\/schema\\\/person\\\/cc6bfd9fbca465e23543b0c963d8d037\",\"name\":\"Reda\u00e7\u00e3o\",\"image\":{\"@type\":\"ImageObject\",\"inLanguage\":\"pt-BR\",\"@id\":\"https:\\\/\\\/ocoerente.com.br\\\/se\\\/wp-content\\\/uploads\\\/2020\\\/01\\\/ocoerente-1.png\",\"url\":\"https:\\\/\\\/ocoerente.com.br\\\/se\\\/wp-content\\\/uploads\\\/2020\\\/01\\\/ocoerente-1.png\",\"contentUrl\":\"https:\\\/\\\/ocoerente.com.br\\\/se\\\/wp-content\\\/uploads\\\/2020\\\/01\\\/ocoerente-1.png\",\"width\":50,\"height\":50,\"caption\":\"Reda\u00e7\u00e3o\"},\"logo\":{\"@id\":\"https:\\\/\\\/ocoerente.com.br\\\/se\\\/wp-content\\\/uploads\\\/2020\\\/01\\\/ocoerente-1.png\"},\"url\":\"https:\\\/\\\/ocoerente.com.br\\\/se\\\/author\\\/vasticlsales\\\/\"}]}<\/script>\n<!-- \/ Yoast SEO plugin. -->","yoast_head_json":{"title":"\u201cO \u00fanico ser que pode reproduzir uma crian\u00e7a \u00e9 uma mulher que tem \u00fatero e ov\u00e1rio\u201d, diz Eduardo Lima - O Coerente","robots":{"index":"index","follow":"follow","max-snippet":"max-snippet:-1","max-image-preview":"max-image-preview:large","max-video-preview":"max-video-preview:-1"},"canonical":"https:\/\/ocoerente.com.br\/se\/2024\/02\/08\/o-unico-ser-que-pode-reproduzir-uma-crianca-e-uma-mulher-que-tem-utero-e-ovario-diz-eduardo-lima\/","og_locale":"pt_BR","og_type":"article","og_title":"\u201cO \u00fanico ser que pode reproduzir uma crian\u00e7a \u00e9 uma mulher que tem \u00fatero e ov\u00e1rio\u201d, diz Eduardo Lima - O Coerente","og_description":"Vereador discorda de campanhas do Governo Federal por excluir o sexo feminino em campanhas publicit\u00e1rias O vereador Eduardo Lima (Republicanos) usou o Grande Expediente, na manh\u00e3 desta quarta-feira, dia 07, para discordar de campanhas publicit\u00e1rias do Governo Federal, por exclu\u00edrem o sexo feminino ao ser referir ao ato de dar \u00e0 luz. \u201cO \u00fanico ser [&hellip;]","og_url":"https:\/\/ocoerente.com.br\/se\/2024\/02\/08\/o-unico-ser-que-pode-reproduzir-uma-crianca-e-uma-mulher-que-tem-utero-e-ovario-diz-eduardo-lima\/","og_site_name":"O Coerente","article_published_time":"2024-02-08T03:48:14+00:00","article_modified_time":"2024-02-08T03:48:16+00:00","og_image":[{"width":1600,"height":1066,"url":"https:\/\/ocoerente.com.br\/se\/wp-content\/uploads\/2024\/02\/eduardolimaa.jpg","type":"image\/jpeg"}],"author":"Reda\u00e7\u00e3o","twitter_card":"summary_large_image","twitter_misc":{"Escrito por":"Reda\u00e7\u00e3o","Est. tempo de leitura":"2 minutos"},"schema":{"@context":"https:\/\/schema.org","@graph":[{"@type":"Article","@id":"https:\/\/ocoerente.com.br\/se\/2024\/02\/08\/o-unico-ser-que-pode-reproduzir-uma-crianca-e-uma-mulher-que-tem-utero-e-ovario-diz-eduardo-lima\/#article","isPartOf":{"@id":"https:\/\/ocoerente.com.br\/se\/2024\/02\/08\/o-unico-ser-que-pode-reproduzir-uma-crianca-e-uma-mulher-que-tem-utero-e-ovario-diz-eduardo-lima\/"},"author":{"name":"Reda\u00e7\u00e3o","@id":"https:\/\/ocoerente.com.br\/se\/#\/schema\/person\/cc6bfd9fbca465e23543b0c963d8d037"},"headline":"\u201cO \u00fanico ser que pode reproduzir uma crian\u00e7a \u00e9 uma mulher que tem \u00fatero e ov\u00e1rio\u201d, diz Eduardo Lima","datePublished":"2024-02-08T03:48:14+00:00","dateModified":"2024-02-08T03:48:16+00:00","mainEntityOfPage":{"@id":"https:\/\/ocoerente.com.br\/se\/2024\/02\/08\/o-unico-ser-que-pode-reproduzir-uma-crianca-e-uma-mulher-que-tem-utero-e-ovario-diz-eduardo-lima\/"},"wordCount":516,"publisher":{"@id":"https:\/\/ocoerente.com.br\/se\/#\/schema\/person\/cc6bfd9fbca465e23543b0c963d8d037"},"image":{"@id":"https:\/\/ocoerente.com.br\/se\/2024\/02\/08\/o-unico-ser-que-pode-reproduzir-uma-crianca-e-uma-mulher-que-tem-utero-e-ovario-diz-eduardo-lima\/#primaryimage"},"thumbnailUrl":"https:\/\/ocoerente.com.br\/se\/wp-content\/uploads\/2024\/02\/eduardolimaa.jpg","articleSection":["Brasil","Destaques"],"inLanguage":"pt-BR"},{"@type":"WebPage","@id":"https:\/\/ocoerente.com.br\/se\/2024\/02\/08\/o-unico-ser-que-pode-reproduzir-uma-crianca-e-uma-mulher-que-tem-utero-e-ovario-diz-eduardo-lima\/","url":"https:\/\/ocoerente.com.br\/se\/2024\/02\/08\/o-unico-ser-que-pode-reproduzir-uma-crianca-e-uma-mulher-que-tem-utero-e-ovario-diz-eduardo-lima\/","name":"\u201cO \u00fanico ser que pode reproduzir uma crian\u00e7a \u00e9 uma mulher que tem \u00fatero e ov\u00e1rio\u201d, diz Eduardo Lima - O Coerente","isPartOf":{"@id":"https:\/\/ocoerente.com.br\/se\/#website"},"primaryImageOfPage":{"@id":"https:\/\/ocoerente.com.br\/se\/2024\/02\/08\/o-unico-ser-que-pode-reproduzir-uma-crianca-e-uma-mulher-que-tem-utero-e-ovario-diz-eduardo-lima\/#primaryimage"},"image":{"@id":"https:\/\/ocoerente.com.br\/se\/2024\/02\/08\/o-unico-ser-que-pode-reproduzir-uma-crianca-e-uma-mulher-que-tem-utero-e-ovario-diz-eduardo-lima\/#primaryimage"},"thumbnailUrl":"https:\/\/ocoerente.com.br\/se\/wp-content\/uploads\/2024\/02\/eduardolimaa.jpg","datePublished":"2024-02-08T03:48:14+00:00","dateModified":"2024-02-08T03:48:16+00:00","breadcrumb":{"@id":"https:\/\/ocoerente.com.br\/se\/2024\/02\/08\/o-unico-ser-que-pode-reproduzir-uma-crianca-e-uma-mulher-que-tem-utero-e-ovario-diz-eduardo-lima\/#breadcrumb"},"inLanguage":"pt-BR","potentialAction":[{"@type":"ReadAction","target":["https:\/\/ocoerente.com.br\/se\/2024\/02\/08\/o-unico-ser-que-pode-reproduzir-uma-crianca-e-uma-mulher-que-tem-utero-e-ovario-diz-eduardo-lima\/"]}]},{"@type":"ImageObject","inLanguage":"pt-BR","@id":"https:\/\/ocoerente.com.br\/se\/2024\/02\/08\/o-unico-ser-que-pode-reproduzir-uma-crianca-e-uma-mulher-que-tem-utero-e-ovario-diz-eduardo-lima\/#primaryimage","url":"https:\/\/ocoerente.com.br\/se\/wp-content\/uploads\/2024\/02\/eduardolimaa.jpg","contentUrl":"https:\/\/ocoerente.com.br\/se\/wp-content\/uploads\/2024\/02\/eduardolimaa.jpg","width":1600,"height":1066,"caption":"Foto: Gilton Rosas"},{"@type":"BreadcrumbList","@id":"https:\/\/ocoerente.com.br\/se\/2024\/02\/08\/o-unico-ser-que-pode-reproduzir-uma-crianca-e-uma-mulher-que-tem-utero-e-ovario-diz-eduardo-lima\/#breadcrumb","itemListElement":[{"@type":"ListItem","position":1,"name":"In\u00edcio","item":"https:\/\/ocoerente.com.br\/se\/"},{"@type":"ListItem","position":2,"name":"\u201cO \u00fanico ser que pode reproduzir uma crian\u00e7a \u00e9 uma mulher que tem \u00fatero e ov\u00e1rio\u201d, diz Eduardo Lima"}]},{"@type":"WebSite","@id":"https:\/\/ocoerente.com.br\/se\/#website","url":"https:\/\/ocoerente.com.br\/se\/","name":"O Coerente","description":"","publisher":{"@id":"https:\/\/ocoerente.com.br\/se\/#\/schema\/person\/cc6bfd9fbca465e23543b0c963d8d037"},"potentialAction":[{"@type":"SearchAction","target":{"@type":"EntryPoint","urlTemplate":"https:\/\/ocoerente.com.br\/se\/?s={search_term_string}"},"query-input":{"@type":"PropertyValueSpecification","valueRequired":true,"valueName":"search_term_string"}}],"inLanguage":"pt-BR"},{"@type":["Person","Organization"],"@id":"https:\/\/ocoerente.com.br\/se\/#\/schema\/person\/cc6bfd9fbca465e23543b0c963d8d037","name":"Reda\u00e7\u00e3o","image":{"@type":"ImageObject","inLanguage":"pt-BR","@id":"https:\/\/ocoerente.com.br\/se\/wp-content\/uploads\/2020\/01\/ocoerente-1.png","url":"https:\/\/ocoerente.com.br\/se\/wp-content\/uploads\/2020\/01\/ocoerente-1.png","contentUrl":"https:\/\/ocoerente.com.br\/se\/wp-content\/uploads\/2020\/01\/ocoerente-1.png","width":50,"height":50,"caption":"Reda\u00e7\u00e3o"},"logo":{"@id":"https:\/\/ocoerente.com.br\/se\/wp-content\/uploads\/2020\/01\/ocoerente-1.png"},"url":"https:\/\/ocoerente.com.br\/se\/author\/vasticlsales\/"}]}},"_links":{"self":[{"href":"https:\/\/ocoerente.com.br\/se\/wp-json\/wp\/v2\/posts\/8216","targetHints":{"allow":["GET"]}}],"collection":[{"href":"https:\/\/ocoerente.com.br\/se\/wp-json\/wp\/v2\/posts"}],"about":[{"href":"https:\/\/ocoerente.com.br\/se\/wp-json\/wp\/v2\/types\/post"}],"author":[{"embeddable":true,"href":"https:\/\/ocoerente.com.br\/se\/wp-json\/wp\/v2\/users\/1"}],"replies":[{"embeddable":true,"href":"https:\/\/ocoerente.com.br\/se\/wp-json\/wp\/v2\/comments?post=8216"}],"version-history":[{"count":1,"href":"https:\/\/ocoerente.com.br\/se\/wp-json\/wp\/v2\/posts\/8216\/revisions"}],"predecessor-version":[{"id":8218,"href":"https:\/\/ocoerente.com.br\/se\/wp-json\/wp\/v2\/posts\/8216\/revisions\/8218"}],"wp:featuredmedia":[{"embeddable":true,"href":"https:\/\/ocoerente.com.br\/se\/wp-json\/wp\/v2\/media\/8217"}],"wp:attachment":[{"href":"https:\/\/ocoerente.com.br\/se\/wp-json\/wp\/v2\/media?parent=8216"}],"wp:term":[{"taxonomy":"category","embeddable":true,"href":"https:\/\/ocoerente.com.br\/se\/wp-json\/wp\/v2\/categories?post=8216"},{"taxonomy":"post_tag","embeddable":true,"href":"https:\/\/ocoerente.com.br\/se\/wp-json\/wp\/v2\/tags?post=8216"}],"curies":[{"name":"wp","href":"https:\/\/api.w.org\/{rel}","templated":true}]}}