{"id":8208,"date":"2024-02-06T23:11:45","date_gmt":"2024-02-07T02:11:45","guid":{"rendered":"https:\/\/ocoerente.com.br\/se\/?p=8208"},"modified":"2024-02-06T23:11:45","modified_gmt":"2024-02-07T02:11:45","slug":"sebrae-de-sergipe-supera-todas-as-metas-estabelecidas-pelo-nacional","status":"publish","type":"post","link":"https:\/\/ocoerente.com.br\/se\/2024\/02\/06\/sebrae-de-sergipe-supera-todas-as-metas-estabelecidas-pelo-nacional\/","title":{"rendered":"Sebrae de Sergipe supera todas as metas estabelecidas pelo Nacional"},"content":{"rendered":"\n<p>O Sebrae em Sergipe iniciou o ano de 2024 com \u00f3timos resultados alcan\u00e7ados em 2023. As metas previstas para a institui\u00e7\u00e3o foram superadas em sua totalidade.<\/p>\n\n\n\n<p>As metas mobilizadoras, assim chamadas, s\u00e3o metas definidas em planejamento estrat\u00e9gico do Sebrae Nacional depois de um amplo estudo realizado com a participa\u00e7\u00e3o de institui\u00e7\u00f5es empresariais, representantes do governo, centros de desenvolvimento, consultores e gestores de projetos da institui\u00e7\u00e3o. O Sistema Sebrae possui um conjunto de onze Metas Mobilizadoras Organizacionais que objetivam mobilizar a institui\u00e7\u00e3o em torno do atingimento de resultados. O foco \u00e9 atender da melhor forma poss\u00edvel a classe empresarial sergipana, formada por Microempreendedores Individuais, Microempresas e Empresas de Pequeno Porte.<\/p>\n\n\n\n<p>No estado, o planejamento \u00e9 norteado pelas metas mobilizadoras nacionais e por voca\u00e7\u00f5es locais, contando tamb\u00e9m com o acompanhamento e aprova\u00e7\u00e3o das 15 institui\u00e7\u00f5es que comp\u00f5em o Conselho Deliberativo Estadual.<\/p>\n\n\n\n<p>De acordo com a Diretora Superintendente, Priscila Felizola, a institui\u00e7\u00e3o inicia o ano de 2024 com um balan\u00e7o extremamente positivo, com 33.978 pequenos neg\u00f3cios atendidos, uma amplia\u00e7\u00e3o de 39% comparando com o ano de 2022.<\/p>\n\n\n\n<p>Todas as Metas Mobilizadoras apresentaram resultados que superaram as expectativas, a exemplo do \u201cFaturamento\u201d dos pequenos neg\u00f3cios cuja meta era ampli\u00e1-lo em 5%, por\u00e9m a amplia\u00e7\u00e3o ocorreu numa propor\u00e7\u00e3o muito maior, equivalente a 16%. Vale a pena tamb\u00e9m destacar o resultado do indicador \u201cTempo de Abertura de Empresas\u201d, onde Sergipe aparece como o primeiro no ranking do Brasil com o menor tempo de abertura, correspondente a 7 horas.<\/p>\n\n\n\n<figure class=\"wp-block-image size-full is-resized\"><img loading=\"lazy\" decoding=\"async\" width=\"610\" height=\"309\" src=\"https:\/\/ocoerente.com.br\/se\/wp-content\/uploads\/2024\/02\/metas-sebrae.jpg\" alt=\"\" class=\"wp-image-8209\" style=\"width:754px;height:auto\" srcset=\"https:\/\/ocoerente.com.br\/se\/wp-content\/uploads\/2024\/02\/metas-sebrae.jpg 610w, https:\/\/ocoerente.com.br\/se\/wp-content\/uploads\/2024\/02\/metas-sebrae-300x152.jpg 300w\" sizes=\"auto, (max-width: 610px) 100vw, 610px\" \/><\/figure>\n\n\n\n<p><strong>A\u00e7\u00f5es<\/strong><\/p>\n\n\n\n<p>O Sebrae coloca \u00e0 disposi\u00e7\u00e3o dos empres\u00e1rios diversos servi\u00e7os e produtos com foco na ind\u00fastria, com\u00e9rcio, servi\u00e7os e agroneg\u00f3cios. Durante todo o ano tamb\u00e9m \u00e9 oferecido uma extensa programa\u00e7\u00e3o de cursos, palestras, oficinas, semin\u00e1rios e consultorias, al\u00e9m das a\u00e7\u00f5es de acesso a mercados como rodadas de neg\u00f3cio e miss\u00f5es empresariais.<\/p>\n\n\n\n<p>Dois produtos do Sebrae que contribu\u00edram significativamente para o alcance dos excelentes resultados foram o \u201cSebrae na Sua Empresa\u201d aonde um agente vai at\u00e9 os pequenos neg\u00f3cios apresentar e oferecer ferramentas que ajudam na melhoria da gest\u00e3o e o \u201cALI Produtividade\u201d por meio do qual um agente local de inova\u00e7\u00e3o leva ferrametas objetivando a redu\u00e7\u00e3o dos custos e o aumento do faturamento dos pequenos neg\u00f3cios. Em ambos os casos \u00e9 realizado um acompanhamento personalizado, sem custo.<\/p>\n\n\n\n<p>\u201cEm 2023 intensificamos a interioriza\u00e7\u00e3o, ou seja, atuamos nos munic\u00edpios sergipanos apresentando as in\u00fameras ferramentas que a institui\u00e7\u00e3o possui, que s\u00e3o de vital import\u00e2ncia para os empres\u00e1rios e para a melhoria no ambiente de neg\u00f3cios\u201d, explica Priscila Felizola.<\/p>\n\n\n\n<p>Os excelentes marcos que o Sebrae Sergipe atingiu em 2023, para Priscila Felizola, s\u00f3 foi poss\u00edvel gra\u00e7as ao trabalho e engajamento dos colaboradores da institui\u00e7\u00e3o, do Conselho Deliberativo Estadual e das Diretorias T\u00e9cnica e Administrativa Financeira, que participam e acompanham a concep\u00e7\u00e3o e a execu\u00e7\u00e3o do planejamento. A uni\u00e3o de esfor\u00e7os em prol do cumprimento do prop\u00f3sito da institui\u00e7\u00e3o: \u201cTransformar os pequenos neg\u00f3cios em protagonistas do desenvolvimento sustent\u00e1vel do Brasil\u201d.<\/p>\n\n\n\n<p><strong>Fonte: portalsergipe.net<\/strong><\/p>\n","protected":false},"excerpt":{"rendered":"<p>O Sebrae em Sergipe iniciou o ano de 2024 com \u00f3timos resultados alcan\u00e7ados em 2023. As metas previstas para a institui\u00e7\u00e3o foram superadas em sua totalidade. As metas mobilizadoras, assim chamadas, s\u00e3o metas definidas em planejamento estrat\u00e9gico do Sebrae Nacional depois de um amplo estudo realizado com a participa\u00e7\u00e3o de institui\u00e7\u00f5es empresariais, representantes do governo, [&hellip;]<\/p>\n","protected":false},"author":1,"featured_media":8210,"comment_status":"closed","ping_status":"closed","sticky":false,"template":"","format":"standard","meta":{"footnotes":""},"categories":[53,57],"tags":[],"class_list":["post-8208","post","type-post","status-publish","format-standard","has-post-thumbnail","hentry","category-destaques","category-oportunidades"],"yoast_head":"<!-- This site is optimized with the Yoast SEO plugin v27.4 - https:\/\/yoast.com\/product\/yoast-seo-wordpress\/ -->\n<title>Sebrae de Sergipe supera todas as metas estabelecidas pelo Nacional - O Coerente<\/title>\n<meta name=\"robots\" content=\"index, follow, max-snippet:-1, max-image-preview:large, max-video-preview:-1\" \/>\n<link rel=\"canonical\" href=\"https:\/\/ocoerente.com.br\/se\/2024\/02\/06\/sebrae-de-sergipe-supera-todas-as-metas-estabelecidas-pelo-nacional\/\" \/>\n<meta property=\"og:locale\" content=\"pt_BR\" \/>\n<meta property=\"og:type\" content=\"article\" \/>\n<meta property=\"og:title\" content=\"Sebrae de Sergipe supera todas as metas estabelecidas pelo Nacional - O Coerente\" \/>\n<meta property=\"og:description\" content=\"O Sebrae em Sergipe iniciou o ano de 2024 com \u00f3timos resultados alcan\u00e7ados em 2023. As metas previstas para a institui\u00e7\u00e3o foram superadas em sua totalidade. As metas mobilizadoras, assim chamadas, s\u00e3o metas definidas em planejamento estrat\u00e9gico do Sebrae Nacional depois de um amplo estudo realizado com a participa\u00e7\u00e3o de institui\u00e7\u00f5es empresariais, representantes do governo, [&hellip;]\" \/>\n<meta property=\"og:url\" content=\"https:\/\/ocoerente.com.br\/se\/2024\/02\/06\/sebrae-de-sergipe-supera-todas-as-metas-estabelecidas-pelo-nacional\/\" \/>\n<meta property=\"og:site_name\" content=\"O Coerente\" \/>\n<meta property=\"article:published_time\" content=\"2024-02-07T02:11:45+00:00\" \/>\n<meta property=\"og:image\" content=\"https:\/\/ocoerente.com.br\/se\/wp-content\/uploads\/2024\/02\/sebrae-mulher.jpg\" \/>\n\t<meta property=\"og:image:width\" content=\"814\" \/>\n\t<meta property=\"og:image:height\" content=\"492\" \/>\n\t<meta property=\"og:image:type\" content=\"image\/jpeg\" \/>\n<meta name=\"author\" content=\"Reda\u00e7\u00e3o\" \/>\n<meta name=\"twitter:card\" content=\"summary_large_image\" \/>\n<meta name=\"twitter:label1\" content=\"Escrito por\" \/>\n\t<meta name=\"twitter:data1\" content=\"Reda\u00e7\u00e3o\" \/>\n\t<meta name=\"twitter:label2\" content=\"Est. tempo de leitura\" \/>\n\t<meta name=\"twitter:data2\" content=\"3 minutos\" \/>\n<script type=\"application\/ld+json\" class=\"yoast-schema-graph\">{\"@context\":\"https:\\\/\\\/schema.org\",\"@graph\":[{\"@type\":\"Article\",\"@id\":\"https:\\\/\\\/ocoerente.com.br\\\/se\\\/2024\\\/02\\\/06\\\/sebrae-de-sergipe-supera-todas-as-metas-estabelecidas-pelo-nacional\\\/#article\",\"isPartOf\":{\"@id\":\"https:\\\/\\\/ocoerente.com.br\\\/se\\\/2024\\\/02\\\/06\\\/sebrae-de-sergipe-supera-todas-as-metas-estabelecidas-pelo-nacional\\\/\"},\"author\":{\"name\":\"Reda\u00e7\u00e3o\",\"@id\":\"https:\\\/\\\/ocoerente.com.br\\\/se\\\/#\\\/schema\\\/person\\\/cc6bfd9fbca465e23543b0c963d8d037\"},\"headline\":\"Sebrae de Sergipe supera todas as metas estabelecidas pelo Nacional\",\"datePublished\":\"2024-02-07T02:11:45+00:00\",\"mainEntityOfPage\":{\"@id\":\"https:\\\/\\\/ocoerente.com.br\\\/se\\\/2024\\\/02\\\/06\\\/sebrae-de-sergipe-supera-todas-as-metas-estabelecidas-pelo-nacional\\\/\"},\"wordCount\":538,\"publisher\":{\"@id\":\"https:\\\/\\\/ocoerente.com.br\\\/se\\\/#\\\/schema\\\/person\\\/cc6bfd9fbca465e23543b0c963d8d037\"},\"image\":{\"@id\":\"https:\\\/\\\/ocoerente.com.br\\\/se\\\/2024\\\/02\\\/06\\\/sebrae-de-sergipe-supera-todas-as-metas-estabelecidas-pelo-nacional\\\/#primaryimage\"},\"thumbnailUrl\":\"https:\\\/\\\/ocoerente.com.br\\\/se\\\/wp-content\\\/uploads\\\/2024\\\/02\\\/sebrae-mulher.jpg\",\"articleSection\":[\"Destaques\",\"Oportunidades\"],\"inLanguage\":\"pt-BR\"},{\"@type\":\"WebPage\",\"@id\":\"https:\\\/\\\/ocoerente.com.br\\\/se\\\/2024\\\/02\\\/06\\\/sebrae-de-sergipe-supera-todas-as-metas-estabelecidas-pelo-nacional\\\/\",\"url\":\"https:\\\/\\\/ocoerente.com.br\\\/se\\\/2024\\\/02\\\/06\\\/sebrae-de-sergipe-supera-todas-as-metas-estabelecidas-pelo-nacional\\\/\",\"name\":\"Sebrae de Sergipe supera todas as metas estabelecidas pelo Nacional - O Coerente\",\"isPartOf\":{\"@id\":\"https:\\\/\\\/ocoerente.com.br\\\/se\\\/#website\"},\"primaryImageOfPage\":{\"@id\":\"https:\\\/\\\/ocoerente.com.br\\\/se\\\/2024\\\/02\\\/06\\\/sebrae-de-sergipe-supera-todas-as-metas-estabelecidas-pelo-nacional\\\/#primaryimage\"},\"image\":{\"@id\":\"https:\\\/\\\/ocoerente.com.br\\\/se\\\/2024\\\/02\\\/06\\\/sebrae-de-sergipe-supera-todas-as-metas-estabelecidas-pelo-nacional\\\/#primaryimage\"},\"thumbnailUrl\":\"https:\\\/\\\/ocoerente.com.br\\\/se\\\/wp-content\\\/uploads\\\/2024\\\/02\\\/sebrae-mulher.jpg\",\"datePublished\":\"2024-02-07T02:11:45+00:00\",\"breadcrumb\":{\"@id\":\"https:\\\/\\\/ocoerente.com.br\\\/se\\\/2024\\\/02\\\/06\\\/sebrae-de-sergipe-supera-todas-as-metas-estabelecidas-pelo-nacional\\\/#breadcrumb\"},\"inLanguage\":\"pt-BR\",\"potentialAction\":[{\"@type\":\"ReadAction\",\"target\":[\"https:\\\/\\\/ocoerente.com.br\\\/se\\\/2024\\\/02\\\/06\\\/sebrae-de-sergipe-supera-todas-as-metas-estabelecidas-pelo-nacional\\\/\"]}]},{\"@type\":\"ImageObject\",\"inLanguage\":\"pt-BR\",\"@id\":\"https:\\\/\\\/ocoerente.com.br\\\/se\\\/2024\\\/02\\\/06\\\/sebrae-de-sergipe-supera-todas-as-metas-estabelecidas-pelo-nacional\\\/#primaryimage\",\"url\":\"https:\\\/\\\/ocoerente.com.br\\\/se\\\/wp-content\\\/uploads\\\/2024\\\/02\\\/sebrae-mulher.jpg\",\"contentUrl\":\"https:\\\/\\\/ocoerente.com.br\\\/se\\\/wp-content\\\/uploads\\\/2024\\\/02\\\/sebrae-mulher.jpg\",\"width\":814,\"height\":492,\"caption\":\"Foto: Reprodu\u00e7\u00e3o\\\/PortalSergipe.net\"},{\"@type\":\"BreadcrumbList\",\"@id\":\"https:\\\/\\\/ocoerente.com.br\\\/se\\\/2024\\\/02\\\/06\\\/sebrae-de-sergipe-supera-todas-as-metas-estabelecidas-pelo-nacional\\\/#breadcrumb\",\"itemListElement\":[{\"@type\":\"ListItem\",\"position\":1,\"name\":\"In\u00edcio\",\"item\":\"https:\\\/\\\/ocoerente.com.br\\\/se\\\/\"},{\"@type\":\"ListItem\",\"position\":2,\"name\":\"Sebrae de Sergipe supera todas as metas estabelecidas pelo Nacional\"}]},{\"@type\":\"WebSite\",\"@id\":\"https:\\\/\\\/ocoerente.com.br\\\/se\\\/#website\",\"url\":\"https:\\\/\\\/ocoerente.com.br\\\/se\\\/\",\"name\":\"O Coerente\",\"description\":\"\",\"publisher\":{\"@id\":\"https:\\\/\\\/ocoerente.com.br\\\/se\\\/#\\\/schema\\\/person\\\/cc6bfd9fbca465e23543b0c963d8d037\"},\"potentialAction\":[{\"@type\":\"SearchAction\",\"target\":{\"@type\":\"EntryPoint\",\"urlTemplate\":\"https:\\\/\\\/ocoerente.com.br\\\/se\\\/?s={search_term_string}\"},\"query-input\":{\"@type\":\"PropertyValueSpecification\",\"valueRequired\":true,\"valueName\":\"search_term_string\"}}],\"inLanguage\":\"pt-BR\"},{\"@type\":[\"Person\",\"Organization\"],\"@id\":\"https:\\\/\\\/ocoerente.com.br\\\/se\\\/#\\\/schema\\\/person\\\/cc6bfd9fbca465e23543b0c963d8d037\",\"name\":\"Reda\u00e7\u00e3o\",\"image\":{\"@type\":\"ImageObject\",\"inLanguage\":\"pt-BR\",\"@id\":\"https:\\\/\\\/ocoerente.com.br\\\/se\\\/wp-content\\\/uploads\\\/2020\\\/01\\\/ocoerente-1.png\",\"url\":\"https:\\\/\\\/ocoerente.com.br\\\/se\\\/wp-content\\\/uploads\\\/2020\\\/01\\\/ocoerente-1.png\",\"contentUrl\":\"https:\\\/\\\/ocoerente.com.br\\\/se\\\/wp-content\\\/uploads\\\/2020\\\/01\\\/ocoerente-1.png\",\"width\":50,\"height\":50,\"caption\":\"Reda\u00e7\u00e3o\"},\"logo\":{\"@id\":\"https:\\\/\\\/ocoerente.com.br\\\/se\\\/wp-content\\\/uploads\\\/2020\\\/01\\\/ocoerente-1.png\"},\"url\":\"https:\\\/\\\/ocoerente.com.br\\\/se\\\/author\\\/vasticlsales\\\/\"}]}<\/script>\n<!-- \/ Yoast SEO plugin. -->","yoast_head_json":{"title":"Sebrae de Sergipe supera todas as metas estabelecidas pelo Nacional - O Coerente","robots":{"index":"index","follow":"follow","max-snippet":"max-snippet:-1","max-image-preview":"max-image-preview:large","max-video-preview":"max-video-preview:-1"},"canonical":"https:\/\/ocoerente.com.br\/se\/2024\/02\/06\/sebrae-de-sergipe-supera-todas-as-metas-estabelecidas-pelo-nacional\/","og_locale":"pt_BR","og_type":"article","og_title":"Sebrae de Sergipe supera todas as metas estabelecidas pelo Nacional - O Coerente","og_description":"O Sebrae em Sergipe iniciou o ano de 2024 com \u00f3timos resultados alcan\u00e7ados em 2023. As metas previstas para a institui\u00e7\u00e3o foram superadas em sua totalidade. As metas mobilizadoras, assim chamadas, s\u00e3o metas definidas em planejamento estrat\u00e9gico do Sebrae Nacional depois de um amplo estudo realizado com a participa\u00e7\u00e3o de institui\u00e7\u00f5es empresariais, representantes do governo, [&hellip;]","og_url":"https:\/\/ocoerente.com.br\/se\/2024\/02\/06\/sebrae-de-sergipe-supera-todas-as-metas-estabelecidas-pelo-nacional\/","og_site_name":"O Coerente","article_published_time":"2024-02-07T02:11:45+00:00","og_image":[{"width":814,"height":492,"url":"https:\/\/ocoerente.com.br\/se\/wp-content\/uploads\/2024\/02\/sebrae-mulher.jpg","type":"image\/jpeg"}],"author":"Reda\u00e7\u00e3o","twitter_card":"summary_large_image","twitter_misc":{"Escrito por":"Reda\u00e7\u00e3o","Est. tempo de leitura":"3 minutos"},"schema":{"@context":"https:\/\/schema.org","@graph":[{"@type":"Article","@id":"https:\/\/ocoerente.com.br\/se\/2024\/02\/06\/sebrae-de-sergipe-supera-todas-as-metas-estabelecidas-pelo-nacional\/#article","isPartOf":{"@id":"https:\/\/ocoerente.com.br\/se\/2024\/02\/06\/sebrae-de-sergipe-supera-todas-as-metas-estabelecidas-pelo-nacional\/"},"author":{"name":"Reda\u00e7\u00e3o","@id":"https:\/\/ocoerente.com.br\/se\/#\/schema\/person\/cc6bfd9fbca465e23543b0c963d8d037"},"headline":"Sebrae de Sergipe supera todas as metas estabelecidas pelo Nacional","datePublished":"2024-02-07T02:11:45+00:00","mainEntityOfPage":{"@id":"https:\/\/ocoerente.com.br\/se\/2024\/02\/06\/sebrae-de-sergipe-supera-todas-as-metas-estabelecidas-pelo-nacional\/"},"wordCount":538,"publisher":{"@id":"https:\/\/ocoerente.com.br\/se\/#\/schema\/person\/cc6bfd9fbca465e23543b0c963d8d037"},"image":{"@id":"https:\/\/ocoerente.com.br\/se\/2024\/02\/06\/sebrae-de-sergipe-supera-todas-as-metas-estabelecidas-pelo-nacional\/#primaryimage"},"thumbnailUrl":"https:\/\/ocoerente.com.br\/se\/wp-content\/uploads\/2024\/02\/sebrae-mulher.jpg","articleSection":["Destaques","Oportunidades"],"inLanguage":"pt-BR"},{"@type":"WebPage","@id":"https:\/\/ocoerente.com.br\/se\/2024\/02\/06\/sebrae-de-sergipe-supera-todas-as-metas-estabelecidas-pelo-nacional\/","url":"https:\/\/ocoerente.com.br\/se\/2024\/02\/06\/sebrae-de-sergipe-supera-todas-as-metas-estabelecidas-pelo-nacional\/","name":"Sebrae de Sergipe supera todas as metas estabelecidas pelo Nacional - O Coerente","isPartOf":{"@id":"https:\/\/ocoerente.com.br\/se\/#website"},"primaryImageOfPage":{"@id":"https:\/\/ocoerente.com.br\/se\/2024\/02\/06\/sebrae-de-sergipe-supera-todas-as-metas-estabelecidas-pelo-nacional\/#primaryimage"},"image":{"@id":"https:\/\/ocoerente.com.br\/se\/2024\/02\/06\/sebrae-de-sergipe-supera-todas-as-metas-estabelecidas-pelo-nacional\/#primaryimage"},"thumbnailUrl":"https:\/\/ocoerente.com.br\/se\/wp-content\/uploads\/2024\/02\/sebrae-mulher.jpg","datePublished":"2024-02-07T02:11:45+00:00","breadcrumb":{"@id":"https:\/\/ocoerente.com.br\/se\/2024\/02\/06\/sebrae-de-sergipe-supera-todas-as-metas-estabelecidas-pelo-nacional\/#breadcrumb"},"inLanguage":"pt-BR","potentialAction":[{"@type":"ReadAction","target":["https:\/\/ocoerente.com.br\/se\/2024\/02\/06\/sebrae-de-sergipe-supera-todas-as-metas-estabelecidas-pelo-nacional\/"]}]},{"@type":"ImageObject","inLanguage":"pt-BR","@id":"https:\/\/ocoerente.com.br\/se\/2024\/02\/06\/sebrae-de-sergipe-supera-todas-as-metas-estabelecidas-pelo-nacional\/#primaryimage","url":"https:\/\/ocoerente.com.br\/se\/wp-content\/uploads\/2024\/02\/sebrae-mulher.jpg","contentUrl":"https:\/\/ocoerente.com.br\/se\/wp-content\/uploads\/2024\/02\/sebrae-mulher.jpg","width":814,"height":492,"caption":"Foto: Reprodu\u00e7\u00e3o\/PortalSergipe.net"},{"@type":"BreadcrumbList","@id":"https:\/\/ocoerente.com.br\/se\/2024\/02\/06\/sebrae-de-sergipe-supera-todas-as-metas-estabelecidas-pelo-nacional\/#breadcrumb","itemListElement":[{"@type":"ListItem","position":1,"name":"In\u00edcio","item":"https:\/\/ocoerente.com.br\/se\/"},{"@type":"ListItem","position":2,"name":"Sebrae de Sergipe supera todas as metas estabelecidas pelo Nacional"}]},{"@type":"WebSite","@id":"https:\/\/ocoerente.com.br\/se\/#website","url":"https:\/\/ocoerente.com.br\/se\/","name":"O Coerente","description":"","publisher":{"@id":"https:\/\/ocoerente.com.br\/se\/#\/schema\/person\/cc6bfd9fbca465e23543b0c963d8d037"},"potentialAction":[{"@type":"SearchAction","target":{"@type":"EntryPoint","urlTemplate":"https:\/\/ocoerente.com.br\/se\/?s={search_term_string}"},"query-input":{"@type":"PropertyValueSpecification","valueRequired":true,"valueName":"search_term_string"}}],"inLanguage":"pt-BR"},{"@type":["Person","Organization"],"@id":"https:\/\/ocoerente.com.br\/se\/#\/schema\/person\/cc6bfd9fbca465e23543b0c963d8d037","name":"Reda\u00e7\u00e3o","image":{"@type":"ImageObject","inLanguage":"pt-BR","@id":"https:\/\/ocoerente.com.br\/se\/wp-content\/uploads\/2020\/01\/ocoerente-1.png","url":"https:\/\/ocoerente.com.br\/se\/wp-content\/uploads\/2020\/01\/ocoerente-1.png","contentUrl":"https:\/\/ocoerente.com.br\/se\/wp-content\/uploads\/2020\/01\/ocoerente-1.png","width":50,"height":50,"caption":"Reda\u00e7\u00e3o"},"logo":{"@id":"https:\/\/ocoerente.com.br\/se\/wp-content\/uploads\/2020\/01\/ocoerente-1.png"},"url":"https:\/\/ocoerente.com.br\/se\/author\/vasticlsales\/"}]}},"_links":{"self":[{"href":"https:\/\/ocoerente.com.br\/se\/wp-json\/wp\/v2\/posts\/8208","targetHints":{"allow":["GET"]}}],"collection":[{"href":"https:\/\/ocoerente.com.br\/se\/wp-json\/wp\/v2\/posts"}],"about":[{"href":"https:\/\/ocoerente.com.br\/se\/wp-json\/wp\/v2\/types\/post"}],"author":[{"embeddable":true,"href":"https:\/\/ocoerente.com.br\/se\/wp-json\/wp\/v2\/users\/1"}],"replies":[{"embeddable":true,"href":"https:\/\/ocoerente.com.br\/se\/wp-json\/wp\/v2\/comments?post=8208"}],"version-history":[{"count":1,"href":"https:\/\/ocoerente.com.br\/se\/wp-json\/wp\/v2\/posts\/8208\/revisions"}],"predecessor-version":[{"id":8211,"href":"https:\/\/ocoerente.com.br\/se\/wp-json\/wp\/v2\/posts\/8208\/revisions\/8211"}],"wp:featuredmedia":[{"embeddable":true,"href":"https:\/\/ocoerente.com.br\/se\/wp-json\/wp\/v2\/media\/8210"}],"wp:attachment":[{"href":"https:\/\/ocoerente.com.br\/se\/wp-json\/wp\/v2\/media?parent=8208"}],"wp:term":[{"taxonomy":"category","embeddable":true,"href":"https:\/\/ocoerente.com.br\/se\/wp-json\/wp\/v2\/categories?post=8208"},{"taxonomy":"post_tag","embeddable":true,"href":"https:\/\/ocoerente.com.br\/se\/wp-json\/wp\/v2\/tags?post=8208"}],"curies":[{"name":"wp","href":"https:\/\/api.w.org\/{rel}","templated":true}]}}