{"id":8205,"date":"2024-02-06T23:05:22","date_gmt":"2024-02-07T02:05:22","guid":{"rendered":"https:\/\/ocoerente.com.br\/se\/?p=8205"},"modified":"2024-02-06T23:05:22","modified_gmt":"2024-02-07T02:05:22","slug":"senador-alessandro-pede-agilidade-no-pagamento-do-bpc-bolsa-familia","status":"publish","type":"post","link":"https:\/\/ocoerente.com.br\/se\/2024\/02\/06\/senador-alessandro-pede-agilidade-no-pagamento-do-bpc-bolsa-familia\/","title":{"rendered":"Senador Alessandro pede agilidade no pagamento do BPC + Bolsa Fam\u00edlia"},"content":{"rendered":"\n<p>O senador Alessandro Vieira (MDB\/SE) retomou os trabalhos legislativos em Bras\u00edlia nesta ter\u00e7a-feira (06), onde participou de uma reuni\u00e3o com o ministro do Desenvolvimento e Assist\u00eancia Social, Fam\u00edlia e Combate \u00e0 Fome, Wellington Dias, e com a secret\u00e1ria de Inclus\u00e3o, Assist\u00eancia e do Desenvolvimento Social, Eliane Aquino, para tratar de duas pautas importantes para o combate \u00e0s desigualdades no Brasil e em Sergipe.<\/p>\n\n\n\n<p>Aprovado no Congresso Nacional a partir de uma sugest\u00e3o do mandato do senador Alessandro Vieira, o pagamento do Bolsa Fam\u00edlia + BPC (Benef\u00edcio de Presta\u00e7\u00e3o Continuada), pago a idosos e pessoas com defici\u00eancia de baixa renda, ainda n\u00e3o foi aplicado pelo governo federal.<\/p>\n\n\n\n<p>&#8220;Essa \u00e9 uma medida com grande potencial de impacto na vida dos brasileiros mais pobres, e precisa ser colocada em execu\u00e7\u00e3o com rapidez. Muitas fam\u00edlias de baixa renda com idosos e pessoas com defici\u00eancia aguardam essa melhoria no programa, para que possam acumular o recebimento dos dois benef\u00edcios, o Bolsa Fam\u00edlia, maior programa de transfer\u00eancia de renda do mundo, junto com o BPC. A medida vai beneficiar diretamente cerca de 1,7 milh\u00f5es de fam\u00edlias que estavam impedidas de acessar o Bolsa Fam\u00edlia por conta de receberem o BPC&#8221;, aponta Vieira.<\/p>\n\n\n\n<p>Outro tema apresentado pelo senador Alessandro Vieira ao ministro Wellington Dias, foi levado diretamente de Indiaroba\/SE. Alessandro divulgou a iniciativa do cart\u00e3o Aratu \u2013 moeda social com poder de compra e venda exclusivamente dentro do munic\u00edpio, um Bolsa Fam\u00edlia Municipal pago pelo Banco Popular de Indiaroba (BPI), 1\u00ba banco municipal do NO\/NE.<\/p>\n\n\n\n<p>&#8220;Esta \u00e9 uma iniciativa not\u00e1vel que merece reconhecimento. O Aratu n\u00e3o \u00e9 apenas uma moeda, \u00e9 uma ferramenta de inclus\u00e3o social que est\u00e1 fazendo a diferen\u00e7a na vida das fam\u00edlias mais carentes do munic\u00edpio. Ao fornecer apoio financeiro direto e ao mesmo tempo incentivar o com\u00e9rcio local, o programa est\u00e1 atingindo dois objetivos cruciais de uma s\u00f3 vez: aliviar a pobreza e fortalecer a economia local. Convidei e o ministro aceitou visitar Sergipe e conhecer pessoalmente o projeto&#8221;, comemora Alessandro.<\/p>\n\n\n\n<p><\/p>\n","protected":false},"excerpt":{"rendered":"<p>O senador Alessandro Vieira (MDB\/SE) retomou os trabalhos legislativos em Bras\u00edlia nesta ter\u00e7a-feira (06), onde participou de uma reuni\u00e3o com o ministro do Desenvolvimento e Assist\u00eancia Social, Fam\u00edlia e Combate \u00e0 Fome, Wellington Dias, e com a secret\u00e1ria de Inclus\u00e3o, Assist\u00eancia e do Desenvolvimento Social, Eliane Aquino, para tratar de duas pautas importantes para o [&hellip;]<\/p>\n","protected":false},"author":1,"featured_media":8206,"comment_status":"closed","ping_status":"closed","sticky":false,"template":"","format":"standard","meta":{"footnotes":""},"categories":[48,53],"tags":[],"class_list":["post-8205","post","type-post","status-publish","format-standard","has-post-thumbnail","hentry","category-brasil","category-destaques"],"yoast_head":"<!-- This site is optimized with the Yoast SEO plugin v27.4 - https:\/\/yoast.com\/product\/yoast-seo-wordpress\/ -->\n<title>Senador Alessandro pede agilidade no pagamento do BPC + Bolsa Fam\u00edlia - O Coerente<\/title>\n<meta name=\"robots\" content=\"index, follow, max-snippet:-1, max-image-preview:large, max-video-preview:-1\" \/>\n<link rel=\"canonical\" href=\"https:\/\/ocoerente.com.br\/se\/2024\/02\/06\/senador-alessandro-pede-agilidade-no-pagamento-do-bpc-bolsa-familia\/\" \/>\n<meta property=\"og:locale\" content=\"pt_BR\" \/>\n<meta property=\"og:type\" content=\"article\" \/>\n<meta property=\"og:title\" content=\"Senador Alessandro pede agilidade no pagamento do BPC + Bolsa Fam\u00edlia - O Coerente\" \/>\n<meta property=\"og:description\" content=\"O senador Alessandro Vieira (MDB\/SE) retomou os trabalhos legislativos em Bras\u00edlia nesta ter\u00e7a-feira (06), onde participou de uma reuni\u00e3o com o ministro do Desenvolvimento e Assist\u00eancia Social, Fam\u00edlia e Combate \u00e0 Fome, Wellington Dias, e com a secret\u00e1ria de Inclus\u00e3o, Assist\u00eancia e do Desenvolvimento Social, Eliane Aquino, para tratar de duas pautas importantes para o [&hellip;]\" \/>\n<meta property=\"og:url\" content=\"https:\/\/ocoerente.com.br\/se\/2024\/02\/06\/senador-alessandro-pede-agilidade-no-pagamento-do-bpc-bolsa-familia\/\" \/>\n<meta property=\"og:site_name\" content=\"O Coerente\" \/>\n<meta property=\"article:published_time\" content=\"2024-02-07T02:05:22+00:00\" \/>\n<meta property=\"og:image\" content=\"https:\/\/ocoerente.com.br\/se\/wp-content\/uploads\/2024\/02\/alessandro-bpc.jpg\" \/>\n\t<meta property=\"og:image:width\" content=\"1600\" \/>\n\t<meta property=\"og:image:height\" content=\"1200\" \/>\n\t<meta property=\"og:image:type\" content=\"image\/jpeg\" \/>\n<meta name=\"author\" content=\"Reda\u00e7\u00e3o\" \/>\n<meta name=\"twitter:card\" content=\"summary_large_image\" \/>\n<meta name=\"twitter:label1\" content=\"Escrito por\" \/>\n\t<meta name=\"twitter:data1\" content=\"Reda\u00e7\u00e3o\" \/>\n\t<meta name=\"twitter:label2\" content=\"Est. tempo de leitura\" \/>\n\t<meta name=\"twitter:data2\" content=\"2 minutos\" \/>\n<script type=\"application\/ld+json\" class=\"yoast-schema-graph\">{\"@context\":\"https:\\\/\\\/schema.org\",\"@graph\":[{\"@type\":\"Article\",\"@id\":\"https:\\\/\\\/ocoerente.com.br\\\/se\\\/2024\\\/02\\\/06\\\/senador-alessandro-pede-agilidade-no-pagamento-do-bpc-bolsa-familia\\\/#article\",\"isPartOf\":{\"@id\":\"https:\\\/\\\/ocoerente.com.br\\\/se\\\/2024\\\/02\\\/06\\\/senador-alessandro-pede-agilidade-no-pagamento-do-bpc-bolsa-familia\\\/\"},\"author\":{\"name\":\"Reda\u00e7\u00e3o\",\"@id\":\"https:\\\/\\\/ocoerente.com.br\\\/se\\\/#\\\/schema\\\/person\\\/cc6bfd9fbca465e23543b0c963d8d037\"},\"headline\":\"Senador Alessandro pede agilidade no pagamento do BPC + Bolsa Fam\u00edlia\",\"datePublished\":\"2024-02-07T02:05:22+00:00\",\"mainEntityOfPage\":{\"@id\":\"https:\\\/\\\/ocoerente.com.br\\\/se\\\/2024\\\/02\\\/06\\\/senador-alessandro-pede-agilidade-no-pagamento-do-bpc-bolsa-familia\\\/\"},\"wordCount\":365,\"publisher\":{\"@id\":\"https:\\\/\\\/ocoerente.com.br\\\/se\\\/#\\\/schema\\\/person\\\/cc6bfd9fbca465e23543b0c963d8d037\"},\"image\":{\"@id\":\"https:\\\/\\\/ocoerente.com.br\\\/se\\\/2024\\\/02\\\/06\\\/senador-alessandro-pede-agilidade-no-pagamento-do-bpc-bolsa-familia\\\/#primaryimage\"},\"thumbnailUrl\":\"https:\\\/\\\/ocoerente.com.br\\\/se\\\/wp-content\\\/uploads\\\/2024\\\/02\\\/alessandro-bpc.jpg\",\"articleSection\":[\"Brasil\",\"Destaques\"],\"inLanguage\":\"pt-BR\"},{\"@type\":\"WebPage\",\"@id\":\"https:\\\/\\\/ocoerente.com.br\\\/se\\\/2024\\\/02\\\/06\\\/senador-alessandro-pede-agilidade-no-pagamento-do-bpc-bolsa-familia\\\/\",\"url\":\"https:\\\/\\\/ocoerente.com.br\\\/se\\\/2024\\\/02\\\/06\\\/senador-alessandro-pede-agilidade-no-pagamento-do-bpc-bolsa-familia\\\/\",\"name\":\"Senador Alessandro pede agilidade no pagamento do BPC + Bolsa Fam\u00edlia - O Coerente\",\"isPartOf\":{\"@id\":\"https:\\\/\\\/ocoerente.com.br\\\/se\\\/#website\"},\"primaryImageOfPage\":{\"@id\":\"https:\\\/\\\/ocoerente.com.br\\\/se\\\/2024\\\/02\\\/06\\\/senador-alessandro-pede-agilidade-no-pagamento-do-bpc-bolsa-familia\\\/#primaryimage\"},\"image\":{\"@id\":\"https:\\\/\\\/ocoerente.com.br\\\/se\\\/2024\\\/02\\\/06\\\/senador-alessandro-pede-agilidade-no-pagamento-do-bpc-bolsa-familia\\\/#primaryimage\"},\"thumbnailUrl\":\"https:\\\/\\\/ocoerente.com.br\\\/se\\\/wp-content\\\/uploads\\\/2024\\\/02\\\/alessandro-bpc.jpg\",\"datePublished\":\"2024-02-07T02:05:22+00:00\",\"breadcrumb\":{\"@id\":\"https:\\\/\\\/ocoerente.com.br\\\/se\\\/2024\\\/02\\\/06\\\/senador-alessandro-pede-agilidade-no-pagamento-do-bpc-bolsa-familia\\\/#breadcrumb\"},\"inLanguage\":\"pt-BR\",\"potentialAction\":[{\"@type\":\"ReadAction\",\"target\":[\"https:\\\/\\\/ocoerente.com.br\\\/se\\\/2024\\\/02\\\/06\\\/senador-alessandro-pede-agilidade-no-pagamento-do-bpc-bolsa-familia\\\/\"]}]},{\"@type\":\"ImageObject\",\"inLanguage\":\"pt-BR\",\"@id\":\"https:\\\/\\\/ocoerente.com.br\\\/se\\\/2024\\\/02\\\/06\\\/senador-alessandro-pede-agilidade-no-pagamento-do-bpc-bolsa-familia\\\/#primaryimage\",\"url\":\"https:\\\/\\\/ocoerente.com.br\\\/se\\\/wp-content\\\/uploads\\\/2024\\\/02\\\/alessandro-bpc.jpg\",\"contentUrl\":\"https:\\\/\\\/ocoerente.com.br\\\/se\\\/wp-content\\\/uploads\\\/2024\\\/02\\\/alessandro-bpc.jpg\",\"width\":1600,\"height\":1200},{\"@type\":\"BreadcrumbList\",\"@id\":\"https:\\\/\\\/ocoerente.com.br\\\/se\\\/2024\\\/02\\\/06\\\/senador-alessandro-pede-agilidade-no-pagamento-do-bpc-bolsa-familia\\\/#breadcrumb\",\"itemListElement\":[{\"@type\":\"ListItem\",\"position\":1,\"name\":\"In\u00edcio\",\"item\":\"https:\\\/\\\/ocoerente.com.br\\\/se\\\/\"},{\"@type\":\"ListItem\",\"position\":2,\"name\":\"Senador Alessandro pede agilidade no pagamento do BPC + Bolsa Fam\u00edlia\"}]},{\"@type\":\"WebSite\",\"@id\":\"https:\\\/\\\/ocoerente.com.br\\\/se\\\/#website\",\"url\":\"https:\\\/\\\/ocoerente.com.br\\\/se\\\/\",\"name\":\"O Coerente\",\"description\":\"\",\"publisher\":{\"@id\":\"https:\\\/\\\/ocoerente.com.br\\\/se\\\/#\\\/schema\\\/person\\\/cc6bfd9fbca465e23543b0c963d8d037\"},\"potentialAction\":[{\"@type\":\"SearchAction\",\"target\":{\"@type\":\"EntryPoint\",\"urlTemplate\":\"https:\\\/\\\/ocoerente.com.br\\\/se\\\/?s={search_term_string}\"},\"query-input\":{\"@type\":\"PropertyValueSpecification\",\"valueRequired\":true,\"valueName\":\"search_term_string\"}}],\"inLanguage\":\"pt-BR\"},{\"@type\":[\"Person\",\"Organization\"],\"@id\":\"https:\\\/\\\/ocoerente.com.br\\\/se\\\/#\\\/schema\\\/person\\\/cc6bfd9fbca465e23543b0c963d8d037\",\"name\":\"Reda\u00e7\u00e3o\",\"image\":{\"@type\":\"ImageObject\",\"inLanguage\":\"pt-BR\",\"@id\":\"https:\\\/\\\/ocoerente.com.br\\\/se\\\/wp-content\\\/uploads\\\/2020\\\/01\\\/ocoerente-1.png\",\"url\":\"https:\\\/\\\/ocoerente.com.br\\\/se\\\/wp-content\\\/uploads\\\/2020\\\/01\\\/ocoerente-1.png\",\"contentUrl\":\"https:\\\/\\\/ocoerente.com.br\\\/se\\\/wp-content\\\/uploads\\\/2020\\\/01\\\/ocoerente-1.png\",\"width\":50,\"height\":50,\"caption\":\"Reda\u00e7\u00e3o\"},\"logo\":{\"@id\":\"https:\\\/\\\/ocoerente.com.br\\\/se\\\/wp-content\\\/uploads\\\/2020\\\/01\\\/ocoerente-1.png\"},\"url\":\"https:\\\/\\\/ocoerente.com.br\\\/se\\\/author\\\/vasticlsales\\\/\"}]}<\/script>\n<!-- \/ Yoast SEO plugin. -->","yoast_head_json":{"title":"Senador Alessandro pede agilidade no pagamento do BPC + Bolsa Fam\u00edlia - O Coerente","robots":{"index":"index","follow":"follow","max-snippet":"max-snippet:-1","max-image-preview":"max-image-preview:large","max-video-preview":"max-video-preview:-1"},"canonical":"https:\/\/ocoerente.com.br\/se\/2024\/02\/06\/senador-alessandro-pede-agilidade-no-pagamento-do-bpc-bolsa-familia\/","og_locale":"pt_BR","og_type":"article","og_title":"Senador Alessandro pede agilidade no pagamento do BPC + Bolsa Fam\u00edlia - O Coerente","og_description":"O senador Alessandro Vieira (MDB\/SE) retomou os trabalhos legislativos em Bras\u00edlia nesta ter\u00e7a-feira (06), onde participou de uma reuni\u00e3o com o ministro do Desenvolvimento e Assist\u00eancia Social, Fam\u00edlia e Combate \u00e0 Fome, Wellington Dias, e com a secret\u00e1ria de Inclus\u00e3o, Assist\u00eancia e do Desenvolvimento Social, Eliane Aquino, para tratar de duas pautas importantes para o [&hellip;]","og_url":"https:\/\/ocoerente.com.br\/se\/2024\/02\/06\/senador-alessandro-pede-agilidade-no-pagamento-do-bpc-bolsa-familia\/","og_site_name":"O Coerente","article_published_time":"2024-02-07T02:05:22+00:00","og_image":[{"width":1600,"height":1200,"url":"https:\/\/ocoerente.com.br\/se\/wp-content\/uploads\/2024\/02\/alessandro-bpc.jpg","type":"image\/jpeg"}],"author":"Reda\u00e7\u00e3o","twitter_card":"summary_large_image","twitter_misc":{"Escrito por":"Reda\u00e7\u00e3o","Est. tempo de leitura":"2 minutos"},"schema":{"@context":"https:\/\/schema.org","@graph":[{"@type":"Article","@id":"https:\/\/ocoerente.com.br\/se\/2024\/02\/06\/senador-alessandro-pede-agilidade-no-pagamento-do-bpc-bolsa-familia\/#article","isPartOf":{"@id":"https:\/\/ocoerente.com.br\/se\/2024\/02\/06\/senador-alessandro-pede-agilidade-no-pagamento-do-bpc-bolsa-familia\/"},"author":{"name":"Reda\u00e7\u00e3o","@id":"https:\/\/ocoerente.com.br\/se\/#\/schema\/person\/cc6bfd9fbca465e23543b0c963d8d037"},"headline":"Senador Alessandro pede agilidade no pagamento do BPC + Bolsa Fam\u00edlia","datePublished":"2024-02-07T02:05:22+00:00","mainEntityOfPage":{"@id":"https:\/\/ocoerente.com.br\/se\/2024\/02\/06\/senador-alessandro-pede-agilidade-no-pagamento-do-bpc-bolsa-familia\/"},"wordCount":365,"publisher":{"@id":"https:\/\/ocoerente.com.br\/se\/#\/schema\/person\/cc6bfd9fbca465e23543b0c963d8d037"},"image":{"@id":"https:\/\/ocoerente.com.br\/se\/2024\/02\/06\/senador-alessandro-pede-agilidade-no-pagamento-do-bpc-bolsa-familia\/#primaryimage"},"thumbnailUrl":"https:\/\/ocoerente.com.br\/se\/wp-content\/uploads\/2024\/02\/alessandro-bpc.jpg","articleSection":["Brasil","Destaques"],"inLanguage":"pt-BR"},{"@type":"WebPage","@id":"https:\/\/ocoerente.com.br\/se\/2024\/02\/06\/senador-alessandro-pede-agilidade-no-pagamento-do-bpc-bolsa-familia\/","url":"https:\/\/ocoerente.com.br\/se\/2024\/02\/06\/senador-alessandro-pede-agilidade-no-pagamento-do-bpc-bolsa-familia\/","name":"Senador Alessandro pede agilidade no pagamento do BPC + Bolsa Fam\u00edlia - O Coerente","isPartOf":{"@id":"https:\/\/ocoerente.com.br\/se\/#website"},"primaryImageOfPage":{"@id":"https:\/\/ocoerente.com.br\/se\/2024\/02\/06\/senador-alessandro-pede-agilidade-no-pagamento-do-bpc-bolsa-familia\/#primaryimage"},"image":{"@id":"https:\/\/ocoerente.com.br\/se\/2024\/02\/06\/senador-alessandro-pede-agilidade-no-pagamento-do-bpc-bolsa-familia\/#primaryimage"},"thumbnailUrl":"https:\/\/ocoerente.com.br\/se\/wp-content\/uploads\/2024\/02\/alessandro-bpc.jpg","datePublished":"2024-02-07T02:05:22+00:00","breadcrumb":{"@id":"https:\/\/ocoerente.com.br\/se\/2024\/02\/06\/senador-alessandro-pede-agilidade-no-pagamento-do-bpc-bolsa-familia\/#breadcrumb"},"inLanguage":"pt-BR","potentialAction":[{"@type":"ReadAction","target":["https:\/\/ocoerente.com.br\/se\/2024\/02\/06\/senador-alessandro-pede-agilidade-no-pagamento-do-bpc-bolsa-familia\/"]}]},{"@type":"ImageObject","inLanguage":"pt-BR","@id":"https:\/\/ocoerente.com.br\/se\/2024\/02\/06\/senador-alessandro-pede-agilidade-no-pagamento-do-bpc-bolsa-familia\/#primaryimage","url":"https:\/\/ocoerente.com.br\/se\/wp-content\/uploads\/2024\/02\/alessandro-bpc.jpg","contentUrl":"https:\/\/ocoerente.com.br\/se\/wp-content\/uploads\/2024\/02\/alessandro-bpc.jpg","width":1600,"height":1200},{"@type":"BreadcrumbList","@id":"https:\/\/ocoerente.com.br\/se\/2024\/02\/06\/senador-alessandro-pede-agilidade-no-pagamento-do-bpc-bolsa-familia\/#breadcrumb","itemListElement":[{"@type":"ListItem","position":1,"name":"In\u00edcio","item":"https:\/\/ocoerente.com.br\/se\/"},{"@type":"ListItem","position":2,"name":"Senador Alessandro pede agilidade no pagamento do BPC + Bolsa Fam\u00edlia"}]},{"@type":"WebSite","@id":"https:\/\/ocoerente.com.br\/se\/#website","url":"https:\/\/ocoerente.com.br\/se\/","name":"O Coerente","description":"","publisher":{"@id":"https:\/\/ocoerente.com.br\/se\/#\/schema\/person\/cc6bfd9fbca465e23543b0c963d8d037"},"potentialAction":[{"@type":"SearchAction","target":{"@type":"EntryPoint","urlTemplate":"https:\/\/ocoerente.com.br\/se\/?s={search_term_string}"},"query-input":{"@type":"PropertyValueSpecification","valueRequired":true,"valueName":"search_term_string"}}],"inLanguage":"pt-BR"},{"@type":["Person","Organization"],"@id":"https:\/\/ocoerente.com.br\/se\/#\/schema\/person\/cc6bfd9fbca465e23543b0c963d8d037","name":"Reda\u00e7\u00e3o","image":{"@type":"ImageObject","inLanguage":"pt-BR","@id":"https:\/\/ocoerente.com.br\/se\/wp-content\/uploads\/2020\/01\/ocoerente-1.png","url":"https:\/\/ocoerente.com.br\/se\/wp-content\/uploads\/2020\/01\/ocoerente-1.png","contentUrl":"https:\/\/ocoerente.com.br\/se\/wp-content\/uploads\/2020\/01\/ocoerente-1.png","width":50,"height":50,"caption":"Reda\u00e7\u00e3o"},"logo":{"@id":"https:\/\/ocoerente.com.br\/se\/wp-content\/uploads\/2020\/01\/ocoerente-1.png"},"url":"https:\/\/ocoerente.com.br\/se\/author\/vasticlsales\/"}]}},"_links":{"self":[{"href":"https:\/\/ocoerente.com.br\/se\/wp-json\/wp\/v2\/posts\/8205","targetHints":{"allow":["GET"]}}],"collection":[{"href":"https:\/\/ocoerente.com.br\/se\/wp-json\/wp\/v2\/posts"}],"about":[{"href":"https:\/\/ocoerente.com.br\/se\/wp-json\/wp\/v2\/types\/post"}],"author":[{"embeddable":true,"href":"https:\/\/ocoerente.com.br\/se\/wp-json\/wp\/v2\/users\/1"}],"replies":[{"embeddable":true,"href":"https:\/\/ocoerente.com.br\/se\/wp-json\/wp\/v2\/comments?post=8205"}],"version-history":[{"count":1,"href":"https:\/\/ocoerente.com.br\/se\/wp-json\/wp\/v2\/posts\/8205\/revisions"}],"predecessor-version":[{"id":8207,"href":"https:\/\/ocoerente.com.br\/se\/wp-json\/wp\/v2\/posts\/8205\/revisions\/8207"}],"wp:featuredmedia":[{"embeddable":true,"href":"https:\/\/ocoerente.com.br\/se\/wp-json\/wp\/v2\/media\/8206"}],"wp:attachment":[{"href":"https:\/\/ocoerente.com.br\/se\/wp-json\/wp\/v2\/media?parent=8205"}],"wp:term":[{"taxonomy":"category","embeddable":true,"href":"https:\/\/ocoerente.com.br\/se\/wp-json\/wp\/v2\/categories?post=8205"},{"taxonomy":"post_tag","embeddable":true,"href":"https:\/\/ocoerente.com.br\/se\/wp-json\/wp\/v2\/tags?post=8205"}],"curies":[{"name":"wp","href":"https:\/\/api.w.org\/{rel}","templated":true}]}}