{"id":8193,"date":"2024-02-06T16:15:40","date_gmt":"2024-02-06T19:15:40","guid":{"rendered":"https:\/\/ocoerente.com.br\/se\/?p=8193"},"modified":"2024-02-06T16:15:41","modified_gmt":"2024-02-06T19:15:41","slug":"governo-do-estado-leva-verao-sergipe-para-o-carnaval-do-abais-a-partir-do-sabado","status":"publish","type":"post","link":"https:\/\/ocoerente.com.br\/se\/2024\/02\/06\/governo-do-estado-leva-verao-sergipe-para-o-carnaval-do-abais-a-partir-do-sabado\/","title":{"rendered":"Governo do Estado leva Ver\u00e3o Sergipe para o Carnaval do Aba\u00eds, a partir do s\u00e1bado"},"content":{"rendered":"\n<p><em>O ex-Timbalada Ninha, o grupo Filhos da Bahia e Cavaleiros El\u00e9trico comandam a festa de Momo no munic\u00edpio, que vai de 10 a 12 de fevereiro<\/em><\/p>\n\n\n\n<p>Depois de quatro finais de semana em que passou pela Praia da Caueira, em Itaporanga d\u2019Ajuda, Ponta dos Mangues, em Pacatuba, Canind\u00e9 de S\u00e3o Francisco e Pirambu, o Ver\u00e3o Sergipe agora segue para o Carnaval na Praia do Aba\u00eds, em Est\u00e2ncia, no litoral sul do estado. O Governo de Sergipe, realizador do evento, leva, no per\u00edodo de 10 a 12, uma vasta programa\u00e7\u00e3o art\u00edstica para quem for curtir os dias de Momo na Praia de Pirambu, uma das mais procuradas por turistas e sergipanos.<\/p>\n\n\n\n<p>Nomes como Pagod\u2019art, Ninha, ex-Timbalada, Bruninho Top 7, Filhos da Bahia, Guig Ghetto e Tuca Veloz, entre outros, animar\u00e3o os foli\u00f5es. A realiza\u00e7\u00e3o do Ver\u00e3o Sergipe, ap\u00f3s 11 anos sem ser promovido pela gest\u00e3o estadual, tem como objetivo contribuir com a interioriza\u00e7\u00e3o do turismo e com o crescimento da economia local, que j\u00e1 tem suas praias tradicionalmente inclu\u00eddas no roteiro tur\u00edstico.&nbsp;&nbsp;&nbsp;<\/p>\n\n\n\n<p>De acordo com a secret\u00e1ria Municipal da Cultura, Lidiane Nobre, com o apoio do Governo do Estado, a expectativa \u00e9 de que a rotatividade na hospedagem cres\u00e7a exponencialmente nesse per\u00edodo. \u201cNossas pousadas, restaurantes e bares est\u00e3o muito procurados, sem d\u00favida. Eventos grandes assim estimulam a economia criativa, inclusive. Est\u00e2ncia agradece, e os nossos mun\u00edcipes, tamb\u00e9m\u201d, declarou a gestora. Segundo ela, a julgar pela festa de R\u00e9veillon 2023, que classificou como um grande sucesso, o Carnaval no Aba\u00eds deve repetir a fa\u00e7anha de p\u00fablico, com a ajuda do Governo do Estado, ao contratar as atra\u00e7\u00f5es que se apresentar\u00e3o nos tr\u00eas dias de festa.&nbsp;<\/p>\n\n\n\n<p><strong>Com\u00e9rcio local<\/strong><\/p>\n\n\n\n<p>A secret\u00e1ria Lidiane informou, tamb\u00e9m, que os reflexos do R\u00e9veillon reverberam at\u00e9 hoje na regi\u00e3o, quando se depara com comerciantes que comentam que conseguiram vender todo o estoque na virada de ano, e isto tem deixado as pessoas ansiosas com a chegada do Carnaval. \u201cEncontrei comerciantes que declararam que venderiam mais se tivessem mais estoque. A nossa praia superlotou no Ano Novo, assim como as nossas pousadas, restaurantes, enfim. Este legado trazemos para o Carnaval, que tradicionalmente em Est\u00e2ncia sempre teve esse fluxo, mas com a programa\u00e7\u00e3o esperamos mais, com certeza!\u201d.&nbsp;<\/p>\n\n\n\n<p>Confirmando o relato da secret\u00e1ria, a propriet\u00e1ria de um restaurante do Aba\u00eds, Let\u00edcia Barros, confirmou o sucesso de vendas na virada de ano e disse que espera o mesmo desfecho para a economia local no Carnaval 2024. \u201cComercializo refei\u00e7\u00f5es e bebidas. Nossa especialidade \u00e9 a mariscada e teve muita sa\u00edda no R\u00e9veillon. O turista aproveitou o dia 31 de dezembro, o lucro foi muito bom! Foi uma b\u00ean\u00e7\u00e3o e a expectativa \u00e9 que no Carnaval o sucesso se repita\u201d, disse a empres\u00e1ria.&nbsp;<\/p>\n\n\n\n<p>A pousada de Jos\u00e9 Roberto tamb\u00e9m registrou 100% de ocupa\u00e7\u00e3o, segundo informou o gerente. \u201cEstamos com uma expectativa muito boa. O R\u00e9veillon foi muito bom para n\u00f3s e por isso achamos que o Carnaval ser\u00e1 da mesma forma ou at\u00e9 melhor\u201d, declarou, ao revelar que em dezembro houve fila de espera para o seu estabelecimento. \u201cCome\u00e7amos cedo a organizar pacotes tamb\u00e9m para o Ver\u00e3o Sergipe no Carnaval e desde o in\u00edcio eles tiveram grande procura\u201d.<\/p>\n\n\n\n<p><strong>Alta esta\u00e7\u00e3o&nbsp;<\/strong><\/p>\n\n\n\n<p>Na Praia do Aba\u00eds, a maior parte das pessoas que trabalham no turismo aguarda a alta esta\u00e7\u00e3o para aquecer os neg\u00f3cios. Segundo a presidente da Associa\u00e7\u00e3o dos Moradores, Karina Liberal, o planejamento \u00e9 feito para o ver\u00e3o, para garantir o sustento de praticamente todo o resto do ano. \u201cTudo que \u00e9 feito para alavancar a festa na regi\u00e3o com certeza \u00e9 super bem-vindo e todos os empreendedores agradecem. O Ano Novo, por exemplo, foi um sucesso, e agora teremos o Carnaval, com o apoio do Governo do Estado\u201d, especificou.<br><br>Segundo a lideran\u00e7a, atualmente a realidade econ\u00f4mica da Praia do Aba\u00eds \u00e9 originada de atividades do turismo e do com\u00e9rcio, atividades essenciais para pequenos fornecedores como os pescadores. \u201cTodos os dias saem dois, tr\u00eas barcos para o mar\u201d, informou. A movimenta\u00e7\u00e3o na praia tamb\u00e9m reflete na produ\u00e7\u00e3o do extrativismo nos povoados vizinhos que produzem mangaba. O consumo do Aba\u00eds geralmente vem do Centro de Est\u00e2ncia. Muitos empreendedores v\u00e3o a Aracaju, mas a maioria consome no com\u00e9rcio local, o que significa que qualquer evento que beneficia a Praia do Aba\u00eds no turismo consequentemente beneficia os moradores dos povoados Cachoeirinha, Coqueiro, Manuel Dias e Ribuleirinha.<\/p>\n\n\n\n<p>\u201cCom o apoio do Estado, o Carnaval do Aba\u00eds vai gerar renda para a popula\u00e7\u00e3o. Isso gera expectativa, por exemplo, em rela\u00e7\u00e3o \u00e0s pousadas, restaurantes, bares, enfim, todo o com\u00e9rcio. As casas j\u00e1 est\u00e3o sendo alugadas para temporada e isso gera emprego, renda, expectativa aqui para a nossa popula\u00e7\u00e3o\u201d, declarou o prefeito Gilson Andrade, ao avaliar a import\u00e2ncia do Ver\u00e3o Sergipe no munic\u00edpio.<\/p>\n\n\n\n<p><strong>Programa\u00e7\u00e3o<\/strong><\/p>\n\n\n\n<p>Para o Carnaval do Aba\u00eds, o Governo do Estado preparou uma programa\u00e7\u00e3o especial dentro do Ver\u00e3o Sergipe. No s\u00e1bado, 10, os shows come\u00e7am com Val Valverde (20h), seguido por Pagod&#8217;art (22h) e Ninha (0h). J\u00e1 no domingo, 11, \u00e9 a vez de Bruninho Top 7 (20h); Guig Ghetto (22h) e Filhos da Bahia (0h). E na segunda, 12, sobem ao palco Tuca Veloz (20); Ittauan (22h) e Cavaleiros El\u00e9trico (0h).<\/p>\n\n\n\n<p>O Ver\u00e3o Sergipe \u00e9 realizado pelo Governo de Sergipe, por meio da Funda\u00e7\u00e3o de Cultura e Arte Aperip\u00ea (Funcap) em parceria com o Minist\u00e9rio da Cultura, com patroc\u00ednio do Banese e Energisa, e conta com apoio das prefeituras de Itaporanga d\u2019Ajuda, Pacatuba, Canind\u00e9 de S\u00e3o Francisco, Pirambu e Est\u00e2ncia, e Deso.<\/p>\n\n\n\n<p><strong>se.gov.br<\/strong><\/p>\n\n\n\n<p><a href=\"https:\/\/www.se.gov.br\/anexos\/\/uploads\/image\/image\/329513\/slide_c8adfbb38f77a22a7f4388f0a3f4ec8a.JPG\"><\/a><\/p>\n","protected":false},"excerpt":{"rendered":"<p>O ex-Timbalada Ninha, o grupo Filhos da Bahia e Cavaleiros El\u00e9trico comandam a festa de Momo no munic\u00edpio, que vai de 10 a 12 de fevereiro Depois de quatro finais de semana em que passou pela Praia da Caueira, em Itaporanga d\u2019Ajuda, Ponta dos Mangues, em Pacatuba, Canind\u00e9 de S\u00e3o Francisco e Pirambu, o Ver\u00e3o [&hellip;]<\/p>\n","protected":false},"author":1,"featured_media":8194,"comment_status":"closed","ping_status":"closed","sticky":false,"template":"","format":"standard","meta":{"footnotes":""},"categories":[53,52],"tags":[],"class_list":["post-8193","post","type-post","status-publish","format-standard","has-post-thumbnail","hentry","category-destaques","category-entretenimento"],"yoast_head":"<!-- This site is optimized with the Yoast SEO plugin v27.4 - https:\/\/yoast.com\/product\/yoast-seo-wordpress\/ -->\n<title>Governo do Estado leva Ver\u00e3o Sergipe para o Carnaval do Aba\u00eds, a partir do s\u00e1bado - O Coerente<\/title>\n<meta name=\"robots\" content=\"index, follow, max-snippet:-1, max-image-preview:large, max-video-preview:-1\" \/>\n<link rel=\"canonical\" href=\"https:\/\/ocoerente.com.br\/se\/2024\/02\/06\/governo-do-estado-leva-verao-sergipe-para-o-carnaval-do-abais-a-partir-do-sabado\/\" \/>\n<meta property=\"og:locale\" content=\"pt_BR\" \/>\n<meta property=\"og:type\" content=\"article\" \/>\n<meta property=\"og:title\" content=\"Governo do Estado leva Ver\u00e3o Sergipe para o Carnaval do Aba\u00eds, a partir do s\u00e1bado - O Coerente\" \/>\n<meta property=\"og:description\" content=\"O ex-Timbalada Ninha, o grupo Filhos da Bahia e Cavaleiros El\u00e9trico comandam a festa de Momo no munic\u00edpio, que vai de 10 a 12 de fevereiro Depois de quatro finais de semana em que passou pela Praia da Caueira, em Itaporanga d\u2019Ajuda, Ponta dos Mangues, em Pacatuba, Canind\u00e9 de S\u00e3o Francisco e Pirambu, o Ver\u00e3o [&hellip;]\" \/>\n<meta property=\"og:url\" content=\"https:\/\/ocoerente.com.br\/se\/2024\/02\/06\/governo-do-estado-leva-verao-sergipe-para-o-carnaval-do-abais-a-partir-do-sabado\/\" \/>\n<meta property=\"og:site_name\" content=\"O Coerente\" \/>\n<meta property=\"article:published_time\" content=\"2024-02-06T19:15:40+00:00\" \/>\n<meta property=\"article:modified_time\" content=\"2024-02-06T19:15:41+00:00\" \/>\n<meta property=\"og:image\" content=\"https:\/\/ocoerente.com.br\/se\/wp-content\/uploads\/2024\/02\/abaisss.jpg\" \/>\n\t<meta property=\"og:image:width\" content=\"1100\" \/>\n\t<meta property=\"og:image:height\" content=\"610\" \/>\n\t<meta property=\"og:image:type\" content=\"image\/jpeg\" \/>\n<meta name=\"author\" content=\"Reda\u00e7\u00e3o\" \/>\n<meta name=\"twitter:card\" content=\"summary_large_image\" \/>\n<meta name=\"twitter:label1\" content=\"Escrito por\" \/>\n\t<meta name=\"twitter:data1\" content=\"Reda\u00e7\u00e3o\" \/>\n\t<meta name=\"twitter:label2\" content=\"Est. tempo de leitura\" \/>\n\t<meta name=\"twitter:data2\" content=\"5 minutos\" \/>\n<script type=\"application\/ld+json\" class=\"yoast-schema-graph\">{\"@context\":\"https:\\\/\\\/schema.org\",\"@graph\":[{\"@type\":\"Article\",\"@id\":\"https:\\\/\\\/ocoerente.com.br\\\/se\\\/2024\\\/02\\\/06\\\/governo-do-estado-leva-verao-sergipe-para-o-carnaval-do-abais-a-partir-do-sabado\\\/#article\",\"isPartOf\":{\"@id\":\"https:\\\/\\\/ocoerente.com.br\\\/se\\\/2024\\\/02\\\/06\\\/governo-do-estado-leva-verao-sergipe-para-o-carnaval-do-abais-a-partir-do-sabado\\\/\"},\"author\":{\"name\":\"Reda\u00e7\u00e3o\",\"@id\":\"https:\\\/\\\/ocoerente.com.br\\\/se\\\/#\\\/schema\\\/person\\\/cc6bfd9fbca465e23543b0c963d8d037\"},\"headline\":\"Governo do Estado leva Ver\u00e3o Sergipe para o Carnaval do Aba\u00eds, a partir do s\u00e1bado\",\"datePublished\":\"2024-02-06T19:15:40+00:00\",\"dateModified\":\"2024-02-06T19:15:41+00:00\",\"mainEntityOfPage\":{\"@id\":\"https:\\\/\\\/ocoerente.com.br\\\/se\\\/2024\\\/02\\\/06\\\/governo-do-estado-leva-verao-sergipe-para-o-carnaval-do-abais-a-partir-do-sabado\\\/\"},\"wordCount\":1009,\"publisher\":{\"@id\":\"https:\\\/\\\/ocoerente.com.br\\\/se\\\/#\\\/schema\\\/person\\\/cc6bfd9fbca465e23543b0c963d8d037\"},\"image\":{\"@id\":\"https:\\\/\\\/ocoerente.com.br\\\/se\\\/2024\\\/02\\\/06\\\/governo-do-estado-leva-verao-sergipe-para-o-carnaval-do-abais-a-partir-do-sabado\\\/#primaryimage\"},\"thumbnailUrl\":\"https:\\\/\\\/ocoerente.com.br\\\/se\\\/wp-content\\\/uploads\\\/2024\\\/02\\\/abaisss.jpg\",\"articleSection\":[\"Destaques\",\"Entretenimento\"],\"inLanguage\":\"pt-BR\"},{\"@type\":\"WebPage\",\"@id\":\"https:\\\/\\\/ocoerente.com.br\\\/se\\\/2024\\\/02\\\/06\\\/governo-do-estado-leva-verao-sergipe-para-o-carnaval-do-abais-a-partir-do-sabado\\\/\",\"url\":\"https:\\\/\\\/ocoerente.com.br\\\/se\\\/2024\\\/02\\\/06\\\/governo-do-estado-leva-verao-sergipe-para-o-carnaval-do-abais-a-partir-do-sabado\\\/\",\"name\":\"Governo do Estado leva Ver\u00e3o Sergipe para o Carnaval do Aba\u00eds, a partir do s\u00e1bado - O Coerente\",\"isPartOf\":{\"@id\":\"https:\\\/\\\/ocoerente.com.br\\\/se\\\/#website\"},\"primaryImageOfPage\":{\"@id\":\"https:\\\/\\\/ocoerente.com.br\\\/se\\\/2024\\\/02\\\/06\\\/governo-do-estado-leva-verao-sergipe-para-o-carnaval-do-abais-a-partir-do-sabado\\\/#primaryimage\"},\"image\":{\"@id\":\"https:\\\/\\\/ocoerente.com.br\\\/se\\\/2024\\\/02\\\/06\\\/governo-do-estado-leva-verao-sergipe-para-o-carnaval-do-abais-a-partir-do-sabado\\\/#primaryimage\"},\"thumbnailUrl\":\"https:\\\/\\\/ocoerente.com.br\\\/se\\\/wp-content\\\/uploads\\\/2024\\\/02\\\/abaisss.jpg\",\"datePublished\":\"2024-02-06T19:15:40+00:00\",\"dateModified\":\"2024-02-06T19:15:41+00:00\",\"breadcrumb\":{\"@id\":\"https:\\\/\\\/ocoerente.com.br\\\/se\\\/2024\\\/02\\\/06\\\/governo-do-estado-leva-verao-sergipe-para-o-carnaval-do-abais-a-partir-do-sabado\\\/#breadcrumb\"},\"inLanguage\":\"pt-BR\",\"potentialAction\":[{\"@type\":\"ReadAction\",\"target\":[\"https:\\\/\\\/ocoerente.com.br\\\/se\\\/2024\\\/02\\\/06\\\/governo-do-estado-leva-verao-sergipe-para-o-carnaval-do-abais-a-partir-do-sabado\\\/\"]}]},{\"@type\":\"ImageObject\",\"inLanguage\":\"pt-BR\",\"@id\":\"https:\\\/\\\/ocoerente.com.br\\\/se\\\/2024\\\/02\\\/06\\\/governo-do-estado-leva-verao-sergipe-para-o-carnaval-do-abais-a-partir-do-sabado\\\/#primaryimage\",\"url\":\"https:\\\/\\\/ocoerente.com.br\\\/se\\\/wp-content\\\/uploads\\\/2024\\\/02\\\/abaisss.jpg\",\"contentUrl\":\"https:\\\/\\\/ocoerente.com.br\\\/se\\\/wp-content\\\/uploads\\\/2024\\\/02\\\/abaisss.jpg\",\"width\":1100,\"height\":610,\"caption\":\"Governo do Estado leva Ver\u00e3o Sergipe para o Carnaval do Aba\u00eds, a partir do s\u00e1bado \\\/ Foto: Erick O'Hara\"},{\"@type\":\"BreadcrumbList\",\"@id\":\"https:\\\/\\\/ocoerente.com.br\\\/se\\\/2024\\\/02\\\/06\\\/governo-do-estado-leva-verao-sergipe-para-o-carnaval-do-abais-a-partir-do-sabado\\\/#breadcrumb\",\"itemListElement\":[{\"@type\":\"ListItem\",\"position\":1,\"name\":\"In\u00edcio\",\"item\":\"https:\\\/\\\/ocoerente.com.br\\\/se\\\/\"},{\"@type\":\"ListItem\",\"position\":2,\"name\":\"Governo do Estado leva Ver\u00e3o Sergipe para o Carnaval do Aba\u00eds, a partir do s\u00e1bado\"}]},{\"@type\":\"WebSite\",\"@id\":\"https:\\\/\\\/ocoerente.com.br\\\/se\\\/#website\",\"url\":\"https:\\\/\\\/ocoerente.com.br\\\/se\\\/\",\"name\":\"O Coerente\",\"description\":\"\",\"publisher\":{\"@id\":\"https:\\\/\\\/ocoerente.com.br\\\/se\\\/#\\\/schema\\\/person\\\/cc6bfd9fbca465e23543b0c963d8d037\"},\"potentialAction\":[{\"@type\":\"SearchAction\",\"target\":{\"@type\":\"EntryPoint\",\"urlTemplate\":\"https:\\\/\\\/ocoerente.com.br\\\/se\\\/?s={search_term_string}\"},\"query-input\":{\"@type\":\"PropertyValueSpecification\",\"valueRequired\":true,\"valueName\":\"search_term_string\"}}],\"inLanguage\":\"pt-BR\"},{\"@type\":[\"Person\",\"Organization\"],\"@id\":\"https:\\\/\\\/ocoerente.com.br\\\/se\\\/#\\\/schema\\\/person\\\/cc6bfd9fbca465e23543b0c963d8d037\",\"name\":\"Reda\u00e7\u00e3o\",\"image\":{\"@type\":\"ImageObject\",\"inLanguage\":\"pt-BR\",\"@id\":\"https:\\\/\\\/ocoerente.com.br\\\/se\\\/wp-content\\\/uploads\\\/2020\\\/01\\\/ocoerente-1.png\",\"url\":\"https:\\\/\\\/ocoerente.com.br\\\/se\\\/wp-content\\\/uploads\\\/2020\\\/01\\\/ocoerente-1.png\",\"contentUrl\":\"https:\\\/\\\/ocoerente.com.br\\\/se\\\/wp-content\\\/uploads\\\/2020\\\/01\\\/ocoerente-1.png\",\"width\":50,\"height\":50,\"caption\":\"Reda\u00e7\u00e3o\"},\"logo\":{\"@id\":\"https:\\\/\\\/ocoerente.com.br\\\/se\\\/wp-content\\\/uploads\\\/2020\\\/01\\\/ocoerente-1.png\"},\"url\":\"https:\\\/\\\/ocoerente.com.br\\\/se\\\/author\\\/vasticlsales\\\/\"}]}<\/script>\n<!-- \/ Yoast SEO plugin. -->","yoast_head_json":{"title":"Governo do Estado leva Ver\u00e3o Sergipe para o Carnaval do Aba\u00eds, a partir do s\u00e1bado - O Coerente","robots":{"index":"index","follow":"follow","max-snippet":"max-snippet:-1","max-image-preview":"max-image-preview:large","max-video-preview":"max-video-preview:-1"},"canonical":"https:\/\/ocoerente.com.br\/se\/2024\/02\/06\/governo-do-estado-leva-verao-sergipe-para-o-carnaval-do-abais-a-partir-do-sabado\/","og_locale":"pt_BR","og_type":"article","og_title":"Governo do Estado leva Ver\u00e3o Sergipe para o Carnaval do Aba\u00eds, a partir do s\u00e1bado - O Coerente","og_description":"O ex-Timbalada Ninha, o grupo Filhos da Bahia e Cavaleiros El\u00e9trico comandam a festa de Momo no munic\u00edpio, que vai de 10 a 12 de fevereiro Depois de quatro finais de semana em que passou pela Praia da Caueira, em Itaporanga d\u2019Ajuda, Ponta dos Mangues, em Pacatuba, Canind\u00e9 de S\u00e3o Francisco e Pirambu, o Ver\u00e3o [&hellip;]","og_url":"https:\/\/ocoerente.com.br\/se\/2024\/02\/06\/governo-do-estado-leva-verao-sergipe-para-o-carnaval-do-abais-a-partir-do-sabado\/","og_site_name":"O Coerente","article_published_time":"2024-02-06T19:15:40+00:00","article_modified_time":"2024-02-06T19:15:41+00:00","og_image":[{"width":1100,"height":610,"url":"https:\/\/ocoerente.com.br\/se\/wp-content\/uploads\/2024\/02\/abaisss.jpg","type":"image\/jpeg"}],"author":"Reda\u00e7\u00e3o","twitter_card":"summary_large_image","twitter_misc":{"Escrito por":"Reda\u00e7\u00e3o","Est. tempo de leitura":"5 minutos"},"schema":{"@context":"https:\/\/schema.org","@graph":[{"@type":"Article","@id":"https:\/\/ocoerente.com.br\/se\/2024\/02\/06\/governo-do-estado-leva-verao-sergipe-para-o-carnaval-do-abais-a-partir-do-sabado\/#article","isPartOf":{"@id":"https:\/\/ocoerente.com.br\/se\/2024\/02\/06\/governo-do-estado-leva-verao-sergipe-para-o-carnaval-do-abais-a-partir-do-sabado\/"},"author":{"name":"Reda\u00e7\u00e3o","@id":"https:\/\/ocoerente.com.br\/se\/#\/schema\/person\/cc6bfd9fbca465e23543b0c963d8d037"},"headline":"Governo do Estado leva Ver\u00e3o Sergipe para o Carnaval do Aba\u00eds, a partir do s\u00e1bado","datePublished":"2024-02-06T19:15:40+00:00","dateModified":"2024-02-06T19:15:41+00:00","mainEntityOfPage":{"@id":"https:\/\/ocoerente.com.br\/se\/2024\/02\/06\/governo-do-estado-leva-verao-sergipe-para-o-carnaval-do-abais-a-partir-do-sabado\/"},"wordCount":1009,"publisher":{"@id":"https:\/\/ocoerente.com.br\/se\/#\/schema\/person\/cc6bfd9fbca465e23543b0c963d8d037"},"image":{"@id":"https:\/\/ocoerente.com.br\/se\/2024\/02\/06\/governo-do-estado-leva-verao-sergipe-para-o-carnaval-do-abais-a-partir-do-sabado\/#primaryimage"},"thumbnailUrl":"https:\/\/ocoerente.com.br\/se\/wp-content\/uploads\/2024\/02\/abaisss.jpg","articleSection":["Destaques","Entretenimento"],"inLanguage":"pt-BR"},{"@type":"WebPage","@id":"https:\/\/ocoerente.com.br\/se\/2024\/02\/06\/governo-do-estado-leva-verao-sergipe-para-o-carnaval-do-abais-a-partir-do-sabado\/","url":"https:\/\/ocoerente.com.br\/se\/2024\/02\/06\/governo-do-estado-leva-verao-sergipe-para-o-carnaval-do-abais-a-partir-do-sabado\/","name":"Governo do Estado leva Ver\u00e3o Sergipe para o Carnaval do Aba\u00eds, a partir do s\u00e1bado - O Coerente","isPartOf":{"@id":"https:\/\/ocoerente.com.br\/se\/#website"},"primaryImageOfPage":{"@id":"https:\/\/ocoerente.com.br\/se\/2024\/02\/06\/governo-do-estado-leva-verao-sergipe-para-o-carnaval-do-abais-a-partir-do-sabado\/#primaryimage"},"image":{"@id":"https:\/\/ocoerente.com.br\/se\/2024\/02\/06\/governo-do-estado-leva-verao-sergipe-para-o-carnaval-do-abais-a-partir-do-sabado\/#primaryimage"},"thumbnailUrl":"https:\/\/ocoerente.com.br\/se\/wp-content\/uploads\/2024\/02\/abaisss.jpg","datePublished":"2024-02-06T19:15:40+00:00","dateModified":"2024-02-06T19:15:41+00:00","breadcrumb":{"@id":"https:\/\/ocoerente.com.br\/se\/2024\/02\/06\/governo-do-estado-leva-verao-sergipe-para-o-carnaval-do-abais-a-partir-do-sabado\/#breadcrumb"},"inLanguage":"pt-BR","potentialAction":[{"@type":"ReadAction","target":["https:\/\/ocoerente.com.br\/se\/2024\/02\/06\/governo-do-estado-leva-verao-sergipe-para-o-carnaval-do-abais-a-partir-do-sabado\/"]}]},{"@type":"ImageObject","inLanguage":"pt-BR","@id":"https:\/\/ocoerente.com.br\/se\/2024\/02\/06\/governo-do-estado-leva-verao-sergipe-para-o-carnaval-do-abais-a-partir-do-sabado\/#primaryimage","url":"https:\/\/ocoerente.com.br\/se\/wp-content\/uploads\/2024\/02\/abaisss.jpg","contentUrl":"https:\/\/ocoerente.com.br\/se\/wp-content\/uploads\/2024\/02\/abaisss.jpg","width":1100,"height":610,"caption":"Governo do Estado leva Ver\u00e3o Sergipe para o Carnaval do Aba\u00eds, a partir do s\u00e1bado \/ Foto: Erick O'Hara"},{"@type":"BreadcrumbList","@id":"https:\/\/ocoerente.com.br\/se\/2024\/02\/06\/governo-do-estado-leva-verao-sergipe-para-o-carnaval-do-abais-a-partir-do-sabado\/#breadcrumb","itemListElement":[{"@type":"ListItem","position":1,"name":"In\u00edcio","item":"https:\/\/ocoerente.com.br\/se\/"},{"@type":"ListItem","position":2,"name":"Governo do Estado leva Ver\u00e3o Sergipe para o Carnaval do Aba\u00eds, a partir do s\u00e1bado"}]},{"@type":"WebSite","@id":"https:\/\/ocoerente.com.br\/se\/#website","url":"https:\/\/ocoerente.com.br\/se\/","name":"O Coerente","description":"","publisher":{"@id":"https:\/\/ocoerente.com.br\/se\/#\/schema\/person\/cc6bfd9fbca465e23543b0c963d8d037"},"potentialAction":[{"@type":"SearchAction","target":{"@type":"EntryPoint","urlTemplate":"https:\/\/ocoerente.com.br\/se\/?s={search_term_string}"},"query-input":{"@type":"PropertyValueSpecification","valueRequired":true,"valueName":"search_term_string"}}],"inLanguage":"pt-BR"},{"@type":["Person","Organization"],"@id":"https:\/\/ocoerente.com.br\/se\/#\/schema\/person\/cc6bfd9fbca465e23543b0c963d8d037","name":"Reda\u00e7\u00e3o","image":{"@type":"ImageObject","inLanguage":"pt-BR","@id":"https:\/\/ocoerente.com.br\/se\/wp-content\/uploads\/2020\/01\/ocoerente-1.png","url":"https:\/\/ocoerente.com.br\/se\/wp-content\/uploads\/2020\/01\/ocoerente-1.png","contentUrl":"https:\/\/ocoerente.com.br\/se\/wp-content\/uploads\/2020\/01\/ocoerente-1.png","width":50,"height":50,"caption":"Reda\u00e7\u00e3o"},"logo":{"@id":"https:\/\/ocoerente.com.br\/se\/wp-content\/uploads\/2020\/01\/ocoerente-1.png"},"url":"https:\/\/ocoerente.com.br\/se\/author\/vasticlsales\/"}]}},"_links":{"self":[{"href":"https:\/\/ocoerente.com.br\/se\/wp-json\/wp\/v2\/posts\/8193","targetHints":{"allow":["GET"]}}],"collection":[{"href":"https:\/\/ocoerente.com.br\/se\/wp-json\/wp\/v2\/posts"}],"about":[{"href":"https:\/\/ocoerente.com.br\/se\/wp-json\/wp\/v2\/types\/post"}],"author":[{"embeddable":true,"href":"https:\/\/ocoerente.com.br\/se\/wp-json\/wp\/v2\/users\/1"}],"replies":[{"embeddable":true,"href":"https:\/\/ocoerente.com.br\/se\/wp-json\/wp\/v2\/comments?post=8193"}],"version-history":[{"count":1,"href":"https:\/\/ocoerente.com.br\/se\/wp-json\/wp\/v2\/posts\/8193\/revisions"}],"predecessor-version":[{"id":8195,"href":"https:\/\/ocoerente.com.br\/se\/wp-json\/wp\/v2\/posts\/8193\/revisions\/8195"}],"wp:featuredmedia":[{"embeddable":true,"href":"https:\/\/ocoerente.com.br\/se\/wp-json\/wp\/v2\/media\/8194"}],"wp:attachment":[{"href":"https:\/\/ocoerente.com.br\/se\/wp-json\/wp\/v2\/media?parent=8193"}],"wp:term":[{"taxonomy":"category","embeddable":true,"href":"https:\/\/ocoerente.com.br\/se\/wp-json\/wp\/v2\/categories?post=8193"},{"taxonomy":"post_tag","embeddable":true,"href":"https:\/\/ocoerente.com.br\/se\/wp-json\/wp\/v2\/tags?post=8193"}],"curies":[{"name":"wp","href":"https:\/\/api.w.org\/{rel}","templated":true}]}}