{"id":8190,"date":"2024-02-06T16:13:42","date_gmt":"2024-02-06T19:13:42","guid":{"rendered":"https:\/\/ocoerente.com.br\/se\/?p=8190"},"modified":"2024-02-06T16:13:46","modified_gmt":"2024-02-06T19:13:46","slug":"andre-fez-acordo-para-nao-ser-preso-diz-alessandro-ao-rejeitar-nome-de-yandra-a-prefeitura-de-aracaju","status":"publish","type":"post","link":"https:\/\/ocoerente.com.br\/se\/2024\/02\/06\/andre-fez-acordo-para-nao-ser-preso-diz-alessandro-ao-rejeitar-nome-de-yandra-a-prefeitura-de-aracaju\/","title":{"rendered":"Andr\u00e9 fez acordo para n\u00e3o ser preso, diz Alessandro ao rejeitar nome de Yandra \u00e0 prefeitura de Aracaju"},"content":{"rendered":"\n<p>Em entrevista ao Jornal da Fan, nesta segunda-feira (5), o senador Alessandro Vieira, presidente estadual do MDB, reafirmou que a pr\u00e9-candidatura de Yandra Moura (Uni\u00e3o Brasil) \u00e0 prefeita de Aracaju n\u00e3o ter\u00e1 o apoio do seu partido nem tampouco do seu grupo pol\u00edtico.<\/p>\n\n\n\n<p>Para justificar seu posicionamento, Alessandro destacou que \u201cquem votar em Yandra vai estar entregando para Andr\u00e9 Moura os cofres de Aracaju\u201d. O senador reconheceu que, apesar de ter uma boa rela\u00e7\u00e3o com a deputada federal pelo Uni\u00e3o Brasil, \u201choje ela representa apenas o pai\u201d.<\/p>\n\n\n\n<p>\u201cN\u00e3o posso fechar os olhos pra isso, n\u00e3o posso enganar as pessoas. Eu prefiro ter um preju\u00edzo eleitoral do que mentir para o cidad\u00e3o. E a verdade \u00e9 que quem votar em Yandra vai estar entregando para Andr\u00e9 Moura os cofres de Aracaju. Ent\u00e3o, nunca vou fazer isso, porque o hist\u00f3rico de Andr\u00e9 fala por ele\u201d, disse o emebista.<\/p>\n\n\n\n<p>Alessandro ressaltou tamb\u00e9m que, embora Yandra seja a titular do mandato, \u00e9 o ex-deputado federal quem comanda toda a atua\u00e7\u00e3o da jovem parlamentar.<\/p>\n\n\n\n<p>\u201cQuem trata sobre emendas com os prefeitos, \u00e9 Yandra ou Andre?. Quem distribui cargos, quem faz os acordos, \u00e9 Andr\u00e9. Ent\u00e3o, n\u00e3o tem chance nenhuma de eu participar de um projeto que vai votar em Andr\u00e9 pra tomar conta dos cofres de uma prefeitura como Aracaju\u201d, enfatizou o senador.<\/p>\n\n\n\n<p>Durante a entrevista, Alessandro destacou ainda que o ex-deputado pai de Yandra foi condenado pela Justi\u00e7a e, ao contr\u00e1rio do que fez circular na imprensa, n\u00e3o foi inocentado, mas sim fez um acordo para n\u00e3o ser preso.<\/p>\n\n\n\n<p>Fonte: <a href=\"https:\/\/imprensa24h.com.br\/\">https:\/\/imprensa24h.com.br\/<\/a><\/p>\n","protected":false},"excerpt":{"rendered":"<p>Em entrevista ao Jornal da Fan, nesta segunda-feira (5), o senador Alessandro Vieira, presidente estadual do MDB, reafirmou que a pr\u00e9-candidatura de Yandra Moura (Uni\u00e3o Brasil) \u00e0 prefeita de Aracaju n\u00e3o ter\u00e1 o apoio do seu partido nem tampouco do seu grupo pol\u00edtico. Para justificar seu posicionamento, Alessandro destacou que \u201cquem votar em Yandra vai [&hellip;]<\/p>\n","protected":false},"author":1,"featured_media":8191,"comment_status":"closed","ping_status":"closed","sticky":false,"template":"","format":"standard","meta":{"footnotes":""},"categories":[53,44],"tags":[],"class_list":["post-8190","post","type-post","status-publish","format-standard","has-post-thumbnail","hentry","category-destaques","category-politica"],"yoast_head":"<!-- This site is optimized with the Yoast SEO plugin v27.4 - https:\/\/yoast.com\/product\/yoast-seo-wordpress\/ -->\n<title>Andr\u00e9 fez acordo para n\u00e3o ser preso, diz Alessandro ao rejeitar nome de Yandra \u00e0 prefeitura de Aracaju - O Coerente<\/title>\n<meta name=\"robots\" content=\"index, follow, max-snippet:-1, max-image-preview:large, max-video-preview:-1\" \/>\n<link rel=\"canonical\" href=\"https:\/\/ocoerente.com.br\/se\/2024\/02\/06\/andre-fez-acordo-para-nao-ser-preso-diz-alessandro-ao-rejeitar-nome-de-yandra-a-prefeitura-de-aracaju\/\" \/>\n<meta property=\"og:locale\" content=\"pt_BR\" \/>\n<meta property=\"og:type\" content=\"article\" \/>\n<meta property=\"og:title\" content=\"Andr\u00e9 fez acordo para n\u00e3o ser preso, diz Alessandro ao rejeitar nome de Yandra \u00e0 prefeitura de Aracaju - O Coerente\" \/>\n<meta property=\"og:description\" content=\"Em entrevista ao Jornal da Fan, nesta segunda-feira (5), o senador Alessandro Vieira, presidente estadual do MDB, reafirmou que a pr\u00e9-candidatura de Yandra Moura (Uni\u00e3o Brasil) \u00e0 prefeita de Aracaju n\u00e3o ter\u00e1 o apoio do seu partido nem tampouco do seu grupo pol\u00edtico. Para justificar seu posicionamento, Alessandro destacou que \u201cquem votar em Yandra vai [&hellip;]\" \/>\n<meta property=\"og:url\" content=\"https:\/\/ocoerente.com.br\/se\/2024\/02\/06\/andre-fez-acordo-para-nao-ser-preso-diz-alessandro-ao-rejeitar-nome-de-yandra-a-prefeitura-de-aracaju\/\" \/>\n<meta property=\"og:site_name\" content=\"O Coerente\" \/>\n<meta property=\"article:published_time\" content=\"2024-02-06T19:13:42+00:00\" \/>\n<meta property=\"article:modified_time\" content=\"2024-02-06T19:13:46+00:00\" \/>\n<meta property=\"og:image\" content=\"https:\/\/ocoerente.com.br\/se\/wp-content\/uploads\/2024\/02\/yandra-andre-moura-20-ago-22.jpg\" \/>\n\t<meta property=\"og:image:width\" content=\"1024\" \/>\n\t<meta property=\"og:image:height\" content=\"683\" \/>\n\t<meta property=\"og:image:type\" content=\"image\/jpeg\" \/>\n<meta name=\"author\" content=\"Reda\u00e7\u00e3o\" \/>\n<meta name=\"twitter:card\" content=\"summary_large_image\" \/>\n<meta name=\"twitter:label1\" content=\"Escrito por\" \/>\n\t<meta name=\"twitter:data1\" content=\"Reda\u00e7\u00e3o\" \/>\n\t<meta name=\"twitter:label2\" content=\"Est. tempo de leitura\" \/>\n\t<meta name=\"twitter:data2\" content=\"1 minuto\" \/>\n<script type=\"application\/ld+json\" class=\"yoast-schema-graph\">{\"@context\":\"https:\\\/\\\/schema.org\",\"@graph\":[{\"@type\":\"Article\",\"@id\":\"https:\\\/\\\/ocoerente.com.br\\\/se\\\/2024\\\/02\\\/06\\\/andre-fez-acordo-para-nao-ser-preso-diz-alessandro-ao-rejeitar-nome-de-yandra-a-prefeitura-de-aracaju\\\/#article\",\"isPartOf\":{\"@id\":\"https:\\\/\\\/ocoerente.com.br\\\/se\\\/2024\\\/02\\\/06\\\/andre-fez-acordo-para-nao-ser-preso-diz-alessandro-ao-rejeitar-nome-de-yandra-a-prefeitura-de-aracaju\\\/\"},\"author\":{\"name\":\"Reda\u00e7\u00e3o\",\"@id\":\"https:\\\/\\\/ocoerente.com.br\\\/se\\\/#\\\/schema\\\/person\\\/cc6bfd9fbca465e23543b0c963d8d037\"},\"headline\":\"Andr\u00e9 fez acordo para n\u00e3o ser preso, diz Alessandro ao rejeitar nome de Yandra \u00e0 prefeitura de Aracaju\",\"datePublished\":\"2024-02-06T19:13:42+00:00\",\"dateModified\":\"2024-02-06T19:13:46+00:00\",\"mainEntityOfPage\":{\"@id\":\"https:\\\/\\\/ocoerente.com.br\\\/se\\\/2024\\\/02\\\/06\\\/andre-fez-acordo-para-nao-ser-preso-diz-alessandro-ao-rejeitar-nome-de-yandra-a-prefeitura-de-aracaju\\\/\"},\"wordCount\":293,\"publisher\":{\"@id\":\"https:\\\/\\\/ocoerente.com.br\\\/se\\\/#\\\/schema\\\/person\\\/cc6bfd9fbca465e23543b0c963d8d037\"},\"image\":{\"@id\":\"https:\\\/\\\/ocoerente.com.br\\\/se\\\/2024\\\/02\\\/06\\\/andre-fez-acordo-para-nao-ser-preso-diz-alessandro-ao-rejeitar-nome-de-yandra-a-prefeitura-de-aracaju\\\/#primaryimage\"},\"thumbnailUrl\":\"https:\\\/\\\/ocoerente.com.br\\\/se\\\/wp-content\\\/uploads\\\/2024\\\/02\\\/yandra-andre-moura-20-ago-22.jpg\",\"articleSection\":[\"Destaques\",\"Pol\u00edtica\"],\"inLanguage\":\"pt-BR\"},{\"@type\":\"WebPage\",\"@id\":\"https:\\\/\\\/ocoerente.com.br\\\/se\\\/2024\\\/02\\\/06\\\/andre-fez-acordo-para-nao-ser-preso-diz-alessandro-ao-rejeitar-nome-de-yandra-a-prefeitura-de-aracaju\\\/\",\"url\":\"https:\\\/\\\/ocoerente.com.br\\\/se\\\/2024\\\/02\\\/06\\\/andre-fez-acordo-para-nao-ser-preso-diz-alessandro-ao-rejeitar-nome-de-yandra-a-prefeitura-de-aracaju\\\/\",\"name\":\"Andr\u00e9 fez acordo para n\u00e3o ser preso, diz Alessandro ao rejeitar nome de Yandra \u00e0 prefeitura de Aracaju - O Coerente\",\"isPartOf\":{\"@id\":\"https:\\\/\\\/ocoerente.com.br\\\/se\\\/#website\"},\"primaryImageOfPage\":{\"@id\":\"https:\\\/\\\/ocoerente.com.br\\\/se\\\/2024\\\/02\\\/06\\\/andre-fez-acordo-para-nao-ser-preso-diz-alessandro-ao-rejeitar-nome-de-yandra-a-prefeitura-de-aracaju\\\/#primaryimage\"},\"image\":{\"@id\":\"https:\\\/\\\/ocoerente.com.br\\\/se\\\/2024\\\/02\\\/06\\\/andre-fez-acordo-para-nao-ser-preso-diz-alessandro-ao-rejeitar-nome-de-yandra-a-prefeitura-de-aracaju\\\/#primaryimage\"},\"thumbnailUrl\":\"https:\\\/\\\/ocoerente.com.br\\\/se\\\/wp-content\\\/uploads\\\/2024\\\/02\\\/yandra-andre-moura-20-ago-22.jpg\",\"datePublished\":\"2024-02-06T19:13:42+00:00\",\"dateModified\":\"2024-02-06T19:13:46+00:00\",\"breadcrumb\":{\"@id\":\"https:\\\/\\\/ocoerente.com.br\\\/se\\\/2024\\\/02\\\/06\\\/andre-fez-acordo-para-nao-ser-preso-diz-alessandro-ao-rejeitar-nome-de-yandra-a-prefeitura-de-aracaju\\\/#breadcrumb\"},\"inLanguage\":\"pt-BR\",\"potentialAction\":[{\"@type\":\"ReadAction\",\"target\":[\"https:\\\/\\\/ocoerente.com.br\\\/se\\\/2024\\\/02\\\/06\\\/andre-fez-acordo-para-nao-ser-preso-diz-alessandro-ao-rejeitar-nome-de-yandra-a-prefeitura-de-aracaju\\\/\"]}]},{\"@type\":\"ImageObject\",\"inLanguage\":\"pt-BR\",\"@id\":\"https:\\\/\\\/ocoerente.com.br\\\/se\\\/2024\\\/02\\\/06\\\/andre-fez-acordo-para-nao-ser-preso-diz-alessandro-ao-rejeitar-nome-de-yandra-a-prefeitura-de-aracaju\\\/#primaryimage\",\"url\":\"https:\\\/\\\/ocoerente.com.br\\\/se\\\/wp-content\\\/uploads\\\/2024\\\/02\\\/yandra-andre-moura-20-ago-22.jpg\",\"contentUrl\":\"https:\\\/\\\/ocoerente.com.br\\\/se\\\/wp-content\\\/uploads\\\/2024\\\/02\\\/yandra-andre-moura-20-ago-22.jpg\",\"width\":1024,\"height\":683,\"caption\":\"Foto: Reprodu\u00e7\u00e3o\\\/Imprensa24h\"},{\"@type\":\"BreadcrumbList\",\"@id\":\"https:\\\/\\\/ocoerente.com.br\\\/se\\\/2024\\\/02\\\/06\\\/andre-fez-acordo-para-nao-ser-preso-diz-alessandro-ao-rejeitar-nome-de-yandra-a-prefeitura-de-aracaju\\\/#breadcrumb\",\"itemListElement\":[{\"@type\":\"ListItem\",\"position\":1,\"name\":\"In\u00edcio\",\"item\":\"https:\\\/\\\/ocoerente.com.br\\\/se\\\/\"},{\"@type\":\"ListItem\",\"position\":2,\"name\":\"Andr\u00e9 fez acordo para n\u00e3o ser preso, diz Alessandro ao rejeitar nome de Yandra \u00e0 prefeitura de Aracaju\"}]},{\"@type\":\"WebSite\",\"@id\":\"https:\\\/\\\/ocoerente.com.br\\\/se\\\/#website\",\"url\":\"https:\\\/\\\/ocoerente.com.br\\\/se\\\/\",\"name\":\"O Coerente\",\"description\":\"\",\"publisher\":{\"@id\":\"https:\\\/\\\/ocoerente.com.br\\\/se\\\/#\\\/schema\\\/person\\\/cc6bfd9fbca465e23543b0c963d8d037\"},\"potentialAction\":[{\"@type\":\"SearchAction\",\"target\":{\"@type\":\"EntryPoint\",\"urlTemplate\":\"https:\\\/\\\/ocoerente.com.br\\\/se\\\/?s={search_term_string}\"},\"query-input\":{\"@type\":\"PropertyValueSpecification\",\"valueRequired\":true,\"valueName\":\"search_term_string\"}}],\"inLanguage\":\"pt-BR\"},{\"@type\":[\"Person\",\"Organization\"],\"@id\":\"https:\\\/\\\/ocoerente.com.br\\\/se\\\/#\\\/schema\\\/person\\\/cc6bfd9fbca465e23543b0c963d8d037\",\"name\":\"Reda\u00e7\u00e3o\",\"image\":{\"@type\":\"ImageObject\",\"inLanguage\":\"pt-BR\",\"@id\":\"https:\\\/\\\/ocoerente.com.br\\\/se\\\/wp-content\\\/uploads\\\/2020\\\/01\\\/ocoerente-1.png\",\"url\":\"https:\\\/\\\/ocoerente.com.br\\\/se\\\/wp-content\\\/uploads\\\/2020\\\/01\\\/ocoerente-1.png\",\"contentUrl\":\"https:\\\/\\\/ocoerente.com.br\\\/se\\\/wp-content\\\/uploads\\\/2020\\\/01\\\/ocoerente-1.png\",\"width\":50,\"height\":50,\"caption\":\"Reda\u00e7\u00e3o\"},\"logo\":{\"@id\":\"https:\\\/\\\/ocoerente.com.br\\\/se\\\/wp-content\\\/uploads\\\/2020\\\/01\\\/ocoerente-1.png\"},\"url\":\"https:\\\/\\\/ocoerente.com.br\\\/se\\\/author\\\/vasticlsales\\\/\"}]}<\/script>\n<!-- \/ Yoast SEO plugin. -->","yoast_head_json":{"title":"Andr\u00e9 fez acordo para n\u00e3o ser preso, diz Alessandro ao rejeitar nome de Yandra \u00e0 prefeitura de Aracaju - O Coerente","robots":{"index":"index","follow":"follow","max-snippet":"max-snippet:-1","max-image-preview":"max-image-preview:large","max-video-preview":"max-video-preview:-1"},"canonical":"https:\/\/ocoerente.com.br\/se\/2024\/02\/06\/andre-fez-acordo-para-nao-ser-preso-diz-alessandro-ao-rejeitar-nome-de-yandra-a-prefeitura-de-aracaju\/","og_locale":"pt_BR","og_type":"article","og_title":"Andr\u00e9 fez acordo para n\u00e3o ser preso, diz Alessandro ao rejeitar nome de Yandra \u00e0 prefeitura de Aracaju - O Coerente","og_description":"Em entrevista ao Jornal da Fan, nesta segunda-feira (5), o senador Alessandro Vieira, presidente estadual do MDB, reafirmou que a pr\u00e9-candidatura de Yandra Moura (Uni\u00e3o Brasil) \u00e0 prefeita de Aracaju n\u00e3o ter\u00e1 o apoio do seu partido nem tampouco do seu grupo pol\u00edtico. Para justificar seu posicionamento, Alessandro destacou que \u201cquem votar em Yandra vai [&hellip;]","og_url":"https:\/\/ocoerente.com.br\/se\/2024\/02\/06\/andre-fez-acordo-para-nao-ser-preso-diz-alessandro-ao-rejeitar-nome-de-yandra-a-prefeitura-de-aracaju\/","og_site_name":"O Coerente","article_published_time":"2024-02-06T19:13:42+00:00","article_modified_time":"2024-02-06T19:13:46+00:00","og_image":[{"width":1024,"height":683,"url":"https:\/\/ocoerente.com.br\/se\/wp-content\/uploads\/2024\/02\/yandra-andre-moura-20-ago-22.jpg","type":"image\/jpeg"}],"author":"Reda\u00e7\u00e3o","twitter_card":"summary_large_image","twitter_misc":{"Escrito por":"Reda\u00e7\u00e3o","Est. tempo de leitura":"1 minuto"},"schema":{"@context":"https:\/\/schema.org","@graph":[{"@type":"Article","@id":"https:\/\/ocoerente.com.br\/se\/2024\/02\/06\/andre-fez-acordo-para-nao-ser-preso-diz-alessandro-ao-rejeitar-nome-de-yandra-a-prefeitura-de-aracaju\/#article","isPartOf":{"@id":"https:\/\/ocoerente.com.br\/se\/2024\/02\/06\/andre-fez-acordo-para-nao-ser-preso-diz-alessandro-ao-rejeitar-nome-de-yandra-a-prefeitura-de-aracaju\/"},"author":{"name":"Reda\u00e7\u00e3o","@id":"https:\/\/ocoerente.com.br\/se\/#\/schema\/person\/cc6bfd9fbca465e23543b0c963d8d037"},"headline":"Andr\u00e9 fez acordo para n\u00e3o ser preso, diz Alessandro ao rejeitar nome de Yandra \u00e0 prefeitura de Aracaju","datePublished":"2024-02-06T19:13:42+00:00","dateModified":"2024-02-06T19:13:46+00:00","mainEntityOfPage":{"@id":"https:\/\/ocoerente.com.br\/se\/2024\/02\/06\/andre-fez-acordo-para-nao-ser-preso-diz-alessandro-ao-rejeitar-nome-de-yandra-a-prefeitura-de-aracaju\/"},"wordCount":293,"publisher":{"@id":"https:\/\/ocoerente.com.br\/se\/#\/schema\/person\/cc6bfd9fbca465e23543b0c963d8d037"},"image":{"@id":"https:\/\/ocoerente.com.br\/se\/2024\/02\/06\/andre-fez-acordo-para-nao-ser-preso-diz-alessandro-ao-rejeitar-nome-de-yandra-a-prefeitura-de-aracaju\/#primaryimage"},"thumbnailUrl":"https:\/\/ocoerente.com.br\/se\/wp-content\/uploads\/2024\/02\/yandra-andre-moura-20-ago-22.jpg","articleSection":["Destaques","Pol\u00edtica"],"inLanguage":"pt-BR"},{"@type":"WebPage","@id":"https:\/\/ocoerente.com.br\/se\/2024\/02\/06\/andre-fez-acordo-para-nao-ser-preso-diz-alessandro-ao-rejeitar-nome-de-yandra-a-prefeitura-de-aracaju\/","url":"https:\/\/ocoerente.com.br\/se\/2024\/02\/06\/andre-fez-acordo-para-nao-ser-preso-diz-alessandro-ao-rejeitar-nome-de-yandra-a-prefeitura-de-aracaju\/","name":"Andr\u00e9 fez acordo para n\u00e3o ser preso, diz Alessandro ao rejeitar nome de Yandra \u00e0 prefeitura de Aracaju - O Coerente","isPartOf":{"@id":"https:\/\/ocoerente.com.br\/se\/#website"},"primaryImageOfPage":{"@id":"https:\/\/ocoerente.com.br\/se\/2024\/02\/06\/andre-fez-acordo-para-nao-ser-preso-diz-alessandro-ao-rejeitar-nome-de-yandra-a-prefeitura-de-aracaju\/#primaryimage"},"image":{"@id":"https:\/\/ocoerente.com.br\/se\/2024\/02\/06\/andre-fez-acordo-para-nao-ser-preso-diz-alessandro-ao-rejeitar-nome-de-yandra-a-prefeitura-de-aracaju\/#primaryimage"},"thumbnailUrl":"https:\/\/ocoerente.com.br\/se\/wp-content\/uploads\/2024\/02\/yandra-andre-moura-20-ago-22.jpg","datePublished":"2024-02-06T19:13:42+00:00","dateModified":"2024-02-06T19:13:46+00:00","breadcrumb":{"@id":"https:\/\/ocoerente.com.br\/se\/2024\/02\/06\/andre-fez-acordo-para-nao-ser-preso-diz-alessandro-ao-rejeitar-nome-de-yandra-a-prefeitura-de-aracaju\/#breadcrumb"},"inLanguage":"pt-BR","potentialAction":[{"@type":"ReadAction","target":["https:\/\/ocoerente.com.br\/se\/2024\/02\/06\/andre-fez-acordo-para-nao-ser-preso-diz-alessandro-ao-rejeitar-nome-de-yandra-a-prefeitura-de-aracaju\/"]}]},{"@type":"ImageObject","inLanguage":"pt-BR","@id":"https:\/\/ocoerente.com.br\/se\/2024\/02\/06\/andre-fez-acordo-para-nao-ser-preso-diz-alessandro-ao-rejeitar-nome-de-yandra-a-prefeitura-de-aracaju\/#primaryimage","url":"https:\/\/ocoerente.com.br\/se\/wp-content\/uploads\/2024\/02\/yandra-andre-moura-20-ago-22.jpg","contentUrl":"https:\/\/ocoerente.com.br\/se\/wp-content\/uploads\/2024\/02\/yandra-andre-moura-20-ago-22.jpg","width":1024,"height":683,"caption":"Foto: Reprodu\u00e7\u00e3o\/Imprensa24h"},{"@type":"BreadcrumbList","@id":"https:\/\/ocoerente.com.br\/se\/2024\/02\/06\/andre-fez-acordo-para-nao-ser-preso-diz-alessandro-ao-rejeitar-nome-de-yandra-a-prefeitura-de-aracaju\/#breadcrumb","itemListElement":[{"@type":"ListItem","position":1,"name":"In\u00edcio","item":"https:\/\/ocoerente.com.br\/se\/"},{"@type":"ListItem","position":2,"name":"Andr\u00e9 fez acordo para n\u00e3o ser preso, diz Alessandro ao rejeitar nome de Yandra \u00e0 prefeitura de Aracaju"}]},{"@type":"WebSite","@id":"https:\/\/ocoerente.com.br\/se\/#website","url":"https:\/\/ocoerente.com.br\/se\/","name":"O Coerente","description":"","publisher":{"@id":"https:\/\/ocoerente.com.br\/se\/#\/schema\/person\/cc6bfd9fbca465e23543b0c963d8d037"},"potentialAction":[{"@type":"SearchAction","target":{"@type":"EntryPoint","urlTemplate":"https:\/\/ocoerente.com.br\/se\/?s={search_term_string}"},"query-input":{"@type":"PropertyValueSpecification","valueRequired":true,"valueName":"search_term_string"}}],"inLanguage":"pt-BR"},{"@type":["Person","Organization"],"@id":"https:\/\/ocoerente.com.br\/se\/#\/schema\/person\/cc6bfd9fbca465e23543b0c963d8d037","name":"Reda\u00e7\u00e3o","image":{"@type":"ImageObject","inLanguage":"pt-BR","@id":"https:\/\/ocoerente.com.br\/se\/wp-content\/uploads\/2020\/01\/ocoerente-1.png","url":"https:\/\/ocoerente.com.br\/se\/wp-content\/uploads\/2020\/01\/ocoerente-1.png","contentUrl":"https:\/\/ocoerente.com.br\/se\/wp-content\/uploads\/2020\/01\/ocoerente-1.png","width":50,"height":50,"caption":"Reda\u00e7\u00e3o"},"logo":{"@id":"https:\/\/ocoerente.com.br\/se\/wp-content\/uploads\/2020\/01\/ocoerente-1.png"},"url":"https:\/\/ocoerente.com.br\/se\/author\/vasticlsales\/"}]}},"_links":{"self":[{"href":"https:\/\/ocoerente.com.br\/se\/wp-json\/wp\/v2\/posts\/8190","targetHints":{"allow":["GET"]}}],"collection":[{"href":"https:\/\/ocoerente.com.br\/se\/wp-json\/wp\/v2\/posts"}],"about":[{"href":"https:\/\/ocoerente.com.br\/se\/wp-json\/wp\/v2\/types\/post"}],"author":[{"embeddable":true,"href":"https:\/\/ocoerente.com.br\/se\/wp-json\/wp\/v2\/users\/1"}],"replies":[{"embeddable":true,"href":"https:\/\/ocoerente.com.br\/se\/wp-json\/wp\/v2\/comments?post=8190"}],"version-history":[{"count":1,"href":"https:\/\/ocoerente.com.br\/se\/wp-json\/wp\/v2\/posts\/8190\/revisions"}],"predecessor-version":[{"id":8192,"href":"https:\/\/ocoerente.com.br\/se\/wp-json\/wp\/v2\/posts\/8190\/revisions\/8192"}],"wp:featuredmedia":[{"embeddable":true,"href":"https:\/\/ocoerente.com.br\/se\/wp-json\/wp\/v2\/media\/8191"}],"wp:attachment":[{"href":"https:\/\/ocoerente.com.br\/se\/wp-json\/wp\/v2\/media?parent=8190"}],"wp:term":[{"taxonomy":"category","embeddable":true,"href":"https:\/\/ocoerente.com.br\/se\/wp-json\/wp\/v2\/categories?post=8190"},{"taxonomy":"post_tag","embeddable":true,"href":"https:\/\/ocoerente.com.br\/se\/wp-json\/wp\/v2\/tags?post=8190"}],"curies":[{"name":"wp","href":"https:\/\/api.w.org\/{rel}","templated":true}]}}