{"id":819,"date":"2020-04-16T02:47:07","date_gmt":"2020-04-16T05:47:07","guid":{"rendered":"http:\/\/ocoerente.com.br\/se\/?p=819"},"modified":"2020-04-16T02:47:07","modified_gmt":"2020-04-16T05:47:07","slug":"prefeito-anuncia-retorno-das-feiras-livres-em-aracaju-em-novo-formato","status":"publish","type":"post","link":"https:\/\/ocoerente.com.br\/se\/2020\/04\/16\/prefeito-anuncia-retorno-das-feiras-livres-em-aracaju-em-novo-formato\/","title":{"rendered":"Prefeito anuncia retorno das feiras livres em Aracaju em novo formato"},"content":{"rendered":"<p>O prefeito Edvaldo Nogueira anunciou nesta ter\u00e7a-feira, 14, em coletiva com a imprensa, o retorno das feiras livres em Aracaju, a partir do pr\u00f3ximo dia 18. De acordo com ele, 50% das feiras voltar\u00e3o a funcionar e em tamanho reduzido, com a comercializa\u00e7\u00e3o somente de g\u00eaneros aliment\u00edcios. A defini\u00e7\u00e3o ocorreu em nova reuni\u00e3o do Comit\u00ea de Opera\u00e7\u00f5es Emergenciais (COE), na qual foram avaliados os impactos das medidas restritivas, adotadas pela Prefeitura, para conter a propaga\u00e7\u00e3o do coronav\u00edrus na cidade. O gestor tamb\u00e9m destacou a import\u00e2ncia do isolamento social e os impactos positivos da medida para a estabilidade de casos em Aracaju, al\u00e9m de reconhecer que h\u00e1 subnotifica\u00e7\u00e3o de casos da covid-19 na cidade, situa\u00e7\u00e3o vivida em todo o pa\u00eds.<\/p>\n<p>Das 32 feiras existentes na capital, 16 voltar\u00e3o ao funcionamento. \u201cAs feiras ser\u00e3o retomadas a partir do dia 18 de abril. Nesta quarta-feira, a Emsurb divulgar\u00e1 quais s\u00e3o as feiras que retornar\u00e3o e o modelo j\u00e1 readequado, mas adianto que vamos manter apenas 50% da capacidade. Adotaremos todas as medidas para que os espa\u00e7os ofere\u00e7am seguran\u00e7a a todos, com controle de pessoas, higieniza\u00e7\u00e3o e distanciamento. A nossa inten\u00e7\u00e3o \u00e9 que elas funcionem da mesma forma que as feiras de pescados. Foi uma experi\u00eancia muito positiva que tivemos e que nos mostrou que era poss\u00edvel retomar as feiras livres com controle e seguran\u00e7a\u201d, explicou o prefeito.<\/p>\n<p>Em entrevista \u00e0 imprensa e atrav\u00e9s das transmiss\u00f5es ao vivo nas redes sociais, Edvaldo tamb\u00e9m falou sobre a situa\u00e7\u00e3o da covid-19 em Aracaju. Ele reconheceu que existe uma subnotifica\u00e7\u00e3o de casos. Mas informou que a gest\u00e3o elaborou um novo Boletim Epidemiol\u00f3gico, que permite, atrav\u00e9s da utiliza\u00e7\u00e3o de sistemas tecnol\u00f3gicos, tra\u00e7ar um quadro de mapeamento do v\u00edrus. \u201cAdotamos medidas capazes de nos dar toda a estat\u00edstica das pessoas que t\u00eam coronav\u00edrus, assim como tamb\u00e9m os casos suspeitos, al\u00e9m das pessoas que estiveram em nossas unidades de sa\u00fade e apresentaram sintomas de s\u00edndromes gripais, chegando a mais de 2 mil pessoas. Com esse levantamento, hoje sabemos quais as localidades da cidade fazem parte desse mapeamento e isso \u00e9 muito importante para nossa atua\u00e7\u00e3o\u201d, afirmou.<\/p>\n<p>Edvaldo destacou ainda os impactos positivos do isolamento social em Aracaju e refor\u00e7ou a import\u00e2ncia de mant\u00ea-lo nos pr\u00f3ximos dias. \u201cSe hoje Aracaju possui 36 casos confirmados \u00e9 porque adotamos antecipadamente as medidas de distanciamento social. As pessoas tem a impress\u00e3o de que a situa\u00e7\u00e3o est\u00e1 controlada em nossa capital, e de que j\u00e1 podemos voltar \u00e0 rotina, mas n\u00e3o \u00e9 assim. Fizemos estudos constantes e se hoje adot\u00e1ssemos medidas para libera\u00e7\u00e3o total do isolamento, em 30 dias precisar\u00edamos de 1.200 leitos de retaguarda e aproximadamente 300 de UTI, uma estrutura que a Prefeitura e o Governo n\u00e3o teriam. Por isso \u00e9 importante manter o distanciamento, no momento, enquanto buscamos solu\u00e7\u00f5es, nos preparamos. Com isso, poderemos encontrar alternativas para liberar, na medida, quando for preciso\u201d, refor\u00e7ou.<br \/>\n<strong><br \/>\n10 mil testes<\/strong><\/p>\n<p>O prefeito tamb\u00e9m anunciou a chegada de um quantitativo significativo de testes na pr\u00f3xima semana para a realiza\u00e7\u00e3o de testagem em massa, dando um panorama mais realista da doen\u00e7a em Aracaju. \u201cVamos aumentar a testagem e ter um panorama ainda melhor. Entendemos que hoje temos subnotifica\u00e7\u00e3o porque temos mais de duas mil pessoas que apresentaram sintomas de s\u00edndromes gripais,\u00a0 e isso abre a possibilidade para que mais pessoas em Aracaju tenham coronav\u00edrus.. N\u00e3o \u00e9 uma precis\u00e3o, mas h\u00e1 a possibilidade, por isso precisamos que cheguem os testes para construirmos um mapa epidemiol\u00f3gico mais exato. Com esses dados teremos novos caminhos a seguir\u201d<br \/>\n<strong><br \/>\nHospital de campanha<\/strong><\/p>\n<p>Edvaldo explicou tamb\u00e9m sobre o processo para a constru\u00e7\u00e3o de um hospital de campanha na capital, aumentando o n\u00famero de leitos de retaguarda. \u201cSer\u00e1 um hospital para 150 leitos, somente para coronav\u00edrus. Tamb\u00e9m estamos preparando unidades de sa\u00fade, e outras estruturas para receber e tratar as pessoas. \u00c9 por isso que o isolamento se faz necess\u00e1rio, porque ele nos d\u00e1 tempo para preparar um sistema capaz de atender a popula\u00e7\u00e3o. Os aracajuanos precisam entender que estamos todos preocupados. Ningu\u00e9m queria o isolamento, nenhum governador, prefeito, gostaria de adotar medidas restritivas, mas \u00e9 necess\u00e1rio e temos visto isso no mundo inteiro, porque ajuda a achatar a curva. Nenhuma sistema de sa\u00fade \u00e9 capaz de dar vaz\u00e3o se muitas pessoas se contaminam, se h\u00e1 o pico de contamina\u00e7\u00e3o\u201d, frisou.<\/p>\n<p><strong>Novo decreto<\/strong><\/p>\n<p>Sobre a reavalia\u00e7\u00e3o das medidas estabelecidas no decreto municipal, com validade at\u00e9 o dia 17 de abril, Edvaldo afirmou que novas determina\u00e7\u00f5es est\u00e3o sendo avaliadas. \u201cEstamos estudando e no dia 16 emitiremos um novo comunicado. Acreditamos que o isolamento ainda \u00e9 importante, mas precisamos analisar os setores para que as melhores decis\u00f5es sejam adotadas.\u00a0 Acredito que sa\u00fade e economia andam juntas, mas \u00e9 preciso colocar a vida como prioridade. No caso das escolas municipais, por exemplo, acreditamos que aulas n\u00e3o ser\u00e3o retomadas antes do final do m\u00eas. Mas estamos discutindo que decis\u00e3o tomaremos\u201d, declarou.<\/p>\n<p>Ag\u00eancia Aracaju de Not\u00edcias<\/p>\n","protected":false},"excerpt":{"rendered":"<p>O prefeito Edvaldo Nogueira anunciou nesta ter\u00e7a-feira, 14, em coletiva com a imprensa, o retorno das feiras livres em Aracaju, a partir do pr\u00f3ximo dia 18. De acordo com ele, 50% das feiras voltar\u00e3o a funcionar e em tamanho reduzido, com a comercializa\u00e7\u00e3o somente de g\u00eaneros aliment\u00edcios. A defini\u00e7\u00e3o ocorreu em nova reuni\u00e3o do Comit\u00ea [&hellip;]<\/p>\n","protected":false},"author":1,"featured_media":820,"comment_status":"closed","ping_status":"closed","sticky":false,"template":"","format":"standard","meta":{"footnotes":""},"categories":[53,43],"tags":[],"class_list":["post-819","post","type-post","status-publish","format-standard","has-post-thumbnail","hentry","category-destaques","category-sergipe"],"yoast_head":"<!-- This site is optimized with the Yoast SEO plugin v27.5 - https:\/\/yoast.com\/product\/yoast-seo-wordpress\/ -->\n<title>Prefeito anuncia retorno das feiras livres em Aracaju em novo formato - O Coerente<\/title>\n<meta name=\"robots\" content=\"index, follow, max-snippet:-1, max-image-preview:large, max-video-preview:-1\" \/>\n<link rel=\"canonical\" href=\"https:\/\/ocoerente.com.br\/se\/2020\/04\/16\/prefeito-anuncia-retorno-das-feiras-livres-em-aracaju-em-novo-formato\/\" \/>\n<meta property=\"og:locale\" content=\"pt_BR\" \/>\n<meta property=\"og:type\" content=\"article\" \/>\n<meta property=\"og:title\" content=\"Prefeito anuncia retorno das feiras livres em Aracaju em novo formato - O Coerente\" \/>\n<meta property=\"og:description\" content=\"O prefeito Edvaldo Nogueira anunciou nesta ter\u00e7a-feira, 14, em coletiva com a imprensa, o retorno das feiras livres em Aracaju, a partir do pr\u00f3ximo dia 18. De acordo com ele, 50% das feiras voltar\u00e3o a funcionar e em tamanho reduzido, com a comercializa\u00e7\u00e3o somente de g\u00eaneros aliment\u00edcios. A defini\u00e7\u00e3o ocorreu em nova reuni\u00e3o do Comit\u00ea [&hellip;]\" \/>\n<meta property=\"og:url\" content=\"https:\/\/ocoerente.com.br\/se\/2020\/04\/16\/prefeito-anuncia-retorno-das-feiras-livres-em-aracaju-em-novo-formato\/\" \/>\n<meta property=\"og:site_name\" content=\"O Coerente\" \/>\n<meta property=\"article:published_time\" content=\"2020-04-16T05:47:07+00:00\" \/>\n<meta property=\"og:image\" content=\"https:\/\/ocoerente.com.br\/se\/wp-content\/uploads\/2020\/04\/alm_1365-scaled.jpg\" \/>\n\t<meta property=\"og:image:width\" content=\"2560\" \/>\n\t<meta property=\"og:image:height\" content=\"1711\" \/>\n\t<meta property=\"og:image:type\" content=\"image\/jpeg\" \/>\n<meta name=\"author\" content=\"Reda\u00e7\u00e3o\" \/>\n<meta name=\"twitter:card\" content=\"summary_large_image\" \/>\n<meta name=\"twitter:label1\" content=\"Escrito por\" \/>\n\t<meta name=\"twitter:data1\" content=\"Reda\u00e7\u00e3o\" \/>\n\t<meta name=\"twitter:label2\" content=\"Est. tempo de leitura\" \/>\n\t<meta name=\"twitter:data2\" content=\"4 minutos\" \/>\n<script type=\"application\/ld+json\" class=\"yoast-schema-graph\">{\"@context\":\"https:\\\/\\\/schema.org\",\"@graph\":[{\"@type\":\"Article\",\"@id\":\"https:\\\/\\\/ocoerente.com.br\\\/se\\\/2020\\\/04\\\/16\\\/prefeito-anuncia-retorno-das-feiras-livres-em-aracaju-em-novo-formato\\\/#article\",\"isPartOf\":{\"@id\":\"https:\\\/\\\/ocoerente.com.br\\\/se\\\/2020\\\/04\\\/16\\\/prefeito-anuncia-retorno-das-feiras-livres-em-aracaju-em-novo-formato\\\/\"},\"author\":{\"name\":\"Reda\u00e7\u00e3o\",\"@id\":\"https:\\\/\\\/ocoerente.com.br\\\/se\\\/#\\\/schema\\\/person\\\/cc6bfd9fbca465e23543b0c963d8d037\"},\"headline\":\"Prefeito anuncia retorno das feiras livres em Aracaju em novo formato\",\"datePublished\":\"2020-04-16T05:47:07+00:00\",\"mainEntityOfPage\":{\"@id\":\"https:\\\/\\\/ocoerente.com.br\\\/se\\\/2020\\\/04\\\/16\\\/prefeito-anuncia-retorno-das-feiras-livres-em-aracaju-em-novo-formato\\\/\"},\"wordCount\":885,\"publisher\":{\"@id\":\"https:\\\/\\\/ocoerente.com.br\\\/se\\\/#\\\/schema\\\/person\\\/cc6bfd9fbca465e23543b0c963d8d037\"},\"image\":{\"@id\":\"https:\\\/\\\/ocoerente.com.br\\\/se\\\/2020\\\/04\\\/16\\\/prefeito-anuncia-retorno-das-feiras-livres-em-aracaju-em-novo-formato\\\/#primaryimage\"},\"thumbnailUrl\":\"https:\\\/\\\/ocoerente.com.br\\\/se\\\/wp-content\\\/uploads\\\/2020\\\/04\\\/alm_1365-scaled.jpg\",\"articleSection\":[\"Destaques\",\"Sergipe\"],\"inLanguage\":\"pt-BR\"},{\"@type\":\"WebPage\",\"@id\":\"https:\\\/\\\/ocoerente.com.br\\\/se\\\/2020\\\/04\\\/16\\\/prefeito-anuncia-retorno-das-feiras-livres-em-aracaju-em-novo-formato\\\/\",\"url\":\"https:\\\/\\\/ocoerente.com.br\\\/se\\\/2020\\\/04\\\/16\\\/prefeito-anuncia-retorno-das-feiras-livres-em-aracaju-em-novo-formato\\\/\",\"name\":\"Prefeito anuncia retorno das feiras livres em Aracaju em novo formato - O Coerente\",\"isPartOf\":{\"@id\":\"https:\\\/\\\/ocoerente.com.br\\\/se\\\/#website\"},\"primaryImageOfPage\":{\"@id\":\"https:\\\/\\\/ocoerente.com.br\\\/se\\\/2020\\\/04\\\/16\\\/prefeito-anuncia-retorno-das-feiras-livres-em-aracaju-em-novo-formato\\\/#primaryimage\"},\"image\":{\"@id\":\"https:\\\/\\\/ocoerente.com.br\\\/se\\\/2020\\\/04\\\/16\\\/prefeito-anuncia-retorno-das-feiras-livres-em-aracaju-em-novo-formato\\\/#primaryimage\"},\"thumbnailUrl\":\"https:\\\/\\\/ocoerente.com.br\\\/se\\\/wp-content\\\/uploads\\\/2020\\\/04\\\/alm_1365-scaled.jpg\",\"datePublished\":\"2020-04-16T05:47:07+00:00\",\"breadcrumb\":{\"@id\":\"https:\\\/\\\/ocoerente.com.br\\\/se\\\/2020\\\/04\\\/16\\\/prefeito-anuncia-retorno-das-feiras-livres-em-aracaju-em-novo-formato\\\/#breadcrumb\"},\"inLanguage\":\"pt-BR\",\"potentialAction\":[{\"@type\":\"ReadAction\",\"target\":[\"https:\\\/\\\/ocoerente.com.br\\\/se\\\/2020\\\/04\\\/16\\\/prefeito-anuncia-retorno-das-feiras-livres-em-aracaju-em-novo-formato\\\/\"]}]},{\"@type\":\"ImageObject\",\"inLanguage\":\"pt-BR\",\"@id\":\"https:\\\/\\\/ocoerente.com.br\\\/se\\\/2020\\\/04\\\/16\\\/prefeito-anuncia-retorno-das-feiras-livres-em-aracaju-em-novo-formato\\\/#primaryimage\",\"url\":\"https:\\\/\\\/ocoerente.com.br\\\/se\\\/wp-content\\\/uploads\\\/2020\\\/04\\\/alm_1365-scaled.jpg\",\"contentUrl\":\"https:\\\/\\\/ocoerente.com.br\\\/se\\\/wp-content\\\/uploads\\\/2020\\\/04\\\/alm_1365-scaled.jpg\",\"width\":2560,\"height\":1711},{\"@type\":\"BreadcrumbList\",\"@id\":\"https:\\\/\\\/ocoerente.com.br\\\/se\\\/2020\\\/04\\\/16\\\/prefeito-anuncia-retorno-das-feiras-livres-em-aracaju-em-novo-formato\\\/#breadcrumb\",\"itemListElement\":[{\"@type\":\"ListItem\",\"position\":1,\"name\":\"In\u00edcio\",\"item\":\"https:\\\/\\\/ocoerente.com.br\\\/se\\\/\"},{\"@type\":\"ListItem\",\"position\":2,\"name\":\"Prefeito anuncia retorno das feiras livres em Aracaju em novo formato\"}]},{\"@type\":\"WebSite\",\"@id\":\"https:\\\/\\\/ocoerente.com.br\\\/se\\\/#website\",\"url\":\"https:\\\/\\\/ocoerente.com.br\\\/se\\\/\",\"name\":\"O Coerente\",\"description\":\"\",\"publisher\":{\"@id\":\"https:\\\/\\\/ocoerente.com.br\\\/se\\\/#\\\/schema\\\/person\\\/cc6bfd9fbca465e23543b0c963d8d037\"},\"potentialAction\":[{\"@type\":\"SearchAction\",\"target\":{\"@type\":\"EntryPoint\",\"urlTemplate\":\"https:\\\/\\\/ocoerente.com.br\\\/se\\\/?s={search_term_string}\"},\"query-input\":{\"@type\":\"PropertyValueSpecification\",\"valueRequired\":true,\"valueName\":\"search_term_string\"}}],\"inLanguage\":\"pt-BR\"},{\"@type\":[\"Person\",\"Organization\"],\"@id\":\"https:\\\/\\\/ocoerente.com.br\\\/se\\\/#\\\/schema\\\/person\\\/cc6bfd9fbca465e23543b0c963d8d037\",\"name\":\"Reda\u00e7\u00e3o\",\"image\":{\"@type\":\"ImageObject\",\"inLanguage\":\"pt-BR\",\"@id\":\"https:\\\/\\\/ocoerente.com.br\\\/se\\\/wp-content\\\/uploads\\\/2020\\\/01\\\/ocoerente-1.png\",\"url\":\"https:\\\/\\\/ocoerente.com.br\\\/se\\\/wp-content\\\/uploads\\\/2020\\\/01\\\/ocoerente-1.png\",\"contentUrl\":\"https:\\\/\\\/ocoerente.com.br\\\/se\\\/wp-content\\\/uploads\\\/2020\\\/01\\\/ocoerente-1.png\",\"width\":50,\"height\":50,\"caption\":\"Reda\u00e7\u00e3o\"},\"logo\":{\"@id\":\"https:\\\/\\\/ocoerente.com.br\\\/se\\\/wp-content\\\/uploads\\\/2020\\\/01\\\/ocoerente-1.png\"},\"url\":\"https:\\\/\\\/ocoerente.com.br\\\/se\\\/author\\\/vasticlsales\\\/\"}]}<\/script>\n<!-- \/ Yoast SEO plugin. -->","yoast_head_json":{"title":"Prefeito anuncia retorno das feiras livres em Aracaju em novo formato - O Coerente","robots":{"index":"index","follow":"follow","max-snippet":"max-snippet:-1","max-image-preview":"max-image-preview:large","max-video-preview":"max-video-preview:-1"},"canonical":"https:\/\/ocoerente.com.br\/se\/2020\/04\/16\/prefeito-anuncia-retorno-das-feiras-livres-em-aracaju-em-novo-formato\/","og_locale":"pt_BR","og_type":"article","og_title":"Prefeito anuncia retorno das feiras livres em Aracaju em novo formato - O Coerente","og_description":"O prefeito Edvaldo Nogueira anunciou nesta ter\u00e7a-feira, 14, em coletiva com a imprensa, o retorno das feiras livres em Aracaju, a partir do pr\u00f3ximo dia 18. De acordo com ele, 50% das feiras voltar\u00e3o a funcionar e em tamanho reduzido, com a comercializa\u00e7\u00e3o somente de g\u00eaneros aliment\u00edcios. A defini\u00e7\u00e3o ocorreu em nova reuni\u00e3o do Comit\u00ea [&hellip;]","og_url":"https:\/\/ocoerente.com.br\/se\/2020\/04\/16\/prefeito-anuncia-retorno-das-feiras-livres-em-aracaju-em-novo-formato\/","og_site_name":"O Coerente","article_published_time":"2020-04-16T05:47:07+00:00","og_image":[{"width":2560,"height":1711,"url":"https:\/\/ocoerente.com.br\/se\/wp-content\/uploads\/2020\/04\/alm_1365-scaled.jpg","type":"image\/jpeg"}],"author":"Reda\u00e7\u00e3o","twitter_card":"summary_large_image","twitter_misc":{"Escrito por":"Reda\u00e7\u00e3o","Est. tempo de leitura":"4 minutos"},"schema":{"@context":"https:\/\/schema.org","@graph":[{"@type":"Article","@id":"https:\/\/ocoerente.com.br\/se\/2020\/04\/16\/prefeito-anuncia-retorno-das-feiras-livres-em-aracaju-em-novo-formato\/#article","isPartOf":{"@id":"https:\/\/ocoerente.com.br\/se\/2020\/04\/16\/prefeito-anuncia-retorno-das-feiras-livres-em-aracaju-em-novo-formato\/"},"author":{"name":"Reda\u00e7\u00e3o","@id":"https:\/\/ocoerente.com.br\/se\/#\/schema\/person\/cc6bfd9fbca465e23543b0c963d8d037"},"headline":"Prefeito anuncia retorno das feiras livres em Aracaju em novo formato","datePublished":"2020-04-16T05:47:07+00:00","mainEntityOfPage":{"@id":"https:\/\/ocoerente.com.br\/se\/2020\/04\/16\/prefeito-anuncia-retorno-das-feiras-livres-em-aracaju-em-novo-formato\/"},"wordCount":885,"publisher":{"@id":"https:\/\/ocoerente.com.br\/se\/#\/schema\/person\/cc6bfd9fbca465e23543b0c963d8d037"},"image":{"@id":"https:\/\/ocoerente.com.br\/se\/2020\/04\/16\/prefeito-anuncia-retorno-das-feiras-livres-em-aracaju-em-novo-formato\/#primaryimage"},"thumbnailUrl":"https:\/\/ocoerente.com.br\/se\/wp-content\/uploads\/2020\/04\/alm_1365-scaled.jpg","articleSection":["Destaques","Sergipe"],"inLanguage":"pt-BR"},{"@type":"WebPage","@id":"https:\/\/ocoerente.com.br\/se\/2020\/04\/16\/prefeito-anuncia-retorno-das-feiras-livres-em-aracaju-em-novo-formato\/","url":"https:\/\/ocoerente.com.br\/se\/2020\/04\/16\/prefeito-anuncia-retorno-das-feiras-livres-em-aracaju-em-novo-formato\/","name":"Prefeito anuncia retorno das feiras livres em Aracaju em novo formato - O Coerente","isPartOf":{"@id":"https:\/\/ocoerente.com.br\/se\/#website"},"primaryImageOfPage":{"@id":"https:\/\/ocoerente.com.br\/se\/2020\/04\/16\/prefeito-anuncia-retorno-das-feiras-livres-em-aracaju-em-novo-formato\/#primaryimage"},"image":{"@id":"https:\/\/ocoerente.com.br\/se\/2020\/04\/16\/prefeito-anuncia-retorno-das-feiras-livres-em-aracaju-em-novo-formato\/#primaryimage"},"thumbnailUrl":"https:\/\/ocoerente.com.br\/se\/wp-content\/uploads\/2020\/04\/alm_1365-scaled.jpg","datePublished":"2020-04-16T05:47:07+00:00","breadcrumb":{"@id":"https:\/\/ocoerente.com.br\/se\/2020\/04\/16\/prefeito-anuncia-retorno-das-feiras-livres-em-aracaju-em-novo-formato\/#breadcrumb"},"inLanguage":"pt-BR","potentialAction":[{"@type":"ReadAction","target":["https:\/\/ocoerente.com.br\/se\/2020\/04\/16\/prefeito-anuncia-retorno-das-feiras-livres-em-aracaju-em-novo-formato\/"]}]},{"@type":"ImageObject","inLanguage":"pt-BR","@id":"https:\/\/ocoerente.com.br\/se\/2020\/04\/16\/prefeito-anuncia-retorno-das-feiras-livres-em-aracaju-em-novo-formato\/#primaryimage","url":"https:\/\/ocoerente.com.br\/se\/wp-content\/uploads\/2020\/04\/alm_1365-scaled.jpg","contentUrl":"https:\/\/ocoerente.com.br\/se\/wp-content\/uploads\/2020\/04\/alm_1365-scaled.jpg","width":2560,"height":1711},{"@type":"BreadcrumbList","@id":"https:\/\/ocoerente.com.br\/se\/2020\/04\/16\/prefeito-anuncia-retorno-das-feiras-livres-em-aracaju-em-novo-formato\/#breadcrumb","itemListElement":[{"@type":"ListItem","position":1,"name":"In\u00edcio","item":"https:\/\/ocoerente.com.br\/se\/"},{"@type":"ListItem","position":2,"name":"Prefeito anuncia retorno das feiras livres em Aracaju em novo formato"}]},{"@type":"WebSite","@id":"https:\/\/ocoerente.com.br\/se\/#website","url":"https:\/\/ocoerente.com.br\/se\/","name":"O Coerente","description":"","publisher":{"@id":"https:\/\/ocoerente.com.br\/se\/#\/schema\/person\/cc6bfd9fbca465e23543b0c963d8d037"},"potentialAction":[{"@type":"SearchAction","target":{"@type":"EntryPoint","urlTemplate":"https:\/\/ocoerente.com.br\/se\/?s={search_term_string}"},"query-input":{"@type":"PropertyValueSpecification","valueRequired":true,"valueName":"search_term_string"}}],"inLanguage":"pt-BR"},{"@type":["Person","Organization"],"@id":"https:\/\/ocoerente.com.br\/se\/#\/schema\/person\/cc6bfd9fbca465e23543b0c963d8d037","name":"Reda\u00e7\u00e3o","image":{"@type":"ImageObject","inLanguage":"pt-BR","@id":"https:\/\/ocoerente.com.br\/se\/wp-content\/uploads\/2020\/01\/ocoerente-1.png","url":"https:\/\/ocoerente.com.br\/se\/wp-content\/uploads\/2020\/01\/ocoerente-1.png","contentUrl":"https:\/\/ocoerente.com.br\/se\/wp-content\/uploads\/2020\/01\/ocoerente-1.png","width":50,"height":50,"caption":"Reda\u00e7\u00e3o"},"logo":{"@id":"https:\/\/ocoerente.com.br\/se\/wp-content\/uploads\/2020\/01\/ocoerente-1.png"},"url":"https:\/\/ocoerente.com.br\/se\/author\/vasticlsales\/"}]}},"_links":{"self":[{"href":"https:\/\/ocoerente.com.br\/se\/wp-json\/wp\/v2\/posts\/819","targetHints":{"allow":["GET"]}}],"collection":[{"href":"https:\/\/ocoerente.com.br\/se\/wp-json\/wp\/v2\/posts"}],"about":[{"href":"https:\/\/ocoerente.com.br\/se\/wp-json\/wp\/v2\/types\/post"}],"author":[{"embeddable":true,"href":"https:\/\/ocoerente.com.br\/se\/wp-json\/wp\/v2\/users\/1"}],"replies":[{"embeddable":true,"href":"https:\/\/ocoerente.com.br\/se\/wp-json\/wp\/v2\/comments?post=819"}],"version-history":[{"count":1,"href":"https:\/\/ocoerente.com.br\/se\/wp-json\/wp\/v2\/posts\/819\/revisions"}],"predecessor-version":[{"id":821,"href":"https:\/\/ocoerente.com.br\/se\/wp-json\/wp\/v2\/posts\/819\/revisions\/821"}],"wp:featuredmedia":[{"embeddable":true,"href":"https:\/\/ocoerente.com.br\/se\/wp-json\/wp\/v2\/media\/820"}],"wp:attachment":[{"href":"https:\/\/ocoerente.com.br\/se\/wp-json\/wp\/v2\/media?parent=819"}],"wp:term":[{"taxonomy":"category","embeddable":true,"href":"https:\/\/ocoerente.com.br\/se\/wp-json\/wp\/v2\/categories?post=819"},{"taxonomy":"post_tag","embeddable":true,"href":"https:\/\/ocoerente.com.br\/se\/wp-json\/wp\/v2\/tags?post=819"}],"curies":[{"name":"wp","href":"https:\/\/api.w.org\/{rel}","templated":true}]}}